{"id":22385,"date":"2022-07-12T14:24:05","date_gmt":"2022-07-12T17:24:05","guid":{"rendered":"https:\/\/www.mundoagropecuario.cl\/new\/?p=22385"},"modified":"2022-07-20T11:53:18","modified_gmt":"2022-07-20T14:53:18","slug":"lanzan-reporte-agroclimatico-rac-el-nuevo-instrumento-que-apoyara-al-sector-silvoagropecuario-del-pais","status":"publish","type":"post","link":"https:\/\/www.mundoagropecuario.cl\/new\/lanzan-reporte-agroclimatico-rac-el-nuevo-instrumento-que-apoyara-al-sector-silvoagropecuario-del-pais\/","title":{"rendered":"Lanzan Reporte Agroclim\u00e1tico \u2018RAC\u2019, el nuevo instrumento que apoyar\u00e1 al sector silvoagropecuario del pa\u00eds"},"content":{"rendered":"<blockquote>\n<h2><span style=\"color: #003300;\">El informe es parte del programa \u201cSiembra por Chile\u201d y ser\u00e1 entregado, de manera quincenal, en la p\u00e1gina Web del Ministerio de Agricultura.<\/span><\/h2>\n<\/blockquote>\n<p>Esta ma\u00f1ana el subsecretario de Agricultura, Jos\u00e9 Guajardo Reyes, lanz\u00f3 el Reporte Agroclim\u00e1tico (RAC), indicador que forma parte del programa \u201cSiembra por Chile\u201d, del Ministerio de Agricultura, y que entregar\u00e1 cada 15 d\u00edas, el escenario agroclim\u00e1tico del pa\u00eds para apoyar la toma de decisiones del sector silvoagropecuario.<\/p>\n<p>El instrumento elaborado por la Secci\u00f3n Emergencias y Gesti\u00f3n de riesgos Agr\u00edcolas (SEGRA) del Departamento de Gesti\u00f3n Institucional del MINAGRI, dar\u00e1 a conocer datos meteorol\u00f3gicos, la afectaci\u00f3n por regiones, la situaci\u00f3n de los embalses, medidas y recomendaciones.<\/p>\n<p><a href=\"https:\/\/www.mundoagropecuario.cl\/new\/wp-content\/uploads\/2022\/07\/Minagri_3-scaled.jpg\"><img loading=\"lazy\" decoding=\"async\" class=\" wp-image-22387 alignright\" src=\"https:\/\/www.mundoagropecuario.cl\/new\/wp-content\/uploads\/2022\/07\/Minagri_3-586x391.jpg\" alt=\"\" width=\"534\" height=\"373\" \/><\/a>En la instancia, la autoridad valor\u00f3 las precipitaciones registradas durante el presente a\u00f1o, enfatizando que superan con creces los registros de agua ca\u00edda en 2021. \u201cEsta situaci\u00f3n es un alivio temporal para la situaci\u00f3n cr\u00edtica que vivimos en nuestro pa\u00eds, en cuanto a la mega sequ\u00eda que afecta a las regiones de Coquimbo, Valpara\u00edso, Metropolitana, O\u2019Higgins, El Maule, \u00d1uble, Biob\u00edo y La Araucan\u00eda\u201d, dijo, pero advirti\u00f3 que \u201cno significa que la condici\u00f3n de mega sequ\u00eda mejorar\u00e1 en el territorio\u201d.<\/p>\n<p>Agreg\u00f3 que \u201clas regiones de \u00d1uble, Biob\u00edo, La Araucan\u00eda, Los R\u00edos y Los Lagos, en general, presentan mayoritariamente una situaci\u00f3n de super\u00e1vit, comparado con el a\u00f1o 2021, pero que se debe esperar hasta el fin de la temporada para estimar si tendremos un a\u00f1o promedio de precipitaciones\u201d.<\/p>\n<p>Respecto a precipitaciones s\u00f3lidas destac\u00f3 que la acumulaci\u00f3n de nieve ha sido favorable este a\u00f1o.\u00a0 \u201cSi se mantiene la nieve, mejorar\u00e1 la disponibilidad h\u00eddrica en los causes naturales hacia el verano, factor positivo para la agricultura. Se recargar\u00e1n los embalses, se acumular\u00e1 agua en el suelo y se generar\u00e1 un beneficio para las praderas de primavera, lo que creemos ayudar\u00e1 especialmente a los crianceros de la regi\u00f3n de Coquimbo\u201d.<\/p>\n<p><strong><span style=\"color: #003300;\">Afectaciones en regiones<\/span><\/strong><\/p>\n<p>En la regi\u00f3n de Los R\u00edos se registraron nevazones en sectores cordilleranos, con la consiguiente falta de forraje para los animales de los peque\u00f1os agricultores. Tambi\u00e9n existen afectaciones en la agricultura familiar campesina, producto de la voladura de invernaderos dedicados a la producci\u00f3n de hortalizas, por lo que equipos de la Seremi de Agricultura, se encuentran recabando informaci\u00f3n de los afectados.<\/p>\n<p>En la regi\u00f3n de la Araucan\u00eda, en tanto, se trabaja en el levantamiento de la afectaci\u00f3n de crianceros y ganaderos de la comuna de Lonquimay, por los nevazones producidas.<\/p>\n<p>Guardaparques de la Reserva Nacional Las Chinchillas, en la regi\u00f3n de Coquimbo, estuvieron aislados producto de la subida del estero Auco, situaci\u00f3n controlada r\u00e1pidamente por Vialidad.<\/p>\n<p>Las dem\u00e1s regiones, en tanto, se encuentran monitoreando activamente sus territorios para levantar informaci\u00f3n de posibles afectaciones ocurridas en el sector agr\u00edcola.<\/p>\n<p><strong><span style=\"color: #003300;\">Pron\u00f3stico para los pr\u00f3ximos d\u00edas<\/span><\/strong><\/p>\n<p>Seg\u00fan la Direcci\u00f3n Meteorol\u00f3gica de Chile, se espera para el mi\u00e9rcoles 13 de julio, precipitaciones desde la regi\u00f3n de Valpara\u00edso hacia el sur. Los montos de precipitaci\u00f3n estimados entre las regiones de Valpara\u00edso y O\u2019Higgins son entre 5-25 mm; entre las regiones del Maule y Biob\u00edo entre 5-15 mm, mientras que entre las regiones de La Araucan\u00eda y Los Lagos se esperan entre 5-25 mm con 0-10 cm de nieve en la cordillera de la costa y precordillera.<\/p>\n<p>En cuanto a las temperaturas m\u00ednimas, durante los pr\u00f3ximos d\u00edas se prev\u00e9n probables heladas meteorol\u00f3gicas locales (a 1,5 m de la superficie del suelo) en Coquimbo y La Araucan\u00eda, mientras que, en las regiones de Valpara\u00edso, Metropolitana, Los R\u00edos y Los Lagos, se estiman probables heladas locales a nivel del suelo.<\/p>\n<p><strong><span style=\"color: #003300;\">Medidas<\/span><\/strong><\/p>\n<p>\u201cEl evento meteorol\u00f3gico ha sido monitoreado durante todo el fin de semana por nuestros Seremis de Agricultura a quienes se instruy\u00f3, informar y levantar informaci\u00f3n a la brevedad de posibles afectaciones en el sector silvoagropecuario producidas por el evento meteorol\u00f3gico\u201d, se\u00f1al\u00f3 la autoridad.<\/p>\n<p>\u201cEn especial se les indic\u00f3 mantener una vigilancia activa de quebradas y cauces, con tal de vigilar la posible ocurrencia de inundaciones, remociones en masa, aluviones, da\u00f1os a infraestructura productiva como galpones, cobertizos, pesebreras y corrales. Los que com\u00fanmente se ven afectados por este tipo de eventos meteorol\u00f3gicos\u201d explic\u00f3.<\/p>\n<p>Adem\u00e1s, se les ha solicitado a las regiones, a trav\u00e9s de los Seremis de Agricultura, que activen los Comit\u00e9s Asesores Regionales de Gesti\u00f3n de Riesgos Agr\u00edcolas (CARGIR, ExCREAS), instancia que re\u00fane a los directores regionales de los Servicios del Agro regionales y actores de relevancia regional p\u00fablicos y privados.<\/p>\n<p><strong><span style=\"color: #003300;\">Recomendaciones<\/span><\/strong><\/p>\n<p>Dadas las bajas temperaturas que continuar\u00edan esta semana, se recomienda a los agricultores mantener los invernaderos y microt\u00faneles cerrados durante las noches y ma\u00f1anas para evitar p\u00e9rdidas de calor en zonas cercanas a las plantas, adem\u00e1s de ventilar y renovar el aire al interior, preferentemente en las tardes.<\/p>\n<p>Se aconseja usar cubiertas o mallas t\u00e9rmicas, especialmente en cultivos al aire libre, aunque sean especies tolerantes a bajas temperaturas. Evitar labores que muevan el suelo cerca de las plantas en desarrollo y preferir las horas de la tarde para realizar estos trabajos.<\/p>\n<p>Se recomienda resguardar a los animales de crianza y ganado en corrales o cobertizos techados, abrigados y con suficiente alimento y agua, revisar que los animales se est\u00e9n alimentando y reforzar su alimentaci\u00f3n para mantener buenas condiciones de salud, peso y condici\u00f3n corporal.<\/p>\n<p>Es necesario evitar el uso de potreros de pastoreo mientras est\u00e9n escarchados y evitar dejar animales en potreros con poca cobertura vegetal o escarchados, adem\u00e1s de monitorear las temperaturas m\u00ednimas y tomar los resguardos necesarios en los predios.<\/p>\n","protected":false},"excerpt":{"rendered":"<p>En la regi\u00f3n de la Araucan\u00eda, en tanto, se trabaja en el levantamiento de la afectaci\u00f3n de crianceros y ganaderos de la comuna de Lonquimay, por los nevazones producidas.<\/p>\n","protected":false},"author":2,"featured_media":22386,"comment_status":"closed","ping_status":"closed","sticky":false,"template":"","format":"standard","meta":{"footnotes":""},"categories":[1945],"tags":[2090,3127,2622,7186,6468,7187,1735,1151,6846],"class_list":["post-22385","post","type-post","status-publish","format-standard","has-post-thumbnail","hentry","category-agricultura","tag-agricultura","tag-agro","tag-biobio","tag-cargir","tag-direccion-meteorologica-de-chile","tag-excreas","tag-la-araucania","tag-nuble","tag-siembra-por-chile"],"yoast_head":"<!-- This site is optimized with the Yoast SEO plugin v26.6 - https:\/\/yoast.com\/wordpress\/plugins\/seo\/ -->\n<title>Lanzan Reporte Agroclim\u00e1tico \u2018RAC\u2019, el nuevo instrumento que apoyar\u00e1 al sector silvoagropecuario del pa\u00eds - Mundoagropecuario<\/title>\n<meta name=\"description\" content=\"En la regi\u00f3n de la Araucan\u00eda, en tanto, se trabaja en el levantamiento de la afectaci\u00f3n de crianceros y ganaderos de la comuna de Lonquimay.\" \/>\n<meta name=\"robots\" content=\"index, follow, max-snippet:-1, max-image-preview:large, max-video-preview:-1\" \/>\n<link rel=\"canonical\" href=\"https:\/\/www.mundoagropecuario.cl\/new\/lanzan-reporte-agroclimatico-rac-el-nuevo-instrumento-que-apoyara-al-sector-silvoagropecuario-del-pais\/\" \/>\n<meta property=\"og:locale\" content=\"es_ES\" \/>\n<meta property=\"og:type\" content=\"article\" \/>\n<meta property=\"og:title\" content=\"Lanzan Reporte Agroclim\u00e1tico \u2018RAC\u2019, el nuevo instrumento que apoyar\u00e1 al sector silvoagropecuario del pa\u00eds - Mundoagropecuario\" \/>\n<meta property=\"og:description\" content=\"En la regi\u00f3n de la Araucan\u00eda, en tanto, se trabaja en el levantamiento de la afectaci\u00f3n de crianceros y ganaderos de la comuna de Lonquimay.\" \/>\n<meta property=\"og:url\" content=\"https:\/\/www.mundoagropecuario.cl\/new\/lanzan-reporte-agroclimatico-rac-el-nuevo-instrumento-que-apoyara-al-sector-silvoagropecuario-del-pais\/\" \/>\n<meta property=\"og:site_name\" content=\"Mundoagropecuario\" \/>\n<meta property=\"article:publisher\" content=\"https:\/\/www.facebook.com\/mundo.agropecuario.3\" \/>\n<meta property=\"article:published_time\" content=\"2022-07-12T17:24:05+00:00\" \/>\n<meta property=\"article:modified_time\" content=\"2022-07-20T14:53:18+00:00\" \/>\n<meta property=\"og:image\" content=\"https:\/\/www.mundoagropecuario.cl\/new\/wp-content\/uploads\/2022\/07\/Minagri-1-1.png\" \/>\n\t<meta property=\"og:image:width\" content=\"819\" \/>\n\t<meta property=\"og:image:height\" content=\"461\" \/>\n\t<meta property=\"og:image:type\" content=\"image\/png\" \/>\n<meta name=\"author\" content=\"mundo\" \/>\n<meta name=\"twitter:card\" content=\"summary_large_image\" \/>\n<meta name=\"twitter:creator\" content=\"@MundoAgropecuar\" \/>\n<meta name=\"twitter:site\" content=\"@MundoAgropecuar\" \/>\n<meta name=\"twitter:label1\" content=\"Escrito por\" \/>\n\t<meta name=\"twitter:data1\" content=\"mundo\" \/>\n\t<meta name=\"twitter:label2\" content=\"Tiempo de lectura\" \/>\n\t<meta name=\"twitter:data2\" content=\"5 minutos\" \/>\n<script type=\"application\/ld+json\" class=\"yoast-schema-graph\">{\"@context\":\"https:\/\/schema.org\",\"@graph\":[{\"@type\":\"Article\",\"@id\":\"https:\/\/www.mundoagropecuario.cl\/new\/lanzan-reporte-agroclimatico-rac-el-nuevo-instrumento-que-apoyara-al-sector-silvoagropecuario-del-pais\/#article\",\"isPartOf\":{\"@id\":\"https:\/\/www.mundoagropecuario.cl\/new\/lanzan-reporte-agroclimatico-rac-el-nuevo-instrumento-que-apoyara-al-sector-silvoagropecuario-del-pais\/\"},\"author\":{\"name\":\"mundo\",\"@id\":\"https:\/\/www.mundoagropecuario.cl\/new\/#\/schema\/person\/4e9f74a82a7dac260eb1c44b7eebeb18\"},\"headline\":\"Lanzan Reporte Agroclim\u00e1tico \u2018RAC\u2019, el nuevo instrumento que apoyar\u00e1 al sector silvoagropecuario del pa\u00eds\",\"datePublished\":\"2022-07-12T17:24:05+00:00\",\"dateModified\":\"2022-07-20T14:53:18+00:00\",\"mainEntityOfPage\":{\"@id\":\"https:\/\/www.mundoagropecuario.cl\/new\/lanzan-reporte-agroclimatico-rac-el-nuevo-instrumento-que-apoyara-al-sector-silvoagropecuario-del-pais\/\"},\"wordCount\":1005,\"publisher\":{\"@id\":\"https:\/\/www.mundoagropecuario.cl\/new\/#organization\"},\"image\":{\"@id\":\"https:\/\/www.mundoagropecuario.cl\/new\/lanzan-reporte-agroclimatico-rac-el-nuevo-instrumento-que-apoyara-al-sector-silvoagropecuario-del-pais\/#primaryimage\"},\"thumbnailUrl\":\"https:\/\/www.mundoagropecuario.cl\/new\/wp-content\/uploads\/2022\/07\/Minagri-1-1.png\",\"keywords\":[\"Agricultura\",\"Agro\",\"Biob\u00edo\",\"CARGIR\",\"Direcci\u00f3n Meteorol\u00f3gica de Chile\",\"ExCREAS\",\"La Araucan\u00eda\",\"\u00d1uble\",\"Siembra por Chile\"],\"articleSection\":[\"Agricultura\"],\"inLanguage\":\"es\"},{\"@type\":\"WebPage\",\"@id\":\"https:\/\/www.mundoagropecuario.cl\/new\/lanzan-reporte-agroclimatico-rac-el-nuevo-instrumento-que-apoyara-al-sector-silvoagropecuario-del-pais\/\",\"url\":\"https:\/\/www.mundoagropecuario.cl\/new\/lanzan-reporte-agroclimatico-rac-el-nuevo-instrumento-que-apoyara-al-sector-silvoagropecuario-del-pais\/\",\"name\":\"Lanzan Reporte Agroclim\u00e1tico \u2018RAC\u2019, el nuevo instrumento que apoyar\u00e1 al sector silvoagropecuario del pa\u00eds - Mundoagropecuario\",\"isPartOf\":{\"@id\":\"https:\/\/www.mundoagropecuario.cl\/new\/#website\"},\"primaryImageOfPage\":{\"@id\":\"https:\/\/www.mundoagropecuario.cl\/new\/lanzan-reporte-agroclimatico-rac-el-nuevo-instrumento-que-apoyara-al-sector-silvoagropecuario-del-pais\/#primaryimage\"},\"image\":{\"@id\":\"https:\/\/www.mundoagropecuario.cl\/new\/lanzan-reporte-agroclimatico-rac-el-nuevo-instrumento-que-apoyara-al-sector-silvoagropecuario-del-pais\/#primaryimage\"},\"thumbnailUrl\":\"https:\/\/www.mundoagropecuario.cl\/new\/wp-content\/uploads\/2022\/07\/Minagri-1-1.png\",\"datePublished\":\"2022-07-12T17:24:05+00:00\",\"dateModified\":\"2022-07-20T14:53:18+00:00\",\"description\":\"En la regi\u00f3n de la Araucan\u00eda, en tanto, se trabaja en el levantamiento de la afectaci\u00f3n de crianceros y ganaderos de la comuna de Lonquimay.\",\"breadcrumb\":{\"@id\":\"https:\/\/www.mundoagropecuario.cl\/new\/lanzan-reporte-agroclimatico-rac-el-nuevo-instrumento-que-apoyara-al-sector-silvoagropecuario-del-pais\/#breadcrumb\"},\"inLanguage\":\"es\",\"potentialAction\":[{\"@type\":\"ReadAction\",\"target\":[\"https:\/\/www.mundoagropecuario.cl\/new\/lanzan-reporte-agroclimatico-rac-el-nuevo-instrumento-que-apoyara-al-sector-silvoagropecuario-del-pais\/\"]}]},{\"@type\":\"ImageObject\",\"inLanguage\":\"es\",\"@id\":\"https:\/\/www.mundoagropecuario.cl\/new\/lanzan-reporte-agroclimatico-rac-el-nuevo-instrumento-que-apoyara-al-sector-silvoagropecuario-del-pais\/#primaryimage\",\"url\":\"https:\/\/www.mundoagropecuario.cl\/new\/wp-content\/uploads\/2022\/07\/Minagri-1-1.png\",\"contentUrl\":\"https:\/\/www.mundoagropecuario.cl\/new\/wp-content\/uploads\/2022\/07\/Minagri-1-1.png\",\"width\":711,\"height\":400},{\"@type\":\"BreadcrumbList\",\"@id\":\"https:\/\/www.mundoagropecuario.cl\/new\/lanzan-reporte-agroclimatico-rac-el-nuevo-instrumento-que-apoyara-al-sector-silvoagropecuario-del-pais\/#breadcrumb\",\"itemListElement\":[{\"@type\":\"ListItem\",\"position\":1,\"name\":\"Portada\",\"item\":\"https:\/\/www.mundoagropecuario.cl\/new\/\"},{\"@type\":\"ListItem\",\"position\":2,\"name\":\"Lanzan Reporte Agroclim\u00e1tico \u2018RAC\u2019, el nuevo instrumento que apoyar\u00e1 al sector silvoagropecuario del pa\u00eds\"}]},{\"@type\":\"WebSite\",\"@id\":\"https:\/\/www.mundoagropecuario.cl\/new\/#website\",\"url\":\"https:\/\/www.mundoagropecuario.cl\/new\/\",\"name\":\"Mundoagropecuario\",\"description\":\"Mundo Agropecuario\",\"publisher\":{\"@id\":\"https:\/\/www.mundoagropecuario.cl\/new\/#organization\"},\"potentialAction\":[{\"@type\":\"SearchAction\",\"target\":{\"@type\":\"EntryPoint\",\"urlTemplate\":\"https:\/\/www.mundoagropecuario.cl\/new\/?s={search_term_string}\"},\"query-input\":{\"@type\":\"PropertyValueSpecification\",\"valueRequired\":true,\"valueName\":\"search_term_string\"}}],\"inLanguage\":\"es\"},{\"@type\":\"Organization\",\"@id\":\"https:\/\/www.mundoagropecuario.cl\/new\/#organization\",\"name\":\"Revista de Agricultura\",\"url\":\"https:\/\/www.mundoagropecuario.cl\/new\/\",\"logo\":{\"@type\":\"ImageObject\",\"inLanguage\":\"es\",\"@id\":\"https:\/\/www.mundoagropecuario.cl\/new\/#\/schema\/logo\/image\/\",\"url\":\"https:\/\/www.mundoagropecuario.cl\/new\/wp-content\/uploads\/2020\/11\/PORTAL-1-1.png\",\"contentUrl\":\"https:\/\/www.mundoagropecuario.cl\/new\/wp-content\/uploads\/2020\/11\/PORTAL-1-1.png\",\"width\":1026,\"height\":100,\"caption\":\"Revista de Agricultura\"},\"image\":{\"@id\":\"https:\/\/www.mundoagropecuario.cl\/new\/#\/schema\/logo\/image\/\"},\"sameAs\":[\"https:\/\/www.facebook.com\/mundo.agropecuario.3\",\"https:\/\/x.com\/MundoAgropecuar\",\"https:\/\/www.linkedin.com\/in\/mundo-agropecuario-934009201\/\"]},{\"@type\":\"Person\",\"@id\":\"https:\/\/www.mundoagropecuario.cl\/new\/#\/schema\/person\/4e9f74a82a7dac260eb1c44b7eebeb18\",\"name\":\"mundo\",\"url\":\"https:\/\/www.mundoagropecuario.cl\/new\/author\/mundo\/\"}]}<\/script>\n<!-- \/ Yoast SEO plugin. -->","yoast_head_json":{"title":"Lanzan Reporte Agroclim\u00e1tico \u2018RAC\u2019, el nuevo instrumento que apoyar\u00e1 al sector silvoagropecuario del pa\u00eds - Mundoagropecuario","description":"En la regi\u00f3n de la Araucan\u00eda, en tanto, se trabaja en el levantamiento de la afectaci\u00f3n de crianceros y ganaderos de la comuna de Lonquimay.","robots":{"index":"index","follow":"follow","max-snippet":"max-snippet:-1","max-image-preview":"max-image-preview:large","max-video-preview":"max-video-preview:-1"},"canonical":"https:\/\/www.mundoagropecuario.cl\/new\/lanzan-reporte-agroclimatico-rac-el-nuevo-instrumento-que-apoyara-al-sector-silvoagropecuario-del-pais\/","og_locale":"es_ES","og_type":"article","og_title":"Lanzan Reporte Agroclim\u00e1tico \u2018RAC\u2019, el nuevo instrumento que apoyar\u00e1 al sector silvoagropecuario del pa\u00eds - Mundoagropecuario","og_description":"En la regi\u00f3n de la Araucan\u00eda, en tanto, se trabaja en el levantamiento de la afectaci\u00f3n de crianceros y ganaderos de la comuna de Lonquimay.","og_url":"https:\/\/www.mundoagropecuario.cl\/new\/lanzan-reporte-agroclimatico-rac-el-nuevo-instrumento-que-apoyara-al-sector-silvoagropecuario-del-pais\/","og_site_name":"Mundoagropecuario","article_publisher":"https:\/\/www.facebook.com\/mundo.agropecuario.3","article_published_time":"2022-07-12T17:24:05+00:00","article_modified_time":"2022-07-20T14:53:18+00:00","og_image":[{"width":819,"height":461,"url":"https:\/\/www.mundoagropecuario.cl\/new\/wp-content\/uploads\/2022\/07\/Minagri-1-1.png","type":"image\/png"}],"author":"mundo","twitter_card":"summary_large_image","twitter_creator":"@MundoAgropecuar","twitter_site":"@MundoAgropecuar","twitter_misc":{"Escrito por":"mundo","Tiempo de lectura":"5 minutos"},"schema":{"@context":"https:\/\/schema.org","@graph":[{"@type":"Article","@id":"https:\/\/www.mundoagropecuario.cl\/new\/lanzan-reporte-agroclimatico-rac-el-nuevo-instrumento-que-apoyara-al-sector-silvoagropecuario-del-pais\/#article","isPartOf":{"@id":"https:\/\/www.mundoagropecuario.cl\/new\/lanzan-reporte-agroclimatico-rac-el-nuevo-instrumento-que-apoyara-al-sector-silvoagropecuario-del-pais\/"},"author":{"name":"mundo","@id":"https:\/\/www.mundoagropecuario.cl\/new\/#\/schema\/person\/4e9f74a82a7dac260eb1c44b7eebeb18"},"headline":"Lanzan Reporte Agroclim\u00e1tico \u2018RAC\u2019, el nuevo instrumento que apoyar\u00e1 al sector silvoagropecuario del pa\u00eds","datePublished":"2022-07-12T17:24:05+00:00","dateModified":"2022-07-20T14:53:18+00:00","mainEntityOfPage":{"@id":"https:\/\/www.mundoagropecuario.cl\/new\/lanzan-reporte-agroclimatico-rac-el-nuevo-instrumento-que-apoyara-al-sector-silvoagropecuario-del-pais\/"},"wordCount":1005,"publisher":{"@id":"https:\/\/www.mundoagropecuario.cl\/new\/#organization"},"image":{"@id":"https:\/\/www.mundoagropecuario.cl\/new\/lanzan-reporte-agroclimatico-rac-el-nuevo-instrumento-que-apoyara-al-sector-silvoagropecuario-del-pais\/#primaryimage"},"thumbnailUrl":"https:\/\/www.mundoagropecuario.cl\/new\/wp-content\/uploads\/2022\/07\/Minagri-1-1.png","keywords":["Agricultura","Agro","Biob\u00edo","CARGIR","Direcci\u00f3n Meteorol\u00f3gica de Chile","ExCREAS","La Araucan\u00eda","\u00d1uble","Siembra por Chile"],"articleSection":["Agricultura"],"inLanguage":"es"},{"@type":"WebPage","@id":"https:\/\/www.mundoagropecuario.cl\/new\/lanzan-reporte-agroclimatico-rac-el-nuevo-instrumento-que-apoyara-al-sector-silvoagropecuario-del-pais\/","url":"https:\/\/www.mundoagropecuario.cl\/new\/lanzan-reporte-agroclimatico-rac-el-nuevo-instrumento-que-apoyara-al-sector-silvoagropecuario-del-pais\/","name":"Lanzan Reporte Agroclim\u00e1tico \u2018RAC\u2019, el nuevo instrumento que apoyar\u00e1 al sector silvoagropecuario del pa\u00eds - Mundoagropecuario","isPartOf":{"@id":"https:\/\/www.mundoagropecuario.cl\/new\/#website"},"primaryImageOfPage":{"@id":"https:\/\/www.mundoagropecuario.cl\/new\/lanzan-reporte-agroclimatico-rac-el-nuevo-instrumento-que-apoyara-al-sector-silvoagropecuario-del-pais\/#primaryimage"},"image":{"@id":"https:\/\/www.mundoagropecuario.cl\/new\/lanzan-reporte-agroclimatico-rac-el-nuevo-instrumento-que-apoyara-al-sector-silvoagropecuario-del-pais\/#primaryimage"},"thumbnailUrl":"https:\/\/www.mundoagropecuario.cl\/new\/wp-content\/uploads\/2022\/07\/Minagri-1-1.png","datePublished":"2022-07-12T17:24:05+00:00","dateModified":"2022-07-20T14:53:18+00:00","description":"En la regi\u00f3n de la Araucan\u00eda, en tanto, se trabaja en el levantamiento de la afectaci\u00f3n de crianceros y ganaderos de la comuna de Lonquimay.","breadcrumb":{"@id":"https:\/\/www.mundoagropecuario.cl\/new\/lanzan-reporte-agroclimatico-rac-el-nuevo-instrumento-que-apoyara-al-sector-silvoagropecuario-del-pais\/#breadcrumb"},"inLanguage":"es","potentialAction":[{"@type":"ReadAction","target":["https:\/\/www.mundoagropecuario.cl\/new\/lanzan-reporte-agroclimatico-rac-el-nuevo-instrumento-que-apoyara-al-sector-silvoagropecuario-del-pais\/"]}]},{"@type":"ImageObject","inLanguage":"es","@id":"https:\/\/www.mundoagropecuario.cl\/new\/lanzan-reporte-agroclimatico-rac-el-nuevo-instrumento-que-apoyara-al-sector-silvoagropecuario-del-pais\/#primaryimage","url":"https:\/\/www.mundoagropecuario.cl\/new\/wp-content\/uploads\/2022\/07\/Minagri-1-1.png","contentUrl":"https:\/\/www.mundoagropecuario.cl\/new\/wp-content\/uploads\/2022\/07\/Minagri-1-1.png","width":711,"height":400},{"@type":"BreadcrumbList","@id":"https:\/\/www.mundoagropecuario.cl\/new\/lanzan-reporte-agroclimatico-rac-el-nuevo-instrumento-que-apoyara-al-sector-silvoagropecuario-del-pais\/#breadcrumb","itemListElement":[{"@type":"ListItem","position":1,"name":"Portada","item":"https:\/\/www.mundoagropecuario.cl\/new\/"},{"@type":"ListItem","position":2,"name":"Lanzan Reporte Agroclim\u00e1tico \u2018RAC\u2019, el nuevo instrumento que apoyar\u00e1 al sector silvoagropecuario del pa\u00eds"}]},{"@type":"WebSite","@id":"https:\/\/www.mundoagropecuario.cl\/new\/#website","url":"https:\/\/www.mundoagropecuario.cl\/new\/","name":"Mundoagropecuario","description":"Mundo Agropecuario","publisher":{"@id":"https:\/\/www.mundoagropecuario.cl\/new\/#organization"},"potentialAction":[{"@type":"SearchAction","target":{"@type":"EntryPoint","urlTemplate":"https:\/\/www.mundoagropecuario.cl\/new\/?s={search_term_string}"},"query-input":{"@type":"PropertyValueSpecification","valueRequired":true,"valueName":"search_term_string"}}],"inLanguage":"es"},{"@type":"Organization","@id":"https:\/\/www.mundoagropecuario.cl\/new\/#organization","name":"Revista de Agricultura","url":"https:\/\/www.mundoagropecuario.cl\/new\/","logo":{"@type":"ImageObject","inLanguage":"es","@id":"https:\/\/www.mundoagropecuario.cl\/new\/#\/schema\/logo\/image\/","url":"https:\/\/www.mundoagropecuario.cl\/new\/wp-content\/uploads\/2020\/11\/PORTAL-1-1.png","contentUrl":"https:\/\/www.mundoagropecuario.cl\/new\/wp-content\/uploads\/2020\/11\/PORTAL-1-1.png","width":1026,"height":100,"caption":"Revista de Agricultura"},"image":{"@id":"https:\/\/www.mundoagropecuario.cl\/new\/#\/schema\/logo\/image\/"},"sameAs":["https:\/\/www.facebook.com\/mundo.agropecuario.3","https:\/\/x.com\/MundoAgropecuar","https:\/\/www.linkedin.com\/in\/mundo-agropecuario-934009201\/"]},{"@type":"Person","@id":"https:\/\/www.mundoagropecuario.cl\/new\/#\/schema\/person\/4e9f74a82a7dac260eb1c44b7eebeb18","name":"mundo","url":"https:\/\/www.mundoagropecuario.cl\/new\/author\/mundo\/"}]}},"_links":{"self":[{"href":"https:\/\/www.mundoagropecuario.cl\/new\/wp-json\/wp\/v2\/posts\/22385","targetHints":{"allow":["GET"]}}],"collection":[{"href":"https:\/\/www.mundoagropecuario.cl\/new\/wp-json\/wp\/v2\/posts"}],"about":[{"href":"https:\/\/www.mundoagropecuario.cl\/new\/wp-json\/wp\/v2\/types\/post"}],"author":[{"embeddable":true,"href":"https:\/\/www.mundoagropecuario.cl\/new\/wp-json\/wp\/v2\/users\/2"}],"replies":[{"embeddable":true,"href":"https:\/\/www.mundoagropecuario.cl\/new\/wp-json\/wp\/v2\/comments?post=22385"}],"version-history":[{"count":1,"href":"https:\/\/www.mundoagropecuario.cl\/new\/wp-json\/wp\/v2\/posts\/22385\/revisions"}],"predecessor-version":[{"id":22388,"href":"https:\/\/www.mundoagropecuario.cl\/new\/wp-json\/wp\/v2\/posts\/22385\/revisions\/22388"}],"wp:featuredmedia":[{"embeddable":true,"href":"https:\/\/www.mundoagropecuario.cl\/new\/wp-json\/wp\/v2\/media\/22386"}],"wp:attachment":[{"href":"https:\/\/www.mundoagropecuario.cl\/new\/wp-json\/wp\/v2\/media?parent=22385"}],"wp:term":[{"taxonomy":"category","embeddable":true,"href":"https:\/\/www.mundoagropecuario.cl\/new\/wp-json\/wp\/v2\/categories?post=22385"},{"taxonomy":"post_tag","embeddable":true,"href":"https:\/\/www.mundoagropecuario.cl\/new\/wp-json\/wp\/v2\/tags?post=22385"}],"curies":[{"name":"wp","href":"https:\/\/api.w.org\/{rel}","templated":true}]}}