{"id":22379,"date":"2022-07-12T13:09:24","date_gmt":"2022-07-12T16:09:24","guid":{"rendered":"https:\/\/www.mundoagropecuario.cl\/new\/?p=22379"},"modified":"2022-07-19T13:03:58","modified_gmt":"2022-07-19T16:03:58","slug":"el-ipc-de-los-productos-lacteos-registra-un-comportamiento-mixto-en-junio","status":"publish","type":"post","link":"https:\/\/www.mundoagropecuario.cl\/new\/el-ipc-de-los-productos-lacteos-registra-un-comportamiento-mixto-en-junio\/","title":{"rendered":"El IPC de los productos l\u00e1cteos registra un comportamiento mixto en junio"},"content":{"rendered":"<blockquote>\n<h2><span style=\"color: #003300;\">El \u00faltimo informe del IPC de los Productos L\u00e1cteos elaborado por Fedeleche con antecedentes del <\/span><span style=\"color: #003300;\">INE, registr\u00f3 en el mes de junio un comportamiento mixto en cuanto a su variaci\u00f3n mensual.<\/span><\/h2>\n<\/blockquote>\n<p>En el sexto mes del a\u00f1o, la leche en polvo encabez\u00f3 la variaci\u00f3n mensual con un alza de un 6,3 por ciento, seguido por el queso con un 2,9%. Una diferencia m\u00e1s atenuada se observ\u00f3 en el caso de la mantequilla y la leche l\u00edquida, con aumentos de un 0,3% y 0,2%, respectivamente.<\/p>\n<p>En contraposici\u00f3n, la variaci\u00f3n del yogurt y los postres l\u00e1cteos anotaron una ca\u00edda de un 0,7 por ciento y en un 2,6%.<\/p>\n<p>Asimismo, la categor\u00eda que re\u00fane L\u00e1cteos, Quesos y Huevos se elev\u00f3 en un 2,1%, mientras la divisi\u00f3n Alimentos hizo lo propio en un 1,2%.<\/p>\n<p>Por \u00faltimo, la variaci\u00f3n mensual del IPC de junio registr\u00f3 un alza de 0,9%, destacando las alzas de transporte y de alimentos y bebidas no alcoh\u00f3licas, y la disminuci\u00f3n de vestuario y calzado.<\/p>\n<p><a href=\"https:\/\/www.mundoagropecuario.cl\/new\/wp-content\/uploads\/2022\/07\/Cuadro-fedeleche-11.57.07.png\"><img loading=\"lazy\" decoding=\"async\" class=\"size-medium wp-image-22380 aligncenter\" src=\"https:\/\/www.mundoagropecuario.cl\/new\/wp-content\/uploads\/2022\/07\/Cuadro-fedeleche-11.57.07-586x364.png\" alt=\"\" width=\"586\" height=\"364\" srcset=\"https:\/\/www.mundoagropecuario.cl\/new\/wp-content\/uploads\/2022\/07\/Cuadro-fedeleche-11.57.07-586x364.png 586w, https:\/\/www.mundoagropecuario.cl\/new\/wp-content\/uploads\/2022\/07\/Cuadro-fedeleche-11.57.07-768x477.png 768w, https:\/\/www.mundoagropecuario.cl\/new\/wp-content\/uploads\/2022\/07\/Cuadro-fedeleche-11.57.07.png 644w\" sizes=\"auto, (max-width: 586px) 100vw, 586px\" \/><\/a><\/p>\n<p><strong><span style=\"color: #003300;\">Variaci\u00f3n anual<\/span><\/strong><\/p>\n<p>En cuanto a la variaci\u00f3n anual de los l\u00e1cteos se observa un alza en general de los productos, liderado por la leche en polvo con una variaci\u00f3n de un 16,8 por ciento y el queso en un 16,1%.<\/p>\n<p>De igual forma, experimentaron ascensos la mantequilla con un alza de 10,6 por ciento, y la leche l\u00edquida en un 9,6 por ciento. En este periodo, la mantequilla present\u00f3 un avance de un 7,6%.<\/p>\n<p>El yogurt presenta un incremento de un 7,6 por ciento, y cierran los postres l\u00e1cteos con un alza de un 3,7%.<\/p>\n<p>Al sexto mes del a\u00f1o, la variaci\u00f3n anual que re\u00fane L\u00e1cteos, Quesos y Huevos registr\u00f3 un alza de un 14,4 por ciento, mientras la categor\u00eda de los Alimentos experiment\u00f3 un avance en un 13,5%.<\/p>\n<p>La inflaci\u00f3n acumulada en lo que va del a\u00f1o llega a 7,1%, inform\u00f3 el INE.<\/p>\n<p><strong><span style=\"color: #003300;\">Variaci\u00f3n a 12 meses<\/span><\/strong><\/p>\n<p>Un comportamiento al alza tambi\u00e9n se aprecia en la variaci\u00f3n a doce meses.<\/p>\n<p>El avance principal est\u00e1 dado por el queso, cuya variaci\u00f3n es un 22,1%, la m\u00e1s alta del periodo. Le sigue la leche en polvo, con un ascenso de un 16,9 por ciento, el yogurt y la leche l\u00edquida con avances del 13,3%, respectivamente.<\/p>\n<p>La mantequilla present\u00f3 un aumento de un 10,4 por ciento, mientras los postres l\u00e1cteos anotaron una variaci\u00f3n de un 9,5% en el comparativo en 12 meses.<\/p>\n<p>Cabe apuntar que en 12 meses la categor\u00eda que re\u00fane L\u00e1cteos, Quesos y Huevos registr\u00f3 una variaci\u00f3n de un 17,0%, mientras la divisi\u00f3n Alimentos muestra un avance de un 19,2%.<\/p>\n<p>Con todo, la variaci\u00f3n del IPC general en 12 meses es de un 12,5%.<\/p>\n","protected":false},"excerpt":{"rendered":"<p>El avance principal est\u00e1 dado por el queso, cuya variaci\u00f3n es un 22,1%, la m\u00e1s alta del periodo. Le sigue la leche en polvo, con un ascenso de un 16,9 por ciento, el yogurt y la leche l\u00edquida con avances del 13,3%, respectivamente.<\/p>\n","protected":false},"author":2,"featured_media":21243,"comment_status":"closed","ping_status":"closed","sticky":false,"template":"","format":"standard","meta":{"footnotes":""},"categories":[1946],"tags":[3127,2057,2058,1193,2141,2051,7114],"class_list":["post-22379","post","type-post","status-publish","format-standard","has-post-thumbnail","hentry","category-lacteos","tag-agro","tag-aproleche","tag-fedeleche","tag-ine","tag-lacteos","tag-leche","tag-quesos-y-huevos"],"yoast_head":"<!-- This site is optimized with the Yoast SEO plugin v26.6 - https:\/\/yoast.com\/wordpress\/plugins\/seo\/ -->\n<title>El IPC de los productos l\u00e1cteos registra un comportamiento mixto en junio - Mundoagropecuario<\/title>\n<meta name=\"description\" content=\"El avance principal est\u00e1 dado por el queso, cuya variaci\u00f3n es un 22,1%, la m\u00e1s alta del periodo. Le sigue la leche en polvo.\" \/>\n<meta name=\"robots\" content=\"index, follow, max-snippet:-1, max-image-preview:large, max-video-preview:-1\" \/>\n<link rel=\"canonical\" href=\"https:\/\/www.mundoagropecuario.cl\/new\/el-ipc-de-los-productos-lacteos-registra-un-comportamiento-mixto-en-junio\/\" \/>\n<meta property=\"og:locale\" content=\"es_ES\" \/>\n<meta property=\"og:type\" content=\"article\" \/>\n<meta property=\"og:title\" content=\"El IPC de los productos l\u00e1cteos registra un comportamiento mixto en junio - Mundoagropecuario\" \/>\n<meta property=\"og:description\" content=\"El avance principal est\u00e1 dado por el queso, cuya variaci\u00f3n es un 22,1%, la m\u00e1s alta del periodo. Le sigue la leche en polvo.\" \/>\n<meta property=\"og:url\" content=\"https:\/\/www.mundoagropecuario.cl\/new\/el-ipc-de-los-productos-lacteos-registra-un-comportamiento-mixto-en-junio\/\" \/>\n<meta property=\"og:site_name\" content=\"Mundoagropecuario\" \/>\n<meta property=\"article:publisher\" content=\"https:\/\/www.facebook.com\/mundo.agropecuario.3\" \/>\n<meta property=\"article:published_time\" content=\"2022-07-12T16:09:24+00:00\" \/>\n<meta property=\"article:modified_time\" content=\"2022-07-19T16:03:58+00:00\" \/>\n<meta property=\"og:image\" content=\"https:\/\/www.mundoagropecuario.cl\/new\/wp-content\/uploads\/2021\/12\/leche4.jpeg\" \/>\n\t<meta property=\"og:image:width\" content=\"687\" \/>\n\t<meta property=\"og:image:height\" content=\"456\" \/>\n\t<meta property=\"og:image:type\" content=\"image\/jpeg\" \/>\n<meta name=\"author\" content=\"mundo\" \/>\n<meta name=\"twitter:card\" content=\"summary_large_image\" \/>\n<meta name=\"twitter:creator\" content=\"@MundoAgropecuar\" \/>\n<meta name=\"twitter:site\" content=\"@MundoAgropecuar\" \/>\n<meta name=\"twitter:label1\" content=\"Escrito por\" \/>\n\t<meta name=\"twitter:data1\" content=\"mundo\" \/>\n\t<meta name=\"twitter:label2\" content=\"Tiempo de lectura\" \/>\n\t<meta name=\"twitter:data2\" content=\"3 minutos\" \/>\n<script type=\"application\/ld+json\" class=\"yoast-schema-graph\">{\"@context\":\"https:\/\/schema.org\",\"@graph\":[{\"@type\":\"Article\",\"@id\":\"https:\/\/www.mundoagropecuario.cl\/new\/el-ipc-de-los-productos-lacteos-registra-un-comportamiento-mixto-en-junio\/#article\",\"isPartOf\":{\"@id\":\"https:\/\/www.mundoagropecuario.cl\/new\/el-ipc-de-los-productos-lacteos-registra-un-comportamiento-mixto-en-junio\/\"},\"author\":{\"name\":\"mundo\",\"@id\":\"https:\/\/www.mundoagropecuario.cl\/new\/#\/schema\/person\/4e9f74a82a7dac260eb1c44b7eebeb18\"},\"headline\":\"El IPC de los productos l\u00e1cteos registra un comportamiento mixto en junio\",\"datePublished\":\"2022-07-12T16:09:24+00:00\",\"dateModified\":\"2022-07-19T16:03:58+00:00\",\"mainEntityOfPage\":{\"@id\":\"https:\/\/www.mundoagropecuario.cl\/new\/el-ipc-de-los-productos-lacteos-registra-un-comportamiento-mixto-en-junio\/\"},\"wordCount\":463,\"publisher\":{\"@id\":\"https:\/\/www.mundoagropecuario.cl\/new\/#organization\"},\"image\":{\"@id\":\"https:\/\/www.mundoagropecuario.cl\/new\/el-ipc-de-los-productos-lacteos-registra-un-comportamiento-mixto-en-junio\/#primaryimage\"},\"thumbnailUrl\":\"https:\/\/www.mundoagropecuario.cl\/new\/wp-content\/uploads\/2021\/12\/leche4.jpeg\",\"keywords\":[\"Agro\",\"Aproleche\",\"Fedeleche\",\"INE\",\"L\u00e1cteos\",\"Leche\",\"Quesos y Huevos\"],\"articleSection\":[\"L\u00e1cteos\"],\"inLanguage\":\"es\"},{\"@type\":\"WebPage\",\"@id\":\"https:\/\/www.mundoagropecuario.cl\/new\/el-ipc-de-los-productos-lacteos-registra-un-comportamiento-mixto-en-junio\/\",\"url\":\"https:\/\/www.mundoagropecuario.cl\/new\/el-ipc-de-los-productos-lacteos-registra-un-comportamiento-mixto-en-junio\/\",\"name\":\"El IPC de los productos l\u00e1cteos registra un comportamiento mixto en junio - Mundoagropecuario\",\"isPartOf\":{\"@id\":\"https:\/\/www.mundoagropecuario.cl\/new\/#website\"},\"primaryImageOfPage\":{\"@id\":\"https:\/\/www.mundoagropecuario.cl\/new\/el-ipc-de-los-productos-lacteos-registra-un-comportamiento-mixto-en-junio\/#primaryimage\"},\"image\":{\"@id\":\"https:\/\/www.mundoagropecuario.cl\/new\/el-ipc-de-los-productos-lacteos-registra-un-comportamiento-mixto-en-junio\/#primaryimage\"},\"thumbnailUrl\":\"https:\/\/www.mundoagropecuario.cl\/new\/wp-content\/uploads\/2021\/12\/leche4.jpeg\",\"datePublished\":\"2022-07-12T16:09:24+00:00\",\"dateModified\":\"2022-07-19T16:03:58+00:00\",\"description\":\"El avance principal est\u00e1 dado por el queso, cuya variaci\u00f3n es un 22,1%, la m\u00e1s alta del periodo. Le sigue la leche en polvo.\",\"breadcrumb\":{\"@id\":\"https:\/\/www.mundoagropecuario.cl\/new\/el-ipc-de-los-productos-lacteos-registra-un-comportamiento-mixto-en-junio\/#breadcrumb\"},\"inLanguage\":\"es\",\"potentialAction\":[{\"@type\":\"ReadAction\",\"target\":[\"https:\/\/www.mundoagropecuario.cl\/new\/el-ipc-de-los-productos-lacteos-registra-un-comportamiento-mixto-en-junio\/\"]}]},{\"@type\":\"ImageObject\",\"inLanguage\":\"es\",\"@id\":\"https:\/\/www.mundoagropecuario.cl\/new\/el-ipc-de-los-productos-lacteos-registra-un-comportamiento-mixto-en-junio\/#primaryimage\",\"url\":\"https:\/\/www.mundoagropecuario.cl\/new\/wp-content\/uploads\/2021\/12\/leche4.jpeg\",\"contentUrl\":\"https:\/\/www.mundoagropecuario.cl\/new\/wp-content\/uploads\/2021\/12\/leche4.jpeg\",\"width\":603,\"height\":400},{\"@type\":\"BreadcrumbList\",\"@id\":\"https:\/\/www.mundoagropecuario.cl\/new\/el-ipc-de-los-productos-lacteos-registra-un-comportamiento-mixto-en-junio\/#breadcrumb\",\"itemListElement\":[{\"@type\":\"ListItem\",\"position\":1,\"name\":\"Portada\",\"item\":\"https:\/\/www.mundoagropecuario.cl\/new\/\"},{\"@type\":\"ListItem\",\"position\":2,\"name\":\"El IPC de los productos l\u00e1cteos registra un comportamiento mixto en junio\"}]},{\"@type\":\"WebSite\",\"@id\":\"https:\/\/www.mundoagropecuario.cl\/new\/#website\",\"url\":\"https:\/\/www.mundoagropecuario.cl\/new\/\",\"name\":\"Mundoagropecuario\",\"description\":\"Mundo Agropecuario\",\"publisher\":{\"@id\":\"https:\/\/www.mundoagropecuario.cl\/new\/#organization\"},\"potentialAction\":[{\"@type\":\"SearchAction\",\"target\":{\"@type\":\"EntryPoint\",\"urlTemplate\":\"https:\/\/www.mundoagropecuario.cl\/new\/?s={search_term_string}\"},\"query-input\":{\"@type\":\"PropertyValueSpecification\",\"valueRequired\":true,\"valueName\":\"search_term_string\"}}],\"inLanguage\":\"es\"},{\"@type\":\"Organization\",\"@id\":\"https:\/\/www.mundoagropecuario.cl\/new\/#organization\",\"name\":\"Revista de Agricultura\",\"url\":\"https:\/\/www.mundoagropecuario.cl\/new\/\",\"logo\":{\"@type\":\"ImageObject\",\"inLanguage\":\"es\",\"@id\":\"https:\/\/www.mundoagropecuario.cl\/new\/#\/schema\/logo\/image\/\",\"url\":\"https:\/\/www.mundoagropecuario.cl\/new\/wp-content\/uploads\/2020\/11\/PORTAL-1-1.png\",\"contentUrl\":\"https:\/\/www.mundoagropecuario.cl\/new\/wp-content\/uploads\/2020\/11\/PORTAL-1-1.png\",\"width\":1026,\"height\":100,\"caption\":\"Revista de Agricultura\"},\"image\":{\"@id\":\"https:\/\/www.mundoagropecuario.cl\/new\/#\/schema\/logo\/image\/\"},\"sameAs\":[\"https:\/\/www.facebook.com\/mundo.agropecuario.3\",\"https:\/\/x.com\/MundoAgropecuar\",\"https:\/\/www.linkedin.com\/in\/mundo-agropecuario-934009201\/\"]},{\"@type\":\"Person\",\"@id\":\"https:\/\/www.mundoagropecuario.cl\/new\/#\/schema\/person\/4e9f74a82a7dac260eb1c44b7eebeb18\",\"name\":\"mundo\",\"url\":\"https:\/\/www.mundoagropecuario.cl\/new\/author\/mundo\/\"}]}<\/script>\n<!-- \/ Yoast SEO plugin. -->","yoast_head_json":{"title":"El IPC de los productos l\u00e1cteos registra un comportamiento mixto en junio - Mundoagropecuario","description":"El avance principal est\u00e1 dado por el queso, cuya variaci\u00f3n es un 22,1%, la m\u00e1s alta del periodo. Le sigue la leche en polvo.","robots":{"index":"index","follow":"follow","max-snippet":"max-snippet:-1","max-image-preview":"max-image-preview:large","max-video-preview":"max-video-preview:-1"},"canonical":"https:\/\/www.mundoagropecuario.cl\/new\/el-ipc-de-los-productos-lacteos-registra-un-comportamiento-mixto-en-junio\/","og_locale":"es_ES","og_type":"article","og_title":"El IPC de los productos l\u00e1cteos registra un comportamiento mixto en junio - Mundoagropecuario","og_description":"El avance principal est\u00e1 dado por el queso, cuya variaci\u00f3n es un 22,1%, la m\u00e1s alta del periodo. Le sigue la leche en polvo.","og_url":"https:\/\/www.mundoagropecuario.cl\/new\/el-ipc-de-los-productos-lacteos-registra-un-comportamiento-mixto-en-junio\/","og_site_name":"Mundoagropecuario","article_publisher":"https:\/\/www.facebook.com\/mundo.agropecuario.3","article_published_time":"2022-07-12T16:09:24+00:00","article_modified_time":"2022-07-19T16:03:58+00:00","og_image":[{"width":687,"height":456,"url":"https:\/\/www.mundoagropecuario.cl\/new\/wp-content\/uploads\/2021\/12\/leche4.jpeg","type":"image\/jpeg"}],"author":"mundo","twitter_card":"summary_large_image","twitter_creator":"@MundoAgropecuar","twitter_site":"@MundoAgropecuar","twitter_misc":{"Escrito por":"mundo","Tiempo de lectura":"3 minutos"},"schema":{"@context":"https:\/\/schema.org","@graph":[{"@type":"Article","@id":"https:\/\/www.mundoagropecuario.cl\/new\/el-ipc-de-los-productos-lacteos-registra-un-comportamiento-mixto-en-junio\/#article","isPartOf":{"@id":"https:\/\/www.mundoagropecuario.cl\/new\/el-ipc-de-los-productos-lacteos-registra-un-comportamiento-mixto-en-junio\/"},"author":{"name":"mundo","@id":"https:\/\/www.mundoagropecuario.cl\/new\/#\/schema\/person\/4e9f74a82a7dac260eb1c44b7eebeb18"},"headline":"El IPC de los productos l\u00e1cteos registra un comportamiento mixto en junio","datePublished":"2022-07-12T16:09:24+00:00","dateModified":"2022-07-19T16:03:58+00:00","mainEntityOfPage":{"@id":"https:\/\/www.mundoagropecuario.cl\/new\/el-ipc-de-los-productos-lacteos-registra-un-comportamiento-mixto-en-junio\/"},"wordCount":463,"publisher":{"@id":"https:\/\/www.mundoagropecuario.cl\/new\/#organization"},"image":{"@id":"https:\/\/www.mundoagropecuario.cl\/new\/el-ipc-de-los-productos-lacteos-registra-un-comportamiento-mixto-en-junio\/#primaryimage"},"thumbnailUrl":"https:\/\/www.mundoagropecuario.cl\/new\/wp-content\/uploads\/2021\/12\/leche4.jpeg","keywords":["Agro","Aproleche","Fedeleche","INE","L\u00e1cteos","Leche","Quesos y Huevos"],"articleSection":["L\u00e1cteos"],"inLanguage":"es"},{"@type":"WebPage","@id":"https:\/\/www.mundoagropecuario.cl\/new\/el-ipc-de-los-productos-lacteos-registra-un-comportamiento-mixto-en-junio\/","url":"https:\/\/www.mundoagropecuario.cl\/new\/el-ipc-de-los-productos-lacteos-registra-un-comportamiento-mixto-en-junio\/","name":"El IPC de los productos l\u00e1cteos registra un comportamiento mixto en junio - Mundoagropecuario","isPartOf":{"@id":"https:\/\/www.mundoagropecuario.cl\/new\/#website"},"primaryImageOfPage":{"@id":"https:\/\/www.mundoagropecuario.cl\/new\/el-ipc-de-los-productos-lacteos-registra-un-comportamiento-mixto-en-junio\/#primaryimage"},"image":{"@id":"https:\/\/www.mundoagropecuario.cl\/new\/el-ipc-de-los-productos-lacteos-registra-un-comportamiento-mixto-en-junio\/#primaryimage"},"thumbnailUrl":"https:\/\/www.mundoagropecuario.cl\/new\/wp-content\/uploads\/2021\/12\/leche4.jpeg","datePublished":"2022-07-12T16:09:24+00:00","dateModified":"2022-07-19T16:03:58+00:00","description":"El avance principal est\u00e1 dado por el queso, cuya variaci\u00f3n es un 22,1%, la m\u00e1s alta del periodo. Le sigue la leche en polvo.","breadcrumb":{"@id":"https:\/\/www.mundoagropecuario.cl\/new\/el-ipc-de-los-productos-lacteos-registra-un-comportamiento-mixto-en-junio\/#breadcrumb"},"inLanguage":"es","potentialAction":[{"@type":"ReadAction","target":["https:\/\/www.mundoagropecuario.cl\/new\/el-ipc-de-los-productos-lacteos-registra-un-comportamiento-mixto-en-junio\/"]}]},{"@type":"ImageObject","inLanguage":"es","@id":"https:\/\/www.mundoagropecuario.cl\/new\/el-ipc-de-los-productos-lacteos-registra-un-comportamiento-mixto-en-junio\/#primaryimage","url":"https:\/\/www.mundoagropecuario.cl\/new\/wp-content\/uploads\/2021\/12\/leche4.jpeg","contentUrl":"https:\/\/www.mundoagropecuario.cl\/new\/wp-content\/uploads\/2021\/12\/leche4.jpeg","width":603,"height":400},{"@type":"BreadcrumbList","@id":"https:\/\/www.mundoagropecuario.cl\/new\/el-ipc-de-los-productos-lacteos-registra-un-comportamiento-mixto-en-junio\/#breadcrumb","itemListElement":[{"@type":"ListItem","position":1,"name":"Portada","item":"https:\/\/www.mundoagropecuario.cl\/new\/"},{"@type":"ListItem","position":2,"name":"El IPC de los productos l\u00e1cteos registra un comportamiento mixto en junio"}]},{"@type":"WebSite","@id":"https:\/\/www.mundoagropecuario.cl\/new\/#website","url":"https:\/\/www.mundoagropecuario.cl\/new\/","name":"Mundoagropecuario","description":"Mundo Agropecuario","publisher":{"@id":"https:\/\/www.mundoagropecuario.cl\/new\/#organization"},"potentialAction":[{"@type":"SearchAction","target":{"@type":"EntryPoint","urlTemplate":"https:\/\/www.mundoagropecuario.cl\/new\/?s={search_term_string}"},"query-input":{"@type":"PropertyValueSpecification","valueRequired":true,"valueName":"search_term_string"}}],"inLanguage":"es"},{"@type":"Organization","@id":"https:\/\/www.mundoagropecuario.cl\/new\/#organization","name":"Revista de Agricultura","url":"https:\/\/www.mundoagropecuario.cl\/new\/","logo":{"@type":"ImageObject","inLanguage":"es","@id":"https:\/\/www.mundoagropecuario.cl\/new\/#\/schema\/logo\/image\/","url":"https:\/\/www.mundoagropecuario.cl\/new\/wp-content\/uploads\/2020\/11\/PORTAL-1-1.png","contentUrl":"https:\/\/www.mundoagropecuario.cl\/new\/wp-content\/uploads\/2020\/11\/PORTAL-1-1.png","width":1026,"height":100,"caption":"Revista de Agricultura"},"image":{"@id":"https:\/\/www.mundoagropecuario.cl\/new\/#\/schema\/logo\/image\/"},"sameAs":["https:\/\/www.facebook.com\/mundo.agropecuario.3","https:\/\/x.com\/MundoAgropecuar","https:\/\/www.linkedin.com\/in\/mundo-agropecuario-934009201\/"]},{"@type":"Person","@id":"https:\/\/www.mundoagropecuario.cl\/new\/#\/schema\/person\/4e9f74a82a7dac260eb1c44b7eebeb18","name":"mundo","url":"https:\/\/www.mundoagropecuario.cl\/new\/author\/mundo\/"}]}},"_links":{"self":[{"href":"https:\/\/www.mundoagropecuario.cl\/new\/wp-json\/wp\/v2\/posts\/22379","targetHints":{"allow":["GET"]}}],"collection":[{"href":"https:\/\/www.mundoagropecuario.cl\/new\/wp-json\/wp\/v2\/posts"}],"about":[{"href":"https:\/\/www.mundoagropecuario.cl\/new\/wp-json\/wp\/v2\/types\/post"}],"author":[{"embeddable":true,"href":"https:\/\/www.mundoagropecuario.cl\/new\/wp-json\/wp\/v2\/users\/2"}],"replies":[{"embeddable":true,"href":"https:\/\/www.mundoagropecuario.cl\/new\/wp-json\/wp\/v2\/comments?post=22379"}],"version-history":[{"count":1,"href":"https:\/\/www.mundoagropecuario.cl\/new\/wp-json\/wp\/v2\/posts\/22379\/revisions"}],"predecessor-version":[{"id":22381,"href":"https:\/\/www.mundoagropecuario.cl\/new\/wp-json\/wp\/v2\/posts\/22379\/revisions\/22381"}],"wp:featuredmedia":[{"embeddable":true,"href":"https:\/\/www.mundoagropecuario.cl\/new\/wp-json\/wp\/v2\/media\/21243"}],"wp:attachment":[{"href":"https:\/\/www.mundoagropecuario.cl\/new\/wp-json\/wp\/v2\/media?parent=22379"}],"wp:term":[{"taxonomy":"category","embeddable":true,"href":"https:\/\/www.mundoagropecuario.cl\/new\/wp-json\/wp\/v2\/categories?post=22379"},{"taxonomy":"post_tag","embeddable":true,"href":"https:\/\/www.mundoagropecuario.cl\/new\/wp-json\/wp\/v2\/tags?post=22379"}],"curies":[{"name":"wp","href":"https:\/\/api.w.org\/{rel}","templated":true}]}}