{"id":22350,"date":"2022-07-07T12:04:27","date_gmt":"2022-07-07T15:04:27","guid":{"rendered":"https:\/\/www.mundoagropecuario.cl\/new\/?p=22350"},"modified":"2022-07-12T14:30:07","modified_gmt":"2022-07-12T17:30:07","slug":"productores-de-leche-de-la-region-de-la-araucania-visitaron-inia-remehue","status":"publish","type":"post","link":"https:\/\/www.mundoagropecuario.cl\/new\/productores-de-leche-de-la-region-de-la-araucania-visitaron-inia-remehue\/","title":{"rendered":"Productores de leche de la Regi\u00f3n de La Araucan\u00eda visitaron INIA Remehue"},"content":{"rendered":"<blockquote>\n<h2><em>En la ocasi\u00f3n conocieron avances de investigaci\u00f3n en temas ligados a la producci\u00f3n de leche como variedades forrajeras adaptadas al d\u00e9ficit h\u00eddrico, utilizaci\u00f3n de purines como fertilizantes y nuevas recetas de quesos saludables.<\/em><\/h2>\n<\/blockquote>\n<p>El Grupo de Extensi\u00f3n Tecnol\u00f3gica (GET) Praderas-Leche Pitrufqu\u00e9n, coordinado por la Dra. Paulina Etcheverr\u00eda de INIA Carillanca, visit\u00f3 el Centro Regional de Investigaci\u00f3n INIA Remehue, ubicado en las cercan\u00edas de Osorno en la Regi\u00f3n de Los Lagos.<\/p>\n<p>Germ\u00e1n Holmberg, nuevo coordinador t\u00e9cnico de Extensi\u00f3n y Capacitaci\u00f3n INIA, junto con dar la bienvenida a la actividad, destacando la importancia que se le est\u00e1 dando a esta \u00e1rea en la actual administraci\u00f3n, con la creaci\u00f3n de una Subdirecci\u00f3n Nacional de Extensi\u00f3n y Transferencia Tecnol\u00f3gica, se refiri\u00f3 a los objetivos de la visita.<\/p>\n<p>\u201cConsiderando los desaf\u00edos actuales de la producci\u00f3n de leche, los productores del GET Praderas-Leche Pitrufqu\u00e9n visitaron los ensayos de forrajeras del investigador Alfredo Torres, para conocer especies y variedades adaptadas al cambio clim\u00e1tico. Tambi\u00e9n tuvieron una charla sobre manejo de purines y su aporte de nutrientes en un escenario de altos precios de los fertilizantes, a cargo de Francisco Salazar, uno de los principales expertos en este tema a nivel nacional. Finalmente, el ingeniero en alimentos e investigador de INIA Remehue, Ignacio Subiabre, les dio una charla sobre quesos saludables producidos en base a pradera, en la que se refiri\u00f3 a los prototipos de quesos desarrollados por el INIA y a la nueva marca Buen Artesano recientemente presentada con el objetivo de diversificar la oferta productiva y desarrollar un canal de comercializaci\u00f3n para quesos artesanos\u201d.<\/p>\n<p>Los productores, junto a Paulina Etcheverr\u00eda, investigadora de INIA Carillanca y coordinadora del grupo GET, agradecieron el recibimiento y valoraron el hecho de poder visitar en terreno los trabajos de investigaci\u00f3n que se est\u00e1n realizando en INIA Remehue. \u201cEsta es una zona productora de leche por excelencia, donde se concentra gran parte de la producci\u00f3n nacional, por eso nos interesaba venir con el grupo para conocer los avances en temas tan relevantes como el de las praderas, el manejo de purines y la producci\u00f3n de quesos de autor\u201d, indic\u00f3 Etcheverr\u00eda.<\/p>\n","protected":false},"excerpt":{"rendered":"<p>Los productores, junto a Paulina Etcheverr\u00eda de INIA y coordinadora del grupo GET, agradecieron el recibimiento y valoraron el hecho de poder visitar en terreno los trabajos de investigaci\u00f3n que se est\u00e1n realizando en INIA Remehue.<\/p>\n","protected":false},"author":2,"featured_media":22351,"comment_status":"closed","ping_status":"closed","sticky":false,"template":"","format":"standard","meta":{"footnotes":""},"categories":[1946],"tags":[2090,3127,7174,7175,4135,2051,6131],"class_list":["post-22350","post","type-post","status-publish","format-standard","has-post-thumbnail","hentry","category-lacteos","tag-agricultura","tag-agro","tag-inia-renehue","tag-investigador-alfredo-torres","tag-lacteo","tag-leche","tag-productores-de-leche"],"yoast_head":"<!-- This site is optimized with the Yoast SEO plugin v26.6 - https:\/\/yoast.com\/wordpress\/plugins\/seo\/ -->\n<title>Productores de leche de la Regi\u00f3n de La Araucan\u00eda visitaron INIA Remehue - Mundoagropecuario<\/title>\n<meta name=\"description\" content=\"Los productores y la coordinadora del grupo GET, agradecieron el recibimiento y el hecho de poder visitar en terreno los trabajos.\" \/>\n<meta name=\"robots\" content=\"index, follow, max-snippet:-1, max-image-preview:large, max-video-preview:-1\" \/>\n<link rel=\"canonical\" href=\"https:\/\/www.mundoagropecuario.cl\/new\/productores-de-leche-de-la-region-de-la-araucania-visitaron-inia-remehue\/\" \/>\n<meta property=\"og:locale\" content=\"es_ES\" \/>\n<meta property=\"og:type\" content=\"article\" \/>\n<meta property=\"og:title\" content=\"Productores de leche de la Regi\u00f3n de La Araucan\u00eda visitaron INIA Remehue - Mundoagropecuario\" \/>\n<meta property=\"og:description\" content=\"Los productores y la coordinadora del grupo GET, agradecieron el recibimiento y el hecho de poder visitar en terreno los trabajos.\" \/>\n<meta property=\"og:url\" content=\"https:\/\/www.mundoagropecuario.cl\/new\/productores-de-leche-de-la-region-de-la-araucania-visitaron-inia-remehue\/\" \/>\n<meta property=\"og:site_name\" content=\"Mundoagropecuario\" \/>\n<meta property=\"article:publisher\" content=\"https:\/\/www.facebook.com\/mundo.agropecuario.3\" \/>\n<meta property=\"article:published_time\" content=\"2022-07-07T15:04:27+00:00\" \/>\n<meta property=\"article:modified_time\" content=\"2022-07-12T17:30:07+00:00\" \/>\n<meta property=\"og:image\" content=\"https:\/\/www.mundoagropecuario.cl\/new\/wp-content\/uploads\/2022\/07\/INIA-Visita-GET-scaled.jpeg\" \/>\n\t<meta property=\"og:image:width\" content=\"1024\" \/>\n\t<meta property=\"og:image:height\" content=\"484\" \/>\n\t<meta property=\"og:image:type\" content=\"image\/jpeg\" \/>\n<meta name=\"author\" content=\"mundo\" \/>\n<meta name=\"twitter:card\" content=\"summary_large_image\" \/>\n<meta name=\"twitter:creator\" content=\"@MundoAgropecuar\" \/>\n<meta name=\"twitter:site\" content=\"@MundoAgropecuar\" \/>\n<meta name=\"twitter:label1\" content=\"Escrito por\" \/>\n\t<meta name=\"twitter:data1\" content=\"mundo\" \/>\n\t<meta name=\"twitter:label2\" content=\"Tiempo de lectura\" \/>\n\t<meta name=\"twitter:data2\" content=\"2 minutos\" \/>\n<script type=\"application\/ld+json\" class=\"yoast-schema-graph\">{\"@context\":\"https:\/\/schema.org\",\"@graph\":[{\"@type\":\"Article\",\"@id\":\"https:\/\/www.mundoagropecuario.cl\/new\/productores-de-leche-de-la-region-de-la-araucania-visitaron-inia-remehue\/#article\",\"isPartOf\":{\"@id\":\"https:\/\/www.mundoagropecuario.cl\/new\/productores-de-leche-de-la-region-de-la-araucania-visitaron-inia-remehue\/\"},\"author\":{\"name\":\"mundo\",\"@id\":\"https:\/\/www.mundoagropecuario.cl\/new\/#\/schema\/person\/4e9f74a82a7dac260eb1c44b7eebeb18\"},\"headline\":\"Productores de leche de la Regi\u00f3n de La Araucan\u00eda visitaron INIA Remehue\",\"datePublished\":\"2022-07-07T15:04:27+00:00\",\"dateModified\":\"2022-07-12T17:30:07+00:00\",\"mainEntityOfPage\":{\"@id\":\"https:\/\/www.mundoagropecuario.cl\/new\/productores-de-leche-de-la-region-de-la-araucania-visitaron-inia-remehue\/\"},\"wordCount\":396,\"publisher\":{\"@id\":\"https:\/\/www.mundoagropecuario.cl\/new\/#organization\"},\"image\":{\"@id\":\"https:\/\/www.mundoagropecuario.cl\/new\/productores-de-leche-de-la-region-de-la-araucania-visitaron-inia-remehue\/#primaryimage\"},\"thumbnailUrl\":\"https:\/\/www.mundoagropecuario.cl\/new\/wp-content\/uploads\/2022\/07\/INIA-Visita-GET-scaled.jpeg\",\"keywords\":[\"Agricultura\",\"Agro\",\"INIA REnehue\",\"investigador Alfredo Torres\",\"Lacteo\",\"Leche\",\"Productores de leche\"],\"articleSection\":[\"L\u00e1cteos\"],\"inLanguage\":\"es\"},{\"@type\":\"WebPage\",\"@id\":\"https:\/\/www.mundoagropecuario.cl\/new\/productores-de-leche-de-la-region-de-la-araucania-visitaron-inia-remehue\/\",\"url\":\"https:\/\/www.mundoagropecuario.cl\/new\/productores-de-leche-de-la-region-de-la-araucania-visitaron-inia-remehue\/\",\"name\":\"Productores de leche de la Regi\u00f3n de La Araucan\u00eda visitaron INIA Remehue - Mundoagropecuario\",\"isPartOf\":{\"@id\":\"https:\/\/www.mundoagropecuario.cl\/new\/#website\"},\"primaryImageOfPage\":{\"@id\":\"https:\/\/www.mundoagropecuario.cl\/new\/productores-de-leche-de-la-region-de-la-araucania-visitaron-inia-remehue\/#primaryimage\"},\"image\":{\"@id\":\"https:\/\/www.mundoagropecuario.cl\/new\/productores-de-leche-de-la-region-de-la-araucania-visitaron-inia-remehue\/#primaryimage\"},\"thumbnailUrl\":\"https:\/\/www.mundoagropecuario.cl\/new\/wp-content\/uploads\/2022\/07\/INIA-Visita-GET-scaled.jpeg\",\"datePublished\":\"2022-07-07T15:04:27+00:00\",\"dateModified\":\"2022-07-12T17:30:07+00:00\",\"description\":\"Los productores y la coordinadora del grupo GET, agradecieron el recibimiento y el hecho de poder visitar en terreno los trabajos.\",\"breadcrumb\":{\"@id\":\"https:\/\/www.mundoagropecuario.cl\/new\/productores-de-leche-de-la-region-de-la-araucania-visitaron-inia-remehue\/#breadcrumb\"},\"inLanguage\":\"es\",\"potentialAction\":[{\"@type\":\"ReadAction\",\"target\":[\"https:\/\/www.mundoagropecuario.cl\/new\/productores-de-leche-de-la-region-de-la-araucania-visitaron-inia-remehue\/\"]}]},{\"@type\":\"ImageObject\",\"inLanguage\":\"es\",\"@id\":\"https:\/\/www.mundoagropecuario.cl\/new\/productores-de-leche-de-la-region-de-la-araucania-visitaron-inia-remehue\/#primaryimage\",\"url\":\"https:\/\/www.mundoagropecuario.cl\/new\/wp-content\/uploads\/2022\/07\/INIA-Visita-GET-scaled.jpeg\",\"contentUrl\":\"https:\/\/www.mundoagropecuario.cl\/new\/wp-content\/uploads\/2022\/07\/INIA-Visita-GET-scaled.jpeg\",\"width\":720,\"height\":340},{\"@type\":\"BreadcrumbList\",\"@id\":\"https:\/\/www.mundoagropecuario.cl\/new\/productores-de-leche-de-la-region-de-la-araucania-visitaron-inia-remehue\/#breadcrumb\",\"itemListElement\":[{\"@type\":\"ListItem\",\"position\":1,\"name\":\"Portada\",\"item\":\"https:\/\/www.mundoagropecuario.cl\/new\/\"},{\"@type\":\"ListItem\",\"position\":2,\"name\":\"Productores de leche de la Regi\u00f3n de La Araucan\u00eda visitaron INIA Remehue\"}]},{\"@type\":\"WebSite\",\"@id\":\"https:\/\/www.mundoagropecuario.cl\/new\/#website\",\"url\":\"https:\/\/www.mundoagropecuario.cl\/new\/\",\"name\":\"Mundoagropecuario\",\"description\":\"Mundo Agropecuario\",\"publisher\":{\"@id\":\"https:\/\/www.mundoagropecuario.cl\/new\/#organization\"},\"potentialAction\":[{\"@type\":\"SearchAction\",\"target\":{\"@type\":\"EntryPoint\",\"urlTemplate\":\"https:\/\/www.mundoagropecuario.cl\/new\/?s={search_term_string}\"},\"query-input\":{\"@type\":\"PropertyValueSpecification\",\"valueRequired\":true,\"valueName\":\"search_term_string\"}}],\"inLanguage\":\"es\"},{\"@type\":\"Organization\",\"@id\":\"https:\/\/www.mundoagropecuario.cl\/new\/#organization\",\"name\":\"Revista de Agricultura\",\"url\":\"https:\/\/www.mundoagropecuario.cl\/new\/\",\"logo\":{\"@type\":\"ImageObject\",\"inLanguage\":\"es\",\"@id\":\"https:\/\/www.mundoagropecuario.cl\/new\/#\/schema\/logo\/image\/\",\"url\":\"https:\/\/www.mundoagropecuario.cl\/new\/wp-content\/uploads\/2020\/11\/PORTAL-1-1.png\",\"contentUrl\":\"https:\/\/www.mundoagropecuario.cl\/new\/wp-content\/uploads\/2020\/11\/PORTAL-1-1.png\",\"width\":1026,\"height\":100,\"caption\":\"Revista de Agricultura\"},\"image\":{\"@id\":\"https:\/\/www.mundoagropecuario.cl\/new\/#\/schema\/logo\/image\/\"},\"sameAs\":[\"https:\/\/www.facebook.com\/mundo.agropecuario.3\",\"https:\/\/x.com\/MundoAgropecuar\",\"https:\/\/www.linkedin.com\/in\/mundo-agropecuario-934009201\/\"]},{\"@type\":\"Person\",\"@id\":\"https:\/\/www.mundoagropecuario.cl\/new\/#\/schema\/person\/4e9f74a82a7dac260eb1c44b7eebeb18\",\"name\":\"mundo\",\"url\":\"https:\/\/www.mundoagropecuario.cl\/new\/author\/mundo\/\"}]}<\/script>\n<!-- \/ Yoast SEO plugin. -->","yoast_head_json":{"title":"Productores de leche de la Regi\u00f3n de La Araucan\u00eda visitaron INIA Remehue - Mundoagropecuario","description":"Los productores y la coordinadora del grupo GET, agradecieron el recibimiento y el hecho de poder visitar en terreno los trabajos.","robots":{"index":"index","follow":"follow","max-snippet":"max-snippet:-1","max-image-preview":"max-image-preview:large","max-video-preview":"max-video-preview:-1"},"canonical":"https:\/\/www.mundoagropecuario.cl\/new\/productores-de-leche-de-la-region-de-la-araucania-visitaron-inia-remehue\/","og_locale":"es_ES","og_type":"article","og_title":"Productores de leche de la Regi\u00f3n de La Araucan\u00eda visitaron INIA Remehue - Mundoagropecuario","og_description":"Los productores y la coordinadora del grupo GET, agradecieron el recibimiento y el hecho de poder visitar en terreno los trabajos.","og_url":"https:\/\/www.mundoagropecuario.cl\/new\/productores-de-leche-de-la-region-de-la-araucania-visitaron-inia-remehue\/","og_site_name":"Mundoagropecuario","article_publisher":"https:\/\/www.facebook.com\/mundo.agropecuario.3","article_published_time":"2022-07-07T15:04:27+00:00","article_modified_time":"2022-07-12T17:30:07+00:00","og_image":[{"width":1024,"height":484,"url":"https:\/\/www.mundoagropecuario.cl\/new\/wp-content\/uploads\/2022\/07\/INIA-Visita-GET-scaled.jpeg","type":"image\/jpeg"}],"author":"mundo","twitter_card":"summary_large_image","twitter_creator":"@MundoAgropecuar","twitter_site":"@MundoAgropecuar","twitter_misc":{"Escrito por":"mundo","Tiempo de lectura":"2 minutos"},"schema":{"@context":"https:\/\/schema.org","@graph":[{"@type":"Article","@id":"https:\/\/www.mundoagropecuario.cl\/new\/productores-de-leche-de-la-region-de-la-araucania-visitaron-inia-remehue\/#article","isPartOf":{"@id":"https:\/\/www.mundoagropecuario.cl\/new\/productores-de-leche-de-la-region-de-la-araucania-visitaron-inia-remehue\/"},"author":{"name":"mundo","@id":"https:\/\/www.mundoagropecuario.cl\/new\/#\/schema\/person\/4e9f74a82a7dac260eb1c44b7eebeb18"},"headline":"Productores de leche de la Regi\u00f3n de La Araucan\u00eda visitaron INIA Remehue","datePublished":"2022-07-07T15:04:27+00:00","dateModified":"2022-07-12T17:30:07+00:00","mainEntityOfPage":{"@id":"https:\/\/www.mundoagropecuario.cl\/new\/productores-de-leche-de-la-region-de-la-araucania-visitaron-inia-remehue\/"},"wordCount":396,"publisher":{"@id":"https:\/\/www.mundoagropecuario.cl\/new\/#organization"},"image":{"@id":"https:\/\/www.mundoagropecuario.cl\/new\/productores-de-leche-de-la-region-de-la-araucania-visitaron-inia-remehue\/#primaryimage"},"thumbnailUrl":"https:\/\/www.mundoagropecuario.cl\/new\/wp-content\/uploads\/2022\/07\/INIA-Visita-GET-scaled.jpeg","keywords":["Agricultura","Agro","INIA REnehue","investigador Alfredo Torres","Lacteo","Leche","Productores de leche"],"articleSection":["L\u00e1cteos"],"inLanguage":"es"},{"@type":"WebPage","@id":"https:\/\/www.mundoagropecuario.cl\/new\/productores-de-leche-de-la-region-de-la-araucania-visitaron-inia-remehue\/","url":"https:\/\/www.mundoagropecuario.cl\/new\/productores-de-leche-de-la-region-de-la-araucania-visitaron-inia-remehue\/","name":"Productores de leche de la Regi\u00f3n de La Araucan\u00eda visitaron INIA Remehue - Mundoagropecuario","isPartOf":{"@id":"https:\/\/www.mundoagropecuario.cl\/new\/#website"},"primaryImageOfPage":{"@id":"https:\/\/www.mundoagropecuario.cl\/new\/productores-de-leche-de-la-region-de-la-araucania-visitaron-inia-remehue\/#primaryimage"},"image":{"@id":"https:\/\/www.mundoagropecuario.cl\/new\/productores-de-leche-de-la-region-de-la-araucania-visitaron-inia-remehue\/#primaryimage"},"thumbnailUrl":"https:\/\/www.mundoagropecuario.cl\/new\/wp-content\/uploads\/2022\/07\/INIA-Visita-GET-scaled.jpeg","datePublished":"2022-07-07T15:04:27+00:00","dateModified":"2022-07-12T17:30:07+00:00","description":"Los productores y la coordinadora del grupo GET, agradecieron el recibimiento y el hecho de poder visitar en terreno los trabajos.","breadcrumb":{"@id":"https:\/\/www.mundoagropecuario.cl\/new\/productores-de-leche-de-la-region-de-la-araucania-visitaron-inia-remehue\/#breadcrumb"},"inLanguage":"es","potentialAction":[{"@type":"ReadAction","target":["https:\/\/www.mundoagropecuario.cl\/new\/productores-de-leche-de-la-region-de-la-araucania-visitaron-inia-remehue\/"]}]},{"@type":"ImageObject","inLanguage":"es","@id":"https:\/\/www.mundoagropecuario.cl\/new\/productores-de-leche-de-la-region-de-la-araucania-visitaron-inia-remehue\/#primaryimage","url":"https:\/\/www.mundoagropecuario.cl\/new\/wp-content\/uploads\/2022\/07\/INIA-Visita-GET-scaled.jpeg","contentUrl":"https:\/\/www.mundoagropecuario.cl\/new\/wp-content\/uploads\/2022\/07\/INIA-Visita-GET-scaled.jpeg","width":720,"height":340},{"@type":"BreadcrumbList","@id":"https:\/\/www.mundoagropecuario.cl\/new\/productores-de-leche-de-la-region-de-la-araucania-visitaron-inia-remehue\/#breadcrumb","itemListElement":[{"@type":"ListItem","position":1,"name":"Portada","item":"https:\/\/www.mundoagropecuario.cl\/new\/"},{"@type":"ListItem","position":2,"name":"Productores de leche de la Regi\u00f3n de La Araucan\u00eda visitaron INIA Remehue"}]},{"@type":"WebSite","@id":"https:\/\/www.mundoagropecuario.cl\/new\/#website","url":"https:\/\/www.mundoagropecuario.cl\/new\/","name":"Mundoagropecuario","description":"Mundo Agropecuario","publisher":{"@id":"https:\/\/www.mundoagropecuario.cl\/new\/#organization"},"potentialAction":[{"@type":"SearchAction","target":{"@type":"EntryPoint","urlTemplate":"https:\/\/www.mundoagropecuario.cl\/new\/?s={search_term_string}"},"query-input":{"@type":"PropertyValueSpecification","valueRequired":true,"valueName":"search_term_string"}}],"inLanguage":"es"},{"@type":"Organization","@id":"https:\/\/www.mundoagropecuario.cl\/new\/#organization","name":"Revista de Agricultura","url":"https:\/\/www.mundoagropecuario.cl\/new\/","logo":{"@type":"ImageObject","inLanguage":"es","@id":"https:\/\/www.mundoagropecuario.cl\/new\/#\/schema\/logo\/image\/","url":"https:\/\/www.mundoagropecuario.cl\/new\/wp-content\/uploads\/2020\/11\/PORTAL-1-1.png","contentUrl":"https:\/\/www.mundoagropecuario.cl\/new\/wp-content\/uploads\/2020\/11\/PORTAL-1-1.png","width":1026,"height":100,"caption":"Revista de Agricultura"},"image":{"@id":"https:\/\/www.mundoagropecuario.cl\/new\/#\/schema\/logo\/image\/"},"sameAs":["https:\/\/www.facebook.com\/mundo.agropecuario.3","https:\/\/x.com\/MundoAgropecuar","https:\/\/www.linkedin.com\/in\/mundo-agropecuario-934009201\/"]},{"@type":"Person","@id":"https:\/\/www.mundoagropecuario.cl\/new\/#\/schema\/person\/4e9f74a82a7dac260eb1c44b7eebeb18","name":"mundo","url":"https:\/\/www.mundoagropecuario.cl\/new\/author\/mundo\/"}]}},"_links":{"self":[{"href":"https:\/\/www.mundoagropecuario.cl\/new\/wp-json\/wp\/v2\/posts\/22350","targetHints":{"allow":["GET"]}}],"collection":[{"href":"https:\/\/www.mundoagropecuario.cl\/new\/wp-json\/wp\/v2\/posts"}],"about":[{"href":"https:\/\/www.mundoagropecuario.cl\/new\/wp-json\/wp\/v2\/types\/post"}],"author":[{"embeddable":true,"href":"https:\/\/www.mundoagropecuario.cl\/new\/wp-json\/wp\/v2\/users\/2"}],"replies":[{"embeddable":true,"href":"https:\/\/www.mundoagropecuario.cl\/new\/wp-json\/wp\/v2\/comments?post=22350"}],"version-history":[{"count":1,"href":"https:\/\/www.mundoagropecuario.cl\/new\/wp-json\/wp\/v2\/posts\/22350\/revisions"}],"predecessor-version":[{"id":22352,"href":"https:\/\/www.mundoagropecuario.cl\/new\/wp-json\/wp\/v2\/posts\/22350\/revisions\/22352"}],"wp:featuredmedia":[{"embeddable":true,"href":"https:\/\/www.mundoagropecuario.cl\/new\/wp-json\/wp\/v2\/media\/22351"}],"wp:attachment":[{"href":"https:\/\/www.mundoagropecuario.cl\/new\/wp-json\/wp\/v2\/media?parent=22350"}],"wp:term":[{"taxonomy":"category","embeddable":true,"href":"https:\/\/www.mundoagropecuario.cl\/new\/wp-json\/wp\/v2\/categories?post=22350"},{"taxonomy":"post_tag","embeddable":true,"href":"https:\/\/www.mundoagropecuario.cl\/new\/wp-json\/wp\/v2\/tags?post=22350"}],"curies":[{"name":"wp","href":"https:\/\/api.w.org\/{rel}","templated":true}]}}