{"id":22338,"date":"2022-07-04T13:41:48","date_gmt":"2022-07-04T16:41:48","guid":{"rendered":"https:\/\/www.mundoagropecuario.cl\/new\/?p=22338"},"modified":"2022-07-08T11:01:28","modified_gmt":"2022-07-08T14:01:28","slug":"instituciones-apoyan-el-desarrollo-de-la-agricultura-familiar-campesina-en-la-rm","status":"publish","type":"post","link":"https:\/\/www.mundoagropecuario.cl\/new\/instituciones-apoyan-el-desarrollo-de-la-agricultura-familiar-campesina-en-la-rm\/","title":{"rendered":"Instituciones apoyan el desarrollo de la Agricultura Familiar Campesina en la RM"},"content":{"rendered":"<blockquote>\n<h2><span style=\"color: #003300;\">INIA La Platina, tiene proyectos de Extensi\u00f3n y Transferencia Tecnol\u00f3gica permanentes con grupos de peque\u00f1os agricultores de distintos territorios de la Regi\u00f3n Metropolitana, para abordar durante el a\u00f1o temas con enfoques sustentables y agroecol\u00f3gicos.<\/span><\/h2>\n<\/blockquote>\n<p>Para que la Agricultura Familiar Campesina obtenga los conocimientos necesarios para desarrollarse de manera exitosa, se trabaja desde instituciones como el INIA, INDAP, Seremi de Agricultura, SAG y Prodesales, a trav\u00e9s de proyectos y convenios, que permiten apoyar y modernizar el campo chileno con diversas orientaciones agr\u00edcolas.<\/p>\n<p>Desde el INIA, se generan y coordinan los Grupos de Extensi\u00f3n Tecnol\u00f3gica (GET) y algunos de ellos han mostrado gran inter\u00e9s por el enfoque agroecol\u00f3gico, como es el caso de Productores Sustentables de Pirque, que recientemente tuvo una capacitaci\u00f3n en reproducci\u00f3n y propagaci\u00f3n de \u00e1rboles nativos.<\/p>\n<p>\u201cEllos nos expresan sus necesidades y nosotros los apoyamos. En este caso la idea es aumentar la biodiversidad en sus parcelas a trav\u00e9s de \u00e1rboles nativos que se pueden ocupar como cercos vivos, corredores biol\u00f3gicos y cortavientos, obteniendo grandes beneficios para sus propios cultivos, mejorando la entomofauna, diversificando la flora y protegiendo sus suelos de erosi\u00f3n, por nombrar algunos\u201d, se\u00f1al\u00f3 Fabiola Sep\u00falveda, Extensionista y coordinadora del GET.<\/p>\n<p>Se realizan experiencias con el concepto Aprender Haciendo, que se concretan en sus propias comunas o a trav\u00e9s de visitas a Centros Regionales de Investigaci\u00f3n. \u201cHoy nos trasladamos hasta INIA La Cruz porque ellos est\u00e1n desarrollando un proyecto para determinar las mejores metodolog\u00edas de reproducci\u00f3n de flora nativa y tienen un vivero muy bien equipado, que permite mostrar in situ y de manera pr\u00e1ctica a los agricultores, los tipos de sustratos, para oler, tocar y ver, ayud\u00e1ndolos a identificar cu\u00e1l tiene mejor aireaci\u00f3n o mejor humedad. Adem\u00e1s, pueden observar la germinaci\u00f3n de semillas, tama\u00f1os, etc. Cosas b\u00e1sicas que los ayudan a entender todo el proceso de desarrollo de un \u00e1rbol y las opciones que existen para reproducirlo y propagarlo\u201d destaca Fabiola Sep\u00falveda.<\/p>\n<p>La colaboraci\u00f3n dentro de la instituci\u00f3n es relevante para este tipo de acciones que van en beneficio de la Agricultura Familiar Campesina en todo el pa\u00eds. \u201cEs importante mantener esta colaboraci\u00f3n porque cada Centro Regional tiene m\u00faltiples alternativas para ofrecer a estos grupos, que muchas veces tienen necesidades de conocimientos y pr\u00e1cticas que no est\u00e1n en sus propias regiones.\u00a0 El proyecto Vivero de Plantas Nativas de INIA, tiene una experiencia de dos a\u00f1os, pero nos ayuda aportar y vincularnos con productores, que saben mucho desde su cotidiano y ac\u00e1 ganan explicaciones t\u00e9cnicas a lo que ellos hacen\u201d,\u00a0 enfatiza Luis Salinas, profesional de apoyo de INIA La Cruz<\/p>\n<p><strong><span style=\"color: #003300;\">Experiencias y sustentabilidad<\/span><\/strong><\/p>\n<p>Dentro del GET Productores Sustentables de Pirque hay diversos manejos y aportes a la sustentabilidad que se comparten y crecen con cada actividad realizada, instancia para recibir informaci\u00f3n t\u00e9cnica y profesional desde el INIA, pero tambi\u00e9n con la mirada de los propios productores, que pueden opinar, aceptar o discutir los conocimientos de expertos, generando nuevos enfoques complementarios entre la experiencia y la teor\u00eda, que motiva y entrega credibilidad, fomentando el respeto y la colaboraci\u00f3n entre pares.<\/p>\n<p><strong><span style=\"color: #003300;\">Miriam Pinto: \u201cPractico la econom\u00eda circular\u201d<\/span><\/strong><\/p>\n<p>Ella es una agricultora y apicultora con experiencia en invernaderos, obteniendo gran variedad de hortalizas como acelgas, pimentones, papas, esp\u00e1rragos, entre otros, que le permiten una econom\u00eda de subsistencia. Sin embargo, tambi\u00e9n utiliza lo que no se vende para elaborar conservas para consumo propio, las que guarda y congela para la temporada invernal, concretando poco a poco su sue\u00f1o de la auto sustentabilidad. Adem\u00e1s, produce miel y sus derivados; hace cosm\u00e9tica vegetal; realiza clases gracias a sus conocimientos y ahora aumentar\u00e1 la flora nativa de su parcela para fomentar la llegada de insectos polinizadores que colaboran mejorando la calidad de sus hortalizas, aumentando calibre y textura.<\/p>\n<p><strong><span style=\"color: #003300;\">Luis Navarrete: \u201cMe declaro sustentable porque me ayuda minimizar los costos y es m\u00e1s sano\u201d<\/span><\/strong><\/p>\n<p>Este agricultor de temporada, considera que su campo es como una feria, porque tiene una inmensa variedad de productos para ofrecer. Se dedica a cultivar porotos verdes, sand\u00edas, zapallos italianos, tomates de diferentes tipos, entre otros. Tiene gran inquietud por la alimentaci\u00f3n saludable y considera valiosos los aprendizajes en biopreparados que han sido entregados por INIA La Platina, ya que piensa que los org\u00e1nicos son el futuro. Se declara amante de \u00e1rboles nativos como el canelo y el peumo, que tienen ventajas, aportando humedad y microorganismos ben\u00e9ficos al suelo.<\/p>\n<p><strong><span style=\"color: #003300;\">\u00a0Ver\u00f3nica Mu\u00f1oz: \u201cHacemos un ciclo perfecto\u201d<\/span><\/strong><\/p>\n<p>Junto a su grupo familiar maneja un predio con diversas t\u00e9cnicas de sustentabilidad como riego tecnificado para frutales, adem\u00e1s de reincorporar rastrojos, restos de podas y desechos org\u00e1nicos a la tierra, complementando un trabajo permanente en lombricultura para mejorar la calidad de los suelos. Actualmente ha iniciado el desarrollo de colmenas para obtener miel y planifica la reproducci\u00f3n de \u00e1rboles nativos para mejorar la biodiversidad, que favorecer\u00e1 a sus abejas, con nuevas flores y mayor variedad de polen.<\/p>\n<p>Una de las charlas realizadas en INIA La Cruz, se orient\u00f3 a las inquietudes relacionadas a los beneficios de los polinizadores e insectos silvestres. \u201cNosotros dirigimos nuestra investigaci\u00f3n a generar medidas de reincorporaci\u00f3n de los ambientes nativos dentro de los ambientes agr\u00edcolas, para inspirarse en la naturaleza y generar espacios biodiversos, entendiendo la importancia que esto tiene para la agricultura y de esta manera, los productores puedan contribuir a la conservaci\u00f3n\u201d, concluy\u00f3 Jaime Mart\u00ednez, investigador INIA La Cruz.<\/p>\n<p>Estas agrupaciones de peque\u00f1os agricultores se conforman en per\u00edodos de tres a cuatro a\u00f1os, lo que permite observar un avance en distintas materias como bioinsumos, compostaje, reincorporaci\u00f3n de rastrojos, captaci\u00f3n de aguas lluvia, entre otros talleres y capacitaciones que son facilitadas por el \u00e1rea de extensi\u00f3n de INIA, con el acompa\u00f1amiento y lineamientos que tienen investigaciones y trabajos de los diferentes Centros Regionales de la instituci\u00f3n, fortaleciendo el desarrollo de una alimentaci\u00f3n local inocua y de calidad.<\/p>\n","protected":false},"excerpt":{"rendered":"<p>Desde el INIA, se generan y coordinan los Grupos de Extensi\u00f3n Tecnol\u00f3gica (GET) y algunos de ellos han mostrado gran inter\u00e9s por el enfoque agroecol\u00f3gico, como es el caso de Productores Sustentables de Pirque.<\/p>\n","protected":false},"author":2,"featured_media":8625,"comment_status":"closed","ping_status":"closed","sticky":false,"template":"","format":"standard","meta":{"footnotes":""},"categories":[1945],"tags":[2090,4765,3127,2052,7167,7166,1978,7165],"class_list":["post-22338","post","type-post","status-publish","format-standard","has-post-thumbnail","hentry","category-agricultura","tag-agricultura","tag-agricultura-familiar-campesina","tag-agro","tag-inia","tag-proyecto-vivero","tag-sag-y-prodesales","tag-seremi-de-agricultura","tag-sustentables-y-agroecologicos"],"yoast_head":"<!-- This site is optimized with the Yoast SEO plugin v26.6 - https:\/\/yoast.com\/wordpress\/plugins\/seo\/ -->\n<title>Instituciones apoyan el desarrollo de la Agricultura Familiar Campesina en la RM - Mundoagropecuario<\/title>\n<meta name=\"description\" content=\"Desde INIA, se generan los Grupos de Extensi\u00f3n Tecnol\u00f3gica (GET) y algunos de ellos han mostrado inter\u00e9s por el enfoque agroecol\u00f3gico.\" \/>\n<meta name=\"robots\" content=\"index, follow, max-snippet:-1, max-image-preview:large, max-video-preview:-1\" \/>\n<link rel=\"canonical\" href=\"https:\/\/www.mundoagropecuario.cl\/new\/instituciones-apoyan-el-desarrollo-de-la-agricultura-familiar-campesina-en-la-rm\/\" \/>\n<meta property=\"og:locale\" content=\"es_ES\" \/>\n<meta property=\"og:type\" content=\"article\" \/>\n<meta property=\"og:title\" content=\"Instituciones apoyan el desarrollo de la Agricultura Familiar Campesina en la RM - Mundoagropecuario\" \/>\n<meta property=\"og:description\" content=\"Desde INIA, se generan los Grupos de Extensi\u00f3n Tecnol\u00f3gica (GET) y algunos de ellos han mostrado inter\u00e9s por el enfoque agroecol\u00f3gico.\" \/>\n<meta property=\"og:url\" content=\"https:\/\/www.mundoagropecuario.cl\/new\/instituciones-apoyan-el-desarrollo-de-la-agricultura-familiar-campesina-en-la-rm\/\" \/>\n<meta property=\"og:site_name\" content=\"Mundoagropecuario\" \/>\n<meta property=\"article:publisher\" content=\"https:\/\/www.facebook.com\/mundo.agropecuario.3\" \/>\n<meta property=\"article:published_time\" content=\"2022-07-04T16:41:48+00:00\" \/>\n<meta property=\"article:modified_time\" content=\"2022-07-08T14:01:28+00:00\" \/>\n<meta property=\"og:image\" content=\"https:\/\/www.mundoagropecuario.cl\/new\/wp-content\/uploads\/2018\/09\/agricultores_2-540x350.jpg\" \/>\n\t<meta property=\"og:image:width\" content=\"540\" \/>\n\t<meta property=\"og:image:height\" content=\"350\" \/>\n\t<meta property=\"og:image:type\" content=\"image\/jpeg\" \/>\n<meta name=\"author\" content=\"mundo\" \/>\n<meta name=\"twitter:card\" content=\"summary_large_image\" \/>\n<meta name=\"twitter:creator\" content=\"@MundoAgropecuar\" \/>\n<meta name=\"twitter:site\" content=\"@MundoAgropecuar\" \/>\n<meta name=\"twitter:label1\" content=\"Escrito por\" \/>\n\t<meta name=\"twitter:data1\" content=\"mundo\" \/>\n\t<meta name=\"twitter:label2\" content=\"Tiempo de lectura\" \/>\n\t<meta name=\"twitter:data2\" content=\"5 minutos\" \/>\n<script type=\"application\/ld+json\" class=\"yoast-schema-graph\">{\"@context\":\"https:\/\/schema.org\",\"@graph\":[{\"@type\":\"Article\",\"@id\":\"https:\/\/www.mundoagropecuario.cl\/new\/instituciones-apoyan-el-desarrollo-de-la-agricultura-familiar-campesina-en-la-rm\/#article\",\"isPartOf\":{\"@id\":\"https:\/\/www.mundoagropecuario.cl\/new\/instituciones-apoyan-el-desarrollo-de-la-agricultura-familiar-campesina-en-la-rm\/\"},\"author\":{\"name\":\"mundo\",\"@id\":\"https:\/\/www.mundoagropecuario.cl\/new\/#\/schema\/person\/4e9f74a82a7dac260eb1c44b7eebeb18\"},\"headline\":\"Instituciones apoyan el desarrollo de la Agricultura Familiar Campesina en la RM\",\"datePublished\":\"2022-07-04T16:41:48+00:00\",\"dateModified\":\"2022-07-08T14:01:28+00:00\",\"mainEntityOfPage\":{\"@id\":\"https:\/\/www.mundoagropecuario.cl\/new\/instituciones-apoyan-el-desarrollo-de-la-agricultura-familiar-campesina-en-la-rm\/\"},\"wordCount\":1049,\"publisher\":{\"@id\":\"https:\/\/www.mundoagropecuario.cl\/new\/#organization\"},\"image\":{\"@id\":\"https:\/\/www.mundoagropecuario.cl\/new\/instituciones-apoyan-el-desarrollo-de-la-agricultura-familiar-campesina-en-la-rm\/#primaryimage\"},\"thumbnailUrl\":\"https:\/\/www.mundoagropecuario.cl\/new\/wp-content\/uploads\/2018\/09\/agricultores_2-540x350.jpg\",\"keywords\":[\"Agricultura\",\"Agricultura Familiar Campesina\",\"Agro\",\"INIA\",\"proyecto Vivero\",\"SAG y Prodesales\",\"seremi de Agricultura\",\"sustentables y agroecol\u00f3gicos\"],\"articleSection\":[\"Agricultura\"],\"inLanguage\":\"es\"},{\"@type\":\"WebPage\",\"@id\":\"https:\/\/www.mundoagropecuario.cl\/new\/instituciones-apoyan-el-desarrollo-de-la-agricultura-familiar-campesina-en-la-rm\/\",\"url\":\"https:\/\/www.mundoagropecuario.cl\/new\/instituciones-apoyan-el-desarrollo-de-la-agricultura-familiar-campesina-en-la-rm\/\",\"name\":\"Instituciones apoyan el desarrollo de la Agricultura Familiar Campesina en la RM - Mundoagropecuario\",\"isPartOf\":{\"@id\":\"https:\/\/www.mundoagropecuario.cl\/new\/#website\"},\"primaryImageOfPage\":{\"@id\":\"https:\/\/www.mundoagropecuario.cl\/new\/instituciones-apoyan-el-desarrollo-de-la-agricultura-familiar-campesina-en-la-rm\/#primaryimage\"},\"image\":{\"@id\":\"https:\/\/www.mundoagropecuario.cl\/new\/instituciones-apoyan-el-desarrollo-de-la-agricultura-familiar-campesina-en-la-rm\/#primaryimage\"},\"thumbnailUrl\":\"https:\/\/www.mundoagropecuario.cl\/new\/wp-content\/uploads\/2018\/09\/agricultores_2-540x350.jpg\",\"datePublished\":\"2022-07-04T16:41:48+00:00\",\"dateModified\":\"2022-07-08T14:01:28+00:00\",\"description\":\"Desde INIA, se generan los Grupos de Extensi\u00f3n Tecnol\u00f3gica (GET) y algunos de ellos han mostrado inter\u00e9s por el enfoque agroecol\u00f3gico.\",\"breadcrumb\":{\"@id\":\"https:\/\/www.mundoagropecuario.cl\/new\/instituciones-apoyan-el-desarrollo-de-la-agricultura-familiar-campesina-en-la-rm\/#breadcrumb\"},\"inLanguage\":\"es\",\"potentialAction\":[{\"@type\":\"ReadAction\",\"target\":[\"https:\/\/www.mundoagropecuario.cl\/new\/instituciones-apoyan-el-desarrollo-de-la-agricultura-familiar-campesina-en-la-rm\/\"]}]},{\"@type\":\"ImageObject\",\"inLanguage\":\"es\",\"@id\":\"https:\/\/www.mundoagropecuario.cl\/new\/instituciones-apoyan-el-desarrollo-de-la-agricultura-familiar-campesina-en-la-rm\/#primaryimage\",\"url\":\"https:\/\/www.mundoagropecuario.cl\/new\/wp-content\/uploads\/2018\/09\/agricultores_2-540x350.jpg\",\"contentUrl\":\"https:\/\/www.mundoagropecuario.cl\/new\/wp-content\/uploads\/2018\/09\/agricultores_2-540x350.jpg\",\"width\":540,\"height\":350},{\"@type\":\"BreadcrumbList\",\"@id\":\"https:\/\/www.mundoagropecuario.cl\/new\/instituciones-apoyan-el-desarrollo-de-la-agricultura-familiar-campesina-en-la-rm\/#breadcrumb\",\"itemListElement\":[{\"@type\":\"ListItem\",\"position\":1,\"name\":\"Portada\",\"item\":\"https:\/\/www.mundoagropecuario.cl\/new\/\"},{\"@type\":\"ListItem\",\"position\":2,\"name\":\"Instituciones apoyan el desarrollo de la Agricultura Familiar Campesina en la RM\"}]},{\"@type\":\"WebSite\",\"@id\":\"https:\/\/www.mundoagropecuario.cl\/new\/#website\",\"url\":\"https:\/\/www.mundoagropecuario.cl\/new\/\",\"name\":\"Mundoagropecuario\",\"description\":\"Mundo Agropecuario\",\"publisher\":{\"@id\":\"https:\/\/www.mundoagropecuario.cl\/new\/#organization\"},\"potentialAction\":[{\"@type\":\"SearchAction\",\"target\":{\"@type\":\"EntryPoint\",\"urlTemplate\":\"https:\/\/www.mundoagropecuario.cl\/new\/?s={search_term_string}\"},\"query-input\":{\"@type\":\"PropertyValueSpecification\",\"valueRequired\":true,\"valueName\":\"search_term_string\"}}],\"inLanguage\":\"es\"},{\"@type\":\"Organization\",\"@id\":\"https:\/\/www.mundoagropecuario.cl\/new\/#organization\",\"name\":\"Revista de Agricultura\",\"url\":\"https:\/\/www.mundoagropecuario.cl\/new\/\",\"logo\":{\"@type\":\"ImageObject\",\"inLanguage\":\"es\",\"@id\":\"https:\/\/www.mundoagropecuario.cl\/new\/#\/schema\/logo\/image\/\",\"url\":\"https:\/\/www.mundoagropecuario.cl\/new\/wp-content\/uploads\/2020\/11\/PORTAL-1-1.png\",\"contentUrl\":\"https:\/\/www.mundoagropecuario.cl\/new\/wp-content\/uploads\/2020\/11\/PORTAL-1-1.png\",\"width\":1026,\"height\":100,\"caption\":\"Revista de Agricultura\"},\"image\":{\"@id\":\"https:\/\/www.mundoagropecuario.cl\/new\/#\/schema\/logo\/image\/\"},\"sameAs\":[\"https:\/\/www.facebook.com\/mundo.agropecuario.3\",\"https:\/\/x.com\/MundoAgropecuar\",\"https:\/\/www.linkedin.com\/in\/mundo-agropecuario-934009201\/\"]},{\"@type\":\"Person\",\"@id\":\"https:\/\/www.mundoagropecuario.cl\/new\/#\/schema\/person\/4e9f74a82a7dac260eb1c44b7eebeb18\",\"name\":\"mundo\",\"url\":\"https:\/\/www.mundoagropecuario.cl\/new\/author\/mundo\/\"}]}<\/script>\n<!-- \/ Yoast SEO plugin. -->","yoast_head_json":{"title":"Instituciones apoyan el desarrollo de la Agricultura Familiar Campesina en la RM - Mundoagropecuario","description":"Desde INIA, se generan los Grupos de Extensi\u00f3n Tecnol\u00f3gica (GET) y algunos de ellos han mostrado inter\u00e9s por el enfoque agroecol\u00f3gico.","robots":{"index":"index","follow":"follow","max-snippet":"max-snippet:-1","max-image-preview":"max-image-preview:large","max-video-preview":"max-video-preview:-1"},"canonical":"https:\/\/www.mundoagropecuario.cl\/new\/instituciones-apoyan-el-desarrollo-de-la-agricultura-familiar-campesina-en-la-rm\/","og_locale":"es_ES","og_type":"article","og_title":"Instituciones apoyan el desarrollo de la Agricultura Familiar Campesina en la RM - Mundoagropecuario","og_description":"Desde INIA, se generan los Grupos de Extensi\u00f3n Tecnol\u00f3gica (GET) y algunos de ellos han mostrado inter\u00e9s por el enfoque agroecol\u00f3gico.","og_url":"https:\/\/www.mundoagropecuario.cl\/new\/instituciones-apoyan-el-desarrollo-de-la-agricultura-familiar-campesina-en-la-rm\/","og_site_name":"Mundoagropecuario","article_publisher":"https:\/\/www.facebook.com\/mundo.agropecuario.3","article_published_time":"2022-07-04T16:41:48+00:00","article_modified_time":"2022-07-08T14:01:28+00:00","og_image":[{"width":540,"height":350,"url":"https:\/\/www.mundoagropecuario.cl\/new\/wp-content\/uploads\/2018\/09\/agricultores_2-540x350.jpg","type":"image\/jpeg"}],"author":"mundo","twitter_card":"summary_large_image","twitter_creator":"@MundoAgropecuar","twitter_site":"@MundoAgropecuar","twitter_misc":{"Escrito por":"mundo","Tiempo de lectura":"5 minutos"},"schema":{"@context":"https:\/\/schema.org","@graph":[{"@type":"Article","@id":"https:\/\/www.mundoagropecuario.cl\/new\/instituciones-apoyan-el-desarrollo-de-la-agricultura-familiar-campesina-en-la-rm\/#article","isPartOf":{"@id":"https:\/\/www.mundoagropecuario.cl\/new\/instituciones-apoyan-el-desarrollo-de-la-agricultura-familiar-campesina-en-la-rm\/"},"author":{"name":"mundo","@id":"https:\/\/www.mundoagropecuario.cl\/new\/#\/schema\/person\/4e9f74a82a7dac260eb1c44b7eebeb18"},"headline":"Instituciones apoyan el desarrollo de la Agricultura Familiar Campesina en la RM","datePublished":"2022-07-04T16:41:48+00:00","dateModified":"2022-07-08T14:01:28+00:00","mainEntityOfPage":{"@id":"https:\/\/www.mundoagropecuario.cl\/new\/instituciones-apoyan-el-desarrollo-de-la-agricultura-familiar-campesina-en-la-rm\/"},"wordCount":1049,"publisher":{"@id":"https:\/\/www.mundoagropecuario.cl\/new\/#organization"},"image":{"@id":"https:\/\/www.mundoagropecuario.cl\/new\/instituciones-apoyan-el-desarrollo-de-la-agricultura-familiar-campesina-en-la-rm\/#primaryimage"},"thumbnailUrl":"https:\/\/www.mundoagropecuario.cl\/new\/wp-content\/uploads\/2018\/09\/agricultores_2-540x350.jpg","keywords":["Agricultura","Agricultura Familiar Campesina","Agro","INIA","proyecto Vivero","SAG y Prodesales","seremi de Agricultura","sustentables y agroecol\u00f3gicos"],"articleSection":["Agricultura"],"inLanguage":"es"},{"@type":"WebPage","@id":"https:\/\/www.mundoagropecuario.cl\/new\/instituciones-apoyan-el-desarrollo-de-la-agricultura-familiar-campesina-en-la-rm\/","url":"https:\/\/www.mundoagropecuario.cl\/new\/instituciones-apoyan-el-desarrollo-de-la-agricultura-familiar-campesina-en-la-rm\/","name":"Instituciones apoyan el desarrollo de la Agricultura Familiar Campesina en la RM - Mundoagropecuario","isPartOf":{"@id":"https:\/\/www.mundoagropecuario.cl\/new\/#website"},"primaryImageOfPage":{"@id":"https:\/\/www.mundoagropecuario.cl\/new\/instituciones-apoyan-el-desarrollo-de-la-agricultura-familiar-campesina-en-la-rm\/#primaryimage"},"image":{"@id":"https:\/\/www.mundoagropecuario.cl\/new\/instituciones-apoyan-el-desarrollo-de-la-agricultura-familiar-campesina-en-la-rm\/#primaryimage"},"thumbnailUrl":"https:\/\/www.mundoagropecuario.cl\/new\/wp-content\/uploads\/2018\/09\/agricultores_2-540x350.jpg","datePublished":"2022-07-04T16:41:48+00:00","dateModified":"2022-07-08T14:01:28+00:00","description":"Desde INIA, se generan los Grupos de Extensi\u00f3n Tecnol\u00f3gica (GET) y algunos de ellos han mostrado inter\u00e9s por el enfoque agroecol\u00f3gico.","breadcrumb":{"@id":"https:\/\/www.mundoagropecuario.cl\/new\/instituciones-apoyan-el-desarrollo-de-la-agricultura-familiar-campesina-en-la-rm\/#breadcrumb"},"inLanguage":"es","potentialAction":[{"@type":"ReadAction","target":["https:\/\/www.mundoagropecuario.cl\/new\/instituciones-apoyan-el-desarrollo-de-la-agricultura-familiar-campesina-en-la-rm\/"]}]},{"@type":"ImageObject","inLanguage":"es","@id":"https:\/\/www.mundoagropecuario.cl\/new\/instituciones-apoyan-el-desarrollo-de-la-agricultura-familiar-campesina-en-la-rm\/#primaryimage","url":"https:\/\/www.mundoagropecuario.cl\/new\/wp-content\/uploads\/2018\/09\/agricultores_2-540x350.jpg","contentUrl":"https:\/\/www.mundoagropecuario.cl\/new\/wp-content\/uploads\/2018\/09\/agricultores_2-540x350.jpg","width":540,"height":350},{"@type":"BreadcrumbList","@id":"https:\/\/www.mundoagropecuario.cl\/new\/instituciones-apoyan-el-desarrollo-de-la-agricultura-familiar-campesina-en-la-rm\/#breadcrumb","itemListElement":[{"@type":"ListItem","position":1,"name":"Portada","item":"https:\/\/www.mundoagropecuario.cl\/new\/"},{"@type":"ListItem","position":2,"name":"Instituciones apoyan el desarrollo de la Agricultura Familiar Campesina en la RM"}]},{"@type":"WebSite","@id":"https:\/\/www.mundoagropecuario.cl\/new\/#website","url":"https:\/\/www.mundoagropecuario.cl\/new\/","name":"Mundoagropecuario","description":"Mundo Agropecuario","publisher":{"@id":"https:\/\/www.mundoagropecuario.cl\/new\/#organization"},"potentialAction":[{"@type":"SearchAction","target":{"@type":"EntryPoint","urlTemplate":"https:\/\/www.mundoagropecuario.cl\/new\/?s={search_term_string}"},"query-input":{"@type":"PropertyValueSpecification","valueRequired":true,"valueName":"search_term_string"}}],"inLanguage":"es"},{"@type":"Organization","@id":"https:\/\/www.mundoagropecuario.cl\/new\/#organization","name":"Revista de Agricultura","url":"https:\/\/www.mundoagropecuario.cl\/new\/","logo":{"@type":"ImageObject","inLanguage":"es","@id":"https:\/\/www.mundoagropecuario.cl\/new\/#\/schema\/logo\/image\/","url":"https:\/\/www.mundoagropecuario.cl\/new\/wp-content\/uploads\/2020\/11\/PORTAL-1-1.png","contentUrl":"https:\/\/www.mundoagropecuario.cl\/new\/wp-content\/uploads\/2020\/11\/PORTAL-1-1.png","width":1026,"height":100,"caption":"Revista de Agricultura"},"image":{"@id":"https:\/\/www.mundoagropecuario.cl\/new\/#\/schema\/logo\/image\/"},"sameAs":["https:\/\/www.facebook.com\/mundo.agropecuario.3","https:\/\/x.com\/MundoAgropecuar","https:\/\/www.linkedin.com\/in\/mundo-agropecuario-934009201\/"]},{"@type":"Person","@id":"https:\/\/www.mundoagropecuario.cl\/new\/#\/schema\/person\/4e9f74a82a7dac260eb1c44b7eebeb18","name":"mundo","url":"https:\/\/www.mundoagropecuario.cl\/new\/author\/mundo\/"}]}},"_links":{"self":[{"href":"https:\/\/www.mundoagropecuario.cl\/new\/wp-json\/wp\/v2\/posts\/22338","targetHints":{"allow":["GET"]}}],"collection":[{"href":"https:\/\/www.mundoagropecuario.cl\/new\/wp-json\/wp\/v2\/posts"}],"about":[{"href":"https:\/\/www.mundoagropecuario.cl\/new\/wp-json\/wp\/v2\/types\/post"}],"author":[{"embeddable":true,"href":"https:\/\/www.mundoagropecuario.cl\/new\/wp-json\/wp\/v2\/users\/2"}],"replies":[{"embeddable":true,"href":"https:\/\/www.mundoagropecuario.cl\/new\/wp-json\/wp\/v2\/comments?post=22338"}],"version-history":[{"count":1,"href":"https:\/\/www.mundoagropecuario.cl\/new\/wp-json\/wp\/v2\/posts\/22338\/revisions"}],"predecessor-version":[{"id":22339,"href":"https:\/\/www.mundoagropecuario.cl\/new\/wp-json\/wp\/v2\/posts\/22338\/revisions\/22339"}],"wp:featuredmedia":[{"embeddable":true,"href":"https:\/\/www.mundoagropecuario.cl\/new\/wp-json\/wp\/v2\/media\/8625"}],"wp:attachment":[{"href":"https:\/\/www.mundoagropecuario.cl\/new\/wp-json\/wp\/v2\/media?parent=22338"}],"wp:term":[{"taxonomy":"category","embeddable":true,"href":"https:\/\/www.mundoagropecuario.cl\/new\/wp-json\/wp\/v2\/categories?post=22338"},{"taxonomy":"post_tag","embeddable":true,"href":"https:\/\/www.mundoagropecuario.cl\/new\/wp-json\/wp\/v2\/tags?post=22338"}],"curies":[{"name":"wp","href":"https:\/\/api.w.org\/{rel}","templated":true}]}}