{"id":22305,"date":"2022-06-29T12:05:20","date_gmt":"2022-06-29T15:05:20","guid":{"rendered":"https:\/\/www.mundoagropecuario.cl\/new\/?p=22305"},"modified":"2022-07-04T13:42:41","modified_gmt":"2022-07-04T16:42:41","slug":"nestle-encamina-al-rubro-lechero-hacia-la-agricultura-regenerativa","status":"publish","type":"post","link":"https:\/\/www.mundoagropecuario.cl\/new\/nestle-encamina-al-rubro-lechero-hacia-la-agricultura-regenerativa\/","title":{"rendered":"Nestl\u00e9 encamina al rubro lechero hacia la agricultura regenerativa"},"content":{"rendered":"<blockquote>\n<h2><span style=\"color: #003300;\">Expertos del INIA y de la Universidad Austral junto a productores de leche, autoridades y colaboradores de Nestl\u00e9, dialogaron sobre los principales desaf\u00edos de la agricultura regenerativa y c\u00f3mo \u00e9sta permite avanzar hacia una producci\u00f3n m\u00e1s sostenible.<\/span><\/h2>\n<\/blockquote>\n<p>Con el objetivo de dialogar en torno a una producci\u00f3n alimentaria m\u00e1s sostenible, Nestl\u00e9 Chile realiz\u00f3 en su f\u00e1brica Cancura, ubicada en Osorno, el encuentro \u201cTransitando hacia un modelo agroalimentario regenerativo\u201d, instancia en la que la compa\u00f1\u00eda junto al Instituto de Investigaciones Agropecuarias (INIA), la Universidad Austral de Chile y productores de leche fresca de la zona, dieron a conocer los avances del trabajo colaborativo que vienen desarrollando en torno a este innovador modelo alimentario.<\/p>\n<p>La instancia cont\u00f3 con las exposiciones de Enrique Vega, Gerente de Estrategia y Pol\u00edtica Lechera de Nestl\u00e9 Chile; Francisco Salazar, Investigador INIA Remehue; M\u00e1ximo Alonso, director del Instituto de Producci\u00f3n Animal de la Universidad Austral de Chile; y Mauricio Mart\u00ednez due\u00f1o del Fundo \u201cLa Chacra\u201d, quien habl\u00f3 sobre su experiencia en el proyecto de convertirse en una de las primeras lecher\u00edas carbono neutro de Chile.<\/p>\n","protected":false},"excerpt":{"rendered":"<p>Nestl\u00e9 Chile realiz\u00f3 en su f\u00e1brica Cancura, ubicada en Osorno, el encuentro \u201cTransitando hacia un modelo agroalimentario regenerativo\u201d<\/p>\n","protected":false},"author":2,"featured_media":22306,"comment_status":"closed","ping_status":"closed","sticky":false,"template":"","format":"standard","meta":{"footnotes":""},"categories":[1946],"tags":[2052,1993,2051,2150,578,1072],"class_list":["post-22305","post","type-post","status-publish","format-standard","has-post-thumbnail","hentry","category-lacteos","tag-inia","tag-inia-remehue","tag-leche","tag-nestle","tag-uach","tag-universidad-austral-de-chile"],"yoast_head":"<!-- This site is optimized with the Yoast SEO plugin v26.6 - https:\/\/yoast.com\/wordpress\/plugins\/seo\/ -->\n<title>Nestl\u00e9 encamina al rubro lechero hacia la agricultura regenerativa - Mundoagropecuario<\/title>\n<meta name=\"description\" content=\"Nestl\u00e9 Chile realiz\u00f3 en su f\u00e1brica Cancura, ubicada en Osorno, el encuentro \u201cTransitando hacia un modelo agroalimentario regenerativo\u201d\" \/>\n<meta name=\"robots\" content=\"index, follow, max-snippet:-1, max-image-preview:large, max-video-preview:-1\" \/>\n<link rel=\"canonical\" href=\"https:\/\/www.mundoagropecuario.cl\/new\/nestle-encamina-al-rubro-lechero-hacia-la-agricultura-regenerativa\/\" \/>\n<meta property=\"og:locale\" content=\"es_ES\" \/>\n<meta property=\"og:type\" content=\"article\" \/>\n<meta property=\"og:title\" content=\"Nestl\u00e9 encamina al rubro lechero hacia la agricultura regenerativa - Mundoagropecuario\" \/>\n<meta property=\"og:description\" content=\"Nestl\u00e9 Chile realiz\u00f3 en su f\u00e1brica Cancura, ubicada en Osorno, el encuentro \u201cTransitando hacia un modelo agroalimentario regenerativo\u201d\" \/>\n<meta property=\"og:url\" content=\"https:\/\/www.mundoagropecuario.cl\/new\/nestle-encamina-al-rubro-lechero-hacia-la-agricultura-regenerativa\/\" \/>\n<meta property=\"og:site_name\" content=\"Mundoagropecuario\" \/>\n<meta property=\"article:publisher\" content=\"https:\/\/www.facebook.com\/mundo.agropecuario.3\" \/>\n<meta property=\"article:published_time\" content=\"2022-06-29T15:05:20+00:00\" \/>\n<meta property=\"article:modified_time\" content=\"2022-07-04T16:42:41+00:00\" \/>\n<meta property=\"og:image\" content=\"https:\/\/www.mundoagropecuario.cl\/new\/wp-content\/uploads\/2022\/06\/Nestle-.jpeg\" \/>\n\t<meta property=\"og:image:width\" content=\"750\" \/>\n\t<meta property=\"og:image:height\" content=\"450\" \/>\n\t<meta property=\"og:image:type\" content=\"image\/jpeg\" \/>\n<meta name=\"author\" content=\"mundo\" \/>\n<meta name=\"twitter:card\" content=\"summary_large_image\" \/>\n<meta name=\"twitter:creator\" content=\"@MundoAgropecuar\" \/>\n<meta name=\"twitter:site\" content=\"@MundoAgropecuar\" \/>\n<meta name=\"twitter:label1\" content=\"Escrito por\" \/>\n\t<meta name=\"twitter:data1\" content=\"mundo\" \/>\n\t<meta name=\"twitter:label2\" content=\"Tiempo de lectura\" \/>\n\t<meta name=\"twitter:data2\" content=\"1 minuto\" \/>\n<script type=\"application\/ld+json\" class=\"yoast-schema-graph\">{\"@context\":\"https:\/\/schema.org\",\"@graph\":[{\"@type\":\"Article\",\"@id\":\"https:\/\/www.mundoagropecuario.cl\/new\/nestle-encamina-al-rubro-lechero-hacia-la-agricultura-regenerativa\/#article\",\"isPartOf\":{\"@id\":\"https:\/\/www.mundoagropecuario.cl\/new\/nestle-encamina-al-rubro-lechero-hacia-la-agricultura-regenerativa\/\"},\"author\":{\"name\":\"mundo\",\"@id\":\"https:\/\/www.mundoagropecuario.cl\/new\/#\/schema\/person\/4e9f74a82a7dac260eb1c44b7eebeb18\"},\"headline\":\"Nestl\u00e9 encamina al rubro lechero hacia la agricultura regenerativa\",\"datePublished\":\"2022-06-29T15:05:20+00:00\",\"dateModified\":\"2022-07-04T16:42:41+00:00\",\"mainEntityOfPage\":{\"@id\":\"https:\/\/www.mundoagropecuario.cl\/new\/nestle-encamina-al-rubro-lechero-hacia-la-agricultura-regenerativa\/\"},\"wordCount\":200,\"publisher\":{\"@id\":\"https:\/\/www.mundoagropecuario.cl\/new\/#organization\"},\"image\":{\"@id\":\"https:\/\/www.mundoagropecuario.cl\/new\/nestle-encamina-al-rubro-lechero-hacia-la-agricultura-regenerativa\/#primaryimage\"},\"thumbnailUrl\":\"https:\/\/www.mundoagropecuario.cl\/new\/wp-content\/uploads\/2022\/06\/Nestle-.jpeg\",\"keywords\":[\"INIA\",\"INIA Remehue\",\"Leche\",\"Nestl\u00e9\",\"UACh\",\"Universidad Austral de Chile\"],\"articleSection\":[\"L\u00e1cteos\"],\"inLanguage\":\"es\"},{\"@type\":\"WebPage\",\"@id\":\"https:\/\/www.mundoagropecuario.cl\/new\/nestle-encamina-al-rubro-lechero-hacia-la-agricultura-regenerativa\/\",\"url\":\"https:\/\/www.mundoagropecuario.cl\/new\/nestle-encamina-al-rubro-lechero-hacia-la-agricultura-regenerativa\/\",\"name\":\"Nestl\u00e9 encamina al rubro lechero hacia la agricultura regenerativa - Mundoagropecuario\",\"isPartOf\":{\"@id\":\"https:\/\/www.mundoagropecuario.cl\/new\/#website\"},\"primaryImageOfPage\":{\"@id\":\"https:\/\/www.mundoagropecuario.cl\/new\/nestle-encamina-al-rubro-lechero-hacia-la-agricultura-regenerativa\/#primaryimage\"},\"image\":{\"@id\":\"https:\/\/www.mundoagropecuario.cl\/new\/nestle-encamina-al-rubro-lechero-hacia-la-agricultura-regenerativa\/#primaryimage\"},\"thumbnailUrl\":\"https:\/\/www.mundoagropecuario.cl\/new\/wp-content\/uploads\/2022\/06\/Nestle-.jpeg\",\"datePublished\":\"2022-06-29T15:05:20+00:00\",\"dateModified\":\"2022-07-04T16:42:41+00:00\",\"description\":\"Nestl\u00e9 Chile realiz\u00f3 en su f\u00e1brica Cancura, ubicada en Osorno, el encuentro \u201cTransitando hacia un modelo agroalimentario regenerativo\u201d\",\"breadcrumb\":{\"@id\":\"https:\/\/www.mundoagropecuario.cl\/new\/nestle-encamina-al-rubro-lechero-hacia-la-agricultura-regenerativa\/#breadcrumb\"},\"inLanguage\":\"es\",\"potentialAction\":[{\"@type\":\"ReadAction\",\"target\":[\"https:\/\/www.mundoagropecuario.cl\/new\/nestle-encamina-al-rubro-lechero-hacia-la-agricultura-regenerativa\/\"]}]},{\"@type\":\"ImageObject\",\"inLanguage\":\"es\",\"@id\":\"https:\/\/www.mundoagropecuario.cl\/new\/nestle-encamina-al-rubro-lechero-hacia-la-agricultura-regenerativa\/#primaryimage\",\"url\":\"https:\/\/www.mundoagropecuario.cl\/new\/wp-content\/uploads\/2022\/06\/Nestle-.jpeg\",\"contentUrl\":\"https:\/\/www.mundoagropecuario.cl\/new\/wp-content\/uploads\/2022\/06\/Nestle-.jpeg\",\"width\":667,\"height\":400},{\"@type\":\"BreadcrumbList\",\"@id\":\"https:\/\/www.mundoagropecuario.cl\/new\/nestle-encamina-al-rubro-lechero-hacia-la-agricultura-regenerativa\/#breadcrumb\",\"itemListElement\":[{\"@type\":\"ListItem\",\"position\":1,\"name\":\"Portada\",\"item\":\"https:\/\/www.mundoagropecuario.cl\/new\/\"},{\"@type\":\"ListItem\",\"position\":2,\"name\":\"Nestl\u00e9 encamina al rubro lechero hacia la agricultura regenerativa\"}]},{\"@type\":\"WebSite\",\"@id\":\"https:\/\/www.mundoagropecuario.cl\/new\/#website\",\"url\":\"https:\/\/www.mundoagropecuario.cl\/new\/\",\"name\":\"Mundoagropecuario\",\"description\":\"Mundo Agropecuario\",\"publisher\":{\"@id\":\"https:\/\/www.mundoagropecuario.cl\/new\/#organization\"},\"potentialAction\":[{\"@type\":\"SearchAction\",\"target\":{\"@type\":\"EntryPoint\",\"urlTemplate\":\"https:\/\/www.mundoagropecuario.cl\/new\/?s={search_term_string}\"},\"query-input\":{\"@type\":\"PropertyValueSpecification\",\"valueRequired\":true,\"valueName\":\"search_term_string\"}}],\"inLanguage\":\"es\"},{\"@type\":\"Organization\",\"@id\":\"https:\/\/www.mundoagropecuario.cl\/new\/#organization\",\"name\":\"Revista de Agricultura\",\"url\":\"https:\/\/www.mundoagropecuario.cl\/new\/\",\"logo\":{\"@type\":\"ImageObject\",\"inLanguage\":\"es\",\"@id\":\"https:\/\/www.mundoagropecuario.cl\/new\/#\/schema\/logo\/image\/\",\"url\":\"https:\/\/www.mundoagropecuario.cl\/new\/wp-content\/uploads\/2020\/11\/PORTAL-1-1.png\",\"contentUrl\":\"https:\/\/www.mundoagropecuario.cl\/new\/wp-content\/uploads\/2020\/11\/PORTAL-1-1.png\",\"width\":1026,\"height\":100,\"caption\":\"Revista de Agricultura\"},\"image\":{\"@id\":\"https:\/\/www.mundoagropecuario.cl\/new\/#\/schema\/logo\/image\/\"},\"sameAs\":[\"https:\/\/www.facebook.com\/mundo.agropecuario.3\",\"https:\/\/x.com\/MundoAgropecuar\",\"https:\/\/www.linkedin.com\/in\/mundo-agropecuario-934009201\/\"]},{\"@type\":\"Person\",\"@id\":\"https:\/\/www.mundoagropecuario.cl\/new\/#\/schema\/person\/4e9f74a82a7dac260eb1c44b7eebeb18\",\"name\":\"mundo\",\"url\":\"https:\/\/www.mundoagropecuario.cl\/new\/author\/mundo\/\"}]}<\/script>\n<!-- \/ Yoast SEO plugin. -->","yoast_head_json":{"title":"Nestl\u00e9 encamina al rubro lechero hacia la agricultura regenerativa - Mundoagropecuario","description":"Nestl\u00e9 Chile realiz\u00f3 en su f\u00e1brica Cancura, ubicada en Osorno, el encuentro \u201cTransitando hacia un modelo agroalimentario regenerativo\u201d","robots":{"index":"index","follow":"follow","max-snippet":"max-snippet:-1","max-image-preview":"max-image-preview:large","max-video-preview":"max-video-preview:-1"},"canonical":"https:\/\/www.mundoagropecuario.cl\/new\/nestle-encamina-al-rubro-lechero-hacia-la-agricultura-regenerativa\/","og_locale":"es_ES","og_type":"article","og_title":"Nestl\u00e9 encamina al rubro lechero hacia la agricultura regenerativa - Mundoagropecuario","og_description":"Nestl\u00e9 Chile realiz\u00f3 en su f\u00e1brica Cancura, ubicada en Osorno, el encuentro \u201cTransitando hacia un modelo agroalimentario regenerativo\u201d","og_url":"https:\/\/www.mundoagropecuario.cl\/new\/nestle-encamina-al-rubro-lechero-hacia-la-agricultura-regenerativa\/","og_site_name":"Mundoagropecuario","article_publisher":"https:\/\/www.facebook.com\/mundo.agropecuario.3","article_published_time":"2022-06-29T15:05:20+00:00","article_modified_time":"2022-07-04T16:42:41+00:00","og_image":[{"width":750,"height":450,"url":"https:\/\/www.mundoagropecuario.cl\/new\/wp-content\/uploads\/2022\/06\/Nestle-.jpeg","type":"image\/jpeg"}],"author":"mundo","twitter_card":"summary_large_image","twitter_creator":"@MundoAgropecuar","twitter_site":"@MundoAgropecuar","twitter_misc":{"Escrito por":"mundo","Tiempo de lectura":"1 minuto"},"schema":{"@context":"https:\/\/schema.org","@graph":[{"@type":"Article","@id":"https:\/\/www.mundoagropecuario.cl\/new\/nestle-encamina-al-rubro-lechero-hacia-la-agricultura-regenerativa\/#article","isPartOf":{"@id":"https:\/\/www.mundoagropecuario.cl\/new\/nestle-encamina-al-rubro-lechero-hacia-la-agricultura-regenerativa\/"},"author":{"name":"mundo","@id":"https:\/\/www.mundoagropecuario.cl\/new\/#\/schema\/person\/4e9f74a82a7dac260eb1c44b7eebeb18"},"headline":"Nestl\u00e9 encamina al rubro lechero hacia la agricultura regenerativa","datePublished":"2022-06-29T15:05:20+00:00","dateModified":"2022-07-04T16:42:41+00:00","mainEntityOfPage":{"@id":"https:\/\/www.mundoagropecuario.cl\/new\/nestle-encamina-al-rubro-lechero-hacia-la-agricultura-regenerativa\/"},"wordCount":200,"publisher":{"@id":"https:\/\/www.mundoagropecuario.cl\/new\/#organization"},"image":{"@id":"https:\/\/www.mundoagropecuario.cl\/new\/nestle-encamina-al-rubro-lechero-hacia-la-agricultura-regenerativa\/#primaryimage"},"thumbnailUrl":"https:\/\/www.mundoagropecuario.cl\/new\/wp-content\/uploads\/2022\/06\/Nestle-.jpeg","keywords":["INIA","INIA Remehue","Leche","Nestl\u00e9","UACh","Universidad Austral de Chile"],"articleSection":["L\u00e1cteos"],"inLanguage":"es"},{"@type":"WebPage","@id":"https:\/\/www.mundoagropecuario.cl\/new\/nestle-encamina-al-rubro-lechero-hacia-la-agricultura-regenerativa\/","url":"https:\/\/www.mundoagropecuario.cl\/new\/nestle-encamina-al-rubro-lechero-hacia-la-agricultura-regenerativa\/","name":"Nestl\u00e9 encamina al rubro lechero hacia la agricultura regenerativa - Mundoagropecuario","isPartOf":{"@id":"https:\/\/www.mundoagropecuario.cl\/new\/#website"},"primaryImageOfPage":{"@id":"https:\/\/www.mundoagropecuario.cl\/new\/nestle-encamina-al-rubro-lechero-hacia-la-agricultura-regenerativa\/#primaryimage"},"image":{"@id":"https:\/\/www.mundoagropecuario.cl\/new\/nestle-encamina-al-rubro-lechero-hacia-la-agricultura-regenerativa\/#primaryimage"},"thumbnailUrl":"https:\/\/www.mundoagropecuario.cl\/new\/wp-content\/uploads\/2022\/06\/Nestle-.jpeg","datePublished":"2022-06-29T15:05:20+00:00","dateModified":"2022-07-04T16:42:41+00:00","description":"Nestl\u00e9 Chile realiz\u00f3 en su f\u00e1brica Cancura, ubicada en Osorno, el encuentro \u201cTransitando hacia un modelo agroalimentario regenerativo\u201d","breadcrumb":{"@id":"https:\/\/www.mundoagropecuario.cl\/new\/nestle-encamina-al-rubro-lechero-hacia-la-agricultura-regenerativa\/#breadcrumb"},"inLanguage":"es","potentialAction":[{"@type":"ReadAction","target":["https:\/\/www.mundoagropecuario.cl\/new\/nestle-encamina-al-rubro-lechero-hacia-la-agricultura-regenerativa\/"]}]},{"@type":"ImageObject","inLanguage":"es","@id":"https:\/\/www.mundoagropecuario.cl\/new\/nestle-encamina-al-rubro-lechero-hacia-la-agricultura-regenerativa\/#primaryimage","url":"https:\/\/www.mundoagropecuario.cl\/new\/wp-content\/uploads\/2022\/06\/Nestle-.jpeg","contentUrl":"https:\/\/www.mundoagropecuario.cl\/new\/wp-content\/uploads\/2022\/06\/Nestle-.jpeg","width":667,"height":400},{"@type":"BreadcrumbList","@id":"https:\/\/www.mundoagropecuario.cl\/new\/nestle-encamina-al-rubro-lechero-hacia-la-agricultura-regenerativa\/#breadcrumb","itemListElement":[{"@type":"ListItem","position":1,"name":"Portada","item":"https:\/\/www.mundoagropecuario.cl\/new\/"},{"@type":"ListItem","position":2,"name":"Nestl\u00e9 encamina al rubro lechero hacia la agricultura regenerativa"}]},{"@type":"WebSite","@id":"https:\/\/www.mundoagropecuario.cl\/new\/#website","url":"https:\/\/www.mundoagropecuario.cl\/new\/","name":"Mundoagropecuario","description":"Mundo Agropecuario","publisher":{"@id":"https:\/\/www.mundoagropecuario.cl\/new\/#organization"},"potentialAction":[{"@type":"SearchAction","target":{"@type":"EntryPoint","urlTemplate":"https:\/\/www.mundoagropecuario.cl\/new\/?s={search_term_string}"},"query-input":{"@type":"PropertyValueSpecification","valueRequired":true,"valueName":"search_term_string"}}],"inLanguage":"es"},{"@type":"Organization","@id":"https:\/\/www.mundoagropecuario.cl\/new\/#organization","name":"Revista de Agricultura","url":"https:\/\/www.mundoagropecuario.cl\/new\/","logo":{"@type":"ImageObject","inLanguage":"es","@id":"https:\/\/www.mundoagropecuario.cl\/new\/#\/schema\/logo\/image\/","url":"https:\/\/www.mundoagropecuario.cl\/new\/wp-content\/uploads\/2020\/11\/PORTAL-1-1.png","contentUrl":"https:\/\/www.mundoagropecuario.cl\/new\/wp-content\/uploads\/2020\/11\/PORTAL-1-1.png","width":1026,"height":100,"caption":"Revista de Agricultura"},"image":{"@id":"https:\/\/www.mundoagropecuario.cl\/new\/#\/schema\/logo\/image\/"},"sameAs":["https:\/\/www.facebook.com\/mundo.agropecuario.3","https:\/\/x.com\/MundoAgropecuar","https:\/\/www.linkedin.com\/in\/mundo-agropecuario-934009201\/"]},{"@type":"Person","@id":"https:\/\/www.mundoagropecuario.cl\/new\/#\/schema\/person\/4e9f74a82a7dac260eb1c44b7eebeb18","name":"mundo","url":"https:\/\/www.mundoagropecuario.cl\/new\/author\/mundo\/"}]}},"_links":{"self":[{"href":"https:\/\/www.mundoagropecuario.cl\/new\/wp-json\/wp\/v2\/posts\/22305","targetHints":{"allow":["GET"]}}],"collection":[{"href":"https:\/\/www.mundoagropecuario.cl\/new\/wp-json\/wp\/v2\/posts"}],"about":[{"href":"https:\/\/www.mundoagropecuario.cl\/new\/wp-json\/wp\/v2\/types\/post"}],"author":[{"embeddable":true,"href":"https:\/\/www.mundoagropecuario.cl\/new\/wp-json\/wp\/v2\/users\/2"}],"replies":[{"embeddable":true,"href":"https:\/\/www.mundoagropecuario.cl\/new\/wp-json\/wp\/v2\/comments?post=22305"}],"version-history":[{"count":2,"href":"https:\/\/www.mundoagropecuario.cl\/new\/wp-json\/wp\/v2\/posts\/22305\/revisions"}],"predecessor-version":[{"id":22308,"href":"https:\/\/www.mundoagropecuario.cl\/new\/wp-json\/wp\/v2\/posts\/22305\/revisions\/22308"}],"wp:featuredmedia":[{"embeddable":true,"href":"https:\/\/www.mundoagropecuario.cl\/new\/wp-json\/wp\/v2\/media\/22306"}],"wp:attachment":[{"href":"https:\/\/www.mundoagropecuario.cl\/new\/wp-json\/wp\/v2\/media?parent=22305"}],"wp:term":[{"taxonomy":"category","embeddable":true,"href":"https:\/\/www.mundoagropecuario.cl\/new\/wp-json\/wp\/v2\/categories?post=22305"},{"taxonomy":"post_tag","embeddable":true,"href":"https:\/\/www.mundoagropecuario.cl\/new\/wp-json\/wp\/v2\/tags?post=22305"}],"curies":[{"name":"wp","href":"https:\/\/api.w.org\/{rel}","templated":true}]}}