{"id":22258,"date":"2022-06-23T12:32:39","date_gmt":"2022-06-23T15:32:39","guid":{"rendered":"https:\/\/www.mundoagropecuario.cl\/new\/?p=22258"},"modified":"2022-06-28T12:44:56","modified_gmt":"2022-06-28T15:44:56","slug":"asoex-firma-apl-que-apoyara-a-productores-de-arandanos-de-la-region-del-biobio","status":"publish","type":"post","link":"https:\/\/www.mundoagropecuario.cl\/new\/asoex-firma-apl-que-apoyara-a-productores-de-arandanos-de-la-region-del-biobio\/","title":{"rendered":"ASOEX firma APL que apoyar\u00e1 a productores de ar\u00e1ndanos de la Regi\u00f3n del Biob\u00edo"},"content":{"rendered":"<blockquote>\n<h2><span style=\"color: #003300;\">Con el fin de incorporar tecnolog\u00edas limpias y pr\u00e1cticas sustentables en la producci\u00f3n de ar\u00e1ndanos del Biob\u00edo, ASOEX, suscribi\u00f3 un APL que beneficiar\u00e1 a la transformaci\u00f3n tecnol\u00f3gica de cerca de 30 productores de ar\u00e1ndanos de la zona.<\/span><\/h2>\n<\/blockquote>\n<p>Durante la firma virtual del APL de ar\u00e1ndanos frescos del Biob\u00edo, se ratific\u00f3 tambi\u00e9n un APL Hort\u00edcola. Ambas iniciativas ser\u00e1n financiadas con recursos del Gobierno Regional del Biob\u00edo por m\u00e1s de $318 millones, a trav\u00e9s del programa FNDR \u201cEstrategias de Producci\u00f3n Limpia para la reactivaci\u00f3n econ\u00f3mica en Regi\u00f3n del Biob\u00edo\u201d presentado por la Agencia de Sustentabilidad y Cambio Clim\u00e1tico.<\/p>\n<p><a href=\"https:\/\/www.mundoagropecuario.cl\/new\/wp-content\/uploads\/2021\/02\/arandanos_-scaled.jpg\"><img loading=\"lazy\" decoding=\"async\" class=\"size-medium wp-image-18095 alignleft\" src=\"https:\/\/www.mundoagropecuario.cl\/new\/wp-content\/uploads\/2021\/02\/arandanos_-586x242.jpg\" alt=\"\" width=\"586\" height=\"242\" srcset=\"https:\/\/www.mundoagropecuario.cl\/new\/wp-content\/uploads\/2021\/02\/arandanos_-586x242.jpg 586w, https:\/\/www.mundoagropecuario.cl\/new\/wp-content\/uploads\/2021\/02\/arandanos_-1024x422.jpg 1024w, https:\/\/www.mundoagropecuario.cl\/new\/wp-content\/uploads\/2021\/02\/arandanos_-768x317.jpg 768w, https:\/\/www.mundoagropecuario.cl\/new\/wp-content\/uploads\/2021\/02\/arandanos_-scaled.jpg 720w\" sizes=\"auto, (max-width: 586px) 100vw, 586px\" \/><\/a>Al respecto, la seremi de Agricultura del Biob\u00edo, Pamela Y\u00e1\u00f1ez, junto con valorar la adhesi\u00f3n voluntaria de los productores, puntualiz\u00f3: \u201cagradecer al gobierno regional del Biob\u00edo por el financiamiento de los APL, ya que son un importante instrumento de gesti\u00f3n que permitir\u00e1 aumentar la eficiencia productiva y, sin duda, mejorar la competitividad de estas empresas\u201d.<\/p>\n<p>En tanto, Ximena Ruz, directora ejecutiva de la Agenciade Sustentabilidad y Cambio Clim\u00e1tico, afirm\u00f3 que \u201cestamos convencidos que, para lograr avanzar en sustentabilidad, es necesario que los territorios y regiones puedan abordar sus desaf\u00edos de acuerdo con sus realidades locales, atendiendo a sus especificidades y a sus potencialidades. Por ello, desarrollar estrategias locales, como \u00e9sta, donde se recoge la opini\u00f3n de gobiernos regionales, comunales y sectores productivos pareciera ser el camino correcto\u201d.<\/p>\n<p>Cabe destacar que el documento del APL de Ar\u00e1ndanos es firmado por Ronald Bown, presidente de ASOEX, y el Gerente General de la entidad, Miguel Canala-Echeverr\u00eda; junto a los subsecretarios del Ministerio de Energ\u00eda, y del Ministerio de Medio Ambiente. Adem\u00e1s de los seremis del Biob\u00edo de salud y agricultura, el director regional del SAG e INIA, as\u00ed como representantes de ODEPA y de la Asociaci\u00f3n de Municipalidades de la Regi\u00f3n del Biob\u00edo.<\/p>\n<p><strong><span style=\"color: #003300;\">Fortalecer la sustentabilidad y competitividad de los ar\u00e1ndanos<\/span><\/strong><\/p>\n<p>El APL de Ar\u00e1ndanos Frescos est\u00e1 dirigido a productores de la Provincia del Biob\u00edo, con la finalidad de fortalecer la sustentabilidad de las empresas productoras de ar\u00e1ndanos, incorporando acciones estrat\u00e9gicas que contribuyan a la sustentabilidad de este sector y productores.<\/p>\n<p>\u201cLa industria de la fruta fresca de exportaci\u00f3n, en el marco del estudio `2030: Juntos Nuestra Fruta Valdr\u00e1`, est\u00e1 desarrollando, desde hace ya alg\u00fan tiempo, diversas acciones en materias de sustentabilidad, en sus tres ejes: medioambiental, econ\u00f3mico y social; y es en este marco que el Acuerdo de Producci\u00f3n Limpia que firmamos hoy se transforma en un paso importante en este camino. Destacamos el trabajo de nuestro Comit\u00e9 de Ar\u00e1ndanos que, junto a la Agencia de Sustentabilidad, al Gobierno Regional del Biob\u00edo, y a los productores de ar\u00e1ndanos de la regi\u00f3n, hicieron posible este Acuerdo, a trav\u00e9s del cual, se buscar\u00e1 fortalecer la sustentabilidad de las empresas productoras de ar\u00e1ndanos del Biob\u00edo, incorporando acciones estrat\u00e9gicas que contribuir\u00e1n al aumento de la competitividad, el acceso a mercados de exportaci\u00f3n y a la adaptaci\u00f3n al cambio clim\u00e1tico, mediante la entrega de mayores conocimientos y la implementaci\u00f3n de tecnolog\u00edas sustentables\u201d, precis\u00f3 Ronald Bown, Presidente de ASOEX.<\/p>\n<p>El l\u00edder de los exportadores de frutas agreg\u00f3 que, durante la temporada 2021-2022, Chile export\u00f3 al mundo m\u00e1s de 107 mil toneladas de ar\u00e1ndanos frescos.\u00a0 De este monto m\u00e1s de 10 mil toneladas salieron de la regi\u00f3n del Biob\u00edo.<\/p>\n<p><a href=\"https:\/\/www.mundoagropecuario.cl\/new\/wp-content\/uploads\/2020\/01\/ar\u00e1ndanos.jpg\"><img loading=\"lazy\" decoding=\"async\" class=\" wp-image-15616 alignright\" src=\"https:\/\/www.mundoagropecuario.cl\/new\/wp-content\/uploads\/2020\/01\/ar\u00e1ndanos-586x440.jpg\" alt=\"\" width=\"549\" height=\"427\" \/><\/a>Se destaca que el Comit\u00e9 de Ar\u00e1ndanos de Chile-ASOEX, tiene una participaci\u00f3n relevante en la coordinaci\u00f3n de este APL. Andr\u00e9s Armstrong, Director Ejecutivo de la entidad, observ\u00f3: \u201cLa firma de este APL es importante, pues permitir\u00e1 contar con recursos t\u00e9cnico-profesionales y econ\u00f3micos para apoyar la transferencia tecnol\u00f3gica a un grupo productores del Biob\u00edo. La industria del ar\u00e1ndano chileno, a trav\u00e9s del Comit\u00e9 de Ar\u00e1ndanos, est\u00e1 avanzando, desde diversas \u00e1reas y acciones, en mejorar la calidad de la fruta y as\u00ed incrementar la competitividad del ar\u00e1ndano chileno en los mercados internacionales. Este APL, sobre todo nacido de un compromiso voluntario de quienes participan, aporta en ese sentido\u201d.<\/p>\n<p>Por su parte, la gerenta T\u00e9cnica del Comit\u00e9, Julia Pinto, explic\u00f3 los objetivos espec\u00edficos y algunas de las metas de este APL. \u201cLos objetivos est\u00e1n orientados a aspectos claves para la industria, como son el uso eficiente del agua y la energ\u00eda, el manejo de residuos y agroqu\u00edmicos, as\u00ed como manejos y producci\u00f3n sustentables. Para ello, nos hemos propuesto metas que nos permitir\u00e1n medir y focalizar las acciones como, por ejemplo, el monitoreo, uso y consumo del recurso h\u00eddrico, mejorar la gesti\u00f3n y eficiencia energ\u00e9tica, y elaborar e implementar un plan de inversi\u00f3n en tecnolog\u00edas limpias que contribuya al crecimiento sustentable del sector, por nombrar algunas de estas metas\u201d, coment\u00f3.<\/p>\n<p><strong><span style=\"color: #003300;\">La profesional, inform\u00f3 que en relaci\u00f3n a los objetivos espec\u00edficos estos dicen relaci\u00f3n a:<\/span><\/strong><\/p>\n<p>Aumentar el conocimiento de los productores agr\u00edcolas y desarrollar capacidades en las tem\u00e1ticas del Acuerdo.<\/p>\n<p>Incorporar buenas pr\u00e1cticas de manejo, prevenci\u00f3n, t\u00e9cnicas de producci\u00f3n eficiente y pr\u00e1cticas sustentables.<\/p>\n<p>Gestionar de manera eficiente, los recursos h\u00eddricos, energ\u00e9ticos y suelo.<\/p>\n<p>Identificar y gestionar los residuos generados en el proceso productivo.<\/p>\n<p>Incorporar nuevas tecnolog\u00edas que permitan desarrollar una producci\u00f3n sustentable.<\/p>\n","protected":false},"excerpt":{"rendered":"<p>El l\u00edder de los exportadores de frutas agreg\u00f3 que, durante la temporada 2021-2022, Chile export\u00f3 al mundo m\u00e1s de 107 mil toneladas de ar\u00e1ndanos frescos.\u00a0 De este monto m\u00e1s de 10 mil toneladas salieron de la regi\u00f3n del Biob\u00edo.<\/p>\n","protected":false},"author":2,"featured_media":12637,"comment_status":"closed","ping_status":"closed","sticky":false,"template":"","format":"standard","meta":{"footnotes":""},"categories":[1986],"tags":[2090,3127,2096,2177,7132,4515],"class_list":["post-22258","post","type-post","status-publish","format-standard","has-post-thumbnail","hentry","category-frutas","tag-agricultura","tag-agro","tag-arandanos","tag-asoex","tag-competitividad-de-los-arandanos","tag-productores-de-arandanos"],"yoast_head":"<!-- This site is optimized with the Yoast SEO plugin v26.6 - https:\/\/yoast.com\/wordpress\/plugins\/seo\/ -->\n<title>ASOEX firma APL que apoyar\u00e1 a productores de ar\u00e1ndanos de la Regi\u00f3n del Biob\u00edo - Mundoagropecuario<\/title>\n<meta name=\"description\" content=\"Durante la temporada 2021-2022, Chile export\u00f3 al mundo m\u00e1s de 107 mil toneladas de ar\u00e1ndanos.\u00a010 mil toneladas de la regi\u00f3n del Biob\u00edo.\" \/>\n<meta name=\"robots\" content=\"index, follow, max-snippet:-1, max-image-preview:large, max-video-preview:-1\" \/>\n<link rel=\"canonical\" href=\"https:\/\/www.mundoagropecuario.cl\/new\/asoex-firma-apl-que-apoyara-a-productores-de-arandanos-de-la-region-del-biobio\/\" \/>\n<meta property=\"og:locale\" content=\"es_ES\" \/>\n<meta property=\"og:type\" content=\"article\" \/>\n<meta property=\"og:title\" content=\"ASOEX firma APL que apoyar\u00e1 a productores de ar\u00e1ndanos de la Regi\u00f3n del Biob\u00edo - Mundoagropecuario\" \/>\n<meta property=\"og:description\" content=\"Durante la temporada 2021-2022, Chile export\u00f3 al mundo m\u00e1s de 107 mil toneladas de ar\u00e1ndanos.\u00a010 mil toneladas de la regi\u00f3n del Biob\u00edo.\" \/>\n<meta property=\"og:url\" content=\"https:\/\/www.mundoagropecuario.cl\/new\/asoex-firma-apl-que-apoyara-a-productores-de-arandanos-de-la-region-del-biobio\/\" \/>\n<meta property=\"og:site_name\" content=\"Mundoagropecuario\" \/>\n<meta property=\"article:publisher\" content=\"https:\/\/www.facebook.com\/mundo.agropecuario.3\" \/>\n<meta property=\"article:published_time\" content=\"2022-06-23T15:32:39+00:00\" \/>\n<meta property=\"article:modified_time\" content=\"2022-06-28T15:44:56+00:00\" \/>\n<meta property=\"og:image\" content=\"https:\/\/www.mundoagropecuario.cl\/new\/wp-content\/uploads\/2019\/07\/AgroSeguros-Ar\u00e1ndanos-y-frambuesas.jpg\" \/>\n\t<meta property=\"og:image:width\" content=\"948\" \/>\n\t<meta property=\"og:image:height\" content=\"720\" \/>\n\t<meta property=\"og:image:type\" content=\"image\/jpeg\" \/>\n<meta name=\"author\" content=\"mundo\" \/>\n<meta name=\"twitter:card\" content=\"summary_large_image\" \/>\n<meta name=\"twitter:creator\" content=\"@MundoAgropecuar\" \/>\n<meta name=\"twitter:site\" content=\"@MundoAgropecuar\" \/>\n<meta name=\"twitter:label1\" content=\"Escrito por\" \/>\n\t<meta name=\"twitter:data1\" content=\"mundo\" \/>\n\t<meta name=\"twitter:label2\" content=\"Tiempo de lectura\" \/>\n\t<meta name=\"twitter:data2\" content=\"5 minutos\" \/>\n<script type=\"application\/ld+json\" class=\"yoast-schema-graph\">{\"@context\":\"https:\/\/schema.org\",\"@graph\":[{\"@type\":\"Article\",\"@id\":\"https:\/\/www.mundoagropecuario.cl\/new\/asoex-firma-apl-que-apoyara-a-productores-de-arandanos-de-la-region-del-biobio\/#article\",\"isPartOf\":{\"@id\":\"https:\/\/www.mundoagropecuario.cl\/new\/asoex-firma-apl-que-apoyara-a-productores-de-arandanos-de-la-region-del-biobio\/\"},\"author\":{\"name\":\"mundo\",\"@id\":\"https:\/\/www.mundoagropecuario.cl\/new\/#\/schema\/person\/4e9f74a82a7dac260eb1c44b7eebeb18\"},\"headline\":\"ASOEX firma APL que apoyar\u00e1 a productores de ar\u00e1ndanos de la Regi\u00f3n del Biob\u00edo\",\"datePublished\":\"2022-06-23T15:32:39+00:00\",\"dateModified\":\"2022-06-28T15:44:56+00:00\",\"mainEntityOfPage\":{\"@id\":\"https:\/\/www.mundoagropecuario.cl\/new\/asoex-firma-apl-que-apoyara-a-productores-de-arandanos-de-la-region-del-biobio\/\"},\"wordCount\":940,\"publisher\":{\"@id\":\"https:\/\/www.mundoagropecuario.cl\/new\/#organization\"},\"image\":{\"@id\":\"https:\/\/www.mundoagropecuario.cl\/new\/asoex-firma-apl-que-apoyara-a-productores-de-arandanos-de-la-region-del-biobio\/#primaryimage\"},\"thumbnailUrl\":\"https:\/\/www.mundoagropecuario.cl\/new\/wp-content\/uploads\/2019\/07\/AgroSeguros-Ar\u00e1ndanos-y-frambuesas.jpg\",\"keywords\":[\"Agricultura\",\"Agro\",\"Ar\u00e1ndanos\",\"Asoex\",\"competitividad de los ar\u00e1ndanos\",\"productores de ar\u00e1ndanos\"],\"articleSection\":[\"Frutas\"],\"inLanguage\":\"es\"},{\"@type\":\"WebPage\",\"@id\":\"https:\/\/www.mundoagropecuario.cl\/new\/asoex-firma-apl-que-apoyara-a-productores-de-arandanos-de-la-region-del-biobio\/\",\"url\":\"https:\/\/www.mundoagropecuario.cl\/new\/asoex-firma-apl-que-apoyara-a-productores-de-arandanos-de-la-region-del-biobio\/\",\"name\":\"ASOEX firma APL que apoyar\u00e1 a productores de ar\u00e1ndanos de la Regi\u00f3n del Biob\u00edo - Mundoagropecuario\",\"isPartOf\":{\"@id\":\"https:\/\/www.mundoagropecuario.cl\/new\/#website\"},\"primaryImageOfPage\":{\"@id\":\"https:\/\/www.mundoagropecuario.cl\/new\/asoex-firma-apl-que-apoyara-a-productores-de-arandanos-de-la-region-del-biobio\/#primaryimage\"},\"image\":{\"@id\":\"https:\/\/www.mundoagropecuario.cl\/new\/asoex-firma-apl-que-apoyara-a-productores-de-arandanos-de-la-region-del-biobio\/#primaryimage\"},\"thumbnailUrl\":\"https:\/\/www.mundoagropecuario.cl\/new\/wp-content\/uploads\/2019\/07\/AgroSeguros-Ar\u00e1ndanos-y-frambuesas.jpg\",\"datePublished\":\"2022-06-23T15:32:39+00:00\",\"dateModified\":\"2022-06-28T15:44:56+00:00\",\"description\":\"Durante la temporada 2021-2022, Chile export\u00f3 al mundo m\u00e1s de 107 mil toneladas de ar\u00e1ndanos.\u00a010 mil toneladas de la regi\u00f3n del Biob\u00edo.\",\"breadcrumb\":{\"@id\":\"https:\/\/www.mundoagropecuario.cl\/new\/asoex-firma-apl-que-apoyara-a-productores-de-arandanos-de-la-region-del-biobio\/#breadcrumb\"},\"inLanguage\":\"es\",\"potentialAction\":[{\"@type\":\"ReadAction\",\"target\":[\"https:\/\/www.mundoagropecuario.cl\/new\/asoex-firma-apl-que-apoyara-a-productores-de-arandanos-de-la-region-del-biobio\/\"]}]},{\"@type\":\"ImageObject\",\"inLanguage\":\"es\",\"@id\":\"https:\/\/www.mundoagropecuario.cl\/new\/asoex-firma-apl-que-apoyara-a-productores-de-arandanos-de-la-region-del-biobio\/#primaryimage\",\"url\":\"https:\/\/www.mundoagropecuario.cl\/new\/wp-content\/uploads\/2019\/07\/AgroSeguros-Ar\u00e1ndanos-y-frambuesas.jpg\",\"contentUrl\":\"https:\/\/www.mundoagropecuario.cl\/new\/wp-content\/uploads\/2019\/07\/AgroSeguros-Ar\u00e1ndanos-y-frambuesas.jpg\",\"width\":527,\"height\":400},{\"@type\":\"BreadcrumbList\",\"@id\":\"https:\/\/www.mundoagropecuario.cl\/new\/asoex-firma-apl-que-apoyara-a-productores-de-arandanos-de-la-region-del-biobio\/#breadcrumb\",\"itemListElement\":[{\"@type\":\"ListItem\",\"position\":1,\"name\":\"Portada\",\"item\":\"https:\/\/www.mundoagropecuario.cl\/new\/\"},{\"@type\":\"ListItem\",\"position\":2,\"name\":\"ASOEX firma APL que apoyar\u00e1 a productores de ar\u00e1ndanos de la Regi\u00f3n del Biob\u00edo\"}]},{\"@type\":\"WebSite\",\"@id\":\"https:\/\/www.mundoagropecuario.cl\/new\/#website\",\"url\":\"https:\/\/www.mundoagropecuario.cl\/new\/\",\"name\":\"Mundoagropecuario\",\"description\":\"Mundo Agropecuario\",\"publisher\":{\"@id\":\"https:\/\/www.mundoagropecuario.cl\/new\/#organization\"},\"potentialAction\":[{\"@type\":\"SearchAction\",\"target\":{\"@type\":\"EntryPoint\",\"urlTemplate\":\"https:\/\/www.mundoagropecuario.cl\/new\/?s={search_term_string}\"},\"query-input\":{\"@type\":\"PropertyValueSpecification\",\"valueRequired\":true,\"valueName\":\"search_term_string\"}}],\"inLanguage\":\"es\"},{\"@type\":\"Organization\",\"@id\":\"https:\/\/www.mundoagropecuario.cl\/new\/#organization\",\"name\":\"Revista de Agricultura\",\"url\":\"https:\/\/www.mundoagropecuario.cl\/new\/\",\"logo\":{\"@type\":\"ImageObject\",\"inLanguage\":\"es\",\"@id\":\"https:\/\/www.mundoagropecuario.cl\/new\/#\/schema\/logo\/image\/\",\"url\":\"https:\/\/www.mundoagropecuario.cl\/new\/wp-content\/uploads\/2020\/11\/PORTAL-1-1.png\",\"contentUrl\":\"https:\/\/www.mundoagropecuario.cl\/new\/wp-content\/uploads\/2020\/11\/PORTAL-1-1.png\",\"width\":1026,\"height\":100,\"caption\":\"Revista de Agricultura\"},\"image\":{\"@id\":\"https:\/\/www.mundoagropecuario.cl\/new\/#\/schema\/logo\/image\/\"},\"sameAs\":[\"https:\/\/www.facebook.com\/mundo.agropecuario.3\",\"https:\/\/x.com\/MundoAgropecuar\",\"https:\/\/www.linkedin.com\/in\/mundo-agropecuario-934009201\/\"]},{\"@type\":\"Person\",\"@id\":\"https:\/\/www.mundoagropecuario.cl\/new\/#\/schema\/person\/4e9f74a82a7dac260eb1c44b7eebeb18\",\"name\":\"mundo\",\"url\":\"https:\/\/www.mundoagropecuario.cl\/new\/author\/mundo\/\"}]}<\/script>\n<!-- \/ Yoast SEO plugin. -->","yoast_head_json":{"title":"ASOEX firma APL que apoyar\u00e1 a productores de ar\u00e1ndanos de la Regi\u00f3n del Biob\u00edo - Mundoagropecuario","description":"Durante la temporada 2021-2022, Chile export\u00f3 al mundo m\u00e1s de 107 mil toneladas de ar\u00e1ndanos.\u00a010 mil toneladas de la regi\u00f3n del Biob\u00edo.","robots":{"index":"index","follow":"follow","max-snippet":"max-snippet:-1","max-image-preview":"max-image-preview:large","max-video-preview":"max-video-preview:-1"},"canonical":"https:\/\/www.mundoagropecuario.cl\/new\/asoex-firma-apl-que-apoyara-a-productores-de-arandanos-de-la-region-del-biobio\/","og_locale":"es_ES","og_type":"article","og_title":"ASOEX firma APL que apoyar\u00e1 a productores de ar\u00e1ndanos de la Regi\u00f3n del Biob\u00edo - Mundoagropecuario","og_description":"Durante la temporada 2021-2022, Chile export\u00f3 al mundo m\u00e1s de 107 mil toneladas de ar\u00e1ndanos.\u00a010 mil toneladas de la regi\u00f3n del Biob\u00edo.","og_url":"https:\/\/www.mundoagropecuario.cl\/new\/asoex-firma-apl-que-apoyara-a-productores-de-arandanos-de-la-region-del-biobio\/","og_site_name":"Mundoagropecuario","article_publisher":"https:\/\/www.facebook.com\/mundo.agropecuario.3","article_published_time":"2022-06-23T15:32:39+00:00","article_modified_time":"2022-06-28T15:44:56+00:00","og_image":[{"width":948,"height":720,"url":"https:\/\/www.mundoagropecuario.cl\/new\/wp-content\/uploads\/2019\/07\/AgroSeguros-Ar\u00e1ndanos-y-frambuesas.jpg","type":"image\/jpeg"}],"author":"mundo","twitter_card":"summary_large_image","twitter_creator":"@MundoAgropecuar","twitter_site":"@MundoAgropecuar","twitter_misc":{"Escrito por":"mundo","Tiempo de lectura":"5 minutos"},"schema":{"@context":"https:\/\/schema.org","@graph":[{"@type":"Article","@id":"https:\/\/www.mundoagropecuario.cl\/new\/asoex-firma-apl-que-apoyara-a-productores-de-arandanos-de-la-region-del-biobio\/#article","isPartOf":{"@id":"https:\/\/www.mundoagropecuario.cl\/new\/asoex-firma-apl-que-apoyara-a-productores-de-arandanos-de-la-region-del-biobio\/"},"author":{"name":"mundo","@id":"https:\/\/www.mundoagropecuario.cl\/new\/#\/schema\/person\/4e9f74a82a7dac260eb1c44b7eebeb18"},"headline":"ASOEX firma APL que apoyar\u00e1 a productores de ar\u00e1ndanos de la Regi\u00f3n del Biob\u00edo","datePublished":"2022-06-23T15:32:39+00:00","dateModified":"2022-06-28T15:44:56+00:00","mainEntityOfPage":{"@id":"https:\/\/www.mundoagropecuario.cl\/new\/asoex-firma-apl-que-apoyara-a-productores-de-arandanos-de-la-region-del-biobio\/"},"wordCount":940,"publisher":{"@id":"https:\/\/www.mundoagropecuario.cl\/new\/#organization"},"image":{"@id":"https:\/\/www.mundoagropecuario.cl\/new\/asoex-firma-apl-que-apoyara-a-productores-de-arandanos-de-la-region-del-biobio\/#primaryimage"},"thumbnailUrl":"https:\/\/www.mundoagropecuario.cl\/new\/wp-content\/uploads\/2019\/07\/AgroSeguros-Ar\u00e1ndanos-y-frambuesas.jpg","keywords":["Agricultura","Agro","Ar\u00e1ndanos","Asoex","competitividad de los ar\u00e1ndanos","productores de ar\u00e1ndanos"],"articleSection":["Frutas"],"inLanguage":"es"},{"@type":"WebPage","@id":"https:\/\/www.mundoagropecuario.cl\/new\/asoex-firma-apl-que-apoyara-a-productores-de-arandanos-de-la-region-del-biobio\/","url":"https:\/\/www.mundoagropecuario.cl\/new\/asoex-firma-apl-que-apoyara-a-productores-de-arandanos-de-la-region-del-biobio\/","name":"ASOEX firma APL que apoyar\u00e1 a productores de ar\u00e1ndanos de la Regi\u00f3n del Biob\u00edo - Mundoagropecuario","isPartOf":{"@id":"https:\/\/www.mundoagropecuario.cl\/new\/#website"},"primaryImageOfPage":{"@id":"https:\/\/www.mundoagropecuario.cl\/new\/asoex-firma-apl-que-apoyara-a-productores-de-arandanos-de-la-region-del-biobio\/#primaryimage"},"image":{"@id":"https:\/\/www.mundoagropecuario.cl\/new\/asoex-firma-apl-que-apoyara-a-productores-de-arandanos-de-la-region-del-biobio\/#primaryimage"},"thumbnailUrl":"https:\/\/www.mundoagropecuario.cl\/new\/wp-content\/uploads\/2019\/07\/AgroSeguros-Ar\u00e1ndanos-y-frambuesas.jpg","datePublished":"2022-06-23T15:32:39+00:00","dateModified":"2022-06-28T15:44:56+00:00","description":"Durante la temporada 2021-2022, Chile export\u00f3 al mundo m\u00e1s de 107 mil toneladas de ar\u00e1ndanos.\u00a010 mil toneladas de la regi\u00f3n del Biob\u00edo.","breadcrumb":{"@id":"https:\/\/www.mundoagropecuario.cl\/new\/asoex-firma-apl-que-apoyara-a-productores-de-arandanos-de-la-region-del-biobio\/#breadcrumb"},"inLanguage":"es","potentialAction":[{"@type":"ReadAction","target":["https:\/\/www.mundoagropecuario.cl\/new\/asoex-firma-apl-que-apoyara-a-productores-de-arandanos-de-la-region-del-biobio\/"]}]},{"@type":"ImageObject","inLanguage":"es","@id":"https:\/\/www.mundoagropecuario.cl\/new\/asoex-firma-apl-que-apoyara-a-productores-de-arandanos-de-la-region-del-biobio\/#primaryimage","url":"https:\/\/www.mundoagropecuario.cl\/new\/wp-content\/uploads\/2019\/07\/AgroSeguros-Ar\u00e1ndanos-y-frambuesas.jpg","contentUrl":"https:\/\/www.mundoagropecuario.cl\/new\/wp-content\/uploads\/2019\/07\/AgroSeguros-Ar\u00e1ndanos-y-frambuesas.jpg","width":527,"height":400},{"@type":"BreadcrumbList","@id":"https:\/\/www.mundoagropecuario.cl\/new\/asoex-firma-apl-que-apoyara-a-productores-de-arandanos-de-la-region-del-biobio\/#breadcrumb","itemListElement":[{"@type":"ListItem","position":1,"name":"Portada","item":"https:\/\/www.mundoagropecuario.cl\/new\/"},{"@type":"ListItem","position":2,"name":"ASOEX firma APL que apoyar\u00e1 a productores de ar\u00e1ndanos de la Regi\u00f3n del Biob\u00edo"}]},{"@type":"WebSite","@id":"https:\/\/www.mundoagropecuario.cl\/new\/#website","url":"https:\/\/www.mundoagropecuario.cl\/new\/","name":"Mundoagropecuario","description":"Mundo Agropecuario","publisher":{"@id":"https:\/\/www.mundoagropecuario.cl\/new\/#organization"},"potentialAction":[{"@type":"SearchAction","target":{"@type":"EntryPoint","urlTemplate":"https:\/\/www.mundoagropecuario.cl\/new\/?s={search_term_string}"},"query-input":{"@type":"PropertyValueSpecification","valueRequired":true,"valueName":"search_term_string"}}],"inLanguage":"es"},{"@type":"Organization","@id":"https:\/\/www.mundoagropecuario.cl\/new\/#organization","name":"Revista de Agricultura","url":"https:\/\/www.mundoagropecuario.cl\/new\/","logo":{"@type":"ImageObject","inLanguage":"es","@id":"https:\/\/www.mundoagropecuario.cl\/new\/#\/schema\/logo\/image\/","url":"https:\/\/www.mundoagropecuario.cl\/new\/wp-content\/uploads\/2020\/11\/PORTAL-1-1.png","contentUrl":"https:\/\/www.mundoagropecuario.cl\/new\/wp-content\/uploads\/2020\/11\/PORTAL-1-1.png","width":1026,"height":100,"caption":"Revista de Agricultura"},"image":{"@id":"https:\/\/www.mundoagropecuario.cl\/new\/#\/schema\/logo\/image\/"},"sameAs":["https:\/\/www.facebook.com\/mundo.agropecuario.3","https:\/\/x.com\/MundoAgropecuar","https:\/\/www.linkedin.com\/in\/mundo-agropecuario-934009201\/"]},{"@type":"Person","@id":"https:\/\/www.mundoagropecuario.cl\/new\/#\/schema\/person\/4e9f74a82a7dac260eb1c44b7eebeb18","name":"mundo","url":"https:\/\/www.mundoagropecuario.cl\/new\/author\/mundo\/"}]}},"_links":{"self":[{"href":"https:\/\/www.mundoagropecuario.cl\/new\/wp-json\/wp\/v2\/posts\/22258","targetHints":{"allow":["GET"]}}],"collection":[{"href":"https:\/\/www.mundoagropecuario.cl\/new\/wp-json\/wp\/v2\/posts"}],"about":[{"href":"https:\/\/www.mundoagropecuario.cl\/new\/wp-json\/wp\/v2\/types\/post"}],"author":[{"embeddable":true,"href":"https:\/\/www.mundoagropecuario.cl\/new\/wp-json\/wp\/v2\/users\/2"}],"replies":[{"embeddable":true,"href":"https:\/\/www.mundoagropecuario.cl\/new\/wp-json\/wp\/v2\/comments?post=22258"}],"version-history":[{"count":1,"href":"https:\/\/www.mundoagropecuario.cl\/new\/wp-json\/wp\/v2\/posts\/22258\/revisions"}],"predecessor-version":[{"id":22259,"href":"https:\/\/www.mundoagropecuario.cl\/new\/wp-json\/wp\/v2\/posts\/22258\/revisions\/22259"}],"wp:featuredmedia":[{"embeddable":true,"href":"https:\/\/www.mundoagropecuario.cl\/new\/wp-json\/wp\/v2\/media\/12637"}],"wp:attachment":[{"href":"https:\/\/www.mundoagropecuario.cl\/new\/wp-json\/wp\/v2\/media?parent=22258"}],"wp:term":[{"taxonomy":"category","embeddable":true,"href":"https:\/\/www.mundoagropecuario.cl\/new\/wp-json\/wp\/v2\/categories?post=22258"},{"taxonomy":"post_tag","embeddable":true,"href":"https:\/\/www.mundoagropecuario.cl\/new\/wp-json\/wp\/v2\/tags?post=22258"}],"curies":[{"name":"wp","href":"https:\/\/api.w.org\/{rel}","templated":true}]}}