{"id":22254,"date":"2022-06-22T13:40:33","date_gmt":"2022-06-22T16:40:33","guid":{"rendered":"https:\/\/www.mundoagropecuario.cl\/new\/?p=22254"},"modified":"2022-06-28T12:44:20","modified_gmt":"2022-06-28T15:44:20","slug":"jovenes-se-reunen-para-debatir-sobre-innovacion-agricultura-y-seguridad-alimentaria","status":"publish","type":"post","link":"https:\/\/www.mundoagropecuario.cl\/new\/jovenes-se-reunen-para-debatir-sobre-innovacion-agricultura-y-seguridad-alimentaria\/","title":{"rendered":"J\u00f3venes se re\u00fanen para debatir sobre innovaci\u00f3n, agricultura y seguridad alimentaria"},"content":{"rendered":"<blockquote>\n<h2><span style=\"color: #003300;\">Entre los temas a destacar, se relev\u00f3 la importancia de una pol\u00edtica p\u00fablica que permita la integraci\u00f3n de j\u00f3venes a la fuerza laboral y promover innovaciones que equilibren el aporte econ\u00f3mico y social.<\/span><\/h2>\n<\/blockquote>\n<p>Con m\u00e1s de 30 j\u00f3venes de diferentes zonas rurales de la Regi\u00f3n de La Araucan\u00eda se desarroll\u00f3 el primer \u201cEncuentro de J\u00f3venes Innovadores\u201d del pa\u00eds liderado por la Fundaci\u00f3n para la Innovaci\u00f3n Agraria (FIA), servicio del Ministerio de Agricultura. Instancia de di\u00e1logo y retroalimentaci\u00f3n que tuvo como objetivo recoger propuestas que permitan construir los nuevos lineamientos ministeriales en materias de innovaci\u00f3n, territorio, agricultura y juventud.<\/p>\n<p><a href=\"https:\/\/www.mundoagropecuario.cl\/new\/wp-content\/uploads\/2022\/06\/FIA-IMG_9171-scaled.jpeg\"><img loading=\"lazy\" decoding=\"async\" class=\"size-medium wp-image-22256 alignright\" src=\"https:\/\/www.mundoagropecuario.cl\/new\/wp-content\/uploads\/2022\/06\/FIA-IMG_9171-561x490.jpeg\" alt=\"\" width=\"561\" height=\"490\" srcset=\"https:\/\/www.mundoagropecuario.cl\/new\/wp-content\/uploads\/2022\/06\/FIA-IMG_9171-561x490.jpeg 561w, https:\/\/www.mundoagropecuario.cl\/new\/wp-content\/uploads\/2022\/06\/FIA-IMG_9171-1024x894.jpeg 1024w, https:\/\/www.mundoagropecuario.cl\/new\/wp-content\/uploads\/2022\/06\/FIA-IMG_9171-768x670.jpeg 768w, https:\/\/www.mundoagropecuario.cl\/new\/wp-content\/uploads\/2022\/06\/FIA-IMG_9171-1536x1341.jpeg 1536w, https:\/\/www.mundoagropecuario.cl\/new\/wp-content\/uploads\/2022\/06\/FIA-IMG_9171-2048x1788.jpeg 2048w, https:\/\/www.mundoagropecuario.cl\/new\/wp-content\/uploads\/2022\/06\/FIA-IMG_9171-80x70.jpeg 80w, https:\/\/www.mundoagropecuario.cl\/new\/wp-content\/uploads\/2022\/06\/FIA-IMG_9171-scaled.jpeg 458w\" sizes=\"auto, (max-width: 561px) 100vw, 561px\" \/><\/a>\u201cDesde FIA valoramos la participaci\u00f3n e \u00edmpetu de todas las personas que hicieron posible esta mesa de di\u00e1logo, aprendizajes y mejoras en materia de innovaci\u00f3n agroalimentaria. Las y los j\u00f3venes de La Araucan\u00eda son un ejemplo de superaci\u00f3n, compromiso e innovaci\u00f3n, principalmente por el rescate alimentario e inter\u00e9s por ser un aporte en el desarrollo de un territorio que a diario presenta m\u00faltiples desaf\u00edos. Por otro lado, la macrozona sur produce alimentos que son clave para nuestra canasta familiar, por lo tanto, es fundamental promover emprendimientos que apunten a sistemas alimentarios sostenibles\u201d, dice la directora ejecutiva de FIA, Francine Brossard.<\/p>\n<p>La actividad FIA responde a una serie de iniciativas que no solo se han orientado a mejorar la productividad del sector silvoagropecuario y agroalimentario regional, sino tambi\u00e9n a fomentar el establecimiento de elementos habilitantes para la innovaci\u00f3n. Aquellas que se traducen en el impulso de 33 iniciativas de innovaci\u00f3n por $295 millones. Del total de estas iniciativas, 21 proyectos han sido para apoyar a j\u00f3venes rurales de la regi\u00f3n, por un monto total de $119 millones.<\/p>\n<p>Durante el encuentro, las y los j\u00f3venes de entre 18 y 35 a\u00f1os entregaron \u2013 a la directora ejecutiva de FIA, Francine Brossard \u2013 propuestas de c\u00f3mo mejorar, desde su experiencia, la innovaci\u00f3n agr\u00edcola rural. Insumos que ser\u00e1n transmitidos al Ministerio de Agricultura para su consideraci\u00f3n en futuros programas e iniciativas de la cartera.<\/p>\n<p>Entre ellas, se destaca el trabajar en el desarrollo de una pol\u00edtica p\u00fablica que permita la integraci\u00f3n de j\u00f3venes a la fuerza laboral y promover innovaciones que equilibren el aporte econ\u00f3mico y social.<\/p>\n<p>\u201cEs importante incentivar el trabajo colaborativo de ideas innovadoras de los j\u00f3venes en comunidades ind\u00edgenas del territorio, as\u00ed por ejemplo podemos promover e innovar en los productos naturales de la cordillera de la costa, con identidad cultural\u201d, se\u00f1ala Jairo Carvajal de Pur\u00e9n.<\/p>\n<p>Para Alejandra Gimen, de la Cooperativa Agrokoyam Tolt\u00e9n, es de suma importancia impulsar un fortalecimiento productivo a trav\u00e9s del cultivo de hortalizas y berries en la regi\u00f3n, con puntos de ventas establecidos. \u201cCreo que a trav\u00e9s del incremento de unidades productivas podemos generar empleo y tambi\u00e9n mejorar nuestra calidad de vida\u201d.<\/p>\n<p>En tanto, para Camilo Cayuleo, hay que diversificar los cultivos incorporando frutales, hortalizas, y sacar el mejor provecho del campo, \u201cpara eso debemos utilizar tecnolog\u00edas innovadoras y modernas que faciliten las ideas de los proyectos, generando un cambio en nuestras comunidades a trav\u00e9s de estas ideas\u201d.<\/p>\n<p>\u201cNos gustar\u00eda tener un trato m\u00e1s personalizado, ya que los que somos del campo no tenemos una buena conexi\u00f3n a nivel de tecnolog\u00edas, por lo que necesitamos oportunidades m\u00e1s reales y con ello proyectos que sean orientado espec\u00edficamente para j\u00f3venes\u201d, explica Karina Quintanilla, del Centro de Aprendizaje y Turismo Az Wenu.<\/p>\n<p><strong><span style=\"color: #003300;\">Ecosistema<\/span><\/strong><\/p>\n<p>Durante la jornada, que se realiz\u00f3 en el Pabell\u00f3n de La Araucan\u00eda, tambi\u00e9n estuvieron presentes diferentes actores del ecosistema de la innovaci\u00f3n rural: Universidad Cat\u00f3lica de Temuco, Consejeros de FIA, Corfo, Anamuri e INDAP, quienes aportaron a la discusi\u00f3n del rol del Estado para con las y los j\u00f3venes interesados en potenciar el territorio.<\/p>\n<p>\u201cEstas iniciativas son estrat\u00e9gicas porque permiten potenciar y visibilizar el trabajo, la capacidad emprendedora y de innovaci\u00f3n que est\u00e1n desarrollando nuestros j\u00f3venes agricultores de la regi\u00f3n. El evento marca un camino a seguir para contrarrestar el progresivo envejecimiento de la Agricultura Familiar Campesina&#8221; destac\u00f3 el director (s) de INDAP La Araucan\u00eda, \u00c1lvaro Morales.<\/p>\n<p><strong><span style=\"color: #003300;\">Anuncios<\/span><\/strong><\/p>\n<p>Al t\u00e9rmino del encuentro, la directora ejecutiva de FIA, Francine Brossard, realiz\u00f3 dos anuncios: la pr\u00f3xima \u2013 t\u00e9rmino de julio \u2013 apertura de la Convocatoria de J\u00f3venes Innovadores 2022 y la continuidad del programa \u201cSavialab\u201d, dirigido a estudiantes de 1\u00b0 y 4\u00b0 medio de Liceos t\u00e9cnicos profesionales que cuentan con la especialidad agr\u00edcola, que a la fecha s\u00f3lo representan el 19% en La Araucan\u00eda, es decir, 15 de 78 establecimientos.<\/p>\n","protected":false},"excerpt":{"rendered":"<p>Entre ellas, se destaca el trabajar en el desarrollo de una pol\u00edtica p\u00fablica que permita la integraci\u00f3n de j\u00f3venes a la fuerza laboral y promover innovaciones que equilibren el aporte econ\u00f3mico y social.<\/p>\n","protected":false},"author":2,"featured_media":22255,"comment_status":"closed","ping_status":"closed","sticky":false,"template":"","format":"standard","meta":{"footnotes":""},"categories":[1945],"tags":[2090,4705,7130,3127,7131,153,2124,6934,2179,2035],"class_list":["post-22254","post","type-post","status-publish","format-standard","has-post-thumbnail","hentry","category-agricultura","tag-agricultura","tag-agricultura-digital-4-0-agro","tag-agricultura-y-seguridad-alimentaria","tag-agro","tag-anamuri-e-indap","tag-corfo","tag-fia","tag-francine-brossard","tag-innovacion","tag-minagri"],"yoast_head":"<!-- This site is optimized with the Yoast SEO plugin v26.6 - https:\/\/yoast.com\/wordpress\/plugins\/seo\/ -->\n<title>J\u00f3venes se re\u00fanen para debatir sobre innovaci\u00f3n, agricultura y seguridad alimentaria - Mundoagropecuario<\/title>\n<meta name=\"description\" content=\"Entre ellas, se destaca el trabajar en el desarrollo de una pol\u00edtica p\u00fablica que permita la integraci\u00f3n de j\u00f3venes a la fuerza laboral.\" \/>\n<meta name=\"robots\" content=\"index, follow, max-snippet:-1, max-image-preview:large, max-video-preview:-1\" \/>\n<link rel=\"canonical\" href=\"https:\/\/www.mundoagropecuario.cl\/new\/jovenes-se-reunen-para-debatir-sobre-innovacion-agricultura-y-seguridad-alimentaria\/\" \/>\n<meta property=\"og:locale\" content=\"es_ES\" \/>\n<meta property=\"og:type\" content=\"article\" \/>\n<meta property=\"og:title\" content=\"J\u00f3venes se re\u00fanen para debatir sobre innovaci\u00f3n, agricultura y seguridad alimentaria - Mundoagropecuario\" \/>\n<meta property=\"og:description\" content=\"Entre ellas, se destaca el trabajar en el desarrollo de una pol\u00edtica p\u00fablica que permita la integraci\u00f3n de j\u00f3venes a la fuerza laboral.\" \/>\n<meta property=\"og:url\" content=\"https:\/\/www.mundoagropecuario.cl\/new\/jovenes-se-reunen-para-debatir-sobre-innovacion-agricultura-y-seguridad-alimentaria\/\" \/>\n<meta property=\"og:site_name\" content=\"Mundoagropecuario\" \/>\n<meta property=\"article:publisher\" content=\"https:\/\/www.facebook.com\/mundo.agropecuario.3\" \/>\n<meta property=\"article:published_time\" content=\"2022-06-22T16:40:33+00:00\" \/>\n<meta property=\"article:modified_time\" content=\"2022-06-28T15:44:20+00:00\" \/>\n<meta property=\"og:image\" content=\"https:\/\/www.mundoagropecuario.cl\/new\/wp-content\/uploads\/2022\/06\/FIA-_9143-scaled.jpeg\" \/>\n\t<meta property=\"og:image:width\" content=\"1024\" \/>\n\t<meta property=\"og:image:height\" content=\"768\" \/>\n\t<meta property=\"og:image:type\" content=\"image\/jpeg\" \/>\n<meta name=\"author\" content=\"mundo\" \/>\n<meta name=\"twitter:card\" content=\"summary_large_image\" \/>\n<meta name=\"twitter:creator\" content=\"@MundoAgropecuar\" \/>\n<meta name=\"twitter:site\" content=\"@MundoAgropecuar\" \/>\n<meta name=\"twitter:label1\" content=\"Escrito por\" \/>\n\t<meta name=\"twitter:data1\" content=\"mundo\" \/>\n\t<meta name=\"twitter:label2\" content=\"Tiempo de lectura\" \/>\n\t<meta name=\"twitter:data2\" content=\"4 minutos\" \/>\n<script type=\"application\/ld+json\" class=\"yoast-schema-graph\">{\"@context\":\"https:\/\/schema.org\",\"@graph\":[{\"@type\":\"Article\",\"@id\":\"https:\/\/www.mundoagropecuario.cl\/new\/jovenes-se-reunen-para-debatir-sobre-innovacion-agricultura-y-seguridad-alimentaria\/#article\",\"isPartOf\":{\"@id\":\"https:\/\/www.mundoagropecuario.cl\/new\/jovenes-se-reunen-para-debatir-sobre-innovacion-agricultura-y-seguridad-alimentaria\/\"},\"author\":{\"name\":\"mundo\",\"@id\":\"https:\/\/www.mundoagropecuario.cl\/new\/#\/schema\/person\/4e9f74a82a7dac260eb1c44b7eebeb18\"},\"headline\":\"J\u00f3venes se re\u00fanen para debatir sobre innovaci\u00f3n, agricultura y seguridad alimentaria\",\"datePublished\":\"2022-06-22T16:40:33+00:00\",\"dateModified\":\"2022-06-28T15:44:20+00:00\",\"mainEntityOfPage\":{\"@id\":\"https:\/\/www.mundoagropecuario.cl\/new\/jovenes-se-reunen-para-debatir-sobre-innovacion-agricultura-y-seguridad-alimentaria\/\"},\"wordCount\":809,\"publisher\":{\"@id\":\"https:\/\/www.mundoagropecuario.cl\/new\/#organization\"},\"image\":{\"@id\":\"https:\/\/www.mundoagropecuario.cl\/new\/jovenes-se-reunen-para-debatir-sobre-innovacion-agricultura-y-seguridad-alimentaria\/#primaryimage\"},\"thumbnailUrl\":\"https:\/\/www.mundoagropecuario.cl\/new\/wp-content\/uploads\/2022\/06\/FIA-_9143-scaled.jpeg\",\"keywords\":[\"Agricultura\",\"agricultura digital 4.0 Agro\",\"agricultura y seguridad alimentaria\",\"Agro\",\"Anamuri e INDAP\",\"Corfo\",\"FIA\",\"Francine Brossard\",\"Innovaci\u00f3n\",\"Minagri\"],\"articleSection\":[\"Agricultura\"],\"inLanguage\":\"es\"},{\"@type\":\"WebPage\",\"@id\":\"https:\/\/www.mundoagropecuario.cl\/new\/jovenes-se-reunen-para-debatir-sobre-innovacion-agricultura-y-seguridad-alimentaria\/\",\"url\":\"https:\/\/www.mundoagropecuario.cl\/new\/jovenes-se-reunen-para-debatir-sobre-innovacion-agricultura-y-seguridad-alimentaria\/\",\"name\":\"J\u00f3venes se re\u00fanen para debatir sobre innovaci\u00f3n, agricultura y seguridad alimentaria - Mundoagropecuario\",\"isPartOf\":{\"@id\":\"https:\/\/www.mundoagropecuario.cl\/new\/#website\"},\"primaryImageOfPage\":{\"@id\":\"https:\/\/www.mundoagropecuario.cl\/new\/jovenes-se-reunen-para-debatir-sobre-innovacion-agricultura-y-seguridad-alimentaria\/#primaryimage\"},\"image\":{\"@id\":\"https:\/\/www.mundoagropecuario.cl\/new\/jovenes-se-reunen-para-debatir-sobre-innovacion-agricultura-y-seguridad-alimentaria\/#primaryimage\"},\"thumbnailUrl\":\"https:\/\/www.mundoagropecuario.cl\/new\/wp-content\/uploads\/2022\/06\/FIA-_9143-scaled.jpeg\",\"datePublished\":\"2022-06-22T16:40:33+00:00\",\"dateModified\":\"2022-06-28T15:44:20+00:00\",\"description\":\"Entre ellas, se destaca el trabajar en el desarrollo de una pol\u00edtica p\u00fablica que permita la integraci\u00f3n de j\u00f3venes a la fuerza laboral.\",\"breadcrumb\":{\"@id\":\"https:\/\/www.mundoagropecuario.cl\/new\/jovenes-se-reunen-para-debatir-sobre-innovacion-agricultura-y-seguridad-alimentaria\/#breadcrumb\"},\"inLanguage\":\"es\",\"potentialAction\":[{\"@type\":\"ReadAction\",\"target\":[\"https:\/\/www.mundoagropecuario.cl\/new\/jovenes-se-reunen-para-debatir-sobre-innovacion-agricultura-y-seguridad-alimentaria\/\"]}]},{\"@type\":\"ImageObject\",\"inLanguage\":\"es\",\"@id\":\"https:\/\/www.mundoagropecuario.cl\/new\/jovenes-se-reunen-para-debatir-sobre-innovacion-agricultura-y-seguridad-alimentaria\/#primaryimage\",\"url\":\"https:\/\/www.mundoagropecuario.cl\/new\/wp-content\/uploads\/2022\/06\/FIA-_9143-scaled.jpeg\",\"contentUrl\":\"https:\/\/www.mundoagropecuario.cl\/new\/wp-content\/uploads\/2022\/06\/FIA-_9143-scaled.jpeg\",\"width\":533,\"height\":400},{\"@type\":\"BreadcrumbList\",\"@id\":\"https:\/\/www.mundoagropecuario.cl\/new\/jovenes-se-reunen-para-debatir-sobre-innovacion-agricultura-y-seguridad-alimentaria\/#breadcrumb\",\"itemListElement\":[{\"@type\":\"ListItem\",\"position\":1,\"name\":\"Portada\",\"item\":\"https:\/\/www.mundoagropecuario.cl\/new\/\"},{\"@type\":\"ListItem\",\"position\":2,\"name\":\"J\u00f3venes se re\u00fanen para debatir sobre innovaci\u00f3n, agricultura y seguridad alimentaria\"}]},{\"@type\":\"WebSite\",\"@id\":\"https:\/\/www.mundoagropecuario.cl\/new\/#website\",\"url\":\"https:\/\/www.mundoagropecuario.cl\/new\/\",\"name\":\"Mundoagropecuario\",\"description\":\"Mundo Agropecuario\",\"publisher\":{\"@id\":\"https:\/\/www.mundoagropecuario.cl\/new\/#organization\"},\"potentialAction\":[{\"@type\":\"SearchAction\",\"target\":{\"@type\":\"EntryPoint\",\"urlTemplate\":\"https:\/\/www.mundoagropecuario.cl\/new\/?s={search_term_string}\"},\"query-input\":{\"@type\":\"PropertyValueSpecification\",\"valueRequired\":true,\"valueName\":\"search_term_string\"}}],\"inLanguage\":\"es\"},{\"@type\":\"Organization\",\"@id\":\"https:\/\/www.mundoagropecuario.cl\/new\/#organization\",\"name\":\"Revista de Agricultura\",\"url\":\"https:\/\/www.mundoagropecuario.cl\/new\/\",\"logo\":{\"@type\":\"ImageObject\",\"inLanguage\":\"es\",\"@id\":\"https:\/\/www.mundoagropecuario.cl\/new\/#\/schema\/logo\/image\/\",\"url\":\"https:\/\/www.mundoagropecuario.cl\/new\/wp-content\/uploads\/2020\/11\/PORTAL-1-1.png\",\"contentUrl\":\"https:\/\/www.mundoagropecuario.cl\/new\/wp-content\/uploads\/2020\/11\/PORTAL-1-1.png\",\"width\":1026,\"height\":100,\"caption\":\"Revista de Agricultura\"},\"image\":{\"@id\":\"https:\/\/www.mundoagropecuario.cl\/new\/#\/schema\/logo\/image\/\"},\"sameAs\":[\"https:\/\/www.facebook.com\/mundo.agropecuario.3\",\"https:\/\/x.com\/MundoAgropecuar\",\"https:\/\/www.linkedin.com\/in\/mundo-agropecuario-934009201\/\"]},{\"@type\":\"Person\",\"@id\":\"https:\/\/www.mundoagropecuario.cl\/new\/#\/schema\/person\/4e9f74a82a7dac260eb1c44b7eebeb18\",\"name\":\"mundo\",\"url\":\"https:\/\/www.mundoagropecuario.cl\/new\/author\/mundo\/\"}]}<\/script>\n<!-- \/ Yoast SEO plugin. -->","yoast_head_json":{"title":"J\u00f3venes se re\u00fanen para debatir sobre innovaci\u00f3n, agricultura y seguridad alimentaria - Mundoagropecuario","description":"Entre ellas, se destaca el trabajar en el desarrollo de una pol\u00edtica p\u00fablica que permita la integraci\u00f3n de j\u00f3venes a la fuerza laboral.","robots":{"index":"index","follow":"follow","max-snippet":"max-snippet:-1","max-image-preview":"max-image-preview:large","max-video-preview":"max-video-preview:-1"},"canonical":"https:\/\/www.mundoagropecuario.cl\/new\/jovenes-se-reunen-para-debatir-sobre-innovacion-agricultura-y-seguridad-alimentaria\/","og_locale":"es_ES","og_type":"article","og_title":"J\u00f3venes se re\u00fanen para debatir sobre innovaci\u00f3n, agricultura y seguridad alimentaria - Mundoagropecuario","og_description":"Entre ellas, se destaca el trabajar en el desarrollo de una pol\u00edtica p\u00fablica que permita la integraci\u00f3n de j\u00f3venes a la fuerza laboral.","og_url":"https:\/\/www.mundoagropecuario.cl\/new\/jovenes-se-reunen-para-debatir-sobre-innovacion-agricultura-y-seguridad-alimentaria\/","og_site_name":"Mundoagropecuario","article_publisher":"https:\/\/www.facebook.com\/mundo.agropecuario.3","article_published_time":"2022-06-22T16:40:33+00:00","article_modified_time":"2022-06-28T15:44:20+00:00","og_image":[{"width":1024,"height":768,"url":"https:\/\/www.mundoagropecuario.cl\/new\/wp-content\/uploads\/2022\/06\/FIA-_9143-scaled.jpeg","type":"image\/jpeg"}],"author":"mundo","twitter_card":"summary_large_image","twitter_creator":"@MundoAgropecuar","twitter_site":"@MundoAgropecuar","twitter_misc":{"Escrito por":"mundo","Tiempo de lectura":"4 minutos"},"schema":{"@context":"https:\/\/schema.org","@graph":[{"@type":"Article","@id":"https:\/\/www.mundoagropecuario.cl\/new\/jovenes-se-reunen-para-debatir-sobre-innovacion-agricultura-y-seguridad-alimentaria\/#article","isPartOf":{"@id":"https:\/\/www.mundoagropecuario.cl\/new\/jovenes-se-reunen-para-debatir-sobre-innovacion-agricultura-y-seguridad-alimentaria\/"},"author":{"name":"mundo","@id":"https:\/\/www.mundoagropecuario.cl\/new\/#\/schema\/person\/4e9f74a82a7dac260eb1c44b7eebeb18"},"headline":"J\u00f3venes se re\u00fanen para debatir sobre innovaci\u00f3n, agricultura y seguridad alimentaria","datePublished":"2022-06-22T16:40:33+00:00","dateModified":"2022-06-28T15:44:20+00:00","mainEntityOfPage":{"@id":"https:\/\/www.mundoagropecuario.cl\/new\/jovenes-se-reunen-para-debatir-sobre-innovacion-agricultura-y-seguridad-alimentaria\/"},"wordCount":809,"publisher":{"@id":"https:\/\/www.mundoagropecuario.cl\/new\/#organization"},"image":{"@id":"https:\/\/www.mundoagropecuario.cl\/new\/jovenes-se-reunen-para-debatir-sobre-innovacion-agricultura-y-seguridad-alimentaria\/#primaryimage"},"thumbnailUrl":"https:\/\/www.mundoagropecuario.cl\/new\/wp-content\/uploads\/2022\/06\/FIA-_9143-scaled.jpeg","keywords":["Agricultura","agricultura digital 4.0 Agro","agricultura y seguridad alimentaria","Agro","Anamuri e INDAP","Corfo","FIA","Francine Brossard","Innovaci\u00f3n","Minagri"],"articleSection":["Agricultura"],"inLanguage":"es"},{"@type":"WebPage","@id":"https:\/\/www.mundoagropecuario.cl\/new\/jovenes-se-reunen-para-debatir-sobre-innovacion-agricultura-y-seguridad-alimentaria\/","url":"https:\/\/www.mundoagropecuario.cl\/new\/jovenes-se-reunen-para-debatir-sobre-innovacion-agricultura-y-seguridad-alimentaria\/","name":"J\u00f3venes se re\u00fanen para debatir sobre innovaci\u00f3n, agricultura y seguridad alimentaria - Mundoagropecuario","isPartOf":{"@id":"https:\/\/www.mundoagropecuario.cl\/new\/#website"},"primaryImageOfPage":{"@id":"https:\/\/www.mundoagropecuario.cl\/new\/jovenes-se-reunen-para-debatir-sobre-innovacion-agricultura-y-seguridad-alimentaria\/#primaryimage"},"image":{"@id":"https:\/\/www.mundoagropecuario.cl\/new\/jovenes-se-reunen-para-debatir-sobre-innovacion-agricultura-y-seguridad-alimentaria\/#primaryimage"},"thumbnailUrl":"https:\/\/www.mundoagropecuario.cl\/new\/wp-content\/uploads\/2022\/06\/FIA-_9143-scaled.jpeg","datePublished":"2022-06-22T16:40:33+00:00","dateModified":"2022-06-28T15:44:20+00:00","description":"Entre ellas, se destaca el trabajar en el desarrollo de una pol\u00edtica p\u00fablica que permita la integraci\u00f3n de j\u00f3venes a la fuerza laboral.","breadcrumb":{"@id":"https:\/\/www.mundoagropecuario.cl\/new\/jovenes-se-reunen-para-debatir-sobre-innovacion-agricultura-y-seguridad-alimentaria\/#breadcrumb"},"inLanguage":"es","potentialAction":[{"@type":"ReadAction","target":["https:\/\/www.mundoagropecuario.cl\/new\/jovenes-se-reunen-para-debatir-sobre-innovacion-agricultura-y-seguridad-alimentaria\/"]}]},{"@type":"ImageObject","inLanguage":"es","@id":"https:\/\/www.mundoagropecuario.cl\/new\/jovenes-se-reunen-para-debatir-sobre-innovacion-agricultura-y-seguridad-alimentaria\/#primaryimage","url":"https:\/\/www.mundoagropecuario.cl\/new\/wp-content\/uploads\/2022\/06\/FIA-_9143-scaled.jpeg","contentUrl":"https:\/\/www.mundoagropecuario.cl\/new\/wp-content\/uploads\/2022\/06\/FIA-_9143-scaled.jpeg","width":533,"height":400},{"@type":"BreadcrumbList","@id":"https:\/\/www.mundoagropecuario.cl\/new\/jovenes-se-reunen-para-debatir-sobre-innovacion-agricultura-y-seguridad-alimentaria\/#breadcrumb","itemListElement":[{"@type":"ListItem","position":1,"name":"Portada","item":"https:\/\/www.mundoagropecuario.cl\/new\/"},{"@type":"ListItem","position":2,"name":"J\u00f3venes se re\u00fanen para debatir sobre innovaci\u00f3n, agricultura y seguridad alimentaria"}]},{"@type":"WebSite","@id":"https:\/\/www.mundoagropecuario.cl\/new\/#website","url":"https:\/\/www.mundoagropecuario.cl\/new\/","name":"Mundoagropecuario","description":"Mundo Agropecuario","publisher":{"@id":"https:\/\/www.mundoagropecuario.cl\/new\/#organization"},"potentialAction":[{"@type":"SearchAction","target":{"@type":"EntryPoint","urlTemplate":"https:\/\/www.mundoagropecuario.cl\/new\/?s={search_term_string}"},"query-input":{"@type":"PropertyValueSpecification","valueRequired":true,"valueName":"search_term_string"}}],"inLanguage":"es"},{"@type":"Organization","@id":"https:\/\/www.mundoagropecuario.cl\/new\/#organization","name":"Revista de Agricultura","url":"https:\/\/www.mundoagropecuario.cl\/new\/","logo":{"@type":"ImageObject","inLanguage":"es","@id":"https:\/\/www.mundoagropecuario.cl\/new\/#\/schema\/logo\/image\/","url":"https:\/\/www.mundoagropecuario.cl\/new\/wp-content\/uploads\/2020\/11\/PORTAL-1-1.png","contentUrl":"https:\/\/www.mundoagropecuario.cl\/new\/wp-content\/uploads\/2020\/11\/PORTAL-1-1.png","width":1026,"height":100,"caption":"Revista de Agricultura"},"image":{"@id":"https:\/\/www.mundoagropecuario.cl\/new\/#\/schema\/logo\/image\/"},"sameAs":["https:\/\/www.facebook.com\/mundo.agropecuario.3","https:\/\/x.com\/MundoAgropecuar","https:\/\/www.linkedin.com\/in\/mundo-agropecuario-934009201\/"]},{"@type":"Person","@id":"https:\/\/www.mundoagropecuario.cl\/new\/#\/schema\/person\/4e9f74a82a7dac260eb1c44b7eebeb18","name":"mundo","url":"https:\/\/www.mundoagropecuario.cl\/new\/author\/mundo\/"}]}},"_links":{"self":[{"href":"https:\/\/www.mundoagropecuario.cl\/new\/wp-json\/wp\/v2\/posts\/22254","targetHints":{"allow":["GET"]}}],"collection":[{"href":"https:\/\/www.mundoagropecuario.cl\/new\/wp-json\/wp\/v2\/posts"}],"about":[{"href":"https:\/\/www.mundoagropecuario.cl\/new\/wp-json\/wp\/v2\/types\/post"}],"author":[{"embeddable":true,"href":"https:\/\/www.mundoagropecuario.cl\/new\/wp-json\/wp\/v2\/users\/2"}],"replies":[{"embeddable":true,"href":"https:\/\/www.mundoagropecuario.cl\/new\/wp-json\/wp\/v2\/comments?post=22254"}],"version-history":[{"count":1,"href":"https:\/\/www.mundoagropecuario.cl\/new\/wp-json\/wp\/v2\/posts\/22254\/revisions"}],"predecessor-version":[{"id":22257,"href":"https:\/\/www.mundoagropecuario.cl\/new\/wp-json\/wp\/v2\/posts\/22254\/revisions\/22257"}],"wp:featuredmedia":[{"embeddable":true,"href":"https:\/\/www.mundoagropecuario.cl\/new\/wp-json\/wp\/v2\/media\/22255"}],"wp:attachment":[{"href":"https:\/\/www.mundoagropecuario.cl\/new\/wp-json\/wp\/v2\/media?parent=22254"}],"wp:term":[{"taxonomy":"category","embeddable":true,"href":"https:\/\/www.mundoagropecuario.cl\/new\/wp-json\/wp\/v2\/categories?post=22254"},{"taxonomy":"post_tag","embeddable":true,"href":"https:\/\/www.mundoagropecuario.cl\/new\/wp-json\/wp\/v2\/tags?post=22254"}],"curies":[{"name":"wp","href":"https:\/\/api.w.org\/{rel}","templated":true}]}}