{"id":22202,"date":"2022-06-13T12:31:46","date_gmt":"2022-06-13T15:31:46","guid":{"rendered":"https:\/\/www.mundoagropecuario.cl\/new\/?p=22202"},"modified":"2022-06-16T10:54:32","modified_gmt":"2022-06-16T13:54:32","slug":"ivan-marambio-el-nuevo-liderazgo-en-asoex","status":"publish","type":"post","link":"https:\/\/www.mundoagropecuario.cl\/new\/ivan-marambio-el-nuevo-liderazgo-en-asoex\/","title":{"rendered":"Iv\u00e1n Marambio: El nuevo liderazgo en ASOEX"},"content":{"rendered":"<blockquote>\n<h2><span style=\"color: #003300;\">Iv\u00e1n Marambio Casta\u00f1o asumir\u00e1 la presidencia de ASOEX a contar del mes de septiembre de este a\u00f1o; un liderazgo que marcar\u00e1 una nueva etapa en la historia de la Asociaci\u00f3n de Exportadores de Frutas de Chile AG, entidad que suma 87 a\u00f1os de existencia aportando al desarrollo y crecimiento del sector de la fruta fresca de exportaci\u00f3n de Chile, la gente de la fruta y el pa\u00eds.<\/span><\/h2>\n<\/blockquote>\n<p>Para conocer m\u00e1s sobre su vida laboral y personal, as\u00ed como tambi\u00e9n c\u00f3mo visualiza el trabajo a futuro en ASOEX, conversamos con Iv\u00e1n Marambio, abogado de la Universidad Diego Portales, y quien, gran parte de su vida profesional, ha estado ligado a la industria frut\u00edcola.<\/p>\n<p>Estudi\u00f3 en el Colegio San Ignacio El Bosque en Santiago. Mientras que su trabajo de abogado lo llev\u00f3, en una primera instancia, a desempe\u00f1arse en diversos estudios de abogados, llegando a la industria de la fruta en el a\u00f1o 2000, como ejecutivo de Dole Chile S.A., donde ha desempe\u00f1ado roles de liderazgo en las \u00e1reas legales para Chile, Latinoam\u00e9rica y Sud\u00e1frica, en materias relativas a sustentabilidad y la exportaci\u00f3n de frutas frescas desde distintos pa\u00edses.<\/p>\n<p>Desde el a\u00f1o 2014 se desempe\u00f1a como miembro del Directorio de ASOEX, y dentro de los pr\u00f3ximos meses, asumir\u00e1 como presidente de la entidad, un cargo que dijo asumir con gran compromiso y optimismo. \u201cEs una responsabilidad muy grande. Pienso que liderar la industria exportadora de frutas de Chile es un trabajo, una misi\u00f3n y una tarea muy importante y necesaria en varios aspectos. Por un lado, para los asociados, pero tambi\u00e9n para el pa\u00eds, para la gente que est\u00e1 detr\u00e1s de la exportaci\u00f3n de frutas. El mundo de la exportaci\u00f3n frut\u00edcola es gigante, por lo tanto, el trabajo a futuro lo asumo con mucha responsabilidad, pero tambi\u00e9n optimismo respecto a lo que podemos construir a futuro para llevar a la industria hacia donde, como sector, queremos situarla\u201d.<\/p>\n<p><a href=\"https:\/\/www.mundoagropecuario.cl\/new\/wp-content\/uploads\/2020\/09\/Frutas.jpg\"><img loading=\"lazy\" decoding=\"async\" class=\" wp-image-16288 alignright\" src=\"https:\/\/www.mundoagropecuario.cl\/new\/wp-content\/uploads\/2020\/09\/Frutas-586x330.jpg\" alt=\"\" width=\"529\" height=\"303\" \/><\/a>En su fuero m\u00e1s \u00edntimo, precis\u00f3 que toma esta nominaci\u00f3n \u201ccomo un honor, en cuanto a representar a la gente con la cual he trabajado gran parte de mi vida\u201d.<\/p>\n<p><strong><span style=\"color: #003300;\">Liderazgo basado en el di\u00e1logo y los acuerdos<\/span><\/strong><\/p>\n<p>Si bien, Marambio indic\u00f3 que no ha pensado en imponer un sello especial como futuro presidente de ASOEX, s\u00ed se\u00f1al\u00f3 que la forma en la cual ha desarrollado su carrera profesional \u201cha sido en base al di\u00e1logo, los acuerdos y a liderar a partir de aunar voluntades, sacando lo mejor de la gente con la cual he trabajado. La idea es siempre hacer valer los equipos, hacer valer a la gente que est\u00e1 al otro lado de la mesa. No pasar a llevar a nadie, escuchar y conciliar.<\/p>\n<p>Me importa mucho la forma en la cual se hace el trabajo. No es solamente el fin el importante, sino que tambi\u00e9n los medios, para m\u00ed es crucial el fair play, desarrollar lo que uno hace a partir del uso de buenos instrumentos y de buena forma\u201d, puntualiz\u00f3.<\/p>\n<p><strong><span style=\"color: #003300;\">Desaf\u00edos<\/span><\/strong><\/p>\n<p>En cuanto a los temas y las acciones que marcar\u00e1n el futuro trabajo en ASOEX, el profesional explic\u00f3 que est\u00e1 comprometido en \u201cenfrentar los problemas que tenemos hoy como industria de manera decidida y creativa, con el objeto de solucionarlos de manera coordinada y mancomunada, tanto en el corto, como el mediano y largo plazo\u201d.<\/p>\n<p>En esa l\u00ednea se\u00f1al\u00f3 que, abordar los temas referidos al Agua es una tarea clave, especialmente en el marco de la sequ\u00eda y cambio clim\u00e1tico que afectan al pa\u00eds hace m\u00e1s de una d\u00e9cada. \u201cEs importante asegurar el agua para el consumo humano, pero tambi\u00e9n es fundamental contar con este recurso para abastecer a las industrias, como la de los alimentos, pues sin agua no hay alimentos o frutas para la subsistencia de las personas\u201d.<\/p>\n<p>Asimismo, destac\u00f3 que es necesario trabajar para que Chile mantenga su liderazgo como exportador de frutas a nivel mundial. \u201cTenemos que enfocarnos decididamente en algunos pa\u00edses que compiten con nosotros. Necesitamos mantener la distancia que hemos construido, en el sentido de seguir liderando la carrera. Ello, no porque crea que el liderazgo se haya perdido, sino porque hoy hay mayor competencia, y eso nos exige mayores esfuerzos\u201d.<\/p>\n<p>Dentro de estos esfuerzos, precis\u00f3 que es vital \u201cver c\u00f3mo logramos hacer m\u00e1s competitivas nuestras Frutas Emblem\u00e1ticas, como las uvas y las manzanas. Hay que poner un foco especial en hacer crecer estos sectores. Las nuevas variedades han sido fuertes en uvas y en especies m\u00e1s nuevas, como son las cerezas y los ar\u00e1ndanos, pero hay que avanzar en ello tambi\u00e9n en manzanas, especialmente\u201d.<\/p>\n<p>La Fitosanidad y su resguardo tambi\u00e9n son temas que preocupan al futuro l\u00edder de los exportadores de frutas. \u201cHemos tenido la fortuna, pero tambi\u00e9n en base a un buen trabajo, de ser un pa\u00eds privilegiado en estas materias. Hay una cultura de fitosanidad que acompa\u00f1a la ubicaci\u00f3n geogr\u00e1fica del pa\u00eds, y eso se debe potenciar a fin de marcar una diferencia frente a pa\u00edses con los cuales competimos\u201d, asever\u00f3.<\/p>\n<p>Otro tema de importancia es la Sustentabilidad del sector en sus tres dimensiones (medioambiental, econ\u00f3mica y social), pero en base a acciones muy bien focalizadas. \u201cMe parece que es f\u00e1cil abarcar mucho, y por ello, f\u00e1cil tambi\u00e9n es perder el rumbo. La industria debe enfocarse en temas espec\u00edficos que tengan por finalidad estas tres dimensiones, siendo uno de ellos, por supuesto, el agua, as\u00ed como tambi\u00e9n el avanzar en ser carbono neutral y estar alineados con las comunidades, a trav\u00e9s de una buena comunicaci\u00f3n y relaciones. Pero hay que ser selectivos con lo que se puede y no se puede hacer. Soy de la idea de seleccionar temas y acciones e ir avanzando como sector en ello\u201d, precis\u00f3.<\/p>\n<p><strong><span style=\"color: #003300;\">Log\u00edstica y Sector P\u00fablico<\/span><\/strong><\/p>\n<p>No cabe duda que, especialmente en el \u00faltimo tiempo, el tema log\u00edstico ha pasado a ser relevante para el desarrollo de las exportaciones chilenas, no s\u00f3lo de frutas frescas, sino que, para todos sus productos, por lo cual, avanzar en una log\u00edstica nacional de primera es tambi\u00e9n una tarea a futuro.<\/p>\n<p>\u201cLa temporada que est\u00e1 terminando ha tenido una conclusi\u00f3n donde la log\u00edstica ha jugado un papel muy adverso, que sin duda va a dejar muchos da\u00f1os. No obstante, soy optimista y creo que hay que concentrarse en el futuro, en lo que viene y c\u00f3mo resolver los problemas, por ejemplo, en la cadena log\u00edstica para las pr\u00f3ximas temporadas. Es vital actuar de manera conjunta con otras asociaciones u organizaciones que tambi\u00e9n est\u00e1n siendo afectadas, de tal manera de ir construyendo un trabajo privado en unidad, pero tambi\u00e9n con la autoridad y el sector p\u00fablico, a fin de posicionar a Chile como un pa\u00eds con una log\u00edstica de clase mundial.<\/p>\n<p>Es vital el trabajo de todos y con todos los actores de la cadena log\u00edstica, privados y p\u00fablicos, para ir construyendo un cat\u00e1logo de acciones para lo que viene y se requiere a futuro. Hay que definir acciones al corto plazo para enfrentar la nueva temporada que se aproxima, pero tambi\u00e9n a mediano y largo plazo, pensando en las inversiones que se requerir\u00e1n, por ejemplo, en infraestructura para hacer frente al aumento de las exportaciones\u201d, sentenci\u00f3.<\/p>\n<p>En este marco, relev\u00f3 la importancia de continuar consolidando las relaciones con los organismos p\u00fablicos y la autoridad, as\u00ed como tambi\u00e9n \u201cconsolidar las relaciones con los stakeholders, las organizaciones sociales, con las personas que trabajan en nuestra industria, con Chile, sus regiones y sus habitantes\u201d.<\/p>\n<p>Finalmente, Iv\u00e1n Marambio tambi\u00e9n tuvo palabras de reconocimiento al trabajo de ASOEX liderado por Ronald Bown. \u201cRespeto mucho lo que ha hecho ASOEX en todos estos a\u00f1os. Sin duda, la industria de la exportaci\u00f3n de frutas es hoy reflejo de lo que ha hecho la Asociaci\u00f3n, liderada por Ronald. Ahora, la tarea es seguir creciendo y enfrentando los nuevos desaf\u00edos unidos y en base a acuerdos\u201d, cerr\u00f3.<\/p>\n","protected":false},"excerpt":{"rendered":"<p>Naci\u00f3 en 1966 y est\u00e1 casado hace 27 a\u00f1os con Isabel Gonz\u00e1lez Retamal, con quien tiene tres hijas. Dos de ellas en la universidad y una ya titulada. Es fan\u00e1tico del f\u00fatbol y se define como \u201ccruzado de coraz\u00f3n\u201d. Adem\u00e1s, pr\u00e1ctica golf y running.<\/p>\n","protected":false},"author":2,"featured_media":22203,"comment_status":"closed","ping_status":"closed","sticky":false,"template":"","format":"standard","meta":{"footnotes":""},"categories":[1987],"tags":[2090,3127,2177,7111,2245,7110],"class_list":["post-22202","post","type-post","status-publish","format-standard","has-post-thumbnail","hentry","category-instituciones","tag-agricultura","tag-agro","tag-asoex","tag-exportadores-de-frutas-de-chile-ag","tag-frutas","tag-ivan-marambio"],"yoast_head":"<!-- This site is optimized with the Yoast SEO plugin v26.6 - https:\/\/yoast.com\/wordpress\/plugins\/seo\/ -->\n<title>Iv\u00e1n Marambio: El nuevo liderazgo en ASOEX - Mundoagropecuario<\/title>\n<meta name=\"description\" content=\"Naci\u00f3 en 1966 y est\u00e1 casado hace 27 a\u00f1os con Isabel Gonz\u00e1lez Retamal, con quien tiene tres hijas. Dos de ellas en la universidad.\" \/>\n<meta name=\"robots\" content=\"index, follow, max-snippet:-1, max-image-preview:large, max-video-preview:-1\" \/>\n<link rel=\"canonical\" href=\"https:\/\/www.mundoagropecuario.cl\/new\/ivan-marambio-el-nuevo-liderazgo-en-asoex\/\" \/>\n<meta property=\"og:locale\" content=\"es_ES\" \/>\n<meta property=\"og:type\" content=\"article\" \/>\n<meta property=\"og:title\" content=\"Iv\u00e1n Marambio: El nuevo liderazgo en ASOEX - Mundoagropecuario\" \/>\n<meta property=\"og:description\" content=\"Naci\u00f3 en 1966 y est\u00e1 casado hace 27 a\u00f1os con Isabel Gonz\u00e1lez Retamal, con quien tiene tres hijas. Dos de ellas en la universidad.\" \/>\n<meta property=\"og:url\" content=\"https:\/\/www.mundoagropecuario.cl\/new\/ivan-marambio-el-nuevo-liderazgo-en-asoex\/\" \/>\n<meta property=\"og:site_name\" content=\"Mundoagropecuario\" \/>\n<meta property=\"article:publisher\" content=\"https:\/\/www.facebook.com\/mundo.agropecuario.3\" \/>\n<meta property=\"article:published_time\" content=\"2022-06-13T15:31:46+00:00\" \/>\n<meta property=\"article:modified_time\" content=\"2022-06-16T13:54:32+00:00\" \/>\n<meta property=\"og:image\" content=\"https:\/\/www.mundoagropecuario.cl\/new\/wp-content\/uploads\/2022\/06\/Iva\u0301n-Marambio-ASOEX--scaled.jpeg\" \/>\n\t<meta property=\"og:image:width\" content=\"1024\" \/>\n\t<meta property=\"og:image:height\" content=\"823\" \/>\n\t<meta property=\"og:image:type\" content=\"image\/jpeg\" \/>\n<meta name=\"author\" content=\"mundo\" \/>\n<meta name=\"twitter:card\" content=\"summary_large_image\" \/>\n<meta name=\"twitter:creator\" content=\"@MundoAgropecuar\" \/>\n<meta name=\"twitter:site\" content=\"@MundoAgropecuar\" \/>\n<meta name=\"twitter:label1\" content=\"Escrito por\" \/>\n\t<meta name=\"twitter:data1\" content=\"mundo\" \/>\n\t<meta name=\"twitter:label2\" content=\"Tiempo de lectura\" \/>\n\t<meta name=\"twitter:data2\" content=\"7 minutos\" \/>\n<script type=\"application\/ld+json\" class=\"yoast-schema-graph\">{\"@context\":\"https:\/\/schema.org\",\"@graph\":[{\"@type\":\"Article\",\"@id\":\"https:\/\/www.mundoagropecuario.cl\/new\/ivan-marambio-el-nuevo-liderazgo-en-asoex\/#article\",\"isPartOf\":{\"@id\":\"https:\/\/www.mundoagropecuario.cl\/new\/ivan-marambio-el-nuevo-liderazgo-en-asoex\/\"},\"author\":{\"name\":\"mundo\",\"@id\":\"https:\/\/www.mundoagropecuario.cl\/new\/#\/schema\/person\/4e9f74a82a7dac260eb1c44b7eebeb18\"},\"headline\":\"Iv\u00e1n Marambio: El nuevo liderazgo en ASOEX\",\"datePublished\":\"2022-06-13T15:31:46+00:00\",\"dateModified\":\"2022-06-16T13:54:32+00:00\",\"mainEntityOfPage\":{\"@id\":\"https:\/\/www.mundoagropecuario.cl\/new\/ivan-marambio-el-nuevo-liderazgo-en-asoex\/\"},\"wordCount\":1397,\"publisher\":{\"@id\":\"https:\/\/www.mundoagropecuario.cl\/new\/#organization\"},\"image\":{\"@id\":\"https:\/\/www.mundoagropecuario.cl\/new\/ivan-marambio-el-nuevo-liderazgo-en-asoex\/#primaryimage\"},\"thumbnailUrl\":\"https:\/\/www.mundoagropecuario.cl\/new\/wp-content\/uploads\/2022\/06\/Iva\u0301n-Marambio-ASOEX--scaled.jpeg\",\"keywords\":[\"Agricultura\",\"Agro\",\"Asoex\",\"Exportadores de Frutas de Chile AG\",\"Frutas\",\"Iv\u00e1n Marambio\"],\"articleSection\":[\"Instituciones\"],\"inLanguage\":\"es\"},{\"@type\":\"WebPage\",\"@id\":\"https:\/\/www.mundoagropecuario.cl\/new\/ivan-marambio-el-nuevo-liderazgo-en-asoex\/\",\"url\":\"https:\/\/www.mundoagropecuario.cl\/new\/ivan-marambio-el-nuevo-liderazgo-en-asoex\/\",\"name\":\"Iv\u00e1n Marambio: El nuevo liderazgo en ASOEX - Mundoagropecuario\",\"isPartOf\":{\"@id\":\"https:\/\/www.mundoagropecuario.cl\/new\/#website\"},\"primaryImageOfPage\":{\"@id\":\"https:\/\/www.mundoagropecuario.cl\/new\/ivan-marambio-el-nuevo-liderazgo-en-asoex\/#primaryimage\"},\"image\":{\"@id\":\"https:\/\/www.mundoagropecuario.cl\/new\/ivan-marambio-el-nuevo-liderazgo-en-asoex\/#primaryimage\"},\"thumbnailUrl\":\"https:\/\/www.mundoagropecuario.cl\/new\/wp-content\/uploads\/2022\/06\/Iva\u0301n-Marambio-ASOEX--scaled.jpeg\",\"datePublished\":\"2022-06-13T15:31:46+00:00\",\"dateModified\":\"2022-06-16T13:54:32+00:00\",\"description\":\"Naci\u00f3 en 1966 y est\u00e1 casado hace 27 a\u00f1os con Isabel Gonz\u00e1lez Retamal, con quien tiene tres hijas. Dos de ellas en la universidad.\",\"breadcrumb\":{\"@id\":\"https:\/\/www.mundoagropecuario.cl\/new\/ivan-marambio-el-nuevo-liderazgo-en-asoex\/#breadcrumb\"},\"inLanguage\":\"es\",\"potentialAction\":[{\"@type\":\"ReadAction\",\"target\":[\"https:\/\/www.mundoagropecuario.cl\/new\/ivan-marambio-el-nuevo-liderazgo-en-asoex\/\"]}]},{\"@type\":\"ImageObject\",\"inLanguage\":\"es\",\"@id\":\"https:\/\/www.mundoagropecuario.cl\/new\/ivan-marambio-el-nuevo-liderazgo-en-asoex\/#primaryimage\",\"url\":\"https:\/\/www.mundoagropecuario.cl\/new\/wp-content\/uploads\/2022\/06\/Iva\u0301n-Marambio-ASOEX--scaled.jpeg\",\"contentUrl\":\"https:\/\/www.mundoagropecuario.cl\/new\/wp-content\/uploads\/2022\/06\/Iva\u0301n-Marambio-ASOEX--scaled.jpeg\",\"width\":498,\"height\":400},{\"@type\":\"BreadcrumbList\",\"@id\":\"https:\/\/www.mundoagropecuario.cl\/new\/ivan-marambio-el-nuevo-liderazgo-en-asoex\/#breadcrumb\",\"itemListElement\":[{\"@type\":\"ListItem\",\"position\":1,\"name\":\"Portada\",\"item\":\"https:\/\/www.mundoagropecuario.cl\/new\/\"},{\"@type\":\"ListItem\",\"position\":2,\"name\":\"Iv\u00e1n Marambio: El nuevo liderazgo en ASOEX\"}]},{\"@type\":\"WebSite\",\"@id\":\"https:\/\/www.mundoagropecuario.cl\/new\/#website\",\"url\":\"https:\/\/www.mundoagropecuario.cl\/new\/\",\"name\":\"Mundoagropecuario\",\"description\":\"Mundo Agropecuario\",\"publisher\":{\"@id\":\"https:\/\/www.mundoagropecuario.cl\/new\/#organization\"},\"potentialAction\":[{\"@type\":\"SearchAction\",\"target\":{\"@type\":\"EntryPoint\",\"urlTemplate\":\"https:\/\/www.mundoagropecuario.cl\/new\/?s={search_term_string}\"},\"query-input\":{\"@type\":\"PropertyValueSpecification\",\"valueRequired\":true,\"valueName\":\"search_term_string\"}}],\"inLanguage\":\"es\"},{\"@type\":\"Organization\",\"@id\":\"https:\/\/www.mundoagropecuario.cl\/new\/#organization\",\"name\":\"Revista de Agricultura\",\"url\":\"https:\/\/www.mundoagropecuario.cl\/new\/\",\"logo\":{\"@type\":\"ImageObject\",\"inLanguage\":\"es\",\"@id\":\"https:\/\/www.mundoagropecuario.cl\/new\/#\/schema\/logo\/image\/\",\"url\":\"https:\/\/www.mundoagropecuario.cl\/new\/wp-content\/uploads\/2020\/11\/PORTAL-1-1.png\",\"contentUrl\":\"https:\/\/www.mundoagropecuario.cl\/new\/wp-content\/uploads\/2020\/11\/PORTAL-1-1.png\",\"width\":1026,\"height\":100,\"caption\":\"Revista de Agricultura\"},\"image\":{\"@id\":\"https:\/\/www.mundoagropecuario.cl\/new\/#\/schema\/logo\/image\/\"},\"sameAs\":[\"https:\/\/www.facebook.com\/mundo.agropecuario.3\",\"https:\/\/x.com\/MundoAgropecuar\",\"https:\/\/www.linkedin.com\/in\/mundo-agropecuario-934009201\/\"]},{\"@type\":\"Person\",\"@id\":\"https:\/\/www.mundoagropecuario.cl\/new\/#\/schema\/person\/4e9f74a82a7dac260eb1c44b7eebeb18\",\"name\":\"mundo\",\"url\":\"https:\/\/www.mundoagropecuario.cl\/new\/author\/mundo\/\"}]}<\/script>\n<!-- \/ Yoast SEO plugin. -->","yoast_head_json":{"title":"Iv\u00e1n Marambio: El nuevo liderazgo en ASOEX - Mundoagropecuario","description":"Naci\u00f3 en 1966 y est\u00e1 casado hace 27 a\u00f1os con Isabel Gonz\u00e1lez Retamal, con quien tiene tres hijas. Dos de ellas en la universidad.","robots":{"index":"index","follow":"follow","max-snippet":"max-snippet:-1","max-image-preview":"max-image-preview:large","max-video-preview":"max-video-preview:-1"},"canonical":"https:\/\/www.mundoagropecuario.cl\/new\/ivan-marambio-el-nuevo-liderazgo-en-asoex\/","og_locale":"es_ES","og_type":"article","og_title":"Iv\u00e1n Marambio: El nuevo liderazgo en ASOEX - Mundoagropecuario","og_description":"Naci\u00f3 en 1966 y est\u00e1 casado hace 27 a\u00f1os con Isabel Gonz\u00e1lez Retamal, con quien tiene tres hijas. Dos de ellas en la universidad.","og_url":"https:\/\/www.mundoagropecuario.cl\/new\/ivan-marambio-el-nuevo-liderazgo-en-asoex\/","og_site_name":"Mundoagropecuario","article_publisher":"https:\/\/www.facebook.com\/mundo.agropecuario.3","article_published_time":"2022-06-13T15:31:46+00:00","article_modified_time":"2022-06-16T13:54:32+00:00","og_image":[{"width":1024,"height":823,"url":"https:\/\/www.mundoagropecuario.cl\/new\/wp-content\/uploads\/2022\/06\/Iva\u0301n-Marambio-ASOEX--scaled.jpeg","type":"image\/jpeg"}],"author":"mundo","twitter_card":"summary_large_image","twitter_creator":"@MundoAgropecuar","twitter_site":"@MundoAgropecuar","twitter_misc":{"Escrito por":"mundo","Tiempo de lectura":"7 minutos"},"schema":{"@context":"https:\/\/schema.org","@graph":[{"@type":"Article","@id":"https:\/\/www.mundoagropecuario.cl\/new\/ivan-marambio-el-nuevo-liderazgo-en-asoex\/#article","isPartOf":{"@id":"https:\/\/www.mundoagropecuario.cl\/new\/ivan-marambio-el-nuevo-liderazgo-en-asoex\/"},"author":{"name":"mundo","@id":"https:\/\/www.mundoagropecuario.cl\/new\/#\/schema\/person\/4e9f74a82a7dac260eb1c44b7eebeb18"},"headline":"Iv\u00e1n Marambio: El nuevo liderazgo en ASOEX","datePublished":"2022-06-13T15:31:46+00:00","dateModified":"2022-06-16T13:54:32+00:00","mainEntityOfPage":{"@id":"https:\/\/www.mundoagropecuario.cl\/new\/ivan-marambio-el-nuevo-liderazgo-en-asoex\/"},"wordCount":1397,"publisher":{"@id":"https:\/\/www.mundoagropecuario.cl\/new\/#organization"},"image":{"@id":"https:\/\/www.mundoagropecuario.cl\/new\/ivan-marambio-el-nuevo-liderazgo-en-asoex\/#primaryimage"},"thumbnailUrl":"https:\/\/www.mundoagropecuario.cl\/new\/wp-content\/uploads\/2022\/06\/Iva\u0301n-Marambio-ASOEX--scaled.jpeg","keywords":["Agricultura","Agro","Asoex","Exportadores de Frutas de Chile AG","Frutas","Iv\u00e1n Marambio"],"articleSection":["Instituciones"],"inLanguage":"es"},{"@type":"WebPage","@id":"https:\/\/www.mundoagropecuario.cl\/new\/ivan-marambio-el-nuevo-liderazgo-en-asoex\/","url":"https:\/\/www.mundoagropecuario.cl\/new\/ivan-marambio-el-nuevo-liderazgo-en-asoex\/","name":"Iv\u00e1n Marambio: El nuevo liderazgo en ASOEX - Mundoagropecuario","isPartOf":{"@id":"https:\/\/www.mundoagropecuario.cl\/new\/#website"},"primaryImageOfPage":{"@id":"https:\/\/www.mundoagropecuario.cl\/new\/ivan-marambio-el-nuevo-liderazgo-en-asoex\/#primaryimage"},"image":{"@id":"https:\/\/www.mundoagropecuario.cl\/new\/ivan-marambio-el-nuevo-liderazgo-en-asoex\/#primaryimage"},"thumbnailUrl":"https:\/\/www.mundoagropecuario.cl\/new\/wp-content\/uploads\/2022\/06\/Iva\u0301n-Marambio-ASOEX--scaled.jpeg","datePublished":"2022-06-13T15:31:46+00:00","dateModified":"2022-06-16T13:54:32+00:00","description":"Naci\u00f3 en 1966 y est\u00e1 casado hace 27 a\u00f1os con Isabel Gonz\u00e1lez Retamal, con quien tiene tres hijas. Dos de ellas en la universidad.","breadcrumb":{"@id":"https:\/\/www.mundoagropecuario.cl\/new\/ivan-marambio-el-nuevo-liderazgo-en-asoex\/#breadcrumb"},"inLanguage":"es","potentialAction":[{"@type":"ReadAction","target":["https:\/\/www.mundoagropecuario.cl\/new\/ivan-marambio-el-nuevo-liderazgo-en-asoex\/"]}]},{"@type":"ImageObject","inLanguage":"es","@id":"https:\/\/www.mundoagropecuario.cl\/new\/ivan-marambio-el-nuevo-liderazgo-en-asoex\/#primaryimage","url":"https:\/\/www.mundoagropecuario.cl\/new\/wp-content\/uploads\/2022\/06\/Iva\u0301n-Marambio-ASOEX--scaled.jpeg","contentUrl":"https:\/\/www.mundoagropecuario.cl\/new\/wp-content\/uploads\/2022\/06\/Iva\u0301n-Marambio-ASOEX--scaled.jpeg","width":498,"height":400},{"@type":"BreadcrumbList","@id":"https:\/\/www.mundoagropecuario.cl\/new\/ivan-marambio-el-nuevo-liderazgo-en-asoex\/#breadcrumb","itemListElement":[{"@type":"ListItem","position":1,"name":"Portada","item":"https:\/\/www.mundoagropecuario.cl\/new\/"},{"@type":"ListItem","position":2,"name":"Iv\u00e1n Marambio: El nuevo liderazgo en ASOEX"}]},{"@type":"WebSite","@id":"https:\/\/www.mundoagropecuario.cl\/new\/#website","url":"https:\/\/www.mundoagropecuario.cl\/new\/","name":"Mundoagropecuario","description":"Mundo Agropecuario","publisher":{"@id":"https:\/\/www.mundoagropecuario.cl\/new\/#organization"},"potentialAction":[{"@type":"SearchAction","target":{"@type":"EntryPoint","urlTemplate":"https:\/\/www.mundoagropecuario.cl\/new\/?s={search_term_string}"},"query-input":{"@type":"PropertyValueSpecification","valueRequired":true,"valueName":"search_term_string"}}],"inLanguage":"es"},{"@type":"Organization","@id":"https:\/\/www.mundoagropecuario.cl\/new\/#organization","name":"Revista de Agricultura","url":"https:\/\/www.mundoagropecuario.cl\/new\/","logo":{"@type":"ImageObject","inLanguage":"es","@id":"https:\/\/www.mundoagropecuario.cl\/new\/#\/schema\/logo\/image\/","url":"https:\/\/www.mundoagropecuario.cl\/new\/wp-content\/uploads\/2020\/11\/PORTAL-1-1.png","contentUrl":"https:\/\/www.mundoagropecuario.cl\/new\/wp-content\/uploads\/2020\/11\/PORTAL-1-1.png","width":1026,"height":100,"caption":"Revista de Agricultura"},"image":{"@id":"https:\/\/www.mundoagropecuario.cl\/new\/#\/schema\/logo\/image\/"},"sameAs":["https:\/\/www.facebook.com\/mundo.agropecuario.3","https:\/\/x.com\/MundoAgropecuar","https:\/\/www.linkedin.com\/in\/mundo-agropecuario-934009201\/"]},{"@type":"Person","@id":"https:\/\/www.mundoagropecuario.cl\/new\/#\/schema\/person\/4e9f74a82a7dac260eb1c44b7eebeb18","name":"mundo","url":"https:\/\/www.mundoagropecuario.cl\/new\/author\/mundo\/"}]}},"_links":{"self":[{"href":"https:\/\/www.mundoagropecuario.cl\/new\/wp-json\/wp\/v2\/posts\/22202","targetHints":{"allow":["GET"]}}],"collection":[{"href":"https:\/\/www.mundoagropecuario.cl\/new\/wp-json\/wp\/v2\/posts"}],"about":[{"href":"https:\/\/www.mundoagropecuario.cl\/new\/wp-json\/wp\/v2\/types\/post"}],"author":[{"embeddable":true,"href":"https:\/\/www.mundoagropecuario.cl\/new\/wp-json\/wp\/v2\/users\/2"}],"replies":[{"embeddable":true,"href":"https:\/\/www.mundoagropecuario.cl\/new\/wp-json\/wp\/v2\/comments?post=22202"}],"version-history":[{"count":1,"href":"https:\/\/www.mundoagropecuario.cl\/new\/wp-json\/wp\/v2\/posts\/22202\/revisions"}],"predecessor-version":[{"id":22204,"href":"https:\/\/www.mundoagropecuario.cl\/new\/wp-json\/wp\/v2\/posts\/22202\/revisions\/22204"}],"wp:featuredmedia":[{"embeddable":true,"href":"https:\/\/www.mundoagropecuario.cl\/new\/wp-json\/wp\/v2\/media\/22203"}],"wp:attachment":[{"href":"https:\/\/www.mundoagropecuario.cl\/new\/wp-json\/wp\/v2\/media?parent=22202"}],"wp:term":[{"taxonomy":"category","embeddable":true,"href":"https:\/\/www.mundoagropecuario.cl\/new\/wp-json\/wp\/v2\/categories?post=22202"},{"taxonomy":"post_tag","embeddable":true,"href":"https:\/\/www.mundoagropecuario.cl\/new\/wp-json\/wp\/v2\/tags?post=22202"}],"curies":[{"name":"wp","href":"https:\/\/api.w.org\/{rel}","templated":true}]}}