{"id":22198,"date":"2022-06-13T12:21:13","date_gmt":"2022-06-13T15:21:13","guid":{"rendered":"https:\/\/www.mundoagropecuario.cl\/new\/?p=22198"},"modified":"2022-06-15T14:13:10","modified_gmt":"2022-06-15T17:13:10","slug":"lanzan-unidades-demostrativas-para-el-uso-eficiente-del-agua-se-capacitaron-650-agricultores","status":"publish","type":"post","link":"https:\/\/www.mundoagropecuario.cl\/new\/lanzan-unidades-demostrativas-para-el-uso-eficiente-del-agua-se-capacitaron-650-agricultores\/","title":{"rendered":"Lanzan unidades demostrativas para el uso eficiente del agua: se capacitaron 650 agricultores"},"content":{"rendered":"<blockquote>\n<h2><span style=\"color: #003300;\">Son importantes herramientas que quedan instaladas en seis establecimientos educacionales a disposici\u00f3n de estudiantes y agricultores, como parte del Programa de Innovaci\u00f3n en el uso eficiente del recurso H\u00eddrico para la peque\u00f1a agricultura en la regi\u00f3n de Valpara\u00edso, capacitando a un total de 650 personas.<\/span><\/h2>\n<\/blockquote>\n<p>Hasta la comuna de Catemu, espec\u00edficamente a la Escuela Agr\u00edcola Salesiana, lleg\u00f3 la directora ejecutiva de FIA, Francine Brossard, para inaugurar oficialmente una de las seis unidades demostrativas que son parte del Programa de Innovaci\u00f3n en el uso eficiente del recurso h\u00eddrico para la peque\u00f1a agricultura de la regi\u00f3n de Valpara\u00edso, ejecutado por INIA La Cruz, con el apoyo de INDAP y el Programa de Fruticultura Sustentable (PERFRUTS).<\/p>\n<p><a href=\"https:\/\/www.mundoagropecuario.cl\/new\/wp-content\/uploads\/2022\/06\/Imagen-1-scaled.jpg\"><img loading=\"lazy\" decoding=\"async\" class=\" wp-image-22199 alignleft\" src=\"https:\/\/www.mundoagropecuario.cl\/new\/wp-content\/uploads\/2022\/06\/Imagen-1-586x350.jpg\" alt=\"\" width=\"531\" height=\"317\" srcset=\"https:\/\/www.mundoagropecuario.cl\/new\/wp-content\/uploads\/2022\/06\/Imagen-1-586x350.jpg 586w, https:\/\/www.mundoagropecuario.cl\/new\/wp-content\/uploads\/2022\/06\/Imagen-1-1024x612.jpg 1024w, https:\/\/www.mundoagropecuario.cl\/new\/wp-content\/uploads\/2022\/06\/Imagen-1-768x459.jpg 768w, https:\/\/www.mundoagropecuario.cl\/new\/wp-content\/uploads\/2022\/06\/Imagen-1-scaled.jpg 669w\" sizes=\"auto, (max-width: 531px) 100vw, 531px\" \/><\/a>Iniciativa que ha permitido entregar, despu\u00e9s de 30 meses, un programa de capacitaci\u00f3n a casi 500 estudiantes desde segundo a cuarto medio, en cinco establecimientos educacionales agr\u00edcolas y una universidad, fortaleciendo sus conocimientos en dise\u00f1o, mantenci\u00f3n, operaci\u00f3n y programaci\u00f3n de riego.<\/p>\n<p>Asimismo, se capacit\u00f3 a 150 agricultores de estas zonas, para lo cual se aplicaron diagn\u00f3sticos e instrumentos de evaluaci\u00f3n del manejo del agua, sistemas de riego y el conocimiento previo de esto, que permitieron enfocar las tem\u00e1ticas de las capacitaciones que contribuyeran a aumentar el uso eficiente del agua.<\/p>\n<p>Para esto, y queriendo ser un aporte al proceso educativo de los establecimientos educacionales de la Regi\u00f3n de Valpara\u00edso, se instal\u00f3 una infraestructura para el manejo eficiente del riego y el conocimiento necesario para aplicar en las futuras generaciones de t\u00e9cnicos agropecuarios.<\/p>\n<p>\u201cLa innovaci\u00f3n, educaci\u00f3n y transferencia tecnol\u00f3gica son generadores de cambios para lograr una mayor conciencia h\u00eddrica y son herramientas claves para enfrentar las problem\u00e1ticas asociadas al manejo del agua en la agricultura, adem\u00e1s de generar conciencia para su cuidado y preservaci\u00f3n. A trav\u00e9s de la instalaci\u00f3n de estas unidades demostrativas en los liceos agr\u00edcolas de la regi\u00f3n, se est\u00e1 incrementando el nivel de conocimientos de los j\u00f3venes rurales y peque\u00f1os productores, acerc\u00e1ndolos a nuevas tecnolog\u00edas de riego para un uso m\u00e1s racional y eficiente de sus recursos h\u00eddricos\u201d, indic\u00f3 la directora ejecutiva de FIA, Francine Brossard Leiva.<\/p>\n<p>En cada una de las unidades demostrativas se incorporaron distintos sistemas de riego, ajustando los sectores de riego y privilegiando la optimizaci\u00f3n en la distribuci\u00f3n de agua para regar los diferentes cultivos. En el caso de Catemu se dise\u00f1\u00f3 un sistema para riego de c\u00edtricos y alfalfa con riego por goteo subterr\u00e1neo.<\/p>\n<p>\u201cEstamos conscientes que estas tem\u00e1ticas son muy importantes y deben ser difundidas dentro de nuestros establecimientos. Lo que vinieron a ense\u00f1arnos los especialistas del INIA es fundamental en contribuir y educar a nuestros estudiantes en cuidado de nuestro entorno y el buen uso que debemos darle al agua desde un conocimiento como es la operaci\u00f3n, mantenci\u00f3n y programaci\u00f3n del sistema de riego\u201d, dijo la directora de la Escuela Agr\u00edcola Salesiana de Catemu, Nataly Araya Baquedano.<\/p>\n<p><strong><span style=\"color: #003300;\">Capacidades instaladas en la regi\u00f3n<\/span><\/strong><\/p>\n<p>En palabras de la Seremi de agricultura, Yolanda Cisternas N\u00fa\u00f1ez, aunque no ha sido tarea f\u00e1cil adaptarse a esta nueva realidad, dijo, \u201ceste tipo de acciones se suma a los esfuerzos apoyado por FIA, la colaboraci\u00f3n del Indap y la Comisi\u00f3n Nacional de Riego para apoyar a la agricultura\u201d.\u00a0 La producci\u00f3n de hortalizas y frutas, puntualiz\u00f3, \u201cse mantiene pese a la escasez h\u00eddrica afecta a la zona y al pa\u00eds, continuando con sus labores para que la cadena de abastecimiento se mantenga y todos podamos acceder a alimentos sanos, inocuos y limpios\u201d.<\/p>\n<p>En tanto, el director del INIA La Cruz, Jorge Morales, recalc\u00f3 la importancia de implementar educaci\u00f3n en los j\u00f3venes. Afirm\u00f3 que \u201clos estudiantes de esta escuela y las otras donde hemos inaugurado las unidades demostrativas, son el futuro de Chile. A trav\u00e9s de nuestros especialistas, conocieron en terreno, in situ, como dise\u00f1ar, operar, mantener y programar un sistema de riego\u201d. Para el INIA, dijo, \u201cha sido una tremenda oportunidad educar a las nuevas generaciones fortaleciendo lo que tiene la escuela, de traspasar conocimientos nuevos\u201d. Precis\u00f3 que \u201cense\u00f1ar a las nuevas generaciones a tomar conciencia en relaci\u00f3n con el uso del agua es fundamental para lograr minimizar los efectos negativos de la escasez h\u00eddrica, tanto en los procesos productivos como en la vida cotidiana\u201d.<\/p>\n<p>En este sentido, la seremi de Educaci\u00f3n, Romina Maraga\u00f1o, valor\u00f3 \u201cla alianza entre las instituciones p\u00fablicas y privadas, agropecuaria, donde las parcelas productivas con sistemas de riego tecnificado, tecnolog\u00edas de monitoreo y estrategias de gesti\u00f3n de riego, que se ajustan a las necesidades del territorio, fortalecen el proceso formativo de los estudiantes que son los futuros profesionales del agro y su red de producci\u00f3n\u201d.<\/p>\n","protected":false},"excerpt":{"rendered":"<p>Iniciativa que ha permitido entregar, despu\u00e9s de 30 meses, un programa de capacitaci\u00f3n a casi 500 estudiantes desde segundo a cuarto medio<\/p>\n","protected":false},"author":2,"featured_media":22200,"comment_status":"closed","ping_status":"closed","sticky":false,"template":"","format":"standard","meta":{"footnotes":""},"categories":[1945],"tags":[2090,3127,2696,2052,3871,2111],"class_list":["post-22198","post","type-post","status-publish","format-standard","has-post-thumbnail","hentry","category-agricultura","tag-agricultura","tag-agro","tag-agua","tag-inia","tag-inia-la-cruz","tag-recurso-hidrico"],"yoast_head":"<!-- This site is optimized with the Yoast SEO plugin v26.6 - https:\/\/yoast.com\/wordpress\/plugins\/seo\/ -->\n<title>Lanzan unidades demostrativas para el uso eficiente del agua: se capacitaron 650 agricultores - Mundoagropecuario<\/title>\n<meta name=\"description\" content=\"Iniciativa que ha permitido entregar, despu\u00e9s de 30 meses, un programa de capacitaci\u00f3n a casi 500 estudiantes desde segundo a cuarto medio\" \/>\n<meta name=\"robots\" content=\"index, follow, max-snippet:-1, max-image-preview:large, max-video-preview:-1\" \/>\n<link rel=\"canonical\" href=\"https:\/\/www.mundoagropecuario.cl\/new\/lanzan-unidades-demostrativas-para-el-uso-eficiente-del-agua-se-capacitaron-650-agricultores\/\" \/>\n<meta property=\"og:locale\" content=\"es_ES\" \/>\n<meta property=\"og:type\" content=\"article\" \/>\n<meta property=\"og:title\" content=\"Lanzan unidades demostrativas para el uso eficiente del agua: se capacitaron 650 agricultores - Mundoagropecuario\" \/>\n<meta property=\"og:description\" content=\"Iniciativa que ha permitido entregar, despu\u00e9s de 30 meses, un programa de capacitaci\u00f3n a casi 500 estudiantes desde segundo a cuarto medio\" \/>\n<meta property=\"og:url\" content=\"https:\/\/www.mundoagropecuario.cl\/new\/lanzan-unidades-demostrativas-para-el-uso-eficiente-del-agua-se-capacitaron-650-agricultores\/\" \/>\n<meta property=\"og:site_name\" content=\"Mundoagropecuario\" \/>\n<meta property=\"article:publisher\" content=\"https:\/\/www.facebook.com\/mundo.agropecuario.3\" \/>\n<meta property=\"article:published_time\" content=\"2022-06-13T15:21:13+00:00\" \/>\n<meta property=\"article:modified_time\" content=\"2022-06-15T17:13:10+00:00\" \/>\n<meta property=\"og:image\" content=\"https:\/\/www.mundoagropecuario.cl\/new\/wp-content\/uploads\/2022\/06\/joe\u030cvenes-scaled.jpg\" \/>\n\t<meta property=\"og:image:width\" content=\"1024\" \/>\n\t<meta property=\"og:image:height\" content=\"682\" \/>\n\t<meta property=\"og:image:type\" content=\"image\/jpeg\" \/>\n<meta name=\"author\" content=\"mundo\" \/>\n<meta name=\"twitter:card\" content=\"summary_large_image\" \/>\n<meta name=\"twitter:creator\" content=\"@MundoAgropecuar\" \/>\n<meta name=\"twitter:site\" content=\"@MundoAgropecuar\" \/>\n<meta name=\"twitter:label1\" content=\"Escrito por\" \/>\n\t<meta name=\"twitter:data1\" content=\"mundo\" \/>\n\t<meta name=\"twitter:label2\" content=\"Tiempo de lectura\" \/>\n\t<meta name=\"twitter:data2\" content=\"4 minutos\" \/>\n<script type=\"application\/ld+json\" class=\"yoast-schema-graph\">{\"@context\":\"https:\/\/schema.org\",\"@graph\":[{\"@type\":\"Article\",\"@id\":\"https:\/\/www.mundoagropecuario.cl\/new\/lanzan-unidades-demostrativas-para-el-uso-eficiente-del-agua-se-capacitaron-650-agricultores\/#article\",\"isPartOf\":{\"@id\":\"https:\/\/www.mundoagropecuario.cl\/new\/lanzan-unidades-demostrativas-para-el-uso-eficiente-del-agua-se-capacitaron-650-agricultores\/\"},\"author\":{\"name\":\"mundo\",\"@id\":\"https:\/\/www.mundoagropecuario.cl\/new\/#\/schema\/person\/4e9f74a82a7dac260eb1c44b7eebeb18\"},\"headline\":\"Lanzan unidades demostrativas para el uso eficiente del agua: se capacitaron 650 agricultores\",\"datePublished\":\"2022-06-13T15:21:13+00:00\",\"dateModified\":\"2022-06-15T17:13:10+00:00\",\"mainEntityOfPage\":{\"@id\":\"https:\/\/www.mundoagropecuario.cl\/new\/lanzan-unidades-demostrativas-para-el-uso-eficiente-del-agua-se-capacitaron-650-agricultores\/\"},\"wordCount\":835,\"publisher\":{\"@id\":\"https:\/\/www.mundoagropecuario.cl\/new\/#organization\"},\"image\":{\"@id\":\"https:\/\/www.mundoagropecuario.cl\/new\/lanzan-unidades-demostrativas-para-el-uso-eficiente-del-agua-se-capacitaron-650-agricultores\/#primaryimage\"},\"thumbnailUrl\":\"https:\/\/www.mundoagropecuario.cl\/new\/wp-content\/uploads\/2022\/06\/joe\u030cvenes-scaled.jpg\",\"keywords\":[\"Agricultura\",\"Agro\",\"agua\",\"INIA\",\"INIA La Cruz\",\"Recurso h\u00eddrico\"],\"articleSection\":[\"Agricultura\"],\"inLanguage\":\"es\"},{\"@type\":\"WebPage\",\"@id\":\"https:\/\/www.mundoagropecuario.cl\/new\/lanzan-unidades-demostrativas-para-el-uso-eficiente-del-agua-se-capacitaron-650-agricultores\/\",\"url\":\"https:\/\/www.mundoagropecuario.cl\/new\/lanzan-unidades-demostrativas-para-el-uso-eficiente-del-agua-se-capacitaron-650-agricultores\/\",\"name\":\"Lanzan unidades demostrativas para el uso eficiente del agua: se capacitaron 650 agricultores - Mundoagropecuario\",\"isPartOf\":{\"@id\":\"https:\/\/www.mundoagropecuario.cl\/new\/#website\"},\"primaryImageOfPage\":{\"@id\":\"https:\/\/www.mundoagropecuario.cl\/new\/lanzan-unidades-demostrativas-para-el-uso-eficiente-del-agua-se-capacitaron-650-agricultores\/#primaryimage\"},\"image\":{\"@id\":\"https:\/\/www.mundoagropecuario.cl\/new\/lanzan-unidades-demostrativas-para-el-uso-eficiente-del-agua-se-capacitaron-650-agricultores\/#primaryimage\"},\"thumbnailUrl\":\"https:\/\/www.mundoagropecuario.cl\/new\/wp-content\/uploads\/2022\/06\/joe\u030cvenes-scaled.jpg\",\"datePublished\":\"2022-06-13T15:21:13+00:00\",\"dateModified\":\"2022-06-15T17:13:10+00:00\",\"description\":\"Iniciativa que ha permitido entregar, despu\u00e9s de 30 meses, un programa de capacitaci\u00f3n a casi 500 estudiantes desde segundo a cuarto medio\",\"breadcrumb\":{\"@id\":\"https:\/\/www.mundoagropecuario.cl\/new\/lanzan-unidades-demostrativas-para-el-uso-eficiente-del-agua-se-capacitaron-650-agricultores\/#breadcrumb\"},\"inLanguage\":\"es\",\"potentialAction\":[{\"@type\":\"ReadAction\",\"target\":[\"https:\/\/www.mundoagropecuario.cl\/new\/lanzan-unidades-demostrativas-para-el-uso-eficiente-del-agua-se-capacitaron-650-agricultores\/\"]}]},{\"@type\":\"ImageObject\",\"inLanguage\":\"es\",\"@id\":\"https:\/\/www.mundoagropecuario.cl\/new\/lanzan-unidades-demostrativas-para-el-uso-eficiente-del-agua-se-capacitaron-650-agricultores\/#primaryimage\",\"url\":\"https:\/\/www.mundoagropecuario.cl\/new\/wp-content\/uploads\/2022\/06\/joe\u030cvenes-scaled.jpg\",\"contentUrl\":\"https:\/\/www.mundoagropecuario.cl\/new\/wp-content\/uploads\/2022\/06\/joe\u030cvenes-scaled.jpg\",\"width\":601,\"height\":400},{\"@type\":\"BreadcrumbList\",\"@id\":\"https:\/\/www.mundoagropecuario.cl\/new\/lanzan-unidades-demostrativas-para-el-uso-eficiente-del-agua-se-capacitaron-650-agricultores\/#breadcrumb\",\"itemListElement\":[{\"@type\":\"ListItem\",\"position\":1,\"name\":\"Portada\",\"item\":\"https:\/\/www.mundoagropecuario.cl\/new\/\"},{\"@type\":\"ListItem\",\"position\":2,\"name\":\"Lanzan unidades demostrativas para el uso eficiente del agua: se capacitaron 650 agricultores\"}]},{\"@type\":\"WebSite\",\"@id\":\"https:\/\/www.mundoagropecuario.cl\/new\/#website\",\"url\":\"https:\/\/www.mundoagropecuario.cl\/new\/\",\"name\":\"Mundoagropecuario\",\"description\":\"Mundo Agropecuario\",\"publisher\":{\"@id\":\"https:\/\/www.mundoagropecuario.cl\/new\/#organization\"},\"potentialAction\":[{\"@type\":\"SearchAction\",\"target\":{\"@type\":\"EntryPoint\",\"urlTemplate\":\"https:\/\/www.mundoagropecuario.cl\/new\/?s={search_term_string}\"},\"query-input\":{\"@type\":\"PropertyValueSpecification\",\"valueRequired\":true,\"valueName\":\"search_term_string\"}}],\"inLanguage\":\"es\"},{\"@type\":\"Organization\",\"@id\":\"https:\/\/www.mundoagropecuario.cl\/new\/#organization\",\"name\":\"Revista de Agricultura\",\"url\":\"https:\/\/www.mundoagropecuario.cl\/new\/\",\"logo\":{\"@type\":\"ImageObject\",\"inLanguage\":\"es\",\"@id\":\"https:\/\/www.mundoagropecuario.cl\/new\/#\/schema\/logo\/image\/\",\"url\":\"https:\/\/www.mundoagropecuario.cl\/new\/wp-content\/uploads\/2020\/11\/PORTAL-1-1.png\",\"contentUrl\":\"https:\/\/www.mundoagropecuario.cl\/new\/wp-content\/uploads\/2020\/11\/PORTAL-1-1.png\",\"width\":1026,\"height\":100,\"caption\":\"Revista de Agricultura\"},\"image\":{\"@id\":\"https:\/\/www.mundoagropecuario.cl\/new\/#\/schema\/logo\/image\/\"},\"sameAs\":[\"https:\/\/www.facebook.com\/mundo.agropecuario.3\",\"https:\/\/x.com\/MundoAgropecuar\",\"https:\/\/www.linkedin.com\/in\/mundo-agropecuario-934009201\/\"]},{\"@type\":\"Person\",\"@id\":\"https:\/\/www.mundoagropecuario.cl\/new\/#\/schema\/person\/4e9f74a82a7dac260eb1c44b7eebeb18\",\"name\":\"mundo\",\"url\":\"https:\/\/www.mundoagropecuario.cl\/new\/author\/mundo\/\"}]}<\/script>\n<!-- \/ Yoast SEO plugin. -->","yoast_head_json":{"title":"Lanzan unidades demostrativas para el uso eficiente del agua: se capacitaron 650 agricultores - Mundoagropecuario","description":"Iniciativa que ha permitido entregar, despu\u00e9s de 30 meses, un programa de capacitaci\u00f3n a casi 500 estudiantes desde segundo a cuarto medio","robots":{"index":"index","follow":"follow","max-snippet":"max-snippet:-1","max-image-preview":"max-image-preview:large","max-video-preview":"max-video-preview:-1"},"canonical":"https:\/\/www.mundoagropecuario.cl\/new\/lanzan-unidades-demostrativas-para-el-uso-eficiente-del-agua-se-capacitaron-650-agricultores\/","og_locale":"es_ES","og_type":"article","og_title":"Lanzan unidades demostrativas para el uso eficiente del agua: se capacitaron 650 agricultores - Mundoagropecuario","og_description":"Iniciativa que ha permitido entregar, despu\u00e9s de 30 meses, un programa de capacitaci\u00f3n a casi 500 estudiantes desde segundo a cuarto medio","og_url":"https:\/\/www.mundoagropecuario.cl\/new\/lanzan-unidades-demostrativas-para-el-uso-eficiente-del-agua-se-capacitaron-650-agricultores\/","og_site_name":"Mundoagropecuario","article_publisher":"https:\/\/www.facebook.com\/mundo.agropecuario.3","article_published_time":"2022-06-13T15:21:13+00:00","article_modified_time":"2022-06-15T17:13:10+00:00","og_image":[{"width":1024,"height":682,"url":"https:\/\/www.mundoagropecuario.cl\/new\/wp-content\/uploads\/2022\/06\/joe\u030cvenes-scaled.jpg","type":"image\/jpeg"}],"author":"mundo","twitter_card":"summary_large_image","twitter_creator":"@MundoAgropecuar","twitter_site":"@MundoAgropecuar","twitter_misc":{"Escrito por":"mundo","Tiempo de lectura":"4 minutos"},"schema":{"@context":"https:\/\/schema.org","@graph":[{"@type":"Article","@id":"https:\/\/www.mundoagropecuario.cl\/new\/lanzan-unidades-demostrativas-para-el-uso-eficiente-del-agua-se-capacitaron-650-agricultores\/#article","isPartOf":{"@id":"https:\/\/www.mundoagropecuario.cl\/new\/lanzan-unidades-demostrativas-para-el-uso-eficiente-del-agua-se-capacitaron-650-agricultores\/"},"author":{"name":"mundo","@id":"https:\/\/www.mundoagropecuario.cl\/new\/#\/schema\/person\/4e9f74a82a7dac260eb1c44b7eebeb18"},"headline":"Lanzan unidades demostrativas para el uso eficiente del agua: se capacitaron 650 agricultores","datePublished":"2022-06-13T15:21:13+00:00","dateModified":"2022-06-15T17:13:10+00:00","mainEntityOfPage":{"@id":"https:\/\/www.mundoagropecuario.cl\/new\/lanzan-unidades-demostrativas-para-el-uso-eficiente-del-agua-se-capacitaron-650-agricultores\/"},"wordCount":835,"publisher":{"@id":"https:\/\/www.mundoagropecuario.cl\/new\/#organization"},"image":{"@id":"https:\/\/www.mundoagropecuario.cl\/new\/lanzan-unidades-demostrativas-para-el-uso-eficiente-del-agua-se-capacitaron-650-agricultores\/#primaryimage"},"thumbnailUrl":"https:\/\/www.mundoagropecuario.cl\/new\/wp-content\/uploads\/2022\/06\/joe\u030cvenes-scaled.jpg","keywords":["Agricultura","Agro","agua","INIA","INIA La Cruz","Recurso h\u00eddrico"],"articleSection":["Agricultura"],"inLanguage":"es"},{"@type":"WebPage","@id":"https:\/\/www.mundoagropecuario.cl\/new\/lanzan-unidades-demostrativas-para-el-uso-eficiente-del-agua-se-capacitaron-650-agricultores\/","url":"https:\/\/www.mundoagropecuario.cl\/new\/lanzan-unidades-demostrativas-para-el-uso-eficiente-del-agua-se-capacitaron-650-agricultores\/","name":"Lanzan unidades demostrativas para el uso eficiente del agua: se capacitaron 650 agricultores - Mundoagropecuario","isPartOf":{"@id":"https:\/\/www.mundoagropecuario.cl\/new\/#website"},"primaryImageOfPage":{"@id":"https:\/\/www.mundoagropecuario.cl\/new\/lanzan-unidades-demostrativas-para-el-uso-eficiente-del-agua-se-capacitaron-650-agricultores\/#primaryimage"},"image":{"@id":"https:\/\/www.mundoagropecuario.cl\/new\/lanzan-unidades-demostrativas-para-el-uso-eficiente-del-agua-se-capacitaron-650-agricultores\/#primaryimage"},"thumbnailUrl":"https:\/\/www.mundoagropecuario.cl\/new\/wp-content\/uploads\/2022\/06\/joe\u030cvenes-scaled.jpg","datePublished":"2022-06-13T15:21:13+00:00","dateModified":"2022-06-15T17:13:10+00:00","description":"Iniciativa que ha permitido entregar, despu\u00e9s de 30 meses, un programa de capacitaci\u00f3n a casi 500 estudiantes desde segundo a cuarto medio","breadcrumb":{"@id":"https:\/\/www.mundoagropecuario.cl\/new\/lanzan-unidades-demostrativas-para-el-uso-eficiente-del-agua-se-capacitaron-650-agricultores\/#breadcrumb"},"inLanguage":"es","potentialAction":[{"@type":"ReadAction","target":["https:\/\/www.mundoagropecuario.cl\/new\/lanzan-unidades-demostrativas-para-el-uso-eficiente-del-agua-se-capacitaron-650-agricultores\/"]}]},{"@type":"ImageObject","inLanguage":"es","@id":"https:\/\/www.mundoagropecuario.cl\/new\/lanzan-unidades-demostrativas-para-el-uso-eficiente-del-agua-se-capacitaron-650-agricultores\/#primaryimage","url":"https:\/\/www.mundoagropecuario.cl\/new\/wp-content\/uploads\/2022\/06\/joe\u030cvenes-scaled.jpg","contentUrl":"https:\/\/www.mundoagropecuario.cl\/new\/wp-content\/uploads\/2022\/06\/joe\u030cvenes-scaled.jpg","width":601,"height":400},{"@type":"BreadcrumbList","@id":"https:\/\/www.mundoagropecuario.cl\/new\/lanzan-unidades-demostrativas-para-el-uso-eficiente-del-agua-se-capacitaron-650-agricultores\/#breadcrumb","itemListElement":[{"@type":"ListItem","position":1,"name":"Portada","item":"https:\/\/www.mundoagropecuario.cl\/new\/"},{"@type":"ListItem","position":2,"name":"Lanzan unidades demostrativas para el uso eficiente del agua: se capacitaron 650 agricultores"}]},{"@type":"WebSite","@id":"https:\/\/www.mundoagropecuario.cl\/new\/#website","url":"https:\/\/www.mundoagropecuario.cl\/new\/","name":"Mundoagropecuario","description":"Mundo Agropecuario","publisher":{"@id":"https:\/\/www.mundoagropecuario.cl\/new\/#organization"},"potentialAction":[{"@type":"SearchAction","target":{"@type":"EntryPoint","urlTemplate":"https:\/\/www.mundoagropecuario.cl\/new\/?s={search_term_string}"},"query-input":{"@type":"PropertyValueSpecification","valueRequired":true,"valueName":"search_term_string"}}],"inLanguage":"es"},{"@type":"Organization","@id":"https:\/\/www.mundoagropecuario.cl\/new\/#organization","name":"Revista de Agricultura","url":"https:\/\/www.mundoagropecuario.cl\/new\/","logo":{"@type":"ImageObject","inLanguage":"es","@id":"https:\/\/www.mundoagropecuario.cl\/new\/#\/schema\/logo\/image\/","url":"https:\/\/www.mundoagropecuario.cl\/new\/wp-content\/uploads\/2020\/11\/PORTAL-1-1.png","contentUrl":"https:\/\/www.mundoagropecuario.cl\/new\/wp-content\/uploads\/2020\/11\/PORTAL-1-1.png","width":1026,"height":100,"caption":"Revista de Agricultura"},"image":{"@id":"https:\/\/www.mundoagropecuario.cl\/new\/#\/schema\/logo\/image\/"},"sameAs":["https:\/\/www.facebook.com\/mundo.agropecuario.3","https:\/\/x.com\/MundoAgropecuar","https:\/\/www.linkedin.com\/in\/mundo-agropecuario-934009201\/"]},{"@type":"Person","@id":"https:\/\/www.mundoagropecuario.cl\/new\/#\/schema\/person\/4e9f74a82a7dac260eb1c44b7eebeb18","name":"mundo","url":"https:\/\/www.mundoagropecuario.cl\/new\/author\/mundo\/"}]}},"_links":{"self":[{"href":"https:\/\/www.mundoagropecuario.cl\/new\/wp-json\/wp\/v2\/posts\/22198","targetHints":{"allow":["GET"]}}],"collection":[{"href":"https:\/\/www.mundoagropecuario.cl\/new\/wp-json\/wp\/v2\/posts"}],"about":[{"href":"https:\/\/www.mundoagropecuario.cl\/new\/wp-json\/wp\/v2\/types\/post"}],"author":[{"embeddable":true,"href":"https:\/\/www.mundoagropecuario.cl\/new\/wp-json\/wp\/v2\/users\/2"}],"replies":[{"embeddable":true,"href":"https:\/\/www.mundoagropecuario.cl\/new\/wp-json\/wp\/v2\/comments?post=22198"}],"version-history":[{"count":1,"href":"https:\/\/www.mundoagropecuario.cl\/new\/wp-json\/wp\/v2\/posts\/22198\/revisions"}],"predecessor-version":[{"id":22201,"href":"https:\/\/www.mundoagropecuario.cl\/new\/wp-json\/wp\/v2\/posts\/22198\/revisions\/22201"}],"wp:featuredmedia":[{"embeddable":true,"href":"https:\/\/www.mundoagropecuario.cl\/new\/wp-json\/wp\/v2\/media\/22200"}],"wp:attachment":[{"href":"https:\/\/www.mundoagropecuario.cl\/new\/wp-json\/wp\/v2\/media?parent=22198"}],"wp:term":[{"taxonomy":"category","embeddable":true,"href":"https:\/\/www.mundoagropecuario.cl\/new\/wp-json\/wp\/v2\/categories?post=22198"},{"taxonomy":"post_tag","embeddable":true,"href":"https:\/\/www.mundoagropecuario.cl\/new\/wp-json\/wp\/v2\/tags?post=22198"}],"curies":[{"name":"wp","href":"https:\/\/api.w.org\/{rel}","templated":true}]}}