{"id":22049,"date":"2022-05-24T12:35:58","date_gmt":"2022-05-24T15:35:58","guid":{"rendered":"https:\/\/www.mundoagropecuario.cl\/new\/?p=22049"},"modified":"2022-05-26T12:59:22","modified_gmt":"2022-05-26T15:59:22","slug":"leche-en-polvo-podria-potenciar-a-la-industria-chilena-en-el-extranjero","status":"publish","type":"post","link":"https:\/\/www.mundoagropecuario.cl\/new\/leche-en-polvo-podria-potenciar-a-la-industria-chilena-en-el-extranjero\/","title":{"rendered":"Leche en polvo podr\u00eda potenciar a la industria chilena en el extranjero"},"content":{"rendered":"<blockquote>\n<h2><span style=\"color: #333300;\">La oportunidad permitir\u00eda generar m\u00e1s puestos de trabajo, m\u00e1s movimiento del mercado de la leche y un panorama productivo positivo en general para los agricultores nacionales.<\/span><\/h2>\n<\/blockquote>\n<p>El presidente de la Federaci\u00f3n Gremial Nacional de Productores de Leche Marcos Winkler, cont\u00f3 a diario La Tribuna que \u201cnosotros tenemos una calidad premium de productos l\u00e1cteos, la cual est\u00e1 siendo observada por el mundo entero, que por esto quiere adquirir dichos productos\u201d. A lo anterior se suma \u201cla problem\u00e1tica que hay actualmente en una planta en Michigan, Estados Unidos, que ha causado la disminuci\u00f3n de un producto muy espec\u00edfico, que es una leche en polvo para lactantes de hasta 12 meses de edad\u201d, explic\u00f3.<\/p>\n<p><a href=\"https:\/\/www.mundoagropecuario.cl\/new\/wp-content\/uploads\/2021\/10\/Marcos-Winkler-Fedeleche-scaled.jpg\"><img loading=\"lazy\" decoding=\"async\" class=\" wp-image-20483 alignright\" src=\"https:\/\/www.mundoagropecuario.cl\/new\/wp-content\/uploads\/2021\/10\/Marcos-Winkler-Fedeleche-586x391.jpg\" alt=\"\" width=\"483\" height=\"325\" \/><\/a>El dirigente gremial indic\u00f3 que dicho suplemento es \u201cuna f\u00f3rmula muy espec\u00edfica para la cual no tenemos l\u00edneas de preparaci\u00f3n de esta leche, por lo que hoy no tenemos c\u00f3mo suplir esta necesidad puntual\u201d. Sin embargo, el presidente de Fedeleche continu\u00f3 diciendo que \u201cclaramente, el tener nosotros la leche premium, con la que se fabrican estas preparaciones infantiles tan espec\u00edficas, nos abre ciertas l\u00edneas de trabajo\u201d.<\/p>\n<p><strong><span style=\"color: #333300;\">Nuevas posibilidades de mercado<\/span><\/strong><\/p>\n<p>Dichas l\u00edneas de trabajo, seg\u00fan Marcos Winkler, permitir\u00edan a los productores chilenos de leche \u201cimplementar l\u00edneas de proceso que abastezcan en el mediano plazo de este tipo de preparaciones infantiles, lo que nos llena de orgullo, porque finalmente nos est\u00e1n mirando como leche premium\u201d.<\/p>\n<p>Winkler valor\u00f3 el hecho de que este \u00faltimo punto estar\u00eda siendo una \u201cdemostraci\u00f3n de la calidad de leche que tenemos y por otro lado, para la industria local y nacional es un impulso poder generar estas nuevas l\u00edneas de trabajo\u201d.<\/p>\n<p>El vocero del gremio lechero nacional dijo que los efectos del desarrollo que podr\u00eda traer esta apertura de mercado \u201cva a generar m\u00e1s puestos de trabajo, m\u00e1s movimiento de la leche, el mercado va a funcionar mejor y finalmente nos va a ir mejor a todos\u201d.<\/p>\n<p>El presidente de la Federaci\u00f3n Gremial Nacional de Productores de Leche dijo que tambi\u00e9n \u201ca trav\u00e9s de la marca Chile Milk estamos llegando a un mercado internacional, estamos mostrando los productos que tenemos y estamos instalando en la retina de los consumidores del mundo este producto premium\u201d.<\/p>\n<p>\u201cEsto se da a trav\u00e9s de una visi\u00f3n a mediano y largo plazo, por un lado nosotros, como ChileMilk, mostrando al mundo lo que tenemos y a mostrando a los inversionistas las opciones de negocio nuevas que se generan para poder abastecer estos mercados\u201d, dijo el tambi\u00e9n presidente de la Asociaci\u00f3n de Productores de Leche de Osorno.<\/p>\n<p>Se refiri\u00f3 tambi\u00e9n al panorama interno para la producci\u00f3n de leche: \u201cTomando un ejemplo muy de campo y de nuestra producci\u00f3n, si se tiene un reba\u00f1o de vacas y de ese reba\u00f1o se tiene un par de vacas enfermas, que es una situaci\u00f3n puntual que se debe resolver inmediatamente, eso sucede con factores tanto clim\u00e1ticos como de precios\u201d.<\/p>\n<p><a href=\"https:\/\/www.mundoagropecuario.cl\/new\/wp-content\/uploads\/2022\/05\/lecheen-polvo-c.jpeg\"><img loading=\"lazy\" decoding=\"async\" class=\" wp-image-22050 alignleft\" src=\"https:\/\/www.mundoagropecuario.cl\/new\/wp-content\/uploads\/2022\/05\/lecheen-polvo-c-586x440.jpeg\" alt=\"\" width=\"470\" height=\"348\" \/><\/a>Marcos Winkler reconoci\u00f3 que \u201ceso es lo que estamos viviendo actualmente con algunos factores tanto clim\u00e1ticos, como de precios y mercado que est\u00e1n ocurriendo hoy en el mercado\u201d.<\/p>\n<p>Continuando con su ejemplo, el presidente de Aproleche Osorno dijo que \u201ctenemos un par de vacas enfermas que tenemos que ver c\u00f3mo sanar, pero el resto de mi reba\u00f1o, es decir, el resto del impulso de la producci\u00f3n lechera nacional tiene objetivos a mediano y largo plazo\u201d. Dichos objetivos \u201cson de 10 a 20 a\u00f1os, los cuales no han variado y que por el contrario, con m\u00e1s ganas y con m\u00e1s fuerza estamos impulsando para que Chile retome la senda del crecimiento en la producci\u00f3n lechera\u201d, explic\u00f3 Winkler.<\/p>\n<p><strong><span style=\"color: #333300;\">Situaci\u00f3n interna no ser\u00eda un freno a la exportaci\u00f3n\u00a0<\/span><\/strong><\/p>\n<p>El presidente de la Federaci\u00f3n Gremial Nacional de Productores de Leche fue enf\u00e1tico en decir que \u201cqueremos que Chile retome el crecimiento de la industria l\u00e1ctea, de tal forma que pueda generar m\u00e1s empleo, m\u00e1s recursos, m\u00e1s movimiento y finalmente a trav\u00e9s de la econom\u00eda lechera impulsar a todas las regiones que estamos relacionadas con la leche\u201d.<\/p>\n<p>Continu\u00f3 explicando que \u201cesto impacta directamente en el bolsillo de los chilenos, el escenario pol\u00edtico, el clima, el precio y la poca certeza que generan algunos art\u00edculos del texto de la constituci\u00f3n. Lo anterior, sin embargo, no detiene un mercado de exportaci\u00f3n\u201d.<\/p>\n<p>Seg\u00fan informaci\u00f3n de la Oficina de Estudios y Pol\u00edticas Agrarias, del Ministerio de Agricultura, \u201cChile tiene una moderna lecher\u00eda, que cuenta con m\u00e1s de 6.000 productores comerciales, especialmente concentrados en las regiones de Los R\u00edos y Los Lagos\u201d.\u00a0 Adem\u00e1s seg\u00fan el mismo organismo \u201cel pa\u00eds dispone de un mill\u00f3n de hect\u00e1reas de praderas (\u2026)\u201d, alcanzando 2.650 millones de litros\u201d del producto que se generan en el pa\u00eds\u201d.<\/p>\n<p>Fuente: diario La Tribuna<\/p>\n","protected":false},"excerpt":{"rendered":"<p>El presidente de la Federaci\u00f3n Gremial Nacional de Productores de Leche dijo que tambi\u00e9n \u201ca trav\u00e9s de la marca Chile Milk estamos llegando a un mercado internacional.<\/p>\n","protected":false},"author":2,"featured_media":21978,"comment_status":"closed","ping_status":"closed","sticky":false,"template":"","format":"standard","meta":{"footnotes":""},"categories":[1946],"tags":[2057,2058,7062,2051,2065,4168],"class_list":["post-22049","post","type-post","status-publish","format-standard","has-post-thumbnail","hentry","category-lacteos","tag-aproleche","tag-fedeleche","tag-industria-chilena","tag-leche","tag-leche-en-polvo","tag-marcos-winkler-2"],"yoast_head":"<!-- This site is optimized with the Yoast SEO plugin v26.6 - https:\/\/yoast.com\/wordpress\/plugins\/seo\/ -->\n<title>Leche en polvo podr\u00eda potenciar a la industria chilena en el extranjero - Mundoagropecuario<\/title>\n<meta name=\"description\" content=\"El presidente de Aproleche dijo que tambi\u00e9n \u201ca trav\u00e9s de la marca Chile Milk estamos llegando a un mercado internacional.\" \/>\n<meta name=\"robots\" content=\"index, follow, max-snippet:-1, max-image-preview:large, max-video-preview:-1\" \/>\n<link rel=\"canonical\" href=\"https:\/\/www.mundoagropecuario.cl\/new\/leche-en-polvo-podria-potenciar-a-la-industria-chilena-en-el-extranjero\/\" \/>\n<meta property=\"og:locale\" content=\"es_ES\" \/>\n<meta property=\"og:type\" content=\"article\" \/>\n<meta property=\"og:title\" content=\"Leche en polvo podr\u00eda potenciar a la industria chilena en el extranjero - Mundoagropecuario\" \/>\n<meta property=\"og:description\" content=\"El presidente de Aproleche dijo que tambi\u00e9n \u201ca trav\u00e9s de la marca Chile Milk estamos llegando a un mercado internacional.\" \/>\n<meta property=\"og:url\" content=\"https:\/\/www.mundoagropecuario.cl\/new\/leche-en-polvo-podria-potenciar-a-la-industria-chilena-en-el-extranjero\/\" \/>\n<meta property=\"og:site_name\" content=\"Mundoagropecuario\" \/>\n<meta property=\"article:publisher\" content=\"https:\/\/www.facebook.com\/mundo.agropecuario.3\" \/>\n<meta property=\"article:published_time\" content=\"2022-05-24T15:35:58+00:00\" \/>\n<meta property=\"article:modified_time\" content=\"2022-05-26T15:59:22+00:00\" \/>\n<meta property=\"og:image\" content=\"https:\/\/www.mundoagropecuario.cl\/new\/wp-content\/uploads\/2022\/05\/leche-en-polvo-1-1-scaled.jpeg\" \/>\n\t<meta property=\"og:image:width\" content=\"1024\" \/>\n\t<meta property=\"og:image:height\" content=\"683\" \/>\n\t<meta property=\"og:image:type\" content=\"image\/jpeg\" \/>\n<meta name=\"author\" content=\"mundo\" \/>\n<meta name=\"twitter:card\" content=\"summary_large_image\" \/>\n<meta name=\"twitter:creator\" content=\"@MundoAgropecuar\" \/>\n<meta name=\"twitter:site\" content=\"@MundoAgropecuar\" \/>\n<meta name=\"twitter:label1\" content=\"Escrito por\" \/>\n\t<meta name=\"twitter:data1\" content=\"mundo\" \/>\n\t<meta name=\"twitter:label2\" content=\"Tiempo de lectura\" \/>\n\t<meta name=\"twitter:data2\" content=\"4 minutos\" \/>\n<script type=\"application\/ld+json\" class=\"yoast-schema-graph\">{\"@context\":\"https:\/\/schema.org\",\"@graph\":[{\"@type\":\"Article\",\"@id\":\"https:\/\/www.mundoagropecuario.cl\/new\/leche-en-polvo-podria-potenciar-a-la-industria-chilena-en-el-extranjero\/#article\",\"isPartOf\":{\"@id\":\"https:\/\/www.mundoagropecuario.cl\/new\/leche-en-polvo-podria-potenciar-a-la-industria-chilena-en-el-extranjero\/\"},\"author\":{\"name\":\"mundo\",\"@id\":\"https:\/\/www.mundoagropecuario.cl\/new\/#\/schema\/person\/4e9f74a82a7dac260eb1c44b7eebeb18\"},\"headline\":\"Leche en polvo podr\u00eda potenciar a la industria chilena en el extranjero\",\"datePublished\":\"2022-05-24T15:35:58+00:00\",\"dateModified\":\"2022-05-26T15:59:22+00:00\",\"mainEntityOfPage\":{\"@id\":\"https:\/\/www.mundoagropecuario.cl\/new\/leche-en-polvo-podria-potenciar-a-la-industria-chilena-en-el-extranjero\/\"},\"wordCount\":851,\"publisher\":{\"@id\":\"https:\/\/www.mundoagropecuario.cl\/new\/#organization\"},\"image\":{\"@id\":\"https:\/\/www.mundoagropecuario.cl\/new\/leche-en-polvo-podria-potenciar-a-la-industria-chilena-en-el-extranjero\/#primaryimage\"},\"thumbnailUrl\":\"https:\/\/www.mundoagropecuario.cl\/new\/wp-content\/uploads\/2022\/05\/leche-en-polvo-1-1-scaled.jpeg\",\"keywords\":[\"Aproleche\",\"Fedeleche\",\"industria chilena\",\"Leche\",\"Leche en polvo\",\"Marcos Winkler\"],\"articleSection\":[\"L\u00e1cteos\"],\"inLanguage\":\"es\"},{\"@type\":\"WebPage\",\"@id\":\"https:\/\/www.mundoagropecuario.cl\/new\/leche-en-polvo-podria-potenciar-a-la-industria-chilena-en-el-extranjero\/\",\"url\":\"https:\/\/www.mundoagropecuario.cl\/new\/leche-en-polvo-podria-potenciar-a-la-industria-chilena-en-el-extranjero\/\",\"name\":\"Leche en polvo podr\u00eda potenciar a la industria chilena en el extranjero - Mundoagropecuario\",\"isPartOf\":{\"@id\":\"https:\/\/www.mundoagropecuario.cl\/new\/#website\"},\"primaryImageOfPage\":{\"@id\":\"https:\/\/www.mundoagropecuario.cl\/new\/leche-en-polvo-podria-potenciar-a-la-industria-chilena-en-el-extranjero\/#primaryimage\"},\"image\":{\"@id\":\"https:\/\/www.mundoagropecuario.cl\/new\/leche-en-polvo-podria-potenciar-a-la-industria-chilena-en-el-extranjero\/#primaryimage\"},\"thumbnailUrl\":\"https:\/\/www.mundoagropecuario.cl\/new\/wp-content\/uploads\/2022\/05\/leche-en-polvo-1-1-scaled.jpeg\",\"datePublished\":\"2022-05-24T15:35:58+00:00\",\"dateModified\":\"2022-05-26T15:59:22+00:00\",\"description\":\"El presidente de Aproleche dijo que tambi\u00e9n \u201ca trav\u00e9s de la marca Chile Milk estamos llegando a un mercado internacional.\",\"breadcrumb\":{\"@id\":\"https:\/\/www.mundoagropecuario.cl\/new\/leche-en-polvo-podria-potenciar-a-la-industria-chilena-en-el-extranjero\/#breadcrumb\"},\"inLanguage\":\"es\",\"potentialAction\":[{\"@type\":\"ReadAction\",\"target\":[\"https:\/\/www.mundoagropecuario.cl\/new\/leche-en-polvo-podria-potenciar-a-la-industria-chilena-en-el-extranjero\/\"]}]},{\"@type\":\"ImageObject\",\"inLanguage\":\"es\",\"@id\":\"https:\/\/www.mundoagropecuario.cl\/new\/leche-en-polvo-podria-potenciar-a-la-industria-chilena-en-el-extranjero\/#primaryimage\",\"url\":\"https:\/\/www.mundoagropecuario.cl\/new\/wp-content\/uploads\/2022\/05\/leche-en-polvo-1-1-scaled.jpeg\",\"contentUrl\":\"https:\/\/www.mundoagropecuario.cl\/new\/wp-content\/uploads\/2022\/05\/leche-en-polvo-1-1-scaled.jpeg\",\"width\":600,\"height\":400,\"caption\":\"whey protein powder - two scoops\"},{\"@type\":\"BreadcrumbList\",\"@id\":\"https:\/\/www.mundoagropecuario.cl\/new\/leche-en-polvo-podria-potenciar-a-la-industria-chilena-en-el-extranjero\/#breadcrumb\",\"itemListElement\":[{\"@type\":\"ListItem\",\"position\":1,\"name\":\"Portada\",\"item\":\"https:\/\/www.mundoagropecuario.cl\/new\/\"},{\"@type\":\"ListItem\",\"position\":2,\"name\":\"Leche en polvo podr\u00eda potenciar a la industria chilena en el extranjero\"}]},{\"@type\":\"WebSite\",\"@id\":\"https:\/\/www.mundoagropecuario.cl\/new\/#website\",\"url\":\"https:\/\/www.mundoagropecuario.cl\/new\/\",\"name\":\"Mundoagropecuario\",\"description\":\"Mundo Agropecuario\",\"publisher\":{\"@id\":\"https:\/\/www.mundoagropecuario.cl\/new\/#organization\"},\"potentialAction\":[{\"@type\":\"SearchAction\",\"target\":{\"@type\":\"EntryPoint\",\"urlTemplate\":\"https:\/\/www.mundoagropecuario.cl\/new\/?s={search_term_string}\"},\"query-input\":{\"@type\":\"PropertyValueSpecification\",\"valueRequired\":true,\"valueName\":\"search_term_string\"}}],\"inLanguage\":\"es\"},{\"@type\":\"Organization\",\"@id\":\"https:\/\/www.mundoagropecuario.cl\/new\/#organization\",\"name\":\"Revista de Agricultura\",\"url\":\"https:\/\/www.mundoagropecuario.cl\/new\/\",\"logo\":{\"@type\":\"ImageObject\",\"inLanguage\":\"es\",\"@id\":\"https:\/\/www.mundoagropecuario.cl\/new\/#\/schema\/logo\/image\/\",\"url\":\"https:\/\/www.mundoagropecuario.cl\/new\/wp-content\/uploads\/2020\/11\/PORTAL-1-1.png\",\"contentUrl\":\"https:\/\/www.mundoagropecuario.cl\/new\/wp-content\/uploads\/2020\/11\/PORTAL-1-1.png\",\"width\":1026,\"height\":100,\"caption\":\"Revista de Agricultura\"},\"image\":{\"@id\":\"https:\/\/www.mundoagropecuario.cl\/new\/#\/schema\/logo\/image\/\"},\"sameAs\":[\"https:\/\/www.facebook.com\/mundo.agropecuario.3\",\"https:\/\/x.com\/MundoAgropecuar\",\"https:\/\/www.linkedin.com\/in\/mundo-agropecuario-934009201\/\"]},{\"@type\":\"Person\",\"@id\":\"https:\/\/www.mundoagropecuario.cl\/new\/#\/schema\/person\/4e9f74a82a7dac260eb1c44b7eebeb18\",\"name\":\"mundo\",\"url\":\"https:\/\/www.mundoagropecuario.cl\/new\/author\/mundo\/\"}]}<\/script>\n<!-- \/ Yoast SEO plugin. -->","yoast_head_json":{"title":"Leche en polvo podr\u00eda potenciar a la industria chilena en el extranjero - Mundoagropecuario","description":"El presidente de Aproleche dijo que tambi\u00e9n \u201ca trav\u00e9s de la marca Chile Milk estamos llegando a un mercado internacional.","robots":{"index":"index","follow":"follow","max-snippet":"max-snippet:-1","max-image-preview":"max-image-preview:large","max-video-preview":"max-video-preview:-1"},"canonical":"https:\/\/www.mundoagropecuario.cl\/new\/leche-en-polvo-podria-potenciar-a-la-industria-chilena-en-el-extranjero\/","og_locale":"es_ES","og_type":"article","og_title":"Leche en polvo podr\u00eda potenciar a la industria chilena en el extranjero - Mundoagropecuario","og_description":"El presidente de Aproleche dijo que tambi\u00e9n \u201ca trav\u00e9s de la marca Chile Milk estamos llegando a un mercado internacional.","og_url":"https:\/\/www.mundoagropecuario.cl\/new\/leche-en-polvo-podria-potenciar-a-la-industria-chilena-en-el-extranjero\/","og_site_name":"Mundoagropecuario","article_publisher":"https:\/\/www.facebook.com\/mundo.agropecuario.3","article_published_time":"2022-05-24T15:35:58+00:00","article_modified_time":"2022-05-26T15:59:22+00:00","og_image":[{"width":1024,"height":683,"url":"https:\/\/www.mundoagropecuario.cl\/new\/wp-content\/uploads\/2022\/05\/leche-en-polvo-1-1-scaled.jpeg","type":"image\/jpeg"}],"author":"mundo","twitter_card":"summary_large_image","twitter_creator":"@MundoAgropecuar","twitter_site":"@MundoAgropecuar","twitter_misc":{"Escrito por":"mundo","Tiempo de lectura":"4 minutos"},"schema":{"@context":"https:\/\/schema.org","@graph":[{"@type":"Article","@id":"https:\/\/www.mundoagropecuario.cl\/new\/leche-en-polvo-podria-potenciar-a-la-industria-chilena-en-el-extranjero\/#article","isPartOf":{"@id":"https:\/\/www.mundoagropecuario.cl\/new\/leche-en-polvo-podria-potenciar-a-la-industria-chilena-en-el-extranjero\/"},"author":{"name":"mundo","@id":"https:\/\/www.mundoagropecuario.cl\/new\/#\/schema\/person\/4e9f74a82a7dac260eb1c44b7eebeb18"},"headline":"Leche en polvo podr\u00eda potenciar a la industria chilena en el extranjero","datePublished":"2022-05-24T15:35:58+00:00","dateModified":"2022-05-26T15:59:22+00:00","mainEntityOfPage":{"@id":"https:\/\/www.mundoagropecuario.cl\/new\/leche-en-polvo-podria-potenciar-a-la-industria-chilena-en-el-extranjero\/"},"wordCount":851,"publisher":{"@id":"https:\/\/www.mundoagropecuario.cl\/new\/#organization"},"image":{"@id":"https:\/\/www.mundoagropecuario.cl\/new\/leche-en-polvo-podria-potenciar-a-la-industria-chilena-en-el-extranjero\/#primaryimage"},"thumbnailUrl":"https:\/\/www.mundoagropecuario.cl\/new\/wp-content\/uploads\/2022\/05\/leche-en-polvo-1-1-scaled.jpeg","keywords":["Aproleche","Fedeleche","industria chilena","Leche","Leche en polvo","Marcos Winkler"],"articleSection":["L\u00e1cteos"],"inLanguage":"es"},{"@type":"WebPage","@id":"https:\/\/www.mundoagropecuario.cl\/new\/leche-en-polvo-podria-potenciar-a-la-industria-chilena-en-el-extranjero\/","url":"https:\/\/www.mundoagropecuario.cl\/new\/leche-en-polvo-podria-potenciar-a-la-industria-chilena-en-el-extranjero\/","name":"Leche en polvo podr\u00eda potenciar a la industria chilena en el extranjero - Mundoagropecuario","isPartOf":{"@id":"https:\/\/www.mundoagropecuario.cl\/new\/#website"},"primaryImageOfPage":{"@id":"https:\/\/www.mundoagropecuario.cl\/new\/leche-en-polvo-podria-potenciar-a-la-industria-chilena-en-el-extranjero\/#primaryimage"},"image":{"@id":"https:\/\/www.mundoagropecuario.cl\/new\/leche-en-polvo-podria-potenciar-a-la-industria-chilena-en-el-extranjero\/#primaryimage"},"thumbnailUrl":"https:\/\/www.mundoagropecuario.cl\/new\/wp-content\/uploads\/2022\/05\/leche-en-polvo-1-1-scaled.jpeg","datePublished":"2022-05-24T15:35:58+00:00","dateModified":"2022-05-26T15:59:22+00:00","description":"El presidente de Aproleche dijo que tambi\u00e9n \u201ca trav\u00e9s de la marca Chile Milk estamos llegando a un mercado internacional.","breadcrumb":{"@id":"https:\/\/www.mundoagropecuario.cl\/new\/leche-en-polvo-podria-potenciar-a-la-industria-chilena-en-el-extranjero\/#breadcrumb"},"inLanguage":"es","potentialAction":[{"@type":"ReadAction","target":["https:\/\/www.mundoagropecuario.cl\/new\/leche-en-polvo-podria-potenciar-a-la-industria-chilena-en-el-extranjero\/"]}]},{"@type":"ImageObject","inLanguage":"es","@id":"https:\/\/www.mundoagropecuario.cl\/new\/leche-en-polvo-podria-potenciar-a-la-industria-chilena-en-el-extranjero\/#primaryimage","url":"https:\/\/www.mundoagropecuario.cl\/new\/wp-content\/uploads\/2022\/05\/leche-en-polvo-1-1-scaled.jpeg","contentUrl":"https:\/\/www.mundoagropecuario.cl\/new\/wp-content\/uploads\/2022\/05\/leche-en-polvo-1-1-scaled.jpeg","width":600,"height":400,"caption":"whey protein powder - two scoops"},{"@type":"BreadcrumbList","@id":"https:\/\/www.mundoagropecuario.cl\/new\/leche-en-polvo-podria-potenciar-a-la-industria-chilena-en-el-extranjero\/#breadcrumb","itemListElement":[{"@type":"ListItem","position":1,"name":"Portada","item":"https:\/\/www.mundoagropecuario.cl\/new\/"},{"@type":"ListItem","position":2,"name":"Leche en polvo podr\u00eda potenciar a la industria chilena en el extranjero"}]},{"@type":"WebSite","@id":"https:\/\/www.mundoagropecuario.cl\/new\/#website","url":"https:\/\/www.mundoagropecuario.cl\/new\/","name":"Mundoagropecuario","description":"Mundo Agropecuario","publisher":{"@id":"https:\/\/www.mundoagropecuario.cl\/new\/#organization"},"potentialAction":[{"@type":"SearchAction","target":{"@type":"EntryPoint","urlTemplate":"https:\/\/www.mundoagropecuario.cl\/new\/?s={search_term_string}"},"query-input":{"@type":"PropertyValueSpecification","valueRequired":true,"valueName":"search_term_string"}}],"inLanguage":"es"},{"@type":"Organization","@id":"https:\/\/www.mundoagropecuario.cl\/new\/#organization","name":"Revista de Agricultura","url":"https:\/\/www.mundoagropecuario.cl\/new\/","logo":{"@type":"ImageObject","inLanguage":"es","@id":"https:\/\/www.mundoagropecuario.cl\/new\/#\/schema\/logo\/image\/","url":"https:\/\/www.mundoagropecuario.cl\/new\/wp-content\/uploads\/2020\/11\/PORTAL-1-1.png","contentUrl":"https:\/\/www.mundoagropecuario.cl\/new\/wp-content\/uploads\/2020\/11\/PORTAL-1-1.png","width":1026,"height":100,"caption":"Revista de Agricultura"},"image":{"@id":"https:\/\/www.mundoagropecuario.cl\/new\/#\/schema\/logo\/image\/"},"sameAs":["https:\/\/www.facebook.com\/mundo.agropecuario.3","https:\/\/x.com\/MundoAgropecuar","https:\/\/www.linkedin.com\/in\/mundo-agropecuario-934009201\/"]},{"@type":"Person","@id":"https:\/\/www.mundoagropecuario.cl\/new\/#\/schema\/person\/4e9f74a82a7dac260eb1c44b7eebeb18","name":"mundo","url":"https:\/\/www.mundoagropecuario.cl\/new\/author\/mundo\/"}]}},"_links":{"self":[{"href":"https:\/\/www.mundoagropecuario.cl\/new\/wp-json\/wp\/v2\/posts\/22049","targetHints":{"allow":["GET"]}}],"collection":[{"href":"https:\/\/www.mundoagropecuario.cl\/new\/wp-json\/wp\/v2\/posts"}],"about":[{"href":"https:\/\/www.mundoagropecuario.cl\/new\/wp-json\/wp\/v2\/types\/post"}],"author":[{"embeddable":true,"href":"https:\/\/www.mundoagropecuario.cl\/new\/wp-json\/wp\/v2\/users\/2"}],"replies":[{"embeddable":true,"href":"https:\/\/www.mundoagropecuario.cl\/new\/wp-json\/wp\/v2\/comments?post=22049"}],"version-history":[{"count":1,"href":"https:\/\/www.mundoagropecuario.cl\/new\/wp-json\/wp\/v2\/posts\/22049\/revisions"}],"predecessor-version":[{"id":22051,"href":"https:\/\/www.mundoagropecuario.cl\/new\/wp-json\/wp\/v2\/posts\/22049\/revisions\/22051"}],"wp:featuredmedia":[{"embeddable":true,"href":"https:\/\/www.mundoagropecuario.cl\/new\/wp-json\/wp\/v2\/media\/21978"}],"wp:attachment":[{"href":"https:\/\/www.mundoagropecuario.cl\/new\/wp-json\/wp\/v2\/media?parent=22049"}],"wp:term":[{"taxonomy":"category","embeddable":true,"href":"https:\/\/www.mundoagropecuario.cl\/new\/wp-json\/wp\/v2\/categories?post=22049"},{"taxonomy":"post_tag","embeddable":true,"href":"https:\/\/www.mundoagropecuario.cl\/new\/wp-json\/wp\/v2\/tags?post=22049"}],"curies":[{"name":"wp","href":"https:\/\/api.w.org\/{rel}","templated":true}]}}