{"id":22042,"date":"2022-05-24T11:53:14","date_gmt":"2022-05-24T14:53:14","guid":{"rendered":"https:\/\/www.mundoagropecuario.cl\/new\/?p=22042"},"modified":"2022-05-25T13:10:31","modified_gmt":"2022-05-25T16:10:31","slug":"directora-de-inia-remehue-proyecta-los-desafios-de-su-gestion","status":"publish","type":"post","link":"https:\/\/www.mundoagropecuario.cl\/new\/directora-de-inia-remehue-proyecta-los-desafios-de-su-gestion\/","title":{"rendered":"Directora de INIA Remehue proyecta los desaf\u00edos de su gesti\u00f3n"},"content":{"rendered":"<blockquote>\n<h2><span style=\"color: #333300;\">La nueva autoridad del agro, m\u00e9dico veterinario Ph.D. en nutrici\u00f3n, uno de los aspectos m\u00e1s relevantes de la producci\u00f3n lechera, destac\u00f3 la importancia que tiene generar nuevos conocimientos y transferir los resultados de investigaci\u00f3n.<\/span><\/h2>\n<\/blockquote>\n<p>En una conversaci\u00f3n muy distendida y cordial con Michel Junod, conductor del programa radial Contacto Lechero de Radio El Conquistador, la nueva directora del Centro Regional de Investigaci\u00f3n INIA Remehue, Natalie Urrutia, dio a conocer c\u00f3mo han sido sus primeros d\u00edas al mando del Instituto de Investigaciones Agropecuarias (INIA) en las regiones de Los Lagos y Los R\u00edos, siendo la primera mujer en ejercer este cargo.<\/p>\n<p>Como investigadora especialista en nutrici\u00f3n de vacas lecheras, la nueva autoridad regional del INIA analiz\u00f3 los desaf\u00edos que enfrenta el sector lechero y el aporte que el INIA est\u00e1 realizando en temas de adaptaci\u00f3n al cambio clim\u00e1tico, alimentaci\u00f3n de vacas lecheras y temas ambientales, entre otras variables que afectan la producci\u00f3n y sustentabilidad de las lecher\u00edas y se refiri\u00f3 al \u00e9nfasis que tendr\u00e1 en este per\u00edodo la transferencia de tecnolog\u00eda y la extensi\u00f3n agropecuaria.<\/p>\n<p>Estos y muchos otros temas interesantes, los puedes escuchar en el siguiente link:\u00a0<a href=\"https:\/\/www.contactoagropecuario.cl\/contacto-lechero\/\">https:\/\/www.contactoagropecuario.cl\/contacto-lechero\/<\/a><\/p>\n","protected":false},"excerpt":{"rendered":"<p>La autoridad regional del INIA, analiz\u00f3 los desaf\u00edos que enfrenta el sector lechero, el aporte que el INIA est\u00e1 realizando en cambio clim\u00e1tico, alimentaci\u00f3n de vacas lecheras y temas ambientales.<\/p>\n","protected":false},"author":2,"featured_media":22043,"comment_status":"closed","ping_status":"closed","sticky":false,"template":"","format":"standard","meta":{"footnotes":""},"categories":[1987],"tags":[2090,3127,5988,2052,1993,2051,2698],"class_list":["post-22042","post","type-post","status-publish","format-standard","has-post-thumbnail","hentry","category-instituciones","tag-agricultura","tag-agro","tag-de-inia-remehue","tag-inia","tag-inia-remehue","tag-leche","tag-vacas"],"yoast_head":"<!-- This site is optimized with the Yoast SEO plugin v26.6 - https:\/\/yoast.com\/wordpress\/plugins\/seo\/ -->\n<title>Directora de INIA Remehue proyecta los desaf\u00edos de su gesti\u00f3n - Mundoagropecuario<\/title>\n<meta name=\"description\" content=\"La autoridad regional del INIA, analiz\u00f3 los desaf\u00edos que enfrenta el sector lechero y aporte que el INIA est\u00e1 realizando en cambio clim\u00e1tico\" \/>\n<meta name=\"robots\" content=\"index, follow, max-snippet:-1, max-image-preview:large, max-video-preview:-1\" \/>\n<link rel=\"canonical\" href=\"https:\/\/www.mundoagropecuario.cl\/new\/directora-de-inia-remehue-proyecta-los-desafios-de-su-gestion\/\" \/>\n<meta property=\"og:locale\" content=\"es_ES\" \/>\n<meta property=\"og:type\" content=\"article\" \/>\n<meta property=\"og:title\" content=\"Directora de INIA Remehue proyecta los desaf\u00edos de su gesti\u00f3n - Mundoagropecuario\" \/>\n<meta property=\"og:description\" content=\"La autoridad regional del INIA, analiz\u00f3 los desaf\u00edos que enfrenta el sector lechero y aporte que el INIA est\u00e1 realizando en cambio clim\u00e1tico\" \/>\n<meta property=\"og:url\" content=\"https:\/\/www.mundoagropecuario.cl\/new\/directora-de-inia-remehue-proyecta-los-desafios-de-su-gestion\/\" \/>\n<meta property=\"og:site_name\" content=\"Mundoagropecuario\" \/>\n<meta property=\"article:publisher\" content=\"https:\/\/www.facebook.com\/mundo.agropecuario.3\" \/>\n<meta property=\"article:published_time\" content=\"2022-05-24T14:53:14+00:00\" \/>\n<meta property=\"article:modified_time\" content=\"2022-05-25T16:10:31+00:00\" \/>\n<meta property=\"og:image\" content=\"https:\/\/www.mundoagropecuario.cl\/new\/wp-content\/uploads\/2022\/05\/Natalie-Urrutia-en-El-Conquistador-scaled.jpg\" \/>\n\t<meta property=\"og:image:width\" content=\"1024\" \/>\n\t<meta property=\"og:image:height\" content=\"614\" \/>\n\t<meta property=\"og:image:type\" content=\"image\/jpeg\" \/>\n<meta name=\"author\" content=\"mundo\" \/>\n<meta name=\"twitter:card\" content=\"summary_large_image\" \/>\n<meta name=\"twitter:creator\" content=\"@MundoAgropecuar\" \/>\n<meta name=\"twitter:site\" content=\"@MundoAgropecuar\" \/>\n<meta name=\"twitter:label1\" content=\"Escrito por\" \/>\n\t<meta name=\"twitter:data1\" content=\"mundo\" \/>\n\t<meta name=\"twitter:label2\" content=\"Tiempo de lectura\" \/>\n\t<meta name=\"twitter:data2\" content=\"1 minuto\" \/>\n<script type=\"application\/ld+json\" class=\"yoast-schema-graph\">{\"@context\":\"https:\/\/schema.org\",\"@graph\":[{\"@type\":\"Article\",\"@id\":\"https:\/\/www.mundoagropecuario.cl\/new\/directora-de-inia-remehue-proyecta-los-desafios-de-su-gestion\/#article\",\"isPartOf\":{\"@id\":\"https:\/\/www.mundoagropecuario.cl\/new\/directora-de-inia-remehue-proyecta-los-desafios-de-su-gestion\/\"},\"author\":{\"name\":\"mundo\",\"@id\":\"https:\/\/www.mundoagropecuario.cl\/new\/#\/schema\/person\/4e9f74a82a7dac260eb1c44b7eebeb18\"},\"headline\":\"Directora de INIA Remehue proyecta los desaf\u00edos de su gesti\u00f3n\",\"datePublished\":\"2022-05-24T14:53:14+00:00\",\"dateModified\":\"2022-05-25T16:10:31+00:00\",\"mainEntityOfPage\":{\"@id\":\"https:\/\/www.mundoagropecuario.cl\/new\/directora-de-inia-remehue-proyecta-los-desafios-de-su-gestion\/\"},\"wordCount\":225,\"publisher\":{\"@id\":\"https:\/\/www.mundoagropecuario.cl\/new\/#organization\"},\"image\":{\"@id\":\"https:\/\/www.mundoagropecuario.cl\/new\/directora-de-inia-remehue-proyecta-los-desafios-de-su-gestion\/#primaryimage\"},\"thumbnailUrl\":\"https:\/\/www.mundoagropecuario.cl\/new\/wp-content\/uploads\/2022\/05\/Natalie-Urrutia-en-El-Conquistador-scaled.jpg\",\"keywords\":[\"Agricultura\",\"Agro\",\"de INIA Remehue\",\"INIA\",\"INIA Remehue\",\"Leche\",\"vacas\"],\"articleSection\":[\"Instituciones\"],\"inLanguage\":\"es\"},{\"@type\":\"WebPage\",\"@id\":\"https:\/\/www.mundoagropecuario.cl\/new\/directora-de-inia-remehue-proyecta-los-desafios-de-su-gestion\/\",\"url\":\"https:\/\/www.mundoagropecuario.cl\/new\/directora-de-inia-remehue-proyecta-los-desafios-de-su-gestion\/\",\"name\":\"Directora de INIA Remehue proyecta los desaf\u00edos de su gesti\u00f3n - Mundoagropecuario\",\"isPartOf\":{\"@id\":\"https:\/\/www.mundoagropecuario.cl\/new\/#website\"},\"primaryImageOfPage\":{\"@id\":\"https:\/\/www.mundoagropecuario.cl\/new\/directora-de-inia-remehue-proyecta-los-desafios-de-su-gestion\/#primaryimage\"},\"image\":{\"@id\":\"https:\/\/www.mundoagropecuario.cl\/new\/directora-de-inia-remehue-proyecta-los-desafios-de-su-gestion\/#primaryimage\"},\"thumbnailUrl\":\"https:\/\/www.mundoagropecuario.cl\/new\/wp-content\/uploads\/2022\/05\/Natalie-Urrutia-en-El-Conquistador-scaled.jpg\",\"datePublished\":\"2022-05-24T14:53:14+00:00\",\"dateModified\":\"2022-05-25T16:10:31+00:00\",\"description\":\"La autoridad regional del INIA, analiz\u00f3 los desaf\u00edos que enfrenta el sector lechero y aporte que el INIA est\u00e1 realizando en cambio clim\u00e1tico\",\"breadcrumb\":{\"@id\":\"https:\/\/www.mundoagropecuario.cl\/new\/directora-de-inia-remehue-proyecta-los-desafios-de-su-gestion\/#breadcrumb\"},\"inLanguage\":\"es\",\"potentialAction\":[{\"@type\":\"ReadAction\",\"target\":[\"https:\/\/www.mundoagropecuario.cl\/new\/directora-de-inia-remehue-proyecta-los-desafios-de-su-gestion\/\"]}]},{\"@type\":\"ImageObject\",\"inLanguage\":\"es\",\"@id\":\"https:\/\/www.mundoagropecuario.cl\/new\/directora-de-inia-remehue-proyecta-los-desafios-de-su-gestion\/#primaryimage\",\"url\":\"https:\/\/www.mundoagropecuario.cl\/new\/wp-content\/uploads\/2022\/05\/Natalie-Urrutia-en-El-Conquistador-scaled.jpg\",\"contentUrl\":\"https:\/\/www.mundoagropecuario.cl\/new\/wp-content\/uploads\/2022\/05\/Natalie-Urrutia-en-El-Conquistador-scaled.jpg\",\"width\":667,\"height\":400},{\"@type\":\"BreadcrumbList\",\"@id\":\"https:\/\/www.mundoagropecuario.cl\/new\/directora-de-inia-remehue-proyecta-los-desafios-de-su-gestion\/#breadcrumb\",\"itemListElement\":[{\"@type\":\"ListItem\",\"position\":1,\"name\":\"Portada\",\"item\":\"https:\/\/www.mundoagropecuario.cl\/new\/\"},{\"@type\":\"ListItem\",\"position\":2,\"name\":\"Directora de INIA Remehue proyecta los desaf\u00edos de su gesti\u00f3n\"}]},{\"@type\":\"WebSite\",\"@id\":\"https:\/\/www.mundoagropecuario.cl\/new\/#website\",\"url\":\"https:\/\/www.mundoagropecuario.cl\/new\/\",\"name\":\"Mundoagropecuario\",\"description\":\"Mundo Agropecuario\",\"publisher\":{\"@id\":\"https:\/\/www.mundoagropecuario.cl\/new\/#organization\"},\"potentialAction\":[{\"@type\":\"SearchAction\",\"target\":{\"@type\":\"EntryPoint\",\"urlTemplate\":\"https:\/\/www.mundoagropecuario.cl\/new\/?s={search_term_string}\"},\"query-input\":{\"@type\":\"PropertyValueSpecification\",\"valueRequired\":true,\"valueName\":\"search_term_string\"}}],\"inLanguage\":\"es\"},{\"@type\":\"Organization\",\"@id\":\"https:\/\/www.mundoagropecuario.cl\/new\/#organization\",\"name\":\"Revista de Agricultura\",\"url\":\"https:\/\/www.mundoagropecuario.cl\/new\/\",\"logo\":{\"@type\":\"ImageObject\",\"inLanguage\":\"es\",\"@id\":\"https:\/\/www.mundoagropecuario.cl\/new\/#\/schema\/logo\/image\/\",\"url\":\"https:\/\/www.mundoagropecuario.cl\/new\/wp-content\/uploads\/2020\/11\/PORTAL-1-1.png\",\"contentUrl\":\"https:\/\/www.mundoagropecuario.cl\/new\/wp-content\/uploads\/2020\/11\/PORTAL-1-1.png\",\"width\":1026,\"height\":100,\"caption\":\"Revista de Agricultura\"},\"image\":{\"@id\":\"https:\/\/www.mundoagropecuario.cl\/new\/#\/schema\/logo\/image\/\"},\"sameAs\":[\"https:\/\/www.facebook.com\/mundo.agropecuario.3\",\"https:\/\/x.com\/MundoAgropecuar\",\"https:\/\/www.linkedin.com\/in\/mundo-agropecuario-934009201\/\"]},{\"@type\":\"Person\",\"@id\":\"https:\/\/www.mundoagropecuario.cl\/new\/#\/schema\/person\/4e9f74a82a7dac260eb1c44b7eebeb18\",\"name\":\"mundo\",\"url\":\"https:\/\/www.mundoagropecuario.cl\/new\/author\/mundo\/\"}]}<\/script>\n<!-- \/ Yoast SEO plugin. -->","yoast_head_json":{"title":"Directora de INIA Remehue proyecta los desaf\u00edos de su gesti\u00f3n - Mundoagropecuario","description":"La autoridad regional del INIA, analiz\u00f3 los desaf\u00edos que enfrenta el sector lechero y aporte que el INIA est\u00e1 realizando en cambio clim\u00e1tico","robots":{"index":"index","follow":"follow","max-snippet":"max-snippet:-1","max-image-preview":"max-image-preview:large","max-video-preview":"max-video-preview:-1"},"canonical":"https:\/\/www.mundoagropecuario.cl\/new\/directora-de-inia-remehue-proyecta-los-desafios-de-su-gestion\/","og_locale":"es_ES","og_type":"article","og_title":"Directora de INIA Remehue proyecta los desaf\u00edos de su gesti\u00f3n - Mundoagropecuario","og_description":"La autoridad regional del INIA, analiz\u00f3 los desaf\u00edos que enfrenta el sector lechero y aporte que el INIA est\u00e1 realizando en cambio clim\u00e1tico","og_url":"https:\/\/www.mundoagropecuario.cl\/new\/directora-de-inia-remehue-proyecta-los-desafios-de-su-gestion\/","og_site_name":"Mundoagropecuario","article_publisher":"https:\/\/www.facebook.com\/mundo.agropecuario.3","article_published_time":"2022-05-24T14:53:14+00:00","article_modified_time":"2022-05-25T16:10:31+00:00","og_image":[{"width":1024,"height":614,"url":"https:\/\/www.mundoagropecuario.cl\/new\/wp-content\/uploads\/2022\/05\/Natalie-Urrutia-en-El-Conquistador-scaled.jpg","type":"image\/jpeg"}],"author":"mundo","twitter_card":"summary_large_image","twitter_creator":"@MundoAgropecuar","twitter_site":"@MundoAgropecuar","twitter_misc":{"Escrito por":"mundo","Tiempo de lectura":"1 minuto"},"schema":{"@context":"https:\/\/schema.org","@graph":[{"@type":"Article","@id":"https:\/\/www.mundoagropecuario.cl\/new\/directora-de-inia-remehue-proyecta-los-desafios-de-su-gestion\/#article","isPartOf":{"@id":"https:\/\/www.mundoagropecuario.cl\/new\/directora-de-inia-remehue-proyecta-los-desafios-de-su-gestion\/"},"author":{"name":"mundo","@id":"https:\/\/www.mundoagropecuario.cl\/new\/#\/schema\/person\/4e9f74a82a7dac260eb1c44b7eebeb18"},"headline":"Directora de INIA Remehue proyecta los desaf\u00edos de su gesti\u00f3n","datePublished":"2022-05-24T14:53:14+00:00","dateModified":"2022-05-25T16:10:31+00:00","mainEntityOfPage":{"@id":"https:\/\/www.mundoagropecuario.cl\/new\/directora-de-inia-remehue-proyecta-los-desafios-de-su-gestion\/"},"wordCount":225,"publisher":{"@id":"https:\/\/www.mundoagropecuario.cl\/new\/#organization"},"image":{"@id":"https:\/\/www.mundoagropecuario.cl\/new\/directora-de-inia-remehue-proyecta-los-desafios-de-su-gestion\/#primaryimage"},"thumbnailUrl":"https:\/\/www.mundoagropecuario.cl\/new\/wp-content\/uploads\/2022\/05\/Natalie-Urrutia-en-El-Conquistador-scaled.jpg","keywords":["Agricultura","Agro","de INIA Remehue","INIA","INIA Remehue","Leche","vacas"],"articleSection":["Instituciones"],"inLanguage":"es"},{"@type":"WebPage","@id":"https:\/\/www.mundoagropecuario.cl\/new\/directora-de-inia-remehue-proyecta-los-desafios-de-su-gestion\/","url":"https:\/\/www.mundoagropecuario.cl\/new\/directora-de-inia-remehue-proyecta-los-desafios-de-su-gestion\/","name":"Directora de INIA Remehue proyecta los desaf\u00edos de su gesti\u00f3n - Mundoagropecuario","isPartOf":{"@id":"https:\/\/www.mundoagropecuario.cl\/new\/#website"},"primaryImageOfPage":{"@id":"https:\/\/www.mundoagropecuario.cl\/new\/directora-de-inia-remehue-proyecta-los-desafios-de-su-gestion\/#primaryimage"},"image":{"@id":"https:\/\/www.mundoagropecuario.cl\/new\/directora-de-inia-remehue-proyecta-los-desafios-de-su-gestion\/#primaryimage"},"thumbnailUrl":"https:\/\/www.mundoagropecuario.cl\/new\/wp-content\/uploads\/2022\/05\/Natalie-Urrutia-en-El-Conquistador-scaled.jpg","datePublished":"2022-05-24T14:53:14+00:00","dateModified":"2022-05-25T16:10:31+00:00","description":"La autoridad regional del INIA, analiz\u00f3 los desaf\u00edos que enfrenta el sector lechero y aporte que el INIA est\u00e1 realizando en cambio clim\u00e1tico","breadcrumb":{"@id":"https:\/\/www.mundoagropecuario.cl\/new\/directora-de-inia-remehue-proyecta-los-desafios-de-su-gestion\/#breadcrumb"},"inLanguage":"es","potentialAction":[{"@type":"ReadAction","target":["https:\/\/www.mundoagropecuario.cl\/new\/directora-de-inia-remehue-proyecta-los-desafios-de-su-gestion\/"]}]},{"@type":"ImageObject","inLanguage":"es","@id":"https:\/\/www.mundoagropecuario.cl\/new\/directora-de-inia-remehue-proyecta-los-desafios-de-su-gestion\/#primaryimage","url":"https:\/\/www.mundoagropecuario.cl\/new\/wp-content\/uploads\/2022\/05\/Natalie-Urrutia-en-El-Conquistador-scaled.jpg","contentUrl":"https:\/\/www.mundoagropecuario.cl\/new\/wp-content\/uploads\/2022\/05\/Natalie-Urrutia-en-El-Conquistador-scaled.jpg","width":667,"height":400},{"@type":"BreadcrumbList","@id":"https:\/\/www.mundoagropecuario.cl\/new\/directora-de-inia-remehue-proyecta-los-desafios-de-su-gestion\/#breadcrumb","itemListElement":[{"@type":"ListItem","position":1,"name":"Portada","item":"https:\/\/www.mundoagropecuario.cl\/new\/"},{"@type":"ListItem","position":2,"name":"Directora de INIA Remehue proyecta los desaf\u00edos de su gesti\u00f3n"}]},{"@type":"WebSite","@id":"https:\/\/www.mundoagropecuario.cl\/new\/#website","url":"https:\/\/www.mundoagropecuario.cl\/new\/","name":"Mundoagropecuario","description":"Mundo Agropecuario","publisher":{"@id":"https:\/\/www.mundoagropecuario.cl\/new\/#organization"},"potentialAction":[{"@type":"SearchAction","target":{"@type":"EntryPoint","urlTemplate":"https:\/\/www.mundoagropecuario.cl\/new\/?s={search_term_string}"},"query-input":{"@type":"PropertyValueSpecification","valueRequired":true,"valueName":"search_term_string"}}],"inLanguage":"es"},{"@type":"Organization","@id":"https:\/\/www.mundoagropecuario.cl\/new\/#organization","name":"Revista de Agricultura","url":"https:\/\/www.mundoagropecuario.cl\/new\/","logo":{"@type":"ImageObject","inLanguage":"es","@id":"https:\/\/www.mundoagropecuario.cl\/new\/#\/schema\/logo\/image\/","url":"https:\/\/www.mundoagropecuario.cl\/new\/wp-content\/uploads\/2020\/11\/PORTAL-1-1.png","contentUrl":"https:\/\/www.mundoagropecuario.cl\/new\/wp-content\/uploads\/2020\/11\/PORTAL-1-1.png","width":1026,"height":100,"caption":"Revista de Agricultura"},"image":{"@id":"https:\/\/www.mundoagropecuario.cl\/new\/#\/schema\/logo\/image\/"},"sameAs":["https:\/\/www.facebook.com\/mundo.agropecuario.3","https:\/\/x.com\/MundoAgropecuar","https:\/\/www.linkedin.com\/in\/mundo-agropecuario-934009201\/"]},{"@type":"Person","@id":"https:\/\/www.mundoagropecuario.cl\/new\/#\/schema\/person\/4e9f74a82a7dac260eb1c44b7eebeb18","name":"mundo","url":"https:\/\/www.mundoagropecuario.cl\/new\/author\/mundo\/"}]}},"_links":{"self":[{"href":"https:\/\/www.mundoagropecuario.cl\/new\/wp-json\/wp\/v2\/posts\/22042","targetHints":{"allow":["GET"]}}],"collection":[{"href":"https:\/\/www.mundoagropecuario.cl\/new\/wp-json\/wp\/v2\/posts"}],"about":[{"href":"https:\/\/www.mundoagropecuario.cl\/new\/wp-json\/wp\/v2\/types\/post"}],"author":[{"embeddable":true,"href":"https:\/\/www.mundoagropecuario.cl\/new\/wp-json\/wp\/v2\/users\/2"}],"replies":[{"embeddable":true,"href":"https:\/\/www.mundoagropecuario.cl\/new\/wp-json\/wp\/v2\/comments?post=22042"}],"version-history":[{"count":1,"href":"https:\/\/www.mundoagropecuario.cl\/new\/wp-json\/wp\/v2\/posts\/22042\/revisions"}],"predecessor-version":[{"id":22044,"href":"https:\/\/www.mundoagropecuario.cl\/new\/wp-json\/wp\/v2\/posts\/22042\/revisions\/22044"}],"wp:featuredmedia":[{"embeddable":true,"href":"https:\/\/www.mundoagropecuario.cl\/new\/wp-json\/wp\/v2\/media\/22043"}],"wp:attachment":[{"href":"https:\/\/www.mundoagropecuario.cl\/new\/wp-json\/wp\/v2\/media?parent=22042"}],"wp:term":[{"taxonomy":"category","embeddable":true,"href":"https:\/\/www.mundoagropecuario.cl\/new\/wp-json\/wp\/v2\/categories?post=22042"},{"taxonomy":"post_tag","embeddable":true,"href":"https:\/\/www.mundoagropecuario.cl\/new\/wp-json\/wp\/v2\/tags?post=22042"}],"curies":[{"name":"wp","href":"https:\/\/api.w.org\/{rel}","templated":true}]}}