{"id":22029,"date":"2022-05-23T12:20:02","date_gmt":"2022-05-23T15:20:02","guid":{"rendered":"https:\/\/www.mundoagropecuario.cl\/new\/?p=22029"},"modified":"2022-05-25T11:43:39","modified_gmt":"2022-05-25T14:43:39","slug":"uct-suscribio-convenio-con-fundacion-animate-para-terapias-con-animales","status":"publish","type":"post","link":"https:\/\/www.mundoagropecuario.cl\/new\/uct-suscribio-convenio-con-fundacion-animate-para-terapias-con-animales\/","title":{"rendered":"UCT suscribi\u00f3 convenio con Fundaci\u00f3n An\u00edmate para terapias con animales"},"content":{"rendered":"<blockquote>\n<h2><span style=\"color: #333300;\">El acuerdo permitir\u00e1 a docentes y estudiantes de diversas carreras de la casa de estudios operar en Granja Llamas del Sur, ubicado en Camino Huichahue, en Padre Las Casas.<\/span><\/h2>\n<\/blockquote>\n<p>En el medio de la ruralidad, entre Padre Las Casas y Cunco, entre el susurro del arbolado y el apacible rumiar de llamas y caballos, la UCT firm\u00f3 un significativo convenio de colaboraci\u00f3n multidisciplinaria con Fundaci\u00f3n An\u00edmate para el desarrollo de terapias asistidas con animales de Granja Llamas del Sur, parque ubicado en el Km. 18 del camino Huichahue (Ruta S-51).<\/p>\n<p><a href=\"https:\/\/www.mundoagropecuario.cl\/new\/wp-content\/uploads\/2022\/05\/UCT-Convenio-1-scaled.jpg\"><img loading=\"lazy\" decoding=\"async\" class=\" wp-image-22030 alignleft\" src=\"https:\/\/www.mundoagropecuario.cl\/new\/wp-content\/uploads\/2022\/05\/UCT-Convenio-1-586x391.jpg\" alt=\"\" width=\"540\" height=\"379\" \/><\/a>El acuerdo permitir\u00e1 que docentes y estudiantes de diversas carreras de la Universidad Cat\u00f3lica de Temuco realicen diversas actividades, entre pr\u00e1cticas profesionales, sesiones de terapia con animales, planificaci\u00f3n de acciones de vinculaci\u00f3n con el medio, entre otras. Debido a la amplia diversidad de carreras que puedan conversar con las actividades y el lugar en s\u00ed, acudi\u00f3 un numeroso grupo de acad\u00e9micos, jefes de carrera y directores de departamentos interesado en la firma del convenio entre el Rector de la UCT, Aliro B\u00f3rquez, y el presidente de Fundaci\u00f3n An\u00edmate y due\u00f1o de Granja Llamas del Sur, Heinrich von Baer.<\/p>\n<p>\u201cPara nosotros, como UCT, es un convenio muy importante con An\u00edmate, porque va a permitir los campos cl\u00ednicos para nuestras carreras del \u00e1rea de la Salud en una terapia s\u00faper innovadora como es el trabajo con animales de granja\u201d, dijo Aliro B\u00f3rquez, para luego resaltar que \u201cestas son las buenas noticias que tiene La Araucan\u00eda, es mucho m\u00e1s de las noticias que vemos a veces de violencia. Creo que estas son las buenas cosas que tenemos que contar\u201d.<\/p>\n<p>Por su parte Heinrich von Baer a\u00f1adi\u00f3 la idea de que las terapias sirven para una importante tarea: la Rehabilitaci\u00f3n, la que apunta a una poblaci\u00f3n total nacional de un 20% con capacidades diferentes. \u201cde investigaci\u00f3n, de innovaci\u00f3n, sino tambi\u00e9n de compromisos p\u00fablicos, privados, y por lo tanto tambi\u00e9n de organizaciones sociales, como es esta naciente Fundaci\u00f3n An\u00edmate (&#8230;) y para que las personas, las familias y las instituciones, entre ellas las universidades y los municipios, conf\u00eden en el don de la naturaleza y el apoyo de los animales para darle una mayor eficacia a las terapias de tantas personas que tanto lo necesitan\u201d.<\/p>\n<p><strong><span style=\"color: #333300;\">\u00bfPara qu\u00e9 terapia asistida?<\/span><\/strong><\/p>\n<p>Sof\u00eda Castillo, jefa de la carrera de Terapia Ocupacional UCT, explic\u00f3 c\u00f3mo se ha masificado\u00a0 la idea de implementar terapia asistida con animales. \u201cLa terapia asistida con animales es algo que se viene desarrollando de hace mucho tiempo, pero es ahora \u00faltimo que ha tenido un mayor impacto. Es un beneficio que va a todas las \u00e1reas de ciclo vital, se ve mucho en trabajo con infanto juveniles, ni\u00f1os peque\u00f1os, adolescentes pero tambi\u00e9n en personas mayores. Muchas veces uno se queda con el concepto de hipoterapia, equinoterapia como para condicionantes de salud m\u00e1s f\u00edsicas, sin embargo hoy nos damos cuenta del gran desarrollo que tiene a nivel m\u00e1s emocional\u201d, explic\u00f3.<\/p>\n<p><a href=\"https:\/\/www.mundoagropecuario.cl\/new\/wp-content\/uploads\/2022\/05\/UCT-Convenio-Fundacion-3.jpg\"><img loading=\"lazy\" decoding=\"async\" class=\" wp-image-22032 alignright\" src=\"https:\/\/www.mundoagropecuario.cl\/new\/wp-content\/uploads\/2022\/05\/UCT-Convenio-Fundacion-3-586x391.jpg\" alt=\"\" width=\"539\" height=\"358\" \/><\/a>Quien tambi\u00e9n ahond\u00f3 m\u00e1s en esta disciplina fue Krisly V\u00e1squez, fonoaudi\u00f3loga egresada de la UCT, explic\u00f3 que la consideraci\u00f3n de animales en terapias asistidas permite rehabilitar diferentes \u00e1reas en una persona, \u201ctanto emocional, f\u00edsica, cognitiva, social, sensorial, que puede padecer cualquier persona, desde ni\u00f1os hasta adultos mayores; tratamos de abarcar tambi\u00e9n a las familias, a cuidadores muchas veces de personas con la condici\u00f3n del espectro autista, s\u00edndrome de Down, muchos trastornos mentales, siqui\u00e1tricos se ven beneficiados con la ayuda de las terapias asistidas con animales y de la conexi\u00f3n directa, tanto del \u00e1rea natural que nos encontramos ac\u00e1 como tambi\u00e9n con nuestros coterapeuta que son los animales\u201d.<\/p>\n<p>Actualmente la Granja Llamas del Sur, que naci\u00f3 hace seis a\u00f1os, cuenta con un sorprendente n\u00famero de animales en sus corrales: 60 llamas, 30 ovejas, ocho caballos, adem\u00e1s de chivos, chanchos, burros, conejos e incluso un pavo real, que est\u00e1n a la disposici\u00f3n tanto de personas en contexto de rehabilitaci\u00f3n como tambi\u00e9n para visitas.<\/p>\n<p>Su due\u00f1o Heinrich von Baer a\u00f1ora que, con este convenio, el parque se transforme en \u201cel centro por excelencia en Chile de terapias asistidas con animales. Hemos logrado ya el reconocimiento de la Asociaci\u00f3n Internacional de Intervenciones Humano-Animales hace unos a\u00f1os atr\u00e1s. Ahora tenemos el convenio con la UCT y esperamos que con las otras universidades de la regi\u00f3n y con los municipios m\u00e1s cercanos podamos juntos servir a esa enorme e insoportable, inaceptable dimensi\u00f3n de personas que est\u00e1n carentes de apoyo\u201d.<\/p>\n","protected":false},"excerpt":{"rendered":"<p>El acuerdo permitir\u00e1 que docentes y estudiantes de diversas carreras de la Universidad Cat\u00f3lica de Temuco realicen diversas actividades, entre pr\u00e1cticas profesionales y sesiones de terapia con animales.<\/p>\n","protected":false},"author":2,"featured_media":22031,"comment_status":"closed","ping_status":"closed","sticky":false,"template":"","format":"standard","meta":{"footnotes":""},"categories":[1945],"tags":[4124,3127,7050,7052,7048,7054,7051,7053,7049,2875],"class_list":["post-22029","post","type-post","status-publish","format-standard","has-post-thumbnail","hentry","category-agricultura","tag-agricola","tag-agro","tag-aliro-borquez","tag-equinoterapia","tag-fundacion-animate","tag-heinrich-von-baer","tag-hipoterapia","tag-sindrome-de-down","tag-terapias-con-animales","tag-uct"],"yoast_head":"<!-- This site is optimized with the Yoast SEO plugin v26.6 - https:\/\/yoast.com\/wordpress\/plugins\/seo\/ -->\n<title>UCT suscribi\u00f3 convenio con Fundaci\u00f3n An\u00edmate para terapias con animales - Mundoagropecuario<\/title>\n<meta name=\"description\" content=\"El acuerdo permitir\u00e1 que docentes y estudiantes de diversas carreras de la Universidad Cat\u00f3lica de Temuco realicen diversas actividades.\" \/>\n<meta name=\"robots\" content=\"index, follow, max-snippet:-1, max-image-preview:large, max-video-preview:-1\" \/>\n<link rel=\"canonical\" href=\"https:\/\/www.mundoagropecuario.cl\/new\/uct-suscribio-convenio-con-fundacion-animate-para-terapias-con-animales\/\" \/>\n<meta property=\"og:locale\" content=\"es_ES\" \/>\n<meta property=\"og:type\" content=\"article\" \/>\n<meta property=\"og:title\" content=\"UCT suscribi\u00f3 convenio con Fundaci\u00f3n An\u00edmate para terapias con animales - Mundoagropecuario\" \/>\n<meta property=\"og:description\" content=\"El acuerdo permitir\u00e1 que docentes y estudiantes de diversas carreras de la Universidad Cat\u00f3lica de Temuco realicen diversas actividades.\" \/>\n<meta property=\"og:url\" content=\"https:\/\/www.mundoagropecuario.cl\/new\/uct-suscribio-convenio-con-fundacion-animate-para-terapias-con-animales\/\" \/>\n<meta property=\"og:site_name\" content=\"Mundoagropecuario\" \/>\n<meta property=\"article:publisher\" content=\"https:\/\/www.facebook.com\/mundo.agropecuario.3\" \/>\n<meta property=\"article:published_time\" content=\"2022-05-23T15:20:02+00:00\" \/>\n<meta property=\"article:modified_time\" content=\"2022-05-25T14:43:39+00:00\" \/>\n<meta property=\"og:image\" content=\"https:\/\/www.mundoagropecuario.cl\/new\/wp-content\/uploads\/2022\/05\/UCT-Convenio-Fundacion-2-scaled.jpg\" \/>\n\t<meta property=\"og:image:width\" content=\"1024\" \/>\n\t<meta property=\"og:image:height\" content=\"684\" \/>\n\t<meta property=\"og:image:type\" content=\"image\/jpeg\" \/>\n<meta name=\"author\" content=\"mundo\" \/>\n<meta name=\"twitter:card\" content=\"summary_large_image\" \/>\n<meta name=\"twitter:creator\" content=\"@MundoAgropecuar\" \/>\n<meta name=\"twitter:site\" content=\"@MundoAgropecuar\" \/>\n<meta name=\"twitter:label1\" content=\"Escrito por\" \/>\n\t<meta name=\"twitter:data1\" content=\"mundo\" \/>\n\t<meta name=\"twitter:label2\" content=\"Tiempo de lectura\" \/>\n\t<meta name=\"twitter:data2\" content=\"4 minutos\" \/>\n<script type=\"application\/ld+json\" class=\"yoast-schema-graph\">{\"@context\":\"https:\/\/schema.org\",\"@graph\":[{\"@type\":\"Article\",\"@id\":\"https:\/\/www.mundoagropecuario.cl\/new\/uct-suscribio-convenio-con-fundacion-animate-para-terapias-con-animales\/#article\",\"isPartOf\":{\"@id\":\"https:\/\/www.mundoagropecuario.cl\/new\/uct-suscribio-convenio-con-fundacion-animate-para-terapias-con-animales\/\"},\"author\":{\"name\":\"mundo\",\"@id\":\"https:\/\/www.mundoagropecuario.cl\/new\/#\/schema\/person\/4e9f74a82a7dac260eb1c44b7eebeb18\"},\"headline\":\"UCT suscribi\u00f3 convenio con Fundaci\u00f3n An\u00edmate para terapias con animales\",\"datePublished\":\"2022-05-23T15:20:02+00:00\",\"dateModified\":\"2022-05-25T14:43:39+00:00\",\"mainEntityOfPage\":{\"@id\":\"https:\/\/www.mundoagropecuario.cl\/new\/uct-suscribio-convenio-con-fundacion-animate-para-terapias-con-animales\/\"},\"wordCount\":800,\"publisher\":{\"@id\":\"https:\/\/www.mundoagropecuario.cl\/new\/#organization\"},\"image\":{\"@id\":\"https:\/\/www.mundoagropecuario.cl\/new\/uct-suscribio-convenio-con-fundacion-animate-para-terapias-con-animales\/#primaryimage\"},\"thumbnailUrl\":\"https:\/\/www.mundoagropecuario.cl\/new\/wp-content\/uploads\/2022\/05\/UCT-Convenio-Fundacion-2-scaled.jpg\",\"keywords\":[\"agricola\",\"Agro\",\"Aliro B\u00f3rquez\",\"equinoterapia\",\"Fundaci\u00f3n An\u00edmate\",\"Heinrich von Baer\",\"hipoterapia\",\"s\u00edndrome de Down\",\"terapias con animales\",\"UCT\"],\"articleSection\":[\"Agricultura\"],\"inLanguage\":\"es\"},{\"@type\":\"WebPage\",\"@id\":\"https:\/\/www.mundoagropecuario.cl\/new\/uct-suscribio-convenio-con-fundacion-animate-para-terapias-con-animales\/\",\"url\":\"https:\/\/www.mundoagropecuario.cl\/new\/uct-suscribio-convenio-con-fundacion-animate-para-terapias-con-animales\/\",\"name\":\"UCT suscribi\u00f3 convenio con Fundaci\u00f3n An\u00edmate para terapias con animales - Mundoagropecuario\",\"isPartOf\":{\"@id\":\"https:\/\/www.mundoagropecuario.cl\/new\/#website\"},\"primaryImageOfPage\":{\"@id\":\"https:\/\/www.mundoagropecuario.cl\/new\/uct-suscribio-convenio-con-fundacion-animate-para-terapias-con-animales\/#primaryimage\"},\"image\":{\"@id\":\"https:\/\/www.mundoagropecuario.cl\/new\/uct-suscribio-convenio-con-fundacion-animate-para-terapias-con-animales\/#primaryimage\"},\"thumbnailUrl\":\"https:\/\/www.mundoagropecuario.cl\/new\/wp-content\/uploads\/2022\/05\/UCT-Convenio-Fundacion-2-scaled.jpg\",\"datePublished\":\"2022-05-23T15:20:02+00:00\",\"dateModified\":\"2022-05-25T14:43:39+00:00\",\"description\":\"El acuerdo permitir\u00e1 que docentes y estudiantes de diversas carreras de la Universidad Cat\u00f3lica de Temuco realicen diversas actividades.\",\"breadcrumb\":{\"@id\":\"https:\/\/www.mundoagropecuario.cl\/new\/uct-suscribio-convenio-con-fundacion-animate-para-terapias-con-animales\/#breadcrumb\"},\"inLanguage\":\"es\",\"potentialAction\":[{\"@type\":\"ReadAction\",\"target\":[\"https:\/\/www.mundoagropecuario.cl\/new\/uct-suscribio-convenio-con-fundacion-animate-para-terapias-con-animales\/\"]}]},{\"@type\":\"ImageObject\",\"inLanguage\":\"es\",\"@id\":\"https:\/\/www.mundoagropecuario.cl\/new\/uct-suscribio-convenio-con-fundacion-animate-para-terapias-con-animales\/#primaryimage\",\"url\":\"https:\/\/www.mundoagropecuario.cl\/new\/wp-content\/uploads\/2022\/05\/UCT-Convenio-Fundacion-2-scaled.jpg\",\"contentUrl\":\"https:\/\/www.mundoagropecuario.cl\/new\/wp-content\/uploads\/2022\/05\/UCT-Convenio-Fundacion-2-scaled.jpg\",\"width\":599,\"height\":400},{\"@type\":\"BreadcrumbList\",\"@id\":\"https:\/\/www.mundoagropecuario.cl\/new\/uct-suscribio-convenio-con-fundacion-animate-para-terapias-con-animales\/#breadcrumb\",\"itemListElement\":[{\"@type\":\"ListItem\",\"position\":1,\"name\":\"Portada\",\"item\":\"https:\/\/www.mundoagropecuario.cl\/new\/\"},{\"@type\":\"ListItem\",\"position\":2,\"name\":\"UCT suscribi\u00f3 convenio con Fundaci\u00f3n An\u00edmate para terapias con animales\"}]},{\"@type\":\"WebSite\",\"@id\":\"https:\/\/www.mundoagropecuario.cl\/new\/#website\",\"url\":\"https:\/\/www.mundoagropecuario.cl\/new\/\",\"name\":\"Mundoagropecuario\",\"description\":\"Mundo Agropecuario\",\"publisher\":{\"@id\":\"https:\/\/www.mundoagropecuario.cl\/new\/#organization\"},\"potentialAction\":[{\"@type\":\"SearchAction\",\"target\":{\"@type\":\"EntryPoint\",\"urlTemplate\":\"https:\/\/www.mundoagropecuario.cl\/new\/?s={search_term_string}\"},\"query-input\":{\"@type\":\"PropertyValueSpecification\",\"valueRequired\":true,\"valueName\":\"search_term_string\"}}],\"inLanguage\":\"es\"},{\"@type\":\"Organization\",\"@id\":\"https:\/\/www.mundoagropecuario.cl\/new\/#organization\",\"name\":\"Revista de Agricultura\",\"url\":\"https:\/\/www.mundoagropecuario.cl\/new\/\",\"logo\":{\"@type\":\"ImageObject\",\"inLanguage\":\"es\",\"@id\":\"https:\/\/www.mundoagropecuario.cl\/new\/#\/schema\/logo\/image\/\",\"url\":\"https:\/\/www.mundoagropecuario.cl\/new\/wp-content\/uploads\/2020\/11\/PORTAL-1-1.png\",\"contentUrl\":\"https:\/\/www.mundoagropecuario.cl\/new\/wp-content\/uploads\/2020\/11\/PORTAL-1-1.png\",\"width\":1026,\"height\":100,\"caption\":\"Revista de Agricultura\"},\"image\":{\"@id\":\"https:\/\/www.mundoagropecuario.cl\/new\/#\/schema\/logo\/image\/\"},\"sameAs\":[\"https:\/\/www.facebook.com\/mundo.agropecuario.3\",\"https:\/\/x.com\/MundoAgropecuar\",\"https:\/\/www.linkedin.com\/in\/mundo-agropecuario-934009201\/\"]},{\"@type\":\"Person\",\"@id\":\"https:\/\/www.mundoagropecuario.cl\/new\/#\/schema\/person\/4e9f74a82a7dac260eb1c44b7eebeb18\",\"name\":\"mundo\",\"url\":\"https:\/\/www.mundoagropecuario.cl\/new\/author\/mundo\/\"}]}<\/script>\n<!-- \/ Yoast SEO plugin. -->","yoast_head_json":{"title":"UCT suscribi\u00f3 convenio con Fundaci\u00f3n An\u00edmate para terapias con animales - Mundoagropecuario","description":"El acuerdo permitir\u00e1 que docentes y estudiantes de diversas carreras de la Universidad Cat\u00f3lica de Temuco realicen diversas actividades.","robots":{"index":"index","follow":"follow","max-snippet":"max-snippet:-1","max-image-preview":"max-image-preview:large","max-video-preview":"max-video-preview:-1"},"canonical":"https:\/\/www.mundoagropecuario.cl\/new\/uct-suscribio-convenio-con-fundacion-animate-para-terapias-con-animales\/","og_locale":"es_ES","og_type":"article","og_title":"UCT suscribi\u00f3 convenio con Fundaci\u00f3n An\u00edmate para terapias con animales - Mundoagropecuario","og_description":"El acuerdo permitir\u00e1 que docentes y estudiantes de diversas carreras de la Universidad Cat\u00f3lica de Temuco realicen diversas actividades.","og_url":"https:\/\/www.mundoagropecuario.cl\/new\/uct-suscribio-convenio-con-fundacion-animate-para-terapias-con-animales\/","og_site_name":"Mundoagropecuario","article_publisher":"https:\/\/www.facebook.com\/mundo.agropecuario.3","article_published_time":"2022-05-23T15:20:02+00:00","article_modified_time":"2022-05-25T14:43:39+00:00","og_image":[{"width":1024,"height":684,"url":"https:\/\/www.mundoagropecuario.cl\/new\/wp-content\/uploads\/2022\/05\/UCT-Convenio-Fundacion-2-scaled.jpg","type":"image\/jpeg"}],"author":"mundo","twitter_card":"summary_large_image","twitter_creator":"@MundoAgropecuar","twitter_site":"@MundoAgropecuar","twitter_misc":{"Escrito por":"mundo","Tiempo de lectura":"4 minutos"},"schema":{"@context":"https:\/\/schema.org","@graph":[{"@type":"Article","@id":"https:\/\/www.mundoagropecuario.cl\/new\/uct-suscribio-convenio-con-fundacion-animate-para-terapias-con-animales\/#article","isPartOf":{"@id":"https:\/\/www.mundoagropecuario.cl\/new\/uct-suscribio-convenio-con-fundacion-animate-para-terapias-con-animales\/"},"author":{"name":"mundo","@id":"https:\/\/www.mundoagropecuario.cl\/new\/#\/schema\/person\/4e9f74a82a7dac260eb1c44b7eebeb18"},"headline":"UCT suscribi\u00f3 convenio con Fundaci\u00f3n An\u00edmate para terapias con animales","datePublished":"2022-05-23T15:20:02+00:00","dateModified":"2022-05-25T14:43:39+00:00","mainEntityOfPage":{"@id":"https:\/\/www.mundoagropecuario.cl\/new\/uct-suscribio-convenio-con-fundacion-animate-para-terapias-con-animales\/"},"wordCount":800,"publisher":{"@id":"https:\/\/www.mundoagropecuario.cl\/new\/#organization"},"image":{"@id":"https:\/\/www.mundoagropecuario.cl\/new\/uct-suscribio-convenio-con-fundacion-animate-para-terapias-con-animales\/#primaryimage"},"thumbnailUrl":"https:\/\/www.mundoagropecuario.cl\/new\/wp-content\/uploads\/2022\/05\/UCT-Convenio-Fundacion-2-scaled.jpg","keywords":["agricola","Agro","Aliro B\u00f3rquez","equinoterapia","Fundaci\u00f3n An\u00edmate","Heinrich von Baer","hipoterapia","s\u00edndrome de Down","terapias con animales","UCT"],"articleSection":["Agricultura"],"inLanguage":"es"},{"@type":"WebPage","@id":"https:\/\/www.mundoagropecuario.cl\/new\/uct-suscribio-convenio-con-fundacion-animate-para-terapias-con-animales\/","url":"https:\/\/www.mundoagropecuario.cl\/new\/uct-suscribio-convenio-con-fundacion-animate-para-terapias-con-animales\/","name":"UCT suscribi\u00f3 convenio con Fundaci\u00f3n An\u00edmate para terapias con animales - Mundoagropecuario","isPartOf":{"@id":"https:\/\/www.mundoagropecuario.cl\/new\/#website"},"primaryImageOfPage":{"@id":"https:\/\/www.mundoagropecuario.cl\/new\/uct-suscribio-convenio-con-fundacion-animate-para-terapias-con-animales\/#primaryimage"},"image":{"@id":"https:\/\/www.mundoagropecuario.cl\/new\/uct-suscribio-convenio-con-fundacion-animate-para-terapias-con-animales\/#primaryimage"},"thumbnailUrl":"https:\/\/www.mundoagropecuario.cl\/new\/wp-content\/uploads\/2022\/05\/UCT-Convenio-Fundacion-2-scaled.jpg","datePublished":"2022-05-23T15:20:02+00:00","dateModified":"2022-05-25T14:43:39+00:00","description":"El acuerdo permitir\u00e1 que docentes y estudiantes de diversas carreras de la Universidad Cat\u00f3lica de Temuco realicen diversas actividades.","breadcrumb":{"@id":"https:\/\/www.mundoagropecuario.cl\/new\/uct-suscribio-convenio-con-fundacion-animate-para-terapias-con-animales\/#breadcrumb"},"inLanguage":"es","potentialAction":[{"@type":"ReadAction","target":["https:\/\/www.mundoagropecuario.cl\/new\/uct-suscribio-convenio-con-fundacion-animate-para-terapias-con-animales\/"]}]},{"@type":"ImageObject","inLanguage":"es","@id":"https:\/\/www.mundoagropecuario.cl\/new\/uct-suscribio-convenio-con-fundacion-animate-para-terapias-con-animales\/#primaryimage","url":"https:\/\/www.mundoagropecuario.cl\/new\/wp-content\/uploads\/2022\/05\/UCT-Convenio-Fundacion-2-scaled.jpg","contentUrl":"https:\/\/www.mundoagropecuario.cl\/new\/wp-content\/uploads\/2022\/05\/UCT-Convenio-Fundacion-2-scaled.jpg","width":599,"height":400},{"@type":"BreadcrumbList","@id":"https:\/\/www.mundoagropecuario.cl\/new\/uct-suscribio-convenio-con-fundacion-animate-para-terapias-con-animales\/#breadcrumb","itemListElement":[{"@type":"ListItem","position":1,"name":"Portada","item":"https:\/\/www.mundoagropecuario.cl\/new\/"},{"@type":"ListItem","position":2,"name":"UCT suscribi\u00f3 convenio con Fundaci\u00f3n An\u00edmate para terapias con animales"}]},{"@type":"WebSite","@id":"https:\/\/www.mundoagropecuario.cl\/new\/#website","url":"https:\/\/www.mundoagropecuario.cl\/new\/","name":"Mundoagropecuario","description":"Mundo Agropecuario","publisher":{"@id":"https:\/\/www.mundoagropecuario.cl\/new\/#organization"},"potentialAction":[{"@type":"SearchAction","target":{"@type":"EntryPoint","urlTemplate":"https:\/\/www.mundoagropecuario.cl\/new\/?s={search_term_string}"},"query-input":{"@type":"PropertyValueSpecification","valueRequired":true,"valueName":"search_term_string"}}],"inLanguage":"es"},{"@type":"Organization","@id":"https:\/\/www.mundoagropecuario.cl\/new\/#organization","name":"Revista de Agricultura","url":"https:\/\/www.mundoagropecuario.cl\/new\/","logo":{"@type":"ImageObject","inLanguage":"es","@id":"https:\/\/www.mundoagropecuario.cl\/new\/#\/schema\/logo\/image\/","url":"https:\/\/www.mundoagropecuario.cl\/new\/wp-content\/uploads\/2020\/11\/PORTAL-1-1.png","contentUrl":"https:\/\/www.mundoagropecuario.cl\/new\/wp-content\/uploads\/2020\/11\/PORTAL-1-1.png","width":1026,"height":100,"caption":"Revista de Agricultura"},"image":{"@id":"https:\/\/www.mundoagropecuario.cl\/new\/#\/schema\/logo\/image\/"},"sameAs":["https:\/\/www.facebook.com\/mundo.agropecuario.3","https:\/\/x.com\/MundoAgropecuar","https:\/\/www.linkedin.com\/in\/mundo-agropecuario-934009201\/"]},{"@type":"Person","@id":"https:\/\/www.mundoagropecuario.cl\/new\/#\/schema\/person\/4e9f74a82a7dac260eb1c44b7eebeb18","name":"mundo","url":"https:\/\/www.mundoagropecuario.cl\/new\/author\/mundo\/"}]}},"_links":{"self":[{"href":"https:\/\/www.mundoagropecuario.cl\/new\/wp-json\/wp\/v2\/posts\/22029","targetHints":{"allow":["GET"]}}],"collection":[{"href":"https:\/\/www.mundoagropecuario.cl\/new\/wp-json\/wp\/v2\/posts"}],"about":[{"href":"https:\/\/www.mundoagropecuario.cl\/new\/wp-json\/wp\/v2\/types\/post"}],"author":[{"embeddable":true,"href":"https:\/\/www.mundoagropecuario.cl\/new\/wp-json\/wp\/v2\/users\/2"}],"replies":[{"embeddable":true,"href":"https:\/\/www.mundoagropecuario.cl\/new\/wp-json\/wp\/v2\/comments?post=22029"}],"version-history":[{"count":1,"href":"https:\/\/www.mundoagropecuario.cl\/new\/wp-json\/wp\/v2\/posts\/22029\/revisions"}],"predecessor-version":[{"id":22033,"href":"https:\/\/www.mundoagropecuario.cl\/new\/wp-json\/wp\/v2\/posts\/22029\/revisions\/22033"}],"wp:featuredmedia":[{"embeddable":true,"href":"https:\/\/www.mundoagropecuario.cl\/new\/wp-json\/wp\/v2\/media\/22031"}],"wp:attachment":[{"href":"https:\/\/www.mundoagropecuario.cl\/new\/wp-json\/wp\/v2\/media?parent=22029"}],"wp:term":[{"taxonomy":"category","embeddable":true,"href":"https:\/\/www.mundoagropecuario.cl\/new\/wp-json\/wp\/v2\/categories?post=22029"},{"taxonomy":"post_tag","embeddable":true,"href":"https:\/\/www.mundoagropecuario.cl\/new\/wp-json\/wp\/v2\/tags?post=22029"}],"curies":[{"name":"wp","href":"https:\/\/api.w.org\/{rel}","templated":true}]}}