{"id":22013,"date":"2022-05-20T14:16:35","date_gmt":"2022-05-20T17:16:35","guid":{"rendered":"https:\/\/www.mundoagropecuario.cl\/new\/?p=22013"},"modified":"2022-05-24T11:54:04","modified_gmt":"2022-05-24T14:54:04","slug":"universidad-de-concepcion-sera-miembro-del-consorcio-lechero","status":"publish","type":"post","link":"https:\/\/www.mundoagropecuario.cl\/new\/universidad-de-concepcion-sera-miembro-del-consorcio-lechero\/","title":{"rendered":"Universidad de Concepci\u00f3n ser\u00e1 miembro del Consorcio Lechero"},"content":{"rendered":"<blockquote>\n<h2><span style=\"color: #003366;\">Autoridades y acad\u00e9micos de la Universidad de Concepci\u00f3n destacaron la aceptaci\u00f3n de esta instituci\u00f3n de educaci\u00f3n superior para integrarse al Consorcio Lechero, entidad que busca impulsar el desarrollo sostenible y din\u00e1mico del sector l\u00e1cteo chileno.<\/span><\/h2>\n<\/blockquote>\n<p>En este sentido, el Decano de la Facultad de Ciencias Veterinarias, Dr. Patricio Rojas Casta\u00f1eda, manifest\u00f3 que, \u201cla aceptaci\u00f3n y formalizaci\u00f3n de la participaci\u00f3n de nuestra Universidad en el Consorcio Lechero, viene a respaldar el trabajo colaborativo que realiza la Facultad de Ciencias Veterinarias desde hace a\u00f1os a trav\u00e9s del acad\u00e9mico del Departamento de Ciencias Animal de la Facultad, Dr. Marcos Mu\u00f1oz, quien ha integrado comit\u00e9s t\u00e9cnicos y participado en grupos de expertos, liderando \u00e1reas claves del mejoramiento de la salud de los reba\u00f1os lecheros del pa\u00eds\u201d.<\/p>\n<p>La m\u00e1xima autoridad de la mencionada Facultad agreg\u00f3, adem\u00e1s, que el trabajo previo ha permitido la aceptaci\u00f3n de estudiantes de la carrera en pr\u00e1cticas curriculares, realizaci\u00f3n de trabajos de titulaci\u00f3n y el respaldo a proyectos de investigaci\u00f3n en el \u00e1rea. \u201cAs\u00ed, la incorporaci\u00f3n de la Universidad al Consorcio Lechero representa una oportunidad para continuar aportando al desarrollo del \u00e1rea y consolidar lo realizado en la Facultad como lo es el laboratorio de Mastitis y Calidad de Leche, en el cual los acad\u00e9micos, Dr. Marcos Mu\u00f1oz y la Dra. Alejandra Latorre, desde sus inicios, han estado constantemente innovando e implementando nuevas t\u00e9cnicas de diagn\u00f3stico e investigaci\u00f3n con resultados que han tenido aplicaci\u00f3n a nivel nacional e internacional\u201d, explic\u00f3 el Decano Patricio Rojas, quien tambi\u00e9n record\u00f3 que existe la posibilidad de concretar un proyecto en la Regi\u00f3n de \u00d1uble, relacionado con la creaci\u00f3n del centro de innovaci\u00f3n tecnol\u00f3gica en el \u00e1rea agroalimentaria, \u201clo que implica que esta alianza tambi\u00e9n ser\u00e1 una gran oportunidad\u201d, concluy\u00f3.<\/p>\n<p>Por su parte, el Dr. Marcos Mu\u00f1oz Domon, puso \u00e9nfasis en que el Consorcio ha venido trabajando el \u00e1mbito de la articulaci\u00f3n de toda la cadena l\u00e1ctea, uniendo actores de diversos sectores, productores, elaboradores, empresarios y la academia. \u201cEl Consorcio ha comprendido que la producci\u00f3n lechera del 2022, no solamente tiene que ser de buena calidad, t\u00e9cnicamente competente en t\u00e9rminos econ\u00f3micos, sino que debe cumplir otros requisitos, que nosotros en la UdeC lo vemos muy claro, y es el bienestar de los reba\u00f1os que producen el alimento y este bienestar va asociado a la ciencia y medici\u00f3n para lograr la sustentabilidad de estos reba\u00f1os; es decir, que no solo haya econom\u00eda circular o sostenibilidad, sino que este trabajo conjunto sea nuestra forma de producir, que est\u00e9 en armon\u00eda con las necesidades de esta y las pr\u00f3ximas generaciones\u201d.<\/p>\n<p>El Dr. Marcos Mu\u00f1oz destac\u00f3 tambi\u00e9n que esta incorporaci\u00f3n impulsada por la Facultad de Ciencias Veterinarias comprender\u00e1 la participaci\u00f3n de otros Departamentos y Facultades de la UdeC. \u201cLa tecnolog\u00eda necesaria para producir leche como alimento de calidad seguro y sustentable y para asegurar el abastecimiento de este alimento a la poblaci\u00f3n, requiere de varias disciplinas, como Agronom\u00eda, Medicina, Ingenier\u00edas, Nutrici\u00f3n y varias de ellas han estado ya trabajando en proyectos que se articulan con el sector lechero como la Facultad de Qu\u00edmica y Farmacia\u201d.<\/p>\n<p>La Universidad de Concepci\u00f3n, que en este mes ha cumplido 103 a\u00f1os, ha sido un eje de desarrollo del pa\u00eds, y as\u00ed lo visualiza la principal entidad lechera a nivel nacional, tal como lo destac\u00f3 Sergio Niklitschek, presidente Consorcio Lechero.<\/p>\n<p><a href=\"https:\/\/www.mundoagropecuario.cl\/new\/wp-content\/uploads\/2022\/05\/logo-consorcio-lechero1fa832014eb5165f3b152ff000009dd32.png\"><img loading=\"lazy\" decoding=\"async\" class=\" wp-image-22015 alignright\" src=\"https:\/\/www.mundoagropecuario.cl\/new\/wp-content\/uploads\/2022\/05\/logo-consorcio-lechero1fa832014eb5165f3b152ff000009dd32-586x179.png\" alt=\"\" width=\"485\" height=\"138\" \/><\/a>&#8220;El Consorcio Lechero re\u00fane en una mesa a todos los eslabones de la cadena l\u00e1ctea, con el prop\u00f3sito de impulsar el desarrollo din\u00e1mico y sustentable del sector l\u00e1cteo.\u00a0 Con mucha alegr\u00eda y satisfacci\u00f3n, podemos anticipar que el ingreso de la Universidad de Concepci\u00f3n a la Corporaci\u00f3n, contribuir\u00e1 a fortalecer el importante trabajo que por a\u00f1os hemos estado realizando juntos, en colaboraci\u00f3n con docentes e investigadores de las Facultades de Medicina Veterinaria y Agronom\u00eda de esta prestigiosa casa de estudios, en temas tan relevantes como bienestar animal, praderas, riego y sustentabilidad&#8221;.<\/p>\n<p>Foto: UdeC<\/p>\n","protected":false},"excerpt":{"rendered":"<p>la incorporaci\u00f3n de la Universidad al Consorcio Lechero representa una oportunidad para continuar aportando al desarrollo del \u00e1rea y consolidar lo realizado en la Facultad como lo es el laboratorio de Mastitis y Calidad de Leche.<\/p>\n","protected":false},"author":2,"featured_media":22014,"comment_status":"closed","ping_status":"closed","sticky":false,"template":"","format":"standard","meta":{"footnotes":""},"categories":[1945],"tags":[2057,1957,2058,2141,2051,2035,436,1342],"class_list":["post-22013","post","type-post","status-publish","format-standard","has-post-thumbnail","hentry","category-agricultura","tag-aproleche","tag-consorcio-lechero","tag-fedeleche","tag-lacteos","tag-leche","tag-minagri","tag-udec","tag-universidad-de-concepcion"],"yoast_head":"<!-- This site is optimized with the Yoast SEO plugin v26.6 - https:\/\/yoast.com\/wordpress\/plugins\/seo\/ -->\n<title>Universidad de Concepci\u00f3n ser\u00e1 miembro del Consorcio Lechero - Mundoagropecuario<\/title>\n<meta name=\"description\" content=\"la incorporaci\u00f3n de la Universidad al Consorcio Lechero representa una oportunidad para continuar aportando al desarrollo del \u00e1rea.\" \/>\n<meta name=\"robots\" content=\"index, follow, max-snippet:-1, max-image-preview:large, max-video-preview:-1\" \/>\n<link rel=\"canonical\" href=\"https:\/\/www.mundoagropecuario.cl\/new\/universidad-de-concepcion-sera-miembro-del-consorcio-lechero\/\" \/>\n<meta property=\"og:locale\" content=\"es_ES\" \/>\n<meta property=\"og:type\" content=\"article\" \/>\n<meta property=\"og:title\" content=\"Universidad de Concepci\u00f3n ser\u00e1 miembro del Consorcio Lechero - Mundoagropecuario\" \/>\n<meta property=\"og:description\" content=\"la incorporaci\u00f3n de la Universidad al Consorcio Lechero representa una oportunidad para continuar aportando al desarrollo del \u00e1rea.\" \/>\n<meta property=\"og:url\" content=\"https:\/\/www.mundoagropecuario.cl\/new\/universidad-de-concepcion-sera-miembro-del-consorcio-lechero\/\" \/>\n<meta property=\"og:site_name\" content=\"Mundoagropecuario\" \/>\n<meta property=\"article:publisher\" content=\"https:\/\/www.facebook.com\/mundo.agropecuario.3\" \/>\n<meta property=\"article:published_time\" content=\"2022-05-20T17:16:35+00:00\" \/>\n<meta property=\"article:modified_time\" content=\"2022-05-24T14:54:04+00:00\" \/>\n<meta property=\"og:image\" content=\"https:\/\/www.mundoagropecuario.cl\/new\/wp-content\/uploads\/2022\/05\/Foto-UdeC-1.jpg\" \/>\n\t<meta property=\"og:image:width\" content=\"910\" \/>\n\t<meta property=\"og:image:height\" content=\"606\" \/>\n\t<meta property=\"og:image:type\" content=\"image\/jpeg\" \/>\n<meta name=\"author\" content=\"mundo\" \/>\n<meta name=\"twitter:card\" content=\"summary_large_image\" \/>\n<meta name=\"twitter:creator\" content=\"@MundoAgropecuar\" \/>\n<meta name=\"twitter:site\" content=\"@MundoAgropecuar\" \/>\n<meta name=\"twitter:label1\" content=\"Escrito por\" \/>\n\t<meta name=\"twitter:data1\" content=\"mundo\" \/>\n\t<meta name=\"twitter:label2\" content=\"Tiempo de lectura\" \/>\n\t<meta name=\"twitter:data2\" content=\"4 minutos\" \/>\n<script type=\"application\/ld+json\" class=\"yoast-schema-graph\">{\"@context\":\"https:\/\/schema.org\",\"@graph\":[{\"@type\":\"Article\",\"@id\":\"https:\/\/www.mundoagropecuario.cl\/new\/universidad-de-concepcion-sera-miembro-del-consorcio-lechero\/#article\",\"isPartOf\":{\"@id\":\"https:\/\/www.mundoagropecuario.cl\/new\/universidad-de-concepcion-sera-miembro-del-consorcio-lechero\/\"},\"author\":{\"name\":\"mundo\",\"@id\":\"https:\/\/www.mundoagropecuario.cl\/new\/#\/schema\/person\/4e9f74a82a7dac260eb1c44b7eebeb18\"},\"headline\":\"Universidad de Concepci\u00f3n ser\u00e1 miembro del Consorcio Lechero\",\"datePublished\":\"2022-05-20T17:16:35+00:00\",\"dateModified\":\"2022-05-24T14:54:04+00:00\",\"mainEntityOfPage\":{\"@id\":\"https:\/\/www.mundoagropecuario.cl\/new\/universidad-de-concepcion-sera-miembro-del-consorcio-lechero\/\"},\"wordCount\":721,\"publisher\":{\"@id\":\"https:\/\/www.mundoagropecuario.cl\/new\/#organization\"},\"image\":{\"@id\":\"https:\/\/www.mundoagropecuario.cl\/new\/universidad-de-concepcion-sera-miembro-del-consorcio-lechero\/#primaryimage\"},\"thumbnailUrl\":\"https:\/\/www.mundoagropecuario.cl\/new\/wp-content\/uploads\/2022\/05\/Foto-UdeC-1.jpg\",\"keywords\":[\"Aproleche\",\"Consorcio Lechero\",\"Fedeleche\",\"L\u00e1cteos\",\"Leche\",\"Minagri\",\"UdeC\",\"Universidad de Concepci\u00f3n\"],\"articleSection\":[\"Agricultura\"],\"inLanguage\":\"es\"},{\"@type\":\"WebPage\",\"@id\":\"https:\/\/www.mundoagropecuario.cl\/new\/universidad-de-concepcion-sera-miembro-del-consorcio-lechero\/\",\"url\":\"https:\/\/www.mundoagropecuario.cl\/new\/universidad-de-concepcion-sera-miembro-del-consorcio-lechero\/\",\"name\":\"Universidad de Concepci\u00f3n ser\u00e1 miembro del Consorcio Lechero - Mundoagropecuario\",\"isPartOf\":{\"@id\":\"https:\/\/www.mundoagropecuario.cl\/new\/#website\"},\"primaryImageOfPage\":{\"@id\":\"https:\/\/www.mundoagropecuario.cl\/new\/universidad-de-concepcion-sera-miembro-del-consorcio-lechero\/#primaryimage\"},\"image\":{\"@id\":\"https:\/\/www.mundoagropecuario.cl\/new\/universidad-de-concepcion-sera-miembro-del-consorcio-lechero\/#primaryimage\"},\"thumbnailUrl\":\"https:\/\/www.mundoagropecuario.cl\/new\/wp-content\/uploads\/2022\/05\/Foto-UdeC-1.jpg\",\"datePublished\":\"2022-05-20T17:16:35+00:00\",\"dateModified\":\"2022-05-24T14:54:04+00:00\",\"description\":\"la incorporaci\u00f3n de la Universidad al Consorcio Lechero representa una oportunidad para continuar aportando al desarrollo del \u00e1rea.\",\"breadcrumb\":{\"@id\":\"https:\/\/www.mundoagropecuario.cl\/new\/universidad-de-concepcion-sera-miembro-del-consorcio-lechero\/#breadcrumb\"},\"inLanguage\":\"es\",\"potentialAction\":[{\"@type\":\"ReadAction\",\"target\":[\"https:\/\/www.mundoagropecuario.cl\/new\/universidad-de-concepcion-sera-miembro-del-consorcio-lechero\/\"]}]},{\"@type\":\"ImageObject\",\"inLanguage\":\"es\",\"@id\":\"https:\/\/www.mundoagropecuario.cl\/new\/universidad-de-concepcion-sera-miembro-del-consorcio-lechero\/#primaryimage\",\"url\":\"https:\/\/www.mundoagropecuario.cl\/new\/wp-content\/uploads\/2022\/05\/Foto-UdeC-1.jpg\",\"contentUrl\":\"https:\/\/www.mundoagropecuario.cl\/new\/wp-content\/uploads\/2022\/05\/Foto-UdeC-1.jpg\",\"width\":601,\"height\":400},{\"@type\":\"BreadcrumbList\",\"@id\":\"https:\/\/www.mundoagropecuario.cl\/new\/universidad-de-concepcion-sera-miembro-del-consorcio-lechero\/#breadcrumb\",\"itemListElement\":[{\"@type\":\"ListItem\",\"position\":1,\"name\":\"Portada\",\"item\":\"https:\/\/www.mundoagropecuario.cl\/new\/\"},{\"@type\":\"ListItem\",\"position\":2,\"name\":\"Universidad de Concepci\u00f3n ser\u00e1 miembro del Consorcio Lechero\"}]},{\"@type\":\"WebSite\",\"@id\":\"https:\/\/www.mundoagropecuario.cl\/new\/#website\",\"url\":\"https:\/\/www.mundoagropecuario.cl\/new\/\",\"name\":\"Mundoagropecuario\",\"description\":\"Mundo Agropecuario\",\"publisher\":{\"@id\":\"https:\/\/www.mundoagropecuario.cl\/new\/#organization\"},\"potentialAction\":[{\"@type\":\"SearchAction\",\"target\":{\"@type\":\"EntryPoint\",\"urlTemplate\":\"https:\/\/www.mundoagropecuario.cl\/new\/?s={search_term_string}\"},\"query-input\":{\"@type\":\"PropertyValueSpecification\",\"valueRequired\":true,\"valueName\":\"search_term_string\"}}],\"inLanguage\":\"es\"},{\"@type\":\"Organization\",\"@id\":\"https:\/\/www.mundoagropecuario.cl\/new\/#organization\",\"name\":\"Revista de Agricultura\",\"url\":\"https:\/\/www.mundoagropecuario.cl\/new\/\",\"logo\":{\"@type\":\"ImageObject\",\"inLanguage\":\"es\",\"@id\":\"https:\/\/www.mundoagropecuario.cl\/new\/#\/schema\/logo\/image\/\",\"url\":\"https:\/\/www.mundoagropecuario.cl\/new\/wp-content\/uploads\/2020\/11\/PORTAL-1-1.png\",\"contentUrl\":\"https:\/\/www.mundoagropecuario.cl\/new\/wp-content\/uploads\/2020\/11\/PORTAL-1-1.png\",\"width\":1026,\"height\":100,\"caption\":\"Revista de Agricultura\"},\"image\":{\"@id\":\"https:\/\/www.mundoagropecuario.cl\/new\/#\/schema\/logo\/image\/\"},\"sameAs\":[\"https:\/\/www.facebook.com\/mundo.agropecuario.3\",\"https:\/\/x.com\/MundoAgropecuar\",\"https:\/\/www.linkedin.com\/in\/mundo-agropecuario-934009201\/\"]},{\"@type\":\"Person\",\"@id\":\"https:\/\/www.mundoagropecuario.cl\/new\/#\/schema\/person\/4e9f74a82a7dac260eb1c44b7eebeb18\",\"name\":\"mundo\",\"url\":\"https:\/\/www.mundoagropecuario.cl\/new\/author\/mundo\/\"}]}<\/script>\n<!-- \/ Yoast SEO plugin. -->","yoast_head_json":{"title":"Universidad de Concepci\u00f3n ser\u00e1 miembro del Consorcio Lechero - Mundoagropecuario","description":"la incorporaci\u00f3n de la Universidad al Consorcio Lechero representa una oportunidad para continuar aportando al desarrollo del \u00e1rea.","robots":{"index":"index","follow":"follow","max-snippet":"max-snippet:-1","max-image-preview":"max-image-preview:large","max-video-preview":"max-video-preview:-1"},"canonical":"https:\/\/www.mundoagropecuario.cl\/new\/universidad-de-concepcion-sera-miembro-del-consorcio-lechero\/","og_locale":"es_ES","og_type":"article","og_title":"Universidad de Concepci\u00f3n ser\u00e1 miembro del Consorcio Lechero - Mundoagropecuario","og_description":"la incorporaci\u00f3n de la Universidad al Consorcio Lechero representa una oportunidad para continuar aportando al desarrollo del \u00e1rea.","og_url":"https:\/\/www.mundoagropecuario.cl\/new\/universidad-de-concepcion-sera-miembro-del-consorcio-lechero\/","og_site_name":"Mundoagropecuario","article_publisher":"https:\/\/www.facebook.com\/mundo.agropecuario.3","article_published_time":"2022-05-20T17:16:35+00:00","article_modified_time":"2022-05-24T14:54:04+00:00","og_image":[{"width":910,"height":606,"url":"https:\/\/www.mundoagropecuario.cl\/new\/wp-content\/uploads\/2022\/05\/Foto-UdeC-1.jpg","type":"image\/jpeg"}],"author":"mundo","twitter_card":"summary_large_image","twitter_creator":"@MundoAgropecuar","twitter_site":"@MundoAgropecuar","twitter_misc":{"Escrito por":"mundo","Tiempo de lectura":"4 minutos"},"schema":{"@context":"https:\/\/schema.org","@graph":[{"@type":"Article","@id":"https:\/\/www.mundoagropecuario.cl\/new\/universidad-de-concepcion-sera-miembro-del-consorcio-lechero\/#article","isPartOf":{"@id":"https:\/\/www.mundoagropecuario.cl\/new\/universidad-de-concepcion-sera-miembro-del-consorcio-lechero\/"},"author":{"name":"mundo","@id":"https:\/\/www.mundoagropecuario.cl\/new\/#\/schema\/person\/4e9f74a82a7dac260eb1c44b7eebeb18"},"headline":"Universidad de Concepci\u00f3n ser\u00e1 miembro del Consorcio Lechero","datePublished":"2022-05-20T17:16:35+00:00","dateModified":"2022-05-24T14:54:04+00:00","mainEntityOfPage":{"@id":"https:\/\/www.mundoagropecuario.cl\/new\/universidad-de-concepcion-sera-miembro-del-consorcio-lechero\/"},"wordCount":721,"publisher":{"@id":"https:\/\/www.mundoagropecuario.cl\/new\/#organization"},"image":{"@id":"https:\/\/www.mundoagropecuario.cl\/new\/universidad-de-concepcion-sera-miembro-del-consorcio-lechero\/#primaryimage"},"thumbnailUrl":"https:\/\/www.mundoagropecuario.cl\/new\/wp-content\/uploads\/2022\/05\/Foto-UdeC-1.jpg","keywords":["Aproleche","Consorcio Lechero","Fedeleche","L\u00e1cteos","Leche","Minagri","UdeC","Universidad de Concepci\u00f3n"],"articleSection":["Agricultura"],"inLanguage":"es"},{"@type":"WebPage","@id":"https:\/\/www.mundoagropecuario.cl\/new\/universidad-de-concepcion-sera-miembro-del-consorcio-lechero\/","url":"https:\/\/www.mundoagropecuario.cl\/new\/universidad-de-concepcion-sera-miembro-del-consorcio-lechero\/","name":"Universidad de Concepci\u00f3n ser\u00e1 miembro del Consorcio Lechero - Mundoagropecuario","isPartOf":{"@id":"https:\/\/www.mundoagropecuario.cl\/new\/#website"},"primaryImageOfPage":{"@id":"https:\/\/www.mundoagropecuario.cl\/new\/universidad-de-concepcion-sera-miembro-del-consorcio-lechero\/#primaryimage"},"image":{"@id":"https:\/\/www.mundoagropecuario.cl\/new\/universidad-de-concepcion-sera-miembro-del-consorcio-lechero\/#primaryimage"},"thumbnailUrl":"https:\/\/www.mundoagropecuario.cl\/new\/wp-content\/uploads\/2022\/05\/Foto-UdeC-1.jpg","datePublished":"2022-05-20T17:16:35+00:00","dateModified":"2022-05-24T14:54:04+00:00","description":"la incorporaci\u00f3n de la Universidad al Consorcio Lechero representa una oportunidad para continuar aportando al desarrollo del \u00e1rea.","breadcrumb":{"@id":"https:\/\/www.mundoagropecuario.cl\/new\/universidad-de-concepcion-sera-miembro-del-consorcio-lechero\/#breadcrumb"},"inLanguage":"es","potentialAction":[{"@type":"ReadAction","target":["https:\/\/www.mundoagropecuario.cl\/new\/universidad-de-concepcion-sera-miembro-del-consorcio-lechero\/"]}]},{"@type":"ImageObject","inLanguage":"es","@id":"https:\/\/www.mundoagropecuario.cl\/new\/universidad-de-concepcion-sera-miembro-del-consorcio-lechero\/#primaryimage","url":"https:\/\/www.mundoagropecuario.cl\/new\/wp-content\/uploads\/2022\/05\/Foto-UdeC-1.jpg","contentUrl":"https:\/\/www.mundoagropecuario.cl\/new\/wp-content\/uploads\/2022\/05\/Foto-UdeC-1.jpg","width":601,"height":400},{"@type":"BreadcrumbList","@id":"https:\/\/www.mundoagropecuario.cl\/new\/universidad-de-concepcion-sera-miembro-del-consorcio-lechero\/#breadcrumb","itemListElement":[{"@type":"ListItem","position":1,"name":"Portada","item":"https:\/\/www.mundoagropecuario.cl\/new\/"},{"@type":"ListItem","position":2,"name":"Universidad de Concepci\u00f3n ser\u00e1 miembro del Consorcio Lechero"}]},{"@type":"WebSite","@id":"https:\/\/www.mundoagropecuario.cl\/new\/#website","url":"https:\/\/www.mundoagropecuario.cl\/new\/","name":"Mundoagropecuario","description":"Mundo Agropecuario","publisher":{"@id":"https:\/\/www.mundoagropecuario.cl\/new\/#organization"},"potentialAction":[{"@type":"SearchAction","target":{"@type":"EntryPoint","urlTemplate":"https:\/\/www.mundoagropecuario.cl\/new\/?s={search_term_string}"},"query-input":{"@type":"PropertyValueSpecification","valueRequired":true,"valueName":"search_term_string"}}],"inLanguage":"es"},{"@type":"Organization","@id":"https:\/\/www.mundoagropecuario.cl\/new\/#organization","name":"Revista de Agricultura","url":"https:\/\/www.mundoagropecuario.cl\/new\/","logo":{"@type":"ImageObject","inLanguage":"es","@id":"https:\/\/www.mundoagropecuario.cl\/new\/#\/schema\/logo\/image\/","url":"https:\/\/www.mundoagropecuario.cl\/new\/wp-content\/uploads\/2020\/11\/PORTAL-1-1.png","contentUrl":"https:\/\/www.mundoagropecuario.cl\/new\/wp-content\/uploads\/2020\/11\/PORTAL-1-1.png","width":1026,"height":100,"caption":"Revista de Agricultura"},"image":{"@id":"https:\/\/www.mundoagropecuario.cl\/new\/#\/schema\/logo\/image\/"},"sameAs":["https:\/\/www.facebook.com\/mundo.agropecuario.3","https:\/\/x.com\/MundoAgropecuar","https:\/\/www.linkedin.com\/in\/mundo-agropecuario-934009201\/"]},{"@type":"Person","@id":"https:\/\/www.mundoagropecuario.cl\/new\/#\/schema\/person\/4e9f74a82a7dac260eb1c44b7eebeb18","name":"mundo","url":"https:\/\/www.mundoagropecuario.cl\/new\/author\/mundo\/"}]}},"_links":{"self":[{"href":"https:\/\/www.mundoagropecuario.cl\/new\/wp-json\/wp\/v2\/posts\/22013","targetHints":{"allow":["GET"]}}],"collection":[{"href":"https:\/\/www.mundoagropecuario.cl\/new\/wp-json\/wp\/v2\/posts"}],"about":[{"href":"https:\/\/www.mundoagropecuario.cl\/new\/wp-json\/wp\/v2\/types\/post"}],"author":[{"embeddable":true,"href":"https:\/\/www.mundoagropecuario.cl\/new\/wp-json\/wp\/v2\/users\/2"}],"replies":[{"embeddable":true,"href":"https:\/\/www.mundoagropecuario.cl\/new\/wp-json\/wp\/v2\/comments?post=22013"}],"version-history":[{"count":1,"href":"https:\/\/www.mundoagropecuario.cl\/new\/wp-json\/wp\/v2\/posts\/22013\/revisions"}],"predecessor-version":[{"id":22016,"href":"https:\/\/www.mundoagropecuario.cl\/new\/wp-json\/wp\/v2\/posts\/22013\/revisions\/22016"}],"wp:featuredmedia":[{"embeddable":true,"href":"https:\/\/www.mundoagropecuario.cl\/new\/wp-json\/wp\/v2\/media\/22014"}],"wp:attachment":[{"href":"https:\/\/www.mundoagropecuario.cl\/new\/wp-json\/wp\/v2\/media?parent=22013"}],"wp:term":[{"taxonomy":"category","embeddable":true,"href":"https:\/\/www.mundoagropecuario.cl\/new\/wp-json\/wp\/v2\/categories?post=22013"},{"taxonomy":"post_tag","embeddable":true,"href":"https:\/\/www.mundoagropecuario.cl\/new\/wp-json\/wp\/v2\/tags?post=22013"}],"curies":[{"name":"wp","href":"https:\/\/api.w.org\/{rel}","templated":true}]}}