{"id":21996,"date":"2022-05-19T13:02:28","date_gmt":"2022-05-19T16:02:28","guid":{"rendered":"https:\/\/www.mundoagropecuario.cl\/new\/?p=21996"},"modified":"2022-05-23T12:20:49","modified_gmt":"2022-05-23T15:20:49","slug":"pelluchilwe-el-sello-de-origen-que-protege-los-derivados-del-cordero-chilote","status":"publish","type":"post","link":"https:\/\/www.mundoagropecuario.cl\/new\/pelluchilwe-el-sello-de-origen-que-protege-los-derivados-del-cordero-chilote\/","title":{"rendered":"Pelluchilwe: El Sello de Origen que protege los derivados del cordero chilote"},"content":{"rendered":"<blockquote>\n<h2><span style=\"color: #333300;\">Marca colectiva ser\u00e1 administrada por la Cooperativa Agr\u00edcola y Campesina de Fomento de Chilo\u00e9 (Cofoch) y su tramitaci\u00f3n fue impulsada por la Seremi de Agricultura, INIA y el Gobierno Regional de Los Lagos.<\/span><\/h2>\n<\/blockquote>\n<p>Con un encuentro en el que participaron la Comisi\u00f3n de Fomento Productivo del Consejo Regional de Los Lagos, autoridades del Ministerio de Agricultura y el Instituto de Investigaciones Agropecuarias (INIA) se lanz\u00f3 la marca colectiva\u00a0 Pelluchilwe, se trata <a href=\"https:\/\/www.mundoagropecuario.cl\/new\/wp-content\/uploads\/2022\/05\/INIA-FOT.jpg\"><img loading=\"lazy\" decoding=\"async\" class=\" wp-image-21998 alignleft\" src=\"https:\/\/www.mundoagropecuario.cl\/new\/wp-content\/uploads\/2022\/05\/INIA-FOT-586x440.jpg\" alt=\"\" width=\"495\" height=\"372\" srcset=\"https:\/\/www.mundoagropecuario.cl\/new\/wp-content\/uploads\/2022\/05\/INIA-FOT-586x440.jpg 586w, https:\/\/www.mundoagropecuario.cl\/new\/wp-content\/uploads\/2022\/05\/INIA-FOT-768x576.jpg 768w, https:\/\/www.mundoagropecuario.cl\/new\/wp-content\/uploads\/2022\/05\/INIA-FOT.jpg 533w\" sizes=\"auto, (max-width: 495px) 100vw, 495px\" \/><\/a>de un sello de origen que protege los productos derivados del Cordero Chilote I.G, como lanas, cueros, textiles y cortes de carne de este ovino chilote.<\/p>\n<p>La actividad se realiz\u00f3 en el Centro Experimental INIA Butalcura, ubicado a 45 kil\u00f3metros al norte de Castro, y cont\u00f3 con la participaci\u00f3n del presidente de la Comisi\u00f3n de Fomento Productivo del Consejo Regional, Fernando Hern\u00e1ndez; la Seremi de Agricultura de la Regi\u00f3n de Los Lagos, Tania Salas; la directora nacional del INIA, Iris Lobos; e integrantes de la Cooperativa COFOCH de Chilo\u00e9, encabezados por su gerente, la emprendedora y artesana Iris D\u00edaz.<\/p>\n<p>Pelluchilwe es una marca colectiva que diferencia la calidad de los productos y tiene como objetivo contribuir a la agregaci\u00f3n de valor a trav\u00e9s del sello de origen. \u201cEsperamos seguir trabajando para que esto siga creciendo y que tenga una adecuada difusi\u00f3n\u201d, indic\u00f3 la gerente cooperativa Cofoch, Iris D\u00edaz.<\/p>\n<p>En esa l\u00ednea, el presidente de la Comisi\u00f3n de Fomento Productivo, Fernando Hern\u00e1ndez, sostuvo que esta iniciativa \u201cse relaciona con el rescate cultural y es una oportunidad que tiene Chilo\u00e9 para darse a conocer afuera. Los recursos que destina el Gobierno Regional en materia de fomento productivo, que en este caso primero fue investigaci\u00f3n y luego valorizaci\u00f3n de las cooperativas que trabajan en el territorio, deben seguir apoy\u00e1ndose y con el Ministerio de Agricultura se espera generar m\u00e1s programas con recursos sectoriales y regionales\u201d.<\/p>\n<p>Al respecto, la Seremi de Agricultura, Tania Salas, manifest\u00f3 que la tramitaci\u00f3n de este nuevo sello de origen fue impulsada por la Seremi de Agricultura, ejecutada por INIA y financiada por el Gobierno Regional de Los Lagos. \u201cFue un esfuerzo colaborativo <a href=\"https:\/\/www.mundoagropecuario.cl\/new\/wp-content\/uploads\/2022\/05\/INIAFOTO-2.jpg\"><img loading=\"lazy\" decoding=\"async\" class=\" wp-image-21999 alignright\" src=\"https:\/\/www.mundoagropecuario.cl\/new\/wp-content\/uploads\/2022\/05\/INIAFOTO-2-586x440.jpg\" alt=\"\" width=\"389\" height=\"297\" \/><\/a>entre varias instituciones p\u00fablicas y la cooperativa de productores ovinos, un trabajo que esperamos d\u00e9 frutos y mayor competitividad a estos productos t\u00edpicos de Chilo\u00e9. Pelluchilwe significa esp\u00edritu chilote y esa esencia se refleja en esta marca colectiva, que es un ejemplo de asociatividad\u201d, sostuvo la autoridad del agro regional.<\/p>\n<p>En este \u00e1mbito, la directora nacional de INIA, Iris Lobos, se\u00f1al\u00f3 que \u201cel INIA trabaja en el rescate y la valorizaci\u00f3n de los productos t\u00edpicos como el cordero chilote, que tiene un sello de origen y es el \u00fanico producto ganadero que tiene una Indicaci\u00f3n Geogr\u00e1fica (I.G). Ahora, a trav\u00e9s de esta marca, buscamos agregar valor no solamente a la carne, sino que tambi\u00e9n a las lanas, a la oveja, a todo lo que se produzca a partir del ovino y \u00e9ste es un trabajo que no puede ser o no se puede llevar a cabo sino es con las asociaciones, con las cooperativas\u201d.<\/p>\n","protected":false},"excerpt":{"rendered":"<p>Pelluchilwe es una marca colectiva que diferencia la calidad de los productos y tiene como objetivo contribuir a la agregaci\u00f3n de valor a trav\u00e9s del sello de origen.<\/p>\n","protected":false},"author":2,"featured_media":21999,"comment_status":"closed","ping_status":"closed","sticky":false,"template":"","format":"standard","meta":{"footnotes":""},"categories":[1945],"tags":[2090,3127,7029,2052,5647,1978,6858],"class_list":["post-21996","post","type-post","status-publish","format-standard","has-post-thumbnail","hentry","category-agricultura","tag-agricultura","tag-agro","tag-cofoch","tag-inia","tag-iris-lobos","tag-seremi-de-agricultura","tag-tania-salas"],"yoast_head":"<!-- This site is optimized with the Yoast SEO plugin v26.6 - https:\/\/yoast.com\/wordpress\/plugins\/seo\/ -->\n<title>Pelluchilwe: El Sello de Origen que protege los derivados del cordero chilote - Mundoagropecuario<\/title>\n<meta name=\"description\" content=\"Pelluchilwe marca que diferencia los productos y tiene como objetivo contribuir a la agregaci\u00f3n de valor a trav\u00e9s del sello de origen.\" \/>\n<meta name=\"robots\" content=\"index, follow, max-snippet:-1, max-image-preview:large, max-video-preview:-1\" \/>\n<link rel=\"canonical\" href=\"https:\/\/www.mundoagropecuario.cl\/new\/pelluchilwe-el-sello-de-origen-que-protege-los-derivados-del-cordero-chilote\/\" \/>\n<meta property=\"og:locale\" content=\"es_ES\" \/>\n<meta property=\"og:type\" content=\"article\" \/>\n<meta property=\"og:title\" content=\"Pelluchilwe: El Sello de Origen que protege los derivados del cordero chilote - Mundoagropecuario\" \/>\n<meta property=\"og:description\" content=\"Pelluchilwe marca que diferencia los productos y tiene como objetivo contribuir a la agregaci\u00f3n de valor a trav\u00e9s del sello de origen.\" \/>\n<meta property=\"og:url\" content=\"https:\/\/www.mundoagropecuario.cl\/new\/pelluchilwe-el-sello-de-origen-que-protege-los-derivados-del-cordero-chilote\/\" \/>\n<meta property=\"og:site_name\" content=\"Mundoagropecuario\" \/>\n<meta property=\"article:publisher\" content=\"https:\/\/www.facebook.com\/mundo.agropecuario.3\" \/>\n<meta property=\"article:published_time\" content=\"2022-05-19T16:02:28+00:00\" \/>\n<meta property=\"article:modified_time\" content=\"2022-05-23T15:20:49+00:00\" \/>\n<meta property=\"og:image\" content=\"https:\/\/www.mundoagropecuario.cl\/new\/wp-content\/uploads\/2022\/05\/INIAFOTO-2.jpg\" \/>\n\t<meta property=\"og:image:width\" content=\"806\" \/>\n\t<meta property=\"og:image:height\" content=\"605\" \/>\n\t<meta property=\"og:image:type\" content=\"image\/jpeg\" \/>\n<meta name=\"author\" content=\"mundo\" \/>\n<meta name=\"twitter:card\" content=\"summary_large_image\" \/>\n<meta name=\"twitter:creator\" content=\"@MundoAgropecuar\" \/>\n<meta name=\"twitter:site\" content=\"@MundoAgropecuar\" \/>\n<meta name=\"twitter:label1\" content=\"Escrito por\" \/>\n\t<meta name=\"twitter:data1\" content=\"mundo\" \/>\n\t<meta name=\"twitter:label2\" content=\"Tiempo de lectura\" \/>\n\t<meta name=\"twitter:data2\" content=\"3 minutos\" \/>\n<script type=\"application\/ld+json\" class=\"yoast-schema-graph\">{\"@context\":\"https:\/\/schema.org\",\"@graph\":[{\"@type\":\"Article\",\"@id\":\"https:\/\/www.mundoagropecuario.cl\/new\/pelluchilwe-el-sello-de-origen-que-protege-los-derivados-del-cordero-chilote\/#article\",\"isPartOf\":{\"@id\":\"https:\/\/www.mundoagropecuario.cl\/new\/pelluchilwe-el-sello-de-origen-que-protege-los-derivados-del-cordero-chilote\/\"},\"author\":{\"name\":\"mundo\",\"@id\":\"https:\/\/www.mundoagropecuario.cl\/new\/#\/schema\/person\/4e9f74a82a7dac260eb1c44b7eebeb18\"},\"headline\":\"Pelluchilwe: El Sello de Origen que protege los derivados del cordero chilote\",\"datePublished\":\"2022-05-19T16:02:28+00:00\",\"dateModified\":\"2022-05-23T15:20:49+00:00\",\"mainEntityOfPage\":{\"@id\":\"https:\/\/www.mundoagropecuario.cl\/new\/pelluchilwe-el-sello-de-origen-que-protege-los-derivados-del-cordero-chilote\/\"},\"wordCount\":542,\"publisher\":{\"@id\":\"https:\/\/www.mundoagropecuario.cl\/new\/#organization\"},\"image\":{\"@id\":\"https:\/\/www.mundoagropecuario.cl\/new\/pelluchilwe-el-sello-de-origen-que-protege-los-derivados-del-cordero-chilote\/#primaryimage\"},\"thumbnailUrl\":\"https:\/\/www.mundoagropecuario.cl\/new\/wp-content\/uploads\/2022\/05\/INIAFOTO-2.jpg\",\"keywords\":[\"Agricultura\",\"Agro\",\"Cofoch\",\"INIA\",\"Iris Lobos\",\"seremi de Agricultura\",\"Tania Salas\"],\"articleSection\":[\"Agricultura\"],\"inLanguage\":\"es\"},{\"@type\":\"WebPage\",\"@id\":\"https:\/\/www.mundoagropecuario.cl\/new\/pelluchilwe-el-sello-de-origen-que-protege-los-derivados-del-cordero-chilote\/\",\"url\":\"https:\/\/www.mundoagropecuario.cl\/new\/pelluchilwe-el-sello-de-origen-que-protege-los-derivados-del-cordero-chilote\/\",\"name\":\"Pelluchilwe: El Sello de Origen que protege los derivados del cordero chilote - Mundoagropecuario\",\"isPartOf\":{\"@id\":\"https:\/\/www.mundoagropecuario.cl\/new\/#website\"},\"primaryImageOfPage\":{\"@id\":\"https:\/\/www.mundoagropecuario.cl\/new\/pelluchilwe-el-sello-de-origen-que-protege-los-derivados-del-cordero-chilote\/#primaryimage\"},\"image\":{\"@id\":\"https:\/\/www.mundoagropecuario.cl\/new\/pelluchilwe-el-sello-de-origen-que-protege-los-derivados-del-cordero-chilote\/#primaryimage\"},\"thumbnailUrl\":\"https:\/\/www.mundoagropecuario.cl\/new\/wp-content\/uploads\/2022\/05\/INIAFOTO-2.jpg\",\"datePublished\":\"2022-05-19T16:02:28+00:00\",\"dateModified\":\"2022-05-23T15:20:49+00:00\",\"description\":\"Pelluchilwe marca que diferencia los productos y tiene como objetivo contribuir a la agregaci\u00f3n de valor a trav\u00e9s del sello de origen.\",\"breadcrumb\":{\"@id\":\"https:\/\/www.mundoagropecuario.cl\/new\/pelluchilwe-el-sello-de-origen-que-protege-los-derivados-del-cordero-chilote\/#breadcrumb\"},\"inLanguage\":\"es\",\"potentialAction\":[{\"@type\":\"ReadAction\",\"target\":[\"https:\/\/www.mundoagropecuario.cl\/new\/pelluchilwe-el-sello-de-origen-que-protege-los-derivados-del-cordero-chilote\/\"]}]},{\"@type\":\"ImageObject\",\"inLanguage\":\"es\",\"@id\":\"https:\/\/www.mundoagropecuario.cl\/new\/pelluchilwe-el-sello-de-origen-que-protege-los-derivados-del-cordero-chilote\/#primaryimage\",\"url\":\"https:\/\/www.mundoagropecuario.cl\/new\/wp-content\/uploads\/2022\/05\/INIAFOTO-2.jpg\",\"contentUrl\":\"https:\/\/www.mundoagropecuario.cl\/new\/wp-content\/uploads\/2022\/05\/INIAFOTO-2.jpg\",\"width\":533,\"height\":400},{\"@type\":\"BreadcrumbList\",\"@id\":\"https:\/\/www.mundoagropecuario.cl\/new\/pelluchilwe-el-sello-de-origen-que-protege-los-derivados-del-cordero-chilote\/#breadcrumb\",\"itemListElement\":[{\"@type\":\"ListItem\",\"position\":1,\"name\":\"Portada\",\"item\":\"https:\/\/www.mundoagropecuario.cl\/new\/\"},{\"@type\":\"ListItem\",\"position\":2,\"name\":\"Pelluchilwe: El Sello de Origen que protege los derivados del cordero chilote\"}]},{\"@type\":\"WebSite\",\"@id\":\"https:\/\/www.mundoagropecuario.cl\/new\/#website\",\"url\":\"https:\/\/www.mundoagropecuario.cl\/new\/\",\"name\":\"Mundoagropecuario\",\"description\":\"Mundo Agropecuario\",\"publisher\":{\"@id\":\"https:\/\/www.mundoagropecuario.cl\/new\/#organization\"},\"potentialAction\":[{\"@type\":\"SearchAction\",\"target\":{\"@type\":\"EntryPoint\",\"urlTemplate\":\"https:\/\/www.mundoagropecuario.cl\/new\/?s={search_term_string}\"},\"query-input\":{\"@type\":\"PropertyValueSpecification\",\"valueRequired\":true,\"valueName\":\"search_term_string\"}}],\"inLanguage\":\"es\"},{\"@type\":\"Organization\",\"@id\":\"https:\/\/www.mundoagropecuario.cl\/new\/#organization\",\"name\":\"Revista de Agricultura\",\"url\":\"https:\/\/www.mundoagropecuario.cl\/new\/\",\"logo\":{\"@type\":\"ImageObject\",\"inLanguage\":\"es\",\"@id\":\"https:\/\/www.mundoagropecuario.cl\/new\/#\/schema\/logo\/image\/\",\"url\":\"https:\/\/www.mundoagropecuario.cl\/new\/wp-content\/uploads\/2020\/11\/PORTAL-1-1.png\",\"contentUrl\":\"https:\/\/www.mundoagropecuario.cl\/new\/wp-content\/uploads\/2020\/11\/PORTAL-1-1.png\",\"width\":1026,\"height\":100,\"caption\":\"Revista de Agricultura\"},\"image\":{\"@id\":\"https:\/\/www.mundoagropecuario.cl\/new\/#\/schema\/logo\/image\/\"},\"sameAs\":[\"https:\/\/www.facebook.com\/mundo.agropecuario.3\",\"https:\/\/x.com\/MundoAgropecuar\",\"https:\/\/www.linkedin.com\/in\/mundo-agropecuario-934009201\/\"]},{\"@type\":\"Person\",\"@id\":\"https:\/\/www.mundoagropecuario.cl\/new\/#\/schema\/person\/4e9f74a82a7dac260eb1c44b7eebeb18\",\"name\":\"mundo\",\"url\":\"https:\/\/www.mundoagropecuario.cl\/new\/author\/mundo\/\"}]}<\/script>\n<!-- \/ Yoast SEO plugin. -->","yoast_head_json":{"title":"Pelluchilwe: El Sello de Origen que protege los derivados del cordero chilote - Mundoagropecuario","description":"Pelluchilwe marca que diferencia los productos y tiene como objetivo contribuir a la agregaci\u00f3n de valor a trav\u00e9s del sello de origen.","robots":{"index":"index","follow":"follow","max-snippet":"max-snippet:-1","max-image-preview":"max-image-preview:large","max-video-preview":"max-video-preview:-1"},"canonical":"https:\/\/www.mundoagropecuario.cl\/new\/pelluchilwe-el-sello-de-origen-que-protege-los-derivados-del-cordero-chilote\/","og_locale":"es_ES","og_type":"article","og_title":"Pelluchilwe: El Sello de Origen que protege los derivados del cordero chilote - Mundoagropecuario","og_description":"Pelluchilwe marca que diferencia los productos y tiene como objetivo contribuir a la agregaci\u00f3n de valor a trav\u00e9s del sello de origen.","og_url":"https:\/\/www.mundoagropecuario.cl\/new\/pelluchilwe-el-sello-de-origen-que-protege-los-derivados-del-cordero-chilote\/","og_site_name":"Mundoagropecuario","article_publisher":"https:\/\/www.facebook.com\/mundo.agropecuario.3","article_published_time":"2022-05-19T16:02:28+00:00","article_modified_time":"2022-05-23T15:20:49+00:00","og_image":[{"width":806,"height":605,"url":"https:\/\/www.mundoagropecuario.cl\/new\/wp-content\/uploads\/2022\/05\/INIAFOTO-2.jpg","type":"image\/jpeg"}],"author":"mundo","twitter_card":"summary_large_image","twitter_creator":"@MundoAgropecuar","twitter_site":"@MundoAgropecuar","twitter_misc":{"Escrito por":"mundo","Tiempo de lectura":"3 minutos"},"schema":{"@context":"https:\/\/schema.org","@graph":[{"@type":"Article","@id":"https:\/\/www.mundoagropecuario.cl\/new\/pelluchilwe-el-sello-de-origen-que-protege-los-derivados-del-cordero-chilote\/#article","isPartOf":{"@id":"https:\/\/www.mundoagropecuario.cl\/new\/pelluchilwe-el-sello-de-origen-que-protege-los-derivados-del-cordero-chilote\/"},"author":{"name":"mundo","@id":"https:\/\/www.mundoagropecuario.cl\/new\/#\/schema\/person\/4e9f74a82a7dac260eb1c44b7eebeb18"},"headline":"Pelluchilwe: El Sello de Origen que protege los derivados del cordero chilote","datePublished":"2022-05-19T16:02:28+00:00","dateModified":"2022-05-23T15:20:49+00:00","mainEntityOfPage":{"@id":"https:\/\/www.mundoagropecuario.cl\/new\/pelluchilwe-el-sello-de-origen-que-protege-los-derivados-del-cordero-chilote\/"},"wordCount":542,"publisher":{"@id":"https:\/\/www.mundoagropecuario.cl\/new\/#organization"},"image":{"@id":"https:\/\/www.mundoagropecuario.cl\/new\/pelluchilwe-el-sello-de-origen-que-protege-los-derivados-del-cordero-chilote\/#primaryimage"},"thumbnailUrl":"https:\/\/www.mundoagropecuario.cl\/new\/wp-content\/uploads\/2022\/05\/INIAFOTO-2.jpg","keywords":["Agricultura","Agro","Cofoch","INIA","Iris Lobos","seremi de Agricultura","Tania Salas"],"articleSection":["Agricultura"],"inLanguage":"es"},{"@type":"WebPage","@id":"https:\/\/www.mundoagropecuario.cl\/new\/pelluchilwe-el-sello-de-origen-que-protege-los-derivados-del-cordero-chilote\/","url":"https:\/\/www.mundoagropecuario.cl\/new\/pelluchilwe-el-sello-de-origen-que-protege-los-derivados-del-cordero-chilote\/","name":"Pelluchilwe: El Sello de Origen que protege los derivados del cordero chilote - Mundoagropecuario","isPartOf":{"@id":"https:\/\/www.mundoagropecuario.cl\/new\/#website"},"primaryImageOfPage":{"@id":"https:\/\/www.mundoagropecuario.cl\/new\/pelluchilwe-el-sello-de-origen-que-protege-los-derivados-del-cordero-chilote\/#primaryimage"},"image":{"@id":"https:\/\/www.mundoagropecuario.cl\/new\/pelluchilwe-el-sello-de-origen-que-protege-los-derivados-del-cordero-chilote\/#primaryimage"},"thumbnailUrl":"https:\/\/www.mundoagropecuario.cl\/new\/wp-content\/uploads\/2022\/05\/INIAFOTO-2.jpg","datePublished":"2022-05-19T16:02:28+00:00","dateModified":"2022-05-23T15:20:49+00:00","description":"Pelluchilwe marca que diferencia los productos y tiene como objetivo contribuir a la agregaci\u00f3n de valor a trav\u00e9s del sello de origen.","breadcrumb":{"@id":"https:\/\/www.mundoagropecuario.cl\/new\/pelluchilwe-el-sello-de-origen-que-protege-los-derivados-del-cordero-chilote\/#breadcrumb"},"inLanguage":"es","potentialAction":[{"@type":"ReadAction","target":["https:\/\/www.mundoagropecuario.cl\/new\/pelluchilwe-el-sello-de-origen-que-protege-los-derivados-del-cordero-chilote\/"]}]},{"@type":"ImageObject","inLanguage":"es","@id":"https:\/\/www.mundoagropecuario.cl\/new\/pelluchilwe-el-sello-de-origen-que-protege-los-derivados-del-cordero-chilote\/#primaryimage","url":"https:\/\/www.mundoagropecuario.cl\/new\/wp-content\/uploads\/2022\/05\/INIAFOTO-2.jpg","contentUrl":"https:\/\/www.mundoagropecuario.cl\/new\/wp-content\/uploads\/2022\/05\/INIAFOTO-2.jpg","width":533,"height":400},{"@type":"BreadcrumbList","@id":"https:\/\/www.mundoagropecuario.cl\/new\/pelluchilwe-el-sello-de-origen-que-protege-los-derivados-del-cordero-chilote\/#breadcrumb","itemListElement":[{"@type":"ListItem","position":1,"name":"Portada","item":"https:\/\/www.mundoagropecuario.cl\/new\/"},{"@type":"ListItem","position":2,"name":"Pelluchilwe: El Sello de Origen que protege los derivados del cordero chilote"}]},{"@type":"WebSite","@id":"https:\/\/www.mundoagropecuario.cl\/new\/#website","url":"https:\/\/www.mundoagropecuario.cl\/new\/","name":"Mundoagropecuario","description":"Mundo Agropecuario","publisher":{"@id":"https:\/\/www.mundoagropecuario.cl\/new\/#organization"},"potentialAction":[{"@type":"SearchAction","target":{"@type":"EntryPoint","urlTemplate":"https:\/\/www.mundoagropecuario.cl\/new\/?s={search_term_string}"},"query-input":{"@type":"PropertyValueSpecification","valueRequired":true,"valueName":"search_term_string"}}],"inLanguage":"es"},{"@type":"Organization","@id":"https:\/\/www.mundoagropecuario.cl\/new\/#organization","name":"Revista de Agricultura","url":"https:\/\/www.mundoagropecuario.cl\/new\/","logo":{"@type":"ImageObject","inLanguage":"es","@id":"https:\/\/www.mundoagropecuario.cl\/new\/#\/schema\/logo\/image\/","url":"https:\/\/www.mundoagropecuario.cl\/new\/wp-content\/uploads\/2020\/11\/PORTAL-1-1.png","contentUrl":"https:\/\/www.mundoagropecuario.cl\/new\/wp-content\/uploads\/2020\/11\/PORTAL-1-1.png","width":1026,"height":100,"caption":"Revista de Agricultura"},"image":{"@id":"https:\/\/www.mundoagropecuario.cl\/new\/#\/schema\/logo\/image\/"},"sameAs":["https:\/\/www.facebook.com\/mundo.agropecuario.3","https:\/\/x.com\/MundoAgropecuar","https:\/\/www.linkedin.com\/in\/mundo-agropecuario-934009201\/"]},{"@type":"Person","@id":"https:\/\/www.mundoagropecuario.cl\/new\/#\/schema\/person\/4e9f74a82a7dac260eb1c44b7eebeb18","name":"mundo","url":"https:\/\/www.mundoagropecuario.cl\/new\/author\/mundo\/"}]}},"_links":{"self":[{"href":"https:\/\/www.mundoagropecuario.cl\/new\/wp-json\/wp\/v2\/posts\/21996","targetHints":{"allow":["GET"]}}],"collection":[{"href":"https:\/\/www.mundoagropecuario.cl\/new\/wp-json\/wp\/v2\/posts"}],"about":[{"href":"https:\/\/www.mundoagropecuario.cl\/new\/wp-json\/wp\/v2\/types\/post"}],"author":[{"embeddable":true,"href":"https:\/\/www.mundoagropecuario.cl\/new\/wp-json\/wp\/v2\/users\/2"}],"replies":[{"embeddable":true,"href":"https:\/\/www.mundoagropecuario.cl\/new\/wp-json\/wp\/v2\/comments?post=21996"}],"version-history":[{"count":3,"href":"https:\/\/www.mundoagropecuario.cl\/new\/wp-json\/wp\/v2\/posts\/21996\/revisions"}],"predecessor-version":[{"id":22002,"href":"https:\/\/www.mundoagropecuario.cl\/new\/wp-json\/wp\/v2\/posts\/21996\/revisions\/22002"}],"wp:featuredmedia":[{"embeddable":true,"href":"https:\/\/www.mundoagropecuario.cl\/new\/wp-json\/wp\/v2\/media\/21999"}],"wp:attachment":[{"href":"https:\/\/www.mundoagropecuario.cl\/new\/wp-json\/wp\/v2\/media?parent=21996"}],"wp:term":[{"taxonomy":"category","embeddable":true,"href":"https:\/\/www.mundoagropecuario.cl\/new\/wp-json\/wp\/v2\/categories?post=21996"},{"taxonomy":"post_tag","embeddable":true,"href":"https:\/\/www.mundoagropecuario.cl\/new\/wp-json\/wp\/v2\/tags?post=21996"}],"curies":[{"name":"wp","href":"https:\/\/api.w.org\/{rel}","templated":true}]}}