{"id":21944,"date":"2022-05-16T14:00:42","date_gmt":"2022-05-16T17:00:42","guid":{"rendered":"https:\/\/www.mundoagropecuario.cl\/new\/?p=21944"},"modified":"2022-05-18T12:09:24","modified_gmt":"2022-05-18T15:09:24","slug":"buscan-desaparecer-la-agricultura-de-exportacion-acusa-constituyente","status":"publish","type":"post","link":"https:\/\/www.mundoagropecuario.cl\/new\/buscan-desaparecer-la-agricultura-de-exportacion-acusa-constituyente\/","title":{"rendered":"Buscan \u201cdesaparecer la agricultura de exportaci\u00f3n\u201d, acusa constituyente"},"content":{"rendered":"<blockquote>\n<h2><span style=\"color: #333300;\">En conversaci\u00f3n con El Agro, a prop\u00f3sito del Estatuto constitucional de aguas aprobado por el pleno, el economista, Bernardo Fontaine, se\u00f1al\u00f3 que \u201ces tremendamente grave porque lo que va a pasar es que se van a acabar los derechos de aprovechamiento del agua\u201d.<\/span><\/h2>\n<\/blockquote>\n<p>\u201cHoy ese derecho que tambi\u00e9n lo necesitan una serie de actividades econ\u00f3micas se acaba, y se reemplaza por un permiso administrativo m\u00e1s d\u00e9bil jur\u00eddicamente y m\u00e1s arbitrario, m\u00e1s manejado por pol\u00edticos, y ese no es comercializable, ni heredable ni vendible. Estamos acostumbrados desde el comienzo de la Rep\u00fablica a que los agricultores vendan su campo con su derecho de agua, tambi\u00e9n a entregar al banco un campo con garant\u00eda con derecho de agua. Tiene dos efectos: sobre los derechos actuales, y otra sobre las inversiones a futuro\u201d, se\u00f1al\u00f3.<\/p>\n<p><a href=\"https:\/\/www.mundoagropecuario.cl\/new\/wp-content\/uploads\/2018\/08\/agua.jpg\"><img loading=\"lazy\" decoding=\"async\" class=\" wp-image-7986 alignleft\" src=\"https:\/\/www.mundoagropecuario.cl\/new\/wp-content\/uploads\/2018\/08\/agua-586x321.jpg\" alt=\"\" width=\"487\" height=\"267\" srcset=\"https:\/\/www.mundoagropecuario.cl\/new\/wp-content\/uploads\/2018\/08\/agua-586x321.jpg 586w, https:\/\/www.mundoagropecuario.cl\/new\/wp-content\/uploads\/2018\/08\/agua-768x421.jpg 768w, https:\/\/www.mundoagropecuario.cl\/new\/wp-content\/uploads\/2018\/08\/agua.jpg 720w\" sizes=\"auto, (max-width: 487px) 100vw, 487px\" \/><\/a>Los permisos los entregar\u00eda una Agencia del agua, donde tendr\u00eda su versi\u00f3n local cuenca a cuenca y participar\u00edan las autoridades locales. \u201cVa a ser un mecanismo de permisos mucho m\u00e1s politizado\u201d, asegura Fontaine. \u201cY si se va a aplicar sobre los derechos actuales, eso significar\u00eda una expropiaci\u00f3n gigante sobre todos los agricultores. Al quitarles sus derechos que tienen hoy, van a perder parte de su patrimonio y sus certezas a futuro. Qui\u00e9n va a tener la valent\u00eda de plantar frutales si no va a tener la seguridad de poder regarlos. Entonces eso es un tremendo frenazo a la actividad agr\u00edcola y no solo sobre los agricultores, sino que tambi\u00e9n sobre toda la mano de obra, el \u00e1rea del comercio, todos los proveedores\u2026\u201d, a\u00f1adi\u00f3.<\/p>\n<p><strong><span style=\"color: #333300;\">\u00bfQu\u00e9 queda por hacer?<\/span><\/strong><\/p>\n<p>Falta discutir normas transitorias, dijo, y eso podr\u00eda permitir que el C\u00f3digo de aguas perdure un tiempo, pero claramente lo aprobado por el pleno echa por tierras el c\u00f3digo de aguas. Yo mismo present\u00e9 una norma que buscaba corregir la actual, indicando que todo partiera a partir de ahora y no retroactivamente, y eso no se aprob\u00f3. Todos los constituyentes est\u00e1n por derogar el C\u00f3digo de aguas y quitarle a los agricultores los derechos de agua.<\/p>\n<p><strong><span style=\"color: #333300;\">\u00bfQu\u00e9 hay detr\u00e1s?<\/span><\/strong><\/p>\n<p>Eso es grav\u00edsimo, injusto y equivocado. Todo esto viene de una idea absurda de creer que las comunidades rurales no tienen agua por los derechos de agua de los agricultores, pero eso pasa por alto del C\u00f3digo de aguas que establece que el Estado puede disminuir la cantidad de agua de cualquier agricultor para abastecer a la poblaci\u00f3n humana. Entonces para darle agua a Petorca no se necesita que el Estado le quite el agua a los agricultores, sino que haga las inversiones para conectar a los agricultores rurales al abastecimiento, a pozos m\u00e1s profundos, seg\u00fan el caso.<\/p>\n<p><strong><span style=\"color: #333300;\">\u00bfQu\u00e9 se busca?<\/span><\/strong><\/p>\n<p>En buena medida se quiere hacer desaparecer la agricultura de exportaci\u00f3n y es lamentable porque es desconocer c\u00f3mo funciona el mundo real, porque independiente de la ideolog\u00eda pol\u00edtica lo \u00fanico que tenemos claro es que hace falta m\u00e1s agua, y c\u00f3mo se obtiene? Invirtiendo una gran cantidad de dinero en pozos m\u00e1s profundos, en desalinizar, en riego tecnificado, tranques y procesos de reciclabilidad, pero qui\u00e9n va a invertir en una planta desalinizadora si no tiene la seguridad de que va a poder usar el agua que obtenga de ella?<\/p>\n<p><strong><span style=\"color: #333300;\">Convenci\u00f3n<\/span><\/strong><\/p>\n<p><a href=\"https:\/\/www.mundoagropecuario.cl\/new\/wp-content\/uploads\/2019\/09\/trigo.jpg\"><img loading=\"lazy\" decoding=\"async\" class=\" wp-image-13749 alignright\" src=\"https:\/\/www.mundoagropecuario.cl\/new\/wp-content\/uploads\/2019\/09\/trigo-586x376.jpg\" alt=\"\" width=\"504\" height=\"324\" srcset=\"https:\/\/www.mundoagropecuario.cl\/new\/wp-content\/uploads\/2019\/09\/trigo-586x376.jpg 586w, https:\/\/www.mundoagropecuario.cl\/new\/wp-content\/uploads\/2019\/09\/trigo-768x492.jpg 768w, https:\/\/www.mundoagropecuario.cl\/new\/wp-content\/uploads\/2019\/09\/trigo.jpg 624w\" sizes=\"auto, (max-width: 504px) 100vw, 504px\" \/><\/a>Hay en la convenci\u00f3n un rechazo gigante a todo lo que es la agricultura moderna, para ellos no es un orgullo como lo es para m\u00ed, que Chile sea el exportador numero 1 de cinco frutas, para nosotros eso es un orgullo enorme por nuestros campos. Ellos, en cambio, quieren que Chile decrezca, que produzca muy poco, que vuelva a una situaci\u00f3n de autoconsumo. De echo, se aprob\u00f3 una norma muy peligrosa que es la soberan\u00eda alimentaria, un nombre muy elegante, pero qu\u00e9 hay detr\u00e1s de eso?. Eso va a permitir poder poner restricciones a las exportaciones e importaciones est\u00e1 la idea de que pa\u00eds tiene que autoabastecerse. El 45 % del trigo, por ej., es producido localmente, pero si no podemos importar, el trigo y el pan van a terminar con altos precios.<\/p>\n<p><strong><span style=\"color: #333300;\">Crisis h\u00eddrica<\/span><\/strong><\/p>\n<p>Este estatuto no va a solucionar el problema, al contrario, va a desinsentivar a quienes pretend\u00edan invertir, porque las personas ya no van a ser due\u00f1as de los derechos de agua. Si hay sectores que se van a ver especialmente afectados por el borrador de la Constituci\u00f3n van a ser el agr\u00edcola y el forestal. Y es va finalmente a redundar en que seamos m\u00e1s pobres, porque lo que nosotros necesitamos es m\u00e1s agua, m\u00e1s actividad, m\u00e1s recursos, m\u00e1s industrias, m\u00e1s d todo. Y eso es lo contrario a lo que est\u00e1 en el borrador.<\/p>\n<p><strong><span style=\"color: #333300;\">Plebiscito<\/span><\/strong><\/p>\n<p>Es necesario general recursos, y si no hay recursos, van a ser solo ilusiones. Yo me temo en que la convenci\u00f3n se quede en una gran m\u00e1quina para sembrar ilusiones. Ha habido b\u00fasqueda de entorpecer tratados de libre comercio que nos har\u00eda comprar m\u00e1s caro, y vender m\u00e1s barato nuestros productos.<\/p>\n<p>Entonces, lo que hay que meditar en el plebiscito es si esta constituci\u00f3n nos va a unir o no. De aqu\u00ed a esa fecha es importante manifestarse masivamente para que al menos las normas transitorias sean suficientemente flexibles y den tiempo par buscar a un ajuste.<\/p>\n<p><strong><span style=\"color: #333300;\">Mundo rural<\/span><\/strong><\/p>\n<p>Al mundo rural se le viene\u00a0 tiempos complicados, de grandes transformaciones que no van a ser pac\u00edficas ni f\u00e1ciles de digerir.<\/p>\n<p><strong><span style=\"color: #333300;\">Agencia nacional del agua<\/span><\/strong><\/p>\n<p>Eso es una\u00a0 buena idea, porque hay muchas instituciones del estado que se superponen, pero no era necesario quitarle los derechos a los agricultores para abastecimiento humano. Todos se podr\u00eda arreglar de otra manera sin tener que productor este terremoto que va a ser.<\/p>\n<p><strong><span style=\"color: #333300;\">Constituci\u00f3n<\/span><\/strong><\/p>\n<p>Esta Constituci\u00f3n significa un tremendo terremoto para todas las actividades econ\u00f3micas. Chile necesitaba cambios, pero bien hechos, y esto viene a demoler ventaja que ten\u00eda Chile en todas las actividades econ\u00f3micas, entre ellas la miner\u00eda, la agricultura que va quedar colgada de un alambre, los ahorros previsionales que cualquier gobierno los puede retirar y gast\u00e1rselo, en salud, no sabemos si v a haber medicina privada y no vamos a poder elegir. Vamos camino a situaci\u00f3n muy compleja, equivocada, el BC va a quedar con mayor autonom\u00eda, pero la disciplina fiscal va a quedar comprometida porque la mismo tiempo se exigen autonom\u00edas regionales, ind\u00edgenas, etc.<\/p>\n<p>Fuente: radioagricultura.cl<\/p>\n","protected":false},"excerpt":{"rendered":"<p>En buena medida se quiere hacer desaparecer la agricultura de exportaci\u00f3n y es lamentable porque es desconocer c\u00f3mo funciona el mundo real<\/p>\n","protected":false},"author":2,"featured_media":21945,"comment_status":"closed","ping_status":"closed","sticky":false,"template":"","format":"standard","meta":{"footnotes":""},"categories":[1945],"tags":[2090,3127,7013,7016,7015,7014,1105,2052,2275,2035],"class_list":["post-21944","post","type-post","status-publish","format-standard","has-post-thumbnail","hentry","category-agricultura","tag-agricultura","tag-agro","tag-bernardo-fontaine","tag-constitucion","tag-convencion","tag-derechos-de-aprovechamiento-del-agua","tag-exportaciones","tag-inia","tag-maiz","tag-minagri"],"yoast_head":"<!-- This site is optimized with the Yoast SEO plugin v26.6 - https:\/\/yoast.com\/wordpress\/plugins\/seo\/ -->\n<title>Buscan \u201cdesaparecer la agricultura de exportaci\u00f3n\u201d, acusa constituyente - Mundoagropecuario<\/title>\n<meta name=\"description\" content=\"En buena medida se quiere hacer desaparecer la agricultura de exportaci\u00f3n y es lamentable porque es desconocer c\u00f3mo funciona el mundo real.\" \/>\n<meta name=\"robots\" content=\"index, follow, max-snippet:-1, max-image-preview:large, max-video-preview:-1\" \/>\n<link rel=\"canonical\" href=\"https:\/\/www.mundoagropecuario.cl\/new\/buscan-desaparecer-la-agricultura-de-exportacion-acusa-constituyente\/\" \/>\n<meta property=\"og:locale\" content=\"es_ES\" \/>\n<meta property=\"og:type\" content=\"article\" \/>\n<meta property=\"og:title\" content=\"Buscan \u201cdesaparecer la agricultura de exportaci\u00f3n\u201d, acusa constituyente - Mundoagropecuario\" \/>\n<meta property=\"og:description\" content=\"En buena medida se quiere hacer desaparecer la agricultura de exportaci\u00f3n y es lamentable porque es desconocer c\u00f3mo funciona el mundo real.\" \/>\n<meta property=\"og:url\" content=\"https:\/\/www.mundoagropecuario.cl\/new\/buscan-desaparecer-la-agricultura-de-exportacion-acusa-constituyente\/\" \/>\n<meta property=\"og:site_name\" content=\"Mundoagropecuario\" \/>\n<meta property=\"article:publisher\" content=\"https:\/\/www.facebook.com\/mundo.agropecuario.3\" \/>\n<meta property=\"article:published_time\" content=\"2022-05-16T17:00:42+00:00\" \/>\n<meta property=\"article:modified_time\" content=\"2022-05-18T15:09:24+00:00\" \/>\n<meta property=\"og:image\" content=\"https:\/\/www.mundoagropecuario.cl\/new\/wp-content\/uploads\/2022\/05\/fernando-Fontaine-.png\" \/>\n\t<meta property=\"og:image:width\" content=\"850\" \/>\n\t<meta property=\"og:image:height\" content=\"500\" \/>\n\t<meta property=\"og:image:type\" content=\"image\/png\" \/>\n<meta name=\"author\" content=\"mundo\" \/>\n<meta name=\"twitter:card\" content=\"summary_large_image\" \/>\n<meta name=\"twitter:creator\" content=\"@MundoAgropecuar\" \/>\n<meta name=\"twitter:site\" content=\"@MundoAgropecuar\" \/>\n<meta name=\"twitter:label1\" content=\"Escrito por\" \/>\n\t<meta name=\"twitter:data1\" content=\"mundo\" \/>\n\t<meta name=\"twitter:label2\" content=\"Tiempo de lectura\" \/>\n\t<meta name=\"twitter:data2\" content=\"6 minutos\" \/>\n<script type=\"application\/ld+json\" class=\"yoast-schema-graph\">{\"@context\":\"https:\/\/schema.org\",\"@graph\":[{\"@type\":\"Article\",\"@id\":\"https:\/\/www.mundoagropecuario.cl\/new\/buscan-desaparecer-la-agricultura-de-exportacion-acusa-constituyente\/#article\",\"isPartOf\":{\"@id\":\"https:\/\/www.mundoagropecuario.cl\/new\/buscan-desaparecer-la-agricultura-de-exportacion-acusa-constituyente\/\"},\"author\":{\"name\":\"mundo\",\"@id\":\"https:\/\/www.mundoagropecuario.cl\/new\/#\/schema\/person\/4e9f74a82a7dac260eb1c44b7eebeb18\"},\"headline\":\"Buscan \u201cdesaparecer la agricultura de exportaci\u00f3n\u201d, acusa constituyente\",\"datePublished\":\"2022-05-16T17:00:42+00:00\",\"dateModified\":\"2022-05-18T15:09:24+00:00\",\"mainEntityOfPage\":{\"@id\":\"https:\/\/www.mundoagropecuario.cl\/new\/buscan-desaparecer-la-agricultura-de-exportacion-acusa-constituyente\/\"},\"wordCount\":1126,\"publisher\":{\"@id\":\"https:\/\/www.mundoagropecuario.cl\/new\/#organization\"},\"image\":{\"@id\":\"https:\/\/www.mundoagropecuario.cl\/new\/buscan-desaparecer-la-agricultura-de-exportacion-acusa-constituyente\/#primaryimage\"},\"thumbnailUrl\":\"https:\/\/www.mundoagropecuario.cl\/new\/wp-content\/uploads\/2022\/05\/fernando-Fontaine-.png\",\"keywords\":[\"Agricultura\",\"Agro\",\"Bernardo Fontaine\",\"Constituci\u00f3n\",\"Convenci\u00f3n\",\"derechos de aprovechamiento del agua\",\"Exportaciones\",\"INIA\",\"Ma\u00edz\",\"Minagri\"],\"articleSection\":[\"Agricultura\"],\"inLanguage\":\"es\"},{\"@type\":\"WebPage\",\"@id\":\"https:\/\/www.mundoagropecuario.cl\/new\/buscan-desaparecer-la-agricultura-de-exportacion-acusa-constituyente\/\",\"url\":\"https:\/\/www.mundoagropecuario.cl\/new\/buscan-desaparecer-la-agricultura-de-exportacion-acusa-constituyente\/\",\"name\":\"Buscan \u201cdesaparecer la agricultura de exportaci\u00f3n\u201d, acusa constituyente - Mundoagropecuario\",\"isPartOf\":{\"@id\":\"https:\/\/www.mundoagropecuario.cl\/new\/#website\"},\"primaryImageOfPage\":{\"@id\":\"https:\/\/www.mundoagropecuario.cl\/new\/buscan-desaparecer-la-agricultura-de-exportacion-acusa-constituyente\/#primaryimage\"},\"image\":{\"@id\":\"https:\/\/www.mundoagropecuario.cl\/new\/buscan-desaparecer-la-agricultura-de-exportacion-acusa-constituyente\/#primaryimage\"},\"thumbnailUrl\":\"https:\/\/www.mundoagropecuario.cl\/new\/wp-content\/uploads\/2022\/05\/fernando-Fontaine-.png\",\"datePublished\":\"2022-05-16T17:00:42+00:00\",\"dateModified\":\"2022-05-18T15:09:24+00:00\",\"description\":\"En buena medida se quiere hacer desaparecer la agricultura de exportaci\u00f3n y es lamentable porque es desconocer c\u00f3mo funciona el mundo real.\",\"breadcrumb\":{\"@id\":\"https:\/\/www.mundoagropecuario.cl\/new\/buscan-desaparecer-la-agricultura-de-exportacion-acusa-constituyente\/#breadcrumb\"},\"inLanguage\":\"es\",\"potentialAction\":[{\"@type\":\"ReadAction\",\"target\":[\"https:\/\/www.mundoagropecuario.cl\/new\/buscan-desaparecer-la-agricultura-de-exportacion-acusa-constituyente\/\"]}]},{\"@type\":\"ImageObject\",\"inLanguage\":\"es\",\"@id\":\"https:\/\/www.mundoagropecuario.cl\/new\/buscan-desaparecer-la-agricultura-de-exportacion-acusa-constituyente\/#primaryimage\",\"url\":\"https:\/\/www.mundoagropecuario.cl\/new\/wp-content\/uploads\/2022\/05\/fernando-Fontaine-.png\",\"contentUrl\":\"https:\/\/www.mundoagropecuario.cl\/new\/wp-content\/uploads\/2022\/05\/fernando-Fontaine-.png\",\"width\":680,\"height\":400},{\"@type\":\"BreadcrumbList\",\"@id\":\"https:\/\/www.mundoagropecuario.cl\/new\/buscan-desaparecer-la-agricultura-de-exportacion-acusa-constituyente\/#breadcrumb\",\"itemListElement\":[{\"@type\":\"ListItem\",\"position\":1,\"name\":\"Portada\",\"item\":\"https:\/\/www.mundoagropecuario.cl\/new\/\"},{\"@type\":\"ListItem\",\"position\":2,\"name\":\"Buscan \u201cdesaparecer la agricultura de exportaci\u00f3n\u201d, acusa constituyente\"}]},{\"@type\":\"WebSite\",\"@id\":\"https:\/\/www.mundoagropecuario.cl\/new\/#website\",\"url\":\"https:\/\/www.mundoagropecuario.cl\/new\/\",\"name\":\"Mundoagropecuario\",\"description\":\"Mundo Agropecuario\",\"publisher\":{\"@id\":\"https:\/\/www.mundoagropecuario.cl\/new\/#organization\"},\"potentialAction\":[{\"@type\":\"SearchAction\",\"target\":{\"@type\":\"EntryPoint\",\"urlTemplate\":\"https:\/\/www.mundoagropecuario.cl\/new\/?s={search_term_string}\"},\"query-input\":{\"@type\":\"PropertyValueSpecification\",\"valueRequired\":true,\"valueName\":\"search_term_string\"}}],\"inLanguage\":\"es\"},{\"@type\":\"Organization\",\"@id\":\"https:\/\/www.mundoagropecuario.cl\/new\/#organization\",\"name\":\"Revista de Agricultura\",\"url\":\"https:\/\/www.mundoagropecuario.cl\/new\/\",\"logo\":{\"@type\":\"ImageObject\",\"inLanguage\":\"es\",\"@id\":\"https:\/\/www.mundoagropecuario.cl\/new\/#\/schema\/logo\/image\/\",\"url\":\"https:\/\/www.mundoagropecuario.cl\/new\/wp-content\/uploads\/2020\/11\/PORTAL-1-1.png\",\"contentUrl\":\"https:\/\/www.mundoagropecuario.cl\/new\/wp-content\/uploads\/2020\/11\/PORTAL-1-1.png\",\"width\":1026,\"height\":100,\"caption\":\"Revista de Agricultura\"},\"image\":{\"@id\":\"https:\/\/www.mundoagropecuario.cl\/new\/#\/schema\/logo\/image\/\"},\"sameAs\":[\"https:\/\/www.facebook.com\/mundo.agropecuario.3\",\"https:\/\/x.com\/MundoAgropecuar\",\"https:\/\/www.linkedin.com\/in\/mundo-agropecuario-934009201\/\"]},{\"@type\":\"Person\",\"@id\":\"https:\/\/www.mundoagropecuario.cl\/new\/#\/schema\/person\/4e9f74a82a7dac260eb1c44b7eebeb18\",\"name\":\"mundo\",\"url\":\"https:\/\/www.mundoagropecuario.cl\/new\/author\/mundo\/\"}]}<\/script>\n<!-- \/ Yoast SEO plugin. -->","yoast_head_json":{"title":"Buscan \u201cdesaparecer la agricultura de exportaci\u00f3n\u201d, acusa constituyente - Mundoagropecuario","description":"En buena medida se quiere hacer desaparecer la agricultura de exportaci\u00f3n y es lamentable porque es desconocer c\u00f3mo funciona el mundo real.","robots":{"index":"index","follow":"follow","max-snippet":"max-snippet:-1","max-image-preview":"max-image-preview:large","max-video-preview":"max-video-preview:-1"},"canonical":"https:\/\/www.mundoagropecuario.cl\/new\/buscan-desaparecer-la-agricultura-de-exportacion-acusa-constituyente\/","og_locale":"es_ES","og_type":"article","og_title":"Buscan \u201cdesaparecer la agricultura de exportaci\u00f3n\u201d, acusa constituyente - Mundoagropecuario","og_description":"En buena medida se quiere hacer desaparecer la agricultura de exportaci\u00f3n y es lamentable porque es desconocer c\u00f3mo funciona el mundo real.","og_url":"https:\/\/www.mundoagropecuario.cl\/new\/buscan-desaparecer-la-agricultura-de-exportacion-acusa-constituyente\/","og_site_name":"Mundoagropecuario","article_publisher":"https:\/\/www.facebook.com\/mundo.agropecuario.3","article_published_time":"2022-05-16T17:00:42+00:00","article_modified_time":"2022-05-18T15:09:24+00:00","og_image":[{"width":850,"height":500,"url":"https:\/\/www.mundoagropecuario.cl\/new\/wp-content\/uploads\/2022\/05\/fernando-Fontaine-.png","type":"image\/png"}],"author":"mundo","twitter_card":"summary_large_image","twitter_creator":"@MundoAgropecuar","twitter_site":"@MundoAgropecuar","twitter_misc":{"Escrito por":"mundo","Tiempo de lectura":"6 minutos"},"schema":{"@context":"https:\/\/schema.org","@graph":[{"@type":"Article","@id":"https:\/\/www.mundoagropecuario.cl\/new\/buscan-desaparecer-la-agricultura-de-exportacion-acusa-constituyente\/#article","isPartOf":{"@id":"https:\/\/www.mundoagropecuario.cl\/new\/buscan-desaparecer-la-agricultura-de-exportacion-acusa-constituyente\/"},"author":{"name":"mundo","@id":"https:\/\/www.mundoagropecuario.cl\/new\/#\/schema\/person\/4e9f74a82a7dac260eb1c44b7eebeb18"},"headline":"Buscan \u201cdesaparecer la agricultura de exportaci\u00f3n\u201d, acusa constituyente","datePublished":"2022-05-16T17:00:42+00:00","dateModified":"2022-05-18T15:09:24+00:00","mainEntityOfPage":{"@id":"https:\/\/www.mundoagropecuario.cl\/new\/buscan-desaparecer-la-agricultura-de-exportacion-acusa-constituyente\/"},"wordCount":1126,"publisher":{"@id":"https:\/\/www.mundoagropecuario.cl\/new\/#organization"},"image":{"@id":"https:\/\/www.mundoagropecuario.cl\/new\/buscan-desaparecer-la-agricultura-de-exportacion-acusa-constituyente\/#primaryimage"},"thumbnailUrl":"https:\/\/www.mundoagropecuario.cl\/new\/wp-content\/uploads\/2022\/05\/fernando-Fontaine-.png","keywords":["Agricultura","Agro","Bernardo Fontaine","Constituci\u00f3n","Convenci\u00f3n","derechos de aprovechamiento del agua","Exportaciones","INIA","Ma\u00edz","Minagri"],"articleSection":["Agricultura"],"inLanguage":"es"},{"@type":"WebPage","@id":"https:\/\/www.mundoagropecuario.cl\/new\/buscan-desaparecer-la-agricultura-de-exportacion-acusa-constituyente\/","url":"https:\/\/www.mundoagropecuario.cl\/new\/buscan-desaparecer-la-agricultura-de-exportacion-acusa-constituyente\/","name":"Buscan \u201cdesaparecer la agricultura de exportaci\u00f3n\u201d, acusa constituyente - Mundoagropecuario","isPartOf":{"@id":"https:\/\/www.mundoagropecuario.cl\/new\/#website"},"primaryImageOfPage":{"@id":"https:\/\/www.mundoagropecuario.cl\/new\/buscan-desaparecer-la-agricultura-de-exportacion-acusa-constituyente\/#primaryimage"},"image":{"@id":"https:\/\/www.mundoagropecuario.cl\/new\/buscan-desaparecer-la-agricultura-de-exportacion-acusa-constituyente\/#primaryimage"},"thumbnailUrl":"https:\/\/www.mundoagropecuario.cl\/new\/wp-content\/uploads\/2022\/05\/fernando-Fontaine-.png","datePublished":"2022-05-16T17:00:42+00:00","dateModified":"2022-05-18T15:09:24+00:00","description":"En buena medida se quiere hacer desaparecer la agricultura de exportaci\u00f3n y es lamentable porque es desconocer c\u00f3mo funciona el mundo real.","breadcrumb":{"@id":"https:\/\/www.mundoagropecuario.cl\/new\/buscan-desaparecer-la-agricultura-de-exportacion-acusa-constituyente\/#breadcrumb"},"inLanguage":"es","potentialAction":[{"@type":"ReadAction","target":["https:\/\/www.mundoagropecuario.cl\/new\/buscan-desaparecer-la-agricultura-de-exportacion-acusa-constituyente\/"]}]},{"@type":"ImageObject","inLanguage":"es","@id":"https:\/\/www.mundoagropecuario.cl\/new\/buscan-desaparecer-la-agricultura-de-exportacion-acusa-constituyente\/#primaryimage","url":"https:\/\/www.mundoagropecuario.cl\/new\/wp-content\/uploads\/2022\/05\/fernando-Fontaine-.png","contentUrl":"https:\/\/www.mundoagropecuario.cl\/new\/wp-content\/uploads\/2022\/05\/fernando-Fontaine-.png","width":680,"height":400},{"@type":"BreadcrumbList","@id":"https:\/\/www.mundoagropecuario.cl\/new\/buscan-desaparecer-la-agricultura-de-exportacion-acusa-constituyente\/#breadcrumb","itemListElement":[{"@type":"ListItem","position":1,"name":"Portada","item":"https:\/\/www.mundoagropecuario.cl\/new\/"},{"@type":"ListItem","position":2,"name":"Buscan \u201cdesaparecer la agricultura de exportaci\u00f3n\u201d, acusa constituyente"}]},{"@type":"WebSite","@id":"https:\/\/www.mundoagropecuario.cl\/new\/#website","url":"https:\/\/www.mundoagropecuario.cl\/new\/","name":"Mundoagropecuario","description":"Mundo Agropecuario","publisher":{"@id":"https:\/\/www.mundoagropecuario.cl\/new\/#organization"},"potentialAction":[{"@type":"SearchAction","target":{"@type":"EntryPoint","urlTemplate":"https:\/\/www.mundoagropecuario.cl\/new\/?s={search_term_string}"},"query-input":{"@type":"PropertyValueSpecification","valueRequired":true,"valueName":"search_term_string"}}],"inLanguage":"es"},{"@type":"Organization","@id":"https:\/\/www.mundoagropecuario.cl\/new\/#organization","name":"Revista de Agricultura","url":"https:\/\/www.mundoagropecuario.cl\/new\/","logo":{"@type":"ImageObject","inLanguage":"es","@id":"https:\/\/www.mundoagropecuario.cl\/new\/#\/schema\/logo\/image\/","url":"https:\/\/www.mundoagropecuario.cl\/new\/wp-content\/uploads\/2020\/11\/PORTAL-1-1.png","contentUrl":"https:\/\/www.mundoagropecuario.cl\/new\/wp-content\/uploads\/2020\/11\/PORTAL-1-1.png","width":1026,"height":100,"caption":"Revista de Agricultura"},"image":{"@id":"https:\/\/www.mundoagropecuario.cl\/new\/#\/schema\/logo\/image\/"},"sameAs":["https:\/\/www.facebook.com\/mundo.agropecuario.3","https:\/\/x.com\/MundoAgropecuar","https:\/\/www.linkedin.com\/in\/mundo-agropecuario-934009201\/"]},{"@type":"Person","@id":"https:\/\/www.mundoagropecuario.cl\/new\/#\/schema\/person\/4e9f74a82a7dac260eb1c44b7eebeb18","name":"mundo","url":"https:\/\/www.mundoagropecuario.cl\/new\/author\/mundo\/"}]}},"_links":{"self":[{"href":"https:\/\/www.mundoagropecuario.cl\/new\/wp-json\/wp\/v2\/posts\/21944","targetHints":{"allow":["GET"]}}],"collection":[{"href":"https:\/\/www.mundoagropecuario.cl\/new\/wp-json\/wp\/v2\/posts"}],"about":[{"href":"https:\/\/www.mundoagropecuario.cl\/new\/wp-json\/wp\/v2\/types\/post"}],"author":[{"embeddable":true,"href":"https:\/\/www.mundoagropecuario.cl\/new\/wp-json\/wp\/v2\/users\/2"}],"replies":[{"embeddable":true,"href":"https:\/\/www.mundoagropecuario.cl\/new\/wp-json\/wp\/v2\/comments?post=21944"}],"version-history":[{"count":2,"href":"https:\/\/www.mundoagropecuario.cl\/new\/wp-json\/wp\/v2\/posts\/21944\/revisions"}],"predecessor-version":[{"id":21947,"href":"https:\/\/www.mundoagropecuario.cl\/new\/wp-json\/wp\/v2\/posts\/21944\/revisions\/21947"}],"wp:featuredmedia":[{"embeddable":true,"href":"https:\/\/www.mundoagropecuario.cl\/new\/wp-json\/wp\/v2\/media\/21945"}],"wp:attachment":[{"href":"https:\/\/www.mundoagropecuario.cl\/new\/wp-json\/wp\/v2\/media?parent=21944"}],"wp:term":[{"taxonomy":"category","embeddable":true,"href":"https:\/\/www.mundoagropecuario.cl\/new\/wp-json\/wp\/v2\/categories?post=21944"},{"taxonomy":"post_tag","embeddable":true,"href":"https:\/\/www.mundoagropecuario.cl\/new\/wp-json\/wp\/v2\/tags?post=21944"}],"curies":[{"name":"wp","href":"https:\/\/api.w.org\/{rel}","templated":true}]}}