{"id":21889,"date":"2022-05-10T11:56:17","date_gmt":"2022-05-10T14:56:17","guid":{"rendered":"https:\/\/www.mundoagropecuario.cl\/new\/?p=21889"},"modified":"2022-05-12T13:08:58","modified_gmt":"2022-05-12T16:08:58","slug":"rebaja-de-la-jornada-laboral-a-40-horas-complica-al-sector-lechero","status":"publish","type":"post","link":"https:\/\/www.mundoagropecuario.cl\/new\/rebaja-de-la-jornada-laboral-a-40-horas-complica-al-sector-lechero\/","title":{"rendered":"Rebaja de la jornada laboral a 40 horas complica al sector lechero"},"content":{"rendered":"<blockquote>\n<h2><span style=\"color: #333300;\">Iniciativa sigue en discusi\u00f3n parlamentaria, pero ha generado inquietud en gremios.\u00a0 En los gremios no se oponen, aunque esperan que haya flexibilidad y que se aplique con gradualidad.\u00a0<\/span><\/h2>\n<\/blockquote>\n<p>La propuesta ha despertado reacciones en varios actores por los efectos que tendr\u00eda en los costos y competitividad.\u00a0 Uno de ellos fue <strong><span style=\"color: #333300;\">la Sociedad Nacional de Agricultura (SNA), cuyo presidente Cristi\u00e1n Allendes<\/span><\/strong>, ha argumentado que -en el caso del sector lechero- los costos se ver\u00e1n incrementados, al tener que contratar m\u00e1s trabajadores.<\/p>\n<p><a href=\"https:\/\/www.mundoagropecuario.cl\/new\/wp-content\/uploads\/2021\/03\/Eduardo-Schwerter.jpeg\"><img loading=\"lazy\" decoding=\"async\" class=\"wp-image-18270 alignleft\" src=\"https:\/\/www.mundoagropecuario.cl\/new\/wp-content\/uploads\/2021\/03\/Eduardo-Schwerter.jpeg\" alt=\"\" width=\"369\" height=\"202\" \/><\/a><strong><span style=\"color: #333300;\">Eduardo Schwerter, presidente de la Asociaci\u00f3n de Empresarios Agr\u00edcolas de la Provincia de Llanquihue (Agrollanquihue)<\/span><\/strong>, comparti\u00f3 esa aprensi\u00f3n, aunque especific\u00f3 que la posici\u00f3n del gremio local no est\u00e1 en contra de esa iniciativa legal. Sin embargo, determin\u00f3 que deber\u00eda aplicarse en forma diferenciada, de acuerdo a las singularidades de cada actividad productiva, as\u00ed como en forma gradual. En el caso de la lecher\u00eda, propuso un plazo de ocho a\u00f1os.<\/p>\n<p>Schwerter admiti\u00f3 que este cambio generar\u00e1 trastornos en la actividad agr\u00edcola y particularmente en la lecher\u00eda. \u00abTrabajamos con animales vivos. Hay que hacer orde\u00f1a los 365 d\u00edas del a\u00f1o, evidentemente con los reemplazos correspondientes (por turnos y descansos) de nuestro personal. Reducir la jornada laboral va a acrecentar esa problem\u00e1tica. Al menos en la primera etapa, va a atentar contra la productividad, la rentabilidad\u00bb, defini\u00f3.<\/p>\n<p>Descart\u00f3 que esos mayores costos puedan ser traspasados al consumidor final, por cuanto \u00ablos agricultores no tenemos injerencia en la determinaci\u00f3n de los precios de nuestros productos. Vendemos la leche al valor que fija la industria y no necesariamente de acuerdo a los costos de producci\u00f3n. Nunca ha sido as\u00ed. Este es un costo que vanos a asumir los agricultores, de frent\u00f3n\u00bb.<\/p>\n<p>En cuanto a los costos, aventur\u00f3 que se ver\u00e1n incrementados \u00abporque se debe agregar m\u00e1s gente a la planilla. Especialmente en los campos, porque una gran mayor\u00eda vive en los mismos predios. Por lo tanto, si traes una nueva familia hay que hacer otra casa y entregar las condiciones de vivienda\u00bb.<\/p>\n<p>El l\u00edder gremial revel\u00f3 que es dif\u00edcil encontrar mano de obra interesada en esas labores y que la que est\u00e1 disponible, debe ser capacitada.<\/p>\n<p><strong><span style=\"color: #333300;\">Particularidades\u00a0<\/span><\/strong><\/p>\n<p>Para Schwerter \u00abno se est\u00e1 considerando las particularidades de los sectores productivos, sobre todo de la agricultura y la actividad ganadera\u00bb.<\/p>\n<p>Por ello es que plante\u00f3 dar flexibilidad a la norma. \u00abSi vamos a bajar de 45 a 40 horas la jornada laboral y la mantenemos r\u00edgida, como est\u00e1 ahora, es m\u00e1s complejo de poder entrar en esos par\u00e1metros. Tiene que haber estudios m\u00e1s profundos y con claros avances hacia la flexibilidad laboral\u00bb, dijo.<\/p>\n<p>De acuerdo al presidente de Agrollanquihue, lo ideal es que esta reducci\u00f3n de la jornada laboral se aplique en forma gradual que, para el caso de la lecher\u00eda, \u00abdeber\u00eda ser de al menos ocho a\u00f1os, que permita avanzar en la capacitaci\u00f3n de nuestro personal y despertar el inter\u00e9s por ir a trabajar a los campos. Eso no es de la noche a la ma\u00f1ana, as\u00ed que el concepto de gradualidad es muy importante\u00bb.<\/p>\n<p><strong><span style=\"color: #333300;\">Gestiones<\/span><\/strong><\/p>\n<p>El productor puertovarino admiti\u00f3 que no han tenido acercamientos con parlamentarios de la zona para expresar sus aportes a esta discusi\u00f3n legislativa, en la que esperan tener espacio con ese fin.<\/p>\n<p><a href=\"https:\/\/www.mundoagropecuario.cl\/new\/wp-content\/uploads\/2022\/04\/Produccionleche-.jpeg\"><img loading=\"lazy\" decoding=\"async\" class=\"wp-image-21817 alignright\" src=\"https:\/\/www.mundoagropecuario.cl\/new\/wp-content\/uploads\/2022\/04\/Produccionleche--586x358.jpeg\" alt=\"\" width=\"453\" height=\"333\" \/><\/a>Lo anterior fue confirmado por <strong><span style=\"color: #333300;\">Marcos Winkler, presidente de la Federaci\u00f3n Nacional de Productores de Leche (Fedeleche),<\/span><\/strong> quien puntualiz\u00f3 que no es nueva la solicitud del sector,\u00a0 para aportar con indicaciones al proyecto \u00abque no incluye a la agricultura como estilo de trabajo\u00bb.\u00a0 Reclam\u00f3 que hace mucho tiempo estamos pidiendo que se nos escuche. Lamentablemente, no ha sido as\u00ed.<\/p>\n<p>El empresario agr\u00edcola y productor lechero de Osorno,\u00a0 evidenci\u00f3 que recibir\u00edan con mucho inter\u00e9s una invitaci\u00f3n a exponer en la Comisi\u00f3n de Trabajo del Senado (donde hoy est\u00e1 el proyecto), \u00abpero no nos han dado el espacio (\u2026). Cualquier instancia donde podamos manifestar y explicar, siempre va a ser bienvenida. Vamos a utilizar todas las v\u00edas necesarias para eso\u00bb.<\/p>\n<p>Respecto a la iniciativa legal, Winkler insisti\u00f3 en que no estar\u00eda atendiendo las variables que inciden en la actividad productiva lechera. \u00abUna disminuci\u00f3n de las horas laborales, sin haber tomado en cuenta los sistemas productivos, es bastante complicado\u00bb.<\/p>\n<p>El timonel de Fedeleche plante\u00f3 que es necesario tomar en cuenta la realidad de la peque\u00f1a ganader\u00eda familiar campesina, \u00abagricultores que no tienen mano de obra suficiente para hacer todo. Realmente, se les complica mucho\u00bb, a diferencia de un agricultor de mayor tama\u00f1o, \u00abque tiene espalda econ\u00f3mica y un sistema de contrataci\u00f3n de personal m\u00e1s o menos armado, en el que se puede ajustar ese horario\u00bb.<\/p>\n<p><strong><span style=\"color: #333300;\">Realidad particular<\/span><\/strong><\/p>\n<p>El proyecto ingres\u00f3 el 8 de marzo de 2017 al Congreso, mediante el Bolet\u00edn N\u00b011179-13, firmado por la diputada Karol Cariola (PC). A m\u00e1s de cuatro a\u00f1os de eso, la iniciativa cumpli\u00f3 en noviembre de 2021 su primer tr\u00e1mite constitucional en la C\u00e1mara de Diputados y se traslad\u00f3 a la Comisi\u00f3n de Trabajo y Previsi\u00f3n Social del Senado, de la que forma parte el senador Iv\u00e1n Moreira (UDI).<\/p>\n<p>Sobre esta propuesta, el legislador por la Regi\u00f3n de Los Lagos coment\u00f3 que \u00abexige una discusi\u00f3n profunda, porque la reducci\u00f3n tiene efectos sobre el empleo y debe contener gradualidad y flexibilidad\u00bb.<\/p>\n<p>Moreira agreg\u00f3 que adem\u00e1s deben ser consideradas las realidades locales y particulares \u00abcomo ocurre con la industria lechera, tan relevante para nuestra regi\u00f3n\u00bb.<\/p>\n<p>Respecto a la posibilidad de establecer jornadas laborales especiales, Moreira dijo que \u00abs\u00f3lo son una soluci\u00f3n parcial e incompleta, ya que requieren autorizaci\u00f3n de la Direcci\u00f3n del Trabajo\u00bb. En su lugar, el parlamentario de la UDI insisti\u00f3 en \u00abbuscar una regulaci\u00f3n independiente para esta industria (lechera), como existe para los futbolistas o gente de mar, que respete las caracter\u00edsticas y tiempos particulares de tan noble tarea\u00bb.<\/p>\n<p>Al finalizar, record\u00f3 un comentario que recibi\u00f3 de un dirigente del agro que no identific\u00f3: \u00abNo es lo ideal este proyecto, pero en el campo se arregla la montura\u00bb.<\/p>\n<p>Anunci\u00f3 que en los pr\u00f3ximos d\u00edas deber\u00eda surgir una posici\u00f3n institucional de las agrupaciones de la agricultura.<\/p>\n<p><strong><span style=\"color: #333300;\">Mayor\u00eda de oposici\u00f3n\u00a0<\/span><\/strong><\/p>\n<p>Sin embargo, se especula que la propuesta podr\u00eda encontrar un obst\u00e1culo en esa comisi\u00f3n de la C\u00e1mara Alta, en la que la oposici\u00f3n es mayor\u00eda, con el senador Luciano Cruz-Coke (Ev\u00f3poli), como presidente; y sus miembros Rodrigo Galilea (RN) e Iv\u00e1n Moreira (UDI). Los otros integrantes son Loreto Carvajal (PPD) y Gast\u00f3n Saavedra (PS). Desde ya, se ha solicitado no precipitar su discusi\u00f3n, como dijo el propio Moreira a radio Biob\u00edo; y hasta han pedido cautela y que no haya celeridad.<\/p>\n<p>La gradualidad ser\u00e1 parte de ese an\u00e1lisis. Se habla de un plazo de hasta seis a\u00f1os para implementar la nueva jornada laboral, lo que beneficiar\u00eda a las peque\u00f1as empresas.<\/p>\n<p><strong><span style=\"color: #333300;\">Mesa tripartita\u00a0<\/span><\/strong><\/p>\n<p><strong><span style=\"color: #333300;\">El Seremi del Trabajo, \u00c1ngel Cabrera<\/span><\/strong>, le rest\u00f3 dramatismo a los efectos que podr\u00eda generar esta iniciativa, ya que -seg\u00fan asegur\u00f3- en conversaciones con representantes de empresas del sector silvoagropecuario le han evidenciado que \u00abes un avance la rebaja a 40 horas de la jornada laboral\u00bb. La misma posici\u00f3n, a\u00f1adi\u00f3, han manifestado ejecutivos del rubro acu\u00edcola, de la construcci\u00f3n y del turismo.<\/p>\n<p><a href=\"https:\/\/www.mundoagropecuario.cl\/new\/wp-content\/uploads\/2021\/10\/vacas_lecheria800x531.jpeg\"><img loading=\"lazy\" decoding=\"async\" class=\" wp-image-20720\" src=\"https:\/\/www.mundoagropecuario.cl\/new\/wp-content\/uploads\/2021\/10\/vacas_lecheria800x531-586x389.jpeg\" alt=\"\" width=\"462\" height=\"357\" \/><\/a><\/p>\n<p>\u00abEstarnos en una sociedad en la que el buen vivir y la calidad del tiempo libre, no s\u00f3lo la cantidad, que se pasa con la familia es muy importante. Ellos consideran que el adecuado descanso tambi\u00e9n forma parte de la producci\u00f3n. Eso me lo han hecho saber\u00bb, explic\u00f3.<\/p>\n<p>Cabrera admiti\u00f3 que \u00abpuede haber algunos productores que est\u00e9n preocupados. No he hablado con ellos\u00bb. Sin embargo, precis\u00f3 que se trata de una propuesta que est\u00e1 en proceso de desarrollo, que est\u00e1 siendo analizada con distintos actores en el Consejo Superior Laboral, organismo consultivo compuesto por el gobierno, empresarios y trabajadores.<\/p>\n<p>\u00abEs un proyecto que todav\u00eda no est\u00e1 dise\u00f1ado. No hay todav\u00eda una definici\u00f3n. Hay que llamar a la tranquilidad, a esperar los anuncios en ese sentido; en el fondo, esperar el proyecto de ley para plantear esas inquietudes, porque de momento todav\u00eda hay una mesa de trabajo que est\u00e1 conversando sobre su implementaci\u00f3n, su gradualidad\u00bb, puntualiz\u00f3.<\/p>\n<p>El seremi del Trabajo remarc\u00f3 que el gobierno ha sostenido que cualquier modificaci\u00f3n ser\u00e1 sometida al di\u00e1logo tanto con trabajadores y representantes de los sectores productivos \u00aben el que debe haber un consenso\u00bb.<\/p>\n<p>Respecto de los temores expresados desde la micro y peque\u00f1a empresa, en cuanto a que no les ser\u00e1 posible sostener ese r\u00e9gimen laboral, el seremi Cabrera expuso que su implementaci\u00f3n \u00abtiene que ser con gradualidad, con responsabilidad y legitimidad social, que la va a dar esta conversaci\u00f3n tripartita en el Consejo Superior Laboral\u00bb.<\/p>\n<p><strong><span style=\"color: #333300;\">Mesa T\u00e9cnica<\/span><\/strong><\/p>\n<p>De su lado, <strong><span style=\"color: #333300;\">la seremi de Agricultura, Tania Salas,<\/span><\/strong> destac\u00f3 que la reducci\u00f3n de la jornada laboral a 40 horas es una iniciativa que impulsa el Ministerio del Trabajo y que a partir de esa gesti\u00f3n \u00abcomo Ministerio de Agricultura contribuiremos con informaci\u00f3n de nuestras actividades productivas\u00bb.<\/p>\n<p>Salas precis\u00f3 que han sostenido reuniones con gremios del sector lechero \u00abpara canalizar sus visiones respecto a este y otros temas, para que \u00e9stas puedan abordarse en la mesa t\u00e9cnica que se conformar\u00e1 para realizarla propuesta de proyecto de ley sobre esta materia\u00bb, especific\u00f3.<\/p>\n<p>&nbsp;<\/p>\n<p>Fuente: radioagricultura.cl<\/p>\n<p>&nbsp;<\/p>\n","protected":false},"excerpt":{"rendered":"<p>En el Congreso est\u00e1 radicado un proyecto de ley para reducir la jornada laboral de 45 a 40 horas semanales, que cuenta con el impulso del gobierno del Presidente, Gabriel Boric, a trav\u00e9s del Ministerio del Trabajo.<\/p>\n","protected":false},"author":2,"featured_media":21890,"comment_status":"closed","ping_status":"closed","sticky":false,"template":"","format":"standard","meta":{"footnotes":""},"categories":[1946],"tags":[2090,3127,3090,2057,2214,2058,4168,3222],"class_list":["post-21889","post","type-post","status-publish","format-standard","has-post-thumbnail","hentry","category-lacteos","tag-agricultura","tag-agro","tag-agrollanquihue","tag-aproleche","tag-eduardo-schwerter","tag-fedeleche","tag-marcos-winkler-2","tag-sector-lechero"],"yoast_head":"<!-- This site is optimized with the Yoast SEO plugin v26.6 - https:\/\/yoast.com\/wordpress\/plugins\/seo\/ -->\n<title>Rebaja de la jornada laboral a 40 horas complica al sector lechero - Mundoagropecuario<\/title>\n<meta name=\"description\" content=\"Proyecto de ley para reducir la jornada laboral de 45 a 40 horas, cuenta con el impulso del Presidente, Gabriel Boric.\" \/>\n<meta name=\"robots\" content=\"index, follow, max-snippet:-1, max-image-preview:large, max-video-preview:-1\" \/>\n<link rel=\"canonical\" href=\"https:\/\/www.mundoagropecuario.cl\/new\/rebaja-de-la-jornada-laboral-a-40-horas-complica-al-sector-lechero\/\" \/>\n<meta property=\"og:locale\" content=\"es_ES\" \/>\n<meta property=\"og:type\" content=\"article\" \/>\n<meta property=\"og:title\" content=\"Rebaja de la jornada laboral a 40 horas complica al sector lechero - Mundoagropecuario\" \/>\n<meta property=\"og:description\" content=\"Proyecto de ley para reducir la jornada laboral de 45 a 40 horas, cuenta con el impulso del Presidente, Gabriel Boric.\" \/>\n<meta property=\"og:url\" content=\"https:\/\/www.mundoagropecuario.cl\/new\/rebaja-de-la-jornada-laboral-a-40-horas-complica-al-sector-lechero\/\" \/>\n<meta property=\"og:site_name\" content=\"Mundoagropecuario\" \/>\n<meta property=\"article:publisher\" content=\"https:\/\/www.facebook.com\/mundo.agropecuario.3\" \/>\n<meta property=\"article:published_time\" content=\"2022-05-10T14:56:17+00:00\" \/>\n<meta property=\"article:modified_time\" content=\"2022-05-12T16:08:58+00:00\" \/>\n<meta property=\"og:image\" content=\"https:\/\/www.mundoagropecuario.cl\/new\/wp-content\/uploads\/2022\/05\/lecheros-jpg.jpeg\" \/>\n\t<meta property=\"og:image:width\" content=\"913\" \/>\n\t<meta property=\"og:image:height\" content=\"520\" \/>\n\t<meta property=\"og:image:type\" content=\"image\/jpeg\" \/>\n<meta name=\"author\" content=\"mundo\" \/>\n<meta name=\"twitter:card\" content=\"summary_large_image\" \/>\n<meta name=\"twitter:creator\" content=\"@MundoAgropecuar\" \/>\n<meta name=\"twitter:site\" content=\"@MundoAgropecuar\" \/>\n<meta name=\"twitter:label1\" content=\"Escrito por\" \/>\n\t<meta name=\"twitter:data1\" content=\"mundo\" \/>\n\t<meta name=\"twitter:label2\" content=\"Tiempo de lectura\" \/>\n\t<meta name=\"twitter:data2\" content=\"8 minutos\" \/>\n<script type=\"application\/ld+json\" class=\"yoast-schema-graph\">{\"@context\":\"https:\/\/schema.org\",\"@graph\":[{\"@type\":\"Article\",\"@id\":\"https:\/\/www.mundoagropecuario.cl\/new\/rebaja-de-la-jornada-laboral-a-40-horas-complica-al-sector-lechero\/#article\",\"isPartOf\":{\"@id\":\"https:\/\/www.mundoagropecuario.cl\/new\/rebaja-de-la-jornada-laboral-a-40-horas-complica-al-sector-lechero\/\"},\"author\":{\"name\":\"mundo\",\"@id\":\"https:\/\/www.mundoagropecuario.cl\/new\/#\/schema\/person\/4e9f74a82a7dac260eb1c44b7eebeb18\"},\"headline\":\"Rebaja de la jornada laboral a 40 horas complica al sector lechero\",\"datePublished\":\"2022-05-10T14:56:17+00:00\",\"dateModified\":\"2022-05-12T16:08:58+00:00\",\"mainEntityOfPage\":{\"@id\":\"https:\/\/www.mundoagropecuario.cl\/new\/rebaja-de-la-jornada-laboral-a-40-horas-complica-al-sector-lechero\/\"},\"wordCount\":1629,\"publisher\":{\"@id\":\"https:\/\/www.mundoagropecuario.cl\/new\/#organization\"},\"image\":{\"@id\":\"https:\/\/www.mundoagropecuario.cl\/new\/rebaja-de-la-jornada-laboral-a-40-horas-complica-al-sector-lechero\/#primaryimage\"},\"thumbnailUrl\":\"https:\/\/www.mundoagropecuario.cl\/new\/wp-content\/uploads\/2022\/05\/lecheros-jpg.jpeg\",\"keywords\":[\"Agricultura\",\"Agro\",\"Agrollanquihue\",\"Aproleche\",\"Eduardo Schwerter\",\"Fedeleche\",\"Marcos Winkler\",\"sector lechero\"],\"articleSection\":[\"L\u00e1cteos\"],\"inLanguage\":\"es\"},{\"@type\":\"WebPage\",\"@id\":\"https:\/\/www.mundoagropecuario.cl\/new\/rebaja-de-la-jornada-laboral-a-40-horas-complica-al-sector-lechero\/\",\"url\":\"https:\/\/www.mundoagropecuario.cl\/new\/rebaja-de-la-jornada-laboral-a-40-horas-complica-al-sector-lechero\/\",\"name\":\"Rebaja de la jornada laboral a 40 horas complica al sector lechero - Mundoagropecuario\",\"isPartOf\":{\"@id\":\"https:\/\/www.mundoagropecuario.cl\/new\/#website\"},\"primaryImageOfPage\":{\"@id\":\"https:\/\/www.mundoagropecuario.cl\/new\/rebaja-de-la-jornada-laboral-a-40-horas-complica-al-sector-lechero\/#primaryimage\"},\"image\":{\"@id\":\"https:\/\/www.mundoagropecuario.cl\/new\/rebaja-de-la-jornada-laboral-a-40-horas-complica-al-sector-lechero\/#primaryimage\"},\"thumbnailUrl\":\"https:\/\/www.mundoagropecuario.cl\/new\/wp-content\/uploads\/2022\/05\/lecheros-jpg.jpeg\",\"datePublished\":\"2022-05-10T14:56:17+00:00\",\"dateModified\":\"2022-05-12T16:08:58+00:00\",\"description\":\"Proyecto de ley para reducir la jornada laboral de 45 a 40 horas, cuenta con el impulso del Presidente, Gabriel Boric.\",\"breadcrumb\":{\"@id\":\"https:\/\/www.mundoagropecuario.cl\/new\/rebaja-de-la-jornada-laboral-a-40-horas-complica-al-sector-lechero\/#breadcrumb\"},\"inLanguage\":\"es\",\"potentialAction\":[{\"@type\":\"ReadAction\",\"target\":[\"https:\/\/www.mundoagropecuario.cl\/new\/rebaja-de-la-jornada-laboral-a-40-horas-complica-al-sector-lechero\/\"]}]},{\"@type\":\"ImageObject\",\"inLanguage\":\"es\",\"@id\":\"https:\/\/www.mundoagropecuario.cl\/new\/rebaja-de-la-jornada-laboral-a-40-horas-complica-al-sector-lechero\/#primaryimage\",\"url\":\"https:\/\/www.mundoagropecuario.cl\/new\/wp-content\/uploads\/2022\/05\/lecheros-jpg.jpeg\",\"contentUrl\":\"https:\/\/www.mundoagropecuario.cl\/new\/wp-content\/uploads\/2022\/05\/lecheros-jpg.jpeg\",\"width\":702,\"height\":400},{\"@type\":\"BreadcrumbList\",\"@id\":\"https:\/\/www.mundoagropecuario.cl\/new\/rebaja-de-la-jornada-laboral-a-40-horas-complica-al-sector-lechero\/#breadcrumb\",\"itemListElement\":[{\"@type\":\"ListItem\",\"position\":1,\"name\":\"Portada\",\"item\":\"https:\/\/www.mundoagropecuario.cl\/new\/\"},{\"@type\":\"ListItem\",\"position\":2,\"name\":\"Rebaja de la jornada laboral a 40 horas complica al sector lechero\"}]},{\"@type\":\"WebSite\",\"@id\":\"https:\/\/www.mundoagropecuario.cl\/new\/#website\",\"url\":\"https:\/\/www.mundoagropecuario.cl\/new\/\",\"name\":\"Mundoagropecuario\",\"description\":\"Mundo Agropecuario\",\"publisher\":{\"@id\":\"https:\/\/www.mundoagropecuario.cl\/new\/#organization\"},\"potentialAction\":[{\"@type\":\"SearchAction\",\"target\":{\"@type\":\"EntryPoint\",\"urlTemplate\":\"https:\/\/www.mundoagropecuario.cl\/new\/?s={search_term_string}\"},\"query-input\":{\"@type\":\"PropertyValueSpecification\",\"valueRequired\":true,\"valueName\":\"search_term_string\"}}],\"inLanguage\":\"es\"},{\"@type\":\"Organization\",\"@id\":\"https:\/\/www.mundoagropecuario.cl\/new\/#organization\",\"name\":\"Revista de Agricultura\",\"url\":\"https:\/\/www.mundoagropecuario.cl\/new\/\",\"logo\":{\"@type\":\"ImageObject\",\"inLanguage\":\"es\",\"@id\":\"https:\/\/www.mundoagropecuario.cl\/new\/#\/schema\/logo\/image\/\",\"url\":\"https:\/\/www.mundoagropecuario.cl\/new\/wp-content\/uploads\/2020\/11\/PORTAL-1-1.png\",\"contentUrl\":\"https:\/\/www.mundoagropecuario.cl\/new\/wp-content\/uploads\/2020\/11\/PORTAL-1-1.png\",\"width\":1026,\"height\":100,\"caption\":\"Revista de Agricultura\"},\"image\":{\"@id\":\"https:\/\/www.mundoagropecuario.cl\/new\/#\/schema\/logo\/image\/\"},\"sameAs\":[\"https:\/\/www.facebook.com\/mundo.agropecuario.3\",\"https:\/\/x.com\/MundoAgropecuar\",\"https:\/\/www.linkedin.com\/in\/mundo-agropecuario-934009201\/\"]},{\"@type\":\"Person\",\"@id\":\"https:\/\/www.mundoagropecuario.cl\/new\/#\/schema\/person\/4e9f74a82a7dac260eb1c44b7eebeb18\",\"name\":\"mundo\",\"url\":\"https:\/\/www.mundoagropecuario.cl\/new\/author\/mundo\/\"}]}<\/script>\n<!-- \/ Yoast SEO plugin. -->","yoast_head_json":{"title":"Rebaja de la jornada laboral a 40 horas complica al sector lechero - Mundoagropecuario","description":"Proyecto de ley para reducir la jornada laboral de 45 a 40 horas, cuenta con el impulso del Presidente, Gabriel Boric.","robots":{"index":"index","follow":"follow","max-snippet":"max-snippet:-1","max-image-preview":"max-image-preview:large","max-video-preview":"max-video-preview:-1"},"canonical":"https:\/\/www.mundoagropecuario.cl\/new\/rebaja-de-la-jornada-laboral-a-40-horas-complica-al-sector-lechero\/","og_locale":"es_ES","og_type":"article","og_title":"Rebaja de la jornada laboral a 40 horas complica al sector lechero - Mundoagropecuario","og_description":"Proyecto de ley para reducir la jornada laboral de 45 a 40 horas, cuenta con el impulso del Presidente, Gabriel Boric.","og_url":"https:\/\/www.mundoagropecuario.cl\/new\/rebaja-de-la-jornada-laboral-a-40-horas-complica-al-sector-lechero\/","og_site_name":"Mundoagropecuario","article_publisher":"https:\/\/www.facebook.com\/mundo.agropecuario.3","article_published_time":"2022-05-10T14:56:17+00:00","article_modified_time":"2022-05-12T16:08:58+00:00","og_image":[{"width":913,"height":520,"url":"https:\/\/www.mundoagropecuario.cl\/new\/wp-content\/uploads\/2022\/05\/lecheros-jpg.jpeg","type":"image\/jpeg"}],"author":"mundo","twitter_card":"summary_large_image","twitter_creator":"@MundoAgropecuar","twitter_site":"@MundoAgropecuar","twitter_misc":{"Escrito por":"mundo","Tiempo de lectura":"8 minutos"},"schema":{"@context":"https:\/\/schema.org","@graph":[{"@type":"Article","@id":"https:\/\/www.mundoagropecuario.cl\/new\/rebaja-de-la-jornada-laboral-a-40-horas-complica-al-sector-lechero\/#article","isPartOf":{"@id":"https:\/\/www.mundoagropecuario.cl\/new\/rebaja-de-la-jornada-laboral-a-40-horas-complica-al-sector-lechero\/"},"author":{"name":"mundo","@id":"https:\/\/www.mundoagropecuario.cl\/new\/#\/schema\/person\/4e9f74a82a7dac260eb1c44b7eebeb18"},"headline":"Rebaja de la jornada laboral a 40 horas complica al sector lechero","datePublished":"2022-05-10T14:56:17+00:00","dateModified":"2022-05-12T16:08:58+00:00","mainEntityOfPage":{"@id":"https:\/\/www.mundoagropecuario.cl\/new\/rebaja-de-la-jornada-laboral-a-40-horas-complica-al-sector-lechero\/"},"wordCount":1629,"publisher":{"@id":"https:\/\/www.mundoagropecuario.cl\/new\/#organization"},"image":{"@id":"https:\/\/www.mundoagropecuario.cl\/new\/rebaja-de-la-jornada-laboral-a-40-horas-complica-al-sector-lechero\/#primaryimage"},"thumbnailUrl":"https:\/\/www.mundoagropecuario.cl\/new\/wp-content\/uploads\/2022\/05\/lecheros-jpg.jpeg","keywords":["Agricultura","Agro","Agrollanquihue","Aproleche","Eduardo Schwerter","Fedeleche","Marcos Winkler","sector lechero"],"articleSection":["L\u00e1cteos"],"inLanguage":"es"},{"@type":"WebPage","@id":"https:\/\/www.mundoagropecuario.cl\/new\/rebaja-de-la-jornada-laboral-a-40-horas-complica-al-sector-lechero\/","url":"https:\/\/www.mundoagropecuario.cl\/new\/rebaja-de-la-jornada-laboral-a-40-horas-complica-al-sector-lechero\/","name":"Rebaja de la jornada laboral a 40 horas complica al sector lechero - Mundoagropecuario","isPartOf":{"@id":"https:\/\/www.mundoagropecuario.cl\/new\/#website"},"primaryImageOfPage":{"@id":"https:\/\/www.mundoagropecuario.cl\/new\/rebaja-de-la-jornada-laboral-a-40-horas-complica-al-sector-lechero\/#primaryimage"},"image":{"@id":"https:\/\/www.mundoagropecuario.cl\/new\/rebaja-de-la-jornada-laboral-a-40-horas-complica-al-sector-lechero\/#primaryimage"},"thumbnailUrl":"https:\/\/www.mundoagropecuario.cl\/new\/wp-content\/uploads\/2022\/05\/lecheros-jpg.jpeg","datePublished":"2022-05-10T14:56:17+00:00","dateModified":"2022-05-12T16:08:58+00:00","description":"Proyecto de ley para reducir la jornada laboral de 45 a 40 horas, cuenta con el impulso del Presidente, Gabriel Boric.","breadcrumb":{"@id":"https:\/\/www.mundoagropecuario.cl\/new\/rebaja-de-la-jornada-laboral-a-40-horas-complica-al-sector-lechero\/#breadcrumb"},"inLanguage":"es","potentialAction":[{"@type":"ReadAction","target":["https:\/\/www.mundoagropecuario.cl\/new\/rebaja-de-la-jornada-laboral-a-40-horas-complica-al-sector-lechero\/"]}]},{"@type":"ImageObject","inLanguage":"es","@id":"https:\/\/www.mundoagropecuario.cl\/new\/rebaja-de-la-jornada-laboral-a-40-horas-complica-al-sector-lechero\/#primaryimage","url":"https:\/\/www.mundoagropecuario.cl\/new\/wp-content\/uploads\/2022\/05\/lecheros-jpg.jpeg","contentUrl":"https:\/\/www.mundoagropecuario.cl\/new\/wp-content\/uploads\/2022\/05\/lecheros-jpg.jpeg","width":702,"height":400},{"@type":"BreadcrumbList","@id":"https:\/\/www.mundoagropecuario.cl\/new\/rebaja-de-la-jornada-laboral-a-40-horas-complica-al-sector-lechero\/#breadcrumb","itemListElement":[{"@type":"ListItem","position":1,"name":"Portada","item":"https:\/\/www.mundoagropecuario.cl\/new\/"},{"@type":"ListItem","position":2,"name":"Rebaja de la jornada laboral a 40 horas complica al sector lechero"}]},{"@type":"WebSite","@id":"https:\/\/www.mundoagropecuario.cl\/new\/#website","url":"https:\/\/www.mundoagropecuario.cl\/new\/","name":"Mundoagropecuario","description":"Mundo Agropecuario","publisher":{"@id":"https:\/\/www.mundoagropecuario.cl\/new\/#organization"},"potentialAction":[{"@type":"SearchAction","target":{"@type":"EntryPoint","urlTemplate":"https:\/\/www.mundoagropecuario.cl\/new\/?s={search_term_string}"},"query-input":{"@type":"PropertyValueSpecification","valueRequired":true,"valueName":"search_term_string"}}],"inLanguage":"es"},{"@type":"Organization","@id":"https:\/\/www.mundoagropecuario.cl\/new\/#organization","name":"Revista de Agricultura","url":"https:\/\/www.mundoagropecuario.cl\/new\/","logo":{"@type":"ImageObject","inLanguage":"es","@id":"https:\/\/www.mundoagropecuario.cl\/new\/#\/schema\/logo\/image\/","url":"https:\/\/www.mundoagropecuario.cl\/new\/wp-content\/uploads\/2020\/11\/PORTAL-1-1.png","contentUrl":"https:\/\/www.mundoagropecuario.cl\/new\/wp-content\/uploads\/2020\/11\/PORTAL-1-1.png","width":1026,"height":100,"caption":"Revista de Agricultura"},"image":{"@id":"https:\/\/www.mundoagropecuario.cl\/new\/#\/schema\/logo\/image\/"},"sameAs":["https:\/\/www.facebook.com\/mundo.agropecuario.3","https:\/\/x.com\/MundoAgropecuar","https:\/\/www.linkedin.com\/in\/mundo-agropecuario-934009201\/"]},{"@type":"Person","@id":"https:\/\/www.mundoagropecuario.cl\/new\/#\/schema\/person\/4e9f74a82a7dac260eb1c44b7eebeb18","name":"mundo","url":"https:\/\/www.mundoagropecuario.cl\/new\/author\/mundo\/"}]}},"_links":{"self":[{"href":"https:\/\/www.mundoagropecuario.cl\/new\/wp-json\/wp\/v2\/posts\/21889","targetHints":{"allow":["GET"]}}],"collection":[{"href":"https:\/\/www.mundoagropecuario.cl\/new\/wp-json\/wp\/v2\/posts"}],"about":[{"href":"https:\/\/www.mundoagropecuario.cl\/new\/wp-json\/wp\/v2\/types\/post"}],"author":[{"embeddable":true,"href":"https:\/\/www.mundoagropecuario.cl\/new\/wp-json\/wp\/v2\/users\/2"}],"replies":[{"embeddable":true,"href":"https:\/\/www.mundoagropecuario.cl\/new\/wp-json\/wp\/v2\/comments?post=21889"}],"version-history":[{"count":1,"href":"https:\/\/www.mundoagropecuario.cl\/new\/wp-json\/wp\/v2\/posts\/21889\/revisions"}],"predecessor-version":[{"id":21891,"href":"https:\/\/www.mundoagropecuario.cl\/new\/wp-json\/wp\/v2\/posts\/21889\/revisions\/21891"}],"wp:featuredmedia":[{"embeddable":true,"href":"https:\/\/www.mundoagropecuario.cl\/new\/wp-json\/wp\/v2\/media\/21890"}],"wp:attachment":[{"href":"https:\/\/www.mundoagropecuario.cl\/new\/wp-json\/wp\/v2\/media?parent=21889"}],"wp:term":[{"taxonomy":"category","embeddable":true,"href":"https:\/\/www.mundoagropecuario.cl\/new\/wp-json\/wp\/v2\/categories?post=21889"},{"taxonomy":"post_tag","embeddable":true,"href":"https:\/\/www.mundoagropecuario.cl\/new\/wp-json\/wp\/v2\/tags?post=21889"}],"curies":[{"name":"wp","href":"https:\/\/api.w.org\/{rel}","templated":true}]}}