{"id":21831,"date":"2022-05-02T13:16:07","date_gmt":"2022-05-02T16:16:07","guid":{"rendered":"https:\/\/www.mundoagropecuario.cl\/new\/?p=21831"},"modified":"2022-05-05T12:03:50","modified_gmt":"2022-05-05T15:03:50","slug":"destacan-trabajo-de-sala-comunitaria-de-cosecha-de-miel-en-tucapel","status":"publish","type":"post","link":"https:\/\/www.mundoagropecuario.cl\/new\/destacan-trabajo-de-sala-comunitaria-de-cosecha-de-miel-en-tucapel\/","title":{"rendered":"Destacan trabajo de sala comunitaria de cosecha de miel en Tucapel"},"content":{"rendered":"<blockquote>\n<h2><span style=\"color: #333300;\">En la regi\u00f3n del Biob\u00edo existen 1.036 apicultores registrados en el SAG, de los cuales 427 se encuentran activos.<\/span><\/h2>\n<\/blockquote>\n<p>Para conocer los requisitos sanitarios que deben cumplir los productores de miel de exportaci\u00f3n y dar a conocer la consulta p\u00fablica ap\u00edcola, la Seremi de Agricultura de Biob\u00edo, Pamela Y\u00e1\u00f1ez, y el Director Regional del Servicio Agr\u00edcola y Ganadero, Iv\u00e1n Ram\u00edrez, visitaron la sala comunitaria de cosecha de miel del Comit\u00e9 Ap\u00edcola Cordillera, en Tucapel.<\/p>\n<p>Al respecto, la autoridad regional del Agro destac\u00f3 la importancia de rubro a nivel regional. \u201cTuvimos una provechosa visita junto al equipo del SAG, para conocer y dialogar con los apicultores y apicultoras sobre el trabajo que realizan, sus necesidades, como tambi\u00e9n verificar en terreno la labor del SAG en esta materia\u201d.<\/p>\n<p><a href=\"https:\/\/www.mundoagropecuario.cl\/new\/wp-content\/uploads\/2022\/05\/Comite\u0301-1-scaled.jpg\"><img loading=\"lazy\" decoding=\"async\" class=\" wp-image-21832 alignright\" src=\"https:\/\/www.mundoagropecuario.cl\/new\/wp-content\/uploads\/2022\/05\/Comite\u0301-1-586x440.jpg\" alt=\"\" width=\"527\" height=\"395\" srcset=\"https:\/\/www.mundoagropecuario.cl\/new\/wp-content\/uploads\/2022\/05\/Comite\u0301-1-586x440.jpg 586w, https:\/\/www.mundoagropecuario.cl\/new\/wp-content\/uploads\/2022\/05\/Comite\u0301-1-1024x768.jpg 1024w, https:\/\/www.mundoagropecuario.cl\/new\/wp-content\/uploads\/2022\/05\/Comite\u0301-1-768x576.jpg 768w, https:\/\/www.mundoagropecuario.cl\/new\/wp-content\/uploads\/2022\/05\/Comite\u0301-1-1536x1152.jpg 1536w, https:\/\/www.mundoagropecuario.cl\/new\/wp-content\/uploads\/2022\/05\/Comite\u0301-1-scaled.jpg 533w\" sizes=\"auto, (max-width: 527px) 100vw, 527px\" \/><\/a>Por su parte, el Director Regional del SAG se\u00f1al\u00f3 que &#8220;fue una interesante instancia de conversaci\u00f3n con la gente que forma parte de este comit\u00e9 y la Seremi de Agricultura, para que conociera primero a las personas de esta agrupaci\u00f3n, adem\u00e1s, lo que hace el Servicio en materia sanitaria, como tambi\u00e9n que mantengan un adecuado registro para que el producto sea trazable y se pueda exportar en las condiciones que los pa\u00edses de destino lo requieren&#8221;.<\/p>\n<p>Por su parte, Marcela Castillo, integrante del Comit\u00e9 de Apicultores Cordillera, se\u00f1al\u00f3 que \u201cme parece excelente su visita, nunca nos hab\u00edan visitado. La verdad es que nosotros necesitamos mucho, porque somos esforzado y siempre se nos complica todo, y que ella nos visite en nuestro lugar de trabajo, donde podemos plantear nuestras inquietudes y ser escuchados, que es lo m\u00e1s importante\u201d.<\/p>\n<p>En la oportunidad los asociados de esta sala comunitaria dieron a conocer a las autoridades del Agro sus consultas e inquietudes relacionados con los medicamentos veterinarios, comercializaci\u00f3n y beneficios para el sector, entre otras tem\u00e1ticas.<\/p>\n<p>En la regi\u00f3n del Biob\u00edo existen 1.036 apicultores registrados en el SAG, de los cuales 427 se encuentran activos a trav\u00e9s de su declaraci\u00f3n anual de apiarios. \u201cDe acuerdo con nuestros registros actualmente hay 1.058 apiarios con casi 50 mil colmenas, distribuidas en toda la regi\u00f3n, pero con un mayor n\u00famero en la provincia de Biob\u00edo\u201d, indic\u00f3 el directivo del SAG.<\/p>\n<p>En relaci\u00f3n a los apicultores inscritos en el Registro de Apicultores de Mieles de Exportaci\u00f3n (RAMEX), el Director Regional se\u00f1al\u00f3 que a la fecha existen 282 productores de miel autorizados, los que en un 90% se encuentran en la provincia de Biob\u00edo, al igual que salas de cosecha de miel, que suman 95 a nivel regional.<\/p>\n","protected":false},"excerpt":{"rendered":"<p>En la oportunidad los asociados de esta sala comunitaria dieron a conocer a las autoridades del Agro sus consultas e inquietudes relacionados con los medicamentos veterinarios, comercializaci\u00f3n y beneficios para el sector, entre otras tem\u00e1ticas.<\/p>\n","protected":false},"author":2,"featured_media":21833,"comment_status":"closed","ping_status":"closed","sticky":false,"template":"","format":"standard","meta":{"footnotes":""},"categories":[1945],"tags":[2090,3127,1982,6962,2036],"class_list":["post-21831","post","type-post","status-publish","format-standard","has-post-thumbnail","hentry","category-agricultura","tag-agricultura","tag-agro","tag-apicultores","tag-apicultores-registrados","tag-sag"],"yoast_head":"<!-- This site is optimized with the Yoast SEO plugin v26.6 - https:\/\/yoast.com\/wordpress\/plugins\/seo\/ -->\n<title>Destacan trabajo de sala comunitaria de cosecha de miel en Tucapel - Mundoagropecuario<\/title>\n<meta name=\"description\" content=\"En la oportunidad los asociados de esta sala comunitaria dieron a conocer a las autoridades del Agro sus consultas e inquietudes.\" \/>\n<meta name=\"robots\" content=\"index, follow, max-snippet:-1, max-image-preview:large, max-video-preview:-1\" \/>\n<link rel=\"canonical\" href=\"https:\/\/www.mundoagropecuario.cl\/new\/destacan-trabajo-de-sala-comunitaria-de-cosecha-de-miel-en-tucapel\/\" \/>\n<meta property=\"og:locale\" content=\"es_ES\" \/>\n<meta property=\"og:type\" content=\"article\" \/>\n<meta property=\"og:title\" content=\"Destacan trabajo de sala comunitaria de cosecha de miel en Tucapel - Mundoagropecuario\" \/>\n<meta property=\"og:description\" content=\"En la oportunidad los asociados de esta sala comunitaria dieron a conocer a las autoridades del Agro sus consultas e inquietudes.\" \/>\n<meta property=\"og:url\" content=\"https:\/\/www.mundoagropecuario.cl\/new\/destacan-trabajo-de-sala-comunitaria-de-cosecha-de-miel-en-tucapel\/\" \/>\n<meta property=\"og:site_name\" content=\"Mundoagropecuario\" \/>\n<meta property=\"article:publisher\" content=\"https:\/\/www.facebook.com\/mundo.agropecuario.3\" \/>\n<meta property=\"article:published_time\" content=\"2022-05-02T16:16:07+00:00\" \/>\n<meta property=\"article:modified_time\" content=\"2022-05-05T15:03:50+00:00\" \/>\n<meta property=\"og:image\" content=\"https:\/\/www.mundoagropecuario.cl\/new\/wp-content\/uploads\/2022\/05\/Comite\u0301-3.jpg\" \/>\n\t<meta property=\"og:image:width\" content=\"1024\" \/>\n\t<meta property=\"og:image:height\" content=\"509\" \/>\n\t<meta property=\"og:image:type\" content=\"image\/jpeg\" \/>\n<meta name=\"author\" content=\"mundo\" \/>\n<meta name=\"twitter:card\" content=\"summary_large_image\" \/>\n<meta name=\"twitter:creator\" content=\"@MundoAgropecuar\" \/>\n<meta name=\"twitter:site\" content=\"@MundoAgropecuar\" \/>\n<meta name=\"twitter:label1\" content=\"Escrito por\" \/>\n\t<meta name=\"twitter:data1\" content=\"mundo\" \/>\n\t<meta name=\"twitter:label2\" content=\"Tiempo de lectura\" \/>\n\t<meta name=\"twitter:data2\" content=\"3 minutos\" \/>\n<script type=\"application\/ld+json\" class=\"yoast-schema-graph\">{\"@context\":\"https:\/\/schema.org\",\"@graph\":[{\"@type\":\"Article\",\"@id\":\"https:\/\/www.mundoagropecuario.cl\/new\/destacan-trabajo-de-sala-comunitaria-de-cosecha-de-miel-en-tucapel\/#article\",\"isPartOf\":{\"@id\":\"https:\/\/www.mundoagropecuario.cl\/new\/destacan-trabajo-de-sala-comunitaria-de-cosecha-de-miel-en-tucapel\/\"},\"author\":{\"name\":\"mundo\",\"@id\":\"https:\/\/www.mundoagropecuario.cl\/new\/#\/schema\/person\/4e9f74a82a7dac260eb1c44b7eebeb18\"},\"headline\":\"Destacan trabajo de sala comunitaria de cosecha de miel en Tucapel\",\"datePublished\":\"2022-05-02T16:16:07+00:00\",\"dateModified\":\"2022-05-05T15:03:50+00:00\",\"mainEntityOfPage\":{\"@id\":\"https:\/\/www.mundoagropecuario.cl\/new\/destacan-trabajo-de-sala-comunitaria-de-cosecha-de-miel-en-tucapel\/\"},\"wordCount\":451,\"publisher\":{\"@id\":\"https:\/\/www.mundoagropecuario.cl\/new\/#organization\"},\"image\":{\"@id\":\"https:\/\/www.mundoagropecuario.cl\/new\/destacan-trabajo-de-sala-comunitaria-de-cosecha-de-miel-en-tucapel\/#primaryimage\"},\"thumbnailUrl\":\"https:\/\/www.mundoagropecuario.cl\/new\/wp-content\/uploads\/2022\/05\/Comite\u0301-3.jpg\",\"keywords\":[\"Agricultura\",\"Agro\",\"apicultores\",\"apicultores registrados\",\"SAG\"],\"articleSection\":[\"Agricultura\"],\"inLanguage\":\"es\"},{\"@type\":\"WebPage\",\"@id\":\"https:\/\/www.mundoagropecuario.cl\/new\/destacan-trabajo-de-sala-comunitaria-de-cosecha-de-miel-en-tucapel\/\",\"url\":\"https:\/\/www.mundoagropecuario.cl\/new\/destacan-trabajo-de-sala-comunitaria-de-cosecha-de-miel-en-tucapel\/\",\"name\":\"Destacan trabajo de sala comunitaria de cosecha de miel en Tucapel - Mundoagropecuario\",\"isPartOf\":{\"@id\":\"https:\/\/www.mundoagropecuario.cl\/new\/#website\"},\"primaryImageOfPage\":{\"@id\":\"https:\/\/www.mundoagropecuario.cl\/new\/destacan-trabajo-de-sala-comunitaria-de-cosecha-de-miel-en-tucapel\/#primaryimage\"},\"image\":{\"@id\":\"https:\/\/www.mundoagropecuario.cl\/new\/destacan-trabajo-de-sala-comunitaria-de-cosecha-de-miel-en-tucapel\/#primaryimage\"},\"thumbnailUrl\":\"https:\/\/www.mundoagropecuario.cl\/new\/wp-content\/uploads\/2022\/05\/Comite\u0301-3.jpg\",\"datePublished\":\"2022-05-02T16:16:07+00:00\",\"dateModified\":\"2022-05-05T15:03:50+00:00\",\"description\":\"En la oportunidad los asociados de esta sala comunitaria dieron a conocer a las autoridades del Agro sus consultas e inquietudes.\",\"breadcrumb\":{\"@id\":\"https:\/\/www.mundoagropecuario.cl\/new\/destacan-trabajo-de-sala-comunitaria-de-cosecha-de-miel-en-tucapel\/#breadcrumb\"},\"inLanguage\":\"es\",\"potentialAction\":[{\"@type\":\"ReadAction\",\"target\":[\"https:\/\/www.mundoagropecuario.cl\/new\/destacan-trabajo-de-sala-comunitaria-de-cosecha-de-miel-en-tucapel\/\"]}]},{\"@type\":\"ImageObject\",\"inLanguage\":\"es\",\"@id\":\"https:\/\/www.mundoagropecuario.cl\/new\/destacan-trabajo-de-sala-comunitaria-de-cosecha-de-miel-en-tucapel\/#primaryimage\",\"url\":\"https:\/\/www.mundoagropecuario.cl\/new\/wp-content\/uploads\/2022\/05\/Comite\u0301-3.jpg\",\"contentUrl\":\"https:\/\/www.mundoagropecuario.cl\/new\/wp-content\/uploads\/2022\/05\/Comite\u0301-3.jpg\",\"width\":720,\"height\":358},{\"@type\":\"BreadcrumbList\",\"@id\":\"https:\/\/www.mundoagropecuario.cl\/new\/destacan-trabajo-de-sala-comunitaria-de-cosecha-de-miel-en-tucapel\/#breadcrumb\",\"itemListElement\":[{\"@type\":\"ListItem\",\"position\":1,\"name\":\"Portada\",\"item\":\"https:\/\/www.mundoagropecuario.cl\/new\/\"},{\"@type\":\"ListItem\",\"position\":2,\"name\":\"Destacan trabajo de sala comunitaria de cosecha de miel en Tucapel\"}]},{\"@type\":\"WebSite\",\"@id\":\"https:\/\/www.mundoagropecuario.cl\/new\/#website\",\"url\":\"https:\/\/www.mundoagropecuario.cl\/new\/\",\"name\":\"Mundoagropecuario\",\"description\":\"Mundo Agropecuario\",\"publisher\":{\"@id\":\"https:\/\/www.mundoagropecuario.cl\/new\/#organization\"},\"potentialAction\":[{\"@type\":\"SearchAction\",\"target\":{\"@type\":\"EntryPoint\",\"urlTemplate\":\"https:\/\/www.mundoagropecuario.cl\/new\/?s={search_term_string}\"},\"query-input\":{\"@type\":\"PropertyValueSpecification\",\"valueRequired\":true,\"valueName\":\"search_term_string\"}}],\"inLanguage\":\"es\"},{\"@type\":\"Organization\",\"@id\":\"https:\/\/www.mundoagropecuario.cl\/new\/#organization\",\"name\":\"Revista de Agricultura\",\"url\":\"https:\/\/www.mundoagropecuario.cl\/new\/\",\"logo\":{\"@type\":\"ImageObject\",\"inLanguage\":\"es\",\"@id\":\"https:\/\/www.mundoagropecuario.cl\/new\/#\/schema\/logo\/image\/\",\"url\":\"https:\/\/www.mundoagropecuario.cl\/new\/wp-content\/uploads\/2020\/11\/PORTAL-1-1.png\",\"contentUrl\":\"https:\/\/www.mundoagropecuario.cl\/new\/wp-content\/uploads\/2020\/11\/PORTAL-1-1.png\",\"width\":1026,\"height\":100,\"caption\":\"Revista de Agricultura\"},\"image\":{\"@id\":\"https:\/\/www.mundoagropecuario.cl\/new\/#\/schema\/logo\/image\/\"},\"sameAs\":[\"https:\/\/www.facebook.com\/mundo.agropecuario.3\",\"https:\/\/x.com\/MundoAgropecuar\",\"https:\/\/www.linkedin.com\/in\/mundo-agropecuario-934009201\/\"]},{\"@type\":\"Person\",\"@id\":\"https:\/\/www.mundoagropecuario.cl\/new\/#\/schema\/person\/4e9f74a82a7dac260eb1c44b7eebeb18\",\"name\":\"mundo\",\"url\":\"https:\/\/www.mundoagropecuario.cl\/new\/author\/mundo\/\"}]}<\/script>\n<!-- \/ Yoast SEO plugin. -->","yoast_head_json":{"title":"Destacan trabajo de sala comunitaria de cosecha de miel en Tucapel - Mundoagropecuario","description":"En la oportunidad los asociados de esta sala comunitaria dieron a conocer a las autoridades del Agro sus consultas e inquietudes.","robots":{"index":"index","follow":"follow","max-snippet":"max-snippet:-1","max-image-preview":"max-image-preview:large","max-video-preview":"max-video-preview:-1"},"canonical":"https:\/\/www.mundoagropecuario.cl\/new\/destacan-trabajo-de-sala-comunitaria-de-cosecha-de-miel-en-tucapel\/","og_locale":"es_ES","og_type":"article","og_title":"Destacan trabajo de sala comunitaria de cosecha de miel en Tucapel - Mundoagropecuario","og_description":"En la oportunidad los asociados de esta sala comunitaria dieron a conocer a las autoridades del Agro sus consultas e inquietudes.","og_url":"https:\/\/www.mundoagropecuario.cl\/new\/destacan-trabajo-de-sala-comunitaria-de-cosecha-de-miel-en-tucapel\/","og_site_name":"Mundoagropecuario","article_publisher":"https:\/\/www.facebook.com\/mundo.agropecuario.3","article_published_time":"2022-05-02T16:16:07+00:00","article_modified_time":"2022-05-05T15:03:50+00:00","og_image":[{"width":1024,"height":509,"url":"https:\/\/www.mundoagropecuario.cl\/new\/wp-content\/uploads\/2022\/05\/Comite\u0301-3.jpg","type":"image\/jpeg"}],"author":"mundo","twitter_card":"summary_large_image","twitter_creator":"@MundoAgropecuar","twitter_site":"@MundoAgropecuar","twitter_misc":{"Escrito por":"mundo","Tiempo de lectura":"3 minutos"},"schema":{"@context":"https:\/\/schema.org","@graph":[{"@type":"Article","@id":"https:\/\/www.mundoagropecuario.cl\/new\/destacan-trabajo-de-sala-comunitaria-de-cosecha-de-miel-en-tucapel\/#article","isPartOf":{"@id":"https:\/\/www.mundoagropecuario.cl\/new\/destacan-trabajo-de-sala-comunitaria-de-cosecha-de-miel-en-tucapel\/"},"author":{"name":"mundo","@id":"https:\/\/www.mundoagropecuario.cl\/new\/#\/schema\/person\/4e9f74a82a7dac260eb1c44b7eebeb18"},"headline":"Destacan trabajo de sala comunitaria de cosecha de miel en Tucapel","datePublished":"2022-05-02T16:16:07+00:00","dateModified":"2022-05-05T15:03:50+00:00","mainEntityOfPage":{"@id":"https:\/\/www.mundoagropecuario.cl\/new\/destacan-trabajo-de-sala-comunitaria-de-cosecha-de-miel-en-tucapel\/"},"wordCount":451,"publisher":{"@id":"https:\/\/www.mundoagropecuario.cl\/new\/#organization"},"image":{"@id":"https:\/\/www.mundoagropecuario.cl\/new\/destacan-trabajo-de-sala-comunitaria-de-cosecha-de-miel-en-tucapel\/#primaryimage"},"thumbnailUrl":"https:\/\/www.mundoagropecuario.cl\/new\/wp-content\/uploads\/2022\/05\/Comite\u0301-3.jpg","keywords":["Agricultura","Agro","apicultores","apicultores registrados","SAG"],"articleSection":["Agricultura"],"inLanguage":"es"},{"@type":"WebPage","@id":"https:\/\/www.mundoagropecuario.cl\/new\/destacan-trabajo-de-sala-comunitaria-de-cosecha-de-miel-en-tucapel\/","url":"https:\/\/www.mundoagropecuario.cl\/new\/destacan-trabajo-de-sala-comunitaria-de-cosecha-de-miel-en-tucapel\/","name":"Destacan trabajo de sala comunitaria de cosecha de miel en Tucapel - Mundoagropecuario","isPartOf":{"@id":"https:\/\/www.mundoagropecuario.cl\/new\/#website"},"primaryImageOfPage":{"@id":"https:\/\/www.mundoagropecuario.cl\/new\/destacan-trabajo-de-sala-comunitaria-de-cosecha-de-miel-en-tucapel\/#primaryimage"},"image":{"@id":"https:\/\/www.mundoagropecuario.cl\/new\/destacan-trabajo-de-sala-comunitaria-de-cosecha-de-miel-en-tucapel\/#primaryimage"},"thumbnailUrl":"https:\/\/www.mundoagropecuario.cl\/new\/wp-content\/uploads\/2022\/05\/Comite\u0301-3.jpg","datePublished":"2022-05-02T16:16:07+00:00","dateModified":"2022-05-05T15:03:50+00:00","description":"En la oportunidad los asociados de esta sala comunitaria dieron a conocer a las autoridades del Agro sus consultas e inquietudes.","breadcrumb":{"@id":"https:\/\/www.mundoagropecuario.cl\/new\/destacan-trabajo-de-sala-comunitaria-de-cosecha-de-miel-en-tucapel\/#breadcrumb"},"inLanguage":"es","potentialAction":[{"@type":"ReadAction","target":["https:\/\/www.mundoagropecuario.cl\/new\/destacan-trabajo-de-sala-comunitaria-de-cosecha-de-miel-en-tucapel\/"]}]},{"@type":"ImageObject","inLanguage":"es","@id":"https:\/\/www.mundoagropecuario.cl\/new\/destacan-trabajo-de-sala-comunitaria-de-cosecha-de-miel-en-tucapel\/#primaryimage","url":"https:\/\/www.mundoagropecuario.cl\/new\/wp-content\/uploads\/2022\/05\/Comite\u0301-3.jpg","contentUrl":"https:\/\/www.mundoagropecuario.cl\/new\/wp-content\/uploads\/2022\/05\/Comite\u0301-3.jpg","width":720,"height":358},{"@type":"BreadcrumbList","@id":"https:\/\/www.mundoagropecuario.cl\/new\/destacan-trabajo-de-sala-comunitaria-de-cosecha-de-miel-en-tucapel\/#breadcrumb","itemListElement":[{"@type":"ListItem","position":1,"name":"Portada","item":"https:\/\/www.mundoagropecuario.cl\/new\/"},{"@type":"ListItem","position":2,"name":"Destacan trabajo de sala comunitaria de cosecha de miel en Tucapel"}]},{"@type":"WebSite","@id":"https:\/\/www.mundoagropecuario.cl\/new\/#website","url":"https:\/\/www.mundoagropecuario.cl\/new\/","name":"Mundoagropecuario","description":"Mundo Agropecuario","publisher":{"@id":"https:\/\/www.mundoagropecuario.cl\/new\/#organization"},"potentialAction":[{"@type":"SearchAction","target":{"@type":"EntryPoint","urlTemplate":"https:\/\/www.mundoagropecuario.cl\/new\/?s={search_term_string}"},"query-input":{"@type":"PropertyValueSpecification","valueRequired":true,"valueName":"search_term_string"}}],"inLanguage":"es"},{"@type":"Organization","@id":"https:\/\/www.mundoagropecuario.cl\/new\/#organization","name":"Revista de Agricultura","url":"https:\/\/www.mundoagropecuario.cl\/new\/","logo":{"@type":"ImageObject","inLanguage":"es","@id":"https:\/\/www.mundoagropecuario.cl\/new\/#\/schema\/logo\/image\/","url":"https:\/\/www.mundoagropecuario.cl\/new\/wp-content\/uploads\/2020\/11\/PORTAL-1-1.png","contentUrl":"https:\/\/www.mundoagropecuario.cl\/new\/wp-content\/uploads\/2020\/11\/PORTAL-1-1.png","width":1026,"height":100,"caption":"Revista de Agricultura"},"image":{"@id":"https:\/\/www.mundoagropecuario.cl\/new\/#\/schema\/logo\/image\/"},"sameAs":["https:\/\/www.facebook.com\/mundo.agropecuario.3","https:\/\/x.com\/MundoAgropecuar","https:\/\/www.linkedin.com\/in\/mundo-agropecuario-934009201\/"]},{"@type":"Person","@id":"https:\/\/www.mundoagropecuario.cl\/new\/#\/schema\/person\/4e9f74a82a7dac260eb1c44b7eebeb18","name":"mundo","url":"https:\/\/www.mundoagropecuario.cl\/new\/author\/mundo\/"}]}},"_links":{"self":[{"href":"https:\/\/www.mundoagropecuario.cl\/new\/wp-json\/wp\/v2\/posts\/21831","targetHints":{"allow":["GET"]}}],"collection":[{"href":"https:\/\/www.mundoagropecuario.cl\/new\/wp-json\/wp\/v2\/posts"}],"about":[{"href":"https:\/\/www.mundoagropecuario.cl\/new\/wp-json\/wp\/v2\/types\/post"}],"author":[{"embeddable":true,"href":"https:\/\/www.mundoagropecuario.cl\/new\/wp-json\/wp\/v2\/users\/2"}],"replies":[{"embeddable":true,"href":"https:\/\/www.mundoagropecuario.cl\/new\/wp-json\/wp\/v2\/comments?post=21831"}],"version-history":[{"count":1,"href":"https:\/\/www.mundoagropecuario.cl\/new\/wp-json\/wp\/v2\/posts\/21831\/revisions"}],"predecessor-version":[{"id":21834,"href":"https:\/\/www.mundoagropecuario.cl\/new\/wp-json\/wp\/v2\/posts\/21831\/revisions\/21834"}],"wp:featuredmedia":[{"embeddable":true,"href":"https:\/\/www.mundoagropecuario.cl\/new\/wp-json\/wp\/v2\/media\/21833"}],"wp:attachment":[{"href":"https:\/\/www.mundoagropecuario.cl\/new\/wp-json\/wp\/v2\/media?parent=21831"}],"wp:term":[{"taxonomy":"category","embeddable":true,"href":"https:\/\/www.mundoagropecuario.cl\/new\/wp-json\/wp\/v2\/categories?post=21831"},{"taxonomy":"post_tag","embeddable":true,"href":"https:\/\/www.mundoagropecuario.cl\/new\/wp-json\/wp\/v2\/tags?post=21831"}],"curies":[{"name":"wp","href":"https:\/\/api.w.org\/{rel}","templated":true}]}}