{"id":21645,"date":"2022-04-08T12:02:42","date_gmt":"2022-04-08T15:02:42","guid":{"rendered":"https:\/\/www.mundoagropecuario.cl\/new\/?p=21645"},"modified":"2022-04-13T12:38:16","modified_gmt":"2022-04-13T15:38:16","slug":"destacada-participacion-de-inia-en-el-xviii-seminario-internacional-blueberries-chile-2022","status":"publish","type":"post","link":"https:\/\/www.mundoagropecuario.cl\/new\/destacada-participacion-de-inia-en-el-xviii-seminario-internacional-blueberries-chile-2022\/","title":{"rendered":"Destacada participaci\u00f3n de INIA en el XVIII Seminario Internacional Blueberries Chile 2022"},"content":{"rendered":"<blockquote>\n<h2><span style=\"color: #333300;\">Con la presencia del Ministro de Agricultura, Esteban Valenzuela, y la Directora Nacional del Instituto de Investigaciones Agropecuarias (INIA), Iris Lobos, parti\u00f3 la jornada internacional de la industria, que convoc\u00f3 a todos los actores del rubro.<\/span><\/h2>\n<\/blockquote>\n<p>Los nuevos desaf\u00edos para la producci\u00f3n del ar\u00e1ndano nacional y una demanda en constante crecimiento, fueron abordados por asociaciones de productores, expertos nacionales e internacionales y las nuevas autoridades del Ministerio de Agricultura y el INIA.<\/p>\n<p>\u201cEs muy importante que Chile est\u00e9 entre los cinco productores mundiales de ar\u00e1ndanos porque es un alimento muy sano y con gran cantidad de antioxidantes. Hay que lograr que esta industria crezca de manera sustentable, con trazabilidad h\u00eddrica, respetando las normas en los valles, con diversidad y con mucho apoyo a la agricultura familiar campesina\u201d, se\u00f1al\u00f3 el Ministro de Agricultura, Esteban Valenzuela.<\/p>\n<p>Para los expositores del seminario, el ar\u00e1ndano atraviesa un per\u00edodo de grandes desaf\u00edos y dificultades, observadas en una temporada con altos costos de producci\u00f3n, falta de mano de obra, problemas de log\u00edstica en los puertos durante la pandemia y dificultades para la fruta, producto de los largos viajes a destino, entre otros.<\/p>\n<p><a href=\"https:\/\/www.mundoagropecuario.cl\/new\/wp-content\/uploads\/2022\/04\/INIA-FOTO_1-scaled.jpeg\"><img loading=\"lazy\" decoding=\"async\" class=\" wp-image-21646 alignleft\" src=\"https:\/\/www.mundoagropecuario.cl\/new\/wp-content\/uploads\/2022\/04\/INIA-FOTO_1-586x440.jpeg\" alt=\"\" width=\"484\" height=\"403\" \/><\/a>Sin embargo, para la Directora Nacional de INIA, Dra. Iris Lobos, \u201caqu\u00ed tenemos desaf\u00edos y oportunidades, como el tiempo de llegada a destino, donde INIA ha impulsado investigaciones muy interesantes, a trav\u00e9s de temas de postcosecha y envases inteligentes, informaci\u00f3n trabajada con peque\u00f1os y medianos agricultores, mediante paquetes tecnol\u00f3gicos y acompa\u00f1amiento en la adopci\u00f3n de la tecnolog\u00eda\u201d.<\/p>\n<p>Adem\u00e1s de las dificultades de temporada, Jorge Esquivel, Ingeniero agr\u00f3nomo y miembro de Blueberries Consulting, organizador del evento, manifest\u00f3 que \u201cnos encontramos en un nuevo escenario de la industria a nivel global. Hoy son m\u00e1s los pa\u00edses que se han integrado a la producci\u00f3n y comercializaci\u00f3n del ar\u00e1ndano en el mundo, con nuevas variedades que facilitan la producci\u00f3n y mejoran la calidad de la fruta, pero queremos destacar que somos una industria a la vanguardia y que ha transitado por el camino de la sustentabilidad, de la responsabilidad por el medio ambiente y que nunca se ha apartado de la mano de la ciencia y de la investigaci\u00f3n para su desarrollo\u201d<\/p>\n<p>La participaci\u00f3n de expertos, acad\u00e9micos e investigadores nacionales e internacionales de la Universidad de Florida, Universidad de Oregon, Servicio Regional de Investigaci\u00f3n y Desarrollo SERIDA y Universidad de Chile, permitieron conocer otros aspectos relevantes en esta materia, relacionados con las proyecciones y la situaci\u00f3n actual de este fruto.<\/p>\n<p><strong><span style=\"color: #333300;\">Contribuci\u00f3n al sector<\/span><\/strong><\/p>\n<p>El INIA se ha relacionado con la industria del ar\u00e1ndano, participando en su introducci\u00f3n al pa\u00eds en la d\u00e9cada de los 80\u2019 y aportando desde sus centros regionales en diversos aspectos, como el control de plagas y enfermedades, nutrici\u00f3n mineral, postcosecha y el manejo de variedades, entre otros, incorporando el componente de investigaci\u00f3n y extensi\u00f3n para productores y exportadores.<\/p>\n<p>La permanente preocupaci\u00f3n y trabajos que desarrolla fueron dados a conocer durante la jornada, a trav\u00e9s de los avances en investigaciones, como \u201cMejoramiento de la calidad de frutos de ar\u00e1ndano en condiciones de estr\u00e9s h\u00eddrico mediante el uso de inductores\u201d, del investigador y encargado del Programa de Fitomejoramiento y Fitotecnia en Berries de INIA, Cristian Balbont\u00edn, y \u201cAtributos de calidad en ar\u00e1ndanos y su relaci\u00f3n con el uso de complementos nutricionales\u201d del investigador y consultor internacional de INIA, del investigador Juan Hirzel.<\/p>\n<p>En relaci\u00f3n a las proyecciones y nuevos lineamientos de INIA, su Directora Nacional enfatiz\u00f3 que \u201cvamos a trabajar fuertemente en estr\u00e9s h\u00eddrico y crisis clim\u00e1tica, enfocado en todos los rubros que tenemos como INIA, porque hay un mandato del ministerio que nos motiva a transferir la tecnolog\u00eda y los estudios que hemos estado haciendo para ponerlos en valor con los productores\u201d.<\/p>\n<p>Toda la informaci\u00f3n del seminario puede ser revisada en el <a href=\"https:\/\/blueberriesconsulting.com\">siguiente link\u00a0<\/a><\/p>\n","protected":false},"excerpt":{"rendered":"<p>Con la participaci\u00f3n de expertos, acad\u00e9micos e investigadores nacionales e internacionales, permitieron conocer otros aspectos relevante de este fruto.<\/p>\n","protected":false},"author":2,"featured_media":21647,"comment_status":"closed","ping_status":"closed","sticky":false,"template":"","format":"standard","meta":{"footnotes":""},"categories":[1986],"tags":[4175,2090,4494,6860,6742,2052,5647,5749,2293],"class_list":["post-21645","post","type-post","status-publish","format-standard","has-post-thumbnail","hentry","category-frutas","tag-inia-2","tag-agricultura","tag-agropecuario","tag-blueberries","tag-esteban-valenzuela","tag-inia","tag-iris-lobos","tag-miangri","tag-ministro-de-agricultura"],"yoast_head":"<!-- This site is optimized with the Yoast SEO plugin v26.6 - https:\/\/yoast.com\/wordpress\/plugins\/seo\/ -->\n<title>Destacada participaci\u00f3n de INIA en el XVIII Seminario Internacional Blueberries Chile 2022 - Mundoagropecuario<\/title>\n<meta name=\"description\" content=\"Con La participaci\u00f3n de expertos, acad\u00e9micos e investigadores nacionales e internacionales, permitieron conocer mas este fruto.\" \/>\n<meta name=\"robots\" content=\"index, follow, max-snippet:-1, max-image-preview:large, max-video-preview:-1\" \/>\n<link rel=\"canonical\" href=\"https:\/\/www.mundoagropecuario.cl\/new\/destacada-participacion-de-inia-en-el-xviii-seminario-internacional-blueberries-chile-2022\/\" \/>\n<meta property=\"og:locale\" content=\"es_ES\" \/>\n<meta property=\"og:type\" content=\"article\" \/>\n<meta property=\"og:title\" content=\"Destacada participaci\u00f3n de INIA en el XVIII Seminario Internacional Blueberries Chile 2022 - Mundoagropecuario\" \/>\n<meta property=\"og:description\" content=\"Con La participaci\u00f3n de expertos, acad\u00e9micos e investigadores nacionales e internacionales, permitieron conocer mas este fruto.\" \/>\n<meta property=\"og:url\" content=\"https:\/\/www.mundoagropecuario.cl\/new\/destacada-participacion-de-inia-en-el-xviii-seminario-internacional-blueberries-chile-2022\/\" \/>\n<meta property=\"og:site_name\" content=\"Mundoagropecuario\" \/>\n<meta property=\"article:publisher\" content=\"https:\/\/www.facebook.com\/mundo.agropecuario.3\" \/>\n<meta property=\"article:published_time\" content=\"2022-04-08T15:02:42+00:00\" \/>\n<meta property=\"article:modified_time\" content=\"2022-04-13T15:38:16+00:00\" \/>\n<meta property=\"og:image\" content=\"https:\/\/www.mundoagropecuario.cl\/new\/wp-content\/uploads\/2022\/04\/INIA-FOTO_2.jpeg\" \/>\n\t<meta property=\"og:image:width\" content=\"640\" \/>\n\t<meta property=\"og:image:height\" content=\"479\" \/>\n\t<meta property=\"og:image:type\" content=\"image\/jpeg\" \/>\n<meta name=\"author\" content=\"mundo\" \/>\n<meta name=\"twitter:card\" content=\"summary_large_image\" \/>\n<meta name=\"twitter:creator\" content=\"@MundoAgropecuar\" \/>\n<meta name=\"twitter:site\" content=\"@MundoAgropecuar\" \/>\n<meta name=\"twitter:label1\" content=\"Escrito por\" \/>\n\t<meta name=\"twitter:data1\" content=\"mundo\" \/>\n\t<meta name=\"twitter:label2\" content=\"Tiempo de lectura\" \/>\n\t<meta name=\"twitter:data2\" content=\"3 minutos\" \/>\n<script type=\"application\/ld+json\" class=\"yoast-schema-graph\">{\"@context\":\"https:\/\/schema.org\",\"@graph\":[{\"@type\":\"Article\",\"@id\":\"https:\/\/www.mundoagropecuario.cl\/new\/destacada-participacion-de-inia-en-el-xviii-seminario-internacional-blueberries-chile-2022\/#article\",\"isPartOf\":{\"@id\":\"https:\/\/www.mundoagropecuario.cl\/new\/destacada-participacion-de-inia-en-el-xviii-seminario-internacional-blueberries-chile-2022\/\"},\"author\":{\"name\":\"mundo\",\"@id\":\"https:\/\/www.mundoagropecuario.cl\/new\/#\/schema\/person\/4e9f74a82a7dac260eb1c44b7eebeb18\"},\"headline\":\"Destacada participaci\u00f3n de INIA en el XVIII Seminario Internacional Blueberries Chile 2022\",\"datePublished\":\"2022-04-08T15:02:42+00:00\",\"dateModified\":\"2022-04-13T15:38:16+00:00\",\"mainEntityOfPage\":{\"@id\":\"https:\/\/www.mundoagropecuario.cl\/new\/destacada-participacion-de-inia-en-el-xviii-seminario-internacional-blueberries-chile-2022\/\"},\"wordCount\":684,\"publisher\":{\"@id\":\"https:\/\/www.mundoagropecuario.cl\/new\/#organization\"},\"image\":{\"@id\":\"https:\/\/www.mundoagropecuario.cl\/new\/destacada-participacion-de-inia-en-el-xviii-seminario-internacional-blueberries-chile-2022\/#primaryimage\"},\"thumbnailUrl\":\"https:\/\/www.mundoagropecuario.cl\/new\/wp-content\/uploads\/2022\/04\/INIA-FOTO_2.jpeg\",\"keywords\":[\"(INIA)\",\"Agricultura\",\"Agropecuario\",\"Blueberries\",\"Esteban Valenzuela\",\"INIA\",\"Iris Lobos\",\"Miangri\",\"Ministro de Agricultura\"],\"articleSection\":[\"Frutas\"],\"inLanguage\":\"es\"},{\"@type\":\"WebPage\",\"@id\":\"https:\/\/www.mundoagropecuario.cl\/new\/destacada-participacion-de-inia-en-el-xviii-seminario-internacional-blueberries-chile-2022\/\",\"url\":\"https:\/\/www.mundoagropecuario.cl\/new\/destacada-participacion-de-inia-en-el-xviii-seminario-internacional-blueberries-chile-2022\/\",\"name\":\"Destacada participaci\u00f3n de INIA en el XVIII Seminario Internacional Blueberries Chile 2022 - Mundoagropecuario\",\"isPartOf\":{\"@id\":\"https:\/\/www.mundoagropecuario.cl\/new\/#website\"},\"primaryImageOfPage\":{\"@id\":\"https:\/\/www.mundoagropecuario.cl\/new\/destacada-participacion-de-inia-en-el-xviii-seminario-internacional-blueberries-chile-2022\/#primaryimage\"},\"image\":{\"@id\":\"https:\/\/www.mundoagropecuario.cl\/new\/destacada-participacion-de-inia-en-el-xviii-seminario-internacional-blueberries-chile-2022\/#primaryimage\"},\"thumbnailUrl\":\"https:\/\/www.mundoagropecuario.cl\/new\/wp-content\/uploads\/2022\/04\/INIA-FOTO_2.jpeg\",\"datePublished\":\"2022-04-08T15:02:42+00:00\",\"dateModified\":\"2022-04-13T15:38:16+00:00\",\"description\":\"Con La participaci\u00f3n de expertos, acad\u00e9micos e investigadores nacionales e internacionales, permitieron conocer mas este fruto.\",\"breadcrumb\":{\"@id\":\"https:\/\/www.mundoagropecuario.cl\/new\/destacada-participacion-de-inia-en-el-xviii-seminario-internacional-blueberries-chile-2022\/#breadcrumb\"},\"inLanguage\":\"es\",\"potentialAction\":[{\"@type\":\"ReadAction\",\"target\":[\"https:\/\/www.mundoagropecuario.cl\/new\/destacada-participacion-de-inia-en-el-xviii-seminario-internacional-blueberries-chile-2022\/\"]}]},{\"@type\":\"ImageObject\",\"inLanguage\":\"es\",\"@id\":\"https:\/\/www.mundoagropecuario.cl\/new\/destacada-participacion-de-inia-en-el-xviii-seminario-internacional-blueberries-chile-2022\/#primaryimage\",\"url\":\"https:\/\/www.mundoagropecuario.cl\/new\/wp-content\/uploads\/2022\/04\/INIA-FOTO_2.jpeg\",\"contentUrl\":\"https:\/\/www.mundoagropecuario.cl\/new\/wp-content\/uploads\/2022\/04\/INIA-FOTO_2.jpeg\",\"width\":534,\"height\":400},{\"@type\":\"BreadcrumbList\",\"@id\":\"https:\/\/www.mundoagropecuario.cl\/new\/destacada-participacion-de-inia-en-el-xviii-seminario-internacional-blueberries-chile-2022\/#breadcrumb\",\"itemListElement\":[{\"@type\":\"ListItem\",\"position\":1,\"name\":\"Portada\",\"item\":\"https:\/\/www.mundoagropecuario.cl\/new\/\"},{\"@type\":\"ListItem\",\"position\":2,\"name\":\"Destacada participaci\u00f3n de INIA en el XVIII Seminario Internacional Blueberries Chile 2022\"}]},{\"@type\":\"WebSite\",\"@id\":\"https:\/\/www.mundoagropecuario.cl\/new\/#website\",\"url\":\"https:\/\/www.mundoagropecuario.cl\/new\/\",\"name\":\"Mundoagropecuario\",\"description\":\"Mundo Agropecuario\",\"publisher\":{\"@id\":\"https:\/\/www.mundoagropecuario.cl\/new\/#organization\"},\"potentialAction\":[{\"@type\":\"SearchAction\",\"target\":{\"@type\":\"EntryPoint\",\"urlTemplate\":\"https:\/\/www.mundoagropecuario.cl\/new\/?s={search_term_string}\"},\"query-input\":{\"@type\":\"PropertyValueSpecification\",\"valueRequired\":true,\"valueName\":\"search_term_string\"}}],\"inLanguage\":\"es\"},{\"@type\":\"Organization\",\"@id\":\"https:\/\/www.mundoagropecuario.cl\/new\/#organization\",\"name\":\"Revista de Agricultura\",\"url\":\"https:\/\/www.mundoagropecuario.cl\/new\/\",\"logo\":{\"@type\":\"ImageObject\",\"inLanguage\":\"es\",\"@id\":\"https:\/\/www.mundoagropecuario.cl\/new\/#\/schema\/logo\/image\/\",\"url\":\"https:\/\/www.mundoagropecuario.cl\/new\/wp-content\/uploads\/2020\/11\/PORTAL-1-1.png\",\"contentUrl\":\"https:\/\/www.mundoagropecuario.cl\/new\/wp-content\/uploads\/2020\/11\/PORTAL-1-1.png\",\"width\":1026,\"height\":100,\"caption\":\"Revista de Agricultura\"},\"image\":{\"@id\":\"https:\/\/www.mundoagropecuario.cl\/new\/#\/schema\/logo\/image\/\"},\"sameAs\":[\"https:\/\/www.facebook.com\/mundo.agropecuario.3\",\"https:\/\/x.com\/MundoAgropecuar\",\"https:\/\/www.linkedin.com\/in\/mundo-agropecuario-934009201\/\"]},{\"@type\":\"Person\",\"@id\":\"https:\/\/www.mundoagropecuario.cl\/new\/#\/schema\/person\/4e9f74a82a7dac260eb1c44b7eebeb18\",\"name\":\"mundo\",\"url\":\"https:\/\/www.mundoagropecuario.cl\/new\/author\/mundo\/\"}]}<\/script>\n<!-- \/ Yoast SEO plugin. -->","yoast_head_json":{"title":"Destacada participaci\u00f3n de INIA en el XVIII Seminario Internacional Blueberries Chile 2022 - Mundoagropecuario","description":"Con La participaci\u00f3n de expertos, acad\u00e9micos e investigadores nacionales e internacionales, permitieron conocer mas este fruto.","robots":{"index":"index","follow":"follow","max-snippet":"max-snippet:-1","max-image-preview":"max-image-preview:large","max-video-preview":"max-video-preview:-1"},"canonical":"https:\/\/www.mundoagropecuario.cl\/new\/destacada-participacion-de-inia-en-el-xviii-seminario-internacional-blueberries-chile-2022\/","og_locale":"es_ES","og_type":"article","og_title":"Destacada participaci\u00f3n de INIA en el XVIII Seminario Internacional Blueberries Chile 2022 - Mundoagropecuario","og_description":"Con La participaci\u00f3n de expertos, acad\u00e9micos e investigadores nacionales e internacionales, permitieron conocer mas este fruto.","og_url":"https:\/\/www.mundoagropecuario.cl\/new\/destacada-participacion-de-inia-en-el-xviii-seminario-internacional-blueberries-chile-2022\/","og_site_name":"Mundoagropecuario","article_publisher":"https:\/\/www.facebook.com\/mundo.agropecuario.3","article_published_time":"2022-04-08T15:02:42+00:00","article_modified_time":"2022-04-13T15:38:16+00:00","og_image":[{"width":640,"height":479,"url":"https:\/\/www.mundoagropecuario.cl\/new\/wp-content\/uploads\/2022\/04\/INIA-FOTO_2.jpeg","type":"image\/jpeg"}],"author":"mundo","twitter_card":"summary_large_image","twitter_creator":"@MundoAgropecuar","twitter_site":"@MundoAgropecuar","twitter_misc":{"Escrito por":"mundo","Tiempo de lectura":"3 minutos"},"schema":{"@context":"https:\/\/schema.org","@graph":[{"@type":"Article","@id":"https:\/\/www.mundoagropecuario.cl\/new\/destacada-participacion-de-inia-en-el-xviii-seminario-internacional-blueberries-chile-2022\/#article","isPartOf":{"@id":"https:\/\/www.mundoagropecuario.cl\/new\/destacada-participacion-de-inia-en-el-xviii-seminario-internacional-blueberries-chile-2022\/"},"author":{"name":"mundo","@id":"https:\/\/www.mundoagropecuario.cl\/new\/#\/schema\/person\/4e9f74a82a7dac260eb1c44b7eebeb18"},"headline":"Destacada participaci\u00f3n de INIA en el XVIII Seminario Internacional Blueberries Chile 2022","datePublished":"2022-04-08T15:02:42+00:00","dateModified":"2022-04-13T15:38:16+00:00","mainEntityOfPage":{"@id":"https:\/\/www.mundoagropecuario.cl\/new\/destacada-participacion-de-inia-en-el-xviii-seminario-internacional-blueberries-chile-2022\/"},"wordCount":684,"publisher":{"@id":"https:\/\/www.mundoagropecuario.cl\/new\/#organization"},"image":{"@id":"https:\/\/www.mundoagropecuario.cl\/new\/destacada-participacion-de-inia-en-el-xviii-seminario-internacional-blueberries-chile-2022\/#primaryimage"},"thumbnailUrl":"https:\/\/www.mundoagropecuario.cl\/new\/wp-content\/uploads\/2022\/04\/INIA-FOTO_2.jpeg","keywords":["(INIA)","Agricultura","Agropecuario","Blueberries","Esteban Valenzuela","INIA","Iris Lobos","Miangri","Ministro de Agricultura"],"articleSection":["Frutas"],"inLanguage":"es"},{"@type":"WebPage","@id":"https:\/\/www.mundoagropecuario.cl\/new\/destacada-participacion-de-inia-en-el-xviii-seminario-internacional-blueberries-chile-2022\/","url":"https:\/\/www.mundoagropecuario.cl\/new\/destacada-participacion-de-inia-en-el-xviii-seminario-internacional-blueberries-chile-2022\/","name":"Destacada participaci\u00f3n de INIA en el XVIII Seminario Internacional Blueberries Chile 2022 - Mundoagropecuario","isPartOf":{"@id":"https:\/\/www.mundoagropecuario.cl\/new\/#website"},"primaryImageOfPage":{"@id":"https:\/\/www.mundoagropecuario.cl\/new\/destacada-participacion-de-inia-en-el-xviii-seminario-internacional-blueberries-chile-2022\/#primaryimage"},"image":{"@id":"https:\/\/www.mundoagropecuario.cl\/new\/destacada-participacion-de-inia-en-el-xviii-seminario-internacional-blueberries-chile-2022\/#primaryimage"},"thumbnailUrl":"https:\/\/www.mundoagropecuario.cl\/new\/wp-content\/uploads\/2022\/04\/INIA-FOTO_2.jpeg","datePublished":"2022-04-08T15:02:42+00:00","dateModified":"2022-04-13T15:38:16+00:00","description":"Con La participaci\u00f3n de expertos, acad\u00e9micos e investigadores nacionales e internacionales, permitieron conocer mas este fruto.","breadcrumb":{"@id":"https:\/\/www.mundoagropecuario.cl\/new\/destacada-participacion-de-inia-en-el-xviii-seminario-internacional-blueberries-chile-2022\/#breadcrumb"},"inLanguage":"es","potentialAction":[{"@type":"ReadAction","target":["https:\/\/www.mundoagropecuario.cl\/new\/destacada-participacion-de-inia-en-el-xviii-seminario-internacional-blueberries-chile-2022\/"]}]},{"@type":"ImageObject","inLanguage":"es","@id":"https:\/\/www.mundoagropecuario.cl\/new\/destacada-participacion-de-inia-en-el-xviii-seminario-internacional-blueberries-chile-2022\/#primaryimage","url":"https:\/\/www.mundoagropecuario.cl\/new\/wp-content\/uploads\/2022\/04\/INIA-FOTO_2.jpeg","contentUrl":"https:\/\/www.mundoagropecuario.cl\/new\/wp-content\/uploads\/2022\/04\/INIA-FOTO_2.jpeg","width":534,"height":400},{"@type":"BreadcrumbList","@id":"https:\/\/www.mundoagropecuario.cl\/new\/destacada-participacion-de-inia-en-el-xviii-seminario-internacional-blueberries-chile-2022\/#breadcrumb","itemListElement":[{"@type":"ListItem","position":1,"name":"Portada","item":"https:\/\/www.mundoagropecuario.cl\/new\/"},{"@type":"ListItem","position":2,"name":"Destacada participaci\u00f3n de INIA en el XVIII Seminario Internacional Blueberries Chile 2022"}]},{"@type":"WebSite","@id":"https:\/\/www.mundoagropecuario.cl\/new\/#website","url":"https:\/\/www.mundoagropecuario.cl\/new\/","name":"Mundoagropecuario","description":"Mundo Agropecuario","publisher":{"@id":"https:\/\/www.mundoagropecuario.cl\/new\/#organization"},"potentialAction":[{"@type":"SearchAction","target":{"@type":"EntryPoint","urlTemplate":"https:\/\/www.mundoagropecuario.cl\/new\/?s={search_term_string}"},"query-input":{"@type":"PropertyValueSpecification","valueRequired":true,"valueName":"search_term_string"}}],"inLanguage":"es"},{"@type":"Organization","@id":"https:\/\/www.mundoagropecuario.cl\/new\/#organization","name":"Revista de Agricultura","url":"https:\/\/www.mundoagropecuario.cl\/new\/","logo":{"@type":"ImageObject","inLanguage":"es","@id":"https:\/\/www.mundoagropecuario.cl\/new\/#\/schema\/logo\/image\/","url":"https:\/\/www.mundoagropecuario.cl\/new\/wp-content\/uploads\/2020\/11\/PORTAL-1-1.png","contentUrl":"https:\/\/www.mundoagropecuario.cl\/new\/wp-content\/uploads\/2020\/11\/PORTAL-1-1.png","width":1026,"height":100,"caption":"Revista de Agricultura"},"image":{"@id":"https:\/\/www.mundoagropecuario.cl\/new\/#\/schema\/logo\/image\/"},"sameAs":["https:\/\/www.facebook.com\/mundo.agropecuario.3","https:\/\/x.com\/MundoAgropecuar","https:\/\/www.linkedin.com\/in\/mundo-agropecuario-934009201\/"]},{"@type":"Person","@id":"https:\/\/www.mundoagropecuario.cl\/new\/#\/schema\/person\/4e9f74a82a7dac260eb1c44b7eebeb18","name":"mundo","url":"https:\/\/www.mundoagropecuario.cl\/new\/author\/mundo\/"}]}},"_links":{"self":[{"href":"https:\/\/www.mundoagropecuario.cl\/new\/wp-json\/wp\/v2\/posts\/21645","targetHints":{"allow":["GET"]}}],"collection":[{"href":"https:\/\/www.mundoagropecuario.cl\/new\/wp-json\/wp\/v2\/posts"}],"about":[{"href":"https:\/\/www.mundoagropecuario.cl\/new\/wp-json\/wp\/v2\/types\/post"}],"author":[{"embeddable":true,"href":"https:\/\/www.mundoagropecuario.cl\/new\/wp-json\/wp\/v2\/users\/2"}],"replies":[{"embeddable":true,"href":"https:\/\/www.mundoagropecuario.cl\/new\/wp-json\/wp\/v2\/comments?post=21645"}],"version-history":[{"count":2,"href":"https:\/\/www.mundoagropecuario.cl\/new\/wp-json\/wp\/v2\/posts\/21645\/revisions"}],"predecessor-version":[{"id":21649,"href":"https:\/\/www.mundoagropecuario.cl\/new\/wp-json\/wp\/v2\/posts\/21645\/revisions\/21649"}],"wp:featuredmedia":[{"embeddable":true,"href":"https:\/\/www.mundoagropecuario.cl\/new\/wp-json\/wp\/v2\/media\/21647"}],"wp:attachment":[{"href":"https:\/\/www.mundoagropecuario.cl\/new\/wp-json\/wp\/v2\/media?parent=21645"}],"wp:term":[{"taxonomy":"category","embeddable":true,"href":"https:\/\/www.mundoagropecuario.cl\/new\/wp-json\/wp\/v2\/categories?post=21645"},{"taxonomy":"post_tag","embeddable":true,"href":"https:\/\/www.mundoagropecuario.cl\/new\/wp-json\/wp\/v2\/tags?post=21645"}],"curies":[{"name":"wp","href":"https:\/\/api.w.org\/{rel}","templated":true}]}}