{"id":21618,"date":"2022-04-06T11:14:19","date_gmt":"2022-04-06T14:14:19","guid":{"rendered":"https:\/\/www.mundoagropecuario.cl\/new\/?p=21618"},"modified":"2022-04-11T13:09:35","modified_gmt":"2022-04-11T16:09:35","slug":"ministro-de-agricultura-anuncia-programa-siembra-por-chile","status":"publish","type":"post","link":"https:\/\/www.mundoagropecuario.cl\/new\/ministro-de-agricultura-anuncia-programa-siembra-por-chile\/","title":{"rendered":"Anuncian programa para enfrentar alza de precios en alimentos"},"content":{"rendered":"<blockquote>\n<h2><span style=\"color: #333300;\">En reuni\u00f3n con director general de la FAO, analizaron estrategias de colaboraci\u00f3n en pos de un desarrollo sustentable de la agricultura en Chile, paliar el alza de insumos y contribuir a la seguridad alimentaria.<\/span><\/h2>\n<\/blockquote>\n<p>El ministro de Agricultura, Esteban Valenzuela, recibi\u00f3 al director general de la Organizaci\u00f3n de las Naciones Unidas para la Alimentaci\u00f3n y la Agricultura (FAO), QU Dongyu; al representante Regional de la entidad, Julio Berdegu\u00e9 y al Economista jefe de la FAO, M\u00e1ximo Torero, con quienes abord\u00f3 los efectos que han tenido en la regi\u00f3n los problemas clim\u00e1ticos, econ\u00f3micos y log\u00edsticos para el desarrollo de la agricultura.<\/p>\n<p>\u201cHemos tenido la visita del director general de la FAO y la semana pasada tuvimos el encuentro regional de esta organizaci\u00f3n en Quito en la que hubo un fortalecimiento de dos conceptos: colaboraci\u00f3n, en estos momentos dif\u00edciles en que, como todos sabemos, estamos en un momento complicado de una \u201ctormenta perfecta\u201d, problemas de intercambio naviero, falta de insumos, alzas de precios alimentarios y tambi\u00e9n la mirada estrat\u00e9gica de la transici\u00f3n a una agricultura m\u00e1s eficiente, con m\u00e1s tecnolog\u00eda y con m\u00e1s participaci\u00f3n de todos los actores\u201d, se\u00f1al\u00f3 Valenzuela.<\/p>\n<p><a href=\"https:\/\/www.mundoagropecuario.cl\/new\/wp-content\/uploads\/2022\/04\/Ministro-Valenzuela-Dir-General-FAO-7-scaled.jpeg\"><img loading=\"lazy\" decoding=\"async\" class=\"size-medium wp-image-21619 alignleft\" src=\"https:\/\/www.mundoagropecuario.cl\/new\/wp-content\/uploads\/2022\/04\/Ministro-Valenzuela-Dir-General-FAO-7-586x391.jpeg\" alt=\"\" width=\"586\" height=\"391\" srcset=\"https:\/\/www.mundoagropecuario.cl\/new\/wp-content\/uploads\/2022\/04\/Ministro-Valenzuela-Dir-General-FAO-7-586x391.jpeg 586w, https:\/\/www.mundoagropecuario.cl\/new\/wp-content\/uploads\/2022\/04\/Ministro-Valenzuela-Dir-General-FAO-7-1024x683.jpeg 1024w, https:\/\/www.mundoagropecuario.cl\/new\/wp-content\/uploads\/2022\/04\/Ministro-Valenzuela-Dir-General-FAO-7-768x512.jpeg 768w, https:\/\/www.mundoagropecuario.cl\/new\/wp-content\/uploads\/2022\/04\/Ministro-Valenzuela-Dir-General-FAO-7-scaled.jpeg 600w\" sizes=\"auto, (max-width: 586px) 100vw, 586px\" \/><\/a>Tal como lo explic\u00f3 el secretario de Estado, \u201cha quedado claro en nuestra conversaci\u00f3n con la FAO que debemos apuntar a un tri\u00e1ngulo que busque eficiencia en el agua, preocupaci\u00f3n por el desarrollo rural y todos los actores de la agricultura y colaboraci\u00f3n en estos tiempos complejos\u201d.<\/p>\n<p>En esa l\u00ednea, el secretario de Estado anunci\u00f3 que se est\u00e1 trabajando en un programa que se llama \u201cSiembra por Chile\u201d y \u201cas\u00ed, vamos a hacer el m\u00e1ximo esfuerzo de colaboraci\u00f3n con la peque\u00f1a agricultura, con los peque\u00f1os productores de trigo y otros cereales para poder paliar de manera sustancial esta alza de insumos y as\u00ed poder contribuir a nuestra seguridad alimentaria y a la contenci\u00f3n de los precios agr\u00edcolas\u201d.<\/p>\n<p>La idea, agreg\u00f3 el ministro, es que en \u201clos pr\u00f3ximos d\u00edas se dar\u00e1n a conocer la forma de postulaci\u00f3n de estos programas y la implementaci\u00f3n, especialmente a trav\u00e9s de nuestro Instituto de Desarrollo Agropecuario, el Indap, que va a estar con foco en dicha tarea\u201d.<\/p>\n<p>Para Julio Berdegu\u00e9, la visita del director general de FAO tiene como objetivo \u201cmanifestar al gobierno nacional la disposici\u00f3n a colaborar con las transformaciones que este gobierno quiere realizar (\u2026) El nuevo marco estrat\u00e9gico de la FAO 2022-2031 tiene un concepto central, es indispensable transformar los sistemas alimentarios del planeta, porque si no los transformamos no podemos enfrentar ni los desaf\u00edos de hoy ni los de las pr\u00f3ximas generaciones empezando por el cambio clim\u00e1tico, esto crea enormes oportunidades de colaboraci\u00f3n con un gobierno que tiene una agenda transformadora muy importante\u201d.<\/p>\n<p><strong>Alza en el precio de los alimentos<\/strong><\/p>\n<p>Particularmente respecto al impacto que han tenido el aumento de los precios de algunos productos como el aceite, el secretario de estado explic\u00f3 que \u201cRusia, que es uno de los principales exportadores de aceite y de productos que son la materia prima, se ha cerrado, si a eso sumamos la alerta mundial y la b\u00fasqueda de asegurar aceite en diversos pa\u00edses, ha generado, particularmente en un par de aceites casi una duplicaci\u00f3n del precio. Esperamos que esto sea de mediano plazo y que se pueda corregir en los pr\u00f3ximos seis meses. Por eso, llamamos a la responsabilidad, al pragmatismo de buscar alternativas, innovaciones y en los pr\u00f3ximos d\u00edas vamos a publicar recomendaciones para el uso efectivo y de menor costo de alternativas para la alimentaci\u00f3n cotidianas\u201d.<\/p>\n<p>En esa l\u00ednea el economista jefe de FAO, M\u00e1ximo Torero explic\u00f3 que \u201cla situaci\u00f3n que estamos viviendo hoy es compleja, despu\u00e9s del Covid 19 la agricultura mostr\u00f3 ser bastante resiliente, sin embargo, con el conflicto y la guerra en Ucrania hemos puesto un poco m\u00e1s de stress a este sistema que se ve en dos dimensiones, uno en los pa\u00edses que son importadores netos de cereales ya que han desaparecido 12 millones de toneladas m\u00e9tricas de trigo y alrededor de 11 millones de toneladas m\u00e9tricas de ma\u00edz. En total en el a\u00f1o, la federaci\u00f3n rusa y Ucrania producen el 30% del total de los cereales en el mundo. Tambi\u00e9n Rusia y Ucrania son los m\u00e1ximos proveedores de oleaginosas, m\u00e1s del 56% viene de la Federaci\u00f3n Rusa que tampoco se est\u00e1 exportando\u201d.<\/p>\n<p>Y agreg\u00f3: \u201cel otro problema es que la Federaci\u00f3n Rusa es principal exportador de nitr\u00f3geno y el segundo de potasio y el tercero de f\u00f3sforo en el mundo que son componentes muy importantes para los fertilizantes y eso es relevante para Chile porque el pa\u00eds es exportador de productos de alto valor y para poder producir, se requieren fertilizantes\u201d.<\/p>\n","protected":false},"excerpt":{"rendered":"<p>En los pr\u00f3ximos d\u00edas,  se dar\u00e1n a conocer la forma de postulaci\u00f3n de estos programas y la implementaci\u00f3n, especialmente a trav\u00e9s del Instituto de Desarrollo Agropecuario, Indap que va a estar con foco en dicha tarea.<\/p>\n","protected":false},"author":2,"featured_media":21620,"comment_status":"closed","ping_status":"closed","sticky":false,"template":"","format":"standard","meta":{"footnotes":""},"categories":[1945],"tags":[2090,3127,6848,6742,547,1992,6847,6846],"class_list":["post-21618","post","type-post","status-publish","format-standard","has-post-thumbnail","hentry","category-agricultura","tag-agricultura","tag-agro","tag-el-ministro-de-agricultura","tag-esteban-valenzuela","tag-fao","tag-indap","tag-precio-de-los-alimentos","tag-siembra-por-chile"],"yoast_head":"<!-- This site is optimized with the Yoast SEO plugin v26.6 - https:\/\/yoast.com\/wordpress\/plugins\/seo\/ -->\n<title>Anuncian programa para enfrentar alza de precios en alimentos - Mundoagropecuario<\/title>\n<meta name=\"description\" content=\"En los pr\u00f3ximos d\u00edas, se dar\u00e1n a conocer la forma de postulaci\u00f3n de estos programas y la implementaci\u00f3n a trav\u00e9s de Indap\" \/>\n<meta name=\"robots\" content=\"index, follow, max-snippet:-1, max-image-preview:large, max-video-preview:-1\" \/>\n<link rel=\"canonical\" href=\"https:\/\/www.mundoagropecuario.cl\/new\/ministro-de-agricultura-anuncia-programa-siembra-por-chile\/\" \/>\n<meta property=\"og:locale\" content=\"es_ES\" \/>\n<meta property=\"og:type\" content=\"article\" \/>\n<meta property=\"og:title\" content=\"Anuncian programa para enfrentar alza de precios en alimentos - Mundoagropecuario\" \/>\n<meta property=\"og:description\" content=\"En los pr\u00f3ximos d\u00edas, se dar\u00e1n a conocer la forma de postulaci\u00f3n de estos programas y la implementaci\u00f3n a trav\u00e9s de Indap\" \/>\n<meta property=\"og:url\" content=\"https:\/\/www.mundoagropecuario.cl\/new\/ministro-de-agricultura-anuncia-programa-siembra-por-chile\/\" \/>\n<meta property=\"og:site_name\" content=\"Mundoagropecuario\" \/>\n<meta property=\"article:publisher\" content=\"https:\/\/www.facebook.com\/mundo.agropecuario.3\" \/>\n<meta property=\"article:published_time\" content=\"2022-04-06T14:14:19+00:00\" \/>\n<meta property=\"article:modified_time\" content=\"2022-04-11T16:09:35+00:00\" \/>\n<meta property=\"og:image\" content=\"https:\/\/www.mundoagropecuario.cl\/new\/wp-content\/uploads\/2022\/04\/Ministro-Valenzuela-Dir-General-FAO-8-scaled.jpeg\" \/>\n\t<meta property=\"og:image:width\" content=\"1024\" \/>\n\t<meta property=\"og:image:height\" content=\"683\" \/>\n\t<meta property=\"og:image:type\" content=\"image\/jpeg\" \/>\n<meta name=\"author\" content=\"mundo\" \/>\n<meta name=\"twitter:card\" content=\"summary_large_image\" \/>\n<meta name=\"twitter:creator\" content=\"@MundoAgropecuar\" \/>\n<meta name=\"twitter:site\" content=\"@MundoAgropecuar\" \/>\n<meta name=\"twitter:label1\" content=\"Escrito por\" \/>\n\t<meta name=\"twitter:data1\" content=\"mundo\" \/>\n\t<meta name=\"twitter:label2\" content=\"Tiempo de lectura\" \/>\n\t<meta name=\"twitter:data2\" content=\"4 minutos\" \/>\n<script type=\"application\/ld+json\" class=\"yoast-schema-graph\">{\"@context\":\"https:\/\/schema.org\",\"@graph\":[{\"@type\":\"Article\",\"@id\":\"https:\/\/www.mundoagropecuario.cl\/new\/ministro-de-agricultura-anuncia-programa-siembra-por-chile\/#article\",\"isPartOf\":{\"@id\":\"https:\/\/www.mundoagropecuario.cl\/new\/ministro-de-agricultura-anuncia-programa-siembra-por-chile\/\"},\"author\":{\"name\":\"mundo\",\"@id\":\"https:\/\/www.mundoagropecuario.cl\/new\/#\/schema\/person\/4e9f74a82a7dac260eb1c44b7eebeb18\"},\"headline\":\"Anuncian programa para enfrentar alza de precios en alimentos\",\"datePublished\":\"2022-04-06T14:14:19+00:00\",\"dateModified\":\"2022-04-11T16:09:35+00:00\",\"mainEntityOfPage\":{\"@id\":\"https:\/\/www.mundoagropecuario.cl\/new\/ministro-de-agricultura-anuncia-programa-siembra-por-chile\/\"},\"wordCount\":836,\"publisher\":{\"@id\":\"https:\/\/www.mundoagropecuario.cl\/new\/#organization\"},\"image\":{\"@id\":\"https:\/\/www.mundoagropecuario.cl\/new\/ministro-de-agricultura-anuncia-programa-siembra-por-chile\/#primaryimage\"},\"thumbnailUrl\":\"https:\/\/www.mundoagropecuario.cl\/new\/wp-content\/uploads\/2022\/04\/Ministro-Valenzuela-Dir-General-FAO-8-scaled.jpeg\",\"keywords\":[\"Agricultura\",\"Agro\",\"El ministro de Agricultura\",\"Esteban Valenzuela\",\"FAO\",\"Indap\",\"precio de los alimentos\",\"Siembra por Chile\"],\"articleSection\":[\"Agricultura\"],\"inLanguage\":\"es\"},{\"@type\":\"WebPage\",\"@id\":\"https:\/\/www.mundoagropecuario.cl\/new\/ministro-de-agricultura-anuncia-programa-siembra-por-chile\/\",\"url\":\"https:\/\/www.mundoagropecuario.cl\/new\/ministro-de-agricultura-anuncia-programa-siembra-por-chile\/\",\"name\":\"Anuncian programa para enfrentar alza de precios en alimentos - Mundoagropecuario\",\"isPartOf\":{\"@id\":\"https:\/\/www.mundoagropecuario.cl\/new\/#website\"},\"primaryImageOfPage\":{\"@id\":\"https:\/\/www.mundoagropecuario.cl\/new\/ministro-de-agricultura-anuncia-programa-siembra-por-chile\/#primaryimage\"},\"image\":{\"@id\":\"https:\/\/www.mundoagropecuario.cl\/new\/ministro-de-agricultura-anuncia-programa-siembra-por-chile\/#primaryimage\"},\"thumbnailUrl\":\"https:\/\/www.mundoagropecuario.cl\/new\/wp-content\/uploads\/2022\/04\/Ministro-Valenzuela-Dir-General-FAO-8-scaled.jpeg\",\"datePublished\":\"2022-04-06T14:14:19+00:00\",\"dateModified\":\"2022-04-11T16:09:35+00:00\",\"description\":\"En los pr\u00f3ximos d\u00edas, se dar\u00e1n a conocer la forma de postulaci\u00f3n de estos programas y la implementaci\u00f3n a trav\u00e9s de Indap\",\"breadcrumb\":{\"@id\":\"https:\/\/www.mundoagropecuario.cl\/new\/ministro-de-agricultura-anuncia-programa-siembra-por-chile\/#breadcrumb\"},\"inLanguage\":\"es\",\"potentialAction\":[{\"@type\":\"ReadAction\",\"target\":[\"https:\/\/www.mundoagropecuario.cl\/new\/ministro-de-agricultura-anuncia-programa-siembra-por-chile\/\"]}]},{\"@type\":\"ImageObject\",\"inLanguage\":\"es\",\"@id\":\"https:\/\/www.mundoagropecuario.cl\/new\/ministro-de-agricultura-anuncia-programa-siembra-por-chile\/#primaryimage\",\"url\":\"https:\/\/www.mundoagropecuario.cl\/new\/wp-content\/uploads\/2022\/04\/Ministro-Valenzuela-Dir-General-FAO-8-scaled.jpeg\",\"contentUrl\":\"https:\/\/www.mundoagropecuario.cl\/new\/wp-content\/uploads\/2022\/04\/Ministro-Valenzuela-Dir-General-FAO-8-scaled.jpeg\",\"width\":600,\"height\":400},{\"@type\":\"BreadcrumbList\",\"@id\":\"https:\/\/www.mundoagropecuario.cl\/new\/ministro-de-agricultura-anuncia-programa-siembra-por-chile\/#breadcrumb\",\"itemListElement\":[{\"@type\":\"ListItem\",\"position\":1,\"name\":\"Portada\",\"item\":\"https:\/\/www.mundoagropecuario.cl\/new\/\"},{\"@type\":\"ListItem\",\"position\":2,\"name\":\"Anuncian programa para enfrentar alza de precios en alimentos\"}]},{\"@type\":\"WebSite\",\"@id\":\"https:\/\/www.mundoagropecuario.cl\/new\/#website\",\"url\":\"https:\/\/www.mundoagropecuario.cl\/new\/\",\"name\":\"Mundoagropecuario\",\"description\":\"Mundo Agropecuario\",\"publisher\":{\"@id\":\"https:\/\/www.mundoagropecuario.cl\/new\/#organization\"},\"potentialAction\":[{\"@type\":\"SearchAction\",\"target\":{\"@type\":\"EntryPoint\",\"urlTemplate\":\"https:\/\/www.mundoagropecuario.cl\/new\/?s={search_term_string}\"},\"query-input\":{\"@type\":\"PropertyValueSpecification\",\"valueRequired\":true,\"valueName\":\"search_term_string\"}}],\"inLanguage\":\"es\"},{\"@type\":\"Organization\",\"@id\":\"https:\/\/www.mundoagropecuario.cl\/new\/#organization\",\"name\":\"Revista de Agricultura\",\"url\":\"https:\/\/www.mundoagropecuario.cl\/new\/\",\"logo\":{\"@type\":\"ImageObject\",\"inLanguage\":\"es\",\"@id\":\"https:\/\/www.mundoagropecuario.cl\/new\/#\/schema\/logo\/image\/\",\"url\":\"https:\/\/www.mundoagropecuario.cl\/new\/wp-content\/uploads\/2020\/11\/PORTAL-1-1.png\",\"contentUrl\":\"https:\/\/www.mundoagropecuario.cl\/new\/wp-content\/uploads\/2020\/11\/PORTAL-1-1.png\",\"width\":1026,\"height\":100,\"caption\":\"Revista de Agricultura\"},\"image\":{\"@id\":\"https:\/\/www.mundoagropecuario.cl\/new\/#\/schema\/logo\/image\/\"},\"sameAs\":[\"https:\/\/www.facebook.com\/mundo.agropecuario.3\",\"https:\/\/x.com\/MundoAgropecuar\",\"https:\/\/www.linkedin.com\/in\/mundo-agropecuario-934009201\/\"]},{\"@type\":\"Person\",\"@id\":\"https:\/\/www.mundoagropecuario.cl\/new\/#\/schema\/person\/4e9f74a82a7dac260eb1c44b7eebeb18\",\"name\":\"mundo\",\"url\":\"https:\/\/www.mundoagropecuario.cl\/new\/author\/mundo\/\"}]}<\/script>\n<!-- \/ Yoast SEO plugin. -->","yoast_head_json":{"title":"Anuncian programa para enfrentar alza de precios en alimentos - Mundoagropecuario","description":"En los pr\u00f3ximos d\u00edas, se dar\u00e1n a conocer la forma de postulaci\u00f3n de estos programas y la implementaci\u00f3n a trav\u00e9s de Indap","robots":{"index":"index","follow":"follow","max-snippet":"max-snippet:-1","max-image-preview":"max-image-preview:large","max-video-preview":"max-video-preview:-1"},"canonical":"https:\/\/www.mundoagropecuario.cl\/new\/ministro-de-agricultura-anuncia-programa-siembra-por-chile\/","og_locale":"es_ES","og_type":"article","og_title":"Anuncian programa para enfrentar alza de precios en alimentos - Mundoagropecuario","og_description":"En los pr\u00f3ximos d\u00edas, se dar\u00e1n a conocer la forma de postulaci\u00f3n de estos programas y la implementaci\u00f3n a trav\u00e9s de Indap","og_url":"https:\/\/www.mundoagropecuario.cl\/new\/ministro-de-agricultura-anuncia-programa-siembra-por-chile\/","og_site_name":"Mundoagropecuario","article_publisher":"https:\/\/www.facebook.com\/mundo.agropecuario.3","article_published_time":"2022-04-06T14:14:19+00:00","article_modified_time":"2022-04-11T16:09:35+00:00","og_image":[{"width":1024,"height":683,"url":"https:\/\/www.mundoagropecuario.cl\/new\/wp-content\/uploads\/2022\/04\/Ministro-Valenzuela-Dir-General-FAO-8-scaled.jpeg","type":"image\/jpeg"}],"author":"mundo","twitter_card":"summary_large_image","twitter_creator":"@MundoAgropecuar","twitter_site":"@MundoAgropecuar","twitter_misc":{"Escrito por":"mundo","Tiempo de lectura":"4 minutos"},"schema":{"@context":"https:\/\/schema.org","@graph":[{"@type":"Article","@id":"https:\/\/www.mundoagropecuario.cl\/new\/ministro-de-agricultura-anuncia-programa-siembra-por-chile\/#article","isPartOf":{"@id":"https:\/\/www.mundoagropecuario.cl\/new\/ministro-de-agricultura-anuncia-programa-siembra-por-chile\/"},"author":{"name":"mundo","@id":"https:\/\/www.mundoagropecuario.cl\/new\/#\/schema\/person\/4e9f74a82a7dac260eb1c44b7eebeb18"},"headline":"Anuncian programa para enfrentar alza de precios en alimentos","datePublished":"2022-04-06T14:14:19+00:00","dateModified":"2022-04-11T16:09:35+00:00","mainEntityOfPage":{"@id":"https:\/\/www.mundoagropecuario.cl\/new\/ministro-de-agricultura-anuncia-programa-siembra-por-chile\/"},"wordCount":836,"publisher":{"@id":"https:\/\/www.mundoagropecuario.cl\/new\/#organization"},"image":{"@id":"https:\/\/www.mundoagropecuario.cl\/new\/ministro-de-agricultura-anuncia-programa-siembra-por-chile\/#primaryimage"},"thumbnailUrl":"https:\/\/www.mundoagropecuario.cl\/new\/wp-content\/uploads\/2022\/04\/Ministro-Valenzuela-Dir-General-FAO-8-scaled.jpeg","keywords":["Agricultura","Agro","El ministro de Agricultura","Esteban Valenzuela","FAO","Indap","precio de los alimentos","Siembra por Chile"],"articleSection":["Agricultura"],"inLanguage":"es"},{"@type":"WebPage","@id":"https:\/\/www.mundoagropecuario.cl\/new\/ministro-de-agricultura-anuncia-programa-siembra-por-chile\/","url":"https:\/\/www.mundoagropecuario.cl\/new\/ministro-de-agricultura-anuncia-programa-siembra-por-chile\/","name":"Anuncian programa para enfrentar alza de precios en alimentos - Mundoagropecuario","isPartOf":{"@id":"https:\/\/www.mundoagropecuario.cl\/new\/#website"},"primaryImageOfPage":{"@id":"https:\/\/www.mundoagropecuario.cl\/new\/ministro-de-agricultura-anuncia-programa-siembra-por-chile\/#primaryimage"},"image":{"@id":"https:\/\/www.mundoagropecuario.cl\/new\/ministro-de-agricultura-anuncia-programa-siembra-por-chile\/#primaryimage"},"thumbnailUrl":"https:\/\/www.mundoagropecuario.cl\/new\/wp-content\/uploads\/2022\/04\/Ministro-Valenzuela-Dir-General-FAO-8-scaled.jpeg","datePublished":"2022-04-06T14:14:19+00:00","dateModified":"2022-04-11T16:09:35+00:00","description":"En los pr\u00f3ximos d\u00edas, se dar\u00e1n a conocer la forma de postulaci\u00f3n de estos programas y la implementaci\u00f3n a trav\u00e9s de Indap","breadcrumb":{"@id":"https:\/\/www.mundoagropecuario.cl\/new\/ministro-de-agricultura-anuncia-programa-siembra-por-chile\/#breadcrumb"},"inLanguage":"es","potentialAction":[{"@type":"ReadAction","target":["https:\/\/www.mundoagropecuario.cl\/new\/ministro-de-agricultura-anuncia-programa-siembra-por-chile\/"]}]},{"@type":"ImageObject","inLanguage":"es","@id":"https:\/\/www.mundoagropecuario.cl\/new\/ministro-de-agricultura-anuncia-programa-siembra-por-chile\/#primaryimage","url":"https:\/\/www.mundoagropecuario.cl\/new\/wp-content\/uploads\/2022\/04\/Ministro-Valenzuela-Dir-General-FAO-8-scaled.jpeg","contentUrl":"https:\/\/www.mundoagropecuario.cl\/new\/wp-content\/uploads\/2022\/04\/Ministro-Valenzuela-Dir-General-FAO-8-scaled.jpeg","width":600,"height":400},{"@type":"BreadcrumbList","@id":"https:\/\/www.mundoagropecuario.cl\/new\/ministro-de-agricultura-anuncia-programa-siembra-por-chile\/#breadcrumb","itemListElement":[{"@type":"ListItem","position":1,"name":"Portada","item":"https:\/\/www.mundoagropecuario.cl\/new\/"},{"@type":"ListItem","position":2,"name":"Anuncian programa para enfrentar alza de precios en alimentos"}]},{"@type":"WebSite","@id":"https:\/\/www.mundoagropecuario.cl\/new\/#website","url":"https:\/\/www.mundoagropecuario.cl\/new\/","name":"Mundoagropecuario","description":"Mundo Agropecuario","publisher":{"@id":"https:\/\/www.mundoagropecuario.cl\/new\/#organization"},"potentialAction":[{"@type":"SearchAction","target":{"@type":"EntryPoint","urlTemplate":"https:\/\/www.mundoagropecuario.cl\/new\/?s={search_term_string}"},"query-input":{"@type":"PropertyValueSpecification","valueRequired":true,"valueName":"search_term_string"}}],"inLanguage":"es"},{"@type":"Organization","@id":"https:\/\/www.mundoagropecuario.cl\/new\/#organization","name":"Revista de Agricultura","url":"https:\/\/www.mundoagropecuario.cl\/new\/","logo":{"@type":"ImageObject","inLanguage":"es","@id":"https:\/\/www.mundoagropecuario.cl\/new\/#\/schema\/logo\/image\/","url":"https:\/\/www.mundoagropecuario.cl\/new\/wp-content\/uploads\/2020\/11\/PORTAL-1-1.png","contentUrl":"https:\/\/www.mundoagropecuario.cl\/new\/wp-content\/uploads\/2020\/11\/PORTAL-1-1.png","width":1026,"height":100,"caption":"Revista de Agricultura"},"image":{"@id":"https:\/\/www.mundoagropecuario.cl\/new\/#\/schema\/logo\/image\/"},"sameAs":["https:\/\/www.facebook.com\/mundo.agropecuario.3","https:\/\/x.com\/MundoAgropecuar","https:\/\/www.linkedin.com\/in\/mundo-agropecuario-934009201\/"]},{"@type":"Person","@id":"https:\/\/www.mundoagropecuario.cl\/new\/#\/schema\/person\/4e9f74a82a7dac260eb1c44b7eebeb18","name":"mundo","url":"https:\/\/www.mundoagropecuario.cl\/new\/author\/mundo\/"}]}},"_links":{"self":[{"href":"https:\/\/www.mundoagropecuario.cl\/new\/wp-json\/wp\/v2\/posts\/21618","targetHints":{"allow":["GET"]}}],"collection":[{"href":"https:\/\/www.mundoagropecuario.cl\/new\/wp-json\/wp\/v2\/posts"}],"about":[{"href":"https:\/\/www.mundoagropecuario.cl\/new\/wp-json\/wp\/v2\/types\/post"}],"author":[{"embeddable":true,"href":"https:\/\/www.mundoagropecuario.cl\/new\/wp-json\/wp\/v2\/users\/2"}],"replies":[{"embeddable":true,"href":"https:\/\/www.mundoagropecuario.cl\/new\/wp-json\/wp\/v2\/comments?post=21618"}],"version-history":[{"count":3,"href":"https:\/\/www.mundoagropecuario.cl\/new\/wp-json\/wp\/v2\/posts\/21618\/revisions"}],"predecessor-version":[{"id":21623,"href":"https:\/\/www.mundoagropecuario.cl\/new\/wp-json\/wp\/v2\/posts\/21618\/revisions\/21623"}],"wp:featuredmedia":[{"embeddable":true,"href":"https:\/\/www.mundoagropecuario.cl\/new\/wp-json\/wp\/v2\/media\/21620"}],"wp:attachment":[{"href":"https:\/\/www.mundoagropecuario.cl\/new\/wp-json\/wp\/v2\/media?parent=21618"}],"wp:term":[{"taxonomy":"category","embeddable":true,"href":"https:\/\/www.mundoagropecuario.cl\/new\/wp-json\/wp\/v2\/categories?post=21618"},{"taxonomy":"post_tag","embeddable":true,"href":"https:\/\/www.mundoagropecuario.cl\/new\/wp-json\/wp\/v2\/tags?post=21618"}],"curies":[{"name":"wp","href":"https:\/\/api.w.org\/{rel}","templated":true}]}}