{"id":21614,"date":"2022-04-06T10:55:13","date_gmt":"2022-04-06T13:55:13","guid":{"rendered":"https:\/\/www.mundoagropecuario.cl\/new\/?p=21614"},"modified":"2022-04-11T13:09:09","modified_gmt":"2022-04-11T16:09:09","slug":"45-profesionales-reciben-certificacion-diplomado-en-papa","status":"publish","type":"post","link":"https:\/\/www.mundoagropecuario.cl\/new\/45-profesionales-reciben-certificacion-diplomado-en-papa\/","title":{"rendered":"45 profesionales reciben certificaci\u00f3n diplomado en papa"},"content":{"rendered":"<blockquote>\n<h2><span style=\"color: #333300;\">La actividad fue presidida por el Gobernador Regional, Luciano Rivas, quien destac\u00f3 este proceso formativo\u00a0 y el impacto que tendr\u00e1 para el rubro<\/span><\/h2>\n<\/blockquote>\n<p>En el Aula Magna de la Universidad Cat\u00f3lica de Temuco (UCT), se realiz\u00f3 la ceremonia de certificaci\u00f3n del Diplomado \u201cProducci\u00f3n de Papa Semilla\u201d, iniciativa financiada por el Gobierno Regional (GORE), a trav\u00e9s del Programa \u201cInnovaci\u00f3n tecnol\u00f3gica aplicada a procesos productivos del Centro Regional de la Papa, para el fortalecimiento de la competitividad del territorio costero\u201d, y que es ejecutado por INIA en conjunto con los municipios del borde costero, SAG e INDAP. La actividad fue presidida por el Gobernador Regional, Luciano Rivas, quien destac\u00f3 este proceso formativo\u00a0 y el impacto que tendr\u00e1 para el rubro. 45 fueron los alumnos certificados, provenientes de las comunas de Carahue, Saavedra, Tolt\u00e9n, Teodoro Schmidt, Freire y Gorbea.<\/p>\n<p><a href=\"https:\/\/www.mundoagropecuario.cl\/new\/wp-content\/uploads\/2022\/04\/INIA-01-at-21.58.24.jpeg\"><img loading=\"lazy\" decoding=\"async\" class=\" wp-image-21616 alignleft\" src=\"https:\/\/www.mundoagropecuario.cl\/new\/wp-content\/uploads\/2022\/04\/INIA-01-at-21.58.24-586x391.jpeg\" alt=\"\" width=\"482\" height=\"354\" \/><\/a>\u201cEste programa inyect\u00f3 recursos p\u00fablicos importantes para capacitaci\u00f3n, investigaci\u00f3n y traspaso de conocimientos. Sin duda que los alumnos participantes del diplomado hoy\u00a0 cuentan con conocimiento nuevo sobre el rubro y ser\u00e1n un aporte para el desarrollo del cultivo de papa, tan propio de La Araucan\u00eda. Adem\u00e1s, con esto tambi\u00e9n se cumple la estrategia regional de impactar en las 32 comunas de la regi\u00f3n, donde se valora el esfuerzo de cada profesional y el\u00a0 apoyo de sus familias\u201d, dijo Luciano Rivas.<\/p>\n<p>El programa financiado por el GORE tiene por objetivo contribuir a la consolidaci\u00f3n de una estructura productiva, competitiva, innovadora y sustentable para el rubro papa en el territorio costero de La Araucan\u00eda. Lo anterior, considerando que este cultivo es de gran importancia econ\u00f3mica en la regi\u00f3n y representa una significativa fuente de ingresos para la agricultura familiar. En este contexto, la capacitaci\u00f3n de profesionales viene a potenciar el capital humano, necesario para el desarrollo del rubro indicado, y por extensi\u00f3n el apoyo a los productores de la costa.<\/p>\n<p>Iv\u00e1n Valdebenito Isler, Decano de la Facultad de Recursos Naturales de la UCT destac\u00f3 el rol de esta casa de estudios y las alianzas que pueden darse para mejorar la formaci\u00f3n de profesionales en la regi\u00f3n, sobre todo en un rubro estrat\u00e9gico y vital para la alimentaci\u00f3n. Adem\u00e1s, valor\u00f3 el esfuerzo de quienes dejando trabajo formal y familia, se dieron tiempos especiales para participar del diplomado.<\/p>\n<p>Por su parte, Patricio M\u00e9ndez, Director del programa y profesional de INIA, agradeci\u00f3 la confianza del Gobierno Regional para llevar adelante esta iniciativa y la necesidad de seguir avanzando en un rubro tan importante para La Araucan\u00eda y el cuarto cultivo\u00a0 a nivel nacional en superficie.<\/p>\n<p>Durante la ceremonia, el acad\u00e9mico de la UCT Jaime Solano entreg\u00f3 el premio al esfuerzo a la alumna y profesional Lorena Ceballos. Mientras que en nombre de los alumnos, el Ing. agr\u00f3nomo Christian Bravo, indic\u00f3 que este diplomado era una prueba de justicia para todos quienes por a\u00f1os vienen trabajando en el rubro papa. \u201cEl GORE y los consejeros, a trav\u00e9s del programa ejecutado por INIA, nos dieron la oportunidad de cumplir un sue\u00f1o. Adem\u00e1s de aprender, re aprender y validad conocimiento sobre un cultivo tan valioso de la regi\u00f3n. Valoramos adem\u00e1s la amabilidad y paciencia de los profesionales de INIA por entregar conocimientos y siempre estar apoyando el cultivo en la zona costera\u201d, puntualiz\u00f3.<\/p>\n","protected":false},"excerpt":{"rendered":"<p>El programa financiado por el GORE tiene por objetivo contribuir a la consolidaci\u00f3n de una estructura productiva, competitiva, innovadora y sustentable para el rubro papa en el territorio costero de La Araucan\u00eda.<\/p>\n","protected":false},"author":2,"featured_media":21615,"comment_status":"closed","ping_status":"closed","sticky":false,"template":"","format":"standard","meta":{"footnotes":""},"categories":[1945],"tags":[2090,3127,6843,2052,6844,6845,2875],"class_list":["post-21614","post","type-post","status-publish","format-standard","has-post-thumbnail","hentry","category-agricultura","tag-agricultura","tag-agro","tag-diplomado-en-papa","tag-inia","tag-ivan-valdebenito-isler","tag-luciano-rivas","tag-uct"],"yoast_head":"<!-- This site is optimized with the Yoast SEO plugin v26.6 - https:\/\/yoast.com\/wordpress\/plugins\/seo\/ -->\n<title>45 profesionales reciben certificaci\u00f3n diplomado en papa - Mundoagropecuario<\/title>\n<meta name=\"description\" content=\"El programa financiado por el GORE tiene por objetivo contribuir a la consolidaci\u00f3n de una estructura productiva, competitiva, innovadora.\" \/>\n<meta name=\"robots\" content=\"index, follow, max-snippet:-1, max-image-preview:large, max-video-preview:-1\" \/>\n<link rel=\"canonical\" href=\"https:\/\/www.mundoagropecuario.cl\/new\/45-profesionales-reciben-certificacion-diplomado-en-papa\/\" \/>\n<meta property=\"og:locale\" content=\"es_ES\" \/>\n<meta property=\"og:type\" content=\"article\" \/>\n<meta property=\"og:title\" content=\"45 profesionales reciben certificaci\u00f3n diplomado en papa - Mundoagropecuario\" \/>\n<meta property=\"og:description\" content=\"El programa financiado por el GORE tiene por objetivo contribuir a la consolidaci\u00f3n de una estructura productiva, competitiva, innovadora.\" \/>\n<meta property=\"og:url\" content=\"https:\/\/www.mundoagropecuario.cl\/new\/45-profesionales-reciben-certificacion-diplomado-en-papa\/\" \/>\n<meta property=\"og:site_name\" content=\"Mundoagropecuario\" \/>\n<meta property=\"article:publisher\" content=\"https:\/\/www.facebook.com\/mundo.agropecuario.3\" \/>\n<meta property=\"article:published_time\" content=\"2022-04-06T13:55:13+00:00\" \/>\n<meta property=\"article:modified_time\" content=\"2022-04-11T16:09:09+00:00\" \/>\n<meta property=\"og:image\" content=\"https:\/\/www.mundoagropecuario.cl\/new\/wp-content\/uploads\/2022\/04\/INIA-papa-WhatsApp-at--scaled.jpeg\" \/>\n\t<meta property=\"og:image:width\" content=\"1024\" \/>\n\t<meta property=\"og:image:height\" content=\"683\" \/>\n\t<meta property=\"og:image:type\" content=\"image\/jpeg\" \/>\n<meta name=\"author\" content=\"mundo\" \/>\n<meta name=\"twitter:card\" content=\"summary_large_image\" \/>\n<meta name=\"twitter:creator\" content=\"@MundoAgropecuar\" \/>\n<meta name=\"twitter:site\" content=\"@MundoAgropecuar\" \/>\n<meta name=\"twitter:label1\" content=\"Escrito por\" \/>\n\t<meta name=\"twitter:data1\" content=\"mundo\" \/>\n\t<meta name=\"twitter:label2\" content=\"Tiempo de lectura\" \/>\n\t<meta name=\"twitter:data2\" content=\"3 minutos\" \/>\n<script type=\"application\/ld+json\" class=\"yoast-schema-graph\">{\"@context\":\"https:\/\/schema.org\",\"@graph\":[{\"@type\":\"Article\",\"@id\":\"https:\/\/www.mundoagropecuario.cl\/new\/45-profesionales-reciben-certificacion-diplomado-en-papa\/#article\",\"isPartOf\":{\"@id\":\"https:\/\/www.mundoagropecuario.cl\/new\/45-profesionales-reciben-certificacion-diplomado-en-papa\/\"},\"author\":{\"name\":\"mundo\",\"@id\":\"https:\/\/www.mundoagropecuario.cl\/new\/#\/schema\/person\/4e9f74a82a7dac260eb1c44b7eebeb18\"},\"headline\":\"45 profesionales reciben certificaci\u00f3n diplomado en papa\",\"datePublished\":\"2022-04-06T13:55:13+00:00\",\"dateModified\":\"2022-04-11T16:09:09+00:00\",\"mainEntityOfPage\":{\"@id\":\"https:\/\/www.mundoagropecuario.cl\/new\/45-profesionales-reciben-certificacion-diplomado-en-papa\/\"},\"wordCount\":573,\"publisher\":{\"@id\":\"https:\/\/www.mundoagropecuario.cl\/new\/#organization\"},\"image\":{\"@id\":\"https:\/\/www.mundoagropecuario.cl\/new\/45-profesionales-reciben-certificacion-diplomado-en-papa\/#primaryimage\"},\"thumbnailUrl\":\"https:\/\/www.mundoagropecuario.cl\/new\/wp-content\/uploads\/2022\/04\/INIA-papa-WhatsApp-at--scaled.jpeg\",\"keywords\":[\"Agricultura\",\"Agro\",\"diplomado en papa\",\"INIA\",\"Iv\u00e1n Valdebenito Isler\",\"Luciano Rivas\",\"UCT\"],\"articleSection\":[\"Agricultura\"],\"inLanguage\":\"es\"},{\"@type\":\"WebPage\",\"@id\":\"https:\/\/www.mundoagropecuario.cl\/new\/45-profesionales-reciben-certificacion-diplomado-en-papa\/\",\"url\":\"https:\/\/www.mundoagropecuario.cl\/new\/45-profesionales-reciben-certificacion-diplomado-en-papa\/\",\"name\":\"45 profesionales reciben certificaci\u00f3n diplomado en papa - Mundoagropecuario\",\"isPartOf\":{\"@id\":\"https:\/\/www.mundoagropecuario.cl\/new\/#website\"},\"primaryImageOfPage\":{\"@id\":\"https:\/\/www.mundoagropecuario.cl\/new\/45-profesionales-reciben-certificacion-diplomado-en-papa\/#primaryimage\"},\"image\":{\"@id\":\"https:\/\/www.mundoagropecuario.cl\/new\/45-profesionales-reciben-certificacion-diplomado-en-papa\/#primaryimage\"},\"thumbnailUrl\":\"https:\/\/www.mundoagropecuario.cl\/new\/wp-content\/uploads\/2022\/04\/INIA-papa-WhatsApp-at--scaled.jpeg\",\"datePublished\":\"2022-04-06T13:55:13+00:00\",\"dateModified\":\"2022-04-11T16:09:09+00:00\",\"description\":\"El programa financiado por el GORE tiene por objetivo contribuir a la consolidaci\u00f3n de una estructura productiva, competitiva, innovadora.\",\"breadcrumb\":{\"@id\":\"https:\/\/www.mundoagropecuario.cl\/new\/45-profesionales-reciben-certificacion-diplomado-en-papa\/#breadcrumb\"},\"inLanguage\":\"es\",\"potentialAction\":[{\"@type\":\"ReadAction\",\"target\":[\"https:\/\/www.mundoagropecuario.cl\/new\/45-profesionales-reciben-certificacion-diplomado-en-papa\/\"]}]},{\"@type\":\"ImageObject\",\"inLanguage\":\"es\",\"@id\":\"https:\/\/www.mundoagropecuario.cl\/new\/45-profesionales-reciben-certificacion-diplomado-en-papa\/#primaryimage\",\"url\":\"https:\/\/www.mundoagropecuario.cl\/new\/wp-content\/uploads\/2022\/04\/INIA-papa-WhatsApp-at--scaled.jpeg\",\"contentUrl\":\"https:\/\/www.mundoagropecuario.cl\/new\/wp-content\/uploads\/2022\/04\/INIA-papa-WhatsApp-at--scaled.jpeg\",\"width\":600,\"height\":400},{\"@type\":\"BreadcrumbList\",\"@id\":\"https:\/\/www.mundoagropecuario.cl\/new\/45-profesionales-reciben-certificacion-diplomado-en-papa\/#breadcrumb\",\"itemListElement\":[{\"@type\":\"ListItem\",\"position\":1,\"name\":\"Portada\",\"item\":\"https:\/\/www.mundoagropecuario.cl\/new\/\"},{\"@type\":\"ListItem\",\"position\":2,\"name\":\"45 profesionales reciben certificaci\u00f3n diplomado en papa\"}]},{\"@type\":\"WebSite\",\"@id\":\"https:\/\/www.mundoagropecuario.cl\/new\/#website\",\"url\":\"https:\/\/www.mundoagropecuario.cl\/new\/\",\"name\":\"Mundoagropecuario\",\"description\":\"Mundo Agropecuario\",\"publisher\":{\"@id\":\"https:\/\/www.mundoagropecuario.cl\/new\/#organization\"},\"potentialAction\":[{\"@type\":\"SearchAction\",\"target\":{\"@type\":\"EntryPoint\",\"urlTemplate\":\"https:\/\/www.mundoagropecuario.cl\/new\/?s={search_term_string}\"},\"query-input\":{\"@type\":\"PropertyValueSpecification\",\"valueRequired\":true,\"valueName\":\"search_term_string\"}}],\"inLanguage\":\"es\"},{\"@type\":\"Organization\",\"@id\":\"https:\/\/www.mundoagropecuario.cl\/new\/#organization\",\"name\":\"Revista de Agricultura\",\"url\":\"https:\/\/www.mundoagropecuario.cl\/new\/\",\"logo\":{\"@type\":\"ImageObject\",\"inLanguage\":\"es\",\"@id\":\"https:\/\/www.mundoagropecuario.cl\/new\/#\/schema\/logo\/image\/\",\"url\":\"https:\/\/www.mundoagropecuario.cl\/new\/wp-content\/uploads\/2020\/11\/PORTAL-1-1.png\",\"contentUrl\":\"https:\/\/www.mundoagropecuario.cl\/new\/wp-content\/uploads\/2020\/11\/PORTAL-1-1.png\",\"width\":1026,\"height\":100,\"caption\":\"Revista de Agricultura\"},\"image\":{\"@id\":\"https:\/\/www.mundoagropecuario.cl\/new\/#\/schema\/logo\/image\/\"},\"sameAs\":[\"https:\/\/www.facebook.com\/mundo.agropecuario.3\",\"https:\/\/x.com\/MundoAgropecuar\",\"https:\/\/www.linkedin.com\/in\/mundo-agropecuario-934009201\/\"]},{\"@type\":\"Person\",\"@id\":\"https:\/\/www.mundoagropecuario.cl\/new\/#\/schema\/person\/4e9f74a82a7dac260eb1c44b7eebeb18\",\"name\":\"mundo\",\"url\":\"https:\/\/www.mundoagropecuario.cl\/new\/author\/mundo\/\"}]}<\/script>\n<!-- \/ Yoast SEO plugin. -->","yoast_head_json":{"title":"45 profesionales reciben certificaci\u00f3n diplomado en papa - Mundoagropecuario","description":"El programa financiado por el GORE tiene por objetivo contribuir a la consolidaci\u00f3n de una estructura productiva, competitiva, innovadora.","robots":{"index":"index","follow":"follow","max-snippet":"max-snippet:-1","max-image-preview":"max-image-preview:large","max-video-preview":"max-video-preview:-1"},"canonical":"https:\/\/www.mundoagropecuario.cl\/new\/45-profesionales-reciben-certificacion-diplomado-en-papa\/","og_locale":"es_ES","og_type":"article","og_title":"45 profesionales reciben certificaci\u00f3n diplomado en papa - Mundoagropecuario","og_description":"El programa financiado por el GORE tiene por objetivo contribuir a la consolidaci\u00f3n de una estructura productiva, competitiva, innovadora.","og_url":"https:\/\/www.mundoagropecuario.cl\/new\/45-profesionales-reciben-certificacion-diplomado-en-papa\/","og_site_name":"Mundoagropecuario","article_publisher":"https:\/\/www.facebook.com\/mundo.agropecuario.3","article_published_time":"2022-04-06T13:55:13+00:00","article_modified_time":"2022-04-11T16:09:09+00:00","og_image":[{"width":1024,"height":683,"url":"https:\/\/www.mundoagropecuario.cl\/new\/wp-content\/uploads\/2022\/04\/INIA-papa-WhatsApp-at--scaled.jpeg","type":"image\/jpeg"}],"author":"mundo","twitter_card":"summary_large_image","twitter_creator":"@MundoAgropecuar","twitter_site":"@MundoAgropecuar","twitter_misc":{"Escrito por":"mundo","Tiempo de lectura":"3 minutos"},"schema":{"@context":"https:\/\/schema.org","@graph":[{"@type":"Article","@id":"https:\/\/www.mundoagropecuario.cl\/new\/45-profesionales-reciben-certificacion-diplomado-en-papa\/#article","isPartOf":{"@id":"https:\/\/www.mundoagropecuario.cl\/new\/45-profesionales-reciben-certificacion-diplomado-en-papa\/"},"author":{"name":"mundo","@id":"https:\/\/www.mundoagropecuario.cl\/new\/#\/schema\/person\/4e9f74a82a7dac260eb1c44b7eebeb18"},"headline":"45 profesionales reciben certificaci\u00f3n diplomado en papa","datePublished":"2022-04-06T13:55:13+00:00","dateModified":"2022-04-11T16:09:09+00:00","mainEntityOfPage":{"@id":"https:\/\/www.mundoagropecuario.cl\/new\/45-profesionales-reciben-certificacion-diplomado-en-papa\/"},"wordCount":573,"publisher":{"@id":"https:\/\/www.mundoagropecuario.cl\/new\/#organization"},"image":{"@id":"https:\/\/www.mundoagropecuario.cl\/new\/45-profesionales-reciben-certificacion-diplomado-en-papa\/#primaryimage"},"thumbnailUrl":"https:\/\/www.mundoagropecuario.cl\/new\/wp-content\/uploads\/2022\/04\/INIA-papa-WhatsApp-at--scaled.jpeg","keywords":["Agricultura","Agro","diplomado en papa","INIA","Iv\u00e1n Valdebenito Isler","Luciano Rivas","UCT"],"articleSection":["Agricultura"],"inLanguage":"es"},{"@type":"WebPage","@id":"https:\/\/www.mundoagropecuario.cl\/new\/45-profesionales-reciben-certificacion-diplomado-en-papa\/","url":"https:\/\/www.mundoagropecuario.cl\/new\/45-profesionales-reciben-certificacion-diplomado-en-papa\/","name":"45 profesionales reciben certificaci\u00f3n diplomado en papa - Mundoagropecuario","isPartOf":{"@id":"https:\/\/www.mundoagropecuario.cl\/new\/#website"},"primaryImageOfPage":{"@id":"https:\/\/www.mundoagropecuario.cl\/new\/45-profesionales-reciben-certificacion-diplomado-en-papa\/#primaryimage"},"image":{"@id":"https:\/\/www.mundoagropecuario.cl\/new\/45-profesionales-reciben-certificacion-diplomado-en-papa\/#primaryimage"},"thumbnailUrl":"https:\/\/www.mundoagropecuario.cl\/new\/wp-content\/uploads\/2022\/04\/INIA-papa-WhatsApp-at--scaled.jpeg","datePublished":"2022-04-06T13:55:13+00:00","dateModified":"2022-04-11T16:09:09+00:00","description":"El programa financiado por el GORE tiene por objetivo contribuir a la consolidaci\u00f3n de una estructura productiva, competitiva, innovadora.","breadcrumb":{"@id":"https:\/\/www.mundoagropecuario.cl\/new\/45-profesionales-reciben-certificacion-diplomado-en-papa\/#breadcrumb"},"inLanguage":"es","potentialAction":[{"@type":"ReadAction","target":["https:\/\/www.mundoagropecuario.cl\/new\/45-profesionales-reciben-certificacion-diplomado-en-papa\/"]}]},{"@type":"ImageObject","inLanguage":"es","@id":"https:\/\/www.mundoagropecuario.cl\/new\/45-profesionales-reciben-certificacion-diplomado-en-papa\/#primaryimage","url":"https:\/\/www.mundoagropecuario.cl\/new\/wp-content\/uploads\/2022\/04\/INIA-papa-WhatsApp-at--scaled.jpeg","contentUrl":"https:\/\/www.mundoagropecuario.cl\/new\/wp-content\/uploads\/2022\/04\/INIA-papa-WhatsApp-at--scaled.jpeg","width":600,"height":400},{"@type":"BreadcrumbList","@id":"https:\/\/www.mundoagropecuario.cl\/new\/45-profesionales-reciben-certificacion-diplomado-en-papa\/#breadcrumb","itemListElement":[{"@type":"ListItem","position":1,"name":"Portada","item":"https:\/\/www.mundoagropecuario.cl\/new\/"},{"@type":"ListItem","position":2,"name":"45 profesionales reciben certificaci\u00f3n diplomado en papa"}]},{"@type":"WebSite","@id":"https:\/\/www.mundoagropecuario.cl\/new\/#website","url":"https:\/\/www.mundoagropecuario.cl\/new\/","name":"Mundoagropecuario","description":"Mundo Agropecuario","publisher":{"@id":"https:\/\/www.mundoagropecuario.cl\/new\/#organization"},"potentialAction":[{"@type":"SearchAction","target":{"@type":"EntryPoint","urlTemplate":"https:\/\/www.mundoagropecuario.cl\/new\/?s={search_term_string}"},"query-input":{"@type":"PropertyValueSpecification","valueRequired":true,"valueName":"search_term_string"}}],"inLanguage":"es"},{"@type":"Organization","@id":"https:\/\/www.mundoagropecuario.cl\/new\/#organization","name":"Revista de Agricultura","url":"https:\/\/www.mundoagropecuario.cl\/new\/","logo":{"@type":"ImageObject","inLanguage":"es","@id":"https:\/\/www.mundoagropecuario.cl\/new\/#\/schema\/logo\/image\/","url":"https:\/\/www.mundoagropecuario.cl\/new\/wp-content\/uploads\/2020\/11\/PORTAL-1-1.png","contentUrl":"https:\/\/www.mundoagropecuario.cl\/new\/wp-content\/uploads\/2020\/11\/PORTAL-1-1.png","width":1026,"height":100,"caption":"Revista de Agricultura"},"image":{"@id":"https:\/\/www.mundoagropecuario.cl\/new\/#\/schema\/logo\/image\/"},"sameAs":["https:\/\/www.facebook.com\/mundo.agropecuario.3","https:\/\/x.com\/MundoAgropecuar","https:\/\/www.linkedin.com\/in\/mundo-agropecuario-934009201\/"]},{"@type":"Person","@id":"https:\/\/www.mundoagropecuario.cl\/new\/#\/schema\/person\/4e9f74a82a7dac260eb1c44b7eebeb18","name":"mundo","url":"https:\/\/www.mundoagropecuario.cl\/new\/author\/mundo\/"}]}},"_links":{"self":[{"href":"https:\/\/www.mundoagropecuario.cl\/new\/wp-json\/wp\/v2\/posts\/21614","targetHints":{"allow":["GET"]}}],"collection":[{"href":"https:\/\/www.mundoagropecuario.cl\/new\/wp-json\/wp\/v2\/posts"}],"about":[{"href":"https:\/\/www.mundoagropecuario.cl\/new\/wp-json\/wp\/v2\/types\/post"}],"author":[{"embeddable":true,"href":"https:\/\/www.mundoagropecuario.cl\/new\/wp-json\/wp\/v2\/users\/2"}],"replies":[{"embeddable":true,"href":"https:\/\/www.mundoagropecuario.cl\/new\/wp-json\/wp\/v2\/comments?post=21614"}],"version-history":[{"count":1,"href":"https:\/\/www.mundoagropecuario.cl\/new\/wp-json\/wp\/v2\/posts\/21614\/revisions"}],"predecessor-version":[{"id":21617,"href":"https:\/\/www.mundoagropecuario.cl\/new\/wp-json\/wp\/v2\/posts\/21614\/revisions\/21617"}],"wp:featuredmedia":[{"embeddable":true,"href":"https:\/\/www.mundoagropecuario.cl\/new\/wp-json\/wp\/v2\/media\/21615"}],"wp:attachment":[{"href":"https:\/\/www.mundoagropecuario.cl\/new\/wp-json\/wp\/v2\/media?parent=21614"}],"wp:term":[{"taxonomy":"category","embeddable":true,"href":"https:\/\/www.mundoagropecuario.cl\/new\/wp-json\/wp\/v2\/categories?post=21614"},{"taxonomy":"post_tag","embeddable":true,"href":"https:\/\/www.mundoagropecuario.cl\/new\/wp-json\/wp\/v2\/tags?post=21614"}],"curies":[{"name":"wp","href":"https:\/\/api.w.org\/{rel}","templated":true}]}}