{"id":21484,"date":"2022-03-16T10:38:50","date_gmt":"2022-03-16T13:38:50","guid":{"rendered":"https:\/\/www.mundoagropecuario.cl\/new\/?p=21484"},"modified":"2022-03-21T11:04:15","modified_gmt":"2022-03-21T14:04:15","slug":"cooprinsem-firma-nuevo-acuerdo-con-empresa-irlandesa-para-potenciar-la-agricultura-nacional","status":"publish","type":"post","link":"https:\/\/www.mundoagropecuario.cl\/new\/cooprinsem-firma-nuevo-acuerdo-con-empresa-irlandesa-para-potenciar-la-agricultura-nacional\/","title":{"rendered":"Cooprinsem firma nuevo acuerdo con empresa irlandesa para potenciar la agricultura nacional"},"content":{"rendered":"<blockquote>\n<h2><span style=\"color: #003300;\">Este acuerdo es testimonio de la historia compartida de innovaci\u00f3n agr\u00edcola, eficiencia operativa y agricultura sostenible<\/span><\/h2>\n<\/blockquote>\n<p>Con el objetivo de continuar entregando las mejores tecnolog\u00edas y servicios a sus clientes, Cooprinsem firm\u00f3 un nuevo acuerdo de trabajo junto a SAMCO, empresa irlandesa dedicada a la fabricaci\u00f3n de equipos forrajeros y m\u00e1quinas para cultivos intensivos. El convenio fue respaldado por Enterprise Ireland, la agencia del gobierno irland\u00e9s para el comercio internacional y permite continuar con una nueva alianza, tras la realizada en el 2017, en el que ambas organizaciones trabajaron para suministrar tecnolog\u00edas SAMCO a los clientes de la cooperativa, con el fin de seguir ayud\u00e1ndoles a lograr altos rendimientos y mejorar la sustentabilidad.<\/p>\n<p>Fue as\u00ed como en una ceremonia organizada por el Embajador de Irlanda en Chile, Paul Gleeson y la cual cont\u00f3 con el viceprimer ministro de la Rep\u00fablica de Irlanda, Leo Varadkar; la Cooperativa de los Agricultores, a trav\u00e9s de su Gerente Comercial, Luis Silva, se reuni\u00f3 con el Director de Ventas de SAMCO, Matthew Shine, para adquirir durante los pr\u00f3ximos 3 a\u00f1os nuevas maquinarias de siembra, fumigaci\u00f3n y film oxobiodegrabable.<\/p>\n<p><a href=\"https:\/\/www.mundoagropecuario.cl\/new\/wp-content\/uploads\/2022\/03\/Cooprinsem-D-scaled.jpg\"><img loading=\"lazy\" decoding=\"async\" class=\" wp-image-21485 alignright\" src=\"https:\/\/www.mundoagropecuario.cl\/new\/wp-content\/uploads\/2022\/03\/Cooprinsem-D-586x330.jpg\" alt=\"\" width=\"556\" height=\"300\" \/><\/a>\u201cSAMCO es un ejemplo fant\u00e1stico del valor y la experiencia irlandeses en la agricultura chilena y ha adoptado una visi\u00f3n a largo plazo, en el desarrollo de un mercado de exportaci\u00f3n estrat\u00e9gicamente importante en Chile, el cual contin\u00faa creciendo\u201d, afirm\u00f3 el embajador, Paul Gleeson. \u201cApoyar a SAMCO, promover la eficiencia y la innovaci\u00f3n irlandesas en otras \u00e1reas de la agricultura chilena y la bioeconom\u00eda, es una parte clave del trabajo que se est\u00e1 desarrollando por parte del equipo de Irlanda en Chile\u201d, sostuvo Gleeson.<\/p>\n<p>Por su parte Luis Silva, Gerente Comercial de Cooprinsem, afirm\u00f3 que las alianzas que evolucionan con el tiempo, desarrollan din\u00e1micas de colaboraci\u00f3n a medida que se comparten comentarios y experiencias para abordar los variados desaf\u00edos que esto implica. \u201cEstos acuerdos son relevantes, porque permiten a la cooperativa proveer soluciones innovadoras para el desarrollo agropecuario de nuestros cooperados y clientes. Lo que nos ayuda a proyectar la inversi\u00f3n y desarrollo de Cooprinsem para los pr\u00f3ximos a\u00f1os. Con esto, buscamos soluciones innovadoras y sustentables para el desarrollo sostenible de la cadena de valor agroalimentaria nacional\u201d.<\/p>\n<p>Finalmente Melissa Feddis, Directora de Enterprise Ireland para Am\u00e9rica del Sur, coment\u00f3 que este acuerdo es testimonio de la historia compartida de innovaci\u00f3n agr\u00edcola, eficiencia operativa y agricultura sostenible. \u201cLa agricultura aborda la funci\u00f3n humana m\u00e1s b\u00e1sica y esencial sin la cual no existir\u00eda ninguna otra industria. Si podemos trabajar juntos para hacer mejores alimentos, de manera m\u00e1s eficiente y con menos impacto en el medio ambiente, entonces todos estamos participando. Esto es exactamente lo que este acuerdo logra hoy, y me complace tanto por los participantes, como por nuestras respectivas comunidades\u201d.<\/p>\n","protected":false},"excerpt":{"rendered":"<p>Cooprinsem firm\u00f3 un nuevo acuerdo de trabajo junto a SAMCO, empresa irlandesa dedicada a la fabricaci\u00f3n de equipos forrajeros y m\u00e1quinas para cultivos intensivos.<\/p>\n","protected":false},"author":2,"featured_media":21485,"comment_status":"closed","ping_status":"closed","sticky":false,"template":"","format":"standard","meta":{"footnotes":""},"categories":[1950],"tags":[2090,3127,2261,5963,6771,6770],"class_list":["post-21484","post","type-post","status-publish","format-standard","has-post-thumbnail","hentry","category-empresa","tag-agricultura","tag-agro","tag-cooprinsem","tag-cooprinsen","tag-melissa-feddis","tag-tecnologias-samco"],"yoast_head":"<!-- This site is optimized with the Yoast SEO plugin v26.6 - https:\/\/yoast.com\/wordpress\/plugins\/seo\/ -->\n<title>Cooprinsem firma nuevo acuerdo con empresa irlandesa para potenciar la agricultura nacional - Mundoagropecuario<\/title>\n<meta name=\"description\" content=\"Cooprinsem firm\u00f3 un nuevo acuerdo de trabajo junto a SAMCO, empresa irlandesa dedicada a la fabricaci\u00f3n de equipos forrajeros.\" \/>\n<meta name=\"robots\" content=\"index, follow, max-snippet:-1, max-image-preview:large, max-video-preview:-1\" \/>\n<link rel=\"canonical\" href=\"https:\/\/www.mundoagropecuario.cl\/new\/cooprinsem-firma-nuevo-acuerdo-con-empresa-irlandesa-para-potenciar-la-agricultura-nacional\/\" \/>\n<meta property=\"og:locale\" content=\"es_ES\" \/>\n<meta property=\"og:type\" content=\"article\" \/>\n<meta property=\"og:title\" content=\"Cooprinsem firma nuevo acuerdo con empresa irlandesa para potenciar la agricultura nacional - Mundoagropecuario\" \/>\n<meta property=\"og:description\" content=\"Cooprinsem firm\u00f3 un nuevo acuerdo de trabajo junto a SAMCO, empresa irlandesa dedicada a la fabricaci\u00f3n de equipos forrajeros.\" \/>\n<meta property=\"og:url\" content=\"https:\/\/www.mundoagropecuario.cl\/new\/cooprinsem-firma-nuevo-acuerdo-con-empresa-irlandesa-para-potenciar-la-agricultura-nacional\/\" \/>\n<meta property=\"og:site_name\" content=\"Mundoagropecuario\" \/>\n<meta property=\"article:publisher\" content=\"https:\/\/www.facebook.com\/mundo.agropecuario.3\" \/>\n<meta property=\"article:published_time\" content=\"2022-03-16T13:38:50+00:00\" \/>\n<meta property=\"article:modified_time\" content=\"2022-03-21T14:04:15+00:00\" \/>\n<meta property=\"og:image\" content=\"https:\/\/www.mundoagropecuario.cl\/new\/wp-content\/uploads\/2022\/03\/Cooprinsem-D-scaled.jpg\" \/>\n\t<meta property=\"og:image:width\" content=\"1024\" \/>\n\t<meta property=\"og:image:height\" content=\"576\" \/>\n\t<meta property=\"og:image:type\" content=\"image\/jpeg\" \/>\n<meta name=\"author\" content=\"mundo\" \/>\n<meta name=\"twitter:card\" content=\"summary_large_image\" \/>\n<meta name=\"twitter:creator\" content=\"@MundoAgropecuar\" \/>\n<meta name=\"twitter:site\" content=\"@MundoAgropecuar\" \/>\n<meta name=\"twitter:label1\" content=\"Escrito por\" \/>\n\t<meta name=\"twitter:data1\" content=\"mundo\" \/>\n\t<meta name=\"twitter:label2\" content=\"Tiempo de lectura\" \/>\n\t<meta name=\"twitter:data2\" content=\"3 minutos\" \/>\n<script type=\"application\/ld+json\" class=\"yoast-schema-graph\">{\"@context\":\"https:\/\/schema.org\",\"@graph\":[{\"@type\":\"Article\",\"@id\":\"https:\/\/www.mundoagropecuario.cl\/new\/cooprinsem-firma-nuevo-acuerdo-con-empresa-irlandesa-para-potenciar-la-agricultura-nacional\/#article\",\"isPartOf\":{\"@id\":\"https:\/\/www.mundoagropecuario.cl\/new\/cooprinsem-firma-nuevo-acuerdo-con-empresa-irlandesa-para-potenciar-la-agricultura-nacional\/\"},\"author\":{\"name\":\"mundo\",\"@id\":\"https:\/\/www.mundoagropecuario.cl\/new\/#\/schema\/person\/4e9f74a82a7dac260eb1c44b7eebeb18\"},\"headline\":\"Cooprinsem firma nuevo acuerdo con empresa irlandesa para potenciar la agricultura nacional\",\"datePublished\":\"2022-03-16T13:38:50+00:00\",\"dateModified\":\"2022-03-21T14:04:15+00:00\",\"mainEntityOfPage\":{\"@id\":\"https:\/\/www.mundoagropecuario.cl\/new\/cooprinsem-firma-nuevo-acuerdo-con-empresa-irlandesa-para-potenciar-la-agricultura-nacional\/\"},\"wordCount\":496,\"publisher\":{\"@id\":\"https:\/\/www.mundoagropecuario.cl\/new\/#organization\"},\"image\":{\"@id\":\"https:\/\/www.mundoagropecuario.cl\/new\/cooprinsem-firma-nuevo-acuerdo-con-empresa-irlandesa-para-potenciar-la-agricultura-nacional\/#primaryimage\"},\"thumbnailUrl\":\"https:\/\/www.mundoagropecuario.cl\/new\/wp-content\/uploads\/2022\/03\/Cooprinsem-D-scaled.jpg\",\"keywords\":[\"Agricultura\",\"Agro\",\"Cooprinsem\",\"Cooprinsen\",\"Melissa Feddis\",\"tecnolog\u00edas SAMCO\"],\"articleSection\":[\"Empresa\"],\"inLanguage\":\"es\"},{\"@type\":\"WebPage\",\"@id\":\"https:\/\/www.mundoagropecuario.cl\/new\/cooprinsem-firma-nuevo-acuerdo-con-empresa-irlandesa-para-potenciar-la-agricultura-nacional\/\",\"url\":\"https:\/\/www.mundoagropecuario.cl\/new\/cooprinsem-firma-nuevo-acuerdo-con-empresa-irlandesa-para-potenciar-la-agricultura-nacional\/\",\"name\":\"Cooprinsem firma nuevo acuerdo con empresa irlandesa para potenciar la agricultura nacional - Mundoagropecuario\",\"isPartOf\":{\"@id\":\"https:\/\/www.mundoagropecuario.cl\/new\/#website\"},\"primaryImageOfPage\":{\"@id\":\"https:\/\/www.mundoagropecuario.cl\/new\/cooprinsem-firma-nuevo-acuerdo-con-empresa-irlandesa-para-potenciar-la-agricultura-nacional\/#primaryimage\"},\"image\":{\"@id\":\"https:\/\/www.mundoagropecuario.cl\/new\/cooprinsem-firma-nuevo-acuerdo-con-empresa-irlandesa-para-potenciar-la-agricultura-nacional\/#primaryimage\"},\"thumbnailUrl\":\"https:\/\/www.mundoagropecuario.cl\/new\/wp-content\/uploads\/2022\/03\/Cooprinsem-D-scaled.jpg\",\"datePublished\":\"2022-03-16T13:38:50+00:00\",\"dateModified\":\"2022-03-21T14:04:15+00:00\",\"description\":\"Cooprinsem firm\u00f3 un nuevo acuerdo de trabajo junto a SAMCO, empresa irlandesa dedicada a la fabricaci\u00f3n de equipos forrajeros.\",\"breadcrumb\":{\"@id\":\"https:\/\/www.mundoagropecuario.cl\/new\/cooprinsem-firma-nuevo-acuerdo-con-empresa-irlandesa-para-potenciar-la-agricultura-nacional\/#breadcrumb\"},\"inLanguage\":\"es\",\"potentialAction\":[{\"@type\":\"ReadAction\",\"target\":[\"https:\/\/www.mundoagropecuario.cl\/new\/cooprinsem-firma-nuevo-acuerdo-con-empresa-irlandesa-para-potenciar-la-agricultura-nacional\/\"]}]},{\"@type\":\"ImageObject\",\"inLanguage\":\"es\",\"@id\":\"https:\/\/www.mundoagropecuario.cl\/new\/cooprinsem-firma-nuevo-acuerdo-con-empresa-irlandesa-para-potenciar-la-agricultura-nacional\/#primaryimage\",\"url\":\"https:\/\/www.mundoagropecuario.cl\/new\/wp-content\/uploads\/2022\/03\/Cooprinsem-D-scaled.jpg\",\"contentUrl\":\"https:\/\/www.mundoagropecuario.cl\/new\/wp-content\/uploads\/2022\/03\/Cooprinsem-D-scaled.jpg\",\"width\":711,\"height\":400},{\"@type\":\"BreadcrumbList\",\"@id\":\"https:\/\/www.mundoagropecuario.cl\/new\/cooprinsem-firma-nuevo-acuerdo-con-empresa-irlandesa-para-potenciar-la-agricultura-nacional\/#breadcrumb\",\"itemListElement\":[{\"@type\":\"ListItem\",\"position\":1,\"name\":\"Portada\",\"item\":\"https:\/\/www.mundoagropecuario.cl\/new\/\"},{\"@type\":\"ListItem\",\"position\":2,\"name\":\"Cooprinsem firma nuevo acuerdo con empresa irlandesa para potenciar la agricultura nacional\"}]},{\"@type\":\"WebSite\",\"@id\":\"https:\/\/www.mundoagropecuario.cl\/new\/#website\",\"url\":\"https:\/\/www.mundoagropecuario.cl\/new\/\",\"name\":\"Mundoagropecuario\",\"description\":\"Mundo Agropecuario\",\"publisher\":{\"@id\":\"https:\/\/www.mundoagropecuario.cl\/new\/#organization\"},\"potentialAction\":[{\"@type\":\"SearchAction\",\"target\":{\"@type\":\"EntryPoint\",\"urlTemplate\":\"https:\/\/www.mundoagropecuario.cl\/new\/?s={search_term_string}\"},\"query-input\":{\"@type\":\"PropertyValueSpecification\",\"valueRequired\":true,\"valueName\":\"search_term_string\"}}],\"inLanguage\":\"es\"},{\"@type\":\"Organization\",\"@id\":\"https:\/\/www.mundoagropecuario.cl\/new\/#organization\",\"name\":\"Revista de Agricultura\",\"url\":\"https:\/\/www.mundoagropecuario.cl\/new\/\",\"logo\":{\"@type\":\"ImageObject\",\"inLanguage\":\"es\",\"@id\":\"https:\/\/www.mundoagropecuario.cl\/new\/#\/schema\/logo\/image\/\",\"url\":\"https:\/\/www.mundoagropecuario.cl\/new\/wp-content\/uploads\/2020\/11\/PORTAL-1-1.png\",\"contentUrl\":\"https:\/\/www.mundoagropecuario.cl\/new\/wp-content\/uploads\/2020\/11\/PORTAL-1-1.png\",\"width\":1026,\"height\":100,\"caption\":\"Revista de Agricultura\"},\"image\":{\"@id\":\"https:\/\/www.mundoagropecuario.cl\/new\/#\/schema\/logo\/image\/\"},\"sameAs\":[\"https:\/\/www.facebook.com\/mundo.agropecuario.3\",\"https:\/\/x.com\/MundoAgropecuar\",\"https:\/\/www.linkedin.com\/in\/mundo-agropecuario-934009201\/\"]},{\"@type\":\"Person\",\"@id\":\"https:\/\/www.mundoagropecuario.cl\/new\/#\/schema\/person\/4e9f74a82a7dac260eb1c44b7eebeb18\",\"name\":\"mundo\",\"url\":\"https:\/\/www.mundoagropecuario.cl\/new\/author\/mundo\/\"}]}<\/script>\n<!-- \/ Yoast SEO plugin. -->","yoast_head_json":{"title":"Cooprinsem firma nuevo acuerdo con empresa irlandesa para potenciar la agricultura nacional - Mundoagropecuario","description":"Cooprinsem firm\u00f3 un nuevo acuerdo de trabajo junto a SAMCO, empresa irlandesa dedicada a la fabricaci\u00f3n de equipos forrajeros.","robots":{"index":"index","follow":"follow","max-snippet":"max-snippet:-1","max-image-preview":"max-image-preview:large","max-video-preview":"max-video-preview:-1"},"canonical":"https:\/\/www.mundoagropecuario.cl\/new\/cooprinsem-firma-nuevo-acuerdo-con-empresa-irlandesa-para-potenciar-la-agricultura-nacional\/","og_locale":"es_ES","og_type":"article","og_title":"Cooprinsem firma nuevo acuerdo con empresa irlandesa para potenciar la agricultura nacional - Mundoagropecuario","og_description":"Cooprinsem firm\u00f3 un nuevo acuerdo de trabajo junto a SAMCO, empresa irlandesa dedicada a la fabricaci\u00f3n de equipos forrajeros.","og_url":"https:\/\/www.mundoagropecuario.cl\/new\/cooprinsem-firma-nuevo-acuerdo-con-empresa-irlandesa-para-potenciar-la-agricultura-nacional\/","og_site_name":"Mundoagropecuario","article_publisher":"https:\/\/www.facebook.com\/mundo.agropecuario.3","article_published_time":"2022-03-16T13:38:50+00:00","article_modified_time":"2022-03-21T14:04:15+00:00","og_image":[{"width":1024,"height":576,"url":"https:\/\/www.mundoagropecuario.cl\/new\/wp-content\/uploads\/2022\/03\/Cooprinsem-D-scaled.jpg","type":"image\/jpeg"}],"author":"mundo","twitter_card":"summary_large_image","twitter_creator":"@MundoAgropecuar","twitter_site":"@MundoAgropecuar","twitter_misc":{"Escrito por":"mundo","Tiempo de lectura":"3 minutos"},"schema":{"@context":"https:\/\/schema.org","@graph":[{"@type":"Article","@id":"https:\/\/www.mundoagropecuario.cl\/new\/cooprinsem-firma-nuevo-acuerdo-con-empresa-irlandesa-para-potenciar-la-agricultura-nacional\/#article","isPartOf":{"@id":"https:\/\/www.mundoagropecuario.cl\/new\/cooprinsem-firma-nuevo-acuerdo-con-empresa-irlandesa-para-potenciar-la-agricultura-nacional\/"},"author":{"name":"mundo","@id":"https:\/\/www.mundoagropecuario.cl\/new\/#\/schema\/person\/4e9f74a82a7dac260eb1c44b7eebeb18"},"headline":"Cooprinsem firma nuevo acuerdo con empresa irlandesa para potenciar la agricultura nacional","datePublished":"2022-03-16T13:38:50+00:00","dateModified":"2022-03-21T14:04:15+00:00","mainEntityOfPage":{"@id":"https:\/\/www.mundoagropecuario.cl\/new\/cooprinsem-firma-nuevo-acuerdo-con-empresa-irlandesa-para-potenciar-la-agricultura-nacional\/"},"wordCount":496,"publisher":{"@id":"https:\/\/www.mundoagropecuario.cl\/new\/#organization"},"image":{"@id":"https:\/\/www.mundoagropecuario.cl\/new\/cooprinsem-firma-nuevo-acuerdo-con-empresa-irlandesa-para-potenciar-la-agricultura-nacional\/#primaryimage"},"thumbnailUrl":"https:\/\/www.mundoagropecuario.cl\/new\/wp-content\/uploads\/2022\/03\/Cooprinsem-D-scaled.jpg","keywords":["Agricultura","Agro","Cooprinsem","Cooprinsen","Melissa Feddis","tecnolog\u00edas SAMCO"],"articleSection":["Empresa"],"inLanguage":"es"},{"@type":"WebPage","@id":"https:\/\/www.mundoagropecuario.cl\/new\/cooprinsem-firma-nuevo-acuerdo-con-empresa-irlandesa-para-potenciar-la-agricultura-nacional\/","url":"https:\/\/www.mundoagropecuario.cl\/new\/cooprinsem-firma-nuevo-acuerdo-con-empresa-irlandesa-para-potenciar-la-agricultura-nacional\/","name":"Cooprinsem firma nuevo acuerdo con empresa irlandesa para potenciar la agricultura nacional - Mundoagropecuario","isPartOf":{"@id":"https:\/\/www.mundoagropecuario.cl\/new\/#website"},"primaryImageOfPage":{"@id":"https:\/\/www.mundoagropecuario.cl\/new\/cooprinsem-firma-nuevo-acuerdo-con-empresa-irlandesa-para-potenciar-la-agricultura-nacional\/#primaryimage"},"image":{"@id":"https:\/\/www.mundoagropecuario.cl\/new\/cooprinsem-firma-nuevo-acuerdo-con-empresa-irlandesa-para-potenciar-la-agricultura-nacional\/#primaryimage"},"thumbnailUrl":"https:\/\/www.mundoagropecuario.cl\/new\/wp-content\/uploads\/2022\/03\/Cooprinsem-D-scaled.jpg","datePublished":"2022-03-16T13:38:50+00:00","dateModified":"2022-03-21T14:04:15+00:00","description":"Cooprinsem firm\u00f3 un nuevo acuerdo de trabajo junto a SAMCO, empresa irlandesa dedicada a la fabricaci\u00f3n de equipos forrajeros.","breadcrumb":{"@id":"https:\/\/www.mundoagropecuario.cl\/new\/cooprinsem-firma-nuevo-acuerdo-con-empresa-irlandesa-para-potenciar-la-agricultura-nacional\/#breadcrumb"},"inLanguage":"es","potentialAction":[{"@type":"ReadAction","target":["https:\/\/www.mundoagropecuario.cl\/new\/cooprinsem-firma-nuevo-acuerdo-con-empresa-irlandesa-para-potenciar-la-agricultura-nacional\/"]}]},{"@type":"ImageObject","inLanguage":"es","@id":"https:\/\/www.mundoagropecuario.cl\/new\/cooprinsem-firma-nuevo-acuerdo-con-empresa-irlandesa-para-potenciar-la-agricultura-nacional\/#primaryimage","url":"https:\/\/www.mundoagropecuario.cl\/new\/wp-content\/uploads\/2022\/03\/Cooprinsem-D-scaled.jpg","contentUrl":"https:\/\/www.mundoagropecuario.cl\/new\/wp-content\/uploads\/2022\/03\/Cooprinsem-D-scaled.jpg","width":711,"height":400},{"@type":"BreadcrumbList","@id":"https:\/\/www.mundoagropecuario.cl\/new\/cooprinsem-firma-nuevo-acuerdo-con-empresa-irlandesa-para-potenciar-la-agricultura-nacional\/#breadcrumb","itemListElement":[{"@type":"ListItem","position":1,"name":"Portada","item":"https:\/\/www.mundoagropecuario.cl\/new\/"},{"@type":"ListItem","position":2,"name":"Cooprinsem firma nuevo acuerdo con empresa irlandesa para potenciar la agricultura nacional"}]},{"@type":"WebSite","@id":"https:\/\/www.mundoagropecuario.cl\/new\/#website","url":"https:\/\/www.mundoagropecuario.cl\/new\/","name":"Mundoagropecuario","description":"Mundo Agropecuario","publisher":{"@id":"https:\/\/www.mundoagropecuario.cl\/new\/#organization"},"potentialAction":[{"@type":"SearchAction","target":{"@type":"EntryPoint","urlTemplate":"https:\/\/www.mundoagropecuario.cl\/new\/?s={search_term_string}"},"query-input":{"@type":"PropertyValueSpecification","valueRequired":true,"valueName":"search_term_string"}}],"inLanguage":"es"},{"@type":"Organization","@id":"https:\/\/www.mundoagropecuario.cl\/new\/#organization","name":"Revista de Agricultura","url":"https:\/\/www.mundoagropecuario.cl\/new\/","logo":{"@type":"ImageObject","inLanguage":"es","@id":"https:\/\/www.mundoagropecuario.cl\/new\/#\/schema\/logo\/image\/","url":"https:\/\/www.mundoagropecuario.cl\/new\/wp-content\/uploads\/2020\/11\/PORTAL-1-1.png","contentUrl":"https:\/\/www.mundoagropecuario.cl\/new\/wp-content\/uploads\/2020\/11\/PORTAL-1-1.png","width":1026,"height":100,"caption":"Revista de Agricultura"},"image":{"@id":"https:\/\/www.mundoagropecuario.cl\/new\/#\/schema\/logo\/image\/"},"sameAs":["https:\/\/www.facebook.com\/mundo.agropecuario.3","https:\/\/x.com\/MundoAgropecuar","https:\/\/www.linkedin.com\/in\/mundo-agropecuario-934009201\/"]},{"@type":"Person","@id":"https:\/\/www.mundoagropecuario.cl\/new\/#\/schema\/person\/4e9f74a82a7dac260eb1c44b7eebeb18","name":"mundo","url":"https:\/\/www.mundoagropecuario.cl\/new\/author\/mundo\/"}]}},"_links":{"self":[{"href":"https:\/\/www.mundoagropecuario.cl\/new\/wp-json\/wp\/v2\/posts\/21484","targetHints":{"allow":["GET"]}}],"collection":[{"href":"https:\/\/www.mundoagropecuario.cl\/new\/wp-json\/wp\/v2\/posts"}],"about":[{"href":"https:\/\/www.mundoagropecuario.cl\/new\/wp-json\/wp\/v2\/types\/post"}],"author":[{"embeddable":true,"href":"https:\/\/www.mundoagropecuario.cl\/new\/wp-json\/wp\/v2\/users\/2"}],"replies":[{"embeddable":true,"href":"https:\/\/www.mundoagropecuario.cl\/new\/wp-json\/wp\/v2\/comments?post=21484"}],"version-history":[{"count":1,"href":"https:\/\/www.mundoagropecuario.cl\/new\/wp-json\/wp\/v2\/posts\/21484\/revisions"}],"predecessor-version":[{"id":21487,"href":"https:\/\/www.mundoagropecuario.cl\/new\/wp-json\/wp\/v2\/posts\/21484\/revisions\/21487"}],"wp:featuredmedia":[{"embeddable":true,"href":"https:\/\/www.mundoagropecuario.cl\/new\/wp-json\/wp\/v2\/media\/21485"}],"wp:attachment":[{"href":"https:\/\/www.mundoagropecuario.cl\/new\/wp-json\/wp\/v2\/media?parent=21484"}],"wp:term":[{"taxonomy":"category","embeddable":true,"href":"https:\/\/www.mundoagropecuario.cl\/new\/wp-json\/wp\/v2\/categories?post=21484"},{"taxonomy":"post_tag","embeddable":true,"href":"https:\/\/www.mundoagropecuario.cl\/new\/wp-json\/wp\/v2\/tags?post=21484"}],"curies":[{"name":"wp","href":"https:\/\/api.w.org\/{rel}","templated":true}]}}