{"id":21444,"date":"2022-03-08T12:50:43","date_gmt":"2022-03-08T15:50:43","guid":{"rendered":"https:\/\/www.mundoagropecuario.cl\/new\/?p=21444"},"modified":"2022-03-14T12:19:16","modified_gmt":"2022-03-14T15:19:16","slug":"sago-a-g-invita-a-productores-a-informarse-sobre-alternativas-forrajeras-para-enfrentar-el-invierno","status":"publish","type":"post","link":"https:\/\/www.mundoagropecuario.cl\/new\/sago-a-g-invita-a-productores-a-informarse-sobre-alternativas-forrajeras-para-enfrentar-el-invierno\/","title":{"rendered":"SAGO A.G. invita a productores a informarse sobre alternativas forrajeras para enfrentar el invierno"},"content":{"rendered":"<blockquote>\n<h2><span style=\"color: #003300;\">Gremio desarrollar\u00e1 este jueves 10, una charla t\u00e9cnica sobre la materia, junto a empresa Barenbrug Chile.<\/span><\/h2>\n<\/blockquote>\n<p>Buscando entregar alternativas a los productores, para enfrentar de buena forma la pr\u00f3xima temporada invernal, la Sociedad Agr\u00edcola y Ganadera de Osorno A.G. realizar\u00e1 una charla t\u00e9cnica en conjunto con la empresa Barenbrug Chile, que buscar\u00e1 ilustrar a los productores sobre alternativas de producci\u00f3n de forraje invernal.<\/p>\n<p>De hecho, entre los meses de junio y julio de cada a\u00f1o, disminuye sustancialmente el crecimiento del pasto, el que no alcanza a cubrir las necesidades nutricionales de los animales rumiantes, lo que obliga a los productores a suplementar su alimentaci\u00f3n con la utilizaci\u00f3n de los denominados \u201cbolos\u201d de silo.<\/p>\n<p>Seg\u00fan explic\u00f3 el Gerente General de Barenbrug Chile, Felipe Achar\u00e1n, \u201cestamos en oto\u00f1o, y pensando en proyectar el invierno, que es la \u00e9poca del a\u00f1o en que existe mayor escasez de forraje, vamos a presentar cuatro alternativas forrajeras, con una entrega y costos diferenciados. Por tanto, de acuerdo con el sistema forrajero que tenga cada agricultor, podr\u00e1 tener informaci\u00f3n espec\u00edfica de su utilidad\u201d, se\u00f1al\u00f3.<\/p>\n<!--[if lt IE 9]><script>document.createElement('audio');<\/script><![endif]-->\n<audio class=\"wp-audio-shortcode\" id=\"audio-21444-1\" preload=\"none\" style=\"width: 100%;\" controls=\"controls\"><source type=\"audio\/mpeg\" src=\"https:\/\/www.mundoagropecuario.cl\/new\/wp-content\/uploads\/2022\/03\/Felipe-Acharan-Barenbrug-Chile.mp3?_=1\" \/><a href=\"https:\/\/www.mundoagropecuario.cl\/new\/wp-content\/uploads\/2022\/03\/Felipe-Acharan-Barenbrug-Chile.mp3\">https:\/\/www.mundoagropecuario.cl\/new\/wp-content\/uploads\/2022\/03\/Felipe-Acharan-Barenbrug-Chile.mp3<\/a><\/audio>\n<p>El ejecutivo indic\u00f3 que, a la situaci\u00f3n estacional de afectaci\u00f3n del crecimiento del forraje, se suma el escenario de mayores costos del forraje conservado, y de insumos que se est\u00e1 presentando en todo el mundo. \u201cHoy conviene a los agricultores el poder producir la mayor parte de la alimentaci\u00f3n animal dentro de sus predios. Y por eso, es muy relevante planificar hoy en oto\u00f1o la producci\u00f3n de praderas que vamos a requerir en invierno\u201d, sostuvo.<\/p>\n<p>Por su parte, el director ejecutivo de SAGO A.G., Christian Arntz, valor\u00f3 la oportunidad de realizar la actividad, abierta para todos los agricultores. \u201cEste verano fue bastante seco, lo que oblig\u00f3 tempranamente a adelantar el uso de recursos forrajeros destinados al invierno, por lo que el balance forrajero se vio afectado, y hoy los agricultores necesitamos de alternativas para palear ese d\u00e9ficit invernal. Por ello, es muy bienvenida esta charla, que nos entregar\u00e1 ciertas luces de c\u00f3mo enfrentar esta problem\u00e1tica\u201d, coment\u00f3.<\/p>\n<audio class=\"wp-audio-shortcode\" id=\"audio-21444-2\" preload=\"none\" style=\"width: 100%;\" controls=\"controls\"><source type=\"audio\/mpeg\" src=\"https:\/\/www.mundoagropecuario.cl\/new\/wp-content\/uploads\/2022\/03\/Christian-Arntz-Director-Ejecutivo-SAGO-A.G.mp3?_=2\" \/><a href=\"https:\/\/www.mundoagropecuario.cl\/new\/wp-content\/uploads\/2022\/03\/Christian-Arntz-Director-Ejecutivo-SAGO-A.G.mp3\">https:\/\/www.mundoagropecuario.cl\/new\/wp-content\/uploads\/2022\/03\/Christian-Arntz-Director-Ejecutivo-SAGO-A.G.mp3<\/a><\/audio>\n<p>El encuentro, denominado &#8220;4 alternativas forrajeras para enfrentar el invierno&#8221;, se desarrollar\u00e1 el jueves 10 de marzo, desde las 8.30 horas, en el Espacio SAGO del recinto de exposiciones.<\/p>\n","protected":false},"excerpt":{"rendered":"<p>Entre los meses de junio y julio de cada a\u00f1o, disminuye sustancialmente el crecimiento del pasto, el que no alcanza a cubrir las necesidades nutricionales de los animales rumiantes.<\/p>\n","protected":false},"author":2,"featured_media":21445,"comment_status":"closed","ping_status":"closed","sticky":false,"template":"","format":"standard","meta":{"footnotes":""},"categories":[1945],"tags":[2090,6759,6760,2699,4398,2929,2103],"class_list":["post-21444","post","type-post","status-publish","format-standard","has-post-thumbnail","hentry","category-agricultura","tag-agricultura","tag-alternativas-forrajeras","tag-barenbrug-chile","tag-forraje","tag-pasto","tag-pastoreo","tag-sago-a-g"],"yoast_head":"<!-- This site is optimized with the Yoast SEO plugin v26.6 - https:\/\/yoast.com\/wordpress\/plugins\/seo\/ -->\n<title>SAGO A.G. invita a productores a informarse sobre alternativas forrajeras para enfrentar el invierno - Mundoagropecuario<\/title>\n<meta name=\"description\" content=\"Entre los meses de junio y julio de cada a\u00f1o, disminuye sustancialmente el crecimiento del pasto, el que no alcanza a cubrir las necesidades.\" \/>\n<meta name=\"robots\" content=\"index, follow, max-snippet:-1, max-image-preview:large, max-video-preview:-1\" \/>\n<link rel=\"canonical\" href=\"https:\/\/www.mundoagropecuario.cl\/new\/sago-a-g-invita-a-productores-a-informarse-sobre-alternativas-forrajeras-para-enfrentar-el-invierno\/\" \/>\n<meta property=\"og:locale\" content=\"es_ES\" \/>\n<meta property=\"og:type\" content=\"article\" \/>\n<meta property=\"og:title\" content=\"SAGO A.G. invita a productores a informarse sobre alternativas forrajeras para enfrentar el invierno - Mundoagropecuario\" \/>\n<meta property=\"og:description\" content=\"Entre los meses de junio y julio de cada a\u00f1o, disminuye sustancialmente el crecimiento del pasto, el que no alcanza a cubrir las necesidades.\" \/>\n<meta property=\"og:url\" content=\"https:\/\/www.mundoagropecuario.cl\/new\/sago-a-g-invita-a-productores-a-informarse-sobre-alternativas-forrajeras-para-enfrentar-el-invierno\/\" \/>\n<meta property=\"og:site_name\" content=\"Mundoagropecuario\" \/>\n<meta property=\"article:publisher\" content=\"https:\/\/www.facebook.com\/mundo.agropecuario.3\" \/>\n<meta property=\"article:published_time\" content=\"2022-03-08T15:50:43+00:00\" \/>\n<meta property=\"article:modified_time\" content=\"2022-03-14T15:19:16+00:00\" \/>\n<meta property=\"og:image\" content=\"https:\/\/www.mundoagropecuario.cl\/new\/wp-content\/uploads\/2022\/03\/Charla-Barenbrug-scaled.jpeg\" \/>\n\t<meta property=\"og:image:width\" content=\"1024\" \/>\n\t<meta property=\"og:image:height\" content=\"955\" \/>\n\t<meta property=\"og:image:type\" content=\"image\/jpeg\" \/>\n<meta name=\"author\" content=\"mundo\" \/>\n<meta name=\"twitter:card\" content=\"summary_large_image\" \/>\n<meta name=\"twitter:creator\" content=\"@MundoAgropecuar\" \/>\n<meta name=\"twitter:site\" content=\"@MundoAgropecuar\" \/>\n<meta name=\"twitter:label1\" content=\"Escrito por\" \/>\n\t<meta name=\"twitter:data1\" content=\"mundo\" \/>\n\t<meta name=\"twitter:label2\" content=\"Tiempo de lectura\" \/>\n\t<meta name=\"twitter:data2\" content=\"2 minutos\" \/>\n<script type=\"application\/ld+json\" class=\"yoast-schema-graph\">{\"@context\":\"https:\/\/schema.org\",\"@graph\":[{\"@type\":\"Article\",\"@id\":\"https:\/\/www.mundoagropecuario.cl\/new\/sago-a-g-invita-a-productores-a-informarse-sobre-alternativas-forrajeras-para-enfrentar-el-invierno\/#article\",\"isPartOf\":{\"@id\":\"https:\/\/www.mundoagropecuario.cl\/new\/sago-a-g-invita-a-productores-a-informarse-sobre-alternativas-forrajeras-para-enfrentar-el-invierno\/\"},\"author\":{\"name\":\"mundo\",\"@id\":\"https:\/\/www.mundoagropecuario.cl\/new\/#\/schema\/person\/4e9f74a82a7dac260eb1c44b7eebeb18\"},\"headline\":\"SAGO A.G. invita a productores a informarse sobre alternativas forrajeras para enfrentar el invierno\",\"datePublished\":\"2022-03-08T15:50:43+00:00\",\"dateModified\":\"2022-03-14T15:19:16+00:00\",\"mainEntityOfPage\":{\"@id\":\"https:\/\/www.mundoagropecuario.cl\/new\/sago-a-g-invita-a-productores-a-informarse-sobre-alternativas-forrajeras-para-enfrentar-el-invierno\/\"},\"wordCount\":423,\"publisher\":{\"@id\":\"https:\/\/www.mundoagropecuario.cl\/new\/#organization\"},\"image\":{\"@id\":\"https:\/\/www.mundoagropecuario.cl\/new\/sago-a-g-invita-a-productores-a-informarse-sobre-alternativas-forrajeras-para-enfrentar-el-invierno\/#primaryimage\"},\"thumbnailUrl\":\"https:\/\/www.mundoagropecuario.cl\/new\/wp-content\/uploads\/2022\/03\/Charla-Barenbrug-scaled.jpeg\",\"keywords\":[\"Agricultura\",\"alternativas forrajeras\",\"Barenbrug Chile\",\"forraje\",\"pasto\",\"pastoreo\",\"SAGO A.G.\"],\"articleSection\":[\"Agricultura\"],\"inLanguage\":\"es\"},{\"@type\":\"WebPage\",\"@id\":\"https:\/\/www.mundoagropecuario.cl\/new\/sago-a-g-invita-a-productores-a-informarse-sobre-alternativas-forrajeras-para-enfrentar-el-invierno\/\",\"url\":\"https:\/\/www.mundoagropecuario.cl\/new\/sago-a-g-invita-a-productores-a-informarse-sobre-alternativas-forrajeras-para-enfrentar-el-invierno\/\",\"name\":\"SAGO A.G. invita a productores a informarse sobre alternativas forrajeras para enfrentar el invierno - Mundoagropecuario\",\"isPartOf\":{\"@id\":\"https:\/\/www.mundoagropecuario.cl\/new\/#website\"},\"primaryImageOfPage\":{\"@id\":\"https:\/\/www.mundoagropecuario.cl\/new\/sago-a-g-invita-a-productores-a-informarse-sobre-alternativas-forrajeras-para-enfrentar-el-invierno\/#primaryimage\"},\"image\":{\"@id\":\"https:\/\/www.mundoagropecuario.cl\/new\/sago-a-g-invita-a-productores-a-informarse-sobre-alternativas-forrajeras-para-enfrentar-el-invierno\/#primaryimage\"},\"thumbnailUrl\":\"https:\/\/www.mundoagropecuario.cl\/new\/wp-content\/uploads\/2022\/03\/Charla-Barenbrug-scaled.jpeg\",\"datePublished\":\"2022-03-08T15:50:43+00:00\",\"dateModified\":\"2022-03-14T15:19:16+00:00\",\"description\":\"Entre los meses de junio y julio de cada a\u00f1o, disminuye sustancialmente el crecimiento del pasto, el que no alcanza a cubrir las necesidades.\",\"breadcrumb\":{\"@id\":\"https:\/\/www.mundoagropecuario.cl\/new\/sago-a-g-invita-a-productores-a-informarse-sobre-alternativas-forrajeras-para-enfrentar-el-invierno\/#breadcrumb\"},\"inLanguage\":\"es\",\"potentialAction\":[{\"@type\":\"ReadAction\",\"target\":[\"https:\/\/www.mundoagropecuario.cl\/new\/sago-a-g-invita-a-productores-a-informarse-sobre-alternativas-forrajeras-para-enfrentar-el-invierno\/\"]}]},{\"@type\":\"ImageObject\",\"inLanguage\":\"es\",\"@id\":\"https:\/\/www.mundoagropecuario.cl\/new\/sago-a-g-invita-a-productores-a-informarse-sobre-alternativas-forrajeras-para-enfrentar-el-invierno\/#primaryimage\",\"url\":\"https:\/\/www.mundoagropecuario.cl\/new\/wp-content\/uploads\/2022\/03\/Charla-Barenbrug-scaled.jpeg\",\"contentUrl\":\"https:\/\/www.mundoagropecuario.cl\/new\/wp-content\/uploads\/2022\/03\/Charla-Barenbrug-scaled.jpeg\",\"width\":429,\"height\":400},{\"@type\":\"BreadcrumbList\",\"@id\":\"https:\/\/www.mundoagropecuario.cl\/new\/sago-a-g-invita-a-productores-a-informarse-sobre-alternativas-forrajeras-para-enfrentar-el-invierno\/#breadcrumb\",\"itemListElement\":[{\"@type\":\"ListItem\",\"position\":1,\"name\":\"Portada\",\"item\":\"https:\/\/www.mundoagropecuario.cl\/new\/\"},{\"@type\":\"ListItem\",\"position\":2,\"name\":\"SAGO A.G. invita a productores a informarse sobre alternativas forrajeras para enfrentar el invierno\"}]},{\"@type\":\"WebSite\",\"@id\":\"https:\/\/www.mundoagropecuario.cl\/new\/#website\",\"url\":\"https:\/\/www.mundoagropecuario.cl\/new\/\",\"name\":\"Mundoagropecuario\",\"description\":\"Mundo Agropecuario\",\"publisher\":{\"@id\":\"https:\/\/www.mundoagropecuario.cl\/new\/#organization\"},\"potentialAction\":[{\"@type\":\"SearchAction\",\"target\":{\"@type\":\"EntryPoint\",\"urlTemplate\":\"https:\/\/www.mundoagropecuario.cl\/new\/?s={search_term_string}\"},\"query-input\":{\"@type\":\"PropertyValueSpecification\",\"valueRequired\":true,\"valueName\":\"search_term_string\"}}],\"inLanguage\":\"es\"},{\"@type\":\"Organization\",\"@id\":\"https:\/\/www.mundoagropecuario.cl\/new\/#organization\",\"name\":\"Revista de Agricultura\",\"url\":\"https:\/\/www.mundoagropecuario.cl\/new\/\",\"logo\":{\"@type\":\"ImageObject\",\"inLanguage\":\"es\",\"@id\":\"https:\/\/www.mundoagropecuario.cl\/new\/#\/schema\/logo\/image\/\",\"url\":\"https:\/\/www.mundoagropecuario.cl\/new\/wp-content\/uploads\/2020\/11\/PORTAL-1-1.png\",\"contentUrl\":\"https:\/\/www.mundoagropecuario.cl\/new\/wp-content\/uploads\/2020\/11\/PORTAL-1-1.png\",\"width\":1026,\"height\":100,\"caption\":\"Revista de Agricultura\"},\"image\":{\"@id\":\"https:\/\/www.mundoagropecuario.cl\/new\/#\/schema\/logo\/image\/\"},\"sameAs\":[\"https:\/\/www.facebook.com\/mundo.agropecuario.3\",\"https:\/\/x.com\/MundoAgropecuar\",\"https:\/\/www.linkedin.com\/in\/mundo-agropecuario-934009201\/\"]},{\"@type\":\"Person\",\"@id\":\"https:\/\/www.mundoagropecuario.cl\/new\/#\/schema\/person\/4e9f74a82a7dac260eb1c44b7eebeb18\",\"name\":\"mundo\",\"url\":\"https:\/\/www.mundoagropecuario.cl\/new\/author\/mundo\/\"}]}<\/script>\n<!-- \/ Yoast SEO plugin. -->","yoast_head_json":{"title":"SAGO A.G. invita a productores a informarse sobre alternativas forrajeras para enfrentar el invierno - Mundoagropecuario","description":"Entre los meses de junio y julio de cada a\u00f1o, disminuye sustancialmente el crecimiento del pasto, el que no alcanza a cubrir las necesidades.","robots":{"index":"index","follow":"follow","max-snippet":"max-snippet:-1","max-image-preview":"max-image-preview:large","max-video-preview":"max-video-preview:-1"},"canonical":"https:\/\/www.mundoagropecuario.cl\/new\/sago-a-g-invita-a-productores-a-informarse-sobre-alternativas-forrajeras-para-enfrentar-el-invierno\/","og_locale":"es_ES","og_type":"article","og_title":"SAGO A.G. invita a productores a informarse sobre alternativas forrajeras para enfrentar el invierno - Mundoagropecuario","og_description":"Entre los meses de junio y julio de cada a\u00f1o, disminuye sustancialmente el crecimiento del pasto, el que no alcanza a cubrir las necesidades.","og_url":"https:\/\/www.mundoagropecuario.cl\/new\/sago-a-g-invita-a-productores-a-informarse-sobre-alternativas-forrajeras-para-enfrentar-el-invierno\/","og_site_name":"Mundoagropecuario","article_publisher":"https:\/\/www.facebook.com\/mundo.agropecuario.3","article_published_time":"2022-03-08T15:50:43+00:00","article_modified_time":"2022-03-14T15:19:16+00:00","og_image":[{"width":1024,"height":955,"url":"https:\/\/www.mundoagropecuario.cl\/new\/wp-content\/uploads\/2022\/03\/Charla-Barenbrug-scaled.jpeg","type":"image\/jpeg"}],"author":"mundo","twitter_card":"summary_large_image","twitter_creator":"@MundoAgropecuar","twitter_site":"@MundoAgropecuar","twitter_misc":{"Escrito por":"mundo","Tiempo de lectura":"2 minutos"},"schema":{"@context":"https:\/\/schema.org","@graph":[{"@type":"Article","@id":"https:\/\/www.mundoagropecuario.cl\/new\/sago-a-g-invita-a-productores-a-informarse-sobre-alternativas-forrajeras-para-enfrentar-el-invierno\/#article","isPartOf":{"@id":"https:\/\/www.mundoagropecuario.cl\/new\/sago-a-g-invita-a-productores-a-informarse-sobre-alternativas-forrajeras-para-enfrentar-el-invierno\/"},"author":{"name":"mundo","@id":"https:\/\/www.mundoagropecuario.cl\/new\/#\/schema\/person\/4e9f74a82a7dac260eb1c44b7eebeb18"},"headline":"SAGO A.G. invita a productores a informarse sobre alternativas forrajeras para enfrentar el invierno","datePublished":"2022-03-08T15:50:43+00:00","dateModified":"2022-03-14T15:19:16+00:00","mainEntityOfPage":{"@id":"https:\/\/www.mundoagropecuario.cl\/new\/sago-a-g-invita-a-productores-a-informarse-sobre-alternativas-forrajeras-para-enfrentar-el-invierno\/"},"wordCount":423,"publisher":{"@id":"https:\/\/www.mundoagropecuario.cl\/new\/#organization"},"image":{"@id":"https:\/\/www.mundoagropecuario.cl\/new\/sago-a-g-invita-a-productores-a-informarse-sobre-alternativas-forrajeras-para-enfrentar-el-invierno\/#primaryimage"},"thumbnailUrl":"https:\/\/www.mundoagropecuario.cl\/new\/wp-content\/uploads\/2022\/03\/Charla-Barenbrug-scaled.jpeg","keywords":["Agricultura","alternativas forrajeras","Barenbrug Chile","forraje","pasto","pastoreo","SAGO A.G."],"articleSection":["Agricultura"],"inLanguage":"es"},{"@type":"WebPage","@id":"https:\/\/www.mundoagropecuario.cl\/new\/sago-a-g-invita-a-productores-a-informarse-sobre-alternativas-forrajeras-para-enfrentar-el-invierno\/","url":"https:\/\/www.mundoagropecuario.cl\/new\/sago-a-g-invita-a-productores-a-informarse-sobre-alternativas-forrajeras-para-enfrentar-el-invierno\/","name":"SAGO A.G. invita a productores a informarse sobre alternativas forrajeras para enfrentar el invierno - Mundoagropecuario","isPartOf":{"@id":"https:\/\/www.mundoagropecuario.cl\/new\/#website"},"primaryImageOfPage":{"@id":"https:\/\/www.mundoagropecuario.cl\/new\/sago-a-g-invita-a-productores-a-informarse-sobre-alternativas-forrajeras-para-enfrentar-el-invierno\/#primaryimage"},"image":{"@id":"https:\/\/www.mundoagropecuario.cl\/new\/sago-a-g-invita-a-productores-a-informarse-sobre-alternativas-forrajeras-para-enfrentar-el-invierno\/#primaryimage"},"thumbnailUrl":"https:\/\/www.mundoagropecuario.cl\/new\/wp-content\/uploads\/2022\/03\/Charla-Barenbrug-scaled.jpeg","datePublished":"2022-03-08T15:50:43+00:00","dateModified":"2022-03-14T15:19:16+00:00","description":"Entre los meses de junio y julio de cada a\u00f1o, disminuye sustancialmente el crecimiento del pasto, el que no alcanza a cubrir las necesidades.","breadcrumb":{"@id":"https:\/\/www.mundoagropecuario.cl\/new\/sago-a-g-invita-a-productores-a-informarse-sobre-alternativas-forrajeras-para-enfrentar-el-invierno\/#breadcrumb"},"inLanguage":"es","potentialAction":[{"@type":"ReadAction","target":["https:\/\/www.mundoagropecuario.cl\/new\/sago-a-g-invita-a-productores-a-informarse-sobre-alternativas-forrajeras-para-enfrentar-el-invierno\/"]}]},{"@type":"ImageObject","inLanguage":"es","@id":"https:\/\/www.mundoagropecuario.cl\/new\/sago-a-g-invita-a-productores-a-informarse-sobre-alternativas-forrajeras-para-enfrentar-el-invierno\/#primaryimage","url":"https:\/\/www.mundoagropecuario.cl\/new\/wp-content\/uploads\/2022\/03\/Charla-Barenbrug-scaled.jpeg","contentUrl":"https:\/\/www.mundoagropecuario.cl\/new\/wp-content\/uploads\/2022\/03\/Charla-Barenbrug-scaled.jpeg","width":429,"height":400},{"@type":"BreadcrumbList","@id":"https:\/\/www.mundoagropecuario.cl\/new\/sago-a-g-invita-a-productores-a-informarse-sobre-alternativas-forrajeras-para-enfrentar-el-invierno\/#breadcrumb","itemListElement":[{"@type":"ListItem","position":1,"name":"Portada","item":"https:\/\/www.mundoagropecuario.cl\/new\/"},{"@type":"ListItem","position":2,"name":"SAGO A.G. invita a productores a informarse sobre alternativas forrajeras para enfrentar el invierno"}]},{"@type":"WebSite","@id":"https:\/\/www.mundoagropecuario.cl\/new\/#website","url":"https:\/\/www.mundoagropecuario.cl\/new\/","name":"Mundoagropecuario","description":"Mundo Agropecuario","publisher":{"@id":"https:\/\/www.mundoagropecuario.cl\/new\/#organization"},"potentialAction":[{"@type":"SearchAction","target":{"@type":"EntryPoint","urlTemplate":"https:\/\/www.mundoagropecuario.cl\/new\/?s={search_term_string}"},"query-input":{"@type":"PropertyValueSpecification","valueRequired":true,"valueName":"search_term_string"}}],"inLanguage":"es"},{"@type":"Organization","@id":"https:\/\/www.mundoagropecuario.cl\/new\/#organization","name":"Revista de Agricultura","url":"https:\/\/www.mundoagropecuario.cl\/new\/","logo":{"@type":"ImageObject","inLanguage":"es","@id":"https:\/\/www.mundoagropecuario.cl\/new\/#\/schema\/logo\/image\/","url":"https:\/\/www.mundoagropecuario.cl\/new\/wp-content\/uploads\/2020\/11\/PORTAL-1-1.png","contentUrl":"https:\/\/www.mundoagropecuario.cl\/new\/wp-content\/uploads\/2020\/11\/PORTAL-1-1.png","width":1026,"height":100,"caption":"Revista de Agricultura"},"image":{"@id":"https:\/\/www.mundoagropecuario.cl\/new\/#\/schema\/logo\/image\/"},"sameAs":["https:\/\/www.facebook.com\/mundo.agropecuario.3","https:\/\/x.com\/MundoAgropecuar","https:\/\/www.linkedin.com\/in\/mundo-agropecuario-934009201\/"]},{"@type":"Person","@id":"https:\/\/www.mundoagropecuario.cl\/new\/#\/schema\/person\/4e9f74a82a7dac260eb1c44b7eebeb18","name":"mundo","url":"https:\/\/www.mundoagropecuario.cl\/new\/author\/mundo\/"}]}},"_links":{"self":[{"href":"https:\/\/www.mundoagropecuario.cl\/new\/wp-json\/wp\/v2\/posts\/21444","targetHints":{"allow":["GET"]}}],"collection":[{"href":"https:\/\/www.mundoagropecuario.cl\/new\/wp-json\/wp\/v2\/posts"}],"about":[{"href":"https:\/\/www.mundoagropecuario.cl\/new\/wp-json\/wp\/v2\/types\/post"}],"author":[{"embeddable":true,"href":"https:\/\/www.mundoagropecuario.cl\/new\/wp-json\/wp\/v2\/users\/2"}],"replies":[{"embeddable":true,"href":"https:\/\/www.mundoagropecuario.cl\/new\/wp-json\/wp\/v2\/comments?post=21444"}],"version-history":[{"count":1,"href":"https:\/\/www.mundoagropecuario.cl\/new\/wp-json\/wp\/v2\/posts\/21444\/revisions"}],"predecessor-version":[{"id":21448,"href":"https:\/\/www.mundoagropecuario.cl\/new\/wp-json\/wp\/v2\/posts\/21444\/revisions\/21448"}],"wp:featuredmedia":[{"embeddable":true,"href":"https:\/\/www.mundoagropecuario.cl\/new\/wp-json\/wp\/v2\/media\/21445"}],"wp:attachment":[{"href":"https:\/\/www.mundoagropecuario.cl\/new\/wp-json\/wp\/v2\/media?parent=21444"}],"wp:term":[{"taxonomy":"category","embeddable":true,"href":"https:\/\/www.mundoagropecuario.cl\/new\/wp-json\/wp\/v2\/categories?post=21444"},{"taxonomy":"post_tag","embeddable":true,"href":"https:\/\/www.mundoagropecuario.cl\/new\/wp-json\/wp\/v2\/tags?post=21444"}],"curies":[{"name":"wp","href":"https:\/\/api.w.org\/{rel}","templated":true}]}}