{"id":21406,"date":"2022-02-08T12:15:51","date_gmt":"2022-02-08T15:15:51","guid":{"rendered":"https:\/\/www.mundoagropecuario.cl\/new\/?p=21406"},"modified":"2022-03-08T12:03:26","modified_gmt":"2022-03-08T15:03:26","slug":"revelan-claves-de-la-crisis-de-la-industria-lechera-nacional","status":"publish","type":"post","link":"https:\/\/www.mundoagropecuario.cl\/new\/revelan-claves-de-la-crisis-de-la-industria-lechera-nacional\/","title":{"rendered":"Revelan claves de la crisis de la industria lechera nacional"},"content":{"rendered":"<blockquote>\n<h2><span style=\"color: #003300;\">El poder de las transnacionales, alza de los insumos y escasez de lluvias: las claves de la crisis de la industria lechera en Chile.<\/span><\/h2>\n<\/blockquote>\n<p>La campa\u00f1a de 2021 fue la peor de los \u00faltimos diez a\u00f1os para los productores l\u00e1cteos chilenos. A los problemas clim\u00e1ticos se sum\u00f3 una crisis global en la cadena de abastecimiento, que gener\u00f3 alzas en el precio de los insumos para el trabajo lechero, elevando el coste de producci\u00f3n de un litro de leche desde $225, en 2020, a sobre los $380 en la actualidad.<\/p>\n<p>La crisis comenz\u00f3 durante el invierno europeo, cuando Rusia -principal exportador de gas natural del continente- tuvo una baja dr\u00e1stica en la producci\u00f3n de metano, limitando las exportaciones a cambio de mantener abastecida la demanda dom\u00e9stica.<\/p>\n<p>El gas natural es una materia prima imprescindible para las empresas de fertilizantes, que, ante la escasez y alto precio, redujeron la producci\u00f3n de urea y amonio, compuestos esenciales para el desarrollo de la agricultura.<\/p>\n<p><a href=\"https:\/\/www.mundoagropecuario.cl\/new\/wp-content\/uploads\/2021\/11\/leche-3.jpeg\"><img loading=\"lazy\" decoding=\"async\" class=\" wp-image-20879 alignleft\" src=\"https:\/\/www.mundoagropecuario.cl\/new\/wp-content\/uploads\/2021\/11\/leche-3.jpeg\" alt=\"\" width=\"351\" height=\"263\" \/><\/a>Con la falta de fertilizantes, los cereales como el trigo, el ma\u00edz y la soya tambi\u00e9n sufrieron alzas, afectando directamente a la industria ganadera, donde estos granos son indispensables como forraje para la alimentaci\u00f3n de bovinos.<\/p>\n<p>Hace varios a\u00f1os que el negocio l\u00e1cteo ha evidenciado problemas econ\u00f3micos para sostener la actividad de los peque\u00f1os y medianos productores, que, desde 1997, han descendido de 17 mil a 4.500 seg\u00fan datos de la Sociedad Nacional de Agricultura,<br \/>\nEsta crisis puntual demostr\u00f3 la sobredependencia del mercado chileno de la importaciones de cereales y fertilizantes. Un escenario en que, seg\u00fan cifras presentadas en el III seminario Coagra -empresa del grupo Sutil- Chile import\u00f3 el 83% del ma\u00edz, 50% del trigo y 100% de la soya en 2020.<\/p>\n<p>Sin embargo, hace varios a\u00f1os que el negocio l\u00e1cteo ha evidenciado problemas econ\u00f3micos para sostener la actividad de los peque\u00f1os y medianos productores, que, desde 1997, han descendido de 17 mil a 4.500 seg\u00fan datos de la Sociedad Nacional de Agricultura,<\/p>\n<p><strong><span style=\"color: #003300;\">Crisis clim\u00e1tica: menos lluvias, menos pastizales<\/span><\/strong><\/p>\n<p>Productores l\u00e1cteos conversaron con INTERFERENCIA -solicitando reservar su identidad- para manifestar su descontento con la forma en que se ha administrado la crisis clim\u00e1tica e h\u00eddrica y que ha encarecido los insumos para desarrollar su trabajo.<\/p>\n<p>Adem\u00e1s, expresaron sus reservas respecto del control sectorial que ejercen Fonterra, Col\u00fan y Nestl\u00e9, grupo de empresas que -seg\u00fan la Oficina de Estudios y Pol\u00edticas Agrarias (ODEPA)- controla el 68% del mercado y que fija precios con los que dif\u00edcilmente pueden continuar su actividad.<\/p>\n<p>Por una parte, la crisis clim\u00e1tica ha puesto en jaque el modelo de pastoreo neozeland\u00e9s, basado en alimentar a las vacas a base de pasto y orde\u00f1ar durante la primavera.<\/p>\n<p>Seg\u00fan la Direcci\u00f3n General de Aguas, en 2021 hubo un d\u00e9ficit de lluvias del 34% en Puerto Montt. Lo mismo para Valdivia, donde fue del 29%. Este d\u00e9ficit en lluvias en regiones lecheras al sur de Chile -Los R\u00edos y Los Lagos- ha provocado que no se puedan cultivar los pastizales para el pastoreo de las vacas.<\/p>\n<p>As\u00ed, lo que antes era un ahorro en alimentaci\u00f3n se transform\u00f3 en un gasto m\u00e1s en fertilizantes y cereales para forraje, aumentando los costes de producci\u00f3n.<\/p>\n<p>Seg\u00fan Michel Junod, ex gerente general de la Asociaci\u00f3n de Productores de Leche Osorno (Aproleche), asociaci\u00f3n que agrupa a 800 productores: \u201cEl fertilizante ha subido el 200%, pero los otros insumos tambi\u00e9n han subido un 10, 20 y 30%. En promedio, los granos subieron un 25%. Y todo va prorrateado por el litro de leche. Al final las alzas de los costos est\u00e1n calculadas en un 35% y el alza de la leche no ha superado el 8% en el mejor de los casos\u201d.<\/p>\n<p>Los valores de Junod se condicen con lo expuesto por Marcos Winkler, presidente de Aproleche y Fedeleche, en su columna publicada el 28 de enero en el diario Austral de Osorno: \u201cEl sector se ha visto impactado por factores como la sequ\u00eda y altos costes de producci\u00f3n, asociados a la pandemia y a problemas en la cadena log\u00edstica; produciendo un aumento en los \u00faltimos 12 meses de un 30% en los costos, frente a solamente un 8% de incremento del precio pagado al productor\u201d.<\/p>\n<p>En 2021, el precio al productor por litro de leche lleg\u00f3 a los $318 pesos seg\u00fan ODEPA, mientras que Billard afirma que: \u201cHoy nos est\u00e1 costando alrededor de 380 pesos producir un litro de leche, estamos produciendo a p\u00e9rdida\u201d.<br \/>\nPara conversar sobre el alza de precios, INTERFERENCIA habl\u00f3 con Juan Billiard, ingeniero agr\u00f3nomo y empresario lechero con 120 vacas en su haber, localizado en Puerto Varas desde 1993.<\/p>\n<p><a href=\"https:\/\/www.mundoagropecuario.cl\/new\/wp-content\/uploads\/2021\/06\/leche-6.jpeg\"><img loading=\"lazy\" decoding=\"async\" class=\" wp-image-19219 alignright\" src=\"https:\/\/www.mundoagropecuario.cl\/new\/wp-content\/uploads\/2021\/06\/leche-6-586x330.jpeg\" alt=\"\" width=\"503\" height=\"283\" srcset=\"https:\/\/www.mundoagropecuario.cl\/new\/wp-content\/uploads\/2021\/06\/leche-6-586x330.jpeg 586w, https:\/\/www.mundoagropecuario.cl\/new\/wp-content\/uploads\/2021\/06\/leche-6-768x432.jpeg 768w, https:\/\/www.mundoagropecuario.cl\/new\/wp-content\/uploads\/2021\/06\/leche-6.jpeg 1024w\" sizes=\"auto, (max-width: 503px) 100vw, 503px\" \/><\/a>Respecto de las alzas, Billiard afirma que: \u201cEl fertilizante de 260, 280 mil pesos la tonelada, hoy lo estamos pagando a 850 mil, lo cual es imposible de pagar\u201d.<\/p>\n<p>Sin embargo, las empresas no han subido el precio al productor a pesar del alza evidente en los insumos.<\/p>\n<p>En 2021, el precio al productor por litro de leche lleg\u00f3 a los $318 pesos seg\u00fan ODEPA, mientras que Billard afirma que: \u201cHoy nos est\u00e1 costando alrededor de 380 pesos producir un litro de leche, estamos produciendo a p\u00e9rdida\u201d.<\/p>\n<p>Buscando una explicaci\u00f3n de Fonterra y Nestl\u00e9, Billiard asegura que: \u201cLas plantas lecheras pagan lo que quieren. Les preguntas c\u00f3mo calculaste ese precio [por litro de leche]. \u2018No s\u00e9, ese es el precio\u2019. Entonces ellos quieren maximizar sus utilidades a costa del productor y a costa del consumidor\u201d.<\/p>\n<p>Seg\u00fan el ingeniero agr\u00f3nomo la crisis l\u00e1ctea ha provocado que la gente venda sus vacas y salga del negocio lechero. \u201cVamos vendiendo, pero nos estamos quedando sin animales en Chile. El \u00faltimo censo [del Instituto Nacional de Estad\u00edsticas] me largu\u00e9 a llorar: dos millones y medio. \u00bfY d\u00f3nde est\u00e1n los cuatro millones que ten\u00edamos?\u201d, comenta.<\/p>\n<p><strong><span style=\"color: #003300;\">Oligopsonio, el poder de unos pocos<\/span><\/strong><\/p>\n<p>Otro factor importante para las crisis de los peque\u00f1os y medianos productores es el mercado de compradores de leche, formado por un grupo acotado de empresas que demandan leche y que pueden fijar precios, ejercer presiones y limitar la competencia.<\/p>\n<p>En total son tres empresas las que controlan el rubro lechero seg\u00fan datos de ODEPA: Col\u00fan, Fonterra y Nestl\u00e9, que concentran el 68% del mercado de recepci\u00f3n de leche y, por lo tanto, marcan la pauta para los productores l\u00e1cteos.<\/p>\n<p>Seg\u00fan datos del mismo organismo, en 2021 Col\u00fan alcanz\u00f3 el 29% de la cuota pa\u00eds. En segundo lugar qued\u00f3 Fonterra -neozelandesa due\u00f1a de Soprole y Prolesur- con el 21%, Y, en tercer lugar, Nestl\u00e9 con el 18%. A esta lista se uni\u00f3 Watt\u2019s, empresa transnacional chilena que lleg\u00f3 a recepcionar un 12% de la leche producida el a\u00f1o pasado.<\/p>\n<p>Cabe destacar que estos n\u00fameros vienen en aumento desde 2018, con Col\u00fan y Fonterra creciendo un 3% y Nestl\u00e9 y Watt\u2019s un 1%.<\/p>\n<p>Adem\u00e1s, seg\u00fan consta en la \u00faltima memoria anual de estas empresas -correspondiente al a\u00f1o 2020- se reportan importantes ganancias. Soprole tuvo utilidades que rondaron los 23 mil millones de pesos. Cercano a Watt\u2019s, que en el mismo periodo obtuvo 24 mil millones de pesos en ganancia. Por su parte, Col\u00fan obtuvo un remanente de 76 mil millones de pesos.<\/p>\n<p>Ya en 1996, la Fiscal\u00eda Regional Econ\u00f3mica hab\u00eda acusado a Lechera del Sur (Nestl\u00e9), Soprole, Loncoleche y Parmalat de haber establecido un oligopsonio en la IX regi\u00f3n de La Araucan\u00eda.<br \/>\nSeg\u00fan Junod, fuera de Col\u00fan y sus cooperados que producen, pagan y procesan su propia leche, \u201cel 70% est\u00e1 repartido entre Nestl\u00e9, Soprole, Watt\u2019s, Lactalis, Surlat y todas son transnacionales (\u2026) que, como son poquitas, se pueden poner de acuerdo en alg\u00fan momento [para fijar precios]\u201d.<\/p>\n<p>Por lo mismo, los productores manifiestan su suspicacia y las dudas respecto al control de Fonterra sobre el mercado l\u00e1cteo: \u201cSi basta que el agente m\u00e1s fuerte del mercado ponga un precio y el resto los sigue, y es el caso de Soprole. Soprole es el que manda la pauta y el resto se suma\u201d, comenta Junod.<\/p>\n<p>Ya en 1996, la Fiscal\u00eda Regional Econ\u00f3mica hab\u00eda acusado a Lechera del Sur (Nestl\u00e9), Soprole, Loncoleche y Parmalat de haber establecido un oligopsonio en la IX regi\u00f3n de La Araucan\u00eda.<\/p>\n<p>A trav\u00e9s del dictamen N\u00b01\/96, la Fiscal\u00eda estableci\u00f3 que las cuatro empresas controlaban m\u00e1s del 90% del mercado, constituyendo \u201cun oligopsonio discriminador de precios (\u2026), que establece, entre otras restricciones, reparto de cuotas de producci\u00f3n en el mercado, negativa de compra, manipulaci\u00f3n de resultados de an\u00e1lisis de calidad, disminuci\u00f3n de precios y discriminaci\u00f3n de precios, que dan origen a un abuso de posici\u00f3n dominante\u201d.<\/p>\n<p>Sin embargo, en 2004, el Tribunal de Defensa de la Libre Competencia (TDLC) desestim\u00f3 el dictamen de la Fiscal\u00eda, considerando que no se prob\u00f3 suficientemente las acusaciones de oligopsonio.<\/p>\n<p>De todas formas, se consideraron los problemas del mercado l\u00e1cteo, que seg\u00fan el TDLC \u201cadolece de imperfecciones, observ\u00e1ndose falta de transparencia en el mismo\u201d.<\/p>\n<p>Seg\u00fan fuentes al interior de Watt\u2019s, que prefirieron hablar fuera de micr\u00f3fono, en la compa\u00f1\u00eda el precio base se determina seg\u00fan el mercado. Esto es, mirando el valor que otras empresas dan al litro de leche y ajust\u00e1ndose a ello, cuesti\u00f3n que reclaman los peque\u00f1os lecheros, pues generar\u00eda pr\u00e1cticas como la colusi\u00f3n y disminuci\u00f3n de precios.<br \/>\nPara subsanar estos defectos, el Tribunal dispuso que las empresas procesadoras mantengan un listado de precios de compra, el que debe anunciarse con un mes de anticipaci\u00f3n a su implementaci\u00f3n.<\/p>\n<p>Sin embargo, estas disposiciones no contemplaron la explicaci\u00f3n del valor base de un litro de leche. Sin saber c\u00f3mo se determina el precio, los lecheros venden comparando las pautas de las empresas.<\/p>\n<p>Seg\u00fan fuentes al interior de Watt\u2019s, que prefirieron hablar fuera de micr\u00f3fono, en la compa\u00f1\u00eda el precio base se determina seg\u00fan el mercado. Esto es, mirando el valor que otras empresas dan al litro de leche y ajust\u00e1ndose a ello, cuesti\u00f3n que reclaman los peque\u00f1os lecheros, pues generar\u00eda pr\u00e1cticas como la colusi\u00f3n y disminuci\u00f3n de precios.<\/p>\n<p>De acuerdo a los sitios web de cada empresa, los \u00faltimos precios publicados por Fonterra, Nestl\u00e9 y Watt\u2019s fueron entre el 16 y 19 de enero y la variaci\u00f3n del precio base estuvo entre los $145 a $204 pesos.<\/p>\n<figure id=\"attachment_170289\" class=\"wp-caption aligncenter\" aria-describedby=\"caption-attachment-170289\"><img loading=\"lazy\" decoding=\"async\" class=\"size-full wp-image-170289\" src=\"https:\/\/i1.wp.com\/edairynews.com\/es\/wp-content\/uploads\/2022\/02\/El-poder-de-las-transnacionales1.jpeg?resize=560%2C228&amp;ssl=1\" sizes=\"auto, (max-width: 560px) 100vw, 560px\" srcset=\"https:\/\/i1.wp.com\/edairynews.com\/es\/wp-content\/uploads\/2022\/02\/El-poder-de-las-transnacionales1.jpeg?w=560&amp;ssl=1 560w, https:\/\/i1.wp.com\/edairynews.com\/es\/wp-content\/uploads\/2022\/02\/El-poder-de-las-transnacionales1.jpeg?resize=300%2C122&amp;ssl=1 300w\" alt=\"\" width=\"560\" height=\"228\" data-recalc-dims=\"1\" data-pagespeed-url-hash=\"1725903478\" data-pin-no-hover=\"true\" \/><figcaption id=\"caption-attachment-170289\" class=\"wp-caption-text\"><strong><span style=\"color: #003300;\">\u00daltimas pautas de precio publicadas por Fonterra, Nestl\u00e9 y Watt\u2019s<\/span><\/strong><\/figcaption><\/figure>\n<p>INTERFERENCIA contact\u00f3 al gerente general de Soprole, Sebasti\u00e1n Tagle, para consultar sobre los par\u00e1metros que la empresa usa para establecer el precio del litro de leche, pero declin\u00f3 dar declaraciones al respecto. En tanto, Erich Becker, gerente general de Prolesur no pudo ser contactado.<\/p>\n<p>Por su parte, Nestl\u00e9 contest\u00f3 a las llamadas de INTERFERENCIA, pero no respondieron en el plazo de publicaci\u00f3n de este reportaje.<\/p>\n<p><strong><span style=\"color: #003300;\">Col\u00fan<\/span><\/strong><\/p>\n<p>Por ahora, Col\u00fan ha funcionado fuera del sistema de compra de leche. Seg\u00fan la resoluci\u00f3n N\u00b057 de 2019 del TDLC, la cooperativa adquiere un 99,78% de la leche de sus asociados. Por lo que, el Tribunal la considera t\u00e9cnicamente fuera del mercado de la recepci\u00f3n de leche, no teniendo que publicar sus memorias anuales ni dar cuenta de sus pautas de precios.<\/p>\n<p><a href=\"https:\/\/www.mundoagropecuario.cl\/new\/wp-content\/uploads\/2021\/08\/leche-Colun-scaled.jpeg\"><img loading=\"lazy\" decoding=\"async\" class=\" wp-image-19865 alignleft\" src=\"https:\/\/www.mundoagropecuario.cl\/new\/wp-content\/uploads\/2021\/08\/leche-Colun-586x391.jpeg\" alt=\"\" width=\"450\" height=\"300\" srcset=\"https:\/\/www.mundoagropecuario.cl\/new\/wp-content\/uploads\/2021\/08\/leche-Colun-586x391.jpeg 586w, https:\/\/www.mundoagropecuario.cl\/new\/wp-content\/uploads\/2021\/08\/leche-Colun-1024x683.jpeg 1024w, https:\/\/www.mundoagropecuario.cl\/new\/wp-content\/uploads\/2021\/08\/leche-Colun-768x512.jpeg 768w, https:\/\/www.mundoagropecuario.cl\/new\/wp-content\/uploads\/2021\/08\/leche-Colun-1536x1024.jpeg 1536w, https:\/\/www.mundoagropecuario.cl\/new\/wp-content\/uploads\/2021\/08\/leche-Colun-scaled.jpeg 600w\" sizes=\"auto, (max-width: 450px) 100vw, 450px\" \/><\/a>Respecto a Col\u00fan y sus perspectivas de crecimiento en medio de la crisis, Billiard comenta que: \u201cLos productores de Col\u00fan han crecido, porque la cooperativa se estanc\u00f3, se cerr\u00f3, ya no reciben a nadie m\u00e1s. Y empezaron a hacer crecer a sus propios asociados\u201d.<\/p>\n<p>Sin embargo, el problema lleg\u00f3 para los productores que no son parte de Col\u00fan, que seg\u00fan Billiard se encuentran de San Pablo al sur, en la X regi\u00f3n.<\/p>\n<p>As\u00ed, los niveles de producci\u00f3n para lecheros bajaron durante 2021: \u201cHemos bajado 6% nuestras producciones, nuestra masa ganadera es para llorar y el empobrecimiento en el mundo rural es tremendo\u201d.<\/p>\n<p>Sobre mantener el modelo de pastoreo, Billiard opone que es imposible instalar equipos de riego para todos los agricultores de la X y XIV regi\u00f3n: \u201cTodav\u00eda hay gente que cree que la Comisi\u00f3n Nacional de Riego a trav\u00e9s de las asociaciones puede instalar un equipo de riego. \u00bfUsted cree que le van a instalar equipo de riego a los 15 mil productores que hay en esta regi\u00f3n? Si alcanza con suerte a instalarle a siete, los productores m\u00e1s ricos.\u201d<\/p>\n<p>Fuente: https:\/\/interferencia.cl\/<\/p>\n","protected":false},"excerpt":{"rendered":"<p>Crisis del sector l\u00e1cteo:  El poder de las transnacionales, alza de los insumos y escasez de lluvias: las claves de la crisis de la industria lechera nacional<\/p>\n","protected":false},"author":2,"featured_media":21242,"comment_status":"closed","ping_status":"closed","sticky":false,"template":"","format":"standard","meta":{"footnotes":""},"categories":[1946],"tags":[2090,3127,2034,2058,6750,2051,2554,2066,4252],"class_list":["post-21406","post","type-post","status-publish","format-standard","has-post-thumbnail","hentry","category-lacteos","tag-agricultura","tag-agro","tag-colun","tag-fedeleche","tag-fonterra-y-nestle","tag-leche","tag-lecherias","tag-odepa","tag-watt"],"yoast_head":"<!-- This site is optimized with the Yoast SEO plugin v26.6 - https:\/\/yoast.com\/wordpress\/plugins\/seo\/ -->\n<title>Revelan claves de la crisis de la industria lechera nacional - Mundoagropecuario<\/title>\n<meta name=\"description\" content=\"El poder de las transnacionales, alza de los insumos y escasez de lluvias: las claves de la crisis de la industria lechera nacional\" \/>\n<meta name=\"robots\" content=\"index, follow, max-snippet:-1, max-image-preview:large, max-video-preview:-1\" \/>\n<link rel=\"canonical\" href=\"https:\/\/www.mundoagropecuario.cl\/new\/revelan-claves-de-la-crisis-de-la-industria-lechera-nacional\/\" \/>\n<meta property=\"og:locale\" content=\"es_ES\" \/>\n<meta property=\"og:type\" content=\"article\" \/>\n<meta property=\"og:title\" content=\"Revelan claves de la crisis de la industria lechera nacional - Mundoagropecuario\" \/>\n<meta property=\"og:description\" content=\"El poder de las transnacionales, alza de los insumos y escasez de lluvias: las claves de la crisis de la industria lechera nacional\" \/>\n<meta property=\"og:url\" content=\"https:\/\/www.mundoagropecuario.cl\/new\/revelan-claves-de-la-crisis-de-la-industria-lechera-nacional\/\" \/>\n<meta property=\"og:site_name\" content=\"Mundoagropecuario\" \/>\n<meta property=\"article:publisher\" content=\"https:\/\/www.facebook.com\/mundo.agropecuario.3\" \/>\n<meta property=\"article:published_time\" content=\"2022-02-08T15:15:51+00:00\" \/>\n<meta property=\"article:modified_time\" content=\"2022-03-08T15:03:26+00:00\" \/>\n<meta property=\"og:image\" content=\"https:\/\/www.mundoagropecuario.cl\/new\/wp-content\/uploads\/2021\/12\/leche2.jpeg\" \/>\n\t<meta property=\"og:image:width\" content=\"600\" \/>\n\t<meta property=\"og:image:height\" content=\"370\" \/>\n\t<meta property=\"og:image:type\" content=\"image\/jpeg\" \/>\n<meta name=\"author\" content=\"mundo\" \/>\n<meta name=\"twitter:card\" content=\"summary_large_image\" \/>\n<meta name=\"twitter:creator\" content=\"@MundoAgropecuar\" \/>\n<meta name=\"twitter:site\" content=\"@MundoAgropecuar\" \/>\n<meta name=\"twitter:label1\" content=\"Escrito por\" \/>\n\t<meta name=\"twitter:data1\" content=\"mundo\" \/>\n\t<meta name=\"twitter:label2\" content=\"Tiempo de lectura\" \/>\n\t<meta name=\"twitter:data2\" content=\"10 minutos\" \/>\n<script type=\"application\/ld+json\" class=\"yoast-schema-graph\">{\"@context\":\"https:\/\/schema.org\",\"@graph\":[{\"@type\":\"Article\",\"@id\":\"https:\/\/www.mundoagropecuario.cl\/new\/revelan-claves-de-la-crisis-de-la-industria-lechera-nacional\/#article\",\"isPartOf\":{\"@id\":\"https:\/\/www.mundoagropecuario.cl\/new\/revelan-claves-de-la-crisis-de-la-industria-lechera-nacional\/\"},\"author\":{\"name\":\"mundo\",\"@id\":\"https:\/\/www.mundoagropecuario.cl\/new\/#\/schema\/person\/4e9f74a82a7dac260eb1c44b7eebeb18\"},\"headline\":\"Revelan claves de la crisis de la industria lechera nacional\",\"datePublished\":\"2022-02-08T15:15:51+00:00\",\"dateModified\":\"2022-03-08T15:03:26+00:00\",\"mainEntityOfPage\":{\"@id\":\"https:\/\/www.mundoagropecuario.cl\/new\/revelan-claves-de-la-crisis-de-la-industria-lechera-nacional\/\"},\"wordCount\":2101,\"publisher\":{\"@id\":\"https:\/\/www.mundoagropecuario.cl\/new\/#organization\"},\"image\":{\"@id\":\"https:\/\/www.mundoagropecuario.cl\/new\/revelan-claves-de-la-crisis-de-la-industria-lechera-nacional\/#primaryimage\"},\"thumbnailUrl\":\"https:\/\/www.mundoagropecuario.cl\/new\/wp-content\/uploads\/2021\/12\/leche2.jpeg\",\"keywords\":[\"Agricultura\",\"Agro\",\"Colun\",\"Fedeleche\",\"Fonterra y Nestl\u00e9\",\"Leche\",\"lecher\u00edas\",\"Odepa\",\"Watt\"],\"articleSection\":[\"L\u00e1cteos\"],\"inLanguage\":\"es\"},{\"@type\":\"WebPage\",\"@id\":\"https:\/\/www.mundoagropecuario.cl\/new\/revelan-claves-de-la-crisis-de-la-industria-lechera-nacional\/\",\"url\":\"https:\/\/www.mundoagropecuario.cl\/new\/revelan-claves-de-la-crisis-de-la-industria-lechera-nacional\/\",\"name\":\"Revelan claves de la crisis de la industria lechera nacional - Mundoagropecuario\",\"isPartOf\":{\"@id\":\"https:\/\/www.mundoagropecuario.cl\/new\/#website\"},\"primaryImageOfPage\":{\"@id\":\"https:\/\/www.mundoagropecuario.cl\/new\/revelan-claves-de-la-crisis-de-la-industria-lechera-nacional\/#primaryimage\"},\"image\":{\"@id\":\"https:\/\/www.mundoagropecuario.cl\/new\/revelan-claves-de-la-crisis-de-la-industria-lechera-nacional\/#primaryimage\"},\"thumbnailUrl\":\"https:\/\/www.mundoagropecuario.cl\/new\/wp-content\/uploads\/2021\/12\/leche2.jpeg\",\"datePublished\":\"2022-02-08T15:15:51+00:00\",\"dateModified\":\"2022-03-08T15:03:26+00:00\",\"description\":\"El poder de las transnacionales, alza de los insumos y escasez de lluvias: las claves de la crisis de la industria lechera nacional\",\"breadcrumb\":{\"@id\":\"https:\/\/www.mundoagropecuario.cl\/new\/revelan-claves-de-la-crisis-de-la-industria-lechera-nacional\/#breadcrumb\"},\"inLanguage\":\"es\",\"potentialAction\":[{\"@type\":\"ReadAction\",\"target\":[\"https:\/\/www.mundoagropecuario.cl\/new\/revelan-claves-de-la-crisis-de-la-industria-lechera-nacional\/\"]}]},{\"@type\":\"ImageObject\",\"inLanguage\":\"es\",\"@id\":\"https:\/\/www.mundoagropecuario.cl\/new\/revelan-claves-de-la-crisis-de-la-industria-lechera-nacional\/#primaryimage\",\"url\":\"https:\/\/www.mundoagropecuario.cl\/new\/wp-content\/uploads\/2021\/12\/leche2.jpeg\",\"contentUrl\":\"https:\/\/www.mundoagropecuario.cl\/new\/wp-content\/uploads\/2021\/12\/leche2.jpeg\",\"width\":600,\"height\":370},{\"@type\":\"BreadcrumbList\",\"@id\":\"https:\/\/www.mundoagropecuario.cl\/new\/revelan-claves-de-la-crisis-de-la-industria-lechera-nacional\/#breadcrumb\",\"itemListElement\":[{\"@type\":\"ListItem\",\"position\":1,\"name\":\"Portada\",\"item\":\"https:\/\/www.mundoagropecuario.cl\/new\/\"},{\"@type\":\"ListItem\",\"position\":2,\"name\":\"Revelan claves de la crisis de la industria lechera nacional\"}]},{\"@type\":\"WebSite\",\"@id\":\"https:\/\/www.mundoagropecuario.cl\/new\/#website\",\"url\":\"https:\/\/www.mundoagropecuario.cl\/new\/\",\"name\":\"Mundoagropecuario\",\"description\":\"Mundo Agropecuario\",\"publisher\":{\"@id\":\"https:\/\/www.mundoagropecuario.cl\/new\/#organization\"},\"potentialAction\":[{\"@type\":\"SearchAction\",\"target\":{\"@type\":\"EntryPoint\",\"urlTemplate\":\"https:\/\/www.mundoagropecuario.cl\/new\/?s={search_term_string}\"},\"query-input\":{\"@type\":\"PropertyValueSpecification\",\"valueRequired\":true,\"valueName\":\"search_term_string\"}}],\"inLanguage\":\"es\"},{\"@type\":\"Organization\",\"@id\":\"https:\/\/www.mundoagropecuario.cl\/new\/#organization\",\"name\":\"Revista de Agricultura\",\"url\":\"https:\/\/www.mundoagropecuario.cl\/new\/\",\"logo\":{\"@type\":\"ImageObject\",\"inLanguage\":\"es\",\"@id\":\"https:\/\/www.mundoagropecuario.cl\/new\/#\/schema\/logo\/image\/\",\"url\":\"https:\/\/www.mundoagropecuario.cl\/new\/wp-content\/uploads\/2020\/11\/PORTAL-1-1.png\",\"contentUrl\":\"https:\/\/www.mundoagropecuario.cl\/new\/wp-content\/uploads\/2020\/11\/PORTAL-1-1.png\",\"width\":1026,\"height\":100,\"caption\":\"Revista de Agricultura\"},\"image\":{\"@id\":\"https:\/\/www.mundoagropecuario.cl\/new\/#\/schema\/logo\/image\/\"},\"sameAs\":[\"https:\/\/www.facebook.com\/mundo.agropecuario.3\",\"https:\/\/x.com\/MundoAgropecuar\",\"https:\/\/www.linkedin.com\/in\/mundo-agropecuario-934009201\/\"]},{\"@type\":\"Person\",\"@id\":\"https:\/\/www.mundoagropecuario.cl\/new\/#\/schema\/person\/4e9f74a82a7dac260eb1c44b7eebeb18\",\"name\":\"mundo\",\"url\":\"https:\/\/www.mundoagropecuario.cl\/new\/author\/mundo\/\"}]}<\/script>\n<!-- \/ Yoast SEO plugin. -->","yoast_head_json":{"title":"Revelan claves de la crisis de la industria lechera nacional - Mundoagropecuario","description":"El poder de las transnacionales, alza de los insumos y escasez de lluvias: las claves de la crisis de la industria lechera nacional","robots":{"index":"index","follow":"follow","max-snippet":"max-snippet:-1","max-image-preview":"max-image-preview:large","max-video-preview":"max-video-preview:-1"},"canonical":"https:\/\/www.mundoagropecuario.cl\/new\/revelan-claves-de-la-crisis-de-la-industria-lechera-nacional\/","og_locale":"es_ES","og_type":"article","og_title":"Revelan claves de la crisis de la industria lechera nacional - Mundoagropecuario","og_description":"El poder de las transnacionales, alza de los insumos y escasez de lluvias: las claves de la crisis de la industria lechera nacional","og_url":"https:\/\/www.mundoagropecuario.cl\/new\/revelan-claves-de-la-crisis-de-la-industria-lechera-nacional\/","og_site_name":"Mundoagropecuario","article_publisher":"https:\/\/www.facebook.com\/mundo.agropecuario.3","article_published_time":"2022-02-08T15:15:51+00:00","article_modified_time":"2022-03-08T15:03:26+00:00","og_image":[{"width":600,"height":370,"url":"https:\/\/www.mundoagropecuario.cl\/new\/wp-content\/uploads\/2021\/12\/leche2.jpeg","type":"image\/jpeg"}],"author":"mundo","twitter_card":"summary_large_image","twitter_creator":"@MundoAgropecuar","twitter_site":"@MundoAgropecuar","twitter_misc":{"Escrito por":"mundo","Tiempo de lectura":"10 minutos"},"schema":{"@context":"https:\/\/schema.org","@graph":[{"@type":"Article","@id":"https:\/\/www.mundoagropecuario.cl\/new\/revelan-claves-de-la-crisis-de-la-industria-lechera-nacional\/#article","isPartOf":{"@id":"https:\/\/www.mundoagropecuario.cl\/new\/revelan-claves-de-la-crisis-de-la-industria-lechera-nacional\/"},"author":{"name":"mundo","@id":"https:\/\/www.mundoagropecuario.cl\/new\/#\/schema\/person\/4e9f74a82a7dac260eb1c44b7eebeb18"},"headline":"Revelan claves de la crisis de la industria lechera nacional","datePublished":"2022-02-08T15:15:51+00:00","dateModified":"2022-03-08T15:03:26+00:00","mainEntityOfPage":{"@id":"https:\/\/www.mundoagropecuario.cl\/new\/revelan-claves-de-la-crisis-de-la-industria-lechera-nacional\/"},"wordCount":2101,"publisher":{"@id":"https:\/\/www.mundoagropecuario.cl\/new\/#organization"},"image":{"@id":"https:\/\/www.mundoagropecuario.cl\/new\/revelan-claves-de-la-crisis-de-la-industria-lechera-nacional\/#primaryimage"},"thumbnailUrl":"https:\/\/www.mundoagropecuario.cl\/new\/wp-content\/uploads\/2021\/12\/leche2.jpeg","keywords":["Agricultura","Agro","Colun","Fedeleche","Fonterra y Nestl\u00e9","Leche","lecher\u00edas","Odepa","Watt"],"articleSection":["L\u00e1cteos"],"inLanguage":"es"},{"@type":"WebPage","@id":"https:\/\/www.mundoagropecuario.cl\/new\/revelan-claves-de-la-crisis-de-la-industria-lechera-nacional\/","url":"https:\/\/www.mundoagropecuario.cl\/new\/revelan-claves-de-la-crisis-de-la-industria-lechera-nacional\/","name":"Revelan claves de la crisis de la industria lechera nacional - Mundoagropecuario","isPartOf":{"@id":"https:\/\/www.mundoagropecuario.cl\/new\/#website"},"primaryImageOfPage":{"@id":"https:\/\/www.mundoagropecuario.cl\/new\/revelan-claves-de-la-crisis-de-la-industria-lechera-nacional\/#primaryimage"},"image":{"@id":"https:\/\/www.mundoagropecuario.cl\/new\/revelan-claves-de-la-crisis-de-la-industria-lechera-nacional\/#primaryimage"},"thumbnailUrl":"https:\/\/www.mundoagropecuario.cl\/new\/wp-content\/uploads\/2021\/12\/leche2.jpeg","datePublished":"2022-02-08T15:15:51+00:00","dateModified":"2022-03-08T15:03:26+00:00","description":"El poder de las transnacionales, alza de los insumos y escasez de lluvias: las claves de la crisis de la industria lechera nacional","breadcrumb":{"@id":"https:\/\/www.mundoagropecuario.cl\/new\/revelan-claves-de-la-crisis-de-la-industria-lechera-nacional\/#breadcrumb"},"inLanguage":"es","potentialAction":[{"@type":"ReadAction","target":["https:\/\/www.mundoagropecuario.cl\/new\/revelan-claves-de-la-crisis-de-la-industria-lechera-nacional\/"]}]},{"@type":"ImageObject","inLanguage":"es","@id":"https:\/\/www.mundoagropecuario.cl\/new\/revelan-claves-de-la-crisis-de-la-industria-lechera-nacional\/#primaryimage","url":"https:\/\/www.mundoagropecuario.cl\/new\/wp-content\/uploads\/2021\/12\/leche2.jpeg","contentUrl":"https:\/\/www.mundoagropecuario.cl\/new\/wp-content\/uploads\/2021\/12\/leche2.jpeg","width":600,"height":370},{"@type":"BreadcrumbList","@id":"https:\/\/www.mundoagropecuario.cl\/new\/revelan-claves-de-la-crisis-de-la-industria-lechera-nacional\/#breadcrumb","itemListElement":[{"@type":"ListItem","position":1,"name":"Portada","item":"https:\/\/www.mundoagropecuario.cl\/new\/"},{"@type":"ListItem","position":2,"name":"Revelan claves de la crisis de la industria lechera nacional"}]},{"@type":"WebSite","@id":"https:\/\/www.mundoagropecuario.cl\/new\/#website","url":"https:\/\/www.mundoagropecuario.cl\/new\/","name":"Mundoagropecuario","description":"Mundo Agropecuario","publisher":{"@id":"https:\/\/www.mundoagropecuario.cl\/new\/#organization"},"potentialAction":[{"@type":"SearchAction","target":{"@type":"EntryPoint","urlTemplate":"https:\/\/www.mundoagropecuario.cl\/new\/?s={search_term_string}"},"query-input":{"@type":"PropertyValueSpecification","valueRequired":true,"valueName":"search_term_string"}}],"inLanguage":"es"},{"@type":"Organization","@id":"https:\/\/www.mundoagropecuario.cl\/new\/#organization","name":"Revista de Agricultura","url":"https:\/\/www.mundoagropecuario.cl\/new\/","logo":{"@type":"ImageObject","inLanguage":"es","@id":"https:\/\/www.mundoagropecuario.cl\/new\/#\/schema\/logo\/image\/","url":"https:\/\/www.mundoagropecuario.cl\/new\/wp-content\/uploads\/2020\/11\/PORTAL-1-1.png","contentUrl":"https:\/\/www.mundoagropecuario.cl\/new\/wp-content\/uploads\/2020\/11\/PORTAL-1-1.png","width":1026,"height":100,"caption":"Revista de Agricultura"},"image":{"@id":"https:\/\/www.mundoagropecuario.cl\/new\/#\/schema\/logo\/image\/"},"sameAs":["https:\/\/www.facebook.com\/mundo.agropecuario.3","https:\/\/x.com\/MundoAgropecuar","https:\/\/www.linkedin.com\/in\/mundo-agropecuario-934009201\/"]},{"@type":"Person","@id":"https:\/\/www.mundoagropecuario.cl\/new\/#\/schema\/person\/4e9f74a82a7dac260eb1c44b7eebeb18","name":"mundo","url":"https:\/\/www.mundoagropecuario.cl\/new\/author\/mundo\/"}]}},"_links":{"self":[{"href":"https:\/\/www.mundoagropecuario.cl\/new\/wp-json\/wp\/v2\/posts\/21406","targetHints":{"allow":["GET"]}}],"collection":[{"href":"https:\/\/www.mundoagropecuario.cl\/new\/wp-json\/wp\/v2\/posts"}],"about":[{"href":"https:\/\/www.mundoagropecuario.cl\/new\/wp-json\/wp\/v2\/types\/post"}],"author":[{"embeddable":true,"href":"https:\/\/www.mundoagropecuario.cl\/new\/wp-json\/wp\/v2\/users\/2"}],"replies":[{"embeddable":true,"href":"https:\/\/www.mundoagropecuario.cl\/new\/wp-json\/wp\/v2\/comments?post=21406"}],"version-history":[{"count":1,"href":"https:\/\/www.mundoagropecuario.cl\/new\/wp-json\/wp\/v2\/posts\/21406\/revisions"}],"predecessor-version":[{"id":21407,"href":"https:\/\/www.mundoagropecuario.cl\/new\/wp-json\/wp\/v2\/posts\/21406\/revisions\/21407"}],"wp:featuredmedia":[{"embeddable":true,"href":"https:\/\/www.mundoagropecuario.cl\/new\/wp-json\/wp\/v2\/media\/21242"}],"wp:attachment":[{"href":"https:\/\/www.mundoagropecuario.cl\/new\/wp-json\/wp\/v2\/media?parent=21406"}],"wp:term":[{"taxonomy":"category","embeddable":true,"href":"https:\/\/www.mundoagropecuario.cl\/new\/wp-json\/wp\/v2\/categories?post=21406"},{"taxonomy":"post_tag","embeddable":true,"href":"https:\/\/www.mundoagropecuario.cl\/new\/wp-json\/wp\/v2\/tags?post=21406"}],"curies":[{"name":"wp","href":"https:\/\/api.w.org\/{rel}","templated":true}]}}