{"id":21370,"date":"2022-01-24T12:22:00","date_gmt":"2022-01-24T15:22:00","guid":{"rendered":"https:\/\/www.mundoagropecuario.cl\/new\/?p=21370"},"modified":"2022-02-07T12:06:21","modified_gmt":"2022-02-07T15:06:21","slug":"periodista-y-regionalista-el-perfil-del-nuevo-ministro-de-agricultura","status":"publish","type":"post","link":"https:\/\/www.mundoagropecuario.cl\/new\/periodista-y-regionalista-el-perfil-del-nuevo-ministro-de-agricultura\/","title":{"rendered":"&#8220;Periodista y Regionalista: el perfil del nuevo ministro de Agricultura&#8221;"},"content":{"rendered":"<blockquote>\n<h2><span style=\"color: #008000;\">El pol\u00edtico y periodista se desempe\u00f1\u00f3 anteriormente como alcalde de Rancagua y diputado por el Distrito N\u00b0 32.<\/span><\/h2>\n<\/blockquote>\n<p>El pol\u00edtico rancag\u00fcino es doctor en Historia Contempor\u00e1nea y periodista. En la Regi\u00f3n de O\u2019Higgins, se desempe\u00f1o como alcalde de Rancagua entre 1992 y 1996 y luego fue diputado por el Distrito N\u00b0 32 desde 2002 a 2010.<\/p>\n<p>Valenzuela estudi\u00f3 en la Escuela de Periodismo de la Pontificia Universidad Cat\u00f3lica de Chile (PUC) entre 1985 y 1991, obteniendo t\u00edtulo correspondiente. Despu\u00e9s, curs\u00f3 un Mag\u00edster en Ciencia Pol\u00edtica en la misma casa de estudios y recibi\u00f3 el grado de cientista pol\u00edtico. Tambi\u00e9n, particip\u00f3 de un Mag\u00edster en Desarrollo y Gesti\u00f3n P\u00fablica en la Universidad de Wisconsin en Estados Unidos.<\/p>\n<p>En 1992, con 28 a\u00f1os de edad, fue electo alcalde de Rancagua, cargo que mantuvo hasta 1996. Durante su gesti\u00f3n se aboc\u00f3 a resolver d\u00e9ficits de infraestructura de sectores rurales y populares; problemas de agua potable, alumbrado, pavimento y \u00e1reas verdes; y a dotar de adelantos modernizadores para la ciudad como la apertura de v\u00edas, del rodoviario y del Paseo Independencia.<\/p>\n<p>Durante el 2001, fue electo diputado en representaci\u00f3n del Partido por la Democracia (PPD) por el Distrito N\u00ba 32, correspondiente a la comuna de Rancagua. Integr\u00f3 las comisiones permanentes de Miner\u00eda y Energ\u00eda; y de Gobierno Interior, Regionalizaci\u00f3n, Planificaci\u00f3n y Desarrollo Social. Particip\u00f3 en la Comisi\u00f3n Especial sobre la Situaci\u00f3n Tributaria de la Miner\u00eda Privada. Luego, en 2005, fue reelecto como diputado por el mismo distrito.<\/p>\n<p>En enero de 2021, Esteban Valenzuela fue nominado en las primarias convencional del Frente Amplio y Chile Digno, en donde fue candidato a Gobernador Regional por la Regi\u00f3n de O\u2019Higgins. En las elecciones de gobernadores regionales, realizadas el 15 y 16 de mayo de 2021, compiti\u00f3 por convertirse en el primer Gobernador de O\u2019Higgins, sin embargo, no result\u00f3 electo.<\/p>\n<p>Fuente: radioagricultura.cl<\/p>\n","protected":false},"excerpt":{"rendered":"<p>Valenzuela estudi\u00f3 en la Escuela de Periodismo de la Pontificia Universidad Cat\u00f3lica de Chile (PUC) entre 1985 y 1991, obteniendo t\u00edtulo correspondiente.<\/p>\n","protected":false},"author":2,"featured_media":21371,"comment_status":"closed","ping_status":"closed","sticky":false,"template":"","format":"standard","meta":{"footnotes":""},"categories":[1945],"tags":[2090,3127,6742,4135,2956,2293,2119],"class_list":["post-21370","post","type-post","status-publish","format-standard","has-post-thumbnail","hentry","category-agricultura","tag-agricultura","tag-agro","tag-esteban-valenzuela","tag-lacteo","tag-ministro","tag-ministro-de-agricultura","tag-sago"],"yoast_head":"<!-- This site is optimized with the Yoast SEO plugin v26.6 - https:\/\/yoast.com\/wordpress\/plugins\/seo\/ -->\n<title>&quot;Periodista y Regionalista: el perfil del nuevo ministro de Agricultura&quot; - Mundoagropecuario<\/title>\n<meta name=\"description\" content=\"Valenzuela estudi\u00f3 en la Escuela de Periodismo de la Pontificia Universidad Cat\u00f3lica de Chile (PUC) entre 1985 y 1991, obteniendo t\u00edtulo.\" \/>\n<meta name=\"robots\" content=\"index, follow, max-snippet:-1, max-image-preview:large, max-video-preview:-1\" \/>\n<link rel=\"canonical\" href=\"https:\/\/www.mundoagropecuario.cl\/new\/periodista-y-regionalista-el-perfil-del-nuevo-ministro-de-agricultura\/\" \/>\n<meta property=\"og:locale\" content=\"es_ES\" \/>\n<meta property=\"og:type\" content=\"article\" \/>\n<meta property=\"og:title\" content=\"&quot;Periodista y Regionalista: el perfil del nuevo ministro de Agricultura&quot; - Mundoagropecuario\" \/>\n<meta property=\"og:description\" content=\"Valenzuela estudi\u00f3 en la Escuela de Periodismo de la Pontificia Universidad Cat\u00f3lica de Chile (PUC) entre 1985 y 1991, obteniendo t\u00edtulo.\" \/>\n<meta property=\"og:url\" content=\"https:\/\/www.mundoagropecuario.cl\/new\/periodista-y-regionalista-el-perfil-del-nuevo-ministro-de-agricultura\/\" \/>\n<meta property=\"og:site_name\" content=\"Mundoagropecuario\" \/>\n<meta property=\"article:publisher\" content=\"https:\/\/www.facebook.com\/mundo.agropecuario.3\" \/>\n<meta property=\"article:published_time\" content=\"2022-01-24T15:22:00+00:00\" \/>\n<meta property=\"article:modified_time\" content=\"2022-02-07T15:06:21+00:00\" \/>\n<meta property=\"og:image\" content=\"https:\/\/www.mundoagropecuario.cl\/new\/wp-content\/uploads\/2022\/01\/Esteban-Valenzuela-818x460-1.jpeg\" \/>\n\t<meta property=\"og:image:width\" content=\"818\" \/>\n\t<meta property=\"og:image:height\" content=\"460\" \/>\n\t<meta property=\"og:image:type\" content=\"image\/jpeg\" \/>\n<meta name=\"author\" content=\"mundo\" \/>\n<meta name=\"twitter:card\" content=\"summary_large_image\" \/>\n<meta name=\"twitter:creator\" content=\"@MundoAgropecuar\" \/>\n<meta name=\"twitter:site\" content=\"@MundoAgropecuar\" \/>\n<meta name=\"twitter:label1\" content=\"Escrito por\" \/>\n\t<meta name=\"twitter:data1\" content=\"mundo\" \/>\n\t<meta name=\"twitter:label2\" content=\"Tiempo de lectura\" \/>\n\t<meta name=\"twitter:data2\" content=\"2 minutos\" \/>\n<script type=\"application\/ld+json\" class=\"yoast-schema-graph\">{\"@context\":\"https:\/\/schema.org\",\"@graph\":[{\"@type\":\"Article\",\"@id\":\"https:\/\/www.mundoagropecuario.cl\/new\/periodista-y-regionalista-el-perfil-del-nuevo-ministro-de-agricultura\/#article\",\"isPartOf\":{\"@id\":\"https:\/\/www.mundoagropecuario.cl\/new\/periodista-y-regionalista-el-perfil-del-nuevo-ministro-de-agricultura\/\"},\"author\":{\"name\":\"mundo\",\"@id\":\"https:\/\/www.mundoagropecuario.cl\/new\/#\/schema\/person\/4e9f74a82a7dac260eb1c44b7eebeb18\"},\"headline\":\"&#8220;Periodista y Regionalista: el perfil del nuevo ministro de Agricultura&#8221;\",\"datePublished\":\"2022-01-24T15:22:00+00:00\",\"dateModified\":\"2022-02-07T15:06:21+00:00\",\"mainEntityOfPage\":{\"@id\":\"https:\/\/www.mundoagropecuario.cl\/new\/periodista-y-regionalista-el-perfil-del-nuevo-ministro-de-agricultura\/\"},\"wordCount\":329,\"publisher\":{\"@id\":\"https:\/\/www.mundoagropecuario.cl\/new\/#organization\"},\"image\":{\"@id\":\"https:\/\/www.mundoagropecuario.cl\/new\/periodista-y-regionalista-el-perfil-del-nuevo-ministro-de-agricultura\/#primaryimage\"},\"thumbnailUrl\":\"https:\/\/www.mundoagropecuario.cl\/new\/wp-content\/uploads\/2022\/01\/Esteban-Valenzuela-818x460-1.jpeg\",\"keywords\":[\"Agricultura\",\"Agro\",\"Esteban Valenzuela\",\"Lacteo\",\"ministro\",\"Ministro de Agricultura\",\"Sago\"],\"articleSection\":[\"Agricultura\"],\"inLanguage\":\"es\"},{\"@type\":\"WebPage\",\"@id\":\"https:\/\/www.mundoagropecuario.cl\/new\/periodista-y-regionalista-el-perfil-del-nuevo-ministro-de-agricultura\/\",\"url\":\"https:\/\/www.mundoagropecuario.cl\/new\/periodista-y-regionalista-el-perfil-del-nuevo-ministro-de-agricultura\/\",\"name\":\"\\\"Periodista y Regionalista: el perfil del nuevo ministro de Agricultura\\\" - Mundoagropecuario\",\"isPartOf\":{\"@id\":\"https:\/\/www.mundoagropecuario.cl\/new\/#website\"},\"primaryImageOfPage\":{\"@id\":\"https:\/\/www.mundoagropecuario.cl\/new\/periodista-y-regionalista-el-perfil-del-nuevo-ministro-de-agricultura\/#primaryimage\"},\"image\":{\"@id\":\"https:\/\/www.mundoagropecuario.cl\/new\/periodista-y-regionalista-el-perfil-del-nuevo-ministro-de-agricultura\/#primaryimage\"},\"thumbnailUrl\":\"https:\/\/www.mundoagropecuario.cl\/new\/wp-content\/uploads\/2022\/01\/Esteban-Valenzuela-818x460-1.jpeg\",\"datePublished\":\"2022-01-24T15:22:00+00:00\",\"dateModified\":\"2022-02-07T15:06:21+00:00\",\"description\":\"Valenzuela estudi\u00f3 en la Escuela de Periodismo de la Pontificia Universidad Cat\u00f3lica de Chile (PUC) entre 1985 y 1991, obteniendo t\u00edtulo.\",\"breadcrumb\":{\"@id\":\"https:\/\/www.mundoagropecuario.cl\/new\/periodista-y-regionalista-el-perfil-del-nuevo-ministro-de-agricultura\/#breadcrumb\"},\"inLanguage\":\"es\",\"potentialAction\":[{\"@type\":\"ReadAction\",\"target\":[\"https:\/\/www.mundoagropecuario.cl\/new\/periodista-y-regionalista-el-perfil-del-nuevo-ministro-de-agricultura\/\"]}]},{\"@type\":\"ImageObject\",\"inLanguage\":\"es\",\"@id\":\"https:\/\/www.mundoagropecuario.cl\/new\/periodista-y-regionalista-el-perfil-del-nuevo-ministro-de-agricultura\/#primaryimage\",\"url\":\"https:\/\/www.mundoagropecuario.cl\/new\/wp-content\/uploads\/2022\/01\/Esteban-Valenzuela-818x460-1.jpeg\",\"contentUrl\":\"https:\/\/www.mundoagropecuario.cl\/new\/wp-content\/uploads\/2022\/01\/Esteban-Valenzuela-818x460-1.jpeg\",\"width\":711,\"height\":400},{\"@type\":\"BreadcrumbList\",\"@id\":\"https:\/\/www.mundoagropecuario.cl\/new\/periodista-y-regionalista-el-perfil-del-nuevo-ministro-de-agricultura\/#breadcrumb\",\"itemListElement\":[{\"@type\":\"ListItem\",\"position\":1,\"name\":\"Portada\",\"item\":\"https:\/\/www.mundoagropecuario.cl\/new\/\"},{\"@type\":\"ListItem\",\"position\":2,\"name\":\"&#8220;Periodista y Regionalista: el perfil del nuevo ministro de Agricultura&#8221;\"}]},{\"@type\":\"WebSite\",\"@id\":\"https:\/\/www.mundoagropecuario.cl\/new\/#website\",\"url\":\"https:\/\/www.mundoagropecuario.cl\/new\/\",\"name\":\"Mundoagropecuario\",\"description\":\"Mundo Agropecuario\",\"publisher\":{\"@id\":\"https:\/\/www.mundoagropecuario.cl\/new\/#organization\"},\"potentialAction\":[{\"@type\":\"SearchAction\",\"target\":{\"@type\":\"EntryPoint\",\"urlTemplate\":\"https:\/\/www.mundoagropecuario.cl\/new\/?s={search_term_string}\"},\"query-input\":{\"@type\":\"PropertyValueSpecification\",\"valueRequired\":true,\"valueName\":\"search_term_string\"}}],\"inLanguage\":\"es\"},{\"@type\":\"Organization\",\"@id\":\"https:\/\/www.mundoagropecuario.cl\/new\/#organization\",\"name\":\"Revista de Agricultura\",\"url\":\"https:\/\/www.mundoagropecuario.cl\/new\/\",\"logo\":{\"@type\":\"ImageObject\",\"inLanguage\":\"es\",\"@id\":\"https:\/\/www.mundoagropecuario.cl\/new\/#\/schema\/logo\/image\/\",\"url\":\"https:\/\/www.mundoagropecuario.cl\/new\/wp-content\/uploads\/2020\/11\/PORTAL-1-1.png\",\"contentUrl\":\"https:\/\/www.mundoagropecuario.cl\/new\/wp-content\/uploads\/2020\/11\/PORTAL-1-1.png\",\"width\":1026,\"height\":100,\"caption\":\"Revista de Agricultura\"},\"image\":{\"@id\":\"https:\/\/www.mundoagropecuario.cl\/new\/#\/schema\/logo\/image\/\"},\"sameAs\":[\"https:\/\/www.facebook.com\/mundo.agropecuario.3\",\"https:\/\/x.com\/MundoAgropecuar\",\"https:\/\/www.linkedin.com\/in\/mundo-agropecuario-934009201\/\"]},{\"@type\":\"Person\",\"@id\":\"https:\/\/www.mundoagropecuario.cl\/new\/#\/schema\/person\/4e9f74a82a7dac260eb1c44b7eebeb18\",\"name\":\"mundo\",\"url\":\"https:\/\/www.mundoagropecuario.cl\/new\/author\/mundo\/\"}]}<\/script>\n<!-- \/ Yoast SEO plugin. -->","yoast_head_json":{"title":"\"Periodista y Regionalista: el perfil del nuevo ministro de Agricultura\" - Mundoagropecuario","description":"Valenzuela estudi\u00f3 en la Escuela de Periodismo de la Pontificia Universidad Cat\u00f3lica de Chile (PUC) entre 1985 y 1991, obteniendo t\u00edtulo.","robots":{"index":"index","follow":"follow","max-snippet":"max-snippet:-1","max-image-preview":"max-image-preview:large","max-video-preview":"max-video-preview:-1"},"canonical":"https:\/\/www.mundoagropecuario.cl\/new\/periodista-y-regionalista-el-perfil-del-nuevo-ministro-de-agricultura\/","og_locale":"es_ES","og_type":"article","og_title":"\"Periodista y Regionalista: el perfil del nuevo ministro de Agricultura\" - Mundoagropecuario","og_description":"Valenzuela estudi\u00f3 en la Escuela de Periodismo de la Pontificia Universidad Cat\u00f3lica de Chile (PUC) entre 1985 y 1991, obteniendo t\u00edtulo.","og_url":"https:\/\/www.mundoagropecuario.cl\/new\/periodista-y-regionalista-el-perfil-del-nuevo-ministro-de-agricultura\/","og_site_name":"Mundoagropecuario","article_publisher":"https:\/\/www.facebook.com\/mundo.agropecuario.3","article_published_time":"2022-01-24T15:22:00+00:00","article_modified_time":"2022-02-07T15:06:21+00:00","og_image":[{"width":818,"height":460,"url":"https:\/\/www.mundoagropecuario.cl\/new\/wp-content\/uploads\/2022\/01\/Esteban-Valenzuela-818x460-1.jpeg","type":"image\/jpeg"}],"author":"mundo","twitter_card":"summary_large_image","twitter_creator":"@MundoAgropecuar","twitter_site":"@MundoAgropecuar","twitter_misc":{"Escrito por":"mundo","Tiempo de lectura":"2 minutos"},"schema":{"@context":"https:\/\/schema.org","@graph":[{"@type":"Article","@id":"https:\/\/www.mundoagropecuario.cl\/new\/periodista-y-regionalista-el-perfil-del-nuevo-ministro-de-agricultura\/#article","isPartOf":{"@id":"https:\/\/www.mundoagropecuario.cl\/new\/periodista-y-regionalista-el-perfil-del-nuevo-ministro-de-agricultura\/"},"author":{"name":"mundo","@id":"https:\/\/www.mundoagropecuario.cl\/new\/#\/schema\/person\/4e9f74a82a7dac260eb1c44b7eebeb18"},"headline":"&#8220;Periodista y Regionalista: el perfil del nuevo ministro de Agricultura&#8221;","datePublished":"2022-01-24T15:22:00+00:00","dateModified":"2022-02-07T15:06:21+00:00","mainEntityOfPage":{"@id":"https:\/\/www.mundoagropecuario.cl\/new\/periodista-y-regionalista-el-perfil-del-nuevo-ministro-de-agricultura\/"},"wordCount":329,"publisher":{"@id":"https:\/\/www.mundoagropecuario.cl\/new\/#organization"},"image":{"@id":"https:\/\/www.mundoagropecuario.cl\/new\/periodista-y-regionalista-el-perfil-del-nuevo-ministro-de-agricultura\/#primaryimage"},"thumbnailUrl":"https:\/\/www.mundoagropecuario.cl\/new\/wp-content\/uploads\/2022\/01\/Esteban-Valenzuela-818x460-1.jpeg","keywords":["Agricultura","Agro","Esteban Valenzuela","Lacteo","ministro","Ministro de Agricultura","Sago"],"articleSection":["Agricultura"],"inLanguage":"es"},{"@type":"WebPage","@id":"https:\/\/www.mundoagropecuario.cl\/new\/periodista-y-regionalista-el-perfil-del-nuevo-ministro-de-agricultura\/","url":"https:\/\/www.mundoagropecuario.cl\/new\/periodista-y-regionalista-el-perfil-del-nuevo-ministro-de-agricultura\/","name":"\"Periodista y Regionalista: el perfil del nuevo ministro de Agricultura\" - Mundoagropecuario","isPartOf":{"@id":"https:\/\/www.mundoagropecuario.cl\/new\/#website"},"primaryImageOfPage":{"@id":"https:\/\/www.mundoagropecuario.cl\/new\/periodista-y-regionalista-el-perfil-del-nuevo-ministro-de-agricultura\/#primaryimage"},"image":{"@id":"https:\/\/www.mundoagropecuario.cl\/new\/periodista-y-regionalista-el-perfil-del-nuevo-ministro-de-agricultura\/#primaryimage"},"thumbnailUrl":"https:\/\/www.mundoagropecuario.cl\/new\/wp-content\/uploads\/2022\/01\/Esteban-Valenzuela-818x460-1.jpeg","datePublished":"2022-01-24T15:22:00+00:00","dateModified":"2022-02-07T15:06:21+00:00","description":"Valenzuela estudi\u00f3 en la Escuela de Periodismo de la Pontificia Universidad Cat\u00f3lica de Chile (PUC) entre 1985 y 1991, obteniendo t\u00edtulo.","breadcrumb":{"@id":"https:\/\/www.mundoagropecuario.cl\/new\/periodista-y-regionalista-el-perfil-del-nuevo-ministro-de-agricultura\/#breadcrumb"},"inLanguage":"es","potentialAction":[{"@type":"ReadAction","target":["https:\/\/www.mundoagropecuario.cl\/new\/periodista-y-regionalista-el-perfil-del-nuevo-ministro-de-agricultura\/"]}]},{"@type":"ImageObject","inLanguage":"es","@id":"https:\/\/www.mundoagropecuario.cl\/new\/periodista-y-regionalista-el-perfil-del-nuevo-ministro-de-agricultura\/#primaryimage","url":"https:\/\/www.mundoagropecuario.cl\/new\/wp-content\/uploads\/2022\/01\/Esteban-Valenzuela-818x460-1.jpeg","contentUrl":"https:\/\/www.mundoagropecuario.cl\/new\/wp-content\/uploads\/2022\/01\/Esteban-Valenzuela-818x460-1.jpeg","width":711,"height":400},{"@type":"BreadcrumbList","@id":"https:\/\/www.mundoagropecuario.cl\/new\/periodista-y-regionalista-el-perfil-del-nuevo-ministro-de-agricultura\/#breadcrumb","itemListElement":[{"@type":"ListItem","position":1,"name":"Portada","item":"https:\/\/www.mundoagropecuario.cl\/new\/"},{"@type":"ListItem","position":2,"name":"&#8220;Periodista y Regionalista: el perfil del nuevo ministro de Agricultura&#8221;"}]},{"@type":"WebSite","@id":"https:\/\/www.mundoagropecuario.cl\/new\/#website","url":"https:\/\/www.mundoagropecuario.cl\/new\/","name":"Mundoagropecuario","description":"Mundo Agropecuario","publisher":{"@id":"https:\/\/www.mundoagropecuario.cl\/new\/#organization"},"potentialAction":[{"@type":"SearchAction","target":{"@type":"EntryPoint","urlTemplate":"https:\/\/www.mundoagropecuario.cl\/new\/?s={search_term_string}"},"query-input":{"@type":"PropertyValueSpecification","valueRequired":true,"valueName":"search_term_string"}}],"inLanguage":"es"},{"@type":"Organization","@id":"https:\/\/www.mundoagropecuario.cl\/new\/#organization","name":"Revista de Agricultura","url":"https:\/\/www.mundoagropecuario.cl\/new\/","logo":{"@type":"ImageObject","inLanguage":"es","@id":"https:\/\/www.mundoagropecuario.cl\/new\/#\/schema\/logo\/image\/","url":"https:\/\/www.mundoagropecuario.cl\/new\/wp-content\/uploads\/2020\/11\/PORTAL-1-1.png","contentUrl":"https:\/\/www.mundoagropecuario.cl\/new\/wp-content\/uploads\/2020\/11\/PORTAL-1-1.png","width":1026,"height":100,"caption":"Revista de Agricultura"},"image":{"@id":"https:\/\/www.mundoagropecuario.cl\/new\/#\/schema\/logo\/image\/"},"sameAs":["https:\/\/www.facebook.com\/mundo.agropecuario.3","https:\/\/x.com\/MundoAgropecuar","https:\/\/www.linkedin.com\/in\/mundo-agropecuario-934009201\/"]},{"@type":"Person","@id":"https:\/\/www.mundoagropecuario.cl\/new\/#\/schema\/person\/4e9f74a82a7dac260eb1c44b7eebeb18","name":"mundo","url":"https:\/\/www.mundoagropecuario.cl\/new\/author\/mundo\/"}]}},"_links":{"self":[{"href":"https:\/\/www.mundoagropecuario.cl\/new\/wp-json\/wp\/v2\/posts\/21370","targetHints":{"allow":["GET"]}}],"collection":[{"href":"https:\/\/www.mundoagropecuario.cl\/new\/wp-json\/wp\/v2\/posts"}],"about":[{"href":"https:\/\/www.mundoagropecuario.cl\/new\/wp-json\/wp\/v2\/types\/post"}],"author":[{"embeddable":true,"href":"https:\/\/www.mundoagropecuario.cl\/new\/wp-json\/wp\/v2\/users\/2"}],"replies":[{"embeddable":true,"href":"https:\/\/www.mundoagropecuario.cl\/new\/wp-json\/wp\/v2\/comments?post=21370"}],"version-history":[{"count":1,"href":"https:\/\/www.mundoagropecuario.cl\/new\/wp-json\/wp\/v2\/posts\/21370\/revisions"}],"predecessor-version":[{"id":21372,"href":"https:\/\/www.mundoagropecuario.cl\/new\/wp-json\/wp\/v2\/posts\/21370\/revisions\/21372"}],"wp:featuredmedia":[{"embeddable":true,"href":"https:\/\/www.mundoagropecuario.cl\/new\/wp-json\/wp\/v2\/media\/21371"}],"wp:attachment":[{"href":"https:\/\/www.mundoagropecuario.cl\/new\/wp-json\/wp\/v2\/media?parent=21370"}],"wp:term":[{"taxonomy":"category","embeddable":true,"href":"https:\/\/www.mundoagropecuario.cl\/new\/wp-json\/wp\/v2\/categories?post=21370"},{"taxonomy":"post_tag","embeddable":true,"href":"https:\/\/www.mundoagropecuario.cl\/new\/wp-json\/wp\/v2\/tags?post=21370"}],"curies":[{"name":"wp","href":"https:\/\/api.w.org\/{rel}","templated":true}]}}