{"id":21323,"date":"2022-01-17T11:36:46","date_gmt":"2022-01-17T14:36:46","guid":{"rendered":"https:\/\/www.mundoagropecuario.cl\/new\/?p=21323"},"modified":"2022-01-19T12:02:27","modified_gmt":"2022-01-19T15:02:27","slug":"minagri-apoya-a-productores-de-la-region-metropolitana-ante-deficit-hidrico","status":"publish","type":"post","link":"https:\/\/www.mundoagropecuario.cl\/new\/minagri-apoya-a-productores-de-la-region-metropolitana-ante-deficit-hidrico\/","title":{"rendered":"Minagri apoya a productores de la Regi\u00f3n Metropolitana ante d\u00e9ficit h\u00eddrico"},"content":{"rendered":"<blockquote>\n<h2><span style=\"color: #333300;\">El Seremi de Agricultura, Omar Sabat Guzm\u00e1n, junto al Director Regional INIA La Platina, encabezaron la ceremonia de entrega de ayuda a los agricultores de la Regi\u00f3n Metropolitana que no son usuarios de INDAP, dentro del contexto de la campa\u00f1a Minagri te Apoya en la Emergencia.<\/span><\/h2>\n<\/blockquote>\n<p>M\u00e1s de $800 millones de pesos, forraje, fructosa y a partir de este a\u00f1o 200 estanques de agua,120 bebederos y 200 mangas de polietileno para riego, han sido destinados por el Ministerio de Agricultura para apoyar a los peque\u00f1os agricultores de la Regi\u00f3n Metropolitana. Parte de estos insumos fueron entregados hoy, desde las dependencias del Centro Regional INIA La Platina.<\/p>\n<p><a href=\"https:\/\/www.mundoagropecuario.cl\/new\/wp-content\/uploads\/2022\/01\/INIA.jpg\"><img loading=\"lazy\" decoding=\"async\" class=\" wp-image-21324 alignright\" src=\"https:\/\/www.mundoagropecuario.cl\/new\/wp-content\/uploads\/2022\/01\/INIA.jpg\" alt=\"\" width=\"535\" height=\"376\" \/><\/a>Para el Seremi de Agricultura, este aporte a los m\u00e1s afectados por el d\u00e9ficit h\u00eddrico ha sido posible gracias a la articulaci\u00f3n con las municipalidades, Prodesal e INDAP, quienes conocen la realidad de cada territorio. Junto con eso, destaca que en paralelo se debe aprender de la crisis clim\u00e1tica que hoy exige una transformaci\u00f3n en las pr\u00e1cticas de la agricultura \u201cNosotros tenemos que ir cambiando nuestra forma de producir hacia una mayor eficiencia en el uso de recursos como el agua. A largo plazo tenemos que lograr una programaci\u00f3n en relaci\u00f3n a la tecnificaci\u00f3n de las zonas que se han visto afectadas y todos debemos hacer esfuerzos para poder salir adelante y seguir llevando la comida a la mesa\u201d<\/p>\n<p>En la ceremonia de entrega de insumos, estuvo presente tambi\u00e9n Hortensia Mora, alcaldesa de Calera de Tango, comuna que ha sido incluida recientemente en el Programa de Emergencia H\u00eddrica del Ministerio de Agricultura, quien considera relevante informar a la comunidad acerca de las consecuencias de la sequ\u00eda, \u201centregando herramientas y aprendizajes a los peque\u00f1os agricultores para que mejoren sus t\u00e9cnicas de riego. Ellos est\u00e1n de sol a sol en sus campos trabajando, entonces debemos acercarnos para que puedan seguir cultivando, pero con m\u00e1s tecnolog\u00eda y apoyo porque muchas veces se sienten muy abandonados\u201d<\/p>\n<p>El Instituto de Investigaciones Agropecuarias (INIA), a trav\u00e9s de sus proyectos de transferencia tecnol\u00f3gica, se vincula con las zonas agr\u00edcolas de la Regi\u00f3n Metropolitana, aportando al conocimiento gracias al trabajo en terreno de los extensionistas, que llegan a los peque\u00f1os agricultores con su Programa de Uso Eficiente del Recurso H\u00eddrico. Para el Director Regional INIA La Platina, Emilio Ruz, es posible establecer sistemas productivos rentables y sustentables en el tiempo. \u201cEstamos adem\u00e1s en una Regi\u00f3n en que la demanda de agua para el consumo de la gran ciudad nos impone un enorme desaf\u00edo como agricultores. Por eso el trabajo que estamos haciendo con el Ministerio de Agricultura, en cuanto a esta emergencia es importante, pero adem\u00e1s debemos avanzar con una mirada a mediano y largo plazo, donde tenemos que seguir promoviendo los planes y estrategias, para llegar a los agricultores que necesitan aprender a manejar sus cultivos en tiempos de sequ\u00eda y cambio clim\u00e1tico\u201d<\/p>\n<p style=\"font-weight: 400;\">\n","protected":false},"excerpt":{"rendered":"<p>Para el Seremi de Agricultura, este aporte a los m\u00e1s afectados por el d\u00e9ficit h\u00eddrico ha sido posible gracias a la articulaci\u00f3n con las municipalidades, Prodesal e INDAP<\/p>\n","protected":false},"author":2,"featured_media":21325,"comment_status":"closed","ping_status":"closed","sticky":false,"template":"","format":"standard","meta":{"footnotes":""},"categories":[1945],"tags":[2090,3127,2052,4126,6567,6724],"class_list":["post-21323","post","type-post","status-publish","format-standard","has-post-thumbnail","hentry","category-agricultura","tag-agricultura","tag-agro","tag-inia","tag-inia-la-platina-2","tag-instituto-de-investigaciones-agropecuarias","tag-prodesal-e-indap"],"yoast_head":"<!-- This site is optimized with the Yoast SEO plugin v26.6 - https:\/\/yoast.com\/wordpress\/plugins\/seo\/ -->\n<title>Minagri apoya a productores de la Regi\u00f3n Metropolitana ante d\u00e9ficit h\u00eddrico - Mundoagropecuario<\/title>\n<meta name=\"description\" content=\"Este aporte a los m\u00e1s afectados por el d\u00e9ficit h\u00eddrico ha sido posible gracias a la articulaci\u00f3n con las municipalidades, Prodesal e INDAP\" \/>\n<meta name=\"robots\" content=\"index, follow, max-snippet:-1, max-image-preview:large, max-video-preview:-1\" \/>\n<link rel=\"canonical\" href=\"https:\/\/www.mundoagropecuario.cl\/new\/minagri-apoya-a-productores-de-la-region-metropolitana-ante-deficit-hidrico\/\" \/>\n<meta property=\"og:locale\" content=\"es_ES\" \/>\n<meta property=\"og:type\" content=\"article\" \/>\n<meta property=\"og:title\" content=\"Minagri apoya a productores de la Regi\u00f3n Metropolitana ante d\u00e9ficit h\u00eddrico - Mundoagropecuario\" \/>\n<meta property=\"og:description\" content=\"Este aporte a los m\u00e1s afectados por el d\u00e9ficit h\u00eddrico ha sido posible gracias a la articulaci\u00f3n con las municipalidades, Prodesal e INDAP\" \/>\n<meta property=\"og:url\" content=\"https:\/\/www.mundoagropecuario.cl\/new\/minagri-apoya-a-productores-de-la-region-metropolitana-ante-deficit-hidrico\/\" \/>\n<meta property=\"og:site_name\" content=\"Mundoagropecuario\" \/>\n<meta property=\"article:publisher\" content=\"https:\/\/www.facebook.com\/mundo.agropecuario.3\" \/>\n<meta property=\"article:published_time\" content=\"2022-01-17T14:36:46+00:00\" \/>\n<meta property=\"article:modified_time\" content=\"2022-01-19T15:02:27+00:00\" \/>\n<meta property=\"og:image\" content=\"https:\/\/www.mundoagropecuario.cl\/new\/wp-content\/uploads\/2022\/01\/INIA1.jpg\" \/>\n\t<meta property=\"og:image:width\" content=\"640\" \/>\n\t<meta property=\"og:image:height\" content=\"480\" \/>\n\t<meta property=\"og:image:type\" content=\"image\/jpeg\" \/>\n<meta name=\"author\" content=\"mundo\" \/>\n<meta name=\"twitter:card\" content=\"summary_large_image\" \/>\n<meta name=\"twitter:creator\" content=\"@MundoAgropecuar\" \/>\n<meta name=\"twitter:site\" content=\"@MundoAgropecuar\" \/>\n<meta name=\"twitter:label1\" content=\"Escrito por\" \/>\n\t<meta name=\"twitter:data1\" content=\"mundo\" \/>\n\t<meta name=\"twitter:label2\" content=\"Tiempo de lectura\" \/>\n\t<meta name=\"twitter:data2\" content=\"3 minutos\" \/>\n<script type=\"application\/ld+json\" class=\"yoast-schema-graph\">{\"@context\":\"https:\/\/schema.org\",\"@graph\":[{\"@type\":\"Article\",\"@id\":\"https:\/\/www.mundoagropecuario.cl\/new\/minagri-apoya-a-productores-de-la-region-metropolitana-ante-deficit-hidrico\/#article\",\"isPartOf\":{\"@id\":\"https:\/\/www.mundoagropecuario.cl\/new\/minagri-apoya-a-productores-de-la-region-metropolitana-ante-deficit-hidrico\/\"},\"author\":{\"name\":\"mundo\",\"@id\":\"https:\/\/www.mundoagropecuario.cl\/new\/#\/schema\/person\/4e9f74a82a7dac260eb1c44b7eebeb18\"},\"headline\":\"Minagri apoya a productores de la Regi\u00f3n Metropolitana ante d\u00e9ficit h\u00eddrico\",\"datePublished\":\"2022-01-17T14:36:46+00:00\",\"dateModified\":\"2022-01-19T15:02:27+00:00\",\"mainEntityOfPage\":{\"@id\":\"https:\/\/www.mundoagropecuario.cl\/new\/minagri-apoya-a-productores-de-la-region-metropolitana-ante-deficit-hidrico\/\"},\"wordCount\":520,\"publisher\":{\"@id\":\"https:\/\/www.mundoagropecuario.cl\/new\/#organization\"},\"image\":{\"@id\":\"https:\/\/www.mundoagropecuario.cl\/new\/minagri-apoya-a-productores-de-la-region-metropolitana-ante-deficit-hidrico\/#primaryimage\"},\"thumbnailUrl\":\"https:\/\/www.mundoagropecuario.cl\/new\/wp-content\/uploads\/2022\/01\/INIA1.jpg\",\"keywords\":[\"Agricultura\",\"Agro\",\"INIA\",\"INIA La Platina.\",\"Instituto de Investigaciones Agropecuarias\",\"Prodesal e INDAP\"],\"articleSection\":[\"Agricultura\"],\"inLanguage\":\"es\"},{\"@type\":\"WebPage\",\"@id\":\"https:\/\/www.mundoagropecuario.cl\/new\/minagri-apoya-a-productores-de-la-region-metropolitana-ante-deficit-hidrico\/\",\"url\":\"https:\/\/www.mundoagropecuario.cl\/new\/minagri-apoya-a-productores-de-la-region-metropolitana-ante-deficit-hidrico\/\",\"name\":\"Minagri apoya a productores de la Regi\u00f3n Metropolitana ante d\u00e9ficit h\u00eddrico - Mundoagropecuario\",\"isPartOf\":{\"@id\":\"https:\/\/www.mundoagropecuario.cl\/new\/#website\"},\"primaryImageOfPage\":{\"@id\":\"https:\/\/www.mundoagropecuario.cl\/new\/minagri-apoya-a-productores-de-la-region-metropolitana-ante-deficit-hidrico\/#primaryimage\"},\"image\":{\"@id\":\"https:\/\/www.mundoagropecuario.cl\/new\/minagri-apoya-a-productores-de-la-region-metropolitana-ante-deficit-hidrico\/#primaryimage\"},\"thumbnailUrl\":\"https:\/\/www.mundoagropecuario.cl\/new\/wp-content\/uploads\/2022\/01\/INIA1.jpg\",\"datePublished\":\"2022-01-17T14:36:46+00:00\",\"dateModified\":\"2022-01-19T15:02:27+00:00\",\"description\":\"Este aporte a los m\u00e1s afectados por el d\u00e9ficit h\u00eddrico ha sido posible gracias a la articulaci\u00f3n con las municipalidades, Prodesal e INDAP\",\"breadcrumb\":{\"@id\":\"https:\/\/www.mundoagropecuario.cl\/new\/minagri-apoya-a-productores-de-la-region-metropolitana-ante-deficit-hidrico\/#breadcrumb\"},\"inLanguage\":\"es\",\"potentialAction\":[{\"@type\":\"ReadAction\",\"target\":[\"https:\/\/www.mundoagropecuario.cl\/new\/minagri-apoya-a-productores-de-la-region-metropolitana-ante-deficit-hidrico\/\"]}]},{\"@type\":\"ImageObject\",\"inLanguage\":\"es\",\"@id\":\"https:\/\/www.mundoagropecuario.cl\/new\/minagri-apoya-a-productores-de-la-region-metropolitana-ante-deficit-hidrico\/#primaryimage\",\"url\":\"https:\/\/www.mundoagropecuario.cl\/new\/wp-content\/uploads\/2022\/01\/INIA1.jpg\",\"contentUrl\":\"https:\/\/www.mundoagropecuario.cl\/new\/wp-content\/uploads\/2022\/01\/INIA1.jpg\",\"width\":533,\"height\":400},{\"@type\":\"BreadcrumbList\",\"@id\":\"https:\/\/www.mundoagropecuario.cl\/new\/minagri-apoya-a-productores-de-la-region-metropolitana-ante-deficit-hidrico\/#breadcrumb\",\"itemListElement\":[{\"@type\":\"ListItem\",\"position\":1,\"name\":\"Portada\",\"item\":\"https:\/\/www.mundoagropecuario.cl\/new\/\"},{\"@type\":\"ListItem\",\"position\":2,\"name\":\"Minagri apoya a productores de la Regi\u00f3n Metropolitana ante d\u00e9ficit h\u00eddrico\"}]},{\"@type\":\"WebSite\",\"@id\":\"https:\/\/www.mundoagropecuario.cl\/new\/#website\",\"url\":\"https:\/\/www.mundoagropecuario.cl\/new\/\",\"name\":\"Mundoagropecuario\",\"description\":\"Mundo Agropecuario\",\"publisher\":{\"@id\":\"https:\/\/www.mundoagropecuario.cl\/new\/#organization\"},\"potentialAction\":[{\"@type\":\"SearchAction\",\"target\":{\"@type\":\"EntryPoint\",\"urlTemplate\":\"https:\/\/www.mundoagropecuario.cl\/new\/?s={search_term_string}\"},\"query-input\":{\"@type\":\"PropertyValueSpecification\",\"valueRequired\":true,\"valueName\":\"search_term_string\"}}],\"inLanguage\":\"es\"},{\"@type\":\"Organization\",\"@id\":\"https:\/\/www.mundoagropecuario.cl\/new\/#organization\",\"name\":\"Revista de Agricultura\",\"url\":\"https:\/\/www.mundoagropecuario.cl\/new\/\",\"logo\":{\"@type\":\"ImageObject\",\"inLanguage\":\"es\",\"@id\":\"https:\/\/www.mundoagropecuario.cl\/new\/#\/schema\/logo\/image\/\",\"url\":\"https:\/\/www.mundoagropecuario.cl\/new\/wp-content\/uploads\/2020\/11\/PORTAL-1-1.png\",\"contentUrl\":\"https:\/\/www.mundoagropecuario.cl\/new\/wp-content\/uploads\/2020\/11\/PORTAL-1-1.png\",\"width\":1026,\"height\":100,\"caption\":\"Revista de Agricultura\"},\"image\":{\"@id\":\"https:\/\/www.mundoagropecuario.cl\/new\/#\/schema\/logo\/image\/\"},\"sameAs\":[\"https:\/\/www.facebook.com\/mundo.agropecuario.3\",\"https:\/\/x.com\/MundoAgropecuar\",\"https:\/\/www.linkedin.com\/in\/mundo-agropecuario-934009201\/\"]},{\"@type\":\"Person\",\"@id\":\"https:\/\/www.mundoagropecuario.cl\/new\/#\/schema\/person\/4e9f74a82a7dac260eb1c44b7eebeb18\",\"name\":\"mundo\",\"url\":\"https:\/\/www.mundoagropecuario.cl\/new\/author\/mundo\/\"}]}<\/script>\n<!-- \/ Yoast SEO plugin. -->","yoast_head_json":{"title":"Minagri apoya a productores de la Regi\u00f3n Metropolitana ante d\u00e9ficit h\u00eddrico - Mundoagropecuario","description":"Este aporte a los m\u00e1s afectados por el d\u00e9ficit h\u00eddrico ha sido posible gracias a la articulaci\u00f3n con las municipalidades, Prodesal e INDAP","robots":{"index":"index","follow":"follow","max-snippet":"max-snippet:-1","max-image-preview":"max-image-preview:large","max-video-preview":"max-video-preview:-1"},"canonical":"https:\/\/www.mundoagropecuario.cl\/new\/minagri-apoya-a-productores-de-la-region-metropolitana-ante-deficit-hidrico\/","og_locale":"es_ES","og_type":"article","og_title":"Minagri apoya a productores de la Regi\u00f3n Metropolitana ante d\u00e9ficit h\u00eddrico - Mundoagropecuario","og_description":"Este aporte a los m\u00e1s afectados por el d\u00e9ficit h\u00eddrico ha sido posible gracias a la articulaci\u00f3n con las municipalidades, Prodesal e INDAP","og_url":"https:\/\/www.mundoagropecuario.cl\/new\/minagri-apoya-a-productores-de-la-region-metropolitana-ante-deficit-hidrico\/","og_site_name":"Mundoagropecuario","article_publisher":"https:\/\/www.facebook.com\/mundo.agropecuario.3","article_published_time":"2022-01-17T14:36:46+00:00","article_modified_time":"2022-01-19T15:02:27+00:00","og_image":[{"width":640,"height":480,"url":"https:\/\/www.mundoagropecuario.cl\/new\/wp-content\/uploads\/2022\/01\/INIA1.jpg","type":"image\/jpeg"}],"author":"mundo","twitter_card":"summary_large_image","twitter_creator":"@MundoAgropecuar","twitter_site":"@MundoAgropecuar","twitter_misc":{"Escrito por":"mundo","Tiempo de lectura":"3 minutos"},"schema":{"@context":"https:\/\/schema.org","@graph":[{"@type":"Article","@id":"https:\/\/www.mundoagropecuario.cl\/new\/minagri-apoya-a-productores-de-la-region-metropolitana-ante-deficit-hidrico\/#article","isPartOf":{"@id":"https:\/\/www.mundoagropecuario.cl\/new\/minagri-apoya-a-productores-de-la-region-metropolitana-ante-deficit-hidrico\/"},"author":{"name":"mundo","@id":"https:\/\/www.mundoagropecuario.cl\/new\/#\/schema\/person\/4e9f74a82a7dac260eb1c44b7eebeb18"},"headline":"Minagri apoya a productores de la Regi\u00f3n Metropolitana ante d\u00e9ficit h\u00eddrico","datePublished":"2022-01-17T14:36:46+00:00","dateModified":"2022-01-19T15:02:27+00:00","mainEntityOfPage":{"@id":"https:\/\/www.mundoagropecuario.cl\/new\/minagri-apoya-a-productores-de-la-region-metropolitana-ante-deficit-hidrico\/"},"wordCount":520,"publisher":{"@id":"https:\/\/www.mundoagropecuario.cl\/new\/#organization"},"image":{"@id":"https:\/\/www.mundoagropecuario.cl\/new\/minagri-apoya-a-productores-de-la-region-metropolitana-ante-deficit-hidrico\/#primaryimage"},"thumbnailUrl":"https:\/\/www.mundoagropecuario.cl\/new\/wp-content\/uploads\/2022\/01\/INIA1.jpg","keywords":["Agricultura","Agro","INIA","INIA La Platina.","Instituto de Investigaciones Agropecuarias","Prodesal e INDAP"],"articleSection":["Agricultura"],"inLanguage":"es"},{"@type":"WebPage","@id":"https:\/\/www.mundoagropecuario.cl\/new\/minagri-apoya-a-productores-de-la-region-metropolitana-ante-deficit-hidrico\/","url":"https:\/\/www.mundoagropecuario.cl\/new\/minagri-apoya-a-productores-de-la-region-metropolitana-ante-deficit-hidrico\/","name":"Minagri apoya a productores de la Regi\u00f3n Metropolitana ante d\u00e9ficit h\u00eddrico - Mundoagropecuario","isPartOf":{"@id":"https:\/\/www.mundoagropecuario.cl\/new\/#website"},"primaryImageOfPage":{"@id":"https:\/\/www.mundoagropecuario.cl\/new\/minagri-apoya-a-productores-de-la-region-metropolitana-ante-deficit-hidrico\/#primaryimage"},"image":{"@id":"https:\/\/www.mundoagropecuario.cl\/new\/minagri-apoya-a-productores-de-la-region-metropolitana-ante-deficit-hidrico\/#primaryimage"},"thumbnailUrl":"https:\/\/www.mundoagropecuario.cl\/new\/wp-content\/uploads\/2022\/01\/INIA1.jpg","datePublished":"2022-01-17T14:36:46+00:00","dateModified":"2022-01-19T15:02:27+00:00","description":"Este aporte a los m\u00e1s afectados por el d\u00e9ficit h\u00eddrico ha sido posible gracias a la articulaci\u00f3n con las municipalidades, Prodesal e INDAP","breadcrumb":{"@id":"https:\/\/www.mundoagropecuario.cl\/new\/minagri-apoya-a-productores-de-la-region-metropolitana-ante-deficit-hidrico\/#breadcrumb"},"inLanguage":"es","potentialAction":[{"@type":"ReadAction","target":["https:\/\/www.mundoagropecuario.cl\/new\/minagri-apoya-a-productores-de-la-region-metropolitana-ante-deficit-hidrico\/"]}]},{"@type":"ImageObject","inLanguage":"es","@id":"https:\/\/www.mundoagropecuario.cl\/new\/minagri-apoya-a-productores-de-la-region-metropolitana-ante-deficit-hidrico\/#primaryimage","url":"https:\/\/www.mundoagropecuario.cl\/new\/wp-content\/uploads\/2022\/01\/INIA1.jpg","contentUrl":"https:\/\/www.mundoagropecuario.cl\/new\/wp-content\/uploads\/2022\/01\/INIA1.jpg","width":533,"height":400},{"@type":"BreadcrumbList","@id":"https:\/\/www.mundoagropecuario.cl\/new\/minagri-apoya-a-productores-de-la-region-metropolitana-ante-deficit-hidrico\/#breadcrumb","itemListElement":[{"@type":"ListItem","position":1,"name":"Portada","item":"https:\/\/www.mundoagropecuario.cl\/new\/"},{"@type":"ListItem","position":2,"name":"Minagri apoya a productores de la Regi\u00f3n Metropolitana ante d\u00e9ficit h\u00eddrico"}]},{"@type":"WebSite","@id":"https:\/\/www.mundoagropecuario.cl\/new\/#website","url":"https:\/\/www.mundoagropecuario.cl\/new\/","name":"Mundoagropecuario","description":"Mundo Agropecuario","publisher":{"@id":"https:\/\/www.mundoagropecuario.cl\/new\/#organization"},"potentialAction":[{"@type":"SearchAction","target":{"@type":"EntryPoint","urlTemplate":"https:\/\/www.mundoagropecuario.cl\/new\/?s={search_term_string}"},"query-input":{"@type":"PropertyValueSpecification","valueRequired":true,"valueName":"search_term_string"}}],"inLanguage":"es"},{"@type":"Organization","@id":"https:\/\/www.mundoagropecuario.cl\/new\/#organization","name":"Revista de Agricultura","url":"https:\/\/www.mundoagropecuario.cl\/new\/","logo":{"@type":"ImageObject","inLanguage":"es","@id":"https:\/\/www.mundoagropecuario.cl\/new\/#\/schema\/logo\/image\/","url":"https:\/\/www.mundoagropecuario.cl\/new\/wp-content\/uploads\/2020\/11\/PORTAL-1-1.png","contentUrl":"https:\/\/www.mundoagropecuario.cl\/new\/wp-content\/uploads\/2020\/11\/PORTAL-1-1.png","width":1026,"height":100,"caption":"Revista de Agricultura"},"image":{"@id":"https:\/\/www.mundoagropecuario.cl\/new\/#\/schema\/logo\/image\/"},"sameAs":["https:\/\/www.facebook.com\/mundo.agropecuario.3","https:\/\/x.com\/MundoAgropecuar","https:\/\/www.linkedin.com\/in\/mundo-agropecuario-934009201\/"]},{"@type":"Person","@id":"https:\/\/www.mundoagropecuario.cl\/new\/#\/schema\/person\/4e9f74a82a7dac260eb1c44b7eebeb18","name":"mundo","url":"https:\/\/www.mundoagropecuario.cl\/new\/author\/mundo\/"}]}},"_links":{"self":[{"href":"https:\/\/www.mundoagropecuario.cl\/new\/wp-json\/wp\/v2\/posts\/21323","targetHints":{"allow":["GET"]}}],"collection":[{"href":"https:\/\/www.mundoagropecuario.cl\/new\/wp-json\/wp\/v2\/posts"}],"about":[{"href":"https:\/\/www.mundoagropecuario.cl\/new\/wp-json\/wp\/v2\/types\/post"}],"author":[{"embeddable":true,"href":"https:\/\/www.mundoagropecuario.cl\/new\/wp-json\/wp\/v2\/users\/2"}],"replies":[{"embeddable":true,"href":"https:\/\/www.mundoagropecuario.cl\/new\/wp-json\/wp\/v2\/comments?post=21323"}],"version-history":[{"count":2,"href":"https:\/\/www.mundoagropecuario.cl\/new\/wp-json\/wp\/v2\/posts\/21323\/revisions"}],"predecessor-version":[{"id":21347,"href":"https:\/\/www.mundoagropecuario.cl\/new\/wp-json\/wp\/v2\/posts\/21323\/revisions\/21347"}],"wp:featuredmedia":[{"embeddable":true,"href":"https:\/\/www.mundoagropecuario.cl\/new\/wp-json\/wp\/v2\/media\/21325"}],"wp:attachment":[{"href":"https:\/\/www.mundoagropecuario.cl\/new\/wp-json\/wp\/v2\/media?parent=21323"}],"wp:term":[{"taxonomy":"category","embeddable":true,"href":"https:\/\/www.mundoagropecuario.cl\/new\/wp-json\/wp\/v2\/categories?post=21323"},{"taxonomy":"post_tag","embeddable":true,"href":"https:\/\/www.mundoagropecuario.cl\/new\/wp-json\/wp\/v2\/tags?post=21323"}],"curies":[{"name":"wp","href":"https:\/\/api.w.org\/{rel}","templated":true}]}}