{"id":21168,"date":"2021-12-13T12:23:15","date_gmt":"2021-12-13T15:23:15","guid":{"rendered":"https:\/\/www.mundoagropecuario.cl\/new\/?p=21168"},"modified":"2021-12-16T13:34:25","modified_gmt":"2021-12-16T16:34:25","slug":"en-vii-simposio-brasileno-de-acarologia-destaca-participacion-de-academico-de-veterinaria-udec","status":"publish","type":"post","link":"https:\/\/www.mundoagropecuario.cl\/new\/en-vii-simposio-brasileno-de-acarologia-destaca-participacion-de-academico-de-veterinaria-udec\/","title":{"rendered":"En VII Simposio Brasile\u00f1o de Acarolog\u00eda destaca participaci\u00f3n de acad\u00e9mico de Veterinaria UdeC"},"content":{"rendered":"<blockquote>\n<h2><span style=\"color: #333300;\">Moderando una mesa de trabajo que abord\u00f3 a pat\u00f3genos y enfermedades transmitidas garrapatas, destac\u00f3 la presentaci\u00f3n desarrollada por el acad\u00e9mico del Departamento de Ciencia Animal de la Facultad de Ciencias Veterinarias, Dr. Sebasti\u00e1n Mu\u00f1oz Leal.<\/span><\/h2>\n<\/blockquote>\n<p>\u201cFue una actividad donde intervinieron especialistas de Uruguay, Brasil, y yo abord\u00e9 el tema de una enfermedad transmitida por garrapatas en Am\u00e9rica del Sur, la \u00b4Fiebre Recurrente\u2019, cuyo agente etiol\u00f3gico es una espiroqueta del g\u00e9nero Borrelia. Estas bacterias infectan a garrapatas del g\u00e9nero Ornithodoros y eventualmente pueden ser transmitidas a humanos picados por estos par\u00e1sitos, causando una enfermedad que se caracteriza por un cuadro febril recurrente\u201d, explic\u00f3 El Dr. Mu\u00f1oz.<\/p>\n<p><a href=\"https:\/\/www.mundoagropecuario.cl\/new\/wp-content\/uploads\/2021\/12\/Foto-1-scaled.jpeg\"><img loading=\"lazy\" decoding=\"async\" class=\" wp-image-21171 alignright\" src=\"https:\/\/www.mundoagropecuario.cl\/new\/wp-content\/uploads\/2021\/12\/Foto-1-586x440.jpeg\" alt=\"\" width=\"490\" height=\"356\" \/><\/a>El acad\u00e9mico agreg\u00f3 que esta enfermedad comenz\u00f3 a estudiarse en Colombia a comienzos del siglo pasado, \u201cpero luego pararon los estudios, b\u00e1sicamente porque la atenci\u00f3n se fue a otras enfermedades vectoriales como fiebre amarilla y malaria transmitidas por mosquitos Sin embargo, el a\u00f1o 2017 encontramos en el norte de Brasil, a una especie de garrapata infectada con Borrelia y logramos aislar a la bacteria. Con este hallazgo, vimos que estas bacterias a\u00fan se propagan en ambientes naturales de Am\u00e9rica del Sur\u201d, raz\u00f3n por la cual el acad\u00e9mico y un grupo de investigadores colombianos y brasile\u00f1os reabrieron esta l\u00ednea de investigaci\u00f3n olvidada.<\/p>\n<p>De acuerdo a lo expresado por el experto, en Chile tambi\u00e9n hay bacterias del g\u00e9nero Borrelia asociadas a garrapatas, \u201cexiste solamente un aislado, que se encuentra en Estados Unidos y para el cu\u00e1l ya se conoce el genoma. Actualmente, queremos aislar estas bacterias en los lugares en Chile donde nosotros ya hemos detectado su ADN tanto en garrapatas como vertebrados parasitados por estos artr\u00f3podos hemat\u00f3fagos. La idea es formar una colecci\u00f3n de aislados que est\u00e9n disponibles en Chile e investigar que tan frecuente es la infecci\u00f3n por Borrelia en animales e incluso humanos\u201d.<\/p>\n<p><a href=\"https:\/\/www.mundoagropecuario.cl\/new\/wp-content\/uploads\/2021\/12\/Foto-2-2-scaled.jpeg\"><img loading=\"lazy\" decoding=\"async\" class=\" wp-image-21169 alignleft\" src=\"https:\/\/www.mundoagropecuario.cl\/new\/wp-content\/uploads\/2021\/12\/Foto-2-2-586x391.jpeg\" alt=\"\" width=\"453\" height=\"302\" srcset=\"https:\/\/www.mundoagropecuario.cl\/new\/wp-content\/uploads\/2021\/12\/Foto-2-2-586x391.jpeg 586w, https:\/\/www.mundoagropecuario.cl\/new\/wp-content\/uploads\/2021\/12\/Foto-2-2-1024x682.jpeg 1024w, https:\/\/www.mundoagropecuario.cl\/new\/wp-content\/uploads\/2021\/12\/Foto-2-2-768x512.jpeg 768w, https:\/\/www.mundoagropecuario.cl\/new\/wp-content\/uploads\/2021\/12\/Foto-2-2-scaled.jpeg 601w\" sizes=\"auto, (max-width: 453px) 100vw, 453px\" \/><\/a>Finalmente, el Dr. Sebasti\u00e1n Mu\u00f1oz, sostuvo que en Chile, las garrapatas s\u00ed parasitan humanos, pero es poco frecuente que transmitan enfermedades. \u201cDe todas formas, hay que dejar claro que, en nuestro pa\u00eds, las m\u00e1s conocidas son las garrapatas que parasitan animales dom\u00e9sticos, como perros y gatos; sin embargo la bacterias del g\u00e9nero Borrelia y las especies de garrapatas que estamos estudiando parasitan animales silvestres, como aves, murci\u00e9lagos y roedores. Y por ejemplo, si se acampa en zonas apartadas o en parques y reservas naturales, este tipo de garrapatas eventualmente podr\u00edan picar a una persona y generar esta fiebre recurrente\u201d, precis\u00f3 el experto quien adem\u00e1s agreg\u00f3 que es dif\u00edcil poder detectar si una persona fue picada por una garrapata, sobre todo las del g\u00e9nero Ornithodoros. \u201cLas garrapatas que transmiten estas espiroquetas pertenecen a una familia que se caracteriza por una r\u00e1pida alimentaci\u00f3n, de minutos a horas, a diferencia de las otras, como las garrapatas de animales dom\u00e9sticos que permanecen durante d\u00edas sobre sus hospedadores. Entonces como se alimentan por un periodo corto de tiempo y generalmente lo hacen en la noche, es dif\u00edcil encontrarlas sobre uno\u201d.<\/p>\n<p>Lo importante es que la enfermedad que transmiten tiene tratamiento con antibi\u00f3ticos como la doxicilina. \u201cSin embargo, lo interesante es que las bacterias pueden permanecer infectando a una persona de por vida, aloj\u00e1ndose en el l\u00edquido cefalorraqu\u00eddeo; esto a la larga puede generar una enfermedad cr\u00f3nica\u201d, puntualiz\u00f3 el Dr. Sebasti\u00e1n Mu\u00f1oz, sobre este tema que en Chile est\u00e1 comenzando a investigarse.<\/p>\n<p>Foto 1: Garrapata del g\u00e9nero Ornithodoros &#8211; Foto 2: Dr. Sebastian Mu\u00f1oz, haciendo recolecci\u00f3n en terreno.<\/p>\n","protected":false},"excerpt":{"rendered":"<p>Estas bacterias infectan a garrapatas del g\u00e9nero Ornithodoros y eventualmente pueden ser transmitidas a humanos picados por estos par\u00e1sitos, causando una enfermedad que se caracteriza por un cuadro febril recurrente\u201d, explic\u00f3 El Dr. Mu\u00f1oz.<\/p>\n","protected":false},"author":2,"featured_media":21170,"comment_status":"closed","ping_status":"closed","sticky":false,"template":"","format":"standard","meta":{"footnotes":""},"categories":[1945],"tags":[2090,3127,6667,1619,6668,6666,5834],"class_list":["post-21168","post","type-post","status-publish","format-standard","has-post-thumbnail","hentry","category-agricultura","tag-agricultura","tag-agro","tag-cefalorraquideo","tag-ciencias-veterinarias","tag-dr-sebastian-munoz","tag-dr-sebastian-munoz-leal","tag-veterinaria-udec"],"yoast_head":"<!-- This site is optimized with the Yoast SEO plugin v26.6 - https:\/\/yoast.com\/wordpress\/plugins\/seo\/ -->\n<title>En VII Simposio Brasile\u00f1o de Acarolog\u00eda destaca participaci\u00f3n de acad\u00e9mico de Veterinaria UdeC - Mundoagropecuario<\/title>\n<meta name=\"description\" content=\"Estas bacterias infectan a garrapatas del g\u00e9nero Ornithodoros y eventualmente pueden ser transmitidas a humanos picados por estos par\u00e1sitos,\" \/>\n<meta name=\"robots\" content=\"index, follow, max-snippet:-1, max-image-preview:large, max-video-preview:-1\" \/>\n<link rel=\"canonical\" href=\"https:\/\/www.mundoagropecuario.cl\/new\/en-vii-simposio-brasileno-de-acarologia-destaca-participacion-de-academico-de-veterinaria-udec\/\" \/>\n<meta property=\"og:locale\" content=\"es_ES\" \/>\n<meta property=\"og:type\" content=\"article\" \/>\n<meta property=\"og:title\" content=\"En VII Simposio Brasile\u00f1o de Acarolog\u00eda destaca participaci\u00f3n de acad\u00e9mico de Veterinaria UdeC - Mundoagropecuario\" \/>\n<meta property=\"og:description\" content=\"Estas bacterias infectan a garrapatas del g\u00e9nero Ornithodoros y eventualmente pueden ser transmitidas a humanos picados por estos par\u00e1sitos,\" \/>\n<meta property=\"og:url\" content=\"https:\/\/www.mundoagropecuario.cl\/new\/en-vii-simposio-brasileno-de-acarologia-destaca-participacion-de-academico-de-veterinaria-udec\/\" \/>\n<meta property=\"og:site_name\" content=\"Mundoagropecuario\" \/>\n<meta property=\"article:publisher\" content=\"https:\/\/www.facebook.com\/mundo.agropecuario.3\" \/>\n<meta property=\"article:published_time\" content=\"2021-12-13T15:23:15+00:00\" \/>\n<meta property=\"article:modified_time\" content=\"2021-12-16T16:34:25+00:00\" \/>\n<meta property=\"og:image\" content=\"https:\/\/www.mundoagropecuario.cl\/new\/wp-content\/uploads\/2021\/12\/Afiche-scaled.jpeg\" \/>\n\t<meta property=\"og:image:width\" content=\"1024\" \/>\n\t<meta property=\"og:image:height\" content=\"1024\" \/>\n\t<meta property=\"og:image:type\" content=\"image\/jpeg\" \/>\n<meta name=\"author\" content=\"mundo\" \/>\n<meta name=\"twitter:card\" content=\"summary_large_image\" \/>\n<meta name=\"twitter:creator\" content=\"@MundoAgropecuar\" \/>\n<meta name=\"twitter:site\" content=\"@MundoAgropecuar\" \/>\n<meta name=\"twitter:label1\" content=\"Escrito por\" \/>\n\t<meta name=\"twitter:data1\" content=\"mundo\" \/>\n\t<meta name=\"twitter:label2\" content=\"Tiempo de lectura\" \/>\n\t<meta name=\"twitter:data2\" content=\"3 minutos\" \/>\n<script type=\"application\/ld+json\" class=\"yoast-schema-graph\">{\"@context\":\"https:\/\/schema.org\",\"@graph\":[{\"@type\":\"Article\",\"@id\":\"https:\/\/www.mundoagropecuario.cl\/new\/en-vii-simposio-brasileno-de-acarologia-destaca-participacion-de-academico-de-veterinaria-udec\/#article\",\"isPartOf\":{\"@id\":\"https:\/\/www.mundoagropecuario.cl\/new\/en-vii-simposio-brasileno-de-acarologia-destaca-participacion-de-academico-de-veterinaria-udec\/\"},\"author\":{\"name\":\"mundo\",\"@id\":\"https:\/\/www.mundoagropecuario.cl\/new\/#\/schema\/person\/4e9f74a82a7dac260eb1c44b7eebeb18\"},\"headline\":\"En VII Simposio Brasile\u00f1o de Acarolog\u00eda destaca participaci\u00f3n de acad\u00e9mico de Veterinaria UdeC\",\"datePublished\":\"2021-12-13T15:23:15+00:00\",\"dateModified\":\"2021-12-16T16:34:25+00:00\",\"mainEntityOfPage\":{\"@id\":\"https:\/\/www.mundoagropecuario.cl\/new\/en-vii-simposio-brasileno-de-acarologia-destaca-participacion-de-academico-de-veterinaria-udec\/\"},\"wordCount\":631,\"publisher\":{\"@id\":\"https:\/\/www.mundoagropecuario.cl\/new\/#organization\"},\"image\":{\"@id\":\"https:\/\/www.mundoagropecuario.cl\/new\/en-vii-simposio-brasileno-de-acarologia-destaca-participacion-de-academico-de-veterinaria-udec\/#primaryimage\"},\"thumbnailUrl\":\"https:\/\/www.mundoagropecuario.cl\/new\/wp-content\/uploads\/2021\/12\/Afiche-scaled.jpeg\",\"keywords\":[\"Agricultura\",\"Agro\",\"cefalorraqu\u00eddeo;\",\"Ciencias Veterinarias\",\"Dr. Sebasti\u00e1n Mu\u00f1oz\",\"Dr. Sebasti\u00e1n Mu\u00f1oz Leal\",\"Veterinaria UdeC\"],\"articleSection\":[\"Agricultura\"],\"inLanguage\":\"es\"},{\"@type\":\"WebPage\",\"@id\":\"https:\/\/www.mundoagropecuario.cl\/new\/en-vii-simposio-brasileno-de-acarologia-destaca-participacion-de-academico-de-veterinaria-udec\/\",\"url\":\"https:\/\/www.mundoagropecuario.cl\/new\/en-vii-simposio-brasileno-de-acarologia-destaca-participacion-de-academico-de-veterinaria-udec\/\",\"name\":\"En VII Simposio Brasile\u00f1o de Acarolog\u00eda destaca participaci\u00f3n de acad\u00e9mico de Veterinaria UdeC - Mundoagropecuario\",\"isPartOf\":{\"@id\":\"https:\/\/www.mundoagropecuario.cl\/new\/#website\"},\"primaryImageOfPage\":{\"@id\":\"https:\/\/www.mundoagropecuario.cl\/new\/en-vii-simposio-brasileno-de-acarologia-destaca-participacion-de-academico-de-veterinaria-udec\/#primaryimage\"},\"image\":{\"@id\":\"https:\/\/www.mundoagropecuario.cl\/new\/en-vii-simposio-brasileno-de-acarologia-destaca-participacion-de-academico-de-veterinaria-udec\/#primaryimage\"},\"thumbnailUrl\":\"https:\/\/www.mundoagropecuario.cl\/new\/wp-content\/uploads\/2021\/12\/Afiche-scaled.jpeg\",\"datePublished\":\"2021-12-13T15:23:15+00:00\",\"dateModified\":\"2021-12-16T16:34:25+00:00\",\"description\":\"Estas bacterias infectan a garrapatas del g\u00e9nero Ornithodoros y eventualmente pueden ser transmitidas a humanos picados por estos par\u00e1sitos,\",\"breadcrumb\":{\"@id\":\"https:\/\/www.mundoagropecuario.cl\/new\/en-vii-simposio-brasileno-de-acarologia-destaca-participacion-de-academico-de-veterinaria-udec\/#breadcrumb\"},\"inLanguage\":\"es\",\"potentialAction\":[{\"@type\":\"ReadAction\",\"target\":[\"https:\/\/www.mundoagropecuario.cl\/new\/en-vii-simposio-brasileno-de-acarologia-destaca-participacion-de-academico-de-veterinaria-udec\/\"]}]},{\"@type\":\"ImageObject\",\"inLanguage\":\"es\",\"@id\":\"https:\/\/www.mundoagropecuario.cl\/new\/en-vii-simposio-brasileno-de-acarologia-destaca-participacion-de-academico-de-veterinaria-udec\/#primaryimage\",\"url\":\"https:\/\/www.mundoagropecuario.cl\/new\/wp-content\/uploads\/2021\/12\/Afiche-scaled.jpeg\",\"contentUrl\":\"https:\/\/www.mundoagropecuario.cl\/new\/wp-content\/uploads\/2021\/12\/Afiche-scaled.jpeg\",\"width\":400,\"height\":400},{\"@type\":\"BreadcrumbList\",\"@id\":\"https:\/\/www.mundoagropecuario.cl\/new\/en-vii-simposio-brasileno-de-acarologia-destaca-participacion-de-academico-de-veterinaria-udec\/#breadcrumb\",\"itemListElement\":[{\"@type\":\"ListItem\",\"position\":1,\"name\":\"Portada\",\"item\":\"https:\/\/www.mundoagropecuario.cl\/new\/\"},{\"@type\":\"ListItem\",\"position\":2,\"name\":\"En VII Simposio Brasile\u00f1o de Acarolog\u00eda destaca participaci\u00f3n de acad\u00e9mico de Veterinaria UdeC\"}]},{\"@type\":\"WebSite\",\"@id\":\"https:\/\/www.mundoagropecuario.cl\/new\/#website\",\"url\":\"https:\/\/www.mundoagropecuario.cl\/new\/\",\"name\":\"Mundoagropecuario\",\"description\":\"Mundo Agropecuario\",\"publisher\":{\"@id\":\"https:\/\/www.mundoagropecuario.cl\/new\/#organization\"},\"potentialAction\":[{\"@type\":\"SearchAction\",\"target\":{\"@type\":\"EntryPoint\",\"urlTemplate\":\"https:\/\/www.mundoagropecuario.cl\/new\/?s={search_term_string}\"},\"query-input\":{\"@type\":\"PropertyValueSpecification\",\"valueRequired\":true,\"valueName\":\"search_term_string\"}}],\"inLanguage\":\"es\"},{\"@type\":\"Organization\",\"@id\":\"https:\/\/www.mundoagropecuario.cl\/new\/#organization\",\"name\":\"Revista de Agricultura\",\"url\":\"https:\/\/www.mundoagropecuario.cl\/new\/\",\"logo\":{\"@type\":\"ImageObject\",\"inLanguage\":\"es\",\"@id\":\"https:\/\/www.mundoagropecuario.cl\/new\/#\/schema\/logo\/image\/\",\"url\":\"https:\/\/www.mundoagropecuario.cl\/new\/wp-content\/uploads\/2020\/11\/PORTAL-1-1.png\",\"contentUrl\":\"https:\/\/www.mundoagropecuario.cl\/new\/wp-content\/uploads\/2020\/11\/PORTAL-1-1.png\",\"width\":1026,\"height\":100,\"caption\":\"Revista de Agricultura\"},\"image\":{\"@id\":\"https:\/\/www.mundoagropecuario.cl\/new\/#\/schema\/logo\/image\/\"},\"sameAs\":[\"https:\/\/www.facebook.com\/mundo.agropecuario.3\",\"https:\/\/x.com\/MundoAgropecuar\",\"https:\/\/www.linkedin.com\/in\/mundo-agropecuario-934009201\/\"]},{\"@type\":\"Person\",\"@id\":\"https:\/\/www.mundoagropecuario.cl\/new\/#\/schema\/person\/4e9f74a82a7dac260eb1c44b7eebeb18\",\"name\":\"mundo\",\"url\":\"https:\/\/www.mundoagropecuario.cl\/new\/author\/mundo\/\"}]}<\/script>\n<!-- \/ Yoast SEO plugin. -->","yoast_head_json":{"title":"En VII Simposio Brasile\u00f1o de Acarolog\u00eda destaca participaci\u00f3n de acad\u00e9mico de Veterinaria UdeC - Mundoagropecuario","description":"Estas bacterias infectan a garrapatas del g\u00e9nero Ornithodoros y eventualmente pueden ser transmitidas a humanos picados por estos par\u00e1sitos,","robots":{"index":"index","follow":"follow","max-snippet":"max-snippet:-1","max-image-preview":"max-image-preview:large","max-video-preview":"max-video-preview:-1"},"canonical":"https:\/\/www.mundoagropecuario.cl\/new\/en-vii-simposio-brasileno-de-acarologia-destaca-participacion-de-academico-de-veterinaria-udec\/","og_locale":"es_ES","og_type":"article","og_title":"En VII Simposio Brasile\u00f1o de Acarolog\u00eda destaca participaci\u00f3n de acad\u00e9mico de Veterinaria UdeC - Mundoagropecuario","og_description":"Estas bacterias infectan a garrapatas del g\u00e9nero Ornithodoros y eventualmente pueden ser transmitidas a humanos picados por estos par\u00e1sitos,","og_url":"https:\/\/www.mundoagropecuario.cl\/new\/en-vii-simposio-brasileno-de-acarologia-destaca-participacion-de-academico-de-veterinaria-udec\/","og_site_name":"Mundoagropecuario","article_publisher":"https:\/\/www.facebook.com\/mundo.agropecuario.3","article_published_time":"2021-12-13T15:23:15+00:00","article_modified_time":"2021-12-16T16:34:25+00:00","og_image":[{"width":1024,"height":1024,"url":"https:\/\/www.mundoagropecuario.cl\/new\/wp-content\/uploads\/2021\/12\/Afiche-scaled.jpeg","type":"image\/jpeg"}],"author":"mundo","twitter_card":"summary_large_image","twitter_creator":"@MundoAgropecuar","twitter_site":"@MundoAgropecuar","twitter_misc":{"Escrito por":"mundo","Tiempo de lectura":"3 minutos"},"schema":{"@context":"https:\/\/schema.org","@graph":[{"@type":"Article","@id":"https:\/\/www.mundoagropecuario.cl\/new\/en-vii-simposio-brasileno-de-acarologia-destaca-participacion-de-academico-de-veterinaria-udec\/#article","isPartOf":{"@id":"https:\/\/www.mundoagropecuario.cl\/new\/en-vii-simposio-brasileno-de-acarologia-destaca-participacion-de-academico-de-veterinaria-udec\/"},"author":{"name":"mundo","@id":"https:\/\/www.mundoagropecuario.cl\/new\/#\/schema\/person\/4e9f74a82a7dac260eb1c44b7eebeb18"},"headline":"En VII Simposio Brasile\u00f1o de Acarolog\u00eda destaca participaci\u00f3n de acad\u00e9mico de Veterinaria UdeC","datePublished":"2021-12-13T15:23:15+00:00","dateModified":"2021-12-16T16:34:25+00:00","mainEntityOfPage":{"@id":"https:\/\/www.mundoagropecuario.cl\/new\/en-vii-simposio-brasileno-de-acarologia-destaca-participacion-de-academico-de-veterinaria-udec\/"},"wordCount":631,"publisher":{"@id":"https:\/\/www.mundoagropecuario.cl\/new\/#organization"},"image":{"@id":"https:\/\/www.mundoagropecuario.cl\/new\/en-vii-simposio-brasileno-de-acarologia-destaca-participacion-de-academico-de-veterinaria-udec\/#primaryimage"},"thumbnailUrl":"https:\/\/www.mundoagropecuario.cl\/new\/wp-content\/uploads\/2021\/12\/Afiche-scaled.jpeg","keywords":["Agricultura","Agro","cefalorraqu\u00eddeo;","Ciencias Veterinarias","Dr. Sebasti\u00e1n Mu\u00f1oz","Dr. Sebasti\u00e1n Mu\u00f1oz Leal","Veterinaria UdeC"],"articleSection":["Agricultura"],"inLanguage":"es"},{"@type":"WebPage","@id":"https:\/\/www.mundoagropecuario.cl\/new\/en-vii-simposio-brasileno-de-acarologia-destaca-participacion-de-academico-de-veterinaria-udec\/","url":"https:\/\/www.mundoagropecuario.cl\/new\/en-vii-simposio-brasileno-de-acarologia-destaca-participacion-de-academico-de-veterinaria-udec\/","name":"En VII Simposio Brasile\u00f1o de Acarolog\u00eda destaca participaci\u00f3n de acad\u00e9mico de Veterinaria UdeC - Mundoagropecuario","isPartOf":{"@id":"https:\/\/www.mundoagropecuario.cl\/new\/#website"},"primaryImageOfPage":{"@id":"https:\/\/www.mundoagropecuario.cl\/new\/en-vii-simposio-brasileno-de-acarologia-destaca-participacion-de-academico-de-veterinaria-udec\/#primaryimage"},"image":{"@id":"https:\/\/www.mundoagropecuario.cl\/new\/en-vii-simposio-brasileno-de-acarologia-destaca-participacion-de-academico-de-veterinaria-udec\/#primaryimage"},"thumbnailUrl":"https:\/\/www.mundoagropecuario.cl\/new\/wp-content\/uploads\/2021\/12\/Afiche-scaled.jpeg","datePublished":"2021-12-13T15:23:15+00:00","dateModified":"2021-12-16T16:34:25+00:00","description":"Estas bacterias infectan a garrapatas del g\u00e9nero Ornithodoros y eventualmente pueden ser transmitidas a humanos picados por estos par\u00e1sitos,","breadcrumb":{"@id":"https:\/\/www.mundoagropecuario.cl\/new\/en-vii-simposio-brasileno-de-acarologia-destaca-participacion-de-academico-de-veterinaria-udec\/#breadcrumb"},"inLanguage":"es","potentialAction":[{"@type":"ReadAction","target":["https:\/\/www.mundoagropecuario.cl\/new\/en-vii-simposio-brasileno-de-acarologia-destaca-participacion-de-academico-de-veterinaria-udec\/"]}]},{"@type":"ImageObject","inLanguage":"es","@id":"https:\/\/www.mundoagropecuario.cl\/new\/en-vii-simposio-brasileno-de-acarologia-destaca-participacion-de-academico-de-veterinaria-udec\/#primaryimage","url":"https:\/\/www.mundoagropecuario.cl\/new\/wp-content\/uploads\/2021\/12\/Afiche-scaled.jpeg","contentUrl":"https:\/\/www.mundoagropecuario.cl\/new\/wp-content\/uploads\/2021\/12\/Afiche-scaled.jpeg","width":400,"height":400},{"@type":"BreadcrumbList","@id":"https:\/\/www.mundoagropecuario.cl\/new\/en-vii-simposio-brasileno-de-acarologia-destaca-participacion-de-academico-de-veterinaria-udec\/#breadcrumb","itemListElement":[{"@type":"ListItem","position":1,"name":"Portada","item":"https:\/\/www.mundoagropecuario.cl\/new\/"},{"@type":"ListItem","position":2,"name":"En VII Simposio Brasile\u00f1o de Acarolog\u00eda destaca participaci\u00f3n de acad\u00e9mico de Veterinaria UdeC"}]},{"@type":"WebSite","@id":"https:\/\/www.mundoagropecuario.cl\/new\/#website","url":"https:\/\/www.mundoagropecuario.cl\/new\/","name":"Mundoagropecuario","description":"Mundo Agropecuario","publisher":{"@id":"https:\/\/www.mundoagropecuario.cl\/new\/#organization"},"potentialAction":[{"@type":"SearchAction","target":{"@type":"EntryPoint","urlTemplate":"https:\/\/www.mundoagropecuario.cl\/new\/?s={search_term_string}"},"query-input":{"@type":"PropertyValueSpecification","valueRequired":true,"valueName":"search_term_string"}}],"inLanguage":"es"},{"@type":"Organization","@id":"https:\/\/www.mundoagropecuario.cl\/new\/#organization","name":"Revista de Agricultura","url":"https:\/\/www.mundoagropecuario.cl\/new\/","logo":{"@type":"ImageObject","inLanguage":"es","@id":"https:\/\/www.mundoagropecuario.cl\/new\/#\/schema\/logo\/image\/","url":"https:\/\/www.mundoagropecuario.cl\/new\/wp-content\/uploads\/2020\/11\/PORTAL-1-1.png","contentUrl":"https:\/\/www.mundoagropecuario.cl\/new\/wp-content\/uploads\/2020\/11\/PORTAL-1-1.png","width":1026,"height":100,"caption":"Revista de Agricultura"},"image":{"@id":"https:\/\/www.mundoagropecuario.cl\/new\/#\/schema\/logo\/image\/"},"sameAs":["https:\/\/www.facebook.com\/mundo.agropecuario.3","https:\/\/x.com\/MundoAgropecuar","https:\/\/www.linkedin.com\/in\/mundo-agropecuario-934009201\/"]},{"@type":"Person","@id":"https:\/\/www.mundoagropecuario.cl\/new\/#\/schema\/person\/4e9f74a82a7dac260eb1c44b7eebeb18","name":"mundo","url":"https:\/\/www.mundoagropecuario.cl\/new\/author\/mundo\/"}]}},"_links":{"self":[{"href":"https:\/\/www.mundoagropecuario.cl\/new\/wp-json\/wp\/v2\/posts\/21168","targetHints":{"allow":["GET"]}}],"collection":[{"href":"https:\/\/www.mundoagropecuario.cl\/new\/wp-json\/wp\/v2\/posts"}],"about":[{"href":"https:\/\/www.mundoagropecuario.cl\/new\/wp-json\/wp\/v2\/types\/post"}],"author":[{"embeddable":true,"href":"https:\/\/www.mundoagropecuario.cl\/new\/wp-json\/wp\/v2\/users\/2"}],"replies":[{"embeddable":true,"href":"https:\/\/www.mundoagropecuario.cl\/new\/wp-json\/wp\/v2\/comments?post=21168"}],"version-history":[{"count":1,"href":"https:\/\/www.mundoagropecuario.cl\/new\/wp-json\/wp\/v2\/posts\/21168\/revisions"}],"predecessor-version":[{"id":21172,"href":"https:\/\/www.mundoagropecuario.cl\/new\/wp-json\/wp\/v2\/posts\/21168\/revisions\/21172"}],"wp:featuredmedia":[{"embeddable":true,"href":"https:\/\/www.mundoagropecuario.cl\/new\/wp-json\/wp\/v2\/media\/21170"}],"wp:attachment":[{"href":"https:\/\/www.mundoagropecuario.cl\/new\/wp-json\/wp\/v2\/media?parent=21168"}],"wp:term":[{"taxonomy":"category","embeddable":true,"href":"https:\/\/www.mundoagropecuario.cl\/new\/wp-json\/wp\/v2\/categories?post=21168"},{"taxonomy":"post_tag","embeddable":true,"href":"https:\/\/www.mundoagropecuario.cl\/new\/wp-json\/wp\/v2\/tags?post=21168"}],"curies":[{"name":"wp","href":"https:\/\/api.w.org\/{rel}","templated":true}]}}