{"id":21128,"date":"2021-12-09T11:11:56","date_gmt":"2021-12-09T14:11:56","guid":{"rendered":"https:\/\/www.mundoagropecuario.cl\/new\/?p=21128"},"modified":"2021-12-13T12:07:31","modified_gmt":"2021-12-13T15:07:31","slug":"inia-butalcura-organizo-taller-y-dia-de-campo-para-gtt-de-semilleristas-de-papa-de-chiloe","status":"publish","type":"post","link":"https:\/\/www.mundoagropecuario.cl\/new\/inia-butalcura-organizo-taller-y-dia-de-campo-para-gtt-de-semilleristas-de-papa-de-chiloe\/","title":{"rendered":"INIA Butalcura organiz\u00f3 taller y d\u00eda de campo para GTT de semilleristas de papa de Chilo\u00e9"},"content":{"rendered":"<blockquote>\n<h2><span style=\"color: #333300;\">Entre los objetivos se busca obtener la certificaci\u00f3n por parte del SAG de semilleros de papa de variedades comerciales y nativas.<\/span><\/h2>\n<\/blockquote>\n<p>En la comuna de Puqueld\u00f3n, en la provincia de Chilo\u00e9, se realiz\u00f3 un taller y d\u00eda de campo destinado a los productores del Grupo de Transferencia Tecnol\u00f3gica (GTT) de semilleristas de papa que INIA Butalcura est\u00e1 ejecutando con miras a potenciar la certificaci\u00f3n de semillas y a su vez generar oportunidades de negocios mediante la acreditaci\u00f3n de sus semilleros ante el Servicio Agr\u00edcola y Ganadero (SAG). As\u00ed lo inform\u00f3 Gabriel Pe\u00f1a, profesional de INIA Butalcura y coordinador de extensi\u00f3n y transferencia tecnol\u00f3gica en Chilo\u00e9, quien se\u00f1al\u00f3 que \u201ccon el trabajo de tres a\u00f1os esperamos obtener unos 12 semilleros de calidad con su certificaci\u00f3n para la comercializaci\u00f3n de semillas certificadas de papa de variedades comerciales y papas nativas\u201d.<\/p>\n<p><a href=\"https:\/\/www.mundoagropecuario.cl\/new\/wp-content\/uploads\/2021\/12\/Visita-a-semillero.jpeg\"><img loading=\"lazy\" decoding=\"async\" class=\" wp-image-21130 alignright\" src=\"https:\/\/www.mundoagropecuario.cl\/new\/wp-content\/uploads\/2021\/12\/Visita-a-semillero-586x440.jpeg\" alt=\"\" width=\"509\" height=\"387\" \/><\/a>En la ocasi\u00f3n, el investigador jefe del Programa de Mejoramiento Gen\u00e9tico de Papa del INIA, Manuel Mu\u00f1oz, resalt\u00f3 el hecho de que \u201cvarios productores de Puqueld\u00f3n lograron someter con \u00e9xito sus semillas de papas nativas al proceso de certificaci\u00f3n, empleando material de reproducci\u00f3n proporcionado por INIA, lo que sin duda representa un gran logro y permitir\u00e1 potenciar el desarrollo del rubro en la zona\u201d.<\/p>\n<p>Explic\u00f3 que \u201centre los requisitos m\u00e1s importantes de una semilla de alta calidad est\u00e1n la pureza varietal, la calidad sanitaria y la calidad fisiol\u00f3gica. Durante su exposici\u00f3n se refiri\u00f3 a caracteres morfol\u00f3gicos claves de la planta para identificar variedades y as\u00ed discriminar eventuales mezclas o plantas fuera de tipo en el semillero\u201d. De igual forma habl\u00f3 sobre la importancia de realizar una separaci\u00f3n por distintos calibres de los tub\u00e9rculos destinados a semilla y de plantar tub\u00e9rculos de calibres homog\u00e9neos.<\/p>\n<p>Por su parte, la investigadora de INIA Remehue y especialista en suelos, Ingrid Mart\u00ednez, expuso sobre el efecto de la fertilizaci\u00f3n y el estr\u00e9s h\u00eddrico en el cultivo de la papa, \u201cconsiderando los datos de los an\u00e1lisis de suelo de los agricultores de Puqueld\u00f3n, principalmente, nitr\u00f3geno, f\u00f3sforo y potasio, ya que anteriormente se les hab\u00eda hablado sobre acidez\u201d, indic\u00f3. Tambi\u00e9n, enfatiz\u00f3 la importancia de realizar an\u00e1lisis de suelos y se refiri\u00f3 al uso del riego y su relaci\u00f3n con el estado fenol\u00f3gico en el que m\u00e1s afecta al cultivo el estr\u00e9s h\u00eddrico. Tambi\u00e9n recomend\u00f3 usar, para condiciones de secano, variedades que tengan una mayor tolerancia al estr\u00e9s h\u00eddrico.<\/p>\n<p>Finalmente, la investigadora y especialista en fisiolog\u00eda de cultivos de INIA, Ana Mar\u00eda M\u00e9ndez, se refiri\u00f3 a la importancia de conocer y reconocer las diferentes etapas fenol\u00f3gicas por las que pasa el cultivo de papa, y c\u00f3mo \u00e9sto ayuda en la toma de decisiones en el manejo agron\u00f3mico para alcanzar mejores rendimientos. \u201cAnalizamos c\u00f3mo el d\u00e9ficit h\u00eddrico, dependiendo de la etapa de desarrollo en la que se encuentre el cultivo, va limitando el potencial productivo, as\u00ed por ejemplo una disminuci\u00f3n de la disponibilidad h\u00eddrica durante el inicio de tuberizaci\u00f3n reducir\u00e1 el n\u00famero de tub\u00e9rculos por planta, en tanto, que si el d\u00e9ficit h\u00eddrico es despu\u00e9s de floraci\u00f3n generar\u00e1 una senescencia acelerada del cultivo limitando el tama\u00f1o de los tub\u00e9rculos&#8221;.<\/p>\n","protected":false},"excerpt":{"rendered":"<p>En la comuna de Puqueld\u00f3n, en la provincia de Chilo\u00e9, se realiz\u00f3 un taller y d\u00eda de campo destinado a los productores del Grupo de Transferencia Tecnol\u00f3gica (GTT) de semilleristas de papa que INIA Butalcura.<\/p>\n","protected":false},"author":2,"featured_media":21129,"comment_status":"closed","ping_status":"closed","sticky":false,"template":"","format":"standard","meta":{"footnotes":""},"categories":[1945],"tags":[2090,3127,6650,2052,6232,1993,6649],"class_list":["post-21128","post","type-post","status-publish","format-standard","has-post-thumbnail","hentry","category-agricultura","tag-agricultura","tag-agro","tag-ana-maria-mendez","tag-inia","tag-inia-butalcura","tag-inia-remehue","tag-papa-de-chiloe"],"yoast_head":"<!-- This site is optimized with the Yoast SEO plugin v26.6 - https:\/\/yoast.com\/wordpress\/plugins\/seo\/ -->\n<title>INIA Butalcura organiz\u00f3 taller y d\u00eda de campo para GTT de semilleristas de papa de Chilo\u00e9 - Mundoagropecuario<\/title>\n<meta name=\"description\" content=\"En Puqueld\u00f3n, se realiz\u00f3 un taller y d\u00eda de campo destinado a los productores del Grupo de Transferencia Tecnol\u00f3gica (GTT)\" \/>\n<meta name=\"robots\" content=\"index, follow, max-snippet:-1, max-image-preview:large, max-video-preview:-1\" \/>\n<link rel=\"canonical\" href=\"https:\/\/www.mundoagropecuario.cl\/new\/inia-butalcura-organizo-taller-y-dia-de-campo-para-gtt-de-semilleristas-de-papa-de-chiloe\/\" \/>\n<meta property=\"og:locale\" content=\"es_ES\" \/>\n<meta property=\"og:type\" content=\"article\" \/>\n<meta property=\"og:title\" content=\"INIA Butalcura organiz\u00f3 taller y d\u00eda de campo para GTT de semilleristas de papa de Chilo\u00e9 - Mundoagropecuario\" \/>\n<meta property=\"og:description\" content=\"En Puqueld\u00f3n, se realiz\u00f3 un taller y d\u00eda de campo destinado a los productores del Grupo de Transferencia Tecnol\u00f3gica (GTT)\" \/>\n<meta property=\"og:url\" content=\"https:\/\/www.mundoagropecuario.cl\/new\/inia-butalcura-organizo-taller-y-dia-de-campo-para-gtt-de-semilleristas-de-papa-de-chiloe\/\" \/>\n<meta property=\"og:site_name\" content=\"Mundoagropecuario\" \/>\n<meta property=\"article:publisher\" content=\"https:\/\/www.facebook.com\/mundo.agropecuario.3\" \/>\n<meta property=\"article:published_time\" content=\"2021-12-09T14:11:56+00:00\" \/>\n<meta property=\"article:modified_time\" content=\"2021-12-13T15:07:31+00:00\" \/>\n<meta property=\"og:image\" content=\"https:\/\/www.mundoagropecuario.cl\/new\/wp-content\/uploads\/2021\/12\/Taller-di\u0301a-de-campo-Puqueldo\u0301n.jpeg\" \/>\n\t<meta property=\"og:image:width\" content=\"640\" \/>\n\t<meta property=\"og:image:height\" content=\"480\" \/>\n\t<meta property=\"og:image:type\" content=\"image\/jpeg\" \/>\n<meta name=\"author\" content=\"mundo\" \/>\n<meta name=\"twitter:card\" content=\"summary_large_image\" \/>\n<meta name=\"twitter:creator\" content=\"@MundoAgropecuar\" \/>\n<meta name=\"twitter:site\" content=\"@MundoAgropecuar\" \/>\n<meta name=\"twitter:label1\" content=\"Escrito por\" \/>\n\t<meta name=\"twitter:data1\" content=\"mundo\" \/>\n\t<meta name=\"twitter:label2\" content=\"Tiempo de lectura\" \/>\n\t<meta name=\"twitter:data2\" content=\"3 minutos\" \/>\n<script type=\"application\/ld+json\" class=\"yoast-schema-graph\">{\"@context\":\"https:\/\/schema.org\",\"@graph\":[{\"@type\":\"Article\",\"@id\":\"https:\/\/www.mundoagropecuario.cl\/new\/inia-butalcura-organizo-taller-y-dia-de-campo-para-gtt-de-semilleristas-de-papa-de-chiloe\/#article\",\"isPartOf\":{\"@id\":\"https:\/\/www.mundoagropecuario.cl\/new\/inia-butalcura-organizo-taller-y-dia-de-campo-para-gtt-de-semilleristas-de-papa-de-chiloe\/\"},\"author\":{\"name\":\"mundo\",\"@id\":\"https:\/\/www.mundoagropecuario.cl\/new\/#\/schema\/person\/4e9f74a82a7dac260eb1c44b7eebeb18\"},\"headline\":\"INIA Butalcura organiz\u00f3 taller y d\u00eda de campo para GTT de semilleristas de papa de Chilo\u00e9\",\"datePublished\":\"2021-12-09T14:11:56+00:00\",\"dateModified\":\"2021-12-13T15:07:31+00:00\",\"mainEntityOfPage\":{\"@id\":\"https:\/\/www.mundoagropecuario.cl\/new\/inia-butalcura-organizo-taller-y-dia-de-campo-para-gtt-de-semilleristas-de-papa-de-chiloe\/\"},\"wordCount\":592,\"publisher\":{\"@id\":\"https:\/\/www.mundoagropecuario.cl\/new\/#organization\"},\"image\":{\"@id\":\"https:\/\/www.mundoagropecuario.cl\/new\/inia-butalcura-organizo-taller-y-dia-de-campo-para-gtt-de-semilleristas-de-papa-de-chiloe\/#primaryimage\"},\"thumbnailUrl\":\"https:\/\/www.mundoagropecuario.cl\/new\/wp-content\/uploads\/2021\/12\/Taller-di\u0301a-de-campo-Puqueldo\u0301n.jpeg\",\"keywords\":[\"Agricultura\",\"Agro\",\"Ana Mar\u00eda M\u00e9ndez\",\"INIA\",\"INIA Butalcura\",\"INIA Remehue\",\"papa de Chilo\u00e9\"],\"articleSection\":[\"Agricultura\"],\"inLanguage\":\"es\"},{\"@type\":\"WebPage\",\"@id\":\"https:\/\/www.mundoagropecuario.cl\/new\/inia-butalcura-organizo-taller-y-dia-de-campo-para-gtt-de-semilleristas-de-papa-de-chiloe\/\",\"url\":\"https:\/\/www.mundoagropecuario.cl\/new\/inia-butalcura-organizo-taller-y-dia-de-campo-para-gtt-de-semilleristas-de-papa-de-chiloe\/\",\"name\":\"INIA Butalcura organiz\u00f3 taller y d\u00eda de campo para GTT de semilleristas de papa de Chilo\u00e9 - Mundoagropecuario\",\"isPartOf\":{\"@id\":\"https:\/\/www.mundoagropecuario.cl\/new\/#website\"},\"primaryImageOfPage\":{\"@id\":\"https:\/\/www.mundoagropecuario.cl\/new\/inia-butalcura-organizo-taller-y-dia-de-campo-para-gtt-de-semilleristas-de-papa-de-chiloe\/#primaryimage\"},\"image\":{\"@id\":\"https:\/\/www.mundoagropecuario.cl\/new\/inia-butalcura-organizo-taller-y-dia-de-campo-para-gtt-de-semilleristas-de-papa-de-chiloe\/#primaryimage\"},\"thumbnailUrl\":\"https:\/\/www.mundoagropecuario.cl\/new\/wp-content\/uploads\/2021\/12\/Taller-di\u0301a-de-campo-Puqueldo\u0301n.jpeg\",\"datePublished\":\"2021-12-09T14:11:56+00:00\",\"dateModified\":\"2021-12-13T15:07:31+00:00\",\"description\":\"En Puqueld\u00f3n, se realiz\u00f3 un taller y d\u00eda de campo destinado a los productores del Grupo de Transferencia Tecnol\u00f3gica (GTT)\",\"breadcrumb\":{\"@id\":\"https:\/\/www.mundoagropecuario.cl\/new\/inia-butalcura-organizo-taller-y-dia-de-campo-para-gtt-de-semilleristas-de-papa-de-chiloe\/#breadcrumb\"},\"inLanguage\":\"es\",\"potentialAction\":[{\"@type\":\"ReadAction\",\"target\":[\"https:\/\/www.mundoagropecuario.cl\/new\/inia-butalcura-organizo-taller-y-dia-de-campo-para-gtt-de-semilleristas-de-papa-de-chiloe\/\"]}]},{\"@type\":\"ImageObject\",\"inLanguage\":\"es\",\"@id\":\"https:\/\/www.mundoagropecuario.cl\/new\/inia-butalcura-organizo-taller-y-dia-de-campo-para-gtt-de-semilleristas-de-papa-de-chiloe\/#primaryimage\",\"url\":\"https:\/\/www.mundoagropecuario.cl\/new\/wp-content\/uploads\/2021\/12\/Taller-di\u0301a-de-campo-Puqueldo\u0301n.jpeg\",\"contentUrl\":\"https:\/\/www.mundoagropecuario.cl\/new\/wp-content\/uploads\/2021\/12\/Taller-di\u0301a-de-campo-Puqueldo\u0301n.jpeg\",\"width\":533,\"height\":400},{\"@type\":\"BreadcrumbList\",\"@id\":\"https:\/\/www.mundoagropecuario.cl\/new\/inia-butalcura-organizo-taller-y-dia-de-campo-para-gtt-de-semilleristas-de-papa-de-chiloe\/#breadcrumb\",\"itemListElement\":[{\"@type\":\"ListItem\",\"position\":1,\"name\":\"Portada\",\"item\":\"https:\/\/www.mundoagropecuario.cl\/new\/\"},{\"@type\":\"ListItem\",\"position\":2,\"name\":\"INIA Butalcura organiz\u00f3 taller y d\u00eda de campo para GTT de semilleristas de papa de Chilo\u00e9\"}]},{\"@type\":\"WebSite\",\"@id\":\"https:\/\/www.mundoagropecuario.cl\/new\/#website\",\"url\":\"https:\/\/www.mundoagropecuario.cl\/new\/\",\"name\":\"Mundoagropecuario\",\"description\":\"Mundo Agropecuario\",\"publisher\":{\"@id\":\"https:\/\/www.mundoagropecuario.cl\/new\/#organization\"},\"potentialAction\":[{\"@type\":\"SearchAction\",\"target\":{\"@type\":\"EntryPoint\",\"urlTemplate\":\"https:\/\/www.mundoagropecuario.cl\/new\/?s={search_term_string}\"},\"query-input\":{\"@type\":\"PropertyValueSpecification\",\"valueRequired\":true,\"valueName\":\"search_term_string\"}}],\"inLanguage\":\"es\"},{\"@type\":\"Organization\",\"@id\":\"https:\/\/www.mundoagropecuario.cl\/new\/#organization\",\"name\":\"Revista de Agricultura\",\"url\":\"https:\/\/www.mundoagropecuario.cl\/new\/\",\"logo\":{\"@type\":\"ImageObject\",\"inLanguage\":\"es\",\"@id\":\"https:\/\/www.mundoagropecuario.cl\/new\/#\/schema\/logo\/image\/\",\"url\":\"https:\/\/www.mundoagropecuario.cl\/new\/wp-content\/uploads\/2020\/11\/PORTAL-1-1.png\",\"contentUrl\":\"https:\/\/www.mundoagropecuario.cl\/new\/wp-content\/uploads\/2020\/11\/PORTAL-1-1.png\",\"width\":1026,\"height\":100,\"caption\":\"Revista de Agricultura\"},\"image\":{\"@id\":\"https:\/\/www.mundoagropecuario.cl\/new\/#\/schema\/logo\/image\/\"},\"sameAs\":[\"https:\/\/www.facebook.com\/mundo.agropecuario.3\",\"https:\/\/x.com\/MundoAgropecuar\",\"https:\/\/www.linkedin.com\/in\/mundo-agropecuario-934009201\/\"]},{\"@type\":\"Person\",\"@id\":\"https:\/\/www.mundoagropecuario.cl\/new\/#\/schema\/person\/4e9f74a82a7dac260eb1c44b7eebeb18\",\"name\":\"mundo\",\"url\":\"https:\/\/www.mundoagropecuario.cl\/new\/author\/mundo\/\"}]}<\/script>\n<!-- \/ Yoast SEO plugin. -->","yoast_head_json":{"title":"INIA Butalcura organiz\u00f3 taller y d\u00eda de campo para GTT de semilleristas de papa de Chilo\u00e9 - Mundoagropecuario","description":"En Puqueld\u00f3n, se realiz\u00f3 un taller y d\u00eda de campo destinado a los productores del Grupo de Transferencia Tecnol\u00f3gica (GTT)","robots":{"index":"index","follow":"follow","max-snippet":"max-snippet:-1","max-image-preview":"max-image-preview:large","max-video-preview":"max-video-preview:-1"},"canonical":"https:\/\/www.mundoagropecuario.cl\/new\/inia-butalcura-organizo-taller-y-dia-de-campo-para-gtt-de-semilleristas-de-papa-de-chiloe\/","og_locale":"es_ES","og_type":"article","og_title":"INIA Butalcura organiz\u00f3 taller y d\u00eda de campo para GTT de semilleristas de papa de Chilo\u00e9 - Mundoagropecuario","og_description":"En Puqueld\u00f3n, se realiz\u00f3 un taller y d\u00eda de campo destinado a los productores del Grupo de Transferencia Tecnol\u00f3gica (GTT)","og_url":"https:\/\/www.mundoagropecuario.cl\/new\/inia-butalcura-organizo-taller-y-dia-de-campo-para-gtt-de-semilleristas-de-papa-de-chiloe\/","og_site_name":"Mundoagropecuario","article_publisher":"https:\/\/www.facebook.com\/mundo.agropecuario.3","article_published_time":"2021-12-09T14:11:56+00:00","article_modified_time":"2021-12-13T15:07:31+00:00","og_image":[{"width":640,"height":480,"url":"https:\/\/www.mundoagropecuario.cl\/new\/wp-content\/uploads\/2021\/12\/Taller-di\u0301a-de-campo-Puqueldo\u0301n.jpeg","type":"image\/jpeg"}],"author":"mundo","twitter_card":"summary_large_image","twitter_creator":"@MundoAgropecuar","twitter_site":"@MundoAgropecuar","twitter_misc":{"Escrito por":"mundo","Tiempo de lectura":"3 minutos"},"schema":{"@context":"https:\/\/schema.org","@graph":[{"@type":"Article","@id":"https:\/\/www.mundoagropecuario.cl\/new\/inia-butalcura-organizo-taller-y-dia-de-campo-para-gtt-de-semilleristas-de-papa-de-chiloe\/#article","isPartOf":{"@id":"https:\/\/www.mundoagropecuario.cl\/new\/inia-butalcura-organizo-taller-y-dia-de-campo-para-gtt-de-semilleristas-de-papa-de-chiloe\/"},"author":{"name":"mundo","@id":"https:\/\/www.mundoagropecuario.cl\/new\/#\/schema\/person\/4e9f74a82a7dac260eb1c44b7eebeb18"},"headline":"INIA Butalcura organiz\u00f3 taller y d\u00eda de campo para GTT de semilleristas de papa de Chilo\u00e9","datePublished":"2021-12-09T14:11:56+00:00","dateModified":"2021-12-13T15:07:31+00:00","mainEntityOfPage":{"@id":"https:\/\/www.mundoagropecuario.cl\/new\/inia-butalcura-organizo-taller-y-dia-de-campo-para-gtt-de-semilleristas-de-papa-de-chiloe\/"},"wordCount":592,"publisher":{"@id":"https:\/\/www.mundoagropecuario.cl\/new\/#organization"},"image":{"@id":"https:\/\/www.mundoagropecuario.cl\/new\/inia-butalcura-organizo-taller-y-dia-de-campo-para-gtt-de-semilleristas-de-papa-de-chiloe\/#primaryimage"},"thumbnailUrl":"https:\/\/www.mundoagropecuario.cl\/new\/wp-content\/uploads\/2021\/12\/Taller-di\u0301a-de-campo-Puqueldo\u0301n.jpeg","keywords":["Agricultura","Agro","Ana Mar\u00eda M\u00e9ndez","INIA","INIA Butalcura","INIA Remehue","papa de Chilo\u00e9"],"articleSection":["Agricultura"],"inLanguage":"es"},{"@type":"WebPage","@id":"https:\/\/www.mundoagropecuario.cl\/new\/inia-butalcura-organizo-taller-y-dia-de-campo-para-gtt-de-semilleristas-de-papa-de-chiloe\/","url":"https:\/\/www.mundoagropecuario.cl\/new\/inia-butalcura-organizo-taller-y-dia-de-campo-para-gtt-de-semilleristas-de-papa-de-chiloe\/","name":"INIA Butalcura organiz\u00f3 taller y d\u00eda de campo para GTT de semilleristas de papa de Chilo\u00e9 - Mundoagropecuario","isPartOf":{"@id":"https:\/\/www.mundoagropecuario.cl\/new\/#website"},"primaryImageOfPage":{"@id":"https:\/\/www.mundoagropecuario.cl\/new\/inia-butalcura-organizo-taller-y-dia-de-campo-para-gtt-de-semilleristas-de-papa-de-chiloe\/#primaryimage"},"image":{"@id":"https:\/\/www.mundoagropecuario.cl\/new\/inia-butalcura-organizo-taller-y-dia-de-campo-para-gtt-de-semilleristas-de-papa-de-chiloe\/#primaryimage"},"thumbnailUrl":"https:\/\/www.mundoagropecuario.cl\/new\/wp-content\/uploads\/2021\/12\/Taller-di\u0301a-de-campo-Puqueldo\u0301n.jpeg","datePublished":"2021-12-09T14:11:56+00:00","dateModified":"2021-12-13T15:07:31+00:00","description":"En Puqueld\u00f3n, se realiz\u00f3 un taller y d\u00eda de campo destinado a los productores del Grupo de Transferencia Tecnol\u00f3gica (GTT)","breadcrumb":{"@id":"https:\/\/www.mundoagropecuario.cl\/new\/inia-butalcura-organizo-taller-y-dia-de-campo-para-gtt-de-semilleristas-de-papa-de-chiloe\/#breadcrumb"},"inLanguage":"es","potentialAction":[{"@type":"ReadAction","target":["https:\/\/www.mundoagropecuario.cl\/new\/inia-butalcura-organizo-taller-y-dia-de-campo-para-gtt-de-semilleristas-de-papa-de-chiloe\/"]}]},{"@type":"ImageObject","inLanguage":"es","@id":"https:\/\/www.mundoagropecuario.cl\/new\/inia-butalcura-organizo-taller-y-dia-de-campo-para-gtt-de-semilleristas-de-papa-de-chiloe\/#primaryimage","url":"https:\/\/www.mundoagropecuario.cl\/new\/wp-content\/uploads\/2021\/12\/Taller-di\u0301a-de-campo-Puqueldo\u0301n.jpeg","contentUrl":"https:\/\/www.mundoagropecuario.cl\/new\/wp-content\/uploads\/2021\/12\/Taller-di\u0301a-de-campo-Puqueldo\u0301n.jpeg","width":533,"height":400},{"@type":"BreadcrumbList","@id":"https:\/\/www.mundoagropecuario.cl\/new\/inia-butalcura-organizo-taller-y-dia-de-campo-para-gtt-de-semilleristas-de-papa-de-chiloe\/#breadcrumb","itemListElement":[{"@type":"ListItem","position":1,"name":"Portada","item":"https:\/\/www.mundoagropecuario.cl\/new\/"},{"@type":"ListItem","position":2,"name":"INIA Butalcura organiz\u00f3 taller y d\u00eda de campo para GTT de semilleristas de papa de Chilo\u00e9"}]},{"@type":"WebSite","@id":"https:\/\/www.mundoagropecuario.cl\/new\/#website","url":"https:\/\/www.mundoagropecuario.cl\/new\/","name":"Mundoagropecuario","description":"Mundo Agropecuario","publisher":{"@id":"https:\/\/www.mundoagropecuario.cl\/new\/#organization"},"potentialAction":[{"@type":"SearchAction","target":{"@type":"EntryPoint","urlTemplate":"https:\/\/www.mundoagropecuario.cl\/new\/?s={search_term_string}"},"query-input":{"@type":"PropertyValueSpecification","valueRequired":true,"valueName":"search_term_string"}}],"inLanguage":"es"},{"@type":"Organization","@id":"https:\/\/www.mundoagropecuario.cl\/new\/#organization","name":"Revista de Agricultura","url":"https:\/\/www.mundoagropecuario.cl\/new\/","logo":{"@type":"ImageObject","inLanguage":"es","@id":"https:\/\/www.mundoagropecuario.cl\/new\/#\/schema\/logo\/image\/","url":"https:\/\/www.mundoagropecuario.cl\/new\/wp-content\/uploads\/2020\/11\/PORTAL-1-1.png","contentUrl":"https:\/\/www.mundoagropecuario.cl\/new\/wp-content\/uploads\/2020\/11\/PORTAL-1-1.png","width":1026,"height":100,"caption":"Revista de Agricultura"},"image":{"@id":"https:\/\/www.mundoagropecuario.cl\/new\/#\/schema\/logo\/image\/"},"sameAs":["https:\/\/www.facebook.com\/mundo.agropecuario.3","https:\/\/x.com\/MundoAgropecuar","https:\/\/www.linkedin.com\/in\/mundo-agropecuario-934009201\/"]},{"@type":"Person","@id":"https:\/\/www.mundoagropecuario.cl\/new\/#\/schema\/person\/4e9f74a82a7dac260eb1c44b7eebeb18","name":"mundo","url":"https:\/\/www.mundoagropecuario.cl\/new\/author\/mundo\/"}]}},"_links":{"self":[{"href":"https:\/\/www.mundoagropecuario.cl\/new\/wp-json\/wp\/v2\/posts\/21128","targetHints":{"allow":["GET"]}}],"collection":[{"href":"https:\/\/www.mundoagropecuario.cl\/new\/wp-json\/wp\/v2\/posts"}],"about":[{"href":"https:\/\/www.mundoagropecuario.cl\/new\/wp-json\/wp\/v2\/types\/post"}],"author":[{"embeddable":true,"href":"https:\/\/www.mundoagropecuario.cl\/new\/wp-json\/wp\/v2\/users\/2"}],"replies":[{"embeddable":true,"href":"https:\/\/www.mundoagropecuario.cl\/new\/wp-json\/wp\/v2\/comments?post=21128"}],"version-history":[{"count":1,"href":"https:\/\/www.mundoagropecuario.cl\/new\/wp-json\/wp\/v2\/posts\/21128\/revisions"}],"predecessor-version":[{"id":21131,"href":"https:\/\/www.mundoagropecuario.cl\/new\/wp-json\/wp\/v2\/posts\/21128\/revisions\/21131"}],"wp:featuredmedia":[{"embeddable":true,"href":"https:\/\/www.mundoagropecuario.cl\/new\/wp-json\/wp\/v2\/media\/21129"}],"wp:attachment":[{"href":"https:\/\/www.mundoagropecuario.cl\/new\/wp-json\/wp\/v2\/media?parent=21128"}],"wp:term":[{"taxonomy":"category","embeddable":true,"href":"https:\/\/www.mundoagropecuario.cl\/new\/wp-json\/wp\/v2\/categories?post=21128"},{"taxonomy":"post_tag","embeddable":true,"href":"https:\/\/www.mundoagropecuario.cl\/new\/wp-json\/wp\/v2\/tags?post=21128"}],"curies":[{"name":"wp","href":"https:\/\/api.w.org\/{rel}","templated":true}]}}