{"id":21094,"date":"2021-12-02T12:34:00","date_gmt":"2021-12-02T15:34:00","guid":{"rendered":"https:\/\/www.mundoagropecuario.cl\/new\/?p=21094"},"modified":"2021-12-07T11:56:20","modified_gmt":"2021-12-07T14:56:20","slug":"congreso-abordo-la-integracion-del-cooperativismo-en-la-futura-constitucion","status":"publish","type":"post","link":"https:\/\/www.mundoagropecuario.cl\/new\/congreso-abordo-la-integracion-del-cooperativismo-en-la-futura-constitucion\/","title":{"rendered":"Congreso abord\u00f3 la integraci\u00f3n del cooperativismo en la futura Constituci\u00f3n"},"content":{"rendered":"<blockquote>\n<h2><span style=\"color: #333300;\">Con el objetivo de fortalecer la causa cooperativa y plantear a la asociatividad como un punto importante para el desarrollo del pa\u00eds, la Asociaci\u00f3n Gremial de Cooperativas del Sur, entidad conformada por Cooprel, Colun, Torrencial Lechero, CREO, Cooprinsem, Bansur, Copelec, Car \u00d1uble, Crell y Libercoop, junto a la Universidad de Los Lagos, llevaron a cabo el exitoso \u201cV Congreso Cooperativo del Sur: Cooperativismo en la Nueva Constituci\u00f3n\u201d.<\/span><\/h2>\n<\/blockquote>\n<p>La instancia cont\u00f3 con un formato h\u00edbrido, realiz\u00e1ndose adem\u00e1s una transmisi\u00f3n online, desde el auditorio Enrique Vald\u00e9s de la Universidad de Los Lagos, v\u00eda YouTube.<\/p>\n<p><a href=\"https:\/\/www.mundoagropecuario.cl\/new\/wp-content\/uploads\/2021\/12\/ULA-1-IMG_2969.jpg\"><img loading=\"lazy\" decoding=\"async\" class=\" wp-image-21096 alignleft\" src=\"https:\/\/www.mundoagropecuario.cl\/new\/wp-content\/uploads\/2021\/12\/ULA-1-IMG_2969-586x390.jpg\" alt=\"\" width=\"502\" height=\"351\" \/><\/a>Fue as\u00ed como la actividad tuvo entre sus filas a expositores nacionales e internacionales, quienes conversaron con los presentes, sobre el importante rol que han tenido las cooperativas a lo largo del tiempo, entre ellos el argentino Dante Cracogna, doctor en Derecho, asesor internacional y experto en cooperativas; el jefe de la Divisi\u00f3n de Asociatividad y Cooperativas del Ministerio de Econom\u00eda, Jos\u00e9 Manuel Henr\u00edquez; y la directora ejecutiva de la Asociaci\u00f3n Nacional de Cooperativas de Chile, Jimena Mu\u00f1oz.<\/p>\n<p>De igual manera, en la ocasi\u00f3n se hizo un reconocimiento al trabajo y apoyo que han mantenido hac\u00eda el modelo cooperativo, la Universidad de Los Lagos, liderada por su rector, \u00d3scar Garrido y el exministro de Agricultura, Antonio Walker, quienes fueron homenajeados por la Asociaci\u00f3n Gremial.<\/p>\n<p>A su vez, los constituyentes del Distrito 25 y 16, Harry J\u00fcrguensen y Gloria Alvarado, entregaron su visi\u00f3n en torno a las cooperativas y su presencia en la futura Constituci\u00f3n de Chile.<\/p>\n<p>\u00d3scar Garrido, rector de la Universidad de Los Lagos, agradeci\u00f3 el reconocimiento que realiz\u00f3 Cooperativas del Sur, hacia el trabajo que ha venido haciendo la casa de estudio durante un largo periodo. &#8220;Para nosotros como universidades p\u00fablicas y estatales, el cooperativismo se acerca mucho a los principios y valores que sustentamos, por lo que estamos contentos de esta alianza virtuosa que hemos construido y donde hemos brindado espacios para que nuestros estudiantes conozcan este modelo. Con esto hemos abierto las puertas a una causa tan importante como el cooperativismo, que sin lugar a dudas, es importante en t\u00e9rminos de constituci\u00f3n para un pa\u00eds m\u00e1s justo\u201d.<\/p>\n<p>Por su parte el Presidente de Cooperativas del Sur, Fernando Becker, mencion\u00f3 que para la Asociaci\u00f3n Gremial es tremendamente importante ahondar el concepto de cooperativas en la futura Constituci\u00f3n, por lo que generar esta instancia ha sido fundamental. Adem\u00e1s, mencion\u00f3 que han tenido un gran apoyo por parte de la Universidad de Los Lagos, quienes han realizado una labor extraordinaria, permiti\u00e9ndoles dar a conocer a las futuras generaciones el concepto cooperativo. \u201cPara nosotros, incorporar el concepto de cooperativismo a nivel nacional, en todas las universidades ser\u00eda una maravilla, ese es el desaf\u00edo que tenemos por delante. Con la asociatividad puesta en la mesa de esta futura Constituci\u00f3n, queremos desarrollar las regiones y forjar un pa\u00eds distinto para todos, concentrando los recursos para el desarrollo, generando riquezas y exportarlas, con el fin de entregar una vida m\u00e1s digna a todos los chilenos\u201d.<\/p>\n<p><a href=\"https:\/\/www.mundoagropecuario.cl\/new\/wp-content\/uploads\/2021\/12\/IMG_2995.jpg\"><img loading=\"lazy\" decoding=\"async\" class=\" wp-image-21097 alignright\" src=\"https:\/\/www.mundoagropecuario.cl\/new\/wp-content\/uploads\/2021\/12\/IMG_2995-586x390.jpg\" alt=\"\" width=\"489\" height=\"345\" \/><\/a>De igual manera la Directora de Investigaci\u00f3n de la Universidad de Los Lagos, Sandra R\u00edos, sostuvo que en este encuentro se quiso fomentar y abrir espacios para que se considere a las cooperativas en la futura Carta Magna. \u201cEn el plano internacional, pa\u00edses como Portugal, Brasil y Uruguay tienen a las cooperativas dentro de su Constituci\u00f3n y las reconocen como un modelo asociativo independiente de las empresas privadas y p\u00fablicas. Por lo tanto, buscamos forjar institucionalidad desde el Estado, garantizando los derechos y las condiciones de las cooperativas, para que se puedan desarrollar en un ambiente de sustentabilidad organizacional\u201d.<\/p>\n<p>Finalmente, R\u00edos apunt\u00f3 a que \u201chemos tenido un aumento importante de cooperativas y cooperados, principalmente porque en momentos de crisis, \u00e9stas generan inter\u00e9s por esfuerzos colectivos, que no se pueden lograr de manera individual, para lograr un bien com\u00fan. Y es que las cooperativas buscan a largo plazo, el bienestar de todos sus integrantes y ofrecen un modelo de negocio muy resiliente a las crisis, por la cantidad y diversidad de sus cooperados\u201d.<\/p>\n","protected":false},"excerpt":{"rendered":"<p>La instancia cont\u00f3 con un formato h\u00edbrido, realiz\u00e1ndose adem\u00e1s una transmisi\u00f3n online, desde el auditorio Enrique Vald\u00e9s de la Universidad de Los Lagos, v\u00eda YouTube.<\/p>\n","protected":false},"author":2,"featured_media":21095,"comment_status":"closed","ping_status":"closed","sticky":false,"template":"","format":"standard","meta":{"footnotes":""},"categories":[1945],"tags":[2090,3127,2332,6614,2261,2330,6636,2336,6635],"class_list":["post-21094","post","type-post","status-publish","format-standard","has-post-thumbnail","hentry","category-agricultura","tag-agricultura","tag-agro","tag-bansur","tag-car-nuble","tag-cooprinsem","tag-copelec","tag-crell-y-libercoop","tag-creo","tag-futura-constitucion"],"yoast_head":"<!-- This site is optimized with the Yoast SEO plugin v26.6 - https:\/\/yoast.com\/wordpress\/plugins\/seo\/ -->\n<title>Congreso abord\u00f3 la integraci\u00f3n del cooperativismo en la futura Constituci\u00f3n - Mundoagropecuario<\/title>\n<meta name=\"description\" content=\"La instancia cont\u00f3 con un formato h\u00edbrido, realiz\u00e1ndose adem\u00e1s una transmisi\u00f3n online, desde el auditorio de la ULA\" \/>\n<meta name=\"robots\" content=\"index, follow, max-snippet:-1, max-image-preview:large, max-video-preview:-1\" \/>\n<link rel=\"canonical\" href=\"https:\/\/www.mundoagropecuario.cl\/new\/congreso-abordo-la-integracion-del-cooperativismo-en-la-futura-constitucion\/\" \/>\n<meta property=\"og:locale\" content=\"es_ES\" \/>\n<meta property=\"og:type\" content=\"article\" \/>\n<meta property=\"og:title\" content=\"Congreso abord\u00f3 la integraci\u00f3n del cooperativismo en la futura Constituci\u00f3n - Mundoagropecuario\" \/>\n<meta property=\"og:description\" content=\"La instancia cont\u00f3 con un formato h\u00edbrido, realiz\u00e1ndose adem\u00e1s una transmisi\u00f3n online, desde el auditorio de la ULA\" \/>\n<meta property=\"og:url\" content=\"https:\/\/www.mundoagropecuario.cl\/new\/congreso-abordo-la-integracion-del-cooperativismo-en-la-futura-constitucion\/\" \/>\n<meta property=\"og:site_name\" content=\"Mundoagropecuario\" \/>\n<meta property=\"article:publisher\" content=\"https:\/\/www.facebook.com\/mundo.agropecuario.3\" \/>\n<meta property=\"article:published_time\" content=\"2021-12-02T15:34:00+00:00\" \/>\n<meta property=\"article:modified_time\" content=\"2021-12-07T14:56:20+00:00\" \/>\n<meta property=\"og:image\" content=\"https:\/\/www.mundoagropecuario.cl\/new\/wp-content\/uploads\/2021\/12\/ULA-1-IMG_2943.jpg\" \/>\n\t<meta property=\"og:image:width\" content=\"800\" \/>\n\t<meta property=\"og:image:height\" content=\"533\" \/>\n\t<meta property=\"og:image:type\" content=\"image\/jpeg\" \/>\n<meta name=\"author\" content=\"mundo\" \/>\n<meta name=\"twitter:card\" content=\"summary_large_image\" \/>\n<meta name=\"twitter:creator\" content=\"@MundoAgropecuar\" \/>\n<meta name=\"twitter:site\" content=\"@MundoAgropecuar\" \/>\n<meta name=\"twitter:label1\" content=\"Escrito por\" \/>\n\t<meta name=\"twitter:data1\" content=\"mundo\" \/>\n\t<meta name=\"twitter:label2\" content=\"Tiempo de lectura\" \/>\n\t<meta name=\"twitter:data2\" content=\"4 minutos\" \/>\n<script type=\"application\/ld+json\" class=\"yoast-schema-graph\">{\"@context\":\"https:\/\/schema.org\",\"@graph\":[{\"@type\":\"Article\",\"@id\":\"https:\/\/www.mundoagropecuario.cl\/new\/congreso-abordo-la-integracion-del-cooperativismo-en-la-futura-constitucion\/#article\",\"isPartOf\":{\"@id\":\"https:\/\/www.mundoagropecuario.cl\/new\/congreso-abordo-la-integracion-del-cooperativismo-en-la-futura-constitucion\/\"},\"author\":{\"name\":\"mundo\",\"@id\":\"https:\/\/www.mundoagropecuario.cl\/new\/#\/schema\/person\/4e9f74a82a7dac260eb1c44b7eebeb18\"},\"headline\":\"Congreso abord\u00f3 la integraci\u00f3n del cooperativismo en la futura Constituci\u00f3n\",\"datePublished\":\"2021-12-02T15:34:00+00:00\",\"dateModified\":\"2021-12-07T14:56:20+00:00\",\"mainEntityOfPage\":{\"@id\":\"https:\/\/www.mundoagropecuario.cl\/new\/congreso-abordo-la-integracion-del-cooperativismo-en-la-futura-constitucion\/\"},\"wordCount\":718,\"publisher\":{\"@id\":\"https:\/\/www.mundoagropecuario.cl\/new\/#organization\"},\"image\":{\"@id\":\"https:\/\/www.mundoagropecuario.cl\/new\/congreso-abordo-la-integracion-del-cooperativismo-en-la-futura-constitucion\/#primaryimage\"},\"thumbnailUrl\":\"https:\/\/www.mundoagropecuario.cl\/new\/wp-content\/uploads\/2021\/12\/ULA-1-IMG_2943.jpg\",\"keywords\":[\"Agricultura\",\"Agro\",\"Bansur\",\"Car \u00d1uble\",\"Cooprinsem\",\"Copelec\",\"Crell y Libercoop\",\"CREO\",\"futura Constituci\u00f3n\"],\"articleSection\":[\"Agricultura\"],\"inLanguage\":\"es\"},{\"@type\":\"WebPage\",\"@id\":\"https:\/\/www.mundoagropecuario.cl\/new\/congreso-abordo-la-integracion-del-cooperativismo-en-la-futura-constitucion\/\",\"url\":\"https:\/\/www.mundoagropecuario.cl\/new\/congreso-abordo-la-integracion-del-cooperativismo-en-la-futura-constitucion\/\",\"name\":\"Congreso abord\u00f3 la integraci\u00f3n del cooperativismo en la futura Constituci\u00f3n - Mundoagropecuario\",\"isPartOf\":{\"@id\":\"https:\/\/www.mundoagropecuario.cl\/new\/#website\"},\"primaryImageOfPage\":{\"@id\":\"https:\/\/www.mundoagropecuario.cl\/new\/congreso-abordo-la-integracion-del-cooperativismo-en-la-futura-constitucion\/#primaryimage\"},\"image\":{\"@id\":\"https:\/\/www.mundoagropecuario.cl\/new\/congreso-abordo-la-integracion-del-cooperativismo-en-la-futura-constitucion\/#primaryimage\"},\"thumbnailUrl\":\"https:\/\/www.mundoagropecuario.cl\/new\/wp-content\/uploads\/2021\/12\/ULA-1-IMG_2943.jpg\",\"datePublished\":\"2021-12-02T15:34:00+00:00\",\"dateModified\":\"2021-12-07T14:56:20+00:00\",\"description\":\"La instancia cont\u00f3 con un formato h\u00edbrido, realiz\u00e1ndose adem\u00e1s una transmisi\u00f3n online, desde el auditorio de la ULA\",\"breadcrumb\":{\"@id\":\"https:\/\/www.mundoagropecuario.cl\/new\/congreso-abordo-la-integracion-del-cooperativismo-en-la-futura-constitucion\/#breadcrumb\"},\"inLanguage\":\"es\",\"potentialAction\":[{\"@type\":\"ReadAction\",\"target\":[\"https:\/\/www.mundoagropecuario.cl\/new\/congreso-abordo-la-integracion-del-cooperativismo-en-la-futura-constitucion\/\"]}]},{\"@type\":\"ImageObject\",\"inLanguage\":\"es\",\"@id\":\"https:\/\/www.mundoagropecuario.cl\/new\/congreso-abordo-la-integracion-del-cooperativismo-en-la-futura-constitucion\/#primaryimage\",\"url\":\"https:\/\/www.mundoagropecuario.cl\/new\/wp-content\/uploads\/2021\/12\/ULA-1-IMG_2943.jpg\",\"contentUrl\":\"https:\/\/www.mundoagropecuario.cl\/new\/wp-content\/uploads\/2021\/12\/ULA-1-IMG_2943.jpg\",\"width\":600,\"height\":400},{\"@type\":\"BreadcrumbList\",\"@id\":\"https:\/\/www.mundoagropecuario.cl\/new\/congreso-abordo-la-integracion-del-cooperativismo-en-la-futura-constitucion\/#breadcrumb\",\"itemListElement\":[{\"@type\":\"ListItem\",\"position\":1,\"name\":\"Portada\",\"item\":\"https:\/\/www.mundoagropecuario.cl\/new\/\"},{\"@type\":\"ListItem\",\"position\":2,\"name\":\"Congreso abord\u00f3 la integraci\u00f3n del cooperativismo en la futura Constituci\u00f3n\"}]},{\"@type\":\"WebSite\",\"@id\":\"https:\/\/www.mundoagropecuario.cl\/new\/#website\",\"url\":\"https:\/\/www.mundoagropecuario.cl\/new\/\",\"name\":\"Mundoagropecuario\",\"description\":\"Mundo Agropecuario\",\"publisher\":{\"@id\":\"https:\/\/www.mundoagropecuario.cl\/new\/#organization\"},\"potentialAction\":[{\"@type\":\"SearchAction\",\"target\":{\"@type\":\"EntryPoint\",\"urlTemplate\":\"https:\/\/www.mundoagropecuario.cl\/new\/?s={search_term_string}\"},\"query-input\":{\"@type\":\"PropertyValueSpecification\",\"valueRequired\":true,\"valueName\":\"search_term_string\"}}],\"inLanguage\":\"es\"},{\"@type\":\"Organization\",\"@id\":\"https:\/\/www.mundoagropecuario.cl\/new\/#organization\",\"name\":\"Revista de Agricultura\",\"url\":\"https:\/\/www.mundoagropecuario.cl\/new\/\",\"logo\":{\"@type\":\"ImageObject\",\"inLanguage\":\"es\",\"@id\":\"https:\/\/www.mundoagropecuario.cl\/new\/#\/schema\/logo\/image\/\",\"url\":\"https:\/\/www.mundoagropecuario.cl\/new\/wp-content\/uploads\/2020\/11\/PORTAL-1-1.png\",\"contentUrl\":\"https:\/\/www.mundoagropecuario.cl\/new\/wp-content\/uploads\/2020\/11\/PORTAL-1-1.png\",\"width\":1026,\"height\":100,\"caption\":\"Revista de Agricultura\"},\"image\":{\"@id\":\"https:\/\/www.mundoagropecuario.cl\/new\/#\/schema\/logo\/image\/\"},\"sameAs\":[\"https:\/\/www.facebook.com\/mundo.agropecuario.3\",\"https:\/\/x.com\/MundoAgropecuar\",\"https:\/\/www.linkedin.com\/in\/mundo-agropecuario-934009201\/\"]},{\"@type\":\"Person\",\"@id\":\"https:\/\/www.mundoagropecuario.cl\/new\/#\/schema\/person\/4e9f74a82a7dac260eb1c44b7eebeb18\",\"name\":\"mundo\",\"url\":\"https:\/\/www.mundoagropecuario.cl\/new\/author\/mundo\/\"}]}<\/script>\n<!-- \/ Yoast SEO plugin. -->","yoast_head_json":{"title":"Congreso abord\u00f3 la integraci\u00f3n del cooperativismo en la futura Constituci\u00f3n - Mundoagropecuario","description":"La instancia cont\u00f3 con un formato h\u00edbrido, realiz\u00e1ndose adem\u00e1s una transmisi\u00f3n online, desde el auditorio de la ULA","robots":{"index":"index","follow":"follow","max-snippet":"max-snippet:-1","max-image-preview":"max-image-preview:large","max-video-preview":"max-video-preview:-1"},"canonical":"https:\/\/www.mundoagropecuario.cl\/new\/congreso-abordo-la-integracion-del-cooperativismo-en-la-futura-constitucion\/","og_locale":"es_ES","og_type":"article","og_title":"Congreso abord\u00f3 la integraci\u00f3n del cooperativismo en la futura Constituci\u00f3n - Mundoagropecuario","og_description":"La instancia cont\u00f3 con un formato h\u00edbrido, realiz\u00e1ndose adem\u00e1s una transmisi\u00f3n online, desde el auditorio de la ULA","og_url":"https:\/\/www.mundoagropecuario.cl\/new\/congreso-abordo-la-integracion-del-cooperativismo-en-la-futura-constitucion\/","og_site_name":"Mundoagropecuario","article_publisher":"https:\/\/www.facebook.com\/mundo.agropecuario.3","article_published_time":"2021-12-02T15:34:00+00:00","article_modified_time":"2021-12-07T14:56:20+00:00","og_image":[{"width":800,"height":533,"url":"https:\/\/www.mundoagropecuario.cl\/new\/wp-content\/uploads\/2021\/12\/ULA-1-IMG_2943.jpg","type":"image\/jpeg"}],"author":"mundo","twitter_card":"summary_large_image","twitter_creator":"@MundoAgropecuar","twitter_site":"@MundoAgropecuar","twitter_misc":{"Escrito por":"mundo","Tiempo de lectura":"4 minutos"},"schema":{"@context":"https:\/\/schema.org","@graph":[{"@type":"Article","@id":"https:\/\/www.mundoagropecuario.cl\/new\/congreso-abordo-la-integracion-del-cooperativismo-en-la-futura-constitucion\/#article","isPartOf":{"@id":"https:\/\/www.mundoagropecuario.cl\/new\/congreso-abordo-la-integracion-del-cooperativismo-en-la-futura-constitucion\/"},"author":{"name":"mundo","@id":"https:\/\/www.mundoagropecuario.cl\/new\/#\/schema\/person\/4e9f74a82a7dac260eb1c44b7eebeb18"},"headline":"Congreso abord\u00f3 la integraci\u00f3n del cooperativismo en la futura Constituci\u00f3n","datePublished":"2021-12-02T15:34:00+00:00","dateModified":"2021-12-07T14:56:20+00:00","mainEntityOfPage":{"@id":"https:\/\/www.mundoagropecuario.cl\/new\/congreso-abordo-la-integracion-del-cooperativismo-en-la-futura-constitucion\/"},"wordCount":718,"publisher":{"@id":"https:\/\/www.mundoagropecuario.cl\/new\/#organization"},"image":{"@id":"https:\/\/www.mundoagropecuario.cl\/new\/congreso-abordo-la-integracion-del-cooperativismo-en-la-futura-constitucion\/#primaryimage"},"thumbnailUrl":"https:\/\/www.mundoagropecuario.cl\/new\/wp-content\/uploads\/2021\/12\/ULA-1-IMG_2943.jpg","keywords":["Agricultura","Agro","Bansur","Car \u00d1uble","Cooprinsem","Copelec","Crell y Libercoop","CREO","futura Constituci\u00f3n"],"articleSection":["Agricultura"],"inLanguage":"es"},{"@type":"WebPage","@id":"https:\/\/www.mundoagropecuario.cl\/new\/congreso-abordo-la-integracion-del-cooperativismo-en-la-futura-constitucion\/","url":"https:\/\/www.mundoagropecuario.cl\/new\/congreso-abordo-la-integracion-del-cooperativismo-en-la-futura-constitucion\/","name":"Congreso abord\u00f3 la integraci\u00f3n del cooperativismo en la futura Constituci\u00f3n - Mundoagropecuario","isPartOf":{"@id":"https:\/\/www.mundoagropecuario.cl\/new\/#website"},"primaryImageOfPage":{"@id":"https:\/\/www.mundoagropecuario.cl\/new\/congreso-abordo-la-integracion-del-cooperativismo-en-la-futura-constitucion\/#primaryimage"},"image":{"@id":"https:\/\/www.mundoagropecuario.cl\/new\/congreso-abordo-la-integracion-del-cooperativismo-en-la-futura-constitucion\/#primaryimage"},"thumbnailUrl":"https:\/\/www.mundoagropecuario.cl\/new\/wp-content\/uploads\/2021\/12\/ULA-1-IMG_2943.jpg","datePublished":"2021-12-02T15:34:00+00:00","dateModified":"2021-12-07T14:56:20+00:00","description":"La instancia cont\u00f3 con un formato h\u00edbrido, realiz\u00e1ndose adem\u00e1s una transmisi\u00f3n online, desde el auditorio de la ULA","breadcrumb":{"@id":"https:\/\/www.mundoagropecuario.cl\/new\/congreso-abordo-la-integracion-del-cooperativismo-en-la-futura-constitucion\/#breadcrumb"},"inLanguage":"es","potentialAction":[{"@type":"ReadAction","target":["https:\/\/www.mundoagropecuario.cl\/new\/congreso-abordo-la-integracion-del-cooperativismo-en-la-futura-constitucion\/"]}]},{"@type":"ImageObject","inLanguage":"es","@id":"https:\/\/www.mundoagropecuario.cl\/new\/congreso-abordo-la-integracion-del-cooperativismo-en-la-futura-constitucion\/#primaryimage","url":"https:\/\/www.mundoagropecuario.cl\/new\/wp-content\/uploads\/2021\/12\/ULA-1-IMG_2943.jpg","contentUrl":"https:\/\/www.mundoagropecuario.cl\/new\/wp-content\/uploads\/2021\/12\/ULA-1-IMG_2943.jpg","width":600,"height":400},{"@type":"BreadcrumbList","@id":"https:\/\/www.mundoagropecuario.cl\/new\/congreso-abordo-la-integracion-del-cooperativismo-en-la-futura-constitucion\/#breadcrumb","itemListElement":[{"@type":"ListItem","position":1,"name":"Portada","item":"https:\/\/www.mundoagropecuario.cl\/new\/"},{"@type":"ListItem","position":2,"name":"Congreso abord\u00f3 la integraci\u00f3n del cooperativismo en la futura Constituci\u00f3n"}]},{"@type":"WebSite","@id":"https:\/\/www.mundoagropecuario.cl\/new\/#website","url":"https:\/\/www.mundoagropecuario.cl\/new\/","name":"Mundoagropecuario","description":"Mundo Agropecuario","publisher":{"@id":"https:\/\/www.mundoagropecuario.cl\/new\/#organization"},"potentialAction":[{"@type":"SearchAction","target":{"@type":"EntryPoint","urlTemplate":"https:\/\/www.mundoagropecuario.cl\/new\/?s={search_term_string}"},"query-input":{"@type":"PropertyValueSpecification","valueRequired":true,"valueName":"search_term_string"}}],"inLanguage":"es"},{"@type":"Organization","@id":"https:\/\/www.mundoagropecuario.cl\/new\/#organization","name":"Revista de Agricultura","url":"https:\/\/www.mundoagropecuario.cl\/new\/","logo":{"@type":"ImageObject","inLanguage":"es","@id":"https:\/\/www.mundoagropecuario.cl\/new\/#\/schema\/logo\/image\/","url":"https:\/\/www.mundoagropecuario.cl\/new\/wp-content\/uploads\/2020\/11\/PORTAL-1-1.png","contentUrl":"https:\/\/www.mundoagropecuario.cl\/new\/wp-content\/uploads\/2020\/11\/PORTAL-1-1.png","width":1026,"height":100,"caption":"Revista de Agricultura"},"image":{"@id":"https:\/\/www.mundoagropecuario.cl\/new\/#\/schema\/logo\/image\/"},"sameAs":["https:\/\/www.facebook.com\/mundo.agropecuario.3","https:\/\/x.com\/MundoAgropecuar","https:\/\/www.linkedin.com\/in\/mundo-agropecuario-934009201\/"]},{"@type":"Person","@id":"https:\/\/www.mundoagropecuario.cl\/new\/#\/schema\/person\/4e9f74a82a7dac260eb1c44b7eebeb18","name":"mundo","url":"https:\/\/www.mundoagropecuario.cl\/new\/author\/mundo\/"}]}},"_links":{"self":[{"href":"https:\/\/www.mundoagropecuario.cl\/new\/wp-json\/wp\/v2\/posts\/21094","targetHints":{"allow":["GET"]}}],"collection":[{"href":"https:\/\/www.mundoagropecuario.cl\/new\/wp-json\/wp\/v2\/posts"}],"about":[{"href":"https:\/\/www.mundoagropecuario.cl\/new\/wp-json\/wp\/v2\/types\/post"}],"author":[{"embeddable":true,"href":"https:\/\/www.mundoagropecuario.cl\/new\/wp-json\/wp\/v2\/users\/2"}],"replies":[{"embeddable":true,"href":"https:\/\/www.mundoagropecuario.cl\/new\/wp-json\/wp\/v2\/comments?post=21094"}],"version-history":[{"count":1,"href":"https:\/\/www.mundoagropecuario.cl\/new\/wp-json\/wp\/v2\/posts\/21094\/revisions"}],"predecessor-version":[{"id":21098,"href":"https:\/\/www.mundoagropecuario.cl\/new\/wp-json\/wp\/v2\/posts\/21094\/revisions\/21098"}],"wp:featuredmedia":[{"embeddable":true,"href":"https:\/\/www.mundoagropecuario.cl\/new\/wp-json\/wp\/v2\/media\/21095"}],"wp:attachment":[{"href":"https:\/\/www.mundoagropecuario.cl\/new\/wp-json\/wp\/v2\/media?parent=21094"}],"wp:term":[{"taxonomy":"category","embeddable":true,"href":"https:\/\/www.mundoagropecuario.cl\/new\/wp-json\/wp\/v2\/categories?post=21094"},{"taxonomy":"post_tag","embeddable":true,"href":"https:\/\/www.mundoagropecuario.cl\/new\/wp-json\/wp\/v2\/tags?post=21094"}],"curies":[{"name":"wp","href":"https:\/\/api.w.org\/{rel}","templated":true}]}}