{"id":21090,"date":"2021-12-02T11:39:13","date_gmt":"2021-12-02T14:39:13","guid":{"rendered":"https:\/\/www.mundoagropecuario.cl\/new\/?p=21090"},"modified":"2021-12-07T11:55:50","modified_gmt":"2021-12-07T14:55:50","slug":"resaltan-labor-de-los-asesores-tecnicos-de-chiloe-en-la-produccion-agroalimentaria","status":"publish","type":"post","link":"https:\/\/www.mundoagropecuario.cl\/new\/resaltan-labor-de-los-asesores-tecnicos-de-chiloe-en-la-produccion-agroalimentaria\/","title":{"rendered":"Resaltan labor de los asesores t\u00e9cnicos de Chilo\u00e9 en la producci\u00f3n agroalimentaria"},"content":{"rendered":"<blockquote>\n<h2><span style=\"color: #333300;\">En el archipi\u00e9lago, INIA cuenta con tres Grupos de Capacitaci\u00f3n a Agentes Agroalimentarios (GCA) enfocados en los rubros hort\u00edcola, ovino y de gesti\u00f3n tecnol\u00f3gica, con m\u00e1s de 40 asesores trabajando directamente con los productores y emprendedores agropecuarios que forman parte de la cadena de valor del sector agroalimentario.<\/span><\/h2>\n<\/blockquote>\n<p>Durante su visita a Chilo\u00e9, la jefa del \u00c1rea Nacional de Extensi\u00f3n y Formaci\u00f3n de Capacidades del Instituto de Investigaciones Agropecuarias (INIA), Maruja Cort\u00e9s, resalt\u00f3 la labor que cumplen los asesores t\u00e9cnicos del archipi\u00e9lago.<\/p>\n<p>\u201cEn esta zona, as\u00ed como en otros territorios, el INIA cuenta con importantes socios estrat\u00e9gicos como son los profesionales y t\u00e9cnicos, en especial los que forman parte de los distintos Grupos de Capacitaci\u00f3n a Agentes Agroalimentarios (GCA) que est\u00e1n trabajando con nosotros en la Provincia de Chilo\u00e9. Ellos son un importante apoyo para que los conocimientos y las nuevas tecnolog\u00edas lleguen a los productores de papa, cordero, ajos y otros productos t\u00edpicos, cumpliendo de esa manera con nuestra misi\u00f3n institucional de contribuir a la sostenibilidad del sector agroalimentario a nivel global, creando valor y soluciones innovadoras para los agricultores, socios estrat\u00e9gicos y sociedad, por medio de la investigaci\u00f3n y desarrollo, la innovaci\u00f3n, extensi\u00f3n y la transferencia tecnol\u00f3gica\u201d, expres\u00f3 la profesional del INIA.<\/p>\n<p><a href=\"https:\/\/www.mundoagropecuario.cl\/new\/wp-content\/uploads\/2021\/12\/papas-nativas-de-Chiloe\u0301.jpg\"><img loading=\"lazy\" decoding=\"async\" class=\"size-full wp-image-21092 alignright\" src=\"https:\/\/www.mundoagropecuario.cl\/new\/wp-content\/uploads\/2021\/12\/papas-nativas-de-Chiloe\u0301.jpg\" alt=\"\" width=\"550\" height=\"367\" \/><\/a>En la reuni\u00f3n sostenida con los asesores de Chilo\u00e9, Maruja Cort\u00e9s dio a conocer los lineamientos estrat\u00e9gicos definidos por el INIA a nivel nacional, en el \u00c1rea Nacional de Extensi\u00f3n y Formaci\u00f3n de Capacidades, seg\u00fan el tipo de p\u00fablico objetivo. Por un lado, los Grupos de Transferencia Tecnol\u00f3gica (GTT) con un enfoque de desarrollo territorial dirigido a productores y productoras agroalimentarios y luego los Grupos de Capacitaci\u00f3n a Agentes Agroalimentarios (GCA) donde participan asesores t\u00e9cnicos y tambi\u00e9n docentes y estudiantes de liceos t\u00e9cnicos agropecuarios y luego las actividades generales de extensi\u00f3n y difusi\u00f3n, dirigidas al p\u00fablico en general.<\/p>\n<p>Junto con dialogar sobre cu\u00e1les son las prioridades para la zona sur y Chilo\u00e9 en particular con los profesionales y t\u00e9cnicos del archipi\u00e9lago, Cort\u00e9s inst\u00f3 a los asesores a mantener un fuerte compromiso de trabajo colaborativo con el INIA y en red con las instituciones presentes en el territorio de manera de contribuir a un desarrollo econ\u00f3mico, productivo, humano, sustentable e inclusivo de los territorios rurales.<\/p>\n<p>En la oportunidad el profesional de INIA Butalcura y coordinador de estos grupos, Gabriel Pe\u00f1a, resalt\u00f3 tambi\u00e9n la importancia del trabajo desarrollado. \u201cEs muy relevante el apoyo rec\u00edproco con los equipos de asesores t\u00e9cnicos pertenecientes a Prodesal, PDTI y SAT, para generar una sinergia en el trabajo con productores y desarrollar las capacidades locales en cada una de las comunas, con sus vocaciones productivas y gestionar as\u00ed de forma innovadora los sistemas productivos, tanto en procesos, tecnolog\u00eda, productos, como tambi\u00e9n en lo referido a la sustentabilidad en su producci\u00f3n\u201d. A\u00f1adi\u00f3 que \u201ctodo ello es la clave para hacer frente a la demanda y tambi\u00e9n a las complejidades del cambio clim\u00e1tico y sus efectos en la agricultura de Chilo\u00e9\u201d.<\/p>\n","protected":false},"excerpt":{"rendered":"<p>Durante su visita a Chilo\u00e9, la jefa del \u00c1rea Nacional de Extensi\u00f3n y Formaci\u00f3n de Capacidades del Instituto de Investigaciones Agropecuarias (INIA), Maruja Cort\u00e9s, resalt\u00f3 la labor que cumplen los asesores t\u00e9cnicos del archipi\u00e9lago.<\/p>\n","protected":false},"author":2,"featured_media":21091,"comment_status":"closed","ping_status":"closed","sticky":false,"template":"","format":"standard","meta":{"footnotes":""},"categories":[1945],"tags":[3127,6231,6634,2052,2091,6633],"class_list":["post-21090","post","type-post","status-publish","format-standard","has-post-thumbnail","hentry","category-agricultura","tag-agro","tag-agroalimentarios","tag-archipielago","tag-inia","tag-prodesal","tag-produccion-agroalimentaria"],"yoast_head":"<!-- This site is optimized with the Yoast SEO plugin v26.6 - https:\/\/yoast.com\/wordpress\/plugins\/seo\/ -->\n<title>Resaltan labor de los asesores t\u00e9cnicos de Chilo\u00e9 en la producci\u00f3n agroalimentaria - Mundoagropecuario<\/title>\n<meta name=\"description\" content=\"Extensi\u00f3n y Formaci\u00f3n de Capacidades del INIA, Maruja Cort\u00e9s, resalt\u00f3 la labor que cumplen los asesores t\u00e9cnicos del archipi\u00e9lago.\" \/>\n<meta name=\"robots\" content=\"index, follow, max-snippet:-1, max-image-preview:large, max-video-preview:-1\" \/>\n<link rel=\"canonical\" href=\"https:\/\/www.mundoagropecuario.cl\/new\/resaltan-labor-de-los-asesores-tecnicos-de-chiloe-en-la-produccion-agroalimentaria\/\" \/>\n<meta property=\"og:locale\" content=\"es_ES\" \/>\n<meta property=\"og:type\" content=\"article\" \/>\n<meta property=\"og:title\" content=\"Resaltan labor de los asesores t\u00e9cnicos de Chilo\u00e9 en la producci\u00f3n agroalimentaria - Mundoagropecuario\" \/>\n<meta property=\"og:description\" content=\"Extensi\u00f3n y Formaci\u00f3n de Capacidades del INIA, Maruja Cort\u00e9s, resalt\u00f3 la labor que cumplen los asesores t\u00e9cnicos del archipi\u00e9lago.\" \/>\n<meta property=\"og:url\" content=\"https:\/\/www.mundoagropecuario.cl\/new\/resaltan-labor-de-los-asesores-tecnicos-de-chiloe-en-la-produccion-agroalimentaria\/\" \/>\n<meta property=\"og:site_name\" content=\"Mundoagropecuario\" \/>\n<meta property=\"article:publisher\" content=\"https:\/\/www.facebook.com\/mundo.agropecuario.3\" \/>\n<meta property=\"article:published_time\" content=\"2021-12-02T14:39:13+00:00\" \/>\n<meta property=\"article:modified_time\" content=\"2021-12-07T14:55:50+00:00\" \/>\n<meta property=\"og:image\" content=\"https:\/\/www.mundoagropecuario.cl\/new\/wp-content\/uploads\/2021\/12\/Jornada-de-trabajo-en-Chiloe\u0301.jpeg\" \/>\n\t<meta property=\"og:image:width\" content=\"640\" \/>\n\t<meta property=\"og:image:height\" content=\"479\" \/>\n\t<meta property=\"og:image:type\" content=\"image\/jpeg\" \/>\n<meta name=\"author\" content=\"mundo\" \/>\n<meta name=\"twitter:card\" content=\"summary_large_image\" \/>\n<meta name=\"twitter:creator\" content=\"@MundoAgropecuar\" \/>\n<meta name=\"twitter:site\" content=\"@MundoAgropecuar\" \/>\n<meta name=\"twitter:label1\" content=\"Escrito por\" \/>\n\t<meta name=\"twitter:data1\" content=\"mundo\" \/>\n\t<meta name=\"twitter:label2\" content=\"Tiempo de lectura\" \/>\n\t<meta name=\"twitter:data2\" content=\"3 minutos\" \/>\n<script type=\"application\/ld+json\" class=\"yoast-schema-graph\">{\"@context\":\"https:\/\/schema.org\",\"@graph\":[{\"@type\":\"Article\",\"@id\":\"https:\/\/www.mundoagropecuario.cl\/new\/resaltan-labor-de-los-asesores-tecnicos-de-chiloe-en-la-produccion-agroalimentaria\/#article\",\"isPartOf\":{\"@id\":\"https:\/\/www.mundoagropecuario.cl\/new\/resaltan-labor-de-los-asesores-tecnicos-de-chiloe-en-la-produccion-agroalimentaria\/\"},\"author\":{\"name\":\"mundo\",\"@id\":\"https:\/\/www.mundoagropecuario.cl\/new\/#\/schema\/person\/4e9f74a82a7dac260eb1c44b7eebeb18\"},\"headline\":\"Resaltan labor de los asesores t\u00e9cnicos de Chilo\u00e9 en la producci\u00f3n agroalimentaria\",\"datePublished\":\"2021-12-02T14:39:13+00:00\",\"dateModified\":\"2021-12-07T14:55:50+00:00\",\"mainEntityOfPage\":{\"@id\":\"https:\/\/www.mundoagropecuario.cl\/new\/resaltan-labor-de-los-asesores-tecnicos-de-chiloe-en-la-produccion-agroalimentaria\/\"},\"wordCount\":552,\"publisher\":{\"@id\":\"https:\/\/www.mundoagropecuario.cl\/new\/#organization\"},\"image\":{\"@id\":\"https:\/\/www.mundoagropecuario.cl\/new\/resaltan-labor-de-los-asesores-tecnicos-de-chiloe-en-la-produccion-agroalimentaria\/#primaryimage\"},\"thumbnailUrl\":\"https:\/\/www.mundoagropecuario.cl\/new\/wp-content\/uploads\/2021\/12\/Jornada-de-trabajo-en-Chiloe\u0301.jpeg\",\"keywords\":[\"Agro\",\"agroalimentarios\",\"archipi\u00e9lago.\",\"INIA\",\"Prodesal\",\"producci\u00f3n agroalimentaria\"],\"articleSection\":[\"Agricultura\"],\"inLanguage\":\"es\"},{\"@type\":\"WebPage\",\"@id\":\"https:\/\/www.mundoagropecuario.cl\/new\/resaltan-labor-de-los-asesores-tecnicos-de-chiloe-en-la-produccion-agroalimentaria\/\",\"url\":\"https:\/\/www.mundoagropecuario.cl\/new\/resaltan-labor-de-los-asesores-tecnicos-de-chiloe-en-la-produccion-agroalimentaria\/\",\"name\":\"Resaltan labor de los asesores t\u00e9cnicos de Chilo\u00e9 en la producci\u00f3n agroalimentaria - Mundoagropecuario\",\"isPartOf\":{\"@id\":\"https:\/\/www.mundoagropecuario.cl\/new\/#website\"},\"primaryImageOfPage\":{\"@id\":\"https:\/\/www.mundoagropecuario.cl\/new\/resaltan-labor-de-los-asesores-tecnicos-de-chiloe-en-la-produccion-agroalimentaria\/#primaryimage\"},\"image\":{\"@id\":\"https:\/\/www.mundoagropecuario.cl\/new\/resaltan-labor-de-los-asesores-tecnicos-de-chiloe-en-la-produccion-agroalimentaria\/#primaryimage\"},\"thumbnailUrl\":\"https:\/\/www.mundoagropecuario.cl\/new\/wp-content\/uploads\/2021\/12\/Jornada-de-trabajo-en-Chiloe\u0301.jpeg\",\"datePublished\":\"2021-12-02T14:39:13+00:00\",\"dateModified\":\"2021-12-07T14:55:50+00:00\",\"description\":\"Extensi\u00f3n y Formaci\u00f3n de Capacidades del INIA, Maruja Cort\u00e9s, resalt\u00f3 la labor que cumplen los asesores t\u00e9cnicos del archipi\u00e9lago.\",\"breadcrumb\":{\"@id\":\"https:\/\/www.mundoagropecuario.cl\/new\/resaltan-labor-de-los-asesores-tecnicos-de-chiloe-en-la-produccion-agroalimentaria\/#breadcrumb\"},\"inLanguage\":\"es\",\"potentialAction\":[{\"@type\":\"ReadAction\",\"target\":[\"https:\/\/www.mundoagropecuario.cl\/new\/resaltan-labor-de-los-asesores-tecnicos-de-chiloe-en-la-produccion-agroalimentaria\/\"]}]},{\"@type\":\"ImageObject\",\"inLanguage\":\"es\",\"@id\":\"https:\/\/www.mundoagropecuario.cl\/new\/resaltan-labor-de-los-asesores-tecnicos-de-chiloe-en-la-produccion-agroalimentaria\/#primaryimage\",\"url\":\"https:\/\/www.mundoagropecuario.cl\/new\/wp-content\/uploads\/2021\/12\/Jornada-de-trabajo-en-Chiloe\u0301.jpeg\",\"contentUrl\":\"https:\/\/www.mundoagropecuario.cl\/new\/wp-content\/uploads\/2021\/12\/Jornada-de-trabajo-en-Chiloe\u0301.jpeg\",\"width\":534,\"height\":400},{\"@type\":\"BreadcrumbList\",\"@id\":\"https:\/\/www.mundoagropecuario.cl\/new\/resaltan-labor-de-los-asesores-tecnicos-de-chiloe-en-la-produccion-agroalimentaria\/#breadcrumb\",\"itemListElement\":[{\"@type\":\"ListItem\",\"position\":1,\"name\":\"Portada\",\"item\":\"https:\/\/www.mundoagropecuario.cl\/new\/\"},{\"@type\":\"ListItem\",\"position\":2,\"name\":\"Resaltan labor de los asesores t\u00e9cnicos de Chilo\u00e9 en la producci\u00f3n agroalimentaria\"}]},{\"@type\":\"WebSite\",\"@id\":\"https:\/\/www.mundoagropecuario.cl\/new\/#website\",\"url\":\"https:\/\/www.mundoagropecuario.cl\/new\/\",\"name\":\"Mundoagropecuario\",\"description\":\"Mundo Agropecuario\",\"publisher\":{\"@id\":\"https:\/\/www.mundoagropecuario.cl\/new\/#organization\"},\"potentialAction\":[{\"@type\":\"SearchAction\",\"target\":{\"@type\":\"EntryPoint\",\"urlTemplate\":\"https:\/\/www.mundoagropecuario.cl\/new\/?s={search_term_string}\"},\"query-input\":{\"@type\":\"PropertyValueSpecification\",\"valueRequired\":true,\"valueName\":\"search_term_string\"}}],\"inLanguage\":\"es\"},{\"@type\":\"Organization\",\"@id\":\"https:\/\/www.mundoagropecuario.cl\/new\/#organization\",\"name\":\"Revista de Agricultura\",\"url\":\"https:\/\/www.mundoagropecuario.cl\/new\/\",\"logo\":{\"@type\":\"ImageObject\",\"inLanguage\":\"es\",\"@id\":\"https:\/\/www.mundoagropecuario.cl\/new\/#\/schema\/logo\/image\/\",\"url\":\"https:\/\/www.mundoagropecuario.cl\/new\/wp-content\/uploads\/2020\/11\/PORTAL-1-1.png\",\"contentUrl\":\"https:\/\/www.mundoagropecuario.cl\/new\/wp-content\/uploads\/2020\/11\/PORTAL-1-1.png\",\"width\":1026,\"height\":100,\"caption\":\"Revista de Agricultura\"},\"image\":{\"@id\":\"https:\/\/www.mundoagropecuario.cl\/new\/#\/schema\/logo\/image\/\"},\"sameAs\":[\"https:\/\/www.facebook.com\/mundo.agropecuario.3\",\"https:\/\/x.com\/MundoAgropecuar\",\"https:\/\/www.linkedin.com\/in\/mundo-agropecuario-934009201\/\"]},{\"@type\":\"Person\",\"@id\":\"https:\/\/www.mundoagropecuario.cl\/new\/#\/schema\/person\/4e9f74a82a7dac260eb1c44b7eebeb18\",\"name\":\"mundo\",\"url\":\"https:\/\/www.mundoagropecuario.cl\/new\/author\/mundo\/\"}]}<\/script>\n<!-- \/ Yoast SEO plugin. -->","yoast_head_json":{"title":"Resaltan labor de los asesores t\u00e9cnicos de Chilo\u00e9 en la producci\u00f3n agroalimentaria - Mundoagropecuario","description":"Extensi\u00f3n y Formaci\u00f3n de Capacidades del INIA, Maruja Cort\u00e9s, resalt\u00f3 la labor que cumplen los asesores t\u00e9cnicos del archipi\u00e9lago.","robots":{"index":"index","follow":"follow","max-snippet":"max-snippet:-1","max-image-preview":"max-image-preview:large","max-video-preview":"max-video-preview:-1"},"canonical":"https:\/\/www.mundoagropecuario.cl\/new\/resaltan-labor-de-los-asesores-tecnicos-de-chiloe-en-la-produccion-agroalimentaria\/","og_locale":"es_ES","og_type":"article","og_title":"Resaltan labor de los asesores t\u00e9cnicos de Chilo\u00e9 en la producci\u00f3n agroalimentaria - Mundoagropecuario","og_description":"Extensi\u00f3n y Formaci\u00f3n de Capacidades del INIA, Maruja Cort\u00e9s, resalt\u00f3 la labor que cumplen los asesores t\u00e9cnicos del archipi\u00e9lago.","og_url":"https:\/\/www.mundoagropecuario.cl\/new\/resaltan-labor-de-los-asesores-tecnicos-de-chiloe-en-la-produccion-agroalimentaria\/","og_site_name":"Mundoagropecuario","article_publisher":"https:\/\/www.facebook.com\/mundo.agropecuario.3","article_published_time":"2021-12-02T14:39:13+00:00","article_modified_time":"2021-12-07T14:55:50+00:00","og_image":[{"width":640,"height":479,"url":"https:\/\/www.mundoagropecuario.cl\/new\/wp-content\/uploads\/2021\/12\/Jornada-de-trabajo-en-Chiloe\u0301.jpeg","type":"image\/jpeg"}],"author":"mundo","twitter_card":"summary_large_image","twitter_creator":"@MundoAgropecuar","twitter_site":"@MundoAgropecuar","twitter_misc":{"Escrito por":"mundo","Tiempo de lectura":"3 minutos"},"schema":{"@context":"https:\/\/schema.org","@graph":[{"@type":"Article","@id":"https:\/\/www.mundoagropecuario.cl\/new\/resaltan-labor-de-los-asesores-tecnicos-de-chiloe-en-la-produccion-agroalimentaria\/#article","isPartOf":{"@id":"https:\/\/www.mundoagropecuario.cl\/new\/resaltan-labor-de-los-asesores-tecnicos-de-chiloe-en-la-produccion-agroalimentaria\/"},"author":{"name":"mundo","@id":"https:\/\/www.mundoagropecuario.cl\/new\/#\/schema\/person\/4e9f74a82a7dac260eb1c44b7eebeb18"},"headline":"Resaltan labor de los asesores t\u00e9cnicos de Chilo\u00e9 en la producci\u00f3n agroalimentaria","datePublished":"2021-12-02T14:39:13+00:00","dateModified":"2021-12-07T14:55:50+00:00","mainEntityOfPage":{"@id":"https:\/\/www.mundoagropecuario.cl\/new\/resaltan-labor-de-los-asesores-tecnicos-de-chiloe-en-la-produccion-agroalimentaria\/"},"wordCount":552,"publisher":{"@id":"https:\/\/www.mundoagropecuario.cl\/new\/#organization"},"image":{"@id":"https:\/\/www.mundoagropecuario.cl\/new\/resaltan-labor-de-los-asesores-tecnicos-de-chiloe-en-la-produccion-agroalimentaria\/#primaryimage"},"thumbnailUrl":"https:\/\/www.mundoagropecuario.cl\/new\/wp-content\/uploads\/2021\/12\/Jornada-de-trabajo-en-Chiloe\u0301.jpeg","keywords":["Agro","agroalimentarios","archipi\u00e9lago.","INIA","Prodesal","producci\u00f3n agroalimentaria"],"articleSection":["Agricultura"],"inLanguage":"es"},{"@type":"WebPage","@id":"https:\/\/www.mundoagropecuario.cl\/new\/resaltan-labor-de-los-asesores-tecnicos-de-chiloe-en-la-produccion-agroalimentaria\/","url":"https:\/\/www.mundoagropecuario.cl\/new\/resaltan-labor-de-los-asesores-tecnicos-de-chiloe-en-la-produccion-agroalimentaria\/","name":"Resaltan labor de los asesores t\u00e9cnicos de Chilo\u00e9 en la producci\u00f3n agroalimentaria - Mundoagropecuario","isPartOf":{"@id":"https:\/\/www.mundoagropecuario.cl\/new\/#website"},"primaryImageOfPage":{"@id":"https:\/\/www.mundoagropecuario.cl\/new\/resaltan-labor-de-los-asesores-tecnicos-de-chiloe-en-la-produccion-agroalimentaria\/#primaryimage"},"image":{"@id":"https:\/\/www.mundoagropecuario.cl\/new\/resaltan-labor-de-los-asesores-tecnicos-de-chiloe-en-la-produccion-agroalimentaria\/#primaryimage"},"thumbnailUrl":"https:\/\/www.mundoagropecuario.cl\/new\/wp-content\/uploads\/2021\/12\/Jornada-de-trabajo-en-Chiloe\u0301.jpeg","datePublished":"2021-12-02T14:39:13+00:00","dateModified":"2021-12-07T14:55:50+00:00","description":"Extensi\u00f3n y Formaci\u00f3n de Capacidades del INIA, Maruja Cort\u00e9s, resalt\u00f3 la labor que cumplen los asesores t\u00e9cnicos del archipi\u00e9lago.","breadcrumb":{"@id":"https:\/\/www.mundoagropecuario.cl\/new\/resaltan-labor-de-los-asesores-tecnicos-de-chiloe-en-la-produccion-agroalimentaria\/#breadcrumb"},"inLanguage":"es","potentialAction":[{"@type":"ReadAction","target":["https:\/\/www.mundoagropecuario.cl\/new\/resaltan-labor-de-los-asesores-tecnicos-de-chiloe-en-la-produccion-agroalimentaria\/"]}]},{"@type":"ImageObject","inLanguage":"es","@id":"https:\/\/www.mundoagropecuario.cl\/new\/resaltan-labor-de-los-asesores-tecnicos-de-chiloe-en-la-produccion-agroalimentaria\/#primaryimage","url":"https:\/\/www.mundoagropecuario.cl\/new\/wp-content\/uploads\/2021\/12\/Jornada-de-trabajo-en-Chiloe\u0301.jpeg","contentUrl":"https:\/\/www.mundoagropecuario.cl\/new\/wp-content\/uploads\/2021\/12\/Jornada-de-trabajo-en-Chiloe\u0301.jpeg","width":534,"height":400},{"@type":"BreadcrumbList","@id":"https:\/\/www.mundoagropecuario.cl\/new\/resaltan-labor-de-los-asesores-tecnicos-de-chiloe-en-la-produccion-agroalimentaria\/#breadcrumb","itemListElement":[{"@type":"ListItem","position":1,"name":"Portada","item":"https:\/\/www.mundoagropecuario.cl\/new\/"},{"@type":"ListItem","position":2,"name":"Resaltan labor de los asesores t\u00e9cnicos de Chilo\u00e9 en la producci\u00f3n agroalimentaria"}]},{"@type":"WebSite","@id":"https:\/\/www.mundoagropecuario.cl\/new\/#website","url":"https:\/\/www.mundoagropecuario.cl\/new\/","name":"Mundoagropecuario","description":"Mundo Agropecuario","publisher":{"@id":"https:\/\/www.mundoagropecuario.cl\/new\/#organization"},"potentialAction":[{"@type":"SearchAction","target":{"@type":"EntryPoint","urlTemplate":"https:\/\/www.mundoagropecuario.cl\/new\/?s={search_term_string}"},"query-input":{"@type":"PropertyValueSpecification","valueRequired":true,"valueName":"search_term_string"}}],"inLanguage":"es"},{"@type":"Organization","@id":"https:\/\/www.mundoagropecuario.cl\/new\/#organization","name":"Revista de Agricultura","url":"https:\/\/www.mundoagropecuario.cl\/new\/","logo":{"@type":"ImageObject","inLanguage":"es","@id":"https:\/\/www.mundoagropecuario.cl\/new\/#\/schema\/logo\/image\/","url":"https:\/\/www.mundoagropecuario.cl\/new\/wp-content\/uploads\/2020\/11\/PORTAL-1-1.png","contentUrl":"https:\/\/www.mundoagropecuario.cl\/new\/wp-content\/uploads\/2020\/11\/PORTAL-1-1.png","width":1026,"height":100,"caption":"Revista de Agricultura"},"image":{"@id":"https:\/\/www.mundoagropecuario.cl\/new\/#\/schema\/logo\/image\/"},"sameAs":["https:\/\/www.facebook.com\/mundo.agropecuario.3","https:\/\/x.com\/MundoAgropecuar","https:\/\/www.linkedin.com\/in\/mundo-agropecuario-934009201\/"]},{"@type":"Person","@id":"https:\/\/www.mundoagropecuario.cl\/new\/#\/schema\/person\/4e9f74a82a7dac260eb1c44b7eebeb18","name":"mundo","url":"https:\/\/www.mundoagropecuario.cl\/new\/author\/mundo\/"}]}},"_links":{"self":[{"href":"https:\/\/www.mundoagropecuario.cl\/new\/wp-json\/wp\/v2\/posts\/21090","targetHints":{"allow":["GET"]}}],"collection":[{"href":"https:\/\/www.mundoagropecuario.cl\/new\/wp-json\/wp\/v2\/posts"}],"about":[{"href":"https:\/\/www.mundoagropecuario.cl\/new\/wp-json\/wp\/v2\/types\/post"}],"author":[{"embeddable":true,"href":"https:\/\/www.mundoagropecuario.cl\/new\/wp-json\/wp\/v2\/users\/2"}],"replies":[{"embeddable":true,"href":"https:\/\/www.mundoagropecuario.cl\/new\/wp-json\/wp\/v2\/comments?post=21090"}],"version-history":[{"count":1,"href":"https:\/\/www.mundoagropecuario.cl\/new\/wp-json\/wp\/v2\/posts\/21090\/revisions"}],"predecessor-version":[{"id":21093,"href":"https:\/\/www.mundoagropecuario.cl\/new\/wp-json\/wp\/v2\/posts\/21090\/revisions\/21093"}],"wp:featuredmedia":[{"embeddable":true,"href":"https:\/\/www.mundoagropecuario.cl\/new\/wp-json\/wp\/v2\/media\/21091"}],"wp:attachment":[{"href":"https:\/\/www.mundoagropecuario.cl\/new\/wp-json\/wp\/v2\/media?parent=21090"}],"wp:term":[{"taxonomy":"category","embeddable":true,"href":"https:\/\/www.mundoagropecuario.cl\/new\/wp-json\/wp\/v2\/categories?post=21090"},{"taxonomy":"post_tag","embeddable":true,"href":"https:\/\/www.mundoagropecuario.cl\/new\/wp-json\/wp\/v2\/tags?post=21090"}],"curies":[{"name":"wp","href":"https:\/\/api.w.org\/{rel}","templated":true}]}}