{"id":20999,"date":"2021-11-23T10:27:05","date_gmt":"2021-11-23T13:27:05","guid":{"rendered":"https:\/\/www.mundoagropecuario.cl\/new\/?p=20999"},"modified":"2021-11-24T12:02:51","modified_gmt":"2021-11-24T15:02:51","slug":"exponut-2021-analizara-el-estado-de-la-produccion-de-nuez-chilena","status":"publish","type":"post","link":"https:\/\/www.mundoagropecuario.cl\/new\/exponut-2021-analizara-el-estado-de-la-produccion-de-nuez-chilena\/","title":{"rendered":"Exponut 2021 analizar\u00e1 el estado de la producci\u00f3n de nuez chilena"},"content":{"rendered":"<blockquote>\n<h2><span style=\"color: #333300;\">Chile es el segundo exportador m\u00e1s grande de nueces a nivel mundial y el tercer productor, y hoy probablemente la nuez es la fruta n\u00famero uno del pa\u00eds con la superficie plantada m\u00e1s grande de Chile con m\u00e1s de 46 mil hect\u00e1reas.<\/span><\/h2>\n<\/blockquote>\n<p>Exponut se llevar\u00e1 a cabo el pr\u00f3ximo martes 30 de noviembre a las 9:00 en sal\u00f3n Plenario de Casa Piedra, encabezado por la ministra de Agricultura, Mar\u00eda Emilia Undurraga, presidente de ChileNut, Edmundo Valderrama y Directora Nacional de Prochile, Lorena Sep\u00falveda.<\/p>\n<p><a href=\"https:\/\/www.mundoagropecuario.cl\/new\/wp-content\/uploads\/2021\/11\/Nueces-1-scaled.jpeg\"><img loading=\"lazy\" decoding=\"async\" class=\" wp-image-21001 alignright\" src=\"https:\/\/www.mundoagropecuario.cl\/new\/wp-content\/uploads\/2021\/11\/Nueces-1-586x440.jpeg\" alt=\"\" width=\"454\" height=\"383\" \/><\/a>Exponut es el principal evento de la de la nuez en Chile y en el mundo y es organizado por la Asociaci\u00f3n de Productores y Exportadores de Chile A.G. \u2013 Chilenut, contando con el importante cofinanciamiento del Fondo de Promoci\u00f3n de Exportaciones Silvoagropecuarias del Ministerio de Agricultura, administrado por ProChile.<\/p>\n<p>Nuestra industria tiene una relevante responsabilidad en avanzar en distintos \u00e1mbitos y establecer objetivos comunes que permitan mantener el posicionamiento que se ha logrado como una industria seria, estable y comprometida con su calidad, esto \u00faltimo en extremo relevante dado que nuestras nueces representan a nuestro pa\u00eds en el mundo.<\/p>\n<p>La actividad tiene como objetivo dar cuenta de las tendencias y avances desde el punto de vista productivo, tecnol\u00f3gico, innovador, desarrollo, mercados y comercializaci\u00f3n. Anualmente re\u00fane a m\u00e1s de 550 productores, exportadores, proveedores, inversionistas y empresarios en torno a seminarios t\u00e9cnicos y comerciales y la m\u00e1s grande exposici\u00f3n especializada de productos, servicios y maquinaria para el sector. Este a\u00f1o se suma una versi\u00f3n streaming en la que espera sumar un millar de asistentes internacionales.<\/p>\n","protected":false},"excerpt":{"rendered":"<p>Exponut se llevar\u00e1 a cabo el pr\u00f3ximo martes 30 de noviembre a las 9:00 en sal\u00f3n Plenario de Casa Piedra, encabezado por la ministra de Agricultura, Mar\u00eda Emilia Undurraga, presidente de ChileNut.<\/p>\n","protected":false},"author":2,"featured_media":20954,"comment_status":"closed","ping_status":"closed","sticky":false,"template":"","format":"standard","meta":{"footnotes":""},"categories":[1945],"tags":[6577,3944,2328,6428,6595,6596],"class_list":["post-20999","post","type-post","status-publish","format-standard","has-post-thumbnail","hentry","category-agricultura","tag-exponut","tag-maria-emilia-undurraga","tag-ministerio-de-agricultura","tag-ministra-agricultura","tag-nuez-chilena","tag-silvoagropecuarias"],"yoast_head":"<!-- This site is optimized with the Yoast SEO plugin v26.6 - https:\/\/yoast.com\/wordpress\/plugins\/seo\/ -->\n<title>Exponut 2021 analizar\u00e1 el estado de la producci\u00f3n de nuez chilena - Mundoagropecuario<\/title>\n<meta name=\"description\" content=\"Exponut se llevar\u00e1 a cabo el martes 30 de noviembre en Casa Piedra, encabezado por la ministra de Agricultura, presidente de ChileNut.\" \/>\n<meta name=\"robots\" content=\"index, follow, max-snippet:-1, max-image-preview:large, max-video-preview:-1\" \/>\n<link rel=\"canonical\" href=\"https:\/\/www.mundoagropecuario.cl\/new\/exponut-2021-analizara-el-estado-de-la-produccion-de-nuez-chilena\/\" \/>\n<meta property=\"og:locale\" content=\"es_ES\" \/>\n<meta property=\"og:type\" content=\"article\" \/>\n<meta property=\"og:title\" content=\"Exponut 2021 analizar\u00e1 el estado de la producci\u00f3n de nuez chilena - Mundoagropecuario\" \/>\n<meta property=\"og:description\" content=\"Exponut se llevar\u00e1 a cabo el martes 30 de noviembre en Casa Piedra, encabezado por la ministra de Agricultura, presidente de ChileNut.\" \/>\n<meta property=\"og:url\" content=\"https:\/\/www.mundoagropecuario.cl\/new\/exponut-2021-analizara-el-estado-de-la-produccion-de-nuez-chilena\/\" \/>\n<meta property=\"og:site_name\" content=\"Mundoagropecuario\" \/>\n<meta property=\"article:publisher\" content=\"https:\/\/www.facebook.com\/mundo.agropecuario.3\" \/>\n<meta property=\"article:published_time\" content=\"2021-11-23T13:27:05+00:00\" \/>\n<meta property=\"article:modified_time\" content=\"2021-11-24T15:02:51+00:00\" \/>\n<meta property=\"og:image\" content=\"https:\/\/www.mundoagropecuario.cl\/new\/wp-content\/uploads\/2021\/11\/Exponut.jpeg\" \/>\n\t<meta property=\"og:image:width\" content=\"770\" \/>\n\t<meta property=\"og:image:height\" content=\"428\" \/>\n\t<meta property=\"og:image:type\" content=\"image\/jpeg\" \/>\n<meta name=\"author\" content=\"mundo\" \/>\n<meta name=\"twitter:card\" content=\"summary_large_image\" \/>\n<meta name=\"twitter:creator\" content=\"@MundoAgropecuar\" \/>\n<meta name=\"twitter:site\" content=\"@MundoAgropecuar\" \/>\n<meta name=\"twitter:label1\" content=\"Escrito por\" \/>\n\t<meta name=\"twitter:data1\" content=\"mundo\" \/>\n\t<meta name=\"twitter:label2\" content=\"Tiempo de lectura\" \/>\n\t<meta name=\"twitter:data2\" content=\"2 minutos\" \/>\n<script type=\"application\/ld+json\" class=\"yoast-schema-graph\">{\"@context\":\"https:\/\/schema.org\",\"@graph\":[{\"@type\":\"Article\",\"@id\":\"https:\/\/www.mundoagropecuario.cl\/new\/exponut-2021-analizara-el-estado-de-la-produccion-de-nuez-chilena\/#article\",\"isPartOf\":{\"@id\":\"https:\/\/www.mundoagropecuario.cl\/new\/exponut-2021-analizara-el-estado-de-la-produccion-de-nuez-chilena\/\"},\"author\":{\"name\":\"mundo\",\"@id\":\"https:\/\/www.mundoagropecuario.cl\/new\/#\/schema\/person\/4e9f74a82a7dac260eb1c44b7eebeb18\"},\"headline\":\"Exponut 2021 analizar\u00e1 el estado de la producci\u00f3n de nuez chilena\",\"datePublished\":\"2021-11-23T13:27:05+00:00\",\"dateModified\":\"2021-11-24T15:02:51+00:00\",\"mainEntityOfPage\":{\"@id\":\"https:\/\/www.mundoagropecuario.cl\/new\/exponut-2021-analizara-el-estado-de-la-produccion-de-nuez-chilena\/\"},\"wordCount\":286,\"publisher\":{\"@id\":\"https:\/\/www.mundoagropecuario.cl\/new\/#organization\"},\"image\":{\"@id\":\"https:\/\/www.mundoagropecuario.cl\/new\/exponut-2021-analizara-el-estado-de-la-produccion-de-nuez-chilena\/#primaryimage\"},\"thumbnailUrl\":\"https:\/\/www.mundoagropecuario.cl\/new\/wp-content\/uploads\/2021\/11\/Exponut.jpeg\",\"keywords\":[\"ExpoNut\",\"Mar\u00eda Emilia Undurraga\",\"Ministerio de Agricultura\",\"Ministra agricultura\",\"nuez chilena\",\"Silvoagropecuarias\"],\"articleSection\":[\"Agricultura\"],\"inLanguage\":\"es\"},{\"@type\":\"WebPage\",\"@id\":\"https:\/\/www.mundoagropecuario.cl\/new\/exponut-2021-analizara-el-estado-de-la-produccion-de-nuez-chilena\/\",\"url\":\"https:\/\/www.mundoagropecuario.cl\/new\/exponut-2021-analizara-el-estado-de-la-produccion-de-nuez-chilena\/\",\"name\":\"Exponut 2021 analizar\u00e1 el estado de la producci\u00f3n de nuez chilena - Mundoagropecuario\",\"isPartOf\":{\"@id\":\"https:\/\/www.mundoagropecuario.cl\/new\/#website\"},\"primaryImageOfPage\":{\"@id\":\"https:\/\/www.mundoagropecuario.cl\/new\/exponut-2021-analizara-el-estado-de-la-produccion-de-nuez-chilena\/#primaryimage\"},\"image\":{\"@id\":\"https:\/\/www.mundoagropecuario.cl\/new\/exponut-2021-analizara-el-estado-de-la-produccion-de-nuez-chilena\/#primaryimage\"},\"thumbnailUrl\":\"https:\/\/www.mundoagropecuario.cl\/new\/wp-content\/uploads\/2021\/11\/Exponut.jpeg\",\"datePublished\":\"2021-11-23T13:27:05+00:00\",\"dateModified\":\"2021-11-24T15:02:51+00:00\",\"description\":\"Exponut se llevar\u00e1 a cabo el martes 30 de noviembre en Casa Piedra, encabezado por la ministra de Agricultura, presidente de ChileNut.\",\"breadcrumb\":{\"@id\":\"https:\/\/www.mundoagropecuario.cl\/new\/exponut-2021-analizara-el-estado-de-la-produccion-de-nuez-chilena\/#breadcrumb\"},\"inLanguage\":\"es\",\"potentialAction\":[{\"@type\":\"ReadAction\",\"target\":[\"https:\/\/www.mundoagropecuario.cl\/new\/exponut-2021-analizara-el-estado-de-la-produccion-de-nuez-chilena\/\"]}]},{\"@type\":\"ImageObject\",\"inLanguage\":\"es\",\"@id\":\"https:\/\/www.mundoagropecuario.cl\/new\/exponut-2021-analizara-el-estado-de-la-produccion-de-nuez-chilena\/#primaryimage\",\"url\":\"https:\/\/www.mundoagropecuario.cl\/new\/wp-content\/uploads\/2021\/11\/Exponut.jpeg\",\"contentUrl\":\"https:\/\/www.mundoagropecuario.cl\/new\/wp-content\/uploads\/2021\/11\/Exponut.jpeg\",\"width\":720,\"height\":400},{\"@type\":\"BreadcrumbList\",\"@id\":\"https:\/\/www.mundoagropecuario.cl\/new\/exponut-2021-analizara-el-estado-de-la-produccion-de-nuez-chilena\/#breadcrumb\",\"itemListElement\":[{\"@type\":\"ListItem\",\"position\":1,\"name\":\"Portada\",\"item\":\"https:\/\/www.mundoagropecuario.cl\/new\/\"},{\"@type\":\"ListItem\",\"position\":2,\"name\":\"Exponut 2021 analizar\u00e1 el estado de la producci\u00f3n de nuez chilena\"}]},{\"@type\":\"WebSite\",\"@id\":\"https:\/\/www.mundoagropecuario.cl\/new\/#website\",\"url\":\"https:\/\/www.mundoagropecuario.cl\/new\/\",\"name\":\"Mundoagropecuario\",\"description\":\"Mundo Agropecuario\",\"publisher\":{\"@id\":\"https:\/\/www.mundoagropecuario.cl\/new\/#organization\"},\"potentialAction\":[{\"@type\":\"SearchAction\",\"target\":{\"@type\":\"EntryPoint\",\"urlTemplate\":\"https:\/\/www.mundoagropecuario.cl\/new\/?s={search_term_string}\"},\"query-input\":{\"@type\":\"PropertyValueSpecification\",\"valueRequired\":true,\"valueName\":\"search_term_string\"}}],\"inLanguage\":\"es\"},{\"@type\":\"Organization\",\"@id\":\"https:\/\/www.mundoagropecuario.cl\/new\/#organization\",\"name\":\"Revista de Agricultura\",\"url\":\"https:\/\/www.mundoagropecuario.cl\/new\/\",\"logo\":{\"@type\":\"ImageObject\",\"inLanguage\":\"es\",\"@id\":\"https:\/\/www.mundoagropecuario.cl\/new\/#\/schema\/logo\/image\/\",\"url\":\"https:\/\/www.mundoagropecuario.cl\/new\/wp-content\/uploads\/2020\/11\/PORTAL-1-1.png\",\"contentUrl\":\"https:\/\/www.mundoagropecuario.cl\/new\/wp-content\/uploads\/2020\/11\/PORTAL-1-1.png\",\"width\":1026,\"height\":100,\"caption\":\"Revista de Agricultura\"},\"image\":{\"@id\":\"https:\/\/www.mundoagropecuario.cl\/new\/#\/schema\/logo\/image\/\"},\"sameAs\":[\"https:\/\/www.facebook.com\/mundo.agropecuario.3\",\"https:\/\/x.com\/MundoAgropecuar\",\"https:\/\/www.linkedin.com\/in\/mundo-agropecuario-934009201\/\"]},{\"@type\":\"Person\",\"@id\":\"https:\/\/www.mundoagropecuario.cl\/new\/#\/schema\/person\/4e9f74a82a7dac260eb1c44b7eebeb18\",\"name\":\"mundo\",\"url\":\"https:\/\/www.mundoagropecuario.cl\/new\/author\/mundo\/\"}]}<\/script>\n<!-- \/ Yoast SEO plugin. -->","yoast_head_json":{"title":"Exponut 2021 analizar\u00e1 el estado de la producci\u00f3n de nuez chilena - Mundoagropecuario","description":"Exponut se llevar\u00e1 a cabo el martes 30 de noviembre en Casa Piedra, encabezado por la ministra de Agricultura, presidente de ChileNut.","robots":{"index":"index","follow":"follow","max-snippet":"max-snippet:-1","max-image-preview":"max-image-preview:large","max-video-preview":"max-video-preview:-1"},"canonical":"https:\/\/www.mundoagropecuario.cl\/new\/exponut-2021-analizara-el-estado-de-la-produccion-de-nuez-chilena\/","og_locale":"es_ES","og_type":"article","og_title":"Exponut 2021 analizar\u00e1 el estado de la producci\u00f3n de nuez chilena - Mundoagropecuario","og_description":"Exponut se llevar\u00e1 a cabo el martes 30 de noviembre en Casa Piedra, encabezado por la ministra de Agricultura, presidente de ChileNut.","og_url":"https:\/\/www.mundoagropecuario.cl\/new\/exponut-2021-analizara-el-estado-de-la-produccion-de-nuez-chilena\/","og_site_name":"Mundoagropecuario","article_publisher":"https:\/\/www.facebook.com\/mundo.agropecuario.3","article_published_time":"2021-11-23T13:27:05+00:00","article_modified_time":"2021-11-24T15:02:51+00:00","og_image":[{"width":770,"height":428,"url":"https:\/\/www.mundoagropecuario.cl\/new\/wp-content\/uploads\/2021\/11\/Exponut.jpeg","type":"image\/jpeg"}],"author":"mundo","twitter_card":"summary_large_image","twitter_creator":"@MundoAgropecuar","twitter_site":"@MundoAgropecuar","twitter_misc":{"Escrito por":"mundo","Tiempo de lectura":"2 minutos"},"schema":{"@context":"https:\/\/schema.org","@graph":[{"@type":"Article","@id":"https:\/\/www.mundoagropecuario.cl\/new\/exponut-2021-analizara-el-estado-de-la-produccion-de-nuez-chilena\/#article","isPartOf":{"@id":"https:\/\/www.mundoagropecuario.cl\/new\/exponut-2021-analizara-el-estado-de-la-produccion-de-nuez-chilena\/"},"author":{"name":"mundo","@id":"https:\/\/www.mundoagropecuario.cl\/new\/#\/schema\/person\/4e9f74a82a7dac260eb1c44b7eebeb18"},"headline":"Exponut 2021 analizar\u00e1 el estado de la producci\u00f3n de nuez chilena","datePublished":"2021-11-23T13:27:05+00:00","dateModified":"2021-11-24T15:02:51+00:00","mainEntityOfPage":{"@id":"https:\/\/www.mundoagropecuario.cl\/new\/exponut-2021-analizara-el-estado-de-la-produccion-de-nuez-chilena\/"},"wordCount":286,"publisher":{"@id":"https:\/\/www.mundoagropecuario.cl\/new\/#organization"},"image":{"@id":"https:\/\/www.mundoagropecuario.cl\/new\/exponut-2021-analizara-el-estado-de-la-produccion-de-nuez-chilena\/#primaryimage"},"thumbnailUrl":"https:\/\/www.mundoagropecuario.cl\/new\/wp-content\/uploads\/2021\/11\/Exponut.jpeg","keywords":["ExpoNut","Mar\u00eda Emilia Undurraga","Ministerio de Agricultura","Ministra agricultura","nuez chilena","Silvoagropecuarias"],"articleSection":["Agricultura"],"inLanguage":"es"},{"@type":"WebPage","@id":"https:\/\/www.mundoagropecuario.cl\/new\/exponut-2021-analizara-el-estado-de-la-produccion-de-nuez-chilena\/","url":"https:\/\/www.mundoagropecuario.cl\/new\/exponut-2021-analizara-el-estado-de-la-produccion-de-nuez-chilena\/","name":"Exponut 2021 analizar\u00e1 el estado de la producci\u00f3n de nuez chilena - Mundoagropecuario","isPartOf":{"@id":"https:\/\/www.mundoagropecuario.cl\/new\/#website"},"primaryImageOfPage":{"@id":"https:\/\/www.mundoagropecuario.cl\/new\/exponut-2021-analizara-el-estado-de-la-produccion-de-nuez-chilena\/#primaryimage"},"image":{"@id":"https:\/\/www.mundoagropecuario.cl\/new\/exponut-2021-analizara-el-estado-de-la-produccion-de-nuez-chilena\/#primaryimage"},"thumbnailUrl":"https:\/\/www.mundoagropecuario.cl\/new\/wp-content\/uploads\/2021\/11\/Exponut.jpeg","datePublished":"2021-11-23T13:27:05+00:00","dateModified":"2021-11-24T15:02:51+00:00","description":"Exponut se llevar\u00e1 a cabo el martes 30 de noviembre en Casa Piedra, encabezado por la ministra de Agricultura, presidente de ChileNut.","breadcrumb":{"@id":"https:\/\/www.mundoagropecuario.cl\/new\/exponut-2021-analizara-el-estado-de-la-produccion-de-nuez-chilena\/#breadcrumb"},"inLanguage":"es","potentialAction":[{"@type":"ReadAction","target":["https:\/\/www.mundoagropecuario.cl\/new\/exponut-2021-analizara-el-estado-de-la-produccion-de-nuez-chilena\/"]}]},{"@type":"ImageObject","inLanguage":"es","@id":"https:\/\/www.mundoagropecuario.cl\/new\/exponut-2021-analizara-el-estado-de-la-produccion-de-nuez-chilena\/#primaryimage","url":"https:\/\/www.mundoagropecuario.cl\/new\/wp-content\/uploads\/2021\/11\/Exponut.jpeg","contentUrl":"https:\/\/www.mundoagropecuario.cl\/new\/wp-content\/uploads\/2021\/11\/Exponut.jpeg","width":720,"height":400},{"@type":"BreadcrumbList","@id":"https:\/\/www.mundoagropecuario.cl\/new\/exponut-2021-analizara-el-estado-de-la-produccion-de-nuez-chilena\/#breadcrumb","itemListElement":[{"@type":"ListItem","position":1,"name":"Portada","item":"https:\/\/www.mundoagropecuario.cl\/new\/"},{"@type":"ListItem","position":2,"name":"Exponut 2021 analizar\u00e1 el estado de la producci\u00f3n de nuez chilena"}]},{"@type":"WebSite","@id":"https:\/\/www.mundoagropecuario.cl\/new\/#website","url":"https:\/\/www.mundoagropecuario.cl\/new\/","name":"Mundoagropecuario","description":"Mundo Agropecuario","publisher":{"@id":"https:\/\/www.mundoagropecuario.cl\/new\/#organization"},"potentialAction":[{"@type":"SearchAction","target":{"@type":"EntryPoint","urlTemplate":"https:\/\/www.mundoagropecuario.cl\/new\/?s={search_term_string}"},"query-input":{"@type":"PropertyValueSpecification","valueRequired":true,"valueName":"search_term_string"}}],"inLanguage":"es"},{"@type":"Organization","@id":"https:\/\/www.mundoagropecuario.cl\/new\/#organization","name":"Revista de Agricultura","url":"https:\/\/www.mundoagropecuario.cl\/new\/","logo":{"@type":"ImageObject","inLanguage":"es","@id":"https:\/\/www.mundoagropecuario.cl\/new\/#\/schema\/logo\/image\/","url":"https:\/\/www.mundoagropecuario.cl\/new\/wp-content\/uploads\/2020\/11\/PORTAL-1-1.png","contentUrl":"https:\/\/www.mundoagropecuario.cl\/new\/wp-content\/uploads\/2020\/11\/PORTAL-1-1.png","width":1026,"height":100,"caption":"Revista de Agricultura"},"image":{"@id":"https:\/\/www.mundoagropecuario.cl\/new\/#\/schema\/logo\/image\/"},"sameAs":["https:\/\/www.facebook.com\/mundo.agropecuario.3","https:\/\/x.com\/MundoAgropecuar","https:\/\/www.linkedin.com\/in\/mundo-agropecuario-934009201\/"]},{"@type":"Person","@id":"https:\/\/www.mundoagropecuario.cl\/new\/#\/schema\/person\/4e9f74a82a7dac260eb1c44b7eebeb18","name":"mundo","url":"https:\/\/www.mundoagropecuario.cl\/new\/author\/mundo\/"}]}},"_links":{"self":[{"href":"https:\/\/www.mundoagropecuario.cl\/new\/wp-json\/wp\/v2\/posts\/20999","targetHints":{"allow":["GET"]}}],"collection":[{"href":"https:\/\/www.mundoagropecuario.cl\/new\/wp-json\/wp\/v2\/posts"}],"about":[{"href":"https:\/\/www.mundoagropecuario.cl\/new\/wp-json\/wp\/v2\/types\/post"}],"author":[{"embeddable":true,"href":"https:\/\/www.mundoagropecuario.cl\/new\/wp-json\/wp\/v2\/users\/2"}],"replies":[{"embeddable":true,"href":"https:\/\/www.mundoagropecuario.cl\/new\/wp-json\/wp\/v2\/comments?post=20999"}],"version-history":[{"count":1,"href":"https:\/\/www.mundoagropecuario.cl\/new\/wp-json\/wp\/v2\/posts\/20999\/revisions"}],"predecessor-version":[{"id":21002,"href":"https:\/\/www.mundoagropecuario.cl\/new\/wp-json\/wp\/v2\/posts\/20999\/revisions\/21002"}],"wp:featuredmedia":[{"embeddable":true,"href":"https:\/\/www.mundoagropecuario.cl\/new\/wp-json\/wp\/v2\/media\/20954"}],"wp:attachment":[{"href":"https:\/\/www.mundoagropecuario.cl\/new\/wp-json\/wp\/v2\/media?parent=20999"}],"wp:term":[{"taxonomy":"category","embeddable":true,"href":"https:\/\/www.mundoagropecuario.cl\/new\/wp-json\/wp\/v2\/categories?post=20999"},{"taxonomy":"post_tag","embeddable":true,"href":"https:\/\/www.mundoagropecuario.cl\/new\/wp-json\/wp\/v2\/tags?post=20999"}],"curies":[{"name":"wp","href":"https:\/\/api.w.org\/{rel}","templated":true}]}}