{"id":20976,"date":"2021-11-19T13:03:21","date_gmt":"2021-11-19T16:03:21","guid":{"rendered":"https:\/\/www.mundoagropecuario.cl\/new\/?p=20976"},"modified":"2021-11-23T12:08:18","modified_gmt":"2021-11-23T15:08:18","slug":"sag-presenta-catastro-viticola-nacional-2020","status":"publish","type":"post","link":"https:\/\/www.mundoagropecuario.cl\/new\/sag-presenta-catastro-viticola-nacional-2020\/","title":{"rendered":"SAG presenta Catastro Vit\u00edcola Nacional 2020"},"content":{"rendered":"<blockquote>\n<h2><span style=\"color: #003300;\">Las regiones con Denominaci\u00f3n de Origen Del Sur y Austral, correspondientes a La Araucan\u00eda y Los Lagos, presentan un aumento de 25% a 49,7% en la superficie de plantaciones de vides vin\u00edferas respecto de 2019.<\/span><\/h2>\n<\/blockquote>\n<p>El Servicio Agr\u00edcola y Ganadero, SAG, present\u00f3 el Catastro Vit\u00edcola Nacional 2020, informe que destaca que los cepajes de vino tintos contin\u00faan liderados por Cabernet Sauvignon con 40.053 hect\u00e1reas (29,4%), para luego seguir con cepaje de vino blanco Sauvignon blanc con 15.224 hect\u00e1reas (11,1%), Merlot con 11.366 hect\u00e1reas (8,6%), Chardonnay con 10.919 hect\u00e1reas (8 %) y Carmenere con 10.836 ha (7,9%).<\/p>\n<p>El catastro presenta una leve disminuci\u00f3n en el total de hect\u00e1reas vin\u00edferas plantadas, ya que la superficie alcanz\u00f3 las 145.320 ha, con una baja cercana al 0,09% respecto a la existente el a\u00f1o 2019. Del total de los vi\u00f1edos, el 73,7% de la superficie plantada corresponde a cepajes tintos y el 26,3% a cepajes blancos.<\/p>\n<p>Las regiones con mayor superficie plantada contin\u00faan siendo las del Maule con 53.546,12 hect\u00e1reas (39,2%) y O\u2019Higgins con 45.080,92 hect\u00e1reas (33,1%), seguidas por la Metropolitana con 11.282,17 (8,3%) y la de \u00d1uble con 10.422,89 hect\u00e1reas (7,6%).<\/p>\n<p>En este informe se observa un aumento en superficie plantada de vides vin\u00edferas en las regiones que componen la Denominaci\u00f3n de Origen Del Sur y Austral, correspondiendo a las regiones de La Araucan\u00eda, con un 25%, y de Los Lagos, con un 49,7%.<\/p>\n<p>Este catastro \u2013que se puede consultar completo pinchando aqu\u00ed- es elaborado por el SAG con los antecedentes proporcionados por los productores desde las regiones de Arica y Parinacota a Los Lagos, a trav\u00e9s de las declaraciones juradas de plantaci\u00f3n de vides para vinificaci\u00f3n y pisco, realizadas electr\u00f3nicamente en el portal del Servicio hasta el 31 de diciembre de cada a\u00f1o.<\/p>\n<p>En el caso de la Regi\u00f3n del Biob\u00edo, el Director Regional, Iv\u00e1n Ram\u00edrez Delp\u00edn, destac\u00f3 que hay 2.771,06 hect\u00e1reas de superficie plantada de vid, un 7,32% m\u00e1s en relaci\u00f3n al a\u00f1o anterior. \u201cTenemos un 5% m\u00e1s de plantaciones vin\u00edferas en los cepajes blancos y un 9,5% en los cepajes tintos, los que se incrementaron en las comunas de Cabrero y Mulch\u00e9n, principalmente\u201d, dijo el directivo.<\/p>\n<p>En el siguiente cuadro se puede observar la presencia de plantaciones durante 2020 distribuidas por regi\u00f3n:<\/p>\n<p><a href=\"https:\/\/www.mundoagropecuario.cl\/new\/wp-content\/uploads\/2021\/11\/Cuadro-vin\u0303as.png\"><img loading=\"lazy\" decoding=\"async\" class=\"size-full wp-image-20977 aligncenter\" src=\"https:\/\/www.mundoagropecuario.cl\/new\/wp-content\/uploads\/2021\/11\/Cuadro-vin\u0303as.png\" alt=\"\" width=\"483\" height=\"476\" \/><\/a><\/p>\n<p>&nbsp;<\/p>\n<p>&nbsp;<\/p>\n","protected":false},"excerpt":{"rendered":"<p>En este informe se observa un aumento en superficie plantada de vides vin\u00edferas en las regiones que componen la Denominaci\u00f3n de Origen Del Sur y Austral, correspondiendo a las regiones de La Araucan\u00eda, con un 25%, y de Los Lagos, con un 49,7%.<\/p>\n","protected":false},"author":2,"featured_media":12152,"comment_status":"closed","ping_status":"closed","sticky":false,"template":"","format":"standard","meta":{"footnotes":""},"categories":[1945],"tags":[2090,3127,6586,2036,2195,2755,2213],"class_list":["post-20976","post","type-post","status-publish","format-standard","has-post-thumbnail","hentry","category-agricultura","tag-agricultura","tag-agro","tag-catastro-viticola-nacional-2020","tag-sag","tag-uvas","tag-vinas","tag-vinos"],"yoast_head":"<!-- This site is optimized with the Yoast SEO plugin v26.6 - https:\/\/yoast.com\/wordpress\/plugins\/seo\/ -->\n<title>SAG presenta Catastro Vit\u00edcola Nacional 2020 - Mundoagropecuario<\/title>\n<meta name=\"description\" content=\"En el informe se observa un aumento en superficie plantada de vides vin\u00edferas en las regiones de denominaci\u00f3n de Origen Del Sur y Austral\" \/>\n<meta name=\"robots\" content=\"index, follow, max-snippet:-1, max-image-preview:large, max-video-preview:-1\" \/>\n<link rel=\"canonical\" href=\"https:\/\/www.mundoagropecuario.cl\/new\/sag-presenta-catastro-viticola-nacional-2020\/\" \/>\n<meta property=\"og:locale\" content=\"es_ES\" \/>\n<meta property=\"og:type\" content=\"article\" \/>\n<meta property=\"og:title\" content=\"SAG presenta Catastro Vit\u00edcola Nacional 2020 - Mundoagropecuario\" \/>\n<meta property=\"og:description\" content=\"En el informe se observa un aumento en superficie plantada de vides vin\u00edferas en las regiones de denominaci\u00f3n de Origen Del Sur y Austral\" \/>\n<meta property=\"og:url\" content=\"https:\/\/www.mundoagropecuario.cl\/new\/sag-presenta-catastro-viticola-nacional-2020\/\" \/>\n<meta property=\"og:site_name\" content=\"Mundoagropecuario\" \/>\n<meta property=\"article:publisher\" content=\"https:\/\/www.facebook.com\/mundo.agropecuario.3\" \/>\n<meta property=\"article:published_time\" content=\"2021-11-19T16:03:21+00:00\" \/>\n<meta property=\"article:modified_time\" content=\"2021-11-23T15:08:18+00:00\" \/>\n<meta property=\"og:image\" content=\"https:\/\/www.mundoagropecuario.cl\/new\/wp-content\/uploads\/2019\/06\/uvas.jpg\" \/>\n\t<meta property=\"og:image:width\" content=\"660\" \/>\n\t<meta property=\"og:image:height\" content=\"440\" \/>\n\t<meta property=\"og:image:type\" content=\"image\/jpeg\" \/>\n<meta name=\"author\" content=\"mundo\" \/>\n<meta name=\"twitter:card\" content=\"summary_large_image\" \/>\n<meta name=\"twitter:creator\" content=\"@MundoAgropecuar\" \/>\n<meta name=\"twitter:site\" content=\"@MundoAgropecuar\" \/>\n<meta name=\"twitter:label1\" content=\"Escrito por\" \/>\n\t<meta name=\"twitter:data1\" content=\"mundo\" \/>\n\t<meta name=\"twitter:label2\" content=\"Tiempo de lectura\" \/>\n\t<meta name=\"twitter:data2\" content=\"2 minutos\" \/>\n<script type=\"application\/ld+json\" class=\"yoast-schema-graph\">{\"@context\":\"https:\/\/schema.org\",\"@graph\":[{\"@type\":\"Article\",\"@id\":\"https:\/\/www.mundoagropecuario.cl\/new\/sag-presenta-catastro-viticola-nacional-2020\/#article\",\"isPartOf\":{\"@id\":\"https:\/\/www.mundoagropecuario.cl\/new\/sag-presenta-catastro-viticola-nacional-2020\/\"},\"author\":{\"name\":\"mundo\",\"@id\":\"https:\/\/www.mundoagropecuario.cl\/new\/#\/schema\/person\/4e9f74a82a7dac260eb1c44b7eebeb18\"},\"headline\":\"SAG presenta Catastro Vit\u00edcola Nacional 2020\",\"datePublished\":\"2021-11-19T16:03:21+00:00\",\"dateModified\":\"2021-11-23T15:08:18+00:00\",\"mainEntityOfPage\":{\"@id\":\"https:\/\/www.mundoagropecuario.cl\/new\/sag-presenta-catastro-viticola-nacional-2020\/\"},\"wordCount\":385,\"publisher\":{\"@id\":\"https:\/\/www.mundoagropecuario.cl\/new\/#organization\"},\"image\":{\"@id\":\"https:\/\/www.mundoagropecuario.cl\/new\/sag-presenta-catastro-viticola-nacional-2020\/#primaryimage\"},\"thumbnailUrl\":\"https:\/\/www.mundoagropecuario.cl\/new\/wp-content\/uploads\/2019\/06\/uvas.jpg\",\"keywords\":[\"Agricultura\",\"Agro\",\"Catastro Vit\u00edcola Nacional 2020\",\"SAG\",\"Uvas\",\"vi\u00f1as\",\"Vinos\"],\"articleSection\":[\"Agricultura\"],\"inLanguage\":\"es\"},{\"@type\":\"WebPage\",\"@id\":\"https:\/\/www.mundoagropecuario.cl\/new\/sag-presenta-catastro-viticola-nacional-2020\/\",\"url\":\"https:\/\/www.mundoagropecuario.cl\/new\/sag-presenta-catastro-viticola-nacional-2020\/\",\"name\":\"SAG presenta Catastro Vit\u00edcola Nacional 2020 - Mundoagropecuario\",\"isPartOf\":{\"@id\":\"https:\/\/www.mundoagropecuario.cl\/new\/#website\"},\"primaryImageOfPage\":{\"@id\":\"https:\/\/www.mundoagropecuario.cl\/new\/sag-presenta-catastro-viticola-nacional-2020\/#primaryimage\"},\"image\":{\"@id\":\"https:\/\/www.mundoagropecuario.cl\/new\/sag-presenta-catastro-viticola-nacional-2020\/#primaryimage\"},\"thumbnailUrl\":\"https:\/\/www.mundoagropecuario.cl\/new\/wp-content\/uploads\/2019\/06\/uvas.jpg\",\"datePublished\":\"2021-11-19T16:03:21+00:00\",\"dateModified\":\"2021-11-23T15:08:18+00:00\",\"description\":\"En el informe se observa un aumento en superficie plantada de vides vin\u00edferas en las regiones de denominaci\u00f3n de Origen Del Sur y Austral\",\"breadcrumb\":{\"@id\":\"https:\/\/www.mundoagropecuario.cl\/new\/sag-presenta-catastro-viticola-nacional-2020\/#breadcrumb\"},\"inLanguage\":\"es\",\"potentialAction\":[{\"@type\":\"ReadAction\",\"target\":[\"https:\/\/www.mundoagropecuario.cl\/new\/sag-presenta-catastro-viticola-nacional-2020\/\"]}]},{\"@type\":\"ImageObject\",\"inLanguage\":\"es\",\"@id\":\"https:\/\/www.mundoagropecuario.cl\/new\/sag-presenta-catastro-viticola-nacional-2020\/#primaryimage\",\"url\":\"https:\/\/www.mundoagropecuario.cl\/new\/wp-content\/uploads\/2019\/06\/uvas.jpg\",\"contentUrl\":\"https:\/\/www.mundoagropecuario.cl\/new\/wp-content\/uploads\/2019\/06\/uvas.jpg\",\"width\":600,\"height\":400},{\"@type\":\"BreadcrumbList\",\"@id\":\"https:\/\/www.mundoagropecuario.cl\/new\/sag-presenta-catastro-viticola-nacional-2020\/#breadcrumb\",\"itemListElement\":[{\"@type\":\"ListItem\",\"position\":1,\"name\":\"Portada\",\"item\":\"https:\/\/www.mundoagropecuario.cl\/new\/\"},{\"@type\":\"ListItem\",\"position\":2,\"name\":\"SAG presenta Catastro Vit\u00edcola Nacional 2020\"}]},{\"@type\":\"WebSite\",\"@id\":\"https:\/\/www.mundoagropecuario.cl\/new\/#website\",\"url\":\"https:\/\/www.mundoagropecuario.cl\/new\/\",\"name\":\"Mundoagropecuario\",\"description\":\"Mundo Agropecuario\",\"publisher\":{\"@id\":\"https:\/\/www.mundoagropecuario.cl\/new\/#organization\"},\"potentialAction\":[{\"@type\":\"SearchAction\",\"target\":{\"@type\":\"EntryPoint\",\"urlTemplate\":\"https:\/\/www.mundoagropecuario.cl\/new\/?s={search_term_string}\"},\"query-input\":{\"@type\":\"PropertyValueSpecification\",\"valueRequired\":true,\"valueName\":\"search_term_string\"}}],\"inLanguage\":\"es\"},{\"@type\":\"Organization\",\"@id\":\"https:\/\/www.mundoagropecuario.cl\/new\/#organization\",\"name\":\"Revista de Agricultura\",\"url\":\"https:\/\/www.mundoagropecuario.cl\/new\/\",\"logo\":{\"@type\":\"ImageObject\",\"inLanguage\":\"es\",\"@id\":\"https:\/\/www.mundoagropecuario.cl\/new\/#\/schema\/logo\/image\/\",\"url\":\"https:\/\/www.mundoagropecuario.cl\/new\/wp-content\/uploads\/2020\/11\/PORTAL-1-1.png\",\"contentUrl\":\"https:\/\/www.mundoagropecuario.cl\/new\/wp-content\/uploads\/2020\/11\/PORTAL-1-1.png\",\"width\":1026,\"height\":100,\"caption\":\"Revista de Agricultura\"},\"image\":{\"@id\":\"https:\/\/www.mundoagropecuario.cl\/new\/#\/schema\/logo\/image\/\"},\"sameAs\":[\"https:\/\/www.facebook.com\/mundo.agropecuario.3\",\"https:\/\/x.com\/MundoAgropecuar\",\"https:\/\/www.linkedin.com\/in\/mundo-agropecuario-934009201\/\"]},{\"@type\":\"Person\",\"@id\":\"https:\/\/www.mundoagropecuario.cl\/new\/#\/schema\/person\/4e9f74a82a7dac260eb1c44b7eebeb18\",\"name\":\"mundo\",\"url\":\"https:\/\/www.mundoagropecuario.cl\/new\/author\/mundo\/\"}]}<\/script>\n<!-- \/ Yoast SEO plugin. -->","yoast_head_json":{"title":"SAG presenta Catastro Vit\u00edcola Nacional 2020 - Mundoagropecuario","description":"En el informe se observa un aumento en superficie plantada de vides vin\u00edferas en las regiones de denominaci\u00f3n de Origen Del Sur y Austral","robots":{"index":"index","follow":"follow","max-snippet":"max-snippet:-1","max-image-preview":"max-image-preview:large","max-video-preview":"max-video-preview:-1"},"canonical":"https:\/\/www.mundoagropecuario.cl\/new\/sag-presenta-catastro-viticola-nacional-2020\/","og_locale":"es_ES","og_type":"article","og_title":"SAG presenta Catastro Vit\u00edcola Nacional 2020 - Mundoagropecuario","og_description":"En el informe se observa un aumento en superficie plantada de vides vin\u00edferas en las regiones de denominaci\u00f3n de Origen Del Sur y Austral","og_url":"https:\/\/www.mundoagropecuario.cl\/new\/sag-presenta-catastro-viticola-nacional-2020\/","og_site_name":"Mundoagropecuario","article_publisher":"https:\/\/www.facebook.com\/mundo.agropecuario.3","article_published_time":"2021-11-19T16:03:21+00:00","article_modified_time":"2021-11-23T15:08:18+00:00","og_image":[{"width":660,"height":440,"url":"https:\/\/www.mundoagropecuario.cl\/new\/wp-content\/uploads\/2019\/06\/uvas.jpg","type":"image\/jpeg"}],"author":"mundo","twitter_card":"summary_large_image","twitter_creator":"@MundoAgropecuar","twitter_site":"@MundoAgropecuar","twitter_misc":{"Escrito por":"mundo","Tiempo de lectura":"2 minutos"},"schema":{"@context":"https:\/\/schema.org","@graph":[{"@type":"Article","@id":"https:\/\/www.mundoagropecuario.cl\/new\/sag-presenta-catastro-viticola-nacional-2020\/#article","isPartOf":{"@id":"https:\/\/www.mundoagropecuario.cl\/new\/sag-presenta-catastro-viticola-nacional-2020\/"},"author":{"name":"mundo","@id":"https:\/\/www.mundoagropecuario.cl\/new\/#\/schema\/person\/4e9f74a82a7dac260eb1c44b7eebeb18"},"headline":"SAG presenta Catastro Vit\u00edcola Nacional 2020","datePublished":"2021-11-19T16:03:21+00:00","dateModified":"2021-11-23T15:08:18+00:00","mainEntityOfPage":{"@id":"https:\/\/www.mundoagropecuario.cl\/new\/sag-presenta-catastro-viticola-nacional-2020\/"},"wordCount":385,"publisher":{"@id":"https:\/\/www.mundoagropecuario.cl\/new\/#organization"},"image":{"@id":"https:\/\/www.mundoagropecuario.cl\/new\/sag-presenta-catastro-viticola-nacional-2020\/#primaryimage"},"thumbnailUrl":"https:\/\/www.mundoagropecuario.cl\/new\/wp-content\/uploads\/2019\/06\/uvas.jpg","keywords":["Agricultura","Agro","Catastro Vit\u00edcola Nacional 2020","SAG","Uvas","vi\u00f1as","Vinos"],"articleSection":["Agricultura"],"inLanguage":"es"},{"@type":"WebPage","@id":"https:\/\/www.mundoagropecuario.cl\/new\/sag-presenta-catastro-viticola-nacional-2020\/","url":"https:\/\/www.mundoagropecuario.cl\/new\/sag-presenta-catastro-viticola-nacional-2020\/","name":"SAG presenta Catastro Vit\u00edcola Nacional 2020 - Mundoagropecuario","isPartOf":{"@id":"https:\/\/www.mundoagropecuario.cl\/new\/#website"},"primaryImageOfPage":{"@id":"https:\/\/www.mundoagropecuario.cl\/new\/sag-presenta-catastro-viticola-nacional-2020\/#primaryimage"},"image":{"@id":"https:\/\/www.mundoagropecuario.cl\/new\/sag-presenta-catastro-viticola-nacional-2020\/#primaryimage"},"thumbnailUrl":"https:\/\/www.mundoagropecuario.cl\/new\/wp-content\/uploads\/2019\/06\/uvas.jpg","datePublished":"2021-11-19T16:03:21+00:00","dateModified":"2021-11-23T15:08:18+00:00","description":"En el informe se observa un aumento en superficie plantada de vides vin\u00edferas en las regiones de denominaci\u00f3n de Origen Del Sur y Austral","breadcrumb":{"@id":"https:\/\/www.mundoagropecuario.cl\/new\/sag-presenta-catastro-viticola-nacional-2020\/#breadcrumb"},"inLanguage":"es","potentialAction":[{"@type":"ReadAction","target":["https:\/\/www.mundoagropecuario.cl\/new\/sag-presenta-catastro-viticola-nacional-2020\/"]}]},{"@type":"ImageObject","inLanguage":"es","@id":"https:\/\/www.mundoagropecuario.cl\/new\/sag-presenta-catastro-viticola-nacional-2020\/#primaryimage","url":"https:\/\/www.mundoagropecuario.cl\/new\/wp-content\/uploads\/2019\/06\/uvas.jpg","contentUrl":"https:\/\/www.mundoagropecuario.cl\/new\/wp-content\/uploads\/2019\/06\/uvas.jpg","width":600,"height":400},{"@type":"BreadcrumbList","@id":"https:\/\/www.mundoagropecuario.cl\/new\/sag-presenta-catastro-viticola-nacional-2020\/#breadcrumb","itemListElement":[{"@type":"ListItem","position":1,"name":"Portada","item":"https:\/\/www.mundoagropecuario.cl\/new\/"},{"@type":"ListItem","position":2,"name":"SAG presenta Catastro Vit\u00edcola Nacional 2020"}]},{"@type":"WebSite","@id":"https:\/\/www.mundoagropecuario.cl\/new\/#website","url":"https:\/\/www.mundoagropecuario.cl\/new\/","name":"Mundoagropecuario","description":"Mundo Agropecuario","publisher":{"@id":"https:\/\/www.mundoagropecuario.cl\/new\/#organization"},"potentialAction":[{"@type":"SearchAction","target":{"@type":"EntryPoint","urlTemplate":"https:\/\/www.mundoagropecuario.cl\/new\/?s={search_term_string}"},"query-input":{"@type":"PropertyValueSpecification","valueRequired":true,"valueName":"search_term_string"}}],"inLanguage":"es"},{"@type":"Organization","@id":"https:\/\/www.mundoagropecuario.cl\/new\/#organization","name":"Revista de Agricultura","url":"https:\/\/www.mundoagropecuario.cl\/new\/","logo":{"@type":"ImageObject","inLanguage":"es","@id":"https:\/\/www.mundoagropecuario.cl\/new\/#\/schema\/logo\/image\/","url":"https:\/\/www.mundoagropecuario.cl\/new\/wp-content\/uploads\/2020\/11\/PORTAL-1-1.png","contentUrl":"https:\/\/www.mundoagropecuario.cl\/new\/wp-content\/uploads\/2020\/11\/PORTAL-1-1.png","width":1026,"height":100,"caption":"Revista de Agricultura"},"image":{"@id":"https:\/\/www.mundoagropecuario.cl\/new\/#\/schema\/logo\/image\/"},"sameAs":["https:\/\/www.facebook.com\/mundo.agropecuario.3","https:\/\/x.com\/MundoAgropecuar","https:\/\/www.linkedin.com\/in\/mundo-agropecuario-934009201\/"]},{"@type":"Person","@id":"https:\/\/www.mundoagropecuario.cl\/new\/#\/schema\/person\/4e9f74a82a7dac260eb1c44b7eebeb18","name":"mundo","url":"https:\/\/www.mundoagropecuario.cl\/new\/author\/mundo\/"}]}},"_links":{"self":[{"href":"https:\/\/www.mundoagropecuario.cl\/new\/wp-json\/wp\/v2\/posts\/20976","targetHints":{"allow":["GET"]}}],"collection":[{"href":"https:\/\/www.mundoagropecuario.cl\/new\/wp-json\/wp\/v2\/posts"}],"about":[{"href":"https:\/\/www.mundoagropecuario.cl\/new\/wp-json\/wp\/v2\/types\/post"}],"author":[{"embeddable":true,"href":"https:\/\/www.mundoagropecuario.cl\/new\/wp-json\/wp\/v2\/users\/2"}],"replies":[{"embeddable":true,"href":"https:\/\/www.mundoagropecuario.cl\/new\/wp-json\/wp\/v2\/comments?post=20976"}],"version-history":[{"count":1,"href":"https:\/\/www.mundoagropecuario.cl\/new\/wp-json\/wp\/v2\/posts\/20976\/revisions"}],"predecessor-version":[{"id":20978,"href":"https:\/\/www.mundoagropecuario.cl\/new\/wp-json\/wp\/v2\/posts\/20976\/revisions\/20978"}],"wp:featuredmedia":[{"embeddable":true,"href":"https:\/\/www.mundoagropecuario.cl\/new\/wp-json\/wp\/v2\/media\/12152"}],"wp:attachment":[{"href":"https:\/\/www.mundoagropecuario.cl\/new\/wp-json\/wp\/v2\/media?parent=20976"}],"wp:term":[{"taxonomy":"category","embeddable":true,"href":"https:\/\/www.mundoagropecuario.cl\/new\/wp-json\/wp\/v2\/categories?post=20976"},{"taxonomy":"post_tag","embeddable":true,"href":"https:\/\/www.mundoagropecuario.cl\/new\/wp-json\/wp\/v2\/tags?post=20976"}],"curies":[{"name":"wp","href":"https:\/\/api.w.org\/{rel}","templated":true}]}}