{"id":20884,"date":"2021-11-12T09:40:32","date_gmt":"2021-11-12T12:40:32","guid":{"rendered":"https:\/\/www.mundoagropecuario.cl\/new\/?p=20884"},"modified":"2021-11-15T13:30:08","modified_gmt":"2021-11-15T16:30:08","slug":"inia-presento-estrategia-de-idi-para-el-periodo-2020-2030","status":"publish","type":"post","link":"https:\/\/www.mundoagropecuario.cl\/new\/inia-presento-estrategia-de-idi-para-el-periodo-2020-2030\/","title":{"rendered":"INIA present\u00f3 estrategia de I+D+i para el periodo 2020-2030"},"content":{"rendered":"<blockquote>\n<h2><span style=\"color: #003300;\">El documento refleja la orientaci\u00f3n de los compromisos de la instituci\u00f3n con el sector agroalimentario nacional y global, y sus respuestas a las necesidades del medio productivo y de la sociedad, mediante la generaci\u00f3n de acciones que permitan abarcar los temas trascendentes en el pr\u00f3ximo decenio.<\/span><\/h2>\n<\/blockquote>\n<p>Es estos d\u00edas el Instituto de Investigaciones Agropecuarias (INIA) public\u00f3 en su portal web la Estrategia de I+D+i para el periodo 2020-2030, el cual refleja la orientaci\u00f3n de sus compromisos con el desarrollo del sector agroalimentario nacional e internacional, como tambi\u00e9n sus respuestas a las necesidades de la industria ante las problem\u00e1ticas que marcar\u00e1n los pr\u00f3ximos a\u00f1os.<\/p>\n<p>Pedro Bustos, Director Nacional de INIA, expres\u00f3 que \u201ceste documento forma parte del proceso de modernizaci\u00f3n de la instituci\u00f3n y traza una ruta de trabajo para los pr\u00f3ximos a\u00f1os, que considerara todos los aspectos claves de I+D+i y del quehacer institucional, acorde a las necesidades y desaf\u00edos reales del sector, para medir y cuantificar el impacto de nuestros desarrollos a futuro\u201d.<\/p>\n<p>Este documento se gener\u00f3 considerando que la poblaci\u00f3n mundial aumentar\u00e1 de 7 mil millones a m\u00e1s de 9 mil millones para el a\u00f1o 2050, el cual\u00a0 estar\u00e1 acompa\u00f1ado de una prosperidad creciente, cambios en los patrones diet\u00e9ticos en las econom\u00edas emergentes y un aumento en la demanda por dietas m\u00e1s variadas y de alto valor nutritivo, que requieren de la implementaci\u00f3n de recursos adicionales para su producci\u00f3n, lo cual ejercer\u00e1 una fuerte presi\u00f3n sobre los sistemas alimentarios.<\/p>\n<p>Marta Alfaro, Subdirectora Nacional de I+D+i de la instituci\u00f3n, explic\u00f3 que \u201ceste trabajo pone de manifiesto la contribuci\u00f3n permanente y relevante de todos y todas quienes formamos parte de INIA, en la generaci\u00f3n de bienes p\u00fablicos para la sociedad, y de soluciones atingentes y relevantes para el sector agroalimentario\u201d.\u00a0 Por ello planea metas y desaf\u00edos paras las cinco \u00c1reas Nacionales que constituyen a INIA, Gesti\u00f3n de la Innovaci\u00f3n, Evaluaci\u00f3n de Impacto, futuro del sistema agroalimentario y para el desarrollo de I+D+i en la instituci\u00f3n.<\/p>\n<p>La Estrategia I+D+i de INIA 2020-2030 est\u00e1 disponible en: https:\/\/www.inia.cl\/wp-content\/uploads\/2021\/11\/INIA_ESTRATEGIA_IDi_espanol.pdf<\/p>\n","protected":false},"excerpt":{"rendered":"<p>INIA public\u00f3 en su portal web,  la Estrategia de I+D+i para el periodo 2020-2030, el cual refleja la orientaci\u00f3n de sus compromisos con el desarrollo del sector agroalimentario nacional e internacional.<\/p>\n","protected":false},"author":2,"featured_media":20885,"comment_status":"closed","ping_status":"closed","sticky":false,"template":"","format":"standard","meta":{"footnotes":""},"categories":[1945],"tags":[2090,3127,2052,3970,2253,6552],"class_list":["post-20884","post","type-post","status-publish","format-standard","has-post-thumbnail","hentry","category-agricultura","tag-agricultura","tag-agro","tag-inia","tag-marta-alfaro","tag-pedro-bustos","tag-subdirectora-nacional"],"yoast_head":"<!-- This site is optimized with the Yoast SEO plugin v26.6 - https:\/\/yoast.com\/wordpress\/plugins\/seo\/ -->\n<title>INIA present\u00f3 estrategia de I+D+i para el periodo 2020-2030 - Mundoagropecuario<\/title>\n<meta name=\"description\" content=\"INIA public\u00f3 en su portal web, la Estrategia de I+D+i para el periodo 2020-2030, el cual refleja la orientaci\u00f3n de sus compromisos.\" \/>\n<meta name=\"robots\" content=\"index, follow, max-snippet:-1, max-image-preview:large, max-video-preview:-1\" \/>\n<link rel=\"canonical\" href=\"https:\/\/www.mundoagropecuario.cl\/new\/inia-presento-estrategia-de-idi-para-el-periodo-2020-2030\/\" \/>\n<meta property=\"og:locale\" content=\"es_ES\" \/>\n<meta property=\"og:type\" content=\"article\" \/>\n<meta property=\"og:title\" content=\"INIA present\u00f3 estrategia de I+D+i para el periodo 2020-2030 - Mundoagropecuario\" \/>\n<meta property=\"og:description\" content=\"INIA public\u00f3 en su portal web, la Estrategia de I+D+i para el periodo 2020-2030, el cual refleja la orientaci\u00f3n de sus compromisos.\" \/>\n<meta property=\"og:url\" content=\"https:\/\/www.mundoagropecuario.cl\/new\/inia-presento-estrategia-de-idi-para-el-periodo-2020-2030\/\" \/>\n<meta property=\"og:site_name\" content=\"Mundoagropecuario\" \/>\n<meta property=\"article:publisher\" content=\"https:\/\/www.facebook.com\/mundo.agropecuario.3\" \/>\n<meta property=\"article:published_time\" content=\"2021-11-12T12:40:32+00:00\" \/>\n<meta property=\"article:modified_time\" content=\"2021-11-15T16:30:08+00:00\" \/>\n<meta property=\"og:image\" content=\"https:\/\/www.mundoagropecuario.cl\/new\/wp-content\/uploads\/2021\/11\/ESTRATEGIA-IDi.png\" \/>\n\t<meta property=\"og:image:width\" content=\"568\" \/>\n\t<meta property=\"og:image:height\" content=\"466\" \/>\n\t<meta property=\"og:image:type\" content=\"image\/png\" \/>\n<meta name=\"author\" content=\"mundo\" \/>\n<meta name=\"twitter:card\" content=\"summary_large_image\" \/>\n<meta name=\"twitter:creator\" content=\"@MundoAgropecuar\" \/>\n<meta name=\"twitter:site\" content=\"@MundoAgropecuar\" \/>\n<meta name=\"twitter:label1\" content=\"Escrito por\" \/>\n\t<meta name=\"twitter:data1\" content=\"mundo\" \/>\n\t<meta name=\"twitter:label2\" content=\"Tiempo de lectura\" \/>\n\t<meta name=\"twitter:data2\" content=\"2 minutos\" \/>\n<script type=\"application\/ld+json\" class=\"yoast-schema-graph\">{\"@context\":\"https:\/\/schema.org\",\"@graph\":[{\"@type\":\"Article\",\"@id\":\"https:\/\/www.mundoagropecuario.cl\/new\/inia-presento-estrategia-de-idi-para-el-periodo-2020-2030\/#article\",\"isPartOf\":{\"@id\":\"https:\/\/www.mundoagropecuario.cl\/new\/inia-presento-estrategia-de-idi-para-el-periodo-2020-2030\/\"},\"author\":{\"name\":\"mundo\",\"@id\":\"https:\/\/www.mundoagropecuario.cl\/new\/#\/schema\/person\/4e9f74a82a7dac260eb1c44b7eebeb18\"},\"headline\":\"INIA present\u00f3 estrategia de I+D+i para el periodo 2020-2030\",\"datePublished\":\"2021-11-12T12:40:32+00:00\",\"dateModified\":\"2021-11-15T16:30:08+00:00\",\"mainEntityOfPage\":{\"@id\":\"https:\/\/www.mundoagropecuario.cl\/new\/inia-presento-estrategia-de-idi-para-el-periodo-2020-2030\/\"},\"wordCount\":398,\"publisher\":{\"@id\":\"https:\/\/www.mundoagropecuario.cl\/new\/#organization\"},\"image\":{\"@id\":\"https:\/\/www.mundoagropecuario.cl\/new\/inia-presento-estrategia-de-idi-para-el-periodo-2020-2030\/#primaryimage\"},\"thumbnailUrl\":\"https:\/\/www.mundoagropecuario.cl\/new\/wp-content\/uploads\/2021\/11\/ESTRATEGIA-IDi.png\",\"keywords\":[\"Agricultura\",\"Agro\",\"INIA\",\"Marta Alfaro\",\"Pedro Bustos\",\"Subdirectora Nacional\"],\"articleSection\":[\"Agricultura\"],\"inLanguage\":\"es\"},{\"@type\":\"WebPage\",\"@id\":\"https:\/\/www.mundoagropecuario.cl\/new\/inia-presento-estrategia-de-idi-para-el-periodo-2020-2030\/\",\"url\":\"https:\/\/www.mundoagropecuario.cl\/new\/inia-presento-estrategia-de-idi-para-el-periodo-2020-2030\/\",\"name\":\"INIA present\u00f3 estrategia de I+D+i para el periodo 2020-2030 - Mundoagropecuario\",\"isPartOf\":{\"@id\":\"https:\/\/www.mundoagropecuario.cl\/new\/#website\"},\"primaryImageOfPage\":{\"@id\":\"https:\/\/www.mundoagropecuario.cl\/new\/inia-presento-estrategia-de-idi-para-el-periodo-2020-2030\/#primaryimage\"},\"image\":{\"@id\":\"https:\/\/www.mundoagropecuario.cl\/new\/inia-presento-estrategia-de-idi-para-el-periodo-2020-2030\/#primaryimage\"},\"thumbnailUrl\":\"https:\/\/www.mundoagropecuario.cl\/new\/wp-content\/uploads\/2021\/11\/ESTRATEGIA-IDi.png\",\"datePublished\":\"2021-11-12T12:40:32+00:00\",\"dateModified\":\"2021-11-15T16:30:08+00:00\",\"description\":\"INIA public\u00f3 en su portal web, la Estrategia de I+D+i para el periodo 2020-2030, el cual refleja la orientaci\u00f3n de sus compromisos.\",\"breadcrumb\":{\"@id\":\"https:\/\/www.mundoagropecuario.cl\/new\/inia-presento-estrategia-de-idi-para-el-periodo-2020-2030\/#breadcrumb\"},\"inLanguage\":\"es\",\"potentialAction\":[{\"@type\":\"ReadAction\",\"target\":[\"https:\/\/www.mundoagropecuario.cl\/new\/inia-presento-estrategia-de-idi-para-el-periodo-2020-2030\/\"]}]},{\"@type\":\"ImageObject\",\"inLanguage\":\"es\",\"@id\":\"https:\/\/www.mundoagropecuario.cl\/new\/inia-presento-estrategia-de-idi-para-el-periodo-2020-2030\/#primaryimage\",\"url\":\"https:\/\/www.mundoagropecuario.cl\/new\/wp-content\/uploads\/2021\/11\/ESTRATEGIA-IDi.png\",\"contentUrl\":\"https:\/\/www.mundoagropecuario.cl\/new\/wp-content\/uploads\/2021\/11\/ESTRATEGIA-IDi.png\",\"width\":488,\"height\":400},{\"@type\":\"BreadcrumbList\",\"@id\":\"https:\/\/www.mundoagropecuario.cl\/new\/inia-presento-estrategia-de-idi-para-el-periodo-2020-2030\/#breadcrumb\",\"itemListElement\":[{\"@type\":\"ListItem\",\"position\":1,\"name\":\"Portada\",\"item\":\"https:\/\/www.mundoagropecuario.cl\/new\/\"},{\"@type\":\"ListItem\",\"position\":2,\"name\":\"INIA present\u00f3 estrategia de I+D+i para el periodo 2020-2030\"}]},{\"@type\":\"WebSite\",\"@id\":\"https:\/\/www.mundoagropecuario.cl\/new\/#website\",\"url\":\"https:\/\/www.mundoagropecuario.cl\/new\/\",\"name\":\"Mundoagropecuario\",\"description\":\"Mundo Agropecuario\",\"publisher\":{\"@id\":\"https:\/\/www.mundoagropecuario.cl\/new\/#organization\"},\"potentialAction\":[{\"@type\":\"SearchAction\",\"target\":{\"@type\":\"EntryPoint\",\"urlTemplate\":\"https:\/\/www.mundoagropecuario.cl\/new\/?s={search_term_string}\"},\"query-input\":{\"@type\":\"PropertyValueSpecification\",\"valueRequired\":true,\"valueName\":\"search_term_string\"}}],\"inLanguage\":\"es\"},{\"@type\":\"Organization\",\"@id\":\"https:\/\/www.mundoagropecuario.cl\/new\/#organization\",\"name\":\"Revista de Agricultura\",\"url\":\"https:\/\/www.mundoagropecuario.cl\/new\/\",\"logo\":{\"@type\":\"ImageObject\",\"inLanguage\":\"es\",\"@id\":\"https:\/\/www.mundoagropecuario.cl\/new\/#\/schema\/logo\/image\/\",\"url\":\"https:\/\/www.mundoagropecuario.cl\/new\/wp-content\/uploads\/2020\/11\/PORTAL-1-1.png\",\"contentUrl\":\"https:\/\/www.mundoagropecuario.cl\/new\/wp-content\/uploads\/2020\/11\/PORTAL-1-1.png\",\"width\":1026,\"height\":100,\"caption\":\"Revista de Agricultura\"},\"image\":{\"@id\":\"https:\/\/www.mundoagropecuario.cl\/new\/#\/schema\/logo\/image\/\"},\"sameAs\":[\"https:\/\/www.facebook.com\/mundo.agropecuario.3\",\"https:\/\/x.com\/MundoAgropecuar\",\"https:\/\/www.linkedin.com\/in\/mundo-agropecuario-934009201\/\"]},{\"@type\":\"Person\",\"@id\":\"https:\/\/www.mundoagropecuario.cl\/new\/#\/schema\/person\/4e9f74a82a7dac260eb1c44b7eebeb18\",\"name\":\"mundo\",\"url\":\"https:\/\/www.mundoagropecuario.cl\/new\/author\/mundo\/\"}]}<\/script>\n<!-- \/ Yoast SEO plugin. -->","yoast_head_json":{"title":"INIA present\u00f3 estrategia de I+D+i para el periodo 2020-2030 - Mundoagropecuario","description":"INIA public\u00f3 en su portal web, la Estrategia de I+D+i para el periodo 2020-2030, el cual refleja la orientaci\u00f3n de sus compromisos.","robots":{"index":"index","follow":"follow","max-snippet":"max-snippet:-1","max-image-preview":"max-image-preview:large","max-video-preview":"max-video-preview:-1"},"canonical":"https:\/\/www.mundoagropecuario.cl\/new\/inia-presento-estrategia-de-idi-para-el-periodo-2020-2030\/","og_locale":"es_ES","og_type":"article","og_title":"INIA present\u00f3 estrategia de I+D+i para el periodo 2020-2030 - Mundoagropecuario","og_description":"INIA public\u00f3 en su portal web, la Estrategia de I+D+i para el periodo 2020-2030, el cual refleja la orientaci\u00f3n de sus compromisos.","og_url":"https:\/\/www.mundoagropecuario.cl\/new\/inia-presento-estrategia-de-idi-para-el-periodo-2020-2030\/","og_site_name":"Mundoagropecuario","article_publisher":"https:\/\/www.facebook.com\/mundo.agropecuario.3","article_published_time":"2021-11-12T12:40:32+00:00","article_modified_time":"2021-11-15T16:30:08+00:00","og_image":[{"width":568,"height":466,"url":"https:\/\/www.mundoagropecuario.cl\/new\/wp-content\/uploads\/2021\/11\/ESTRATEGIA-IDi.png","type":"image\/png"}],"author":"mundo","twitter_card":"summary_large_image","twitter_creator":"@MundoAgropecuar","twitter_site":"@MundoAgropecuar","twitter_misc":{"Escrito por":"mundo","Tiempo de lectura":"2 minutos"},"schema":{"@context":"https:\/\/schema.org","@graph":[{"@type":"Article","@id":"https:\/\/www.mundoagropecuario.cl\/new\/inia-presento-estrategia-de-idi-para-el-periodo-2020-2030\/#article","isPartOf":{"@id":"https:\/\/www.mundoagropecuario.cl\/new\/inia-presento-estrategia-de-idi-para-el-periodo-2020-2030\/"},"author":{"name":"mundo","@id":"https:\/\/www.mundoagropecuario.cl\/new\/#\/schema\/person\/4e9f74a82a7dac260eb1c44b7eebeb18"},"headline":"INIA present\u00f3 estrategia de I+D+i para el periodo 2020-2030","datePublished":"2021-11-12T12:40:32+00:00","dateModified":"2021-11-15T16:30:08+00:00","mainEntityOfPage":{"@id":"https:\/\/www.mundoagropecuario.cl\/new\/inia-presento-estrategia-de-idi-para-el-periodo-2020-2030\/"},"wordCount":398,"publisher":{"@id":"https:\/\/www.mundoagropecuario.cl\/new\/#organization"},"image":{"@id":"https:\/\/www.mundoagropecuario.cl\/new\/inia-presento-estrategia-de-idi-para-el-periodo-2020-2030\/#primaryimage"},"thumbnailUrl":"https:\/\/www.mundoagropecuario.cl\/new\/wp-content\/uploads\/2021\/11\/ESTRATEGIA-IDi.png","keywords":["Agricultura","Agro","INIA","Marta Alfaro","Pedro Bustos","Subdirectora Nacional"],"articleSection":["Agricultura"],"inLanguage":"es"},{"@type":"WebPage","@id":"https:\/\/www.mundoagropecuario.cl\/new\/inia-presento-estrategia-de-idi-para-el-periodo-2020-2030\/","url":"https:\/\/www.mundoagropecuario.cl\/new\/inia-presento-estrategia-de-idi-para-el-periodo-2020-2030\/","name":"INIA present\u00f3 estrategia de I+D+i para el periodo 2020-2030 - Mundoagropecuario","isPartOf":{"@id":"https:\/\/www.mundoagropecuario.cl\/new\/#website"},"primaryImageOfPage":{"@id":"https:\/\/www.mundoagropecuario.cl\/new\/inia-presento-estrategia-de-idi-para-el-periodo-2020-2030\/#primaryimage"},"image":{"@id":"https:\/\/www.mundoagropecuario.cl\/new\/inia-presento-estrategia-de-idi-para-el-periodo-2020-2030\/#primaryimage"},"thumbnailUrl":"https:\/\/www.mundoagropecuario.cl\/new\/wp-content\/uploads\/2021\/11\/ESTRATEGIA-IDi.png","datePublished":"2021-11-12T12:40:32+00:00","dateModified":"2021-11-15T16:30:08+00:00","description":"INIA public\u00f3 en su portal web, la Estrategia de I+D+i para el periodo 2020-2030, el cual refleja la orientaci\u00f3n de sus compromisos.","breadcrumb":{"@id":"https:\/\/www.mundoagropecuario.cl\/new\/inia-presento-estrategia-de-idi-para-el-periodo-2020-2030\/#breadcrumb"},"inLanguage":"es","potentialAction":[{"@type":"ReadAction","target":["https:\/\/www.mundoagropecuario.cl\/new\/inia-presento-estrategia-de-idi-para-el-periodo-2020-2030\/"]}]},{"@type":"ImageObject","inLanguage":"es","@id":"https:\/\/www.mundoagropecuario.cl\/new\/inia-presento-estrategia-de-idi-para-el-periodo-2020-2030\/#primaryimage","url":"https:\/\/www.mundoagropecuario.cl\/new\/wp-content\/uploads\/2021\/11\/ESTRATEGIA-IDi.png","contentUrl":"https:\/\/www.mundoagropecuario.cl\/new\/wp-content\/uploads\/2021\/11\/ESTRATEGIA-IDi.png","width":488,"height":400},{"@type":"BreadcrumbList","@id":"https:\/\/www.mundoagropecuario.cl\/new\/inia-presento-estrategia-de-idi-para-el-periodo-2020-2030\/#breadcrumb","itemListElement":[{"@type":"ListItem","position":1,"name":"Portada","item":"https:\/\/www.mundoagropecuario.cl\/new\/"},{"@type":"ListItem","position":2,"name":"INIA present\u00f3 estrategia de I+D+i para el periodo 2020-2030"}]},{"@type":"WebSite","@id":"https:\/\/www.mundoagropecuario.cl\/new\/#website","url":"https:\/\/www.mundoagropecuario.cl\/new\/","name":"Mundoagropecuario","description":"Mundo Agropecuario","publisher":{"@id":"https:\/\/www.mundoagropecuario.cl\/new\/#organization"},"potentialAction":[{"@type":"SearchAction","target":{"@type":"EntryPoint","urlTemplate":"https:\/\/www.mundoagropecuario.cl\/new\/?s={search_term_string}"},"query-input":{"@type":"PropertyValueSpecification","valueRequired":true,"valueName":"search_term_string"}}],"inLanguage":"es"},{"@type":"Organization","@id":"https:\/\/www.mundoagropecuario.cl\/new\/#organization","name":"Revista de Agricultura","url":"https:\/\/www.mundoagropecuario.cl\/new\/","logo":{"@type":"ImageObject","inLanguage":"es","@id":"https:\/\/www.mundoagropecuario.cl\/new\/#\/schema\/logo\/image\/","url":"https:\/\/www.mundoagropecuario.cl\/new\/wp-content\/uploads\/2020\/11\/PORTAL-1-1.png","contentUrl":"https:\/\/www.mundoagropecuario.cl\/new\/wp-content\/uploads\/2020\/11\/PORTAL-1-1.png","width":1026,"height":100,"caption":"Revista de Agricultura"},"image":{"@id":"https:\/\/www.mundoagropecuario.cl\/new\/#\/schema\/logo\/image\/"},"sameAs":["https:\/\/www.facebook.com\/mundo.agropecuario.3","https:\/\/x.com\/MundoAgropecuar","https:\/\/www.linkedin.com\/in\/mundo-agropecuario-934009201\/"]},{"@type":"Person","@id":"https:\/\/www.mundoagropecuario.cl\/new\/#\/schema\/person\/4e9f74a82a7dac260eb1c44b7eebeb18","name":"mundo","url":"https:\/\/www.mundoagropecuario.cl\/new\/author\/mundo\/"}]}},"_links":{"self":[{"href":"https:\/\/www.mundoagropecuario.cl\/new\/wp-json\/wp\/v2\/posts\/20884","targetHints":{"allow":["GET"]}}],"collection":[{"href":"https:\/\/www.mundoagropecuario.cl\/new\/wp-json\/wp\/v2\/posts"}],"about":[{"href":"https:\/\/www.mundoagropecuario.cl\/new\/wp-json\/wp\/v2\/types\/post"}],"author":[{"embeddable":true,"href":"https:\/\/www.mundoagropecuario.cl\/new\/wp-json\/wp\/v2\/users\/2"}],"replies":[{"embeddable":true,"href":"https:\/\/www.mundoagropecuario.cl\/new\/wp-json\/wp\/v2\/comments?post=20884"}],"version-history":[{"count":1,"href":"https:\/\/www.mundoagropecuario.cl\/new\/wp-json\/wp\/v2\/posts\/20884\/revisions"}],"predecessor-version":[{"id":20886,"href":"https:\/\/www.mundoagropecuario.cl\/new\/wp-json\/wp\/v2\/posts\/20884\/revisions\/20886"}],"wp:featuredmedia":[{"embeddable":true,"href":"https:\/\/www.mundoagropecuario.cl\/new\/wp-json\/wp\/v2\/media\/20885"}],"wp:attachment":[{"href":"https:\/\/www.mundoagropecuario.cl\/new\/wp-json\/wp\/v2\/media?parent=20884"}],"wp:term":[{"taxonomy":"category","embeddable":true,"href":"https:\/\/www.mundoagropecuario.cl\/new\/wp-json\/wp\/v2\/categories?post=20884"},{"taxonomy":"post_tag","embeddable":true,"href":"https:\/\/www.mundoagropecuario.cl\/new\/wp-json\/wp\/v2\/tags?post=20884"}],"curies":[{"name":"wp","href":"https:\/\/api.w.org\/{rel}","templated":true}]}}