{"id":20730,"date":"2021-10-28T10:39:16","date_gmt":"2021-10-28T13:39:16","guid":{"rendered":"https:\/\/www.mundoagropecuario.cl\/new\/?p=20730"},"modified":"2021-11-02T13:18:03","modified_gmt":"2021-11-02T16:18:03","slug":"ministra-undurraga-en-chiloe-las-escuelas-rurales-son-la-base-del-desarrollo-de-las-comunidades","status":"publish","type":"post","link":"https:\/\/www.mundoagropecuario.cl\/new\/ministra-undurraga-en-chiloe-las-escuelas-rurales-son-la-base-del-desarrollo-de-las-comunidades\/","title":{"rendered":"Ministra Undurraga en Chilo\u00e9: \u201cLas escuelas rurales son la base del desarrollo de las comunidades\u201d"},"content":{"rendered":"<blockquote>\n<h2>En los \u00faltimos dos a\u00f1os los estudiantes de la escuela rural de Quilquico se ha adjudicado el Primer y Segundo lugar Nacional 2019 y 2020 del certamen Historias de Nuestra Tierra organizado por Fucoa.<\/h2>\n<\/blockquote>\n<p>La ministra de Agricultura, Mar\u00eda Emilia Undurraga visit\u00f3 la escuela rural de Quilquico, lugar en el que realiz\u00f3 un recorrido por la escuela en el que los propios estudiantes detallaron el proyecto educativo del establecimiento que incluye trabajo Pedag\u00f3gico en Lengua y Cultura Ind\u00edgena; la historia de Quilquico: oficios, tradiciones y memoria de esta comunidad a partir del mural conmemorativo; un Sello Medioambiental con un proyecto pionero de recolecci\u00f3n y potabilizaci\u00f3n de aguas lluvias; y un Curr\u00edculo con pertinencia cultural: los saberes tradicionales como base para los objetivos de aprendizaje; y una Biblioteca Comunitaria.<\/p>\n<p><a href=\"https:\/\/www.mundoagropecuario.cl\/new\/wp-content\/uploads\/2021\/10\/Minagri-FOTO-4-scaled.jpeg\"><img loading=\"lazy\" decoding=\"async\" class=\" wp-image-20731 alignright\" src=\"https:\/\/www.mundoagropecuario.cl\/new\/wp-content\/uploads\/2021\/10\/Minagri-FOTO-4-586x391.jpeg\" alt=\"\" width=\"539\" height=\"364\" \/><\/a>\u201cPudimos ver con lo que nos contaban los ni\u00f1os estas tradiciones, estos oficios, que todav\u00eda siguen sus padres, abuelos y eso es parte del rescate que se hacen en estas escuelas rurales. En Chile hay m\u00e1s de 3.300 escuelas rurales, cada una fundamental para el desarrollo de sus comunidades. La escuela en el sector rural es mucho m\u00e1s que un establecimiento donde los ni\u00f1os van por unas horas a aprender es un punto de encuentro donde podemos conectarnos con todas esas historias del pasado, pero tambi\u00e9n para construir el futuro\u201d, se\u00f1al\u00f3 la ministra Undurraga.<\/p>\n<p>Por su parte, la directora de la escuela Quilquico, Andrea Teiguel reconoci\u00f3 el apoyo del ministerio de Agricultura para generar inter\u00e9s en la memoria de los habitantes. \u201cLa visita la hicieron nuestros estudiantes que son hijos de agricultores, por eso simboliza mucho que vengan precisamente del Ministerio de Agricultura y tambi\u00e9n reconocernos que no es casual porque desde 2018 nuestros estudiantes participan activamente en el concurso de Fucoa donde el \u00e1rea del lenguaje busca a trav\u00e9s de la oralidad y la memoria de las comunidades rescatar esas historias antiguas (\u2026) nuestros estudiantes de Quilquico entrevistas a sus abuelos, perpet\u00faan estas historias y ha significado para ellos el establecimiento de su identidad\u201d, se\u00f1al\u00f3.<\/p>\n<p>En la ocasi\u00f3n, la autoridad del agro tambi\u00e9n realiz\u00f3 un llamado a continuar con el retorno gradual a clases en los colegios. \u201cHacemos un llamado a este retorno gradual a clases tan importante, tal como ve\u00edamos hoy d\u00eda en esta visita guiada por los ni\u00f1os y la directora de esta escuela rural. Escuelas rurales que son base para el desarrollo de las comunidades, vemos como se construyen estas escuelas con sus padres, madres, apoderados y que, junto con los ni\u00f1os, ni\u00f1as y adolescentes, van caminando hacia una educaci\u00f3n inclusiva, con pertinencia y orgulloso de todas estas ra\u00edces y toda su cultura\u201d. Adem\u00e1s, destac\u00f3 la implementaci\u00f3n de la Pol\u00edtica Nacional de Desarrollo Rural como un motor de apoyo y coordinaci\u00f3n con otros ministerios en beneficio de estas localidades.<\/p>\n<p><a href=\"https:\/\/www.mundoagropecuario.cl\/new\/wp-content\/uploads\/2021\/10\/FOTO-2-scaled.jpeg\"><img loading=\"lazy\" decoding=\"async\" class=\" wp-image-20733 alignleft\" src=\"https:\/\/www.mundoagropecuario.cl\/new\/wp-content\/uploads\/2021\/10\/FOTO-2-586x391.jpeg\" alt=\"\" width=\"475\" height=\"371\" \/><\/a>La seremi de educaci\u00f3n de la regi\u00f3n de Los Lagos, Paulina Lobos resalt\u00f3 tambi\u00e9n la importancia de la educaci\u00f3n rural. \u201cEstamos muy orgullosos de tener a la ministra de Agricultura en nuestro territorio y que podamos reconocer en conjunto la importancia de la educaci\u00f3n en el \u00e1rea rural. Para nosotros ha sido fundamental en este proceso de apertura de los establecimientos educacionales porque las escuelas rurales fueron las pioneras en reabrir sus puertas en esta vuelta a la educaci\u00f3n presencial porque adem\u00e1s en los territorios tambi\u00e9n se hace un trabajo articulado con los padres y apoderados. Ya lo dijo la ministra, ac\u00e1 no es solamente venir a tener horas de saberes y aprendizaje a la escuela, lo que ac\u00e1 se realiza es un trabajo mancomunado para que todos construyamos una escuela segura\u201d, dijo.<\/p>\n<p>En la Escuela Rural de Quilquico se forman a 80 estudiantes desde Pre Kinder a 8\u00ba B\u00e1sico que entre sus logros y proyectos destacados en los que han participado est\u00e1n la iniciativa \u201cHistoria y Memoria Ind\u00edgena de la Pen\u00ednsula de Ril\u00e1n\u201d elaborado en conjunto con estudiantes y docentes.<\/p>\n<p>Igualmente, el proyecto \u201cPoes\u00eda con Identidad\u201d en voz de sus estudiantes y que actualmente se transmite en c\u00e1psulas de la radio Chilo\u00e9, fruto del Fondo de Medios.<\/p>\n<p>A lo que se suma la iniciativa: \u201cArchipi\u00e9lago Digital\u201d del Ministerio de la Cultura, en la que actualmente es la \u00fanica Escuela Rural de Chile elaborando un innovador proyecto de investigaci\u00f3n de la toponimia ind\u00edgena de la pen\u00ednsula de Ril\u00e1n para la elaboraci\u00f3n de una app georreferenciada. As\u00ed como el proyecto \u201cRescatando nuestro lawen\u201d presentado al Ministerio de Medio Ambiente para la creaci\u00f3n de un invernadero profesional en donde se rescatar\u00e1 la medicina tradicional ind\u00edgena desde una mirada comunitaria. Proyecto adjudicado y en proceso de ejecuci\u00f3n.<\/p>\n","protected":false},"excerpt":{"rendered":"<p>La ministra de Agricultura, visit\u00f3 la escuela rural de Quilquico, realiz\u00f3 un recorrido por la escuela en el que los propios estudiantes detallaron el proyecto educativo del establecimiento que incluye trabajo Pedag\u00f3gico en Lengua y Cultura Ind\u00edgena<\/p>\n","protected":false},"author":2,"featured_media":20732,"comment_status":"closed","ping_status":"closed","sticky":false,"template":"","format":"standard","meta":{"footnotes":""},"categories":[1945],"tags":[5055,2090,3944,2035,5193,6486],"class_list":["post-20730","post","type-post","status-publish","format-standard","has-post-thumbnail","hentry","category-agricultura","tag-agri","tag-agricultura","tag-maria-emilia-undurraga","tag-minagri","tag-ministra-de-agricultura","tag-quilquico"],"yoast_head":"<!-- This site is optimized with the Yoast SEO plugin v26.6 - https:\/\/yoast.com\/wordpress\/plugins\/seo\/ -->\n<title>Ministra Undurraga en Chilo\u00e9: \u201cLas escuelas rurales son la base del desarrollo de las comunidades\u201d - Mundoagropecuario<\/title>\n<meta name=\"description\" content=\"La ministra realiz\u00f3 un recorrido por la escuela en el que los propios estudiantes detallaron el proyecto educativo del establecimiento\" \/>\n<meta name=\"robots\" content=\"index, follow, max-snippet:-1, max-image-preview:large, max-video-preview:-1\" \/>\n<link rel=\"canonical\" href=\"https:\/\/www.mundoagropecuario.cl\/new\/ministra-undurraga-en-chiloe-las-escuelas-rurales-son-la-base-del-desarrollo-de-las-comunidades\/\" \/>\n<meta property=\"og:locale\" content=\"es_ES\" \/>\n<meta property=\"og:type\" content=\"article\" \/>\n<meta property=\"og:title\" content=\"Ministra Undurraga en Chilo\u00e9: \u201cLas escuelas rurales son la base del desarrollo de las comunidades\u201d - Mundoagropecuario\" \/>\n<meta property=\"og:description\" content=\"La ministra realiz\u00f3 un recorrido por la escuela en el que los propios estudiantes detallaron el proyecto educativo del establecimiento\" \/>\n<meta property=\"og:url\" content=\"https:\/\/www.mundoagropecuario.cl\/new\/ministra-undurraga-en-chiloe-las-escuelas-rurales-son-la-base-del-desarrollo-de-las-comunidades\/\" \/>\n<meta property=\"og:site_name\" content=\"Mundoagropecuario\" \/>\n<meta property=\"article:publisher\" content=\"https:\/\/www.facebook.com\/mundo.agropecuario.3\" \/>\n<meta property=\"article:published_time\" content=\"2021-10-28T13:39:16+00:00\" \/>\n<meta property=\"article:modified_time\" content=\"2021-11-02T16:18:03+00:00\" \/>\n<meta property=\"og:image\" content=\"https:\/\/www.mundoagropecuario.cl\/new\/wp-content\/uploads\/2021\/10\/Minagri-FOTO-5-scaled.jpeg\" \/>\n\t<meta property=\"og:image:width\" content=\"1024\" \/>\n\t<meta property=\"og:image:height\" content=\"682\" \/>\n\t<meta property=\"og:image:type\" content=\"image\/jpeg\" \/>\n<meta name=\"author\" content=\"mundo\" \/>\n<meta name=\"twitter:card\" content=\"summary_large_image\" \/>\n<meta name=\"twitter:creator\" content=\"@MundoAgropecuar\" \/>\n<meta name=\"twitter:site\" content=\"@MundoAgropecuar\" \/>\n<meta name=\"twitter:label1\" content=\"Escrito por\" \/>\n\t<meta name=\"twitter:data1\" content=\"mundo\" \/>\n\t<meta name=\"twitter:label2\" content=\"Tiempo de lectura\" \/>\n\t<meta name=\"twitter:data2\" content=\"4 minutos\" \/>\n<script type=\"application\/ld+json\" class=\"yoast-schema-graph\">{\"@context\":\"https:\/\/schema.org\",\"@graph\":[{\"@type\":\"Article\",\"@id\":\"https:\/\/www.mundoagropecuario.cl\/new\/ministra-undurraga-en-chiloe-las-escuelas-rurales-son-la-base-del-desarrollo-de-las-comunidades\/#article\",\"isPartOf\":{\"@id\":\"https:\/\/www.mundoagropecuario.cl\/new\/ministra-undurraga-en-chiloe-las-escuelas-rurales-son-la-base-del-desarrollo-de-las-comunidades\/\"},\"author\":{\"name\":\"mundo\",\"@id\":\"https:\/\/www.mundoagropecuario.cl\/new\/#\/schema\/person\/4e9f74a82a7dac260eb1c44b7eebeb18\"},\"headline\":\"Ministra Undurraga en Chilo\u00e9: \u201cLas escuelas rurales son la base del desarrollo de las comunidades\u201d\",\"datePublished\":\"2021-10-28T13:39:16+00:00\",\"dateModified\":\"2021-11-02T16:18:03+00:00\",\"mainEntityOfPage\":{\"@id\":\"https:\/\/www.mundoagropecuario.cl\/new\/ministra-undurraga-en-chiloe-las-escuelas-rurales-son-la-base-del-desarrollo-de-las-comunidades\/\"},\"wordCount\":819,\"publisher\":{\"@id\":\"https:\/\/www.mundoagropecuario.cl\/new\/#organization\"},\"image\":{\"@id\":\"https:\/\/www.mundoagropecuario.cl\/new\/ministra-undurraga-en-chiloe-las-escuelas-rurales-son-la-base-del-desarrollo-de-las-comunidades\/#primaryimage\"},\"thumbnailUrl\":\"https:\/\/www.mundoagropecuario.cl\/new\/wp-content\/uploads\/2021\/10\/Minagri-FOTO-5-scaled.jpeg\",\"keywords\":[\"Agri\",\"Agricultura\",\"Mar\u00eda Emilia Undurraga\",\"Minagri\",\"ministra de Agricultura\",\"Quilquico\"],\"articleSection\":[\"Agricultura\"],\"inLanguage\":\"es\"},{\"@type\":\"WebPage\",\"@id\":\"https:\/\/www.mundoagropecuario.cl\/new\/ministra-undurraga-en-chiloe-las-escuelas-rurales-son-la-base-del-desarrollo-de-las-comunidades\/\",\"url\":\"https:\/\/www.mundoagropecuario.cl\/new\/ministra-undurraga-en-chiloe-las-escuelas-rurales-son-la-base-del-desarrollo-de-las-comunidades\/\",\"name\":\"Ministra Undurraga en Chilo\u00e9: \u201cLas escuelas rurales son la base del desarrollo de las comunidades\u201d - Mundoagropecuario\",\"isPartOf\":{\"@id\":\"https:\/\/www.mundoagropecuario.cl\/new\/#website\"},\"primaryImageOfPage\":{\"@id\":\"https:\/\/www.mundoagropecuario.cl\/new\/ministra-undurraga-en-chiloe-las-escuelas-rurales-son-la-base-del-desarrollo-de-las-comunidades\/#primaryimage\"},\"image\":{\"@id\":\"https:\/\/www.mundoagropecuario.cl\/new\/ministra-undurraga-en-chiloe-las-escuelas-rurales-son-la-base-del-desarrollo-de-las-comunidades\/#primaryimage\"},\"thumbnailUrl\":\"https:\/\/www.mundoagropecuario.cl\/new\/wp-content\/uploads\/2021\/10\/Minagri-FOTO-5-scaled.jpeg\",\"datePublished\":\"2021-10-28T13:39:16+00:00\",\"dateModified\":\"2021-11-02T16:18:03+00:00\",\"description\":\"La ministra realiz\u00f3 un recorrido por la escuela en el que los propios estudiantes detallaron el proyecto educativo del establecimiento\",\"breadcrumb\":{\"@id\":\"https:\/\/www.mundoagropecuario.cl\/new\/ministra-undurraga-en-chiloe-las-escuelas-rurales-son-la-base-del-desarrollo-de-las-comunidades\/#breadcrumb\"},\"inLanguage\":\"es\",\"potentialAction\":[{\"@type\":\"ReadAction\",\"target\":[\"https:\/\/www.mundoagropecuario.cl\/new\/ministra-undurraga-en-chiloe-las-escuelas-rurales-son-la-base-del-desarrollo-de-las-comunidades\/\"]}]},{\"@type\":\"ImageObject\",\"inLanguage\":\"es\",\"@id\":\"https:\/\/www.mundoagropecuario.cl\/new\/ministra-undurraga-en-chiloe-las-escuelas-rurales-son-la-base-del-desarrollo-de-las-comunidades\/#primaryimage\",\"url\":\"https:\/\/www.mundoagropecuario.cl\/new\/wp-content\/uploads\/2021\/10\/Minagri-FOTO-5-scaled.jpeg\",\"contentUrl\":\"https:\/\/www.mundoagropecuario.cl\/new\/wp-content\/uploads\/2021\/10\/Minagri-FOTO-5-scaled.jpeg\",\"width\":601,\"height\":400},{\"@type\":\"BreadcrumbList\",\"@id\":\"https:\/\/www.mundoagropecuario.cl\/new\/ministra-undurraga-en-chiloe-las-escuelas-rurales-son-la-base-del-desarrollo-de-las-comunidades\/#breadcrumb\",\"itemListElement\":[{\"@type\":\"ListItem\",\"position\":1,\"name\":\"Portada\",\"item\":\"https:\/\/www.mundoagropecuario.cl\/new\/\"},{\"@type\":\"ListItem\",\"position\":2,\"name\":\"Ministra Undurraga en Chilo\u00e9: \u201cLas escuelas rurales son la base del desarrollo de las comunidades\u201d\"}]},{\"@type\":\"WebSite\",\"@id\":\"https:\/\/www.mundoagropecuario.cl\/new\/#website\",\"url\":\"https:\/\/www.mundoagropecuario.cl\/new\/\",\"name\":\"Mundoagropecuario\",\"description\":\"Mundo Agropecuario\",\"publisher\":{\"@id\":\"https:\/\/www.mundoagropecuario.cl\/new\/#organization\"},\"potentialAction\":[{\"@type\":\"SearchAction\",\"target\":{\"@type\":\"EntryPoint\",\"urlTemplate\":\"https:\/\/www.mundoagropecuario.cl\/new\/?s={search_term_string}\"},\"query-input\":{\"@type\":\"PropertyValueSpecification\",\"valueRequired\":true,\"valueName\":\"search_term_string\"}}],\"inLanguage\":\"es\"},{\"@type\":\"Organization\",\"@id\":\"https:\/\/www.mundoagropecuario.cl\/new\/#organization\",\"name\":\"Revista de Agricultura\",\"url\":\"https:\/\/www.mundoagropecuario.cl\/new\/\",\"logo\":{\"@type\":\"ImageObject\",\"inLanguage\":\"es\",\"@id\":\"https:\/\/www.mundoagropecuario.cl\/new\/#\/schema\/logo\/image\/\",\"url\":\"https:\/\/www.mundoagropecuario.cl\/new\/wp-content\/uploads\/2020\/11\/PORTAL-1-1.png\",\"contentUrl\":\"https:\/\/www.mundoagropecuario.cl\/new\/wp-content\/uploads\/2020\/11\/PORTAL-1-1.png\",\"width\":1026,\"height\":100,\"caption\":\"Revista de Agricultura\"},\"image\":{\"@id\":\"https:\/\/www.mundoagropecuario.cl\/new\/#\/schema\/logo\/image\/\"},\"sameAs\":[\"https:\/\/www.facebook.com\/mundo.agropecuario.3\",\"https:\/\/x.com\/MundoAgropecuar\",\"https:\/\/www.linkedin.com\/in\/mundo-agropecuario-934009201\/\"]},{\"@type\":\"Person\",\"@id\":\"https:\/\/www.mundoagropecuario.cl\/new\/#\/schema\/person\/4e9f74a82a7dac260eb1c44b7eebeb18\",\"name\":\"mundo\",\"url\":\"https:\/\/www.mundoagropecuario.cl\/new\/author\/mundo\/\"}]}<\/script>\n<!-- \/ Yoast SEO plugin. -->","yoast_head_json":{"title":"Ministra Undurraga en Chilo\u00e9: \u201cLas escuelas rurales son la base del desarrollo de las comunidades\u201d - Mundoagropecuario","description":"La ministra realiz\u00f3 un recorrido por la escuela en el que los propios estudiantes detallaron el proyecto educativo del establecimiento","robots":{"index":"index","follow":"follow","max-snippet":"max-snippet:-1","max-image-preview":"max-image-preview:large","max-video-preview":"max-video-preview:-1"},"canonical":"https:\/\/www.mundoagropecuario.cl\/new\/ministra-undurraga-en-chiloe-las-escuelas-rurales-son-la-base-del-desarrollo-de-las-comunidades\/","og_locale":"es_ES","og_type":"article","og_title":"Ministra Undurraga en Chilo\u00e9: \u201cLas escuelas rurales son la base del desarrollo de las comunidades\u201d - Mundoagropecuario","og_description":"La ministra realiz\u00f3 un recorrido por la escuela en el que los propios estudiantes detallaron el proyecto educativo del establecimiento","og_url":"https:\/\/www.mundoagropecuario.cl\/new\/ministra-undurraga-en-chiloe-las-escuelas-rurales-son-la-base-del-desarrollo-de-las-comunidades\/","og_site_name":"Mundoagropecuario","article_publisher":"https:\/\/www.facebook.com\/mundo.agropecuario.3","article_published_time":"2021-10-28T13:39:16+00:00","article_modified_time":"2021-11-02T16:18:03+00:00","og_image":[{"width":1024,"height":682,"url":"https:\/\/www.mundoagropecuario.cl\/new\/wp-content\/uploads\/2021\/10\/Minagri-FOTO-5-scaled.jpeg","type":"image\/jpeg"}],"author":"mundo","twitter_card":"summary_large_image","twitter_creator":"@MundoAgropecuar","twitter_site":"@MundoAgropecuar","twitter_misc":{"Escrito por":"mundo","Tiempo de lectura":"4 minutos"},"schema":{"@context":"https:\/\/schema.org","@graph":[{"@type":"Article","@id":"https:\/\/www.mundoagropecuario.cl\/new\/ministra-undurraga-en-chiloe-las-escuelas-rurales-son-la-base-del-desarrollo-de-las-comunidades\/#article","isPartOf":{"@id":"https:\/\/www.mundoagropecuario.cl\/new\/ministra-undurraga-en-chiloe-las-escuelas-rurales-son-la-base-del-desarrollo-de-las-comunidades\/"},"author":{"name":"mundo","@id":"https:\/\/www.mundoagropecuario.cl\/new\/#\/schema\/person\/4e9f74a82a7dac260eb1c44b7eebeb18"},"headline":"Ministra Undurraga en Chilo\u00e9: \u201cLas escuelas rurales son la base del desarrollo de las comunidades\u201d","datePublished":"2021-10-28T13:39:16+00:00","dateModified":"2021-11-02T16:18:03+00:00","mainEntityOfPage":{"@id":"https:\/\/www.mundoagropecuario.cl\/new\/ministra-undurraga-en-chiloe-las-escuelas-rurales-son-la-base-del-desarrollo-de-las-comunidades\/"},"wordCount":819,"publisher":{"@id":"https:\/\/www.mundoagropecuario.cl\/new\/#organization"},"image":{"@id":"https:\/\/www.mundoagropecuario.cl\/new\/ministra-undurraga-en-chiloe-las-escuelas-rurales-son-la-base-del-desarrollo-de-las-comunidades\/#primaryimage"},"thumbnailUrl":"https:\/\/www.mundoagropecuario.cl\/new\/wp-content\/uploads\/2021\/10\/Minagri-FOTO-5-scaled.jpeg","keywords":["Agri","Agricultura","Mar\u00eda Emilia Undurraga","Minagri","ministra de Agricultura","Quilquico"],"articleSection":["Agricultura"],"inLanguage":"es"},{"@type":"WebPage","@id":"https:\/\/www.mundoagropecuario.cl\/new\/ministra-undurraga-en-chiloe-las-escuelas-rurales-son-la-base-del-desarrollo-de-las-comunidades\/","url":"https:\/\/www.mundoagropecuario.cl\/new\/ministra-undurraga-en-chiloe-las-escuelas-rurales-son-la-base-del-desarrollo-de-las-comunidades\/","name":"Ministra Undurraga en Chilo\u00e9: \u201cLas escuelas rurales son la base del desarrollo de las comunidades\u201d - Mundoagropecuario","isPartOf":{"@id":"https:\/\/www.mundoagropecuario.cl\/new\/#website"},"primaryImageOfPage":{"@id":"https:\/\/www.mundoagropecuario.cl\/new\/ministra-undurraga-en-chiloe-las-escuelas-rurales-son-la-base-del-desarrollo-de-las-comunidades\/#primaryimage"},"image":{"@id":"https:\/\/www.mundoagropecuario.cl\/new\/ministra-undurraga-en-chiloe-las-escuelas-rurales-son-la-base-del-desarrollo-de-las-comunidades\/#primaryimage"},"thumbnailUrl":"https:\/\/www.mundoagropecuario.cl\/new\/wp-content\/uploads\/2021\/10\/Minagri-FOTO-5-scaled.jpeg","datePublished":"2021-10-28T13:39:16+00:00","dateModified":"2021-11-02T16:18:03+00:00","description":"La ministra realiz\u00f3 un recorrido por la escuela en el que los propios estudiantes detallaron el proyecto educativo del establecimiento","breadcrumb":{"@id":"https:\/\/www.mundoagropecuario.cl\/new\/ministra-undurraga-en-chiloe-las-escuelas-rurales-son-la-base-del-desarrollo-de-las-comunidades\/#breadcrumb"},"inLanguage":"es","potentialAction":[{"@type":"ReadAction","target":["https:\/\/www.mundoagropecuario.cl\/new\/ministra-undurraga-en-chiloe-las-escuelas-rurales-son-la-base-del-desarrollo-de-las-comunidades\/"]}]},{"@type":"ImageObject","inLanguage":"es","@id":"https:\/\/www.mundoagropecuario.cl\/new\/ministra-undurraga-en-chiloe-las-escuelas-rurales-son-la-base-del-desarrollo-de-las-comunidades\/#primaryimage","url":"https:\/\/www.mundoagropecuario.cl\/new\/wp-content\/uploads\/2021\/10\/Minagri-FOTO-5-scaled.jpeg","contentUrl":"https:\/\/www.mundoagropecuario.cl\/new\/wp-content\/uploads\/2021\/10\/Minagri-FOTO-5-scaled.jpeg","width":601,"height":400},{"@type":"BreadcrumbList","@id":"https:\/\/www.mundoagropecuario.cl\/new\/ministra-undurraga-en-chiloe-las-escuelas-rurales-son-la-base-del-desarrollo-de-las-comunidades\/#breadcrumb","itemListElement":[{"@type":"ListItem","position":1,"name":"Portada","item":"https:\/\/www.mundoagropecuario.cl\/new\/"},{"@type":"ListItem","position":2,"name":"Ministra Undurraga en Chilo\u00e9: \u201cLas escuelas rurales son la base del desarrollo de las comunidades\u201d"}]},{"@type":"WebSite","@id":"https:\/\/www.mundoagropecuario.cl\/new\/#website","url":"https:\/\/www.mundoagropecuario.cl\/new\/","name":"Mundoagropecuario","description":"Mundo Agropecuario","publisher":{"@id":"https:\/\/www.mundoagropecuario.cl\/new\/#organization"},"potentialAction":[{"@type":"SearchAction","target":{"@type":"EntryPoint","urlTemplate":"https:\/\/www.mundoagropecuario.cl\/new\/?s={search_term_string}"},"query-input":{"@type":"PropertyValueSpecification","valueRequired":true,"valueName":"search_term_string"}}],"inLanguage":"es"},{"@type":"Organization","@id":"https:\/\/www.mundoagropecuario.cl\/new\/#organization","name":"Revista de Agricultura","url":"https:\/\/www.mundoagropecuario.cl\/new\/","logo":{"@type":"ImageObject","inLanguage":"es","@id":"https:\/\/www.mundoagropecuario.cl\/new\/#\/schema\/logo\/image\/","url":"https:\/\/www.mundoagropecuario.cl\/new\/wp-content\/uploads\/2020\/11\/PORTAL-1-1.png","contentUrl":"https:\/\/www.mundoagropecuario.cl\/new\/wp-content\/uploads\/2020\/11\/PORTAL-1-1.png","width":1026,"height":100,"caption":"Revista de Agricultura"},"image":{"@id":"https:\/\/www.mundoagropecuario.cl\/new\/#\/schema\/logo\/image\/"},"sameAs":["https:\/\/www.facebook.com\/mundo.agropecuario.3","https:\/\/x.com\/MundoAgropecuar","https:\/\/www.linkedin.com\/in\/mundo-agropecuario-934009201\/"]},{"@type":"Person","@id":"https:\/\/www.mundoagropecuario.cl\/new\/#\/schema\/person\/4e9f74a82a7dac260eb1c44b7eebeb18","name":"mundo","url":"https:\/\/www.mundoagropecuario.cl\/new\/author\/mundo\/"}]}},"_links":{"self":[{"href":"https:\/\/www.mundoagropecuario.cl\/new\/wp-json\/wp\/v2\/posts\/20730","targetHints":{"allow":["GET"]}}],"collection":[{"href":"https:\/\/www.mundoagropecuario.cl\/new\/wp-json\/wp\/v2\/posts"}],"about":[{"href":"https:\/\/www.mundoagropecuario.cl\/new\/wp-json\/wp\/v2\/types\/post"}],"author":[{"embeddable":true,"href":"https:\/\/www.mundoagropecuario.cl\/new\/wp-json\/wp\/v2\/users\/2"}],"replies":[{"embeddable":true,"href":"https:\/\/www.mundoagropecuario.cl\/new\/wp-json\/wp\/v2\/comments?post=20730"}],"version-history":[{"count":1,"href":"https:\/\/www.mundoagropecuario.cl\/new\/wp-json\/wp\/v2\/posts\/20730\/revisions"}],"predecessor-version":[{"id":20734,"href":"https:\/\/www.mundoagropecuario.cl\/new\/wp-json\/wp\/v2\/posts\/20730\/revisions\/20734"}],"wp:featuredmedia":[{"embeddable":true,"href":"https:\/\/www.mundoagropecuario.cl\/new\/wp-json\/wp\/v2\/media\/20732"}],"wp:attachment":[{"href":"https:\/\/www.mundoagropecuario.cl\/new\/wp-json\/wp\/v2\/media?parent=20730"}],"wp:term":[{"taxonomy":"category","embeddable":true,"href":"https:\/\/www.mundoagropecuario.cl\/new\/wp-json\/wp\/v2\/categories?post=20730"},{"taxonomy":"post_tag","embeddable":true,"href":"https:\/\/www.mundoagropecuario.cl\/new\/wp-json\/wp\/v2\/tags?post=20730"}],"curies":[{"name":"wp","href":"https:\/\/api.w.org\/{rel}","templated":true}]}}