{"id":20678,"date":"2021-10-22T11:56:37","date_gmt":"2021-10-22T14:56:37","guid":{"rendered":"https:\/\/www.mundoagropecuario.cl\/new\/?p=20678"},"modified":"2021-10-25T10:41:44","modified_gmt":"2021-10-25T13:41:44","slug":"prochile-y-fedefruta-se-unen-para-eenexpro-fruittrade-alimentos-y-futuro","status":"publish","type":"post","link":"https:\/\/www.mundoagropecuario.cl\/new\/prochile-y-fedefruta-se-unen-para-eenexpro-fruittrade-alimentos-y-futuro\/","title":{"rendered":"ProChile y Fedefruta se unen para eEnexpro Fruittrade Alimentos y Futuro"},"content":{"rendered":"<blockquote>\n<h2><span style=\"color: #003300;\">Este lunes 25 se da inicio al evento de negocios m\u00e1s importante de la industria exportadora de alimentos del pa\u00eds, que tendr\u00e1 paneles, talleres y una rueda de negocios para las empresas del sector.<\/span><\/h2>\n<\/blockquote>\n<p>Debatir sobre nuevas tendencias en la industria de alimentos, es parte del foco que tendr\u00e1 este a\u00f1o eEnexpro Fruittrade 2021: Alimentos y Futuro que comienza este 25 de octubre y tendr\u00e1 talleres y paneles para todo p\u00fablico, junto con una rueda de negocios realizada en conjunto por ProChile y Fedefruta.<\/p>\n<p>El martes 26 a las 10:15 de la ma\u00f1ana se realizar\u00e1 la inauguraci\u00f3n del evento en la que estar\u00e1n presentes el Director General de ProChile, Jorge O\u2019Ryan, y el Presidente de Fedefruta, Jorge Valenzuela. En la misma instancia se llevar\u00e1 a cabo el conversatorio \u201cAlimentos de Chile al mundo: Calidad, Innovaci\u00f3n y Futuro\u201d, en el que participa la Agencia Chilena para la inocuidad y Calidad Alimentaria (Achipia); la empresa The Live Green Co; la gerencia de log\u00edstica del Puerto de Valpara\u00edso, y la empresa Green and Fresh, importadora de productos chilenos en Colombia.<\/p>\n<p>Adem\u00e1s, el martes 26 de octubre a las 11:15 se realizar\u00e1 un taller sobre el futuro de los alimentos y la log\u00edstica, el que tendr\u00e1 como expositores a la empresa Maersk e Innova Markert Insights. Asimismo, el jueves 28 de octubre se realizar\u00e1 otro taller sobre las tendencias y oportunidades para la innovaci\u00f3n alimentaria en Argentina, dictado por el Director de Posgrado de Agronegocios y alimentos de la Universidad de Buenos Aires.<\/p>\n<p>En el marco de eEnexpro tambi\u00e9n se realizar\u00e1 el Araucan\u00eda Day que abordar\u00e1 las oportunidades en Centroam\u00e9rica y El Caribe para las empresas de esa regi\u00f3n. En esta actividad participar\u00e1 el Director Comercial de ProChile en Panam\u00e1, Carlos Rivas, un importador de alimentos del mercado y el Seremi de Hacienda de la Regi\u00f3n de La Araucan\u00eda, Patrick Dungan.<\/p>\n<p>Todas las actividades son p\u00fablicas y quienes quieran participar pueden inscribirse en el siguiente link: https:\/\/convocatorias.prochile.cl\/formulario\/enexpro-fruittrade-alimentos-y-futuro-2021<\/p>\n<p>Para la rueda de negocios, la convocatoria ya fue cerrada y en ella participar\u00e1n m\u00e1s de 230 importadores de unos 30 mercados y 216 exportadores chilenos de los sectores de fruta fresca, ap\u00edcola, agroindustria y proveedores de servicios para el agro.<\/p>\n","protected":false},"excerpt":{"rendered":"<p>El martes 26 a las 10:15 de la ma\u00f1ana se realizar\u00e1 la inauguraci\u00f3n del evento en la que estar\u00e1n presentes el Director General de ProChile, Jorge O\u2019Ryan, y el Presidente de Fedefruta, Jorge Valenzuela<\/p>\n","protected":false},"author":2,"featured_media":20679,"comment_status":"closed","ping_status":"closed","sticky":false,"template":"","format":"standard","meta":{"footnotes":""},"categories":[1945],"tags":[6454,6453,1105,2095,4365,2245,601],"class_list":["post-20678","post","type-post","status-publish","format-standard","has-post-thumbnail","hentry","category-agricultura","tag-eenexpro","tag-enexpro-fruittrade","tag-exportaciones","tag-fedefruta","tag-fedefrutas","tag-frutas","tag-prochile"],"yoast_head":"<!-- This site is optimized with the Yoast SEO plugin v26.6 - https:\/\/yoast.com\/wordpress\/plugins\/seo\/ -->\n<title>ProChile y Fedefruta se unen para eEnexpro Fruittrade Alimentos y Futuro - Mundoagropecuario<\/title>\n<meta name=\"description\" content=\"El martes 26 a las 10:15 de la ma\u00f1ana se realizar\u00e1 la inauguraci\u00f3n del evento en la que estar\u00e1n presentes el Director General de ProChile\" \/>\n<meta name=\"robots\" content=\"index, follow, max-snippet:-1, max-image-preview:large, max-video-preview:-1\" \/>\n<link rel=\"canonical\" href=\"https:\/\/www.mundoagropecuario.cl\/new\/prochile-y-fedefruta-se-unen-para-eenexpro-fruittrade-alimentos-y-futuro\/\" \/>\n<meta property=\"og:locale\" content=\"es_ES\" \/>\n<meta property=\"og:type\" content=\"article\" \/>\n<meta property=\"og:title\" content=\"ProChile y Fedefruta se unen para eEnexpro Fruittrade Alimentos y Futuro - Mundoagropecuario\" \/>\n<meta property=\"og:description\" content=\"El martes 26 a las 10:15 de la ma\u00f1ana se realizar\u00e1 la inauguraci\u00f3n del evento en la que estar\u00e1n presentes el Director General de ProChile\" \/>\n<meta property=\"og:url\" content=\"https:\/\/www.mundoagropecuario.cl\/new\/prochile-y-fedefruta-se-unen-para-eenexpro-fruittrade-alimentos-y-futuro\/\" \/>\n<meta property=\"og:site_name\" content=\"Mundoagropecuario\" \/>\n<meta property=\"article:publisher\" content=\"https:\/\/www.facebook.com\/mundo.agropecuario.3\" \/>\n<meta property=\"article:published_time\" content=\"2021-10-22T14:56:37+00:00\" \/>\n<meta property=\"article:modified_time\" content=\"2021-10-25T13:41:44+00:00\" \/>\n<meta property=\"og:image\" content=\"https:\/\/www.mundoagropecuario.cl\/new\/wp-content\/uploads\/2021\/10\/Asoex-ProChile-.png\" \/>\n\t<meta property=\"og:image:width\" content=\"900\" \/>\n\t<meta property=\"og:image:height\" content=\"600\" \/>\n\t<meta property=\"og:image:type\" content=\"image\/png\" \/>\n<meta name=\"author\" content=\"mundo\" \/>\n<meta name=\"twitter:card\" content=\"summary_large_image\" \/>\n<meta name=\"twitter:creator\" content=\"@MundoAgropecuar\" \/>\n<meta name=\"twitter:site\" content=\"@MundoAgropecuar\" \/>\n<meta name=\"twitter:label1\" content=\"Escrito por\" \/>\n\t<meta name=\"twitter:data1\" content=\"mundo\" \/>\n\t<meta name=\"twitter:label2\" content=\"Tiempo de lectura\" \/>\n\t<meta name=\"twitter:data2\" content=\"2 minutos\" \/>\n<script type=\"application\/ld+json\" class=\"yoast-schema-graph\">{\"@context\":\"https:\/\/schema.org\",\"@graph\":[{\"@type\":\"Article\",\"@id\":\"https:\/\/www.mundoagropecuario.cl\/new\/prochile-y-fedefruta-se-unen-para-eenexpro-fruittrade-alimentos-y-futuro\/#article\",\"isPartOf\":{\"@id\":\"https:\/\/www.mundoagropecuario.cl\/new\/prochile-y-fedefruta-se-unen-para-eenexpro-fruittrade-alimentos-y-futuro\/\"},\"author\":{\"name\":\"mundo\",\"@id\":\"https:\/\/www.mundoagropecuario.cl\/new\/#\/schema\/person\/4e9f74a82a7dac260eb1c44b7eebeb18\"},\"headline\":\"ProChile y Fedefruta se unen para eEnexpro Fruittrade Alimentos y Futuro\",\"datePublished\":\"2021-10-22T14:56:37+00:00\",\"dateModified\":\"2021-10-25T13:41:44+00:00\",\"mainEntityOfPage\":{\"@id\":\"https:\/\/www.mundoagropecuario.cl\/new\/prochile-y-fedefruta-se-unen-para-eenexpro-fruittrade-alimentos-y-futuro\/\"},\"wordCount\":393,\"publisher\":{\"@id\":\"https:\/\/www.mundoagropecuario.cl\/new\/#organization\"},\"image\":{\"@id\":\"https:\/\/www.mundoagropecuario.cl\/new\/prochile-y-fedefruta-se-unen-para-eenexpro-fruittrade-alimentos-y-futuro\/#primaryimage\"},\"thumbnailUrl\":\"https:\/\/www.mundoagropecuario.cl\/new\/wp-content\/uploads\/2021\/10\/Asoex-ProChile-.png\",\"keywords\":[\"eEnexpro\",\"Enexpro Fruittrade\",\"Exportaciones\",\"Fedefruta\",\"Fedefrutas\",\"Frutas\",\"ProChile\"],\"articleSection\":[\"Agricultura\"],\"inLanguage\":\"es\"},{\"@type\":\"WebPage\",\"@id\":\"https:\/\/www.mundoagropecuario.cl\/new\/prochile-y-fedefruta-se-unen-para-eenexpro-fruittrade-alimentos-y-futuro\/\",\"url\":\"https:\/\/www.mundoagropecuario.cl\/new\/prochile-y-fedefruta-se-unen-para-eenexpro-fruittrade-alimentos-y-futuro\/\",\"name\":\"ProChile y Fedefruta se unen para eEnexpro Fruittrade Alimentos y Futuro - Mundoagropecuario\",\"isPartOf\":{\"@id\":\"https:\/\/www.mundoagropecuario.cl\/new\/#website\"},\"primaryImageOfPage\":{\"@id\":\"https:\/\/www.mundoagropecuario.cl\/new\/prochile-y-fedefruta-se-unen-para-eenexpro-fruittrade-alimentos-y-futuro\/#primaryimage\"},\"image\":{\"@id\":\"https:\/\/www.mundoagropecuario.cl\/new\/prochile-y-fedefruta-se-unen-para-eenexpro-fruittrade-alimentos-y-futuro\/#primaryimage\"},\"thumbnailUrl\":\"https:\/\/www.mundoagropecuario.cl\/new\/wp-content\/uploads\/2021\/10\/Asoex-ProChile-.png\",\"datePublished\":\"2021-10-22T14:56:37+00:00\",\"dateModified\":\"2021-10-25T13:41:44+00:00\",\"description\":\"El martes 26 a las 10:15 de la ma\u00f1ana se realizar\u00e1 la inauguraci\u00f3n del evento en la que estar\u00e1n presentes el Director General de ProChile\",\"breadcrumb\":{\"@id\":\"https:\/\/www.mundoagropecuario.cl\/new\/prochile-y-fedefruta-se-unen-para-eenexpro-fruittrade-alimentos-y-futuro\/#breadcrumb\"},\"inLanguage\":\"es\",\"potentialAction\":[{\"@type\":\"ReadAction\",\"target\":[\"https:\/\/www.mundoagropecuario.cl\/new\/prochile-y-fedefruta-se-unen-para-eenexpro-fruittrade-alimentos-y-futuro\/\"]}]},{\"@type\":\"ImageObject\",\"inLanguage\":\"es\",\"@id\":\"https:\/\/www.mundoagropecuario.cl\/new\/prochile-y-fedefruta-se-unen-para-eenexpro-fruittrade-alimentos-y-futuro\/#primaryimage\",\"url\":\"https:\/\/www.mundoagropecuario.cl\/new\/wp-content\/uploads\/2021\/10\/Asoex-ProChile-.png\",\"contentUrl\":\"https:\/\/www.mundoagropecuario.cl\/new\/wp-content\/uploads\/2021\/10\/Asoex-ProChile-.png\",\"width\":600,\"height\":400},{\"@type\":\"BreadcrumbList\",\"@id\":\"https:\/\/www.mundoagropecuario.cl\/new\/prochile-y-fedefruta-se-unen-para-eenexpro-fruittrade-alimentos-y-futuro\/#breadcrumb\",\"itemListElement\":[{\"@type\":\"ListItem\",\"position\":1,\"name\":\"Portada\",\"item\":\"https:\/\/www.mundoagropecuario.cl\/new\/\"},{\"@type\":\"ListItem\",\"position\":2,\"name\":\"ProChile y Fedefruta se unen para eEnexpro Fruittrade Alimentos y Futuro\"}]},{\"@type\":\"WebSite\",\"@id\":\"https:\/\/www.mundoagropecuario.cl\/new\/#website\",\"url\":\"https:\/\/www.mundoagropecuario.cl\/new\/\",\"name\":\"Mundoagropecuario\",\"description\":\"Mundo Agropecuario\",\"publisher\":{\"@id\":\"https:\/\/www.mundoagropecuario.cl\/new\/#organization\"},\"potentialAction\":[{\"@type\":\"SearchAction\",\"target\":{\"@type\":\"EntryPoint\",\"urlTemplate\":\"https:\/\/www.mundoagropecuario.cl\/new\/?s={search_term_string}\"},\"query-input\":{\"@type\":\"PropertyValueSpecification\",\"valueRequired\":true,\"valueName\":\"search_term_string\"}}],\"inLanguage\":\"es\"},{\"@type\":\"Organization\",\"@id\":\"https:\/\/www.mundoagropecuario.cl\/new\/#organization\",\"name\":\"Revista de Agricultura\",\"url\":\"https:\/\/www.mundoagropecuario.cl\/new\/\",\"logo\":{\"@type\":\"ImageObject\",\"inLanguage\":\"es\",\"@id\":\"https:\/\/www.mundoagropecuario.cl\/new\/#\/schema\/logo\/image\/\",\"url\":\"https:\/\/www.mundoagropecuario.cl\/new\/wp-content\/uploads\/2020\/11\/PORTAL-1-1.png\",\"contentUrl\":\"https:\/\/www.mundoagropecuario.cl\/new\/wp-content\/uploads\/2020\/11\/PORTAL-1-1.png\",\"width\":1026,\"height\":100,\"caption\":\"Revista de Agricultura\"},\"image\":{\"@id\":\"https:\/\/www.mundoagropecuario.cl\/new\/#\/schema\/logo\/image\/\"},\"sameAs\":[\"https:\/\/www.facebook.com\/mundo.agropecuario.3\",\"https:\/\/x.com\/MundoAgropecuar\",\"https:\/\/www.linkedin.com\/in\/mundo-agropecuario-934009201\/\"]},{\"@type\":\"Person\",\"@id\":\"https:\/\/www.mundoagropecuario.cl\/new\/#\/schema\/person\/4e9f74a82a7dac260eb1c44b7eebeb18\",\"name\":\"mundo\",\"url\":\"https:\/\/www.mundoagropecuario.cl\/new\/author\/mundo\/\"}]}<\/script>\n<!-- \/ Yoast SEO plugin. -->","yoast_head_json":{"title":"ProChile y Fedefruta se unen para eEnexpro Fruittrade Alimentos y Futuro - Mundoagropecuario","description":"El martes 26 a las 10:15 de la ma\u00f1ana se realizar\u00e1 la inauguraci\u00f3n del evento en la que estar\u00e1n presentes el Director General de ProChile","robots":{"index":"index","follow":"follow","max-snippet":"max-snippet:-1","max-image-preview":"max-image-preview:large","max-video-preview":"max-video-preview:-1"},"canonical":"https:\/\/www.mundoagropecuario.cl\/new\/prochile-y-fedefruta-se-unen-para-eenexpro-fruittrade-alimentos-y-futuro\/","og_locale":"es_ES","og_type":"article","og_title":"ProChile y Fedefruta se unen para eEnexpro Fruittrade Alimentos y Futuro - Mundoagropecuario","og_description":"El martes 26 a las 10:15 de la ma\u00f1ana se realizar\u00e1 la inauguraci\u00f3n del evento en la que estar\u00e1n presentes el Director General de ProChile","og_url":"https:\/\/www.mundoagropecuario.cl\/new\/prochile-y-fedefruta-se-unen-para-eenexpro-fruittrade-alimentos-y-futuro\/","og_site_name":"Mundoagropecuario","article_publisher":"https:\/\/www.facebook.com\/mundo.agropecuario.3","article_published_time":"2021-10-22T14:56:37+00:00","article_modified_time":"2021-10-25T13:41:44+00:00","og_image":[{"width":900,"height":600,"url":"https:\/\/www.mundoagropecuario.cl\/new\/wp-content\/uploads\/2021\/10\/Asoex-ProChile-.png","type":"image\/png"}],"author":"mundo","twitter_card":"summary_large_image","twitter_creator":"@MundoAgropecuar","twitter_site":"@MundoAgropecuar","twitter_misc":{"Escrito por":"mundo","Tiempo de lectura":"2 minutos"},"schema":{"@context":"https:\/\/schema.org","@graph":[{"@type":"Article","@id":"https:\/\/www.mundoagropecuario.cl\/new\/prochile-y-fedefruta-se-unen-para-eenexpro-fruittrade-alimentos-y-futuro\/#article","isPartOf":{"@id":"https:\/\/www.mundoagropecuario.cl\/new\/prochile-y-fedefruta-se-unen-para-eenexpro-fruittrade-alimentos-y-futuro\/"},"author":{"name":"mundo","@id":"https:\/\/www.mundoagropecuario.cl\/new\/#\/schema\/person\/4e9f74a82a7dac260eb1c44b7eebeb18"},"headline":"ProChile y Fedefruta se unen para eEnexpro Fruittrade Alimentos y Futuro","datePublished":"2021-10-22T14:56:37+00:00","dateModified":"2021-10-25T13:41:44+00:00","mainEntityOfPage":{"@id":"https:\/\/www.mundoagropecuario.cl\/new\/prochile-y-fedefruta-se-unen-para-eenexpro-fruittrade-alimentos-y-futuro\/"},"wordCount":393,"publisher":{"@id":"https:\/\/www.mundoagropecuario.cl\/new\/#organization"},"image":{"@id":"https:\/\/www.mundoagropecuario.cl\/new\/prochile-y-fedefruta-se-unen-para-eenexpro-fruittrade-alimentos-y-futuro\/#primaryimage"},"thumbnailUrl":"https:\/\/www.mundoagropecuario.cl\/new\/wp-content\/uploads\/2021\/10\/Asoex-ProChile-.png","keywords":["eEnexpro","Enexpro Fruittrade","Exportaciones","Fedefruta","Fedefrutas","Frutas","ProChile"],"articleSection":["Agricultura"],"inLanguage":"es"},{"@type":"WebPage","@id":"https:\/\/www.mundoagropecuario.cl\/new\/prochile-y-fedefruta-se-unen-para-eenexpro-fruittrade-alimentos-y-futuro\/","url":"https:\/\/www.mundoagropecuario.cl\/new\/prochile-y-fedefruta-se-unen-para-eenexpro-fruittrade-alimentos-y-futuro\/","name":"ProChile y Fedefruta se unen para eEnexpro Fruittrade Alimentos y Futuro - Mundoagropecuario","isPartOf":{"@id":"https:\/\/www.mundoagropecuario.cl\/new\/#website"},"primaryImageOfPage":{"@id":"https:\/\/www.mundoagropecuario.cl\/new\/prochile-y-fedefruta-se-unen-para-eenexpro-fruittrade-alimentos-y-futuro\/#primaryimage"},"image":{"@id":"https:\/\/www.mundoagropecuario.cl\/new\/prochile-y-fedefruta-se-unen-para-eenexpro-fruittrade-alimentos-y-futuro\/#primaryimage"},"thumbnailUrl":"https:\/\/www.mundoagropecuario.cl\/new\/wp-content\/uploads\/2021\/10\/Asoex-ProChile-.png","datePublished":"2021-10-22T14:56:37+00:00","dateModified":"2021-10-25T13:41:44+00:00","description":"El martes 26 a las 10:15 de la ma\u00f1ana se realizar\u00e1 la inauguraci\u00f3n del evento en la que estar\u00e1n presentes el Director General de ProChile","breadcrumb":{"@id":"https:\/\/www.mundoagropecuario.cl\/new\/prochile-y-fedefruta-se-unen-para-eenexpro-fruittrade-alimentos-y-futuro\/#breadcrumb"},"inLanguage":"es","potentialAction":[{"@type":"ReadAction","target":["https:\/\/www.mundoagropecuario.cl\/new\/prochile-y-fedefruta-se-unen-para-eenexpro-fruittrade-alimentos-y-futuro\/"]}]},{"@type":"ImageObject","inLanguage":"es","@id":"https:\/\/www.mundoagropecuario.cl\/new\/prochile-y-fedefruta-se-unen-para-eenexpro-fruittrade-alimentos-y-futuro\/#primaryimage","url":"https:\/\/www.mundoagropecuario.cl\/new\/wp-content\/uploads\/2021\/10\/Asoex-ProChile-.png","contentUrl":"https:\/\/www.mundoagropecuario.cl\/new\/wp-content\/uploads\/2021\/10\/Asoex-ProChile-.png","width":600,"height":400},{"@type":"BreadcrumbList","@id":"https:\/\/www.mundoagropecuario.cl\/new\/prochile-y-fedefruta-se-unen-para-eenexpro-fruittrade-alimentos-y-futuro\/#breadcrumb","itemListElement":[{"@type":"ListItem","position":1,"name":"Portada","item":"https:\/\/www.mundoagropecuario.cl\/new\/"},{"@type":"ListItem","position":2,"name":"ProChile y Fedefruta se unen para eEnexpro Fruittrade Alimentos y Futuro"}]},{"@type":"WebSite","@id":"https:\/\/www.mundoagropecuario.cl\/new\/#website","url":"https:\/\/www.mundoagropecuario.cl\/new\/","name":"Mundoagropecuario","description":"Mundo Agropecuario","publisher":{"@id":"https:\/\/www.mundoagropecuario.cl\/new\/#organization"},"potentialAction":[{"@type":"SearchAction","target":{"@type":"EntryPoint","urlTemplate":"https:\/\/www.mundoagropecuario.cl\/new\/?s={search_term_string}"},"query-input":{"@type":"PropertyValueSpecification","valueRequired":true,"valueName":"search_term_string"}}],"inLanguage":"es"},{"@type":"Organization","@id":"https:\/\/www.mundoagropecuario.cl\/new\/#organization","name":"Revista de Agricultura","url":"https:\/\/www.mundoagropecuario.cl\/new\/","logo":{"@type":"ImageObject","inLanguage":"es","@id":"https:\/\/www.mundoagropecuario.cl\/new\/#\/schema\/logo\/image\/","url":"https:\/\/www.mundoagropecuario.cl\/new\/wp-content\/uploads\/2020\/11\/PORTAL-1-1.png","contentUrl":"https:\/\/www.mundoagropecuario.cl\/new\/wp-content\/uploads\/2020\/11\/PORTAL-1-1.png","width":1026,"height":100,"caption":"Revista de Agricultura"},"image":{"@id":"https:\/\/www.mundoagropecuario.cl\/new\/#\/schema\/logo\/image\/"},"sameAs":["https:\/\/www.facebook.com\/mundo.agropecuario.3","https:\/\/x.com\/MundoAgropecuar","https:\/\/www.linkedin.com\/in\/mundo-agropecuario-934009201\/"]},{"@type":"Person","@id":"https:\/\/www.mundoagropecuario.cl\/new\/#\/schema\/person\/4e9f74a82a7dac260eb1c44b7eebeb18","name":"mundo","url":"https:\/\/www.mundoagropecuario.cl\/new\/author\/mundo\/"}]}},"_links":{"self":[{"href":"https:\/\/www.mundoagropecuario.cl\/new\/wp-json\/wp\/v2\/posts\/20678","targetHints":{"allow":["GET"]}}],"collection":[{"href":"https:\/\/www.mundoagropecuario.cl\/new\/wp-json\/wp\/v2\/posts"}],"about":[{"href":"https:\/\/www.mundoagropecuario.cl\/new\/wp-json\/wp\/v2\/types\/post"}],"author":[{"embeddable":true,"href":"https:\/\/www.mundoagropecuario.cl\/new\/wp-json\/wp\/v2\/users\/2"}],"replies":[{"embeddable":true,"href":"https:\/\/www.mundoagropecuario.cl\/new\/wp-json\/wp\/v2\/comments?post=20678"}],"version-history":[{"count":1,"href":"https:\/\/www.mundoagropecuario.cl\/new\/wp-json\/wp\/v2\/posts\/20678\/revisions"}],"predecessor-version":[{"id":20680,"href":"https:\/\/www.mundoagropecuario.cl\/new\/wp-json\/wp\/v2\/posts\/20678\/revisions\/20680"}],"wp:featuredmedia":[{"embeddable":true,"href":"https:\/\/www.mundoagropecuario.cl\/new\/wp-json\/wp\/v2\/media\/20679"}],"wp:attachment":[{"href":"https:\/\/www.mundoagropecuario.cl\/new\/wp-json\/wp\/v2\/media?parent=20678"}],"wp:term":[{"taxonomy":"category","embeddable":true,"href":"https:\/\/www.mundoagropecuario.cl\/new\/wp-json\/wp\/v2\/categories?post=20678"},{"taxonomy":"post_tag","embeddable":true,"href":"https:\/\/www.mundoagropecuario.cl\/new\/wp-json\/wp\/v2\/tags?post=20678"}],"curies":[{"name":"wp","href":"https:\/\/api.w.org\/{rel}","templated":true}]}}