{"id":20566,"date":"2021-10-12T12:12:41","date_gmt":"2021-10-12T15:12:41","guid":{"rendered":"https:\/\/www.mundoagropecuario.cl\/new\/?p=20566"},"modified":"2021-10-15T11:02:54","modified_gmt":"2021-10-15T14:02:54","slug":"declaran-admisible-demanda-de-odecu-en-contra-bayer-por-herbicida-cancerigeno","status":"publish","type":"post","link":"https:\/\/www.mundoagropecuario.cl\/new\/declaran-admisible-demanda-de-odecu-en-contra-bayer-por-herbicida-cancerigeno\/","title":{"rendered":"Declaran admisible demanda de ODECU en contra BAYER por herbicida cancer\u00edgeno"},"content":{"rendered":"<blockquote>\n<h2><span style=\"color: #333300;\">Como precedente, la empresa de origen alem\u00e1n retir\u00f3 el producto qu\u00edmico Roundup del mercado mundial, al comprobarse sus nefastas secuelas para la salud humana y decidi\u00f3, en el marco de 127 mil litigios que se hab\u00edan entablado en Estados Unidos, compensar a los afectados locales.<\/span><\/h2>\n<\/blockquote>\n<p>El 22\u00b0 Juzgado Civil de Santiago declar\u00f3 admisible (existen m\u00e9ritos suficientes para iniciar el juicio) la Demanda Colectiva interpuesta por ODECU en contra de los representantes locales del gigante mundial BAYER por los efectos que produjo, en millones de personas expuestas, su herbicida Roundup.<\/p>\n<p><a href=\"https:\/\/www.mundoagropecuario.cl\/new\/wp-content\/uploads\/2021\/10\/Bayer-Roundup-.jpeg\"><img loading=\"lazy\" decoding=\"async\" class=\" wp-image-20567 alignleft\" src=\"https:\/\/www.mundoagropecuario.cl\/new\/wp-content\/uploads\/2021\/10\/Bayer-Roundup--586x330.jpeg\" alt=\"\" width=\"512\" height=\"319\" \/><\/a>Seg\u00fan los argumentos legales de ODECU expuestos en la Demanda Colectiva, el da\u00f1o causado \u201cproviene del lento -envenenamiento cancer\u00edgeno- producido por el glifosato y los productos qu\u00edmicos del Roundup, que es elaborado por BAYER y distribuido y comercializado en Chile por BAYER Chile S.A. y Arysta LifeScience S.A., las demandadas, y sufrido por los trabajadores, consumidores y usuarios expuestos al Roundup. Dicho da\u00f1o tiene asimismo su origen en una conducta que constituye infracci\u00f3n a los deberes del proveedor en el contexto de la Ley de Protecci\u00f3n de Derechos del Consumidor chilena, de ah\u00ed la pertinencia de la presente acci\u00f3n en defensa del inter\u00e9s difuso de los consumidores\u201d. De acuerdo al presidente de ODECU, Stefan Larenas, \u201clos afectados por el herbicida Roundup en Chile tienen los mismos derechos a justicia y compensaci\u00f3n que quienes fueron expuestos en Estados Unidos o Europa, donde BAYER ya reconoci\u00f3 judicialmente su responsabilidad, como sucesora de Monsanto\u201d.<\/p>\n<p>El Glifosato (comercializado por Bayer como Roundup) es de uso masivo en los cultivos agr\u00edcolas de nuestro pa\u00eds. La prevalencia de c\u00e1ncer g\u00e1strico y de tiroides, que son los m\u00e1s asociados al uso del Glifosato, es significativamente mayor en las zonas donde se usa el qu\u00edmico como herbicida. Dada esta realidad, es posible que exista una relaci\u00f3n causal, como la que comprobaron los tribunales estadounidenses en sus fallos relacionados con este tema, y que la propia empresa quiso superar logrando el acuerdo compensatorio con los miles de afectados en ese pa\u00eds. Ante estos antecedentes, la autoridad agr\u00edcola y sanitaria chilena decret\u00f3 la prohibici\u00f3n de importaci\u00f3n del Roundup, pero no la comercializaci\u00f3n de los stocks a\u00fan existentes en el pa\u00eds. Por lo que, seg\u00fan el abogado del estudio jur\u00eddico P\u00e9rez Donoso, Juan Sebasti\u00e1n Reyes, habr\u00eda tambi\u00e9n un accionar negligente en ese aspecto: \u201cEs impresentable que tanto el SAG como la autoridad de salud hayan autorizado la venta de los stocks disponibles, sin considerar que el herbicida es extremadamente peligroso y cancer\u00edgeno\u201d.<\/p>\n<p>Ante esta realidad, ODECU demand\u00f3 la compensaci\u00f3n por los perjuicios a la salud causados por el herbicida de BAYER, a trav\u00e9s del pago de 100 millones de pesos por el da\u00f1o f\u00edsico y 100 millones por el da\u00f1o moral, para cada uno de los enfermos que padezcan alguno de los tipos de c\u00e1ncer asociados al Roundup y que pudiesen haber sido expuestos a ese agente qu\u00edmico. Seg\u00fan el presidente de ODECU, Stefan Larenas, estar\u00edamos frente a un universo difuso y, probablemente, muy masivo de personas afectadas: \u201cQueremos hacer un llamado a quienes tengan alg\u00fan tipo de c\u00e1ncer asociado a la exposici\u00f3n al Roundup, a que se pongan en contacto con ODECU, para informar con m\u00e1s detalles de esta acci\u00f3n legal\u201d. Para esto, ya se puso a disposici\u00f3n de los potenciales afectados un banner en la p\u00e1gina oficial de la organizaci\u00f3n: www.odecu.cl.<\/p>\n<p><strong><span style=\"color: #333300;\">Antecedentes internacionales:<\/span><\/strong><\/p>\n<p>En el a\u00f1o 2015 la Agencia Internacional para la Investigaci\u00f3n del C\u00e1ncer de la Organizaci\u00f3n Mundial de la Salud determin\u00f3 que el Glifosato, que es uno de los ingredientes activos del herbicida Roundup (comercializado originalmente por Monsanto, que fue adquirida posteriormente por Bayer), es una sustancia \u201cprobablemente cancer\u00edgena\u201d para los humanos. A esto se sum\u00f3 que, en el a\u00f1o 2016, un informe conjunto de la OMS y la ONU determin\u00f3 que algunas investigaciones suger\u00edan \u201calguna evidencia de una asociaci\u00f3n positiva entre la exposici\u00f3n al glifosato y el riesgo de linfoma no Hodgkin\u201d. Fue a partir de estos dos antecedentes que comenzaron a proliferar en Estados Unidos litigios individuales y una demanda colectiva por el da\u00f1o causado a cientos de miles de personas que estuvieron expuestos al Glifosato, comercializado como Roundup por Bayer. \u201cEste es un caso de repercusiones mundiales, donde la empresa Bayer, que compr\u00f3 a Monsanto en medio de este esc\u00e1ndalo, ya ha reconocido que su herbicida Roundup, efectivamente, puede ser cancer\u00edgeno y decidi\u00f3 compensar a los miles de afectados en Estados Unidos y Europa\u201d, afirma el abogado de ODECU Juan Sebasti\u00e1n Reyes.<\/p>\n<p>En enero de 2019 un jurado de la ciudad de San Francisco (EE.UU.) determin\u00f3 que un herbicida basado en glifosato fue &#8220;un factor sustancial&#8221; en la aparici\u00f3n de c\u00e1ncer en Edwin Hardeman, un hombre de 70 a\u00f1os, residente en el condado de Sonoma, California. Este fallo le dio mayor fuerza a la causa de los enfermos de c\u00e1ncer afectados por el Roundup, y posicion\u00f3 esta tem\u00e1tica en medio del proceso de adquisici\u00f3n de Monsanto por parte de Bayer. Fue as\u00ed como el gigante qu\u00edmico-farmac\u00e9utico alem\u00e1n comenz\u00f3 a negociar acuerdos compensatorios con los demandantes, hasta lograr concretarlo \u2013el 25 de junio pasado- con el 75% de los 125 mil litigios vigentes, incluyendo una demanda colectiva. Es as\u00ed como la multinacional se comprometi\u00f3 a pagar cerca de 11 mil millones de d\u00f3lares en compensaciones, lo que significar\u00e1 que cada afectado recibir\u00e1 cerca de cien mil d\u00f3lares.<\/p>\n<p>Tras este acuerdo compensatorio, tom\u00f3 mayor fuerza la causa de 20 enfermos de c\u00e1ncer de Puerto Rico, que tambi\u00e9n hab\u00edan demandado a Bayer ante tribunales locales. Otro tanto puede pasar en pa\u00edses donde se ha usado profusamente el Roundup, por sus caracter\u00edsticas de cultivos, como en el caso de Argentina, Brasil, Australia y varias naciones de Europa y Asia.<\/p>\n","protected":false},"excerpt":{"rendered":"<p>El 22\u00b0 Juzgado Civil de Santiago, declar\u00f3 admisible la Demanda Colectiva interpuesta por ODECU en contra de los representantes locales del BAYER por los efectos que produjo su herbicida Roundup.<\/p>\n","protected":false},"author":2,"featured_media":20568,"comment_status":"closed","ping_status":"closed","sticky":false,"template":"","format":"standard","meta":{"footnotes":""},"categories":[1950],"tags":[2090,3127,2060,6419,6418,5217],"class_list":["post-20566","post","type-post","status-publish","format-standard","has-post-thumbnail","hentry","category-empresa","tag-agricultura","tag-agro","tag-bayer","tag-el-glifosato","tag-herbicida-cancerigeno","tag-odecu"],"yoast_head":"<!-- This site is optimized with the Yoast SEO plugin v26.6 - https:\/\/yoast.com\/wordpress\/plugins\/seo\/ -->\n<title>Declaran admisible demanda de ODECU en contra BAYER por herbicida cancer\u00edgeno - Mundoagropecuario<\/title>\n<meta name=\"description\" content=\"El 22\u00b0 Juzgado Civil, declar\u00f3 admisible la Demanda Colectiva interpuesta por ODECU en contra de los representantes locales del BAYER\" \/>\n<meta name=\"robots\" content=\"index, follow, max-snippet:-1, max-image-preview:large, max-video-preview:-1\" \/>\n<link rel=\"canonical\" href=\"https:\/\/www.mundoagropecuario.cl\/new\/declaran-admisible-demanda-de-odecu-en-contra-bayer-por-herbicida-cancerigeno\/\" \/>\n<meta property=\"og:locale\" content=\"es_ES\" \/>\n<meta property=\"og:type\" content=\"article\" \/>\n<meta property=\"og:title\" content=\"Declaran admisible demanda de ODECU en contra BAYER por herbicida cancer\u00edgeno - Mundoagropecuario\" \/>\n<meta property=\"og:description\" content=\"El 22\u00b0 Juzgado Civil, declar\u00f3 admisible la Demanda Colectiva interpuesta por ODECU en contra de los representantes locales del BAYER\" \/>\n<meta property=\"og:url\" content=\"https:\/\/www.mundoagropecuario.cl\/new\/declaran-admisible-demanda-de-odecu-en-contra-bayer-por-herbicida-cancerigeno\/\" \/>\n<meta property=\"og:site_name\" content=\"Mundoagropecuario\" \/>\n<meta property=\"article:publisher\" content=\"https:\/\/www.facebook.com\/mundo.agropecuario.3\" \/>\n<meta property=\"article:published_time\" content=\"2021-10-12T15:12:41+00:00\" \/>\n<meta property=\"article:modified_time\" content=\"2021-10-15T14:02:54+00:00\" \/>\n<meta property=\"og:image\" content=\"https:\/\/www.mundoagropecuario.cl\/new\/wp-content\/uploads\/2021\/10\/Bayer-Glifosato-scaled.jpeg\" \/>\n\t<meta property=\"og:image:width\" content=\"1024\" \/>\n\t<meta property=\"og:image:height\" content=\"576\" \/>\n\t<meta property=\"og:image:type\" content=\"image\/jpeg\" \/>\n<meta name=\"author\" content=\"mundo\" \/>\n<meta name=\"twitter:card\" content=\"summary_large_image\" \/>\n<meta name=\"twitter:creator\" content=\"@MundoAgropecuar\" \/>\n<meta name=\"twitter:site\" content=\"@MundoAgropecuar\" \/>\n<meta name=\"twitter:label1\" content=\"Escrito por\" \/>\n\t<meta name=\"twitter:data1\" content=\"mundo\" \/>\n\t<meta name=\"twitter:label2\" content=\"Tiempo de lectura\" \/>\n\t<meta name=\"twitter:data2\" content=\"5 minutos\" \/>\n<script type=\"application\/ld+json\" class=\"yoast-schema-graph\">{\"@context\":\"https:\/\/schema.org\",\"@graph\":[{\"@type\":\"Article\",\"@id\":\"https:\/\/www.mundoagropecuario.cl\/new\/declaran-admisible-demanda-de-odecu-en-contra-bayer-por-herbicida-cancerigeno\/#article\",\"isPartOf\":{\"@id\":\"https:\/\/www.mundoagropecuario.cl\/new\/declaran-admisible-demanda-de-odecu-en-contra-bayer-por-herbicida-cancerigeno\/\"},\"author\":{\"name\":\"mundo\",\"@id\":\"https:\/\/www.mundoagropecuario.cl\/new\/#\/schema\/person\/4e9f74a82a7dac260eb1c44b7eebeb18\"},\"headline\":\"Declaran admisible demanda de ODECU en contra BAYER por herbicida cancer\u00edgeno\",\"datePublished\":\"2021-10-12T15:12:41+00:00\",\"dateModified\":\"2021-10-15T14:02:54+00:00\",\"mainEntityOfPage\":{\"@id\":\"https:\/\/www.mundoagropecuario.cl\/new\/declaran-admisible-demanda-de-odecu-en-contra-bayer-por-herbicida-cancerigeno\/\"},\"wordCount\":1025,\"publisher\":{\"@id\":\"https:\/\/www.mundoagropecuario.cl\/new\/#organization\"},\"image\":{\"@id\":\"https:\/\/www.mundoagropecuario.cl\/new\/declaran-admisible-demanda-de-odecu-en-contra-bayer-por-herbicida-cancerigeno\/#primaryimage\"},\"thumbnailUrl\":\"https:\/\/www.mundoagropecuario.cl\/new\/wp-content\/uploads\/2021\/10\/Bayer-Glifosato-scaled.jpeg\",\"keywords\":[\"Agricultura\",\"Agro\",\"Bayer\",\"El Glifosato\",\"herbicida cancer\u00edgeno\",\"ODECU\"],\"articleSection\":[\"Empresa\"],\"inLanguage\":\"es\"},{\"@type\":\"WebPage\",\"@id\":\"https:\/\/www.mundoagropecuario.cl\/new\/declaran-admisible-demanda-de-odecu-en-contra-bayer-por-herbicida-cancerigeno\/\",\"url\":\"https:\/\/www.mundoagropecuario.cl\/new\/declaran-admisible-demanda-de-odecu-en-contra-bayer-por-herbicida-cancerigeno\/\",\"name\":\"Declaran admisible demanda de ODECU en contra BAYER por herbicida cancer\u00edgeno - Mundoagropecuario\",\"isPartOf\":{\"@id\":\"https:\/\/www.mundoagropecuario.cl\/new\/#website\"},\"primaryImageOfPage\":{\"@id\":\"https:\/\/www.mundoagropecuario.cl\/new\/declaran-admisible-demanda-de-odecu-en-contra-bayer-por-herbicida-cancerigeno\/#primaryimage\"},\"image\":{\"@id\":\"https:\/\/www.mundoagropecuario.cl\/new\/declaran-admisible-demanda-de-odecu-en-contra-bayer-por-herbicida-cancerigeno\/#primaryimage\"},\"thumbnailUrl\":\"https:\/\/www.mundoagropecuario.cl\/new\/wp-content\/uploads\/2021\/10\/Bayer-Glifosato-scaled.jpeg\",\"datePublished\":\"2021-10-12T15:12:41+00:00\",\"dateModified\":\"2021-10-15T14:02:54+00:00\",\"description\":\"El 22\u00b0 Juzgado Civil, declar\u00f3 admisible la Demanda Colectiva interpuesta por ODECU en contra de los representantes locales del BAYER\",\"breadcrumb\":{\"@id\":\"https:\/\/www.mundoagropecuario.cl\/new\/declaran-admisible-demanda-de-odecu-en-contra-bayer-por-herbicida-cancerigeno\/#breadcrumb\"},\"inLanguage\":\"es\",\"potentialAction\":[{\"@type\":\"ReadAction\",\"target\":[\"https:\/\/www.mundoagropecuario.cl\/new\/declaran-admisible-demanda-de-odecu-en-contra-bayer-por-herbicida-cancerigeno\/\"]}]},{\"@type\":\"ImageObject\",\"inLanguage\":\"es\",\"@id\":\"https:\/\/www.mundoagropecuario.cl\/new\/declaran-admisible-demanda-de-odecu-en-contra-bayer-por-herbicida-cancerigeno\/#primaryimage\",\"url\":\"https:\/\/www.mundoagropecuario.cl\/new\/wp-content\/uploads\/2021\/10\/Bayer-Glifosato-scaled.jpeg\",\"contentUrl\":\"https:\/\/www.mundoagropecuario.cl\/new\/wp-content\/uploads\/2021\/10\/Bayer-Glifosato-scaled.jpeg\",\"width\":711,\"height\":400},{\"@type\":\"BreadcrumbList\",\"@id\":\"https:\/\/www.mundoagropecuario.cl\/new\/declaran-admisible-demanda-de-odecu-en-contra-bayer-por-herbicida-cancerigeno\/#breadcrumb\",\"itemListElement\":[{\"@type\":\"ListItem\",\"position\":1,\"name\":\"Portada\",\"item\":\"https:\/\/www.mundoagropecuario.cl\/new\/\"},{\"@type\":\"ListItem\",\"position\":2,\"name\":\"Declaran admisible demanda de ODECU en contra BAYER por herbicida cancer\u00edgeno\"}]},{\"@type\":\"WebSite\",\"@id\":\"https:\/\/www.mundoagropecuario.cl\/new\/#website\",\"url\":\"https:\/\/www.mundoagropecuario.cl\/new\/\",\"name\":\"Mundoagropecuario\",\"description\":\"Mundo Agropecuario\",\"publisher\":{\"@id\":\"https:\/\/www.mundoagropecuario.cl\/new\/#organization\"},\"potentialAction\":[{\"@type\":\"SearchAction\",\"target\":{\"@type\":\"EntryPoint\",\"urlTemplate\":\"https:\/\/www.mundoagropecuario.cl\/new\/?s={search_term_string}\"},\"query-input\":{\"@type\":\"PropertyValueSpecification\",\"valueRequired\":true,\"valueName\":\"search_term_string\"}}],\"inLanguage\":\"es\"},{\"@type\":\"Organization\",\"@id\":\"https:\/\/www.mundoagropecuario.cl\/new\/#organization\",\"name\":\"Revista de Agricultura\",\"url\":\"https:\/\/www.mundoagropecuario.cl\/new\/\",\"logo\":{\"@type\":\"ImageObject\",\"inLanguage\":\"es\",\"@id\":\"https:\/\/www.mundoagropecuario.cl\/new\/#\/schema\/logo\/image\/\",\"url\":\"https:\/\/www.mundoagropecuario.cl\/new\/wp-content\/uploads\/2020\/11\/PORTAL-1-1.png\",\"contentUrl\":\"https:\/\/www.mundoagropecuario.cl\/new\/wp-content\/uploads\/2020\/11\/PORTAL-1-1.png\",\"width\":1026,\"height\":100,\"caption\":\"Revista de Agricultura\"},\"image\":{\"@id\":\"https:\/\/www.mundoagropecuario.cl\/new\/#\/schema\/logo\/image\/\"},\"sameAs\":[\"https:\/\/www.facebook.com\/mundo.agropecuario.3\",\"https:\/\/x.com\/MundoAgropecuar\",\"https:\/\/www.linkedin.com\/in\/mundo-agropecuario-934009201\/\"]},{\"@type\":\"Person\",\"@id\":\"https:\/\/www.mundoagropecuario.cl\/new\/#\/schema\/person\/4e9f74a82a7dac260eb1c44b7eebeb18\",\"name\":\"mundo\",\"url\":\"https:\/\/www.mundoagropecuario.cl\/new\/author\/mundo\/\"}]}<\/script>\n<!-- \/ Yoast SEO plugin. -->","yoast_head_json":{"title":"Declaran admisible demanda de ODECU en contra BAYER por herbicida cancer\u00edgeno - Mundoagropecuario","description":"El 22\u00b0 Juzgado Civil, declar\u00f3 admisible la Demanda Colectiva interpuesta por ODECU en contra de los representantes locales del BAYER","robots":{"index":"index","follow":"follow","max-snippet":"max-snippet:-1","max-image-preview":"max-image-preview:large","max-video-preview":"max-video-preview:-1"},"canonical":"https:\/\/www.mundoagropecuario.cl\/new\/declaran-admisible-demanda-de-odecu-en-contra-bayer-por-herbicida-cancerigeno\/","og_locale":"es_ES","og_type":"article","og_title":"Declaran admisible demanda de ODECU en contra BAYER por herbicida cancer\u00edgeno - Mundoagropecuario","og_description":"El 22\u00b0 Juzgado Civil, declar\u00f3 admisible la Demanda Colectiva interpuesta por ODECU en contra de los representantes locales del BAYER","og_url":"https:\/\/www.mundoagropecuario.cl\/new\/declaran-admisible-demanda-de-odecu-en-contra-bayer-por-herbicida-cancerigeno\/","og_site_name":"Mundoagropecuario","article_publisher":"https:\/\/www.facebook.com\/mundo.agropecuario.3","article_published_time":"2021-10-12T15:12:41+00:00","article_modified_time":"2021-10-15T14:02:54+00:00","og_image":[{"width":1024,"height":576,"url":"https:\/\/www.mundoagropecuario.cl\/new\/wp-content\/uploads\/2021\/10\/Bayer-Glifosato-scaled.jpeg","type":"image\/jpeg"}],"author":"mundo","twitter_card":"summary_large_image","twitter_creator":"@MundoAgropecuar","twitter_site":"@MundoAgropecuar","twitter_misc":{"Escrito por":"mundo","Tiempo de lectura":"5 minutos"},"schema":{"@context":"https:\/\/schema.org","@graph":[{"@type":"Article","@id":"https:\/\/www.mundoagropecuario.cl\/new\/declaran-admisible-demanda-de-odecu-en-contra-bayer-por-herbicida-cancerigeno\/#article","isPartOf":{"@id":"https:\/\/www.mundoagropecuario.cl\/new\/declaran-admisible-demanda-de-odecu-en-contra-bayer-por-herbicida-cancerigeno\/"},"author":{"name":"mundo","@id":"https:\/\/www.mundoagropecuario.cl\/new\/#\/schema\/person\/4e9f74a82a7dac260eb1c44b7eebeb18"},"headline":"Declaran admisible demanda de ODECU en contra BAYER por herbicida cancer\u00edgeno","datePublished":"2021-10-12T15:12:41+00:00","dateModified":"2021-10-15T14:02:54+00:00","mainEntityOfPage":{"@id":"https:\/\/www.mundoagropecuario.cl\/new\/declaran-admisible-demanda-de-odecu-en-contra-bayer-por-herbicida-cancerigeno\/"},"wordCount":1025,"publisher":{"@id":"https:\/\/www.mundoagropecuario.cl\/new\/#organization"},"image":{"@id":"https:\/\/www.mundoagropecuario.cl\/new\/declaran-admisible-demanda-de-odecu-en-contra-bayer-por-herbicida-cancerigeno\/#primaryimage"},"thumbnailUrl":"https:\/\/www.mundoagropecuario.cl\/new\/wp-content\/uploads\/2021\/10\/Bayer-Glifosato-scaled.jpeg","keywords":["Agricultura","Agro","Bayer","El Glifosato","herbicida cancer\u00edgeno","ODECU"],"articleSection":["Empresa"],"inLanguage":"es"},{"@type":"WebPage","@id":"https:\/\/www.mundoagropecuario.cl\/new\/declaran-admisible-demanda-de-odecu-en-contra-bayer-por-herbicida-cancerigeno\/","url":"https:\/\/www.mundoagropecuario.cl\/new\/declaran-admisible-demanda-de-odecu-en-contra-bayer-por-herbicida-cancerigeno\/","name":"Declaran admisible demanda de ODECU en contra BAYER por herbicida cancer\u00edgeno - Mundoagropecuario","isPartOf":{"@id":"https:\/\/www.mundoagropecuario.cl\/new\/#website"},"primaryImageOfPage":{"@id":"https:\/\/www.mundoagropecuario.cl\/new\/declaran-admisible-demanda-de-odecu-en-contra-bayer-por-herbicida-cancerigeno\/#primaryimage"},"image":{"@id":"https:\/\/www.mundoagropecuario.cl\/new\/declaran-admisible-demanda-de-odecu-en-contra-bayer-por-herbicida-cancerigeno\/#primaryimage"},"thumbnailUrl":"https:\/\/www.mundoagropecuario.cl\/new\/wp-content\/uploads\/2021\/10\/Bayer-Glifosato-scaled.jpeg","datePublished":"2021-10-12T15:12:41+00:00","dateModified":"2021-10-15T14:02:54+00:00","description":"El 22\u00b0 Juzgado Civil, declar\u00f3 admisible la Demanda Colectiva interpuesta por ODECU en contra de los representantes locales del BAYER","breadcrumb":{"@id":"https:\/\/www.mundoagropecuario.cl\/new\/declaran-admisible-demanda-de-odecu-en-contra-bayer-por-herbicida-cancerigeno\/#breadcrumb"},"inLanguage":"es","potentialAction":[{"@type":"ReadAction","target":["https:\/\/www.mundoagropecuario.cl\/new\/declaran-admisible-demanda-de-odecu-en-contra-bayer-por-herbicida-cancerigeno\/"]}]},{"@type":"ImageObject","inLanguage":"es","@id":"https:\/\/www.mundoagropecuario.cl\/new\/declaran-admisible-demanda-de-odecu-en-contra-bayer-por-herbicida-cancerigeno\/#primaryimage","url":"https:\/\/www.mundoagropecuario.cl\/new\/wp-content\/uploads\/2021\/10\/Bayer-Glifosato-scaled.jpeg","contentUrl":"https:\/\/www.mundoagropecuario.cl\/new\/wp-content\/uploads\/2021\/10\/Bayer-Glifosato-scaled.jpeg","width":711,"height":400},{"@type":"BreadcrumbList","@id":"https:\/\/www.mundoagropecuario.cl\/new\/declaran-admisible-demanda-de-odecu-en-contra-bayer-por-herbicida-cancerigeno\/#breadcrumb","itemListElement":[{"@type":"ListItem","position":1,"name":"Portada","item":"https:\/\/www.mundoagropecuario.cl\/new\/"},{"@type":"ListItem","position":2,"name":"Declaran admisible demanda de ODECU en contra BAYER por herbicida cancer\u00edgeno"}]},{"@type":"WebSite","@id":"https:\/\/www.mundoagropecuario.cl\/new\/#website","url":"https:\/\/www.mundoagropecuario.cl\/new\/","name":"Mundoagropecuario","description":"Mundo Agropecuario","publisher":{"@id":"https:\/\/www.mundoagropecuario.cl\/new\/#organization"},"potentialAction":[{"@type":"SearchAction","target":{"@type":"EntryPoint","urlTemplate":"https:\/\/www.mundoagropecuario.cl\/new\/?s={search_term_string}"},"query-input":{"@type":"PropertyValueSpecification","valueRequired":true,"valueName":"search_term_string"}}],"inLanguage":"es"},{"@type":"Organization","@id":"https:\/\/www.mundoagropecuario.cl\/new\/#organization","name":"Revista de Agricultura","url":"https:\/\/www.mundoagropecuario.cl\/new\/","logo":{"@type":"ImageObject","inLanguage":"es","@id":"https:\/\/www.mundoagropecuario.cl\/new\/#\/schema\/logo\/image\/","url":"https:\/\/www.mundoagropecuario.cl\/new\/wp-content\/uploads\/2020\/11\/PORTAL-1-1.png","contentUrl":"https:\/\/www.mundoagropecuario.cl\/new\/wp-content\/uploads\/2020\/11\/PORTAL-1-1.png","width":1026,"height":100,"caption":"Revista de Agricultura"},"image":{"@id":"https:\/\/www.mundoagropecuario.cl\/new\/#\/schema\/logo\/image\/"},"sameAs":["https:\/\/www.facebook.com\/mundo.agropecuario.3","https:\/\/x.com\/MundoAgropecuar","https:\/\/www.linkedin.com\/in\/mundo-agropecuario-934009201\/"]},{"@type":"Person","@id":"https:\/\/www.mundoagropecuario.cl\/new\/#\/schema\/person\/4e9f74a82a7dac260eb1c44b7eebeb18","name":"mundo","url":"https:\/\/www.mundoagropecuario.cl\/new\/author\/mundo\/"}]}},"_links":{"self":[{"href":"https:\/\/www.mundoagropecuario.cl\/new\/wp-json\/wp\/v2\/posts\/20566","targetHints":{"allow":["GET"]}}],"collection":[{"href":"https:\/\/www.mundoagropecuario.cl\/new\/wp-json\/wp\/v2\/posts"}],"about":[{"href":"https:\/\/www.mundoagropecuario.cl\/new\/wp-json\/wp\/v2\/types\/post"}],"author":[{"embeddable":true,"href":"https:\/\/www.mundoagropecuario.cl\/new\/wp-json\/wp\/v2\/users\/2"}],"replies":[{"embeddable":true,"href":"https:\/\/www.mundoagropecuario.cl\/new\/wp-json\/wp\/v2\/comments?post=20566"}],"version-history":[{"count":1,"href":"https:\/\/www.mundoagropecuario.cl\/new\/wp-json\/wp\/v2\/posts\/20566\/revisions"}],"predecessor-version":[{"id":20569,"href":"https:\/\/www.mundoagropecuario.cl\/new\/wp-json\/wp\/v2\/posts\/20566\/revisions\/20569"}],"wp:featuredmedia":[{"embeddable":true,"href":"https:\/\/www.mundoagropecuario.cl\/new\/wp-json\/wp\/v2\/media\/20568"}],"wp:attachment":[{"href":"https:\/\/www.mundoagropecuario.cl\/new\/wp-json\/wp\/v2\/media?parent=20566"}],"wp:term":[{"taxonomy":"category","embeddable":true,"href":"https:\/\/www.mundoagropecuario.cl\/new\/wp-json\/wp\/v2\/categories?post=20566"},{"taxonomy":"post_tag","embeddable":true,"href":"https:\/\/www.mundoagropecuario.cl\/new\/wp-json\/wp\/v2\/tags?post=20566"}],"curies":[{"name":"wp","href":"https:\/\/api.w.org\/{rel}","templated":true}]}}