{"id":20515,"date":"2021-10-06T10:42:48","date_gmt":"2021-10-06T13:42:48","guid":{"rendered":"https:\/\/www.mundoagropecuario.cl\/new\/?p=20515"},"modified":"2021-10-08T11:49:15","modified_gmt":"2021-10-08T14:49:15","slug":"dia-del-toro-remate-especial-de-reproductores-en-la-feria-fegosa-de-purranque","status":"publish","type":"post","link":"https:\/\/www.mundoagropecuario.cl\/new\/dia-del-toro-remate-especial-de-reproductores-en-la-feria-fegosa-de-purranque\/","title":{"rendered":"D\u00eda del Toro: remate especial de reproductores en feria Fegosa de Purranque"},"content":{"rendered":"<blockquote>\n<h2><span style=\"color: #333300;\">El Director Nacional del INIA, Pedro Bustos, hizo una invitaci\u00f3n a los productores ganaderos de la zona sur a participar de esta actividad y aprovechar la oportunidad de incorporar gen\u00e9tica de calidad garantizada a sus predios.<\/span><\/h2>\n<\/blockquote>\n<p>Una invitaci\u00f3n a los productores ganaderos a participar en el remate especial de reproductores del Criadero Porvenir del Centro Experimental INIA La Pampa, a realizarse el pr\u00f3ximo viernes 8 de octubre, a las 12:00 horas, en la Feria Ganaderos Osorno S.A. (Fegosa) de Purranque, formul\u00f3 el Director Nacional del Instituto de Investigaciones Agropecuarias (INIA), Pedro Bustos, quien inform\u00f3 que \u201cdebido a la pandemia del Coronavirus este a\u00f1o nuevamente nos vimos en la obligaci\u00f3n de suspender el tradicional D\u00eda del Toro y realizar s\u00f3lo el remate\u201d.<\/p>\n<p>El Director Nacional se\u00f1al\u00f3 que \u201cel remate de toros finos Angus es una oportunidad de incorporar gen\u00e9tica de alta calidad a los predios ganaderos del sur del pa\u00eds. Como instituci\u00f3n hemos desarrollado un n\u00facleo de la raza bovina Aberdeen Angus destinado a la producci\u00f3n de toros de alta calidad gen\u00e9tica que est\u00e1 garantizada a trav\u00e9s de un modelo de evaluaci\u00f3n animal con registros, gen\u00f3mica y an\u00e1lisis estad\u00edsticos que definen par\u00e1metros individuales en las condiciones de producci\u00f3n a pastoreo del sur de Chile\u201d.<\/p>\n<p>Para descargar el cat\u00e1logo de reproductores 2021 pinche el siguiente link: https:\/\/drive.google.com\/file\/d\/1PDmw06iiuLJ41VqbTsK5vG0eQA2vtsj7\/view<\/p>\n<p>Para m\u00e1s informaciones y contactos comerciales:<\/p>\n<p>Roberto Espinoza, Zonal Sur de Negocios Tecnol\u00f3gicos de INIA<\/p>\n<p>Roberto.espinoza@inia.cl<\/p>\n<p>Fono: +56 9 71393159<\/p>\n<p>Mario Appel, Fegosa.<\/p>\n<p>Fono: +56 9 98211593<\/p>\n","protected":false},"excerpt":{"rendered":"<p>Una invitaci\u00f3n a los productores ganaderos a participar en el remate especial de reproductores del Criadero Porvenir del Centro Experimental INIA La Pampa, a realizarse el pr\u00f3ximo viernes 8 de octubre, a las 12:00 horas, en la Feria Ganaderos Osorno S.A. (Fegosa) de Purranque<\/p>\n","protected":false},"author":2,"featured_media":20516,"comment_status":"closed","ping_status":"closed","sticky":false,"template":"","format":"standard","meta":{"footnotes":""},"categories":[1944],"tags":[2090,3127,6388,2052,2253,3411],"class_list":["post-20515","post","type-post","status-publish","format-standard","has-post-thumbnail","hentry","category-ganaderia","tag-agricultura","tag-agro","tag-feria-fegosa","tag-inia","tag-pedro-bustos","tag-toros"],"yoast_head":"<!-- This site is optimized with the Yoast SEO plugin v26.6 - https:\/\/yoast.com\/wordpress\/plugins\/seo\/ -->\n<title>D\u00eda del Toro: remate especial de reproductores en feria Fegosa de Purranque - Mundoagropecuario<\/title>\n<meta name=\"description\" content=\"Invitaci\u00f3n a productores ganaderos a participar en el remate de reproductores del Criadero Porvenir del Centro Experimental INIA La Pampa\" \/>\n<meta name=\"robots\" content=\"index, follow, max-snippet:-1, max-image-preview:large, max-video-preview:-1\" \/>\n<link rel=\"canonical\" href=\"https:\/\/www.mundoagropecuario.cl\/new\/dia-del-toro-remate-especial-de-reproductores-en-la-feria-fegosa-de-purranque\/\" \/>\n<meta property=\"og:locale\" content=\"es_ES\" \/>\n<meta property=\"og:type\" content=\"article\" \/>\n<meta property=\"og:title\" content=\"D\u00eda del Toro: remate especial de reproductores en feria Fegosa de Purranque - Mundoagropecuario\" \/>\n<meta property=\"og:description\" content=\"Invitaci\u00f3n a productores ganaderos a participar en el remate de reproductores del Criadero Porvenir del Centro Experimental INIA La Pampa\" \/>\n<meta property=\"og:url\" content=\"https:\/\/www.mundoagropecuario.cl\/new\/dia-del-toro-remate-especial-de-reproductores-en-la-feria-fegosa-de-purranque\/\" \/>\n<meta property=\"og:site_name\" content=\"Mundoagropecuario\" \/>\n<meta property=\"article:publisher\" content=\"https:\/\/www.facebook.com\/mundo.agropecuario.3\" \/>\n<meta property=\"article:published_time\" content=\"2021-10-06T13:42:48+00:00\" \/>\n<meta property=\"article:modified_time\" content=\"2021-10-08T14:49:15+00:00\" \/>\n<meta property=\"og:image\" content=\"https:\/\/www.mundoagropecuario.cl\/new\/wp-content\/uploads\/2021\/10\/DI\u0301A-DE-TORO.jpg\" \/>\n\t<meta property=\"og:image:width\" content=\"718\" \/>\n\t<meta property=\"og:image:height\" content=\"522\" \/>\n\t<meta property=\"og:image:type\" content=\"image\/jpeg\" \/>\n<meta name=\"author\" content=\"mundo\" \/>\n<meta name=\"twitter:card\" content=\"summary_large_image\" \/>\n<meta name=\"twitter:creator\" content=\"@MundoAgropecuar\" \/>\n<meta name=\"twitter:site\" content=\"@MundoAgropecuar\" \/>\n<meta name=\"twitter:label1\" content=\"Escrito por\" \/>\n\t<meta name=\"twitter:data1\" content=\"mundo\" \/>\n\t<meta name=\"twitter:label2\" content=\"Tiempo de lectura\" \/>\n\t<meta name=\"twitter:data2\" content=\"2 minutos\" \/>\n<script type=\"application\/ld+json\" class=\"yoast-schema-graph\">{\"@context\":\"https:\/\/schema.org\",\"@graph\":[{\"@type\":\"Article\",\"@id\":\"https:\/\/www.mundoagropecuario.cl\/new\/dia-del-toro-remate-especial-de-reproductores-en-la-feria-fegosa-de-purranque\/#article\",\"isPartOf\":{\"@id\":\"https:\/\/www.mundoagropecuario.cl\/new\/dia-del-toro-remate-especial-de-reproductores-en-la-feria-fegosa-de-purranque\/\"},\"author\":{\"name\":\"mundo\",\"@id\":\"https:\/\/www.mundoagropecuario.cl\/new\/#\/schema\/person\/4e9f74a82a7dac260eb1c44b7eebeb18\"},\"headline\":\"D\u00eda del Toro: remate especial de reproductores en feria Fegosa de Purranque\",\"datePublished\":\"2021-10-06T13:42:48+00:00\",\"dateModified\":\"2021-10-08T14:49:15+00:00\",\"mainEntityOfPage\":{\"@id\":\"https:\/\/www.mundoagropecuario.cl\/new\/dia-del-toro-remate-especial-de-reproductores-en-la-feria-fegosa-de-purranque\/\"},\"wordCount\":287,\"publisher\":{\"@id\":\"https:\/\/www.mundoagropecuario.cl\/new\/#organization\"},\"image\":{\"@id\":\"https:\/\/www.mundoagropecuario.cl\/new\/dia-del-toro-remate-especial-de-reproductores-en-la-feria-fegosa-de-purranque\/#primaryimage\"},\"thumbnailUrl\":\"https:\/\/www.mundoagropecuario.cl\/new\/wp-content\/uploads\/2021\/10\/DI\u0301A-DE-TORO.jpg\",\"keywords\":[\"Agricultura\",\"Agro\",\"feria Fegosa\",\"INIA\",\"Pedro Bustos\",\"toros\"],\"articleSection\":[\"Ganader\u00eda\"],\"inLanguage\":\"es\"},{\"@type\":\"WebPage\",\"@id\":\"https:\/\/www.mundoagropecuario.cl\/new\/dia-del-toro-remate-especial-de-reproductores-en-la-feria-fegosa-de-purranque\/\",\"url\":\"https:\/\/www.mundoagropecuario.cl\/new\/dia-del-toro-remate-especial-de-reproductores-en-la-feria-fegosa-de-purranque\/\",\"name\":\"D\u00eda del Toro: remate especial de reproductores en feria Fegosa de Purranque - Mundoagropecuario\",\"isPartOf\":{\"@id\":\"https:\/\/www.mundoagropecuario.cl\/new\/#website\"},\"primaryImageOfPage\":{\"@id\":\"https:\/\/www.mundoagropecuario.cl\/new\/dia-del-toro-remate-especial-de-reproductores-en-la-feria-fegosa-de-purranque\/#primaryimage\"},\"image\":{\"@id\":\"https:\/\/www.mundoagropecuario.cl\/new\/dia-del-toro-remate-especial-de-reproductores-en-la-feria-fegosa-de-purranque\/#primaryimage\"},\"thumbnailUrl\":\"https:\/\/www.mundoagropecuario.cl\/new\/wp-content\/uploads\/2021\/10\/DI\u0301A-DE-TORO.jpg\",\"datePublished\":\"2021-10-06T13:42:48+00:00\",\"dateModified\":\"2021-10-08T14:49:15+00:00\",\"description\":\"Invitaci\u00f3n a productores ganaderos a participar en el remate de reproductores del Criadero Porvenir del Centro Experimental INIA La Pampa\",\"breadcrumb\":{\"@id\":\"https:\/\/www.mundoagropecuario.cl\/new\/dia-del-toro-remate-especial-de-reproductores-en-la-feria-fegosa-de-purranque\/#breadcrumb\"},\"inLanguage\":\"es\",\"potentialAction\":[{\"@type\":\"ReadAction\",\"target\":[\"https:\/\/www.mundoagropecuario.cl\/new\/dia-del-toro-remate-especial-de-reproductores-en-la-feria-fegosa-de-purranque\/\"]}]},{\"@type\":\"ImageObject\",\"inLanguage\":\"es\",\"@id\":\"https:\/\/www.mundoagropecuario.cl\/new\/dia-del-toro-remate-especial-de-reproductores-en-la-feria-fegosa-de-purranque\/#primaryimage\",\"url\":\"https:\/\/www.mundoagropecuario.cl\/new\/wp-content\/uploads\/2021\/10\/DI\u0301A-DE-TORO.jpg\",\"contentUrl\":\"https:\/\/www.mundoagropecuario.cl\/new\/wp-content\/uploads\/2021\/10\/DI\u0301A-DE-TORO.jpg\",\"width\":550,\"height\":400},{\"@type\":\"BreadcrumbList\",\"@id\":\"https:\/\/www.mundoagropecuario.cl\/new\/dia-del-toro-remate-especial-de-reproductores-en-la-feria-fegosa-de-purranque\/#breadcrumb\",\"itemListElement\":[{\"@type\":\"ListItem\",\"position\":1,\"name\":\"Portada\",\"item\":\"https:\/\/www.mundoagropecuario.cl\/new\/\"},{\"@type\":\"ListItem\",\"position\":2,\"name\":\"D\u00eda del Toro: remate especial de reproductores en feria Fegosa de Purranque\"}]},{\"@type\":\"WebSite\",\"@id\":\"https:\/\/www.mundoagropecuario.cl\/new\/#website\",\"url\":\"https:\/\/www.mundoagropecuario.cl\/new\/\",\"name\":\"Mundoagropecuario\",\"description\":\"Mundo Agropecuario\",\"publisher\":{\"@id\":\"https:\/\/www.mundoagropecuario.cl\/new\/#organization\"},\"potentialAction\":[{\"@type\":\"SearchAction\",\"target\":{\"@type\":\"EntryPoint\",\"urlTemplate\":\"https:\/\/www.mundoagropecuario.cl\/new\/?s={search_term_string}\"},\"query-input\":{\"@type\":\"PropertyValueSpecification\",\"valueRequired\":true,\"valueName\":\"search_term_string\"}}],\"inLanguage\":\"es\"},{\"@type\":\"Organization\",\"@id\":\"https:\/\/www.mundoagropecuario.cl\/new\/#organization\",\"name\":\"Revista de Agricultura\",\"url\":\"https:\/\/www.mundoagropecuario.cl\/new\/\",\"logo\":{\"@type\":\"ImageObject\",\"inLanguage\":\"es\",\"@id\":\"https:\/\/www.mundoagropecuario.cl\/new\/#\/schema\/logo\/image\/\",\"url\":\"https:\/\/www.mundoagropecuario.cl\/new\/wp-content\/uploads\/2020\/11\/PORTAL-1-1.png\",\"contentUrl\":\"https:\/\/www.mundoagropecuario.cl\/new\/wp-content\/uploads\/2020\/11\/PORTAL-1-1.png\",\"width\":1026,\"height\":100,\"caption\":\"Revista de Agricultura\"},\"image\":{\"@id\":\"https:\/\/www.mundoagropecuario.cl\/new\/#\/schema\/logo\/image\/\"},\"sameAs\":[\"https:\/\/www.facebook.com\/mundo.agropecuario.3\",\"https:\/\/x.com\/MundoAgropecuar\",\"https:\/\/www.linkedin.com\/in\/mundo-agropecuario-934009201\/\"]},{\"@type\":\"Person\",\"@id\":\"https:\/\/www.mundoagropecuario.cl\/new\/#\/schema\/person\/4e9f74a82a7dac260eb1c44b7eebeb18\",\"name\":\"mundo\",\"url\":\"https:\/\/www.mundoagropecuario.cl\/new\/author\/mundo\/\"}]}<\/script>\n<!-- \/ Yoast SEO plugin. -->","yoast_head_json":{"title":"D\u00eda del Toro: remate especial de reproductores en feria Fegosa de Purranque - Mundoagropecuario","description":"Invitaci\u00f3n a productores ganaderos a participar en el remate de reproductores del Criadero Porvenir del Centro Experimental INIA La Pampa","robots":{"index":"index","follow":"follow","max-snippet":"max-snippet:-1","max-image-preview":"max-image-preview:large","max-video-preview":"max-video-preview:-1"},"canonical":"https:\/\/www.mundoagropecuario.cl\/new\/dia-del-toro-remate-especial-de-reproductores-en-la-feria-fegosa-de-purranque\/","og_locale":"es_ES","og_type":"article","og_title":"D\u00eda del Toro: remate especial de reproductores en feria Fegosa de Purranque - Mundoagropecuario","og_description":"Invitaci\u00f3n a productores ganaderos a participar en el remate de reproductores del Criadero Porvenir del Centro Experimental INIA La Pampa","og_url":"https:\/\/www.mundoagropecuario.cl\/new\/dia-del-toro-remate-especial-de-reproductores-en-la-feria-fegosa-de-purranque\/","og_site_name":"Mundoagropecuario","article_publisher":"https:\/\/www.facebook.com\/mundo.agropecuario.3","article_published_time":"2021-10-06T13:42:48+00:00","article_modified_time":"2021-10-08T14:49:15+00:00","og_image":[{"width":718,"height":522,"url":"https:\/\/www.mundoagropecuario.cl\/new\/wp-content\/uploads\/2021\/10\/DI\u0301A-DE-TORO.jpg","type":"image\/jpeg"}],"author":"mundo","twitter_card":"summary_large_image","twitter_creator":"@MundoAgropecuar","twitter_site":"@MundoAgropecuar","twitter_misc":{"Escrito por":"mundo","Tiempo de lectura":"2 minutos"},"schema":{"@context":"https:\/\/schema.org","@graph":[{"@type":"Article","@id":"https:\/\/www.mundoagropecuario.cl\/new\/dia-del-toro-remate-especial-de-reproductores-en-la-feria-fegosa-de-purranque\/#article","isPartOf":{"@id":"https:\/\/www.mundoagropecuario.cl\/new\/dia-del-toro-remate-especial-de-reproductores-en-la-feria-fegosa-de-purranque\/"},"author":{"name":"mundo","@id":"https:\/\/www.mundoagropecuario.cl\/new\/#\/schema\/person\/4e9f74a82a7dac260eb1c44b7eebeb18"},"headline":"D\u00eda del Toro: remate especial de reproductores en feria Fegosa de Purranque","datePublished":"2021-10-06T13:42:48+00:00","dateModified":"2021-10-08T14:49:15+00:00","mainEntityOfPage":{"@id":"https:\/\/www.mundoagropecuario.cl\/new\/dia-del-toro-remate-especial-de-reproductores-en-la-feria-fegosa-de-purranque\/"},"wordCount":287,"publisher":{"@id":"https:\/\/www.mundoagropecuario.cl\/new\/#organization"},"image":{"@id":"https:\/\/www.mundoagropecuario.cl\/new\/dia-del-toro-remate-especial-de-reproductores-en-la-feria-fegosa-de-purranque\/#primaryimage"},"thumbnailUrl":"https:\/\/www.mundoagropecuario.cl\/new\/wp-content\/uploads\/2021\/10\/DI\u0301A-DE-TORO.jpg","keywords":["Agricultura","Agro","feria Fegosa","INIA","Pedro Bustos","toros"],"articleSection":["Ganader\u00eda"],"inLanguage":"es"},{"@type":"WebPage","@id":"https:\/\/www.mundoagropecuario.cl\/new\/dia-del-toro-remate-especial-de-reproductores-en-la-feria-fegosa-de-purranque\/","url":"https:\/\/www.mundoagropecuario.cl\/new\/dia-del-toro-remate-especial-de-reproductores-en-la-feria-fegosa-de-purranque\/","name":"D\u00eda del Toro: remate especial de reproductores en feria Fegosa de Purranque - Mundoagropecuario","isPartOf":{"@id":"https:\/\/www.mundoagropecuario.cl\/new\/#website"},"primaryImageOfPage":{"@id":"https:\/\/www.mundoagropecuario.cl\/new\/dia-del-toro-remate-especial-de-reproductores-en-la-feria-fegosa-de-purranque\/#primaryimage"},"image":{"@id":"https:\/\/www.mundoagropecuario.cl\/new\/dia-del-toro-remate-especial-de-reproductores-en-la-feria-fegosa-de-purranque\/#primaryimage"},"thumbnailUrl":"https:\/\/www.mundoagropecuario.cl\/new\/wp-content\/uploads\/2021\/10\/DI\u0301A-DE-TORO.jpg","datePublished":"2021-10-06T13:42:48+00:00","dateModified":"2021-10-08T14:49:15+00:00","description":"Invitaci\u00f3n a productores ganaderos a participar en el remate de reproductores del Criadero Porvenir del Centro Experimental INIA La Pampa","breadcrumb":{"@id":"https:\/\/www.mundoagropecuario.cl\/new\/dia-del-toro-remate-especial-de-reproductores-en-la-feria-fegosa-de-purranque\/#breadcrumb"},"inLanguage":"es","potentialAction":[{"@type":"ReadAction","target":["https:\/\/www.mundoagropecuario.cl\/new\/dia-del-toro-remate-especial-de-reproductores-en-la-feria-fegosa-de-purranque\/"]}]},{"@type":"ImageObject","inLanguage":"es","@id":"https:\/\/www.mundoagropecuario.cl\/new\/dia-del-toro-remate-especial-de-reproductores-en-la-feria-fegosa-de-purranque\/#primaryimage","url":"https:\/\/www.mundoagropecuario.cl\/new\/wp-content\/uploads\/2021\/10\/DI\u0301A-DE-TORO.jpg","contentUrl":"https:\/\/www.mundoagropecuario.cl\/new\/wp-content\/uploads\/2021\/10\/DI\u0301A-DE-TORO.jpg","width":550,"height":400},{"@type":"BreadcrumbList","@id":"https:\/\/www.mundoagropecuario.cl\/new\/dia-del-toro-remate-especial-de-reproductores-en-la-feria-fegosa-de-purranque\/#breadcrumb","itemListElement":[{"@type":"ListItem","position":1,"name":"Portada","item":"https:\/\/www.mundoagropecuario.cl\/new\/"},{"@type":"ListItem","position":2,"name":"D\u00eda del Toro: remate especial de reproductores en feria Fegosa de Purranque"}]},{"@type":"WebSite","@id":"https:\/\/www.mundoagropecuario.cl\/new\/#website","url":"https:\/\/www.mundoagropecuario.cl\/new\/","name":"Mundoagropecuario","description":"Mundo Agropecuario","publisher":{"@id":"https:\/\/www.mundoagropecuario.cl\/new\/#organization"},"potentialAction":[{"@type":"SearchAction","target":{"@type":"EntryPoint","urlTemplate":"https:\/\/www.mundoagropecuario.cl\/new\/?s={search_term_string}"},"query-input":{"@type":"PropertyValueSpecification","valueRequired":true,"valueName":"search_term_string"}}],"inLanguage":"es"},{"@type":"Organization","@id":"https:\/\/www.mundoagropecuario.cl\/new\/#organization","name":"Revista de Agricultura","url":"https:\/\/www.mundoagropecuario.cl\/new\/","logo":{"@type":"ImageObject","inLanguage":"es","@id":"https:\/\/www.mundoagropecuario.cl\/new\/#\/schema\/logo\/image\/","url":"https:\/\/www.mundoagropecuario.cl\/new\/wp-content\/uploads\/2020\/11\/PORTAL-1-1.png","contentUrl":"https:\/\/www.mundoagropecuario.cl\/new\/wp-content\/uploads\/2020\/11\/PORTAL-1-1.png","width":1026,"height":100,"caption":"Revista de Agricultura"},"image":{"@id":"https:\/\/www.mundoagropecuario.cl\/new\/#\/schema\/logo\/image\/"},"sameAs":["https:\/\/www.facebook.com\/mundo.agropecuario.3","https:\/\/x.com\/MundoAgropecuar","https:\/\/www.linkedin.com\/in\/mundo-agropecuario-934009201\/"]},{"@type":"Person","@id":"https:\/\/www.mundoagropecuario.cl\/new\/#\/schema\/person\/4e9f74a82a7dac260eb1c44b7eebeb18","name":"mundo","url":"https:\/\/www.mundoagropecuario.cl\/new\/author\/mundo\/"}]}},"_links":{"self":[{"href":"https:\/\/www.mundoagropecuario.cl\/new\/wp-json\/wp\/v2\/posts\/20515","targetHints":{"allow":["GET"]}}],"collection":[{"href":"https:\/\/www.mundoagropecuario.cl\/new\/wp-json\/wp\/v2\/posts"}],"about":[{"href":"https:\/\/www.mundoagropecuario.cl\/new\/wp-json\/wp\/v2\/types\/post"}],"author":[{"embeddable":true,"href":"https:\/\/www.mundoagropecuario.cl\/new\/wp-json\/wp\/v2\/users\/2"}],"replies":[{"embeddable":true,"href":"https:\/\/www.mundoagropecuario.cl\/new\/wp-json\/wp\/v2\/comments?post=20515"}],"version-history":[{"count":2,"href":"https:\/\/www.mundoagropecuario.cl\/new\/wp-json\/wp\/v2\/posts\/20515\/revisions"}],"predecessor-version":[{"id":20518,"href":"https:\/\/www.mundoagropecuario.cl\/new\/wp-json\/wp\/v2\/posts\/20515\/revisions\/20518"}],"wp:featuredmedia":[{"embeddable":true,"href":"https:\/\/www.mundoagropecuario.cl\/new\/wp-json\/wp\/v2\/media\/20516"}],"wp:attachment":[{"href":"https:\/\/www.mundoagropecuario.cl\/new\/wp-json\/wp\/v2\/media?parent=20515"}],"wp:term":[{"taxonomy":"category","embeddable":true,"href":"https:\/\/www.mundoagropecuario.cl\/new\/wp-json\/wp\/v2\/categories?post=20515"},{"taxonomy":"post_tag","embeddable":true,"href":"https:\/\/www.mundoagropecuario.cl\/new\/wp-json\/wp\/v2\/tags?post=20515"}],"curies":[{"name":"wp","href":"https:\/\/api.w.org\/{rel}","templated":true}]}}