{"id":20479,"date":"2021-10-04T10:36:29","date_gmt":"2021-10-04T13:36:29","guid":{"rendered":"https:\/\/www.mundoagropecuario.cl\/new\/?p=20479"},"modified":"2021-10-06T12:06:01","modified_gmt":"2021-10-06T15:06:01","slug":"aproleche-osorno-refuerza-su-compromiso-con-el-sector-en-historica-asamblea-anual","status":"publish","type":"post","link":"https:\/\/www.mundoagropecuario.cl\/new\/aproleche-osorno-refuerza-su-compromiso-con-el-sector-en-historica-asamblea-anual\/","title":{"rendered":"Aproleche Osorno refuerza su compromiso con el sector en hist\u00f3rica Asamblea Anual"},"content":{"rendered":"<blockquote>\n<h2><span style=\"color: #003300;\">En la instancia se dio a conocer el trabajo que ha realizado la Asociaci\u00f3n Gremial en este \u00faltimo periodo, adem\u00e1s de la elecci\u00f3n de nuevas directoras.<\/span><\/h2>\n<\/blockquote>\n<p>Por segundo a\u00f1o consecutivo y con el objetivo de mantener los protocolos de salud, la Asociaci\u00f3n Gremial de Productores Lecheros de Osorno (Aproleche), desarroll\u00f3 esta semana de manera remota en los salones del Hotel Sonesta, su Asamblea Anual 2021, de cara a seguir trabajando por el desarrollo sustentable y productivo del sector l\u00e1cteo. La instancia cont\u00f3 con la participaci\u00f3n del gerente de Aproleche Osorno, Mat\u00edas Cantin y los directores, quienes interactuaron con sus asociados, gracias a la plataforma otorgada por la empresa nacional, Evoting.<\/p>\n<p><a href=\"https:\/\/www.mundoagropecuario.cl\/new\/wp-content\/uploads\/2021\/10\/IMG_3850-scaled.jpg\"><img loading=\"lazy\" decoding=\"async\" class=\" wp-image-20480 alignleft\" src=\"https:\/\/www.mundoagropecuario.cl\/new\/wp-content\/uploads\/2021\/10\/IMG_3850-586x391.jpg\" alt=\"\" width=\"483\" height=\"345\" \/><\/a>En la ocasi\u00f3n, se dio lectura del acta anterior, las cuentas del presidente, tesorero y de la comisi\u00f3n revisora de cuentas; adem\u00e1s de un an\u00e1lisis en profundidad del sector lechero. De igual manera, se abordaron los hitos alcanzados por el directorio y el equipo de profesionales del gremio, en materias de desarrollo del sector lechero, articulaciones con instituciones, autoridades, empresas, gremios locales y regionales, apoyos al emprendimiento y la asociatividad, vinculaci\u00f3n con la comunidad, entre otros logros.<\/p>\n<p>Destacando entre estas acciones, el trabajo realizado junto al Programa Territorial Integrado Lechero Los Lagos (PTI Lechero), iniciativa integrada por Corfo Los Lagos, Aproleche Osorno, Agrollanquihue, Acoleche, adem\u00e1s de Prochile, INIA, Codesser y las Serem\u00edas de Agricultura y Econom\u00eda; y el cual busca agregar valor a los productos l\u00e1cteos de la regi\u00f3n.<\/p>\n<p>A su vez, se efectu\u00f3 la elecci\u00f3n de manera virtual, correspondiente al nuevo directorio de la Asociaci\u00f3n, donde fue reelecta la candidata Alejandra Klagges, quien trabajar\u00e1 nuevamente junto a Marcos Winkler, Christopher Spoerer, Alejandro Rudloff y Ricardo Hott, sum\u00e1ndose a ellos las socias M\u00f3nica Thompson y Rose Marie Avil\u00e9s, quienes fueron elegidas por una amplia mayor\u00eda entre los productores lecheros, tomando as\u00ed estos nuevos cargos luego del termino de periodo de Javier Gonz\u00e1lez y Lucio P\u00e9rez, dando paso a la formaci\u00f3n de una hist\u00f3rica junta directiva.<\/p>\n<p><a href=\"https:\/\/www.mundoagropecuario.cl\/new\/wp-content\/uploads\/2021\/10\/Marcos-Winkler-Fedeleche-scaled.jpg\"><img loading=\"lazy\" decoding=\"async\" class=\" wp-image-20483 alignright\" src=\"https:\/\/www.mundoagropecuario.cl\/new\/wp-content\/uploads\/2021\/10\/Marcos-Winkler-Fedeleche-586x391.jpg\" alt=\"\" width=\"451\" height=\"331\" \/><\/a>Marcos Winkler, presidente de Aproleche Osorno, apunt\u00f3 que &#8220;estamos muy contentos de poder mostrarles a todos los agricultores y socios, lo que hemos venido efectuando en este periodo, dando a conocer todo lo que ellos muchas veces no visibilizan. Hemos realizado un gran trabajo como Asociaci\u00f3n y queremos continuar en ese camino, desarrollando el mercado y el sector, protegi\u00e9ndonos y avanzando&#8221;.<\/p>\n<p>A su vez, el dirigente sostuvo que \u201cla Asociaci\u00f3n se encuentra creciendo de manera s\u00f3lida, con socios que ingresan mes a mes, con un gran directorio que participa en variadas iniciativas y eso lleva a un s\u00f3lo norte, el cual es que la producci\u00f3n nacional crezca y que las cooperativas como procesadoras tambi\u00e9n lo hagan&#8221;.<\/p>\n<p><a href=\"https:\/\/www.mundoagropecuario.cl\/new\/wp-content\/uploads\/2021\/10\/IMG_3969-scaled.jpg\"><img loading=\"lazy\" decoding=\"async\" class=\" wp-image-20481 alignleft\" src=\"https:\/\/www.mundoagropecuario.cl\/new\/wp-content\/uploads\/2021\/10\/IMG_3969-586x391.jpg\" alt=\"\" width=\"322\" height=\"259\" \/><\/a>Por su parte la nueva directora, M\u00f3nica Thompson, afirm\u00f3 que el inter\u00e9s de ser parte de esta comitiva, se dio por el hecho del buen trabajo que se ha venido realizando durante este \u00faltimo periodo. &#8220;Una de las cosas que me motiv\u00f3 a presentarme, fue el reflejo de un real compromiso del directorio por sacar a la Asociaci\u00f3n adelante. Hoy existe una mirada m\u00e1s refrescante y eso me impuls\u00f3 a participar, adem\u00e1s junto a las nuevas directoras contamos con una vasta experiencia en el rubro y queremos aportar de la mejor manera posible&#8221;.<\/p>\n<p>Finalmente, Alejandra Klagges indic\u00f3 que \u201cel futuro como Aproleche se ve auspicioso, a pesar de que este \u00faltimo tiempo hemos enfrentado momentos muy dif\u00edciles, por eso tenemos que estar m\u00e1s unidos que nunca y hacernos escuchar, con el fin de ayudar a que crezca nuestro sector\u201d.<\/p>\n","protected":false},"excerpt":{"rendered":"<p>Por segundo a\u00f1o consecutivo y con el objetivo de mantener los protocolos de salud, la Asociaci\u00f3n Gremial de Productores Lecheros de Osorno (Aproleche), desarroll\u00f3 esta semana de manera remota en los salones del Hotel Sonesta,<\/p>\n","protected":false},"author":2,"featured_media":20482,"comment_status":"closed","ping_status":"closed","sticky":false,"template":"","format":"standard","meta":{"footnotes":""},"categories":[1946],"tags":[2090,3127,2126,6371,2058,4135,2051],"class_list":["post-20479","post","type-post","status-publish","format-standard","has-post-thumbnail","hentry","category-lacteos","tag-agricultura","tag-agro","tag-aproleche-osorno","tag-asamblea-anual","tag-fedeleche","tag-lacteo","tag-leche"],"yoast_head":"<!-- This site is optimized with the Yoast SEO plugin v26.6 - https:\/\/yoast.com\/wordpress\/plugins\/seo\/ -->\n<title>Aproleche Osorno refuerza su compromiso con el sector en hist\u00f3rica Asamblea Anual - Mundoagropecuario<\/title>\n<meta name=\"description\" content=\"la Asociaci\u00f3n Gremial de Productores Lecheros de Osorno (Aproleche), desarroll\u00f3 esta semana de manera remota en los salones del Hotel Sonesta.\" \/>\n<meta name=\"robots\" content=\"index, follow, max-snippet:-1, max-image-preview:large, max-video-preview:-1\" \/>\n<link rel=\"canonical\" href=\"https:\/\/www.mundoagropecuario.cl\/new\/aproleche-osorno-refuerza-su-compromiso-con-el-sector-en-historica-asamblea-anual\/\" \/>\n<meta property=\"og:locale\" content=\"es_ES\" \/>\n<meta property=\"og:type\" content=\"article\" \/>\n<meta property=\"og:title\" content=\"Aproleche Osorno refuerza su compromiso con el sector en hist\u00f3rica Asamblea Anual - Mundoagropecuario\" \/>\n<meta property=\"og:description\" content=\"la Asociaci\u00f3n Gremial de Productores Lecheros de Osorno (Aproleche), desarroll\u00f3 esta semana de manera remota en los salones del Hotel Sonesta.\" \/>\n<meta property=\"og:url\" content=\"https:\/\/www.mundoagropecuario.cl\/new\/aproleche-osorno-refuerza-su-compromiso-con-el-sector-en-historica-asamblea-anual\/\" \/>\n<meta property=\"og:site_name\" content=\"Mundoagropecuario\" \/>\n<meta property=\"article:publisher\" content=\"https:\/\/www.facebook.com\/mundo.agropecuario.3\" \/>\n<meta property=\"article:published_time\" content=\"2021-10-04T13:36:29+00:00\" \/>\n<meta property=\"article:modified_time\" content=\"2021-10-06T15:06:01+00:00\" \/>\n<meta property=\"og:image\" content=\"https:\/\/www.mundoagropecuario.cl\/new\/wp-content\/uploads\/2021\/10\/IMG_4067-scaled.jpg\" \/>\n\t<meta property=\"og:image:width\" content=\"1024\" \/>\n\t<meta property=\"og:image:height\" content=\"683\" \/>\n\t<meta property=\"og:image:type\" content=\"image\/jpeg\" \/>\n<meta name=\"author\" content=\"mundo\" \/>\n<meta name=\"twitter:card\" content=\"summary_large_image\" \/>\n<meta name=\"twitter:creator\" content=\"@MundoAgropecuar\" \/>\n<meta name=\"twitter:site\" content=\"@MundoAgropecuar\" \/>\n<meta name=\"twitter:label1\" content=\"Escrito por\" \/>\n\t<meta name=\"twitter:data1\" content=\"mundo\" \/>\n\t<meta name=\"twitter:label2\" content=\"Tiempo de lectura\" \/>\n\t<meta name=\"twitter:data2\" content=\"4 minutos\" \/>\n<script type=\"application\/ld+json\" class=\"yoast-schema-graph\">{\"@context\":\"https:\/\/schema.org\",\"@graph\":[{\"@type\":\"Article\",\"@id\":\"https:\/\/www.mundoagropecuario.cl\/new\/aproleche-osorno-refuerza-su-compromiso-con-el-sector-en-historica-asamblea-anual\/#article\",\"isPartOf\":{\"@id\":\"https:\/\/www.mundoagropecuario.cl\/new\/aproleche-osorno-refuerza-su-compromiso-con-el-sector-en-historica-asamblea-anual\/\"},\"author\":{\"name\":\"mundo\",\"@id\":\"https:\/\/www.mundoagropecuario.cl\/new\/#\/schema\/person\/4e9f74a82a7dac260eb1c44b7eebeb18\"},\"headline\":\"Aproleche Osorno refuerza su compromiso con el sector en hist\u00f3rica Asamblea Anual\",\"datePublished\":\"2021-10-04T13:36:29+00:00\",\"dateModified\":\"2021-10-06T15:06:01+00:00\",\"mainEntityOfPage\":{\"@id\":\"https:\/\/www.mundoagropecuario.cl\/new\/aproleche-osorno-refuerza-su-compromiso-con-el-sector-en-historica-asamblea-anual\/\"},\"wordCount\":634,\"publisher\":{\"@id\":\"https:\/\/www.mundoagropecuario.cl\/new\/#organization\"},\"image\":{\"@id\":\"https:\/\/www.mundoagropecuario.cl\/new\/aproleche-osorno-refuerza-su-compromiso-con-el-sector-en-historica-asamblea-anual\/#primaryimage\"},\"thumbnailUrl\":\"https:\/\/www.mundoagropecuario.cl\/new\/wp-content\/uploads\/2021\/10\/IMG_4067-scaled.jpg\",\"keywords\":[\"Agricultura\",\"Agro\",\"Aproleche Osorno\",\"Asamblea anual\",\"Fedeleche\",\"Lacteo\",\"Leche\"],\"articleSection\":[\"L\u00e1cteos\"],\"inLanguage\":\"es\"},{\"@type\":\"WebPage\",\"@id\":\"https:\/\/www.mundoagropecuario.cl\/new\/aproleche-osorno-refuerza-su-compromiso-con-el-sector-en-historica-asamblea-anual\/\",\"url\":\"https:\/\/www.mundoagropecuario.cl\/new\/aproleche-osorno-refuerza-su-compromiso-con-el-sector-en-historica-asamblea-anual\/\",\"name\":\"Aproleche Osorno refuerza su compromiso con el sector en hist\u00f3rica Asamblea Anual - Mundoagropecuario\",\"isPartOf\":{\"@id\":\"https:\/\/www.mundoagropecuario.cl\/new\/#website\"},\"primaryImageOfPage\":{\"@id\":\"https:\/\/www.mundoagropecuario.cl\/new\/aproleche-osorno-refuerza-su-compromiso-con-el-sector-en-historica-asamblea-anual\/#primaryimage\"},\"image\":{\"@id\":\"https:\/\/www.mundoagropecuario.cl\/new\/aproleche-osorno-refuerza-su-compromiso-con-el-sector-en-historica-asamblea-anual\/#primaryimage\"},\"thumbnailUrl\":\"https:\/\/www.mundoagropecuario.cl\/new\/wp-content\/uploads\/2021\/10\/IMG_4067-scaled.jpg\",\"datePublished\":\"2021-10-04T13:36:29+00:00\",\"dateModified\":\"2021-10-06T15:06:01+00:00\",\"description\":\"la Asociaci\u00f3n Gremial de Productores Lecheros de Osorno (Aproleche), desarroll\u00f3 esta semana de manera remota en los salones del Hotel Sonesta.\",\"breadcrumb\":{\"@id\":\"https:\/\/www.mundoagropecuario.cl\/new\/aproleche-osorno-refuerza-su-compromiso-con-el-sector-en-historica-asamblea-anual\/#breadcrumb\"},\"inLanguage\":\"es\",\"potentialAction\":[{\"@type\":\"ReadAction\",\"target\":[\"https:\/\/www.mundoagropecuario.cl\/new\/aproleche-osorno-refuerza-su-compromiso-con-el-sector-en-historica-asamblea-anual\/\"]}]},{\"@type\":\"ImageObject\",\"inLanguage\":\"es\",\"@id\":\"https:\/\/www.mundoagropecuario.cl\/new\/aproleche-osorno-refuerza-su-compromiso-con-el-sector-en-historica-asamblea-anual\/#primaryimage\",\"url\":\"https:\/\/www.mundoagropecuario.cl\/new\/wp-content\/uploads\/2021\/10\/IMG_4067-scaled.jpg\",\"contentUrl\":\"https:\/\/www.mundoagropecuario.cl\/new\/wp-content\/uploads\/2021\/10\/IMG_4067-scaled.jpg\",\"width\":600,\"height\":400},{\"@type\":\"BreadcrumbList\",\"@id\":\"https:\/\/www.mundoagropecuario.cl\/new\/aproleche-osorno-refuerza-su-compromiso-con-el-sector-en-historica-asamblea-anual\/#breadcrumb\",\"itemListElement\":[{\"@type\":\"ListItem\",\"position\":1,\"name\":\"Portada\",\"item\":\"https:\/\/www.mundoagropecuario.cl\/new\/\"},{\"@type\":\"ListItem\",\"position\":2,\"name\":\"Aproleche Osorno refuerza su compromiso con el sector en hist\u00f3rica Asamblea Anual\"}]},{\"@type\":\"WebSite\",\"@id\":\"https:\/\/www.mundoagropecuario.cl\/new\/#website\",\"url\":\"https:\/\/www.mundoagropecuario.cl\/new\/\",\"name\":\"Mundoagropecuario\",\"description\":\"Mundo Agropecuario\",\"publisher\":{\"@id\":\"https:\/\/www.mundoagropecuario.cl\/new\/#organization\"},\"potentialAction\":[{\"@type\":\"SearchAction\",\"target\":{\"@type\":\"EntryPoint\",\"urlTemplate\":\"https:\/\/www.mundoagropecuario.cl\/new\/?s={search_term_string}\"},\"query-input\":{\"@type\":\"PropertyValueSpecification\",\"valueRequired\":true,\"valueName\":\"search_term_string\"}}],\"inLanguage\":\"es\"},{\"@type\":\"Organization\",\"@id\":\"https:\/\/www.mundoagropecuario.cl\/new\/#organization\",\"name\":\"Revista de Agricultura\",\"url\":\"https:\/\/www.mundoagropecuario.cl\/new\/\",\"logo\":{\"@type\":\"ImageObject\",\"inLanguage\":\"es\",\"@id\":\"https:\/\/www.mundoagropecuario.cl\/new\/#\/schema\/logo\/image\/\",\"url\":\"https:\/\/www.mundoagropecuario.cl\/new\/wp-content\/uploads\/2020\/11\/PORTAL-1-1.png\",\"contentUrl\":\"https:\/\/www.mundoagropecuario.cl\/new\/wp-content\/uploads\/2020\/11\/PORTAL-1-1.png\",\"width\":1026,\"height\":100,\"caption\":\"Revista de Agricultura\"},\"image\":{\"@id\":\"https:\/\/www.mundoagropecuario.cl\/new\/#\/schema\/logo\/image\/\"},\"sameAs\":[\"https:\/\/www.facebook.com\/mundo.agropecuario.3\",\"https:\/\/x.com\/MundoAgropecuar\",\"https:\/\/www.linkedin.com\/in\/mundo-agropecuario-934009201\/\"]},{\"@type\":\"Person\",\"@id\":\"https:\/\/www.mundoagropecuario.cl\/new\/#\/schema\/person\/4e9f74a82a7dac260eb1c44b7eebeb18\",\"name\":\"mundo\",\"url\":\"https:\/\/www.mundoagropecuario.cl\/new\/author\/mundo\/\"}]}<\/script>\n<!-- \/ Yoast SEO plugin. -->","yoast_head_json":{"title":"Aproleche Osorno refuerza su compromiso con el sector en hist\u00f3rica Asamblea Anual - Mundoagropecuario","description":"la Asociaci\u00f3n Gremial de Productores Lecheros de Osorno (Aproleche), desarroll\u00f3 esta semana de manera remota en los salones del Hotel Sonesta.","robots":{"index":"index","follow":"follow","max-snippet":"max-snippet:-1","max-image-preview":"max-image-preview:large","max-video-preview":"max-video-preview:-1"},"canonical":"https:\/\/www.mundoagropecuario.cl\/new\/aproleche-osorno-refuerza-su-compromiso-con-el-sector-en-historica-asamblea-anual\/","og_locale":"es_ES","og_type":"article","og_title":"Aproleche Osorno refuerza su compromiso con el sector en hist\u00f3rica Asamblea Anual - Mundoagropecuario","og_description":"la Asociaci\u00f3n Gremial de Productores Lecheros de Osorno (Aproleche), desarroll\u00f3 esta semana de manera remota en los salones del Hotel Sonesta.","og_url":"https:\/\/www.mundoagropecuario.cl\/new\/aproleche-osorno-refuerza-su-compromiso-con-el-sector-en-historica-asamblea-anual\/","og_site_name":"Mundoagropecuario","article_publisher":"https:\/\/www.facebook.com\/mundo.agropecuario.3","article_published_time":"2021-10-04T13:36:29+00:00","article_modified_time":"2021-10-06T15:06:01+00:00","og_image":[{"width":1024,"height":683,"url":"https:\/\/www.mundoagropecuario.cl\/new\/wp-content\/uploads\/2021\/10\/IMG_4067-scaled.jpg","type":"image\/jpeg"}],"author":"mundo","twitter_card":"summary_large_image","twitter_creator":"@MundoAgropecuar","twitter_site":"@MundoAgropecuar","twitter_misc":{"Escrito por":"mundo","Tiempo de lectura":"4 minutos"},"schema":{"@context":"https:\/\/schema.org","@graph":[{"@type":"Article","@id":"https:\/\/www.mundoagropecuario.cl\/new\/aproleche-osorno-refuerza-su-compromiso-con-el-sector-en-historica-asamblea-anual\/#article","isPartOf":{"@id":"https:\/\/www.mundoagropecuario.cl\/new\/aproleche-osorno-refuerza-su-compromiso-con-el-sector-en-historica-asamblea-anual\/"},"author":{"name":"mundo","@id":"https:\/\/www.mundoagropecuario.cl\/new\/#\/schema\/person\/4e9f74a82a7dac260eb1c44b7eebeb18"},"headline":"Aproleche Osorno refuerza su compromiso con el sector en hist\u00f3rica Asamblea Anual","datePublished":"2021-10-04T13:36:29+00:00","dateModified":"2021-10-06T15:06:01+00:00","mainEntityOfPage":{"@id":"https:\/\/www.mundoagropecuario.cl\/new\/aproleche-osorno-refuerza-su-compromiso-con-el-sector-en-historica-asamblea-anual\/"},"wordCount":634,"publisher":{"@id":"https:\/\/www.mundoagropecuario.cl\/new\/#organization"},"image":{"@id":"https:\/\/www.mundoagropecuario.cl\/new\/aproleche-osorno-refuerza-su-compromiso-con-el-sector-en-historica-asamblea-anual\/#primaryimage"},"thumbnailUrl":"https:\/\/www.mundoagropecuario.cl\/new\/wp-content\/uploads\/2021\/10\/IMG_4067-scaled.jpg","keywords":["Agricultura","Agro","Aproleche Osorno","Asamblea anual","Fedeleche","Lacteo","Leche"],"articleSection":["L\u00e1cteos"],"inLanguage":"es"},{"@type":"WebPage","@id":"https:\/\/www.mundoagropecuario.cl\/new\/aproleche-osorno-refuerza-su-compromiso-con-el-sector-en-historica-asamblea-anual\/","url":"https:\/\/www.mundoagropecuario.cl\/new\/aproleche-osorno-refuerza-su-compromiso-con-el-sector-en-historica-asamblea-anual\/","name":"Aproleche Osorno refuerza su compromiso con el sector en hist\u00f3rica Asamblea Anual - Mundoagropecuario","isPartOf":{"@id":"https:\/\/www.mundoagropecuario.cl\/new\/#website"},"primaryImageOfPage":{"@id":"https:\/\/www.mundoagropecuario.cl\/new\/aproleche-osorno-refuerza-su-compromiso-con-el-sector-en-historica-asamblea-anual\/#primaryimage"},"image":{"@id":"https:\/\/www.mundoagropecuario.cl\/new\/aproleche-osorno-refuerza-su-compromiso-con-el-sector-en-historica-asamblea-anual\/#primaryimage"},"thumbnailUrl":"https:\/\/www.mundoagropecuario.cl\/new\/wp-content\/uploads\/2021\/10\/IMG_4067-scaled.jpg","datePublished":"2021-10-04T13:36:29+00:00","dateModified":"2021-10-06T15:06:01+00:00","description":"la Asociaci\u00f3n Gremial de Productores Lecheros de Osorno (Aproleche), desarroll\u00f3 esta semana de manera remota en los salones del Hotel Sonesta.","breadcrumb":{"@id":"https:\/\/www.mundoagropecuario.cl\/new\/aproleche-osorno-refuerza-su-compromiso-con-el-sector-en-historica-asamblea-anual\/#breadcrumb"},"inLanguage":"es","potentialAction":[{"@type":"ReadAction","target":["https:\/\/www.mundoagropecuario.cl\/new\/aproleche-osorno-refuerza-su-compromiso-con-el-sector-en-historica-asamblea-anual\/"]}]},{"@type":"ImageObject","inLanguage":"es","@id":"https:\/\/www.mundoagropecuario.cl\/new\/aproleche-osorno-refuerza-su-compromiso-con-el-sector-en-historica-asamblea-anual\/#primaryimage","url":"https:\/\/www.mundoagropecuario.cl\/new\/wp-content\/uploads\/2021\/10\/IMG_4067-scaled.jpg","contentUrl":"https:\/\/www.mundoagropecuario.cl\/new\/wp-content\/uploads\/2021\/10\/IMG_4067-scaled.jpg","width":600,"height":400},{"@type":"BreadcrumbList","@id":"https:\/\/www.mundoagropecuario.cl\/new\/aproleche-osorno-refuerza-su-compromiso-con-el-sector-en-historica-asamblea-anual\/#breadcrumb","itemListElement":[{"@type":"ListItem","position":1,"name":"Portada","item":"https:\/\/www.mundoagropecuario.cl\/new\/"},{"@type":"ListItem","position":2,"name":"Aproleche Osorno refuerza su compromiso con el sector en hist\u00f3rica Asamblea Anual"}]},{"@type":"WebSite","@id":"https:\/\/www.mundoagropecuario.cl\/new\/#website","url":"https:\/\/www.mundoagropecuario.cl\/new\/","name":"Mundoagropecuario","description":"Mundo Agropecuario","publisher":{"@id":"https:\/\/www.mundoagropecuario.cl\/new\/#organization"},"potentialAction":[{"@type":"SearchAction","target":{"@type":"EntryPoint","urlTemplate":"https:\/\/www.mundoagropecuario.cl\/new\/?s={search_term_string}"},"query-input":{"@type":"PropertyValueSpecification","valueRequired":true,"valueName":"search_term_string"}}],"inLanguage":"es"},{"@type":"Organization","@id":"https:\/\/www.mundoagropecuario.cl\/new\/#organization","name":"Revista de Agricultura","url":"https:\/\/www.mundoagropecuario.cl\/new\/","logo":{"@type":"ImageObject","inLanguage":"es","@id":"https:\/\/www.mundoagropecuario.cl\/new\/#\/schema\/logo\/image\/","url":"https:\/\/www.mundoagropecuario.cl\/new\/wp-content\/uploads\/2020\/11\/PORTAL-1-1.png","contentUrl":"https:\/\/www.mundoagropecuario.cl\/new\/wp-content\/uploads\/2020\/11\/PORTAL-1-1.png","width":1026,"height":100,"caption":"Revista de Agricultura"},"image":{"@id":"https:\/\/www.mundoagropecuario.cl\/new\/#\/schema\/logo\/image\/"},"sameAs":["https:\/\/www.facebook.com\/mundo.agropecuario.3","https:\/\/x.com\/MundoAgropecuar","https:\/\/www.linkedin.com\/in\/mundo-agropecuario-934009201\/"]},{"@type":"Person","@id":"https:\/\/www.mundoagropecuario.cl\/new\/#\/schema\/person\/4e9f74a82a7dac260eb1c44b7eebeb18","name":"mundo","url":"https:\/\/www.mundoagropecuario.cl\/new\/author\/mundo\/"}]}},"_links":{"self":[{"href":"https:\/\/www.mundoagropecuario.cl\/new\/wp-json\/wp\/v2\/posts\/20479","targetHints":{"allow":["GET"]}}],"collection":[{"href":"https:\/\/www.mundoagropecuario.cl\/new\/wp-json\/wp\/v2\/posts"}],"about":[{"href":"https:\/\/www.mundoagropecuario.cl\/new\/wp-json\/wp\/v2\/types\/post"}],"author":[{"embeddable":true,"href":"https:\/\/www.mundoagropecuario.cl\/new\/wp-json\/wp\/v2\/users\/2"}],"replies":[{"embeddable":true,"href":"https:\/\/www.mundoagropecuario.cl\/new\/wp-json\/wp\/v2\/comments?post=20479"}],"version-history":[{"count":1,"href":"https:\/\/www.mundoagropecuario.cl\/new\/wp-json\/wp\/v2\/posts\/20479\/revisions"}],"predecessor-version":[{"id":20484,"href":"https:\/\/www.mundoagropecuario.cl\/new\/wp-json\/wp\/v2\/posts\/20479\/revisions\/20484"}],"wp:featuredmedia":[{"embeddable":true,"href":"https:\/\/www.mundoagropecuario.cl\/new\/wp-json\/wp\/v2\/media\/20482"}],"wp:attachment":[{"href":"https:\/\/www.mundoagropecuario.cl\/new\/wp-json\/wp\/v2\/media?parent=20479"}],"wp:term":[{"taxonomy":"category","embeddable":true,"href":"https:\/\/www.mundoagropecuario.cl\/new\/wp-json\/wp\/v2\/categories?post=20479"},{"taxonomy":"post_tag","embeddable":true,"href":"https:\/\/www.mundoagropecuario.cl\/new\/wp-json\/wp\/v2\/tags?post=20479"}],"curies":[{"name":"wp","href":"https:\/\/api.w.org\/{rel}","templated":true}]}}