{"id":20472,"date":"2021-10-01T12:00:30","date_gmt":"2021-10-01T15:00:30","guid":{"rendered":"https:\/\/www.mundoagropecuario.cl\/new\/?p=20472"},"modified":"2021-10-06T10:26:59","modified_gmt":"2021-10-06T13:26:59","slug":"inia-establece-megaensayo-para-reducir-emisiones-de-gases-de-efecto-invernadero-desde-predios-ganaderos","status":"publish","type":"post","link":"https:\/\/www.mundoagropecuario.cl\/new\/inia-establece-megaensayo-para-reducir-emisiones-de-gases-de-efecto-invernadero-desde-predios-ganaderos\/","title":{"rendered":"INIA establece megaensayo para reducir emisiones de gases de efecto invernadero desde predios ganaderos"},"content":{"rendered":"<blockquote>\n<h2><span style=\"color: #333300;\">Las actividades se enmarcan en el proyecto \u201cIntensificaci\u00f3n sostenible de sistemas ganaderos con leguminosas\u201d, financiado por Fontagro, Procisur y el Ministerio de Industrias Primarias de Nueva Zelanda, apoyando los objetivos de la Alianza Global de Investigaci\u00f3n sobre Gases de Efecto Invernadero Agr\u00edcola (GRA).<\/span><\/h2>\n<\/blockquote>\n<p>El Instituto de Investigaciones Agropecuarias (INIA) de Chile acaba de montar un megaensayo de investigaci\u00f3n que busca generar alternativas de mitigaci\u00f3n para reducir las emisiones de gases de efecto invernadero desde pedios ganaderos. As\u00ed lo inform\u00f3 el Dr. Francisco Salazar, l\u00edder del Grupo de Especialidad de Impacto Ambiental de esta instituci\u00f3n vinculada al Ministerio de Agricultura y l\u00edder en evaluaciones de temas ambientales en el sector agropecuario.<\/p>\n<p>\u201cEste es un megaensayo que estamos haciendo, estamos evaluando simult\u00e1neamente \u00f3xido nitroso y amoniaco desde el suelo. En este proyecto est\u00e1n distintos pa\u00edses participando de Latinoam\u00e9rica y el Caribe. Es un proyecto que est\u00e1 coordinado por el INTA de Argentina y donde participa INIA Chile en forma importante a trav\u00e9s de distintas evaluaciones, una de ellas las emisiones de metano y emisiones posteriores por la aplicaci\u00f3n de fecas y orina y tambi\u00e9n vamos a ver el posible secuestro de carbono producto de praderas con leguminosas\u201d, explic\u00f3 el ingeniero agr\u00f3nomo Ph.D., Francisco Salazar.<\/p>\n<p>&nbsp;<\/p>\n<!--[if lt IE 9]><script>document.createElement('audio');<\/script><![endif]-->\n<audio class=\"wp-audio-shortcode\" id=\"audio-20472-1\" preload=\"none\" style=\"width: 100%;\" controls=\"controls\"><source type=\"audio\/mpeg\" src=\"https:\/\/www.mundoagropecuario.cl\/new\/wp-content\/uploads\/2021\/10\/Cun\u0303a-1-Francisco-Salazar-INIA.mp3?_=1\" \/><a href=\"https:\/\/www.mundoagropecuario.cl\/new\/wp-content\/uploads\/2021\/10\/Cun\u0303a-1-Francisco-Salazar-INIA.mp3\">https:\/\/www.mundoagropecuario.cl\/new\/wp-content\/uploads\/2021\/10\/Cun\u0303a-1-Francisco-Salazar-INIA.mp3<\/a><\/audio>\n<p>El cient\u00edfico del INIA a\u00f1adi\u00f3 que \u201cel proyecto es un consorcio entre Fontagro, Procisur y Ministerio de Industrias Primarias de Nueva Zelanda, que busca reducir las emisiones a trav\u00e9s de la incorporaci\u00f3n de leguminosas en la dieta animal y en la pradera, de todo el ciclo completo\u201d.<\/p>\n<audio class=\"wp-audio-shortcode\" id=\"audio-20472-2\" preload=\"none\" style=\"width: 100%;\" controls=\"controls\"><source type=\"audio\/mpeg\" src=\"https:\/\/www.mundoagropecuario.cl\/new\/wp-content\/uploads\/2021\/10\/Cun\u0303a-2-Francisco-Salazar-INIA.mp3?_=2\" \/><a href=\"https:\/\/www.mundoagropecuario.cl\/new\/wp-content\/uploads\/2021\/10\/Cun\u0303a-2-Francisco-Salazar-INIA.mp3\">https:\/\/www.mundoagropecuario.cl\/new\/wp-content\/uploads\/2021\/10\/Cun\u0303a-2-Francisco-Salazar-INIA.mp3<\/a><\/audio>\n<p>Agreg\u00f3 que \u201ces la primera vez que como INIA Chile estamos haciendo un ensayo que involucra una medida de mitigaci\u00f3n de las emisiones de gases de efecto invernadero a nivel animal, con alimentaci\u00f3n de los animales, con el uso de leguminosas, y que despu\u00e9s estamos evaluando las emisiones producto de las fecas y orinas, o sea, viendo todo el ciclo productivo, porque lo que pasa es que puede haber una medida de mitigaci\u00f3n muy buena desde punto vista de las de metano, pero no as\u00ed en la excreci\u00f3n posterior de nitr\u00f3geno o las emisiones que pueden haber de gases efecto invernadero producto de las fecas y orinas\u201d.<\/p>\n<audio class=\"wp-audio-shortcode\" id=\"audio-20472-3\" preload=\"none\" style=\"width: 100%;\" controls=\"controls\"><source type=\"audio\/mpeg\" src=\"https:\/\/www.mundoagropecuario.cl\/new\/wp-content\/uploads\/2021\/10\/Cun\u0303a-3-Francisco-Salazar.mp3?_=3\" \/><a href=\"https:\/\/www.mundoagropecuario.cl\/new\/wp-content\/uploads\/2021\/10\/Cun\u0303a-3-Francisco-Salazar.mp3\">https:\/\/www.mundoagropecuario.cl\/new\/wp-content\/uploads\/2021\/10\/Cun\u0303a-3-Francisco-Salazar.mp3<\/a><\/audio>\n<p>Finalmente subray\u00f3 que \u201ceste proyecto se enmarca en una serie de ensayos que tenemos en la misma l\u00ednea de investigaci\u00f3n que estamos trabajando hace 20 a\u00f1os, en emisiones de gases de efecto invernadero y p\u00e9rdidas de nutrientes en sistemas agropecuarios, buscando alternativas de mitigaci\u00f3n para reducir las emisiones, para ser m\u00e1s eficientes en el uso de los insumos, generar a la vez m\u00e1s productos y por lo tanto mayor eficiencia econ\u00f3mica al productor, pero tambi\u00e9n una mejor eficiencia ambiental\u201d.<\/p>\n","protected":false},"excerpt":{"rendered":"<p>El Instituto de Investigaciones Agropecuarias (INIA) de Chile acaba de montar un megaensayo de investigaci\u00f3n que busca generar alternativas de mitigaci\u00f3n para reducir las emisiones de gases de efecto invernadero desde pedios ganaderos.<\/p>\n","protected":false},"author":2,"featured_media":20473,"comment_status":"closed","ping_status":"closed","sticky":false,"template":"","format":"standard","meta":{"footnotes":""},"categories":[1945],"tags":[3127,6368,2063,2052,2035,6370,6369,2288],"class_list":["post-20472","post","type-post","status-publish","format-standard","has-post-thumbnail","hentry","category-agricultura","tag-agro","tag-emisiones-de-gases","tag-fontagro","tag-inia","tag-minagri","tag-predios","tag-predios-ganadero","tag-procisur"],"yoast_head":"<!-- This site is optimized with the Yoast SEO plugin v26.6 - https:\/\/yoast.com\/wordpress\/plugins\/seo\/ -->\n<title>INIA establece megaensayo para reducir emisiones de gases de efecto invernadero desde predios ganaderos - Mundoagropecuario<\/title>\n<meta name=\"description\" content=\"INIA acaba de montar un megaensayo de investigaci\u00f3n que busca generar alternativas de mitigaci\u00f3n para reducir las emisiones de gases\" \/>\n<meta name=\"robots\" content=\"index, follow, max-snippet:-1, max-image-preview:large, max-video-preview:-1\" \/>\n<link rel=\"canonical\" href=\"https:\/\/www.mundoagropecuario.cl\/new\/inia-establece-megaensayo-para-reducir-emisiones-de-gases-de-efecto-invernadero-desde-predios-ganaderos\/\" \/>\n<meta property=\"og:locale\" content=\"es_ES\" \/>\n<meta property=\"og:type\" content=\"article\" \/>\n<meta property=\"og:title\" content=\"INIA establece megaensayo para reducir emisiones de gases de efecto invernadero desde predios ganaderos - Mundoagropecuario\" \/>\n<meta property=\"og:description\" content=\"INIA acaba de montar un megaensayo de investigaci\u00f3n que busca generar alternativas de mitigaci\u00f3n para reducir las emisiones de gases\" \/>\n<meta property=\"og:url\" content=\"https:\/\/www.mundoagropecuario.cl\/new\/inia-establece-megaensayo-para-reducir-emisiones-de-gases-de-efecto-invernadero-desde-predios-ganaderos\/\" \/>\n<meta property=\"og:site_name\" content=\"Mundoagropecuario\" \/>\n<meta property=\"article:publisher\" content=\"https:\/\/www.facebook.com\/mundo.agropecuario.3\" \/>\n<meta property=\"article:published_time\" content=\"2021-10-01T15:00:30+00:00\" \/>\n<meta property=\"article:modified_time\" content=\"2021-10-06T13:26:59+00:00\" \/>\n<meta property=\"og:image\" content=\"https:\/\/www.mundoagropecuario.cl\/new\/wp-content\/uploads\/2021\/10\/Megaensayo-gases-invernadero.jpg\" \/>\n\t<meta property=\"og:image:width\" content=\"922\" \/>\n\t<meta property=\"og:image:height\" content=\"691\" \/>\n\t<meta property=\"og:image:type\" content=\"image\/jpeg\" \/>\n<meta name=\"author\" content=\"mundo\" \/>\n<meta name=\"twitter:card\" content=\"summary_large_image\" \/>\n<meta name=\"twitter:creator\" content=\"@MundoAgropecuar\" \/>\n<meta name=\"twitter:site\" content=\"@MundoAgropecuar\" \/>\n<meta name=\"twitter:label1\" content=\"Escrito por\" \/>\n\t<meta name=\"twitter:data1\" content=\"mundo\" \/>\n\t<meta name=\"twitter:label2\" content=\"Tiempo de lectura\" \/>\n\t<meta name=\"twitter:data2\" content=\"3 minutos\" \/>\n<script type=\"application\/ld+json\" class=\"yoast-schema-graph\">{\"@context\":\"https:\/\/schema.org\",\"@graph\":[{\"@type\":\"Article\",\"@id\":\"https:\/\/www.mundoagropecuario.cl\/new\/inia-establece-megaensayo-para-reducir-emisiones-de-gases-de-efecto-invernadero-desde-predios-ganaderos\/#article\",\"isPartOf\":{\"@id\":\"https:\/\/www.mundoagropecuario.cl\/new\/inia-establece-megaensayo-para-reducir-emisiones-de-gases-de-efecto-invernadero-desde-predios-ganaderos\/\"},\"author\":{\"name\":\"mundo\",\"@id\":\"https:\/\/www.mundoagropecuario.cl\/new\/#\/schema\/person\/4e9f74a82a7dac260eb1c44b7eebeb18\"},\"headline\":\"INIA establece megaensayo para reducir emisiones de gases de efecto invernadero desde predios ganaderos\",\"datePublished\":\"2021-10-01T15:00:30+00:00\",\"dateModified\":\"2021-10-06T13:26:59+00:00\",\"mainEntityOfPage\":{\"@id\":\"https:\/\/www.mundoagropecuario.cl\/new\/inia-establece-megaensayo-para-reducir-emisiones-de-gases-de-efecto-invernadero-desde-predios-ganaderos\/\"},\"wordCount\":527,\"publisher\":{\"@id\":\"https:\/\/www.mundoagropecuario.cl\/new\/#organization\"},\"image\":{\"@id\":\"https:\/\/www.mundoagropecuario.cl\/new\/inia-establece-megaensayo-para-reducir-emisiones-de-gases-de-efecto-invernadero-desde-predios-ganaderos\/#primaryimage\"},\"thumbnailUrl\":\"https:\/\/www.mundoagropecuario.cl\/new\/wp-content\/uploads\/2021\/10\/Megaensayo-gases-invernadero.jpg\",\"keywords\":[\"Agro\",\"emisiones de gases\",\"Fontagro\",\"INIA\",\"Minagri\",\"Predios\",\"predios ganadero\",\"Procisur\"],\"articleSection\":[\"Agricultura\"],\"inLanguage\":\"es\"},{\"@type\":\"WebPage\",\"@id\":\"https:\/\/www.mundoagropecuario.cl\/new\/inia-establece-megaensayo-para-reducir-emisiones-de-gases-de-efecto-invernadero-desde-predios-ganaderos\/\",\"url\":\"https:\/\/www.mundoagropecuario.cl\/new\/inia-establece-megaensayo-para-reducir-emisiones-de-gases-de-efecto-invernadero-desde-predios-ganaderos\/\",\"name\":\"INIA establece megaensayo para reducir emisiones de gases de efecto invernadero desde predios ganaderos - Mundoagropecuario\",\"isPartOf\":{\"@id\":\"https:\/\/www.mundoagropecuario.cl\/new\/#website\"},\"primaryImageOfPage\":{\"@id\":\"https:\/\/www.mundoagropecuario.cl\/new\/inia-establece-megaensayo-para-reducir-emisiones-de-gases-de-efecto-invernadero-desde-predios-ganaderos\/#primaryimage\"},\"image\":{\"@id\":\"https:\/\/www.mundoagropecuario.cl\/new\/inia-establece-megaensayo-para-reducir-emisiones-de-gases-de-efecto-invernadero-desde-predios-ganaderos\/#primaryimage\"},\"thumbnailUrl\":\"https:\/\/www.mundoagropecuario.cl\/new\/wp-content\/uploads\/2021\/10\/Megaensayo-gases-invernadero.jpg\",\"datePublished\":\"2021-10-01T15:00:30+00:00\",\"dateModified\":\"2021-10-06T13:26:59+00:00\",\"description\":\"INIA acaba de montar un megaensayo de investigaci\u00f3n que busca generar alternativas de mitigaci\u00f3n para reducir las emisiones de gases\",\"breadcrumb\":{\"@id\":\"https:\/\/www.mundoagropecuario.cl\/new\/inia-establece-megaensayo-para-reducir-emisiones-de-gases-de-efecto-invernadero-desde-predios-ganaderos\/#breadcrumb\"},\"inLanguage\":\"es\",\"potentialAction\":[{\"@type\":\"ReadAction\",\"target\":[\"https:\/\/www.mundoagropecuario.cl\/new\/inia-establece-megaensayo-para-reducir-emisiones-de-gases-de-efecto-invernadero-desde-predios-ganaderos\/\"]}]},{\"@type\":\"ImageObject\",\"inLanguage\":\"es\",\"@id\":\"https:\/\/www.mundoagropecuario.cl\/new\/inia-establece-megaensayo-para-reducir-emisiones-de-gases-de-efecto-invernadero-desde-predios-ganaderos\/#primaryimage\",\"url\":\"https:\/\/www.mundoagropecuario.cl\/new\/wp-content\/uploads\/2021\/10\/Megaensayo-gases-invernadero.jpg\",\"contentUrl\":\"https:\/\/www.mundoagropecuario.cl\/new\/wp-content\/uploads\/2021\/10\/Megaensayo-gases-invernadero.jpg\",\"width\":534,\"height\":400},{\"@type\":\"BreadcrumbList\",\"@id\":\"https:\/\/www.mundoagropecuario.cl\/new\/inia-establece-megaensayo-para-reducir-emisiones-de-gases-de-efecto-invernadero-desde-predios-ganaderos\/#breadcrumb\",\"itemListElement\":[{\"@type\":\"ListItem\",\"position\":1,\"name\":\"Portada\",\"item\":\"https:\/\/www.mundoagropecuario.cl\/new\/\"},{\"@type\":\"ListItem\",\"position\":2,\"name\":\"INIA establece megaensayo para reducir emisiones de gases de efecto invernadero desde predios ganaderos\"}]},{\"@type\":\"WebSite\",\"@id\":\"https:\/\/www.mundoagropecuario.cl\/new\/#website\",\"url\":\"https:\/\/www.mundoagropecuario.cl\/new\/\",\"name\":\"Mundoagropecuario\",\"description\":\"Mundo Agropecuario\",\"publisher\":{\"@id\":\"https:\/\/www.mundoagropecuario.cl\/new\/#organization\"},\"potentialAction\":[{\"@type\":\"SearchAction\",\"target\":{\"@type\":\"EntryPoint\",\"urlTemplate\":\"https:\/\/www.mundoagropecuario.cl\/new\/?s={search_term_string}\"},\"query-input\":{\"@type\":\"PropertyValueSpecification\",\"valueRequired\":true,\"valueName\":\"search_term_string\"}}],\"inLanguage\":\"es\"},{\"@type\":\"Organization\",\"@id\":\"https:\/\/www.mundoagropecuario.cl\/new\/#organization\",\"name\":\"Revista de Agricultura\",\"url\":\"https:\/\/www.mundoagropecuario.cl\/new\/\",\"logo\":{\"@type\":\"ImageObject\",\"inLanguage\":\"es\",\"@id\":\"https:\/\/www.mundoagropecuario.cl\/new\/#\/schema\/logo\/image\/\",\"url\":\"https:\/\/www.mundoagropecuario.cl\/new\/wp-content\/uploads\/2020\/11\/PORTAL-1-1.png\",\"contentUrl\":\"https:\/\/www.mundoagropecuario.cl\/new\/wp-content\/uploads\/2020\/11\/PORTAL-1-1.png\",\"width\":1026,\"height\":100,\"caption\":\"Revista de Agricultura\"},\"image\":{\"@id\":\"https:\/\/www.mundoagropecuario.cl\/new\/#\/schema\/logo\/image\/\"},\"sameAs\":[\"https:\/\/www.facebook.com\/mundo.agropecuario.3\",\"https:\/\/x.com\/MundoAgropecuar\",\"https:\/\/www.linkedin.com\/in\/mundo-agropecuario-934009201\/\"]},{\"@type\":\"Person\",\"@id\":\"https:\/\/www.mundoagropecuario.cl\/new\/#\/schema\/person\/4e9f74a82a7dac260eb1c44b7eebeb18\",\"name\":\"mundo\",\"url\":\"https:\/\/www.mundoagropecuario.cl\/new\/author\/mundo\/\"}]}<\/script>\n<!-- \/ Yoast SEO plugin. -->","yoast_head_json":{"title":"INIA establece megaensayo para reducir emisiones de gases de efecto invernadero desde predios ganaderos - Mundoagropecuario","description":"INIA acaba de montar un megaensayo de investigaci\u00f3n que busca generar alternativas de mitigaci\u00f3n para reducir las emisiones de gases","robots":{"index":"index","follow":"follow","max-snippet":"max-snippet:-1","max-image-preview":"max-image-preview:large","max-video-preview":"max-video-preview:-1"},"canonical":"https:\/\/www.mundoagropecuario.cl\/new\/inia-establece-megaensayo-para-reducir-emisiones-de-gases-de-efecto-invernadero-desde-predios-ganaderos\/","og_locale":"es_ES","og_type":"article","og_title":"INIA establece megaensayo para reducir emisiones de gases de efecto invernadero desde predios ganaderos - Mundoagropecuario","og_description":"INIA acaba de montar un megaensayo de investigaci\u00f3n que busca generar alternativas de mitigaci\u00f3n para reducir las emisiones de gases","og_url":"https:\/\/www.mundoagropecuario.cl\/new\/inia-establece-megaensayo-para-reducir-emisiones-de-gases-de-efecto-invernadero-desde-predios-ganaderos\/","og_site_name":"Mundoagropecuario","article_publisher":"https:\/\/www.facebook.com\/mundo.agropecuario.3","article_published_time":"2021-10-01T15:00:30+00:00","article_modified_time":"2021-10-06T13:26:59+00:00","og_image":[{"width":922,"height":691,"url":"https:\/\/www.mundoagropecuario.cl\/new\/wp-content\/uploads\/2021\/10\/Megaensayo-gases-invernadero.jpg","type":"image\/jpeg"}],"author":"mundo","twitter_card":"summary_large_image","twitter_creator":"@MundoAgropecuar","twitter_site":"@MundoAgropecuar","twitter_misc":{"Escrito por":"mundo","Tiempo de lectura":"3 minutos"},"schema":{"@context":"https:\/\/schema.org","@graph":[{"@type":"Article","@id":"https:\/\/www.mundoagropecuario.cl\/new\/inia-establece-megaensayo-para-reducir-emisiones-de-gases-de-efecto-invernadero-desde-predios-ganaderos\/#article","isPartOf":{"@id":"https:\/\/www.mundoagropecuario.cl\/new\/inia-establece-megaensayo-para-reducir-emisiones-de-gases-de-efecto-invernadero-desde-predios-ganaderos\/"},"author":{"name":"mundo","@id":"https:\/\/www.mundoagropecuario.cl\/new\/#\/schema\/person\/4e9f74a82a7dac260eb1c44b7eebeb18"},"headline":"INIA establece megaensayo para reducir emisiones de gases de efecto invernadero desde predios ganaderos","datePublished":"2021-10-01T15:00:30+00:00","dateModified":"2021-10-06T13:26:59+00:00","mainEntityOfPage":{"@id":"https:\/\/www.mundoagropecuario.cl\/new\/inia-establece-megaensayo-para-reducir-emisiones-de-gases-de-efecto-invernadero-desde-predios-ganaderos\/"},"wordCount":527,"publisher":{"@id":"https:\/\/www.mundoagropecuario.cl\/new\/#organization"},"image":{"@id":"https:\/\/www.mundoagropecuario.cl\/new\/inia-establece-megaensayo-para-reducir-emisiones-de-gases-de-efecto-invernadero-desde-predios-ganaderos\/#primaryimage"},"thumbnailUrl":"https:\/\/www.mundoagropecuario.cl\/new\/wp-content\/uploads\/2021\/10\/Megaensayo-gases-invernadero.jpg","keywords":["Agro","emisiones de gases","Fontagro","INIA","Minagri","Predios","predios ganadero","Procisur"],"articleSection":["Agricultura"],"inLanguage":"es"},{"@type":"WebPage","@id":"https:\/\/www.mundoagropecuario.cl\/new\/inia-establece-megaensayo-para-reducir-emisiones-de-gases-de-efecto-invernadero-desde-predios-ganaderos\/","url":"https:\/\/www.mundoagropecuario.cl\/new\/inia-establece-megaensayo-para-reducir-emisiones-de-gases-de-efecto-invernadero-desde-predios-ganaderos\/","name":"INIA establece megaensayo para reducir emisiones de gases de efecto invernadero desde predios ganaderos - Mundoagropecuario","isPartOf":{"@id":"https:\/\/www.mundoagropecuario.cl\/new\/#website"},"primaryImageOfPage":{"@id":"https:\/\/www.mundoagropecuario.cl\/new\/inia-establece-megaensayo-para-reducir-emisiones-de-gases-de-efecto-invernadero-desde-predios-ganaderos\/#primaryimage"},"image":{"@id":"https:\/\/www.mundoagropecuario.cl\/new\/inia-establece-megaensayo-para-reducir-emisiones-de-gases-de-efecto-invernadero-desde-predios-ganaderos\/#primaryimage"},"thumbnailUrl":"https:\/\/www.mundoagropecuario.cl\/new\/wp-content\/uploads\/2021\/10\/Megaensayo-gases-invernadero.jpg","datePublished":"2021-10-01T15:00:30+00:00","dateModified":"2021-10-06T13:26:59+00:00","description":"INIA acaba de montar un megaensayo de investigaci\u00f3n que busca generar alternativas de mitigaci\u00f3n para reducir las emisiones de gases","breadcrumb":{"@id":"https:\/\/www.mundoagropecuario.cl\/new\/inia-establece-megaensayo-para-reducir-emisiones-de-gases-de-efecto-invernadero-desde-predios-ganaderos\/#breadcrumb"},"inLanguage":"es","potentialAction":[{"@type":"ReadAction","target":["https:\/\/www.mundoagropecuario.cl\/new\/inia-establece-megaensayo-para-reducir-emisiones-de-gases-de-efecto-invernadero-desde-predios-ganaderos\/"]}]},{"@type":"ImageObject","inLanguage":"es","@id":"https:\/\/www.mundoagropecuario.cl\/new\/inia-establece-megaensayo-para-reducir-emisiones-de-gases-de-efecto-invernadero-desde-predios-ganaderos\/#primaryimage","url":"https:\/\/www.mundoagropecuario.cl\/new\/wp-content\/uploads\/2021\/10\/Megaensayo-gases-invernadero.jpg","contentUrl":"https:\/\/www.mundoagropecuario.cl\/new\/wp-content\/uploads\/2021\/10\/Megaensayo-gases-invernadero.jpg","width":534,"height":400},{"@type":"BreadcrumbList","@id":"https:\/\/www.mundoagropecuario.cl\/new\/inia-establece-megaensayo-para-reducir-emisiones-de-gases-de-efecto-invernadero-desde-predios-ganaderos\/#breadcrumb","itemListElement":[{"@type":"ListItem","position":1,"name":"Portada","item":"https:\/\/www.mundoagropecuario.cl\/new\/"},{"@type":"ListItem","position":2,"name":"INIA establece megaensayo para reducir emisiones de gases de efecto invernadero desde predios ganaderos"}]},{"@type":"WebSite","@id":"https:\/\/www.mundoagropecuario.cl\/new\/#website","url":"https:\/\/www.mundoagropecuario.cl\/new\/","name":"Mundoagropecuario","description":"Mundo Agropecuario","publisher":{"@id":"https:\/\/www.mundoagropecuario.cl\/new\/#organization"},"potentialAction":[{"@type":"SearchAction","target":{"@type":"EntryPoint","urlTemplate":"https:\/\/www.mundoagropecuario.cl\/new\/?s={search_term_string}"},"query-input":{"@type":"PropertyValueSpecification","valueRequired":true,"valueName":"search_term_string"}}],"inLanguage":"es"},{"@type":"Organization","@id":"https:\/\/www.mundoagropecuario.cl\/new\/#organization","name":"Revista de Agricultura","url":"https:\/\/www.mundoagropecuario.cl\/new\/","logo":{"@type":"ImageObject","inLanguage":"es","@id":"https:\/\/www.mundoagropecuario.cl\/new\/#\/schema\/logo\/image\/","url":"https:\/\/www.mundoagropecuario.cl\/new\/wp-content\/uploads\/2020\/11\/PORTAL-1-1.png","contentUrl":"https:\/\/www.mundoagropecuario.cl\/new\/wp-content\/uploads\/2020\/11\/PORTAL-1-1.png","width":1026,"height":100,"caption":"Revista de Agricultura"},"image":{"@id":"https:\/\/www.mundoagropecuario.cl\/new\/#\/schema\/logo\/image\/"},"sameAs":["https:\/\/www.facebook.com\/mundo.agropecuario.3","https:\/\/x.com\/MundoAgropecuar","https:\/\/www.linkedin.com\/in\/mundo-agropecuario-934009201\/"]},{"@type":"Person","@id":"https:\/\/www.mundoagropecuario.cl\/new\/#\/schema\/person\/4e9f74a82a7dac260eb1c44b7eebeb18","name":"mundo","url":"https:\/\/www.mundoagropecuario.cl\/new\/author\/mundo\/"}]}},"_links":{"self":[{"href":"https:\/\/www.mundoagropecuario.cl\/new\/wp-json\/wp\/v2\/posts\/20472","targetHints":{"allow":["GET"]}}],"collection":[{"href":"https:\/\/www.mundoagropecuario.cl\/new\/wp-json\/wp\/v2\/posts"}],"about":[{"href":"https:\/\/www.mundoagropecuario.cl\/new\/wp-json\/wp\/v2\/types\/post"}],"author":[{"embeddable":true,"href":"https:\/\/www.mundoagropecuario.cl\/new\/wp-json\/wp\/v2\/users\/2"}],"replies":[{"embeddable":true,"href":"https:\/\/www.mundoagropecuario.cl\/new\/wp-json\/wp\/v2\/comments?post=20472"}],"version-history":[{"count":1,"href":"https:\/\/www.mundoagropecuario.cl\/new\/wp-json\/wp\/v2\/posts\/20472\/revisions"}],"predecessor-version":[{"id":20477,"href":"https:\/\/www.mundoagropecuario.cl\/new\/wp-json\/wp\/v2\/posts\/20472\/revisions\/20477"}],"wp:featuredmedia":[{"embeddable":true,"href":"https:\/\/www.mundoagropecuario.cl\/new\/wp-json\/wp\/v2\/media\/20473"}],"wp:attachment":[{"href":"https:\/\/www.mundoagropecuario.cl\/new\/wp-json\/wp\/v2\/media?parent=20472"}],"wp:term":[{"taxonomy":"category","embeddable":true,"href":"https:\/\/www.mundoagropecuario.cl\/new\/wp-json\/wp\/v2\/categories?post=20472"},{"taxonomy":"post_tag","embeddable":true,"href":"https:\/\/www.mundoagropecuario.cl\/new\/wp-json\/wp\/v2\/tags?post=20472"}],"curies":[{"name":"wp","href":"https:\/\/api.w.org\/{rel}","templated":true}]}}