{"id":20406,"date":"2021-09-24T11:29:17","date_gmt":"2021-09-24T14:29:17","guid":{"rendered":"https:\/\/www.mundoagropecuario.cl\/new\/?p=20406"},"modified":"2021-09-28T12:47:33","modified_gmt":"2021-09-28T15:47:33","slug":"inia-la-platina-genera-alianza-con-asociacion-de-apicultores-de-la-zona-central","status":"publish","type":"post","link":"https:\/\/www.mundoagropecuario.cl\/new\/inia-la-platina-genera-alianza-con-asociacion-de-apicultores-de-la-zona-central\/","title":{"rendered":"INIA La Platina genera alianza con asociaci\u00f3n de apicultores de la zona central"},"content":{"rendered":"<blockquote>\n<h2><span style=\"color: #333300;\">Determinar la trazabilidad de la miel resulta fundamental para conocer la calidad del producto que se comercializa y\/o consume, y es esa la tarea del Laboratorio de Servicios Anal\u00edticos para la Miel de\u00a0 INIA La Platina.<\/span><\/h2>\n<\/blockquote>\n<p>El convenio fue suscrito entre el proyecto GEF Monta\u00f1a del Ministerio del Medio Ambiente e INIA La Platina,\u00a0 para apoyar a la Cooperativa de Apicultores Org\u00e1nicos de Chile (ApiChileOrg\u00e1nicos) de la regi\u00f3n Metropolitana, cuyos integrantes, 5 mujeres y 6 hombres, poseen en total m\u00e1s de 600 colmenas en Pirque y el sur del pa\u00eds.<\/p>\n<p><a href=\"https:\/\/www.mundoagropecuario.cl\/new\/wp-content\/uploads\/2021\/09\/abejas-6.jpg\"><img loading=\"lazy\" decoding=\"async\" class=\" wp-image-20213 alignleft\" src=\"https:\/\/www.mundoagropecuario.cl\/new\/wp-content\/uploads\/2021\/09\/abejas-6-586x440.jpg\" alt=\"\" width=\"449\" height=\"394\" \/><\/a>Con el objetivo de analizar y caracterizar sus mieles los productores est\u00e1n enviando muestras al Laboratorio de Servicios Anal\u00edticos para Miel de INIA La Platina. As\u00ed lo explic\u00f3 el investigador y encargado del laboratorio,\u00a0 Dr. Pablo Ulloa, quien, junto al investigador extensionista ap\u00edcola, Felipe Gelcich, lideran el trabajo de colaboraci\u00f3n con los apicultores que incluye adem\u00e1s un completo plan de capacitaciones sobre la composici\u00f3n de la miel, propiedades y manejo de colmenas.<\/p>\n<p>Sobre la iniciativa, Felipe explic\u00f3 que \u201cvarios apiarios de la agrupaci\u00f3n est\u00e1n comenzando con el proceso de certificaci\u00f3n org\u00e1nica ante el Servicio Agr\u00edcola y Ganadero (SAG), por lo tanto, requieren profesionalizar algunos conceptos relacionados con manejo t\u00e9cnico y sanitario de apiarios. Adem\u00e1s, de entender las condiciones del entorno circundante\u00a0\u00a0 a las\u00a0\u00a0 unidades productivas, para\u00a0\u00a0 poder responder a la normativa\u00a0\u00a0 de producci\u00f3n ap\u00edcola org\u00e1nica vigente en Chile\u201d.<\/p>\n<p>En tanto, el encargado del laboratorio indic\u00f3 que al igual que esta agrupaci\u00f3n, son muchos los apicultores interesados en caracterizar las mieles cosechadas recientemente (temporada 2020-21), para as\u00ed poder establecer una estrategia comercial basada en la diferenciaci\u00f3n de sus productos, en aspectos relacionados con la actividad biol\u00f3gica de las mieles en relaci\u00f3n a ubicaci\u00f3n geogr\u00e1fica de los apiarios (valle, precordillera y cordillera).<\/p>\n<p>Para obtener m\u00e1s informaci\u00f3n sobre el Laboratorio de Servicios Anal\u00edticos de Miel de INIA La Platina hacer clic aqu\u00ed<\/p>\n<p><strong><span style=\"color: #333300;\">ApiChileOrg\u00e1nicos<\/span><\/strong><\/p>\n<p>El 100% de los socios de la cooperativa ha participado en un Grupo de Transferencia Tecnol\u00f3gica (GTT) de INIA Platina, en la regi\u00f3n Metropolitana. Actualmente, los apicultores est\u00e1n cursando la segunda temporada de GTT Org\u00e1nico, quienes adem\u00e1s de recibir asesor\u00eda t\u00e9cnica entregada por Felipe Gelcich son asesorados para el desarrollo personal y asociativo.<\/p>\n<p>Huguette Bandet, presidente de la directiva de ApiChileOrg\u00e1nicos, explic\u00f3 qu\u00e9 significa practicar una apicultura org\u00e1nica. \u201cUna conexi\u00f3n entre las abejas y apicultor, la que se realiza mediante un manejo y t\u00e9cnicas que respetan el tipo de cuidado y alimentaci\u00f3n de las abejas, de una forma distinta a la tradicional. Para poder hacer un manejo org\u00e1nico hay que tener presente que \u00e9ste se realiza siempre pensando en la prevenci\u00f3n y no en curar post enfermedad o crisis. Por tal motivo el manejo org\u00e1nico, al ser preventivo requiere mayor atenci\u00f3n, persistencia y continuidad de la labor\u201d.<\/p>\n","protected":false},"excerpt":{"rendered":"<p>El convenio fue suscrito entre el proyecto GEF Monta\u00f1a del Ministerio del Medio Ambiente e INIA La Platina,\u00a0 para apoyar a la Cooperativa de Apicultores Org\u00e1nicos de Chile (ApiChileOrg\u00e1nicos)<\/p>\n","protected":false},"author":2,"featured_media":20407,"comment_status":"closed","ping_status":"closed","sticky":false,"template":"","format":"standard","meta":{"footnotes":""},"categories":[1945],"tags":[2668,3127,6351,2378,1982,2525,2035],"class_list":["post-20406","post","type-post","status-publish","format-standard","has-post-thumbnail","hentry","category-agricultura","tag-abejas","tag-agro","tag-apichileorganicos","tag-apicola","tag-apicultores","tag-inia-la-platina","tag-minagri"],"yoast_head":"<!-- This site is optimized with the Yoast SEO plugin v26.6 - https:\/\/yoast.com\/wordpress\/plugins\/seo\/ -->\n<title>INIA La Platina genera alianza con asociaci\u00f3n de apicultores de la zona central - Mundoagropecuario<\/title>\n<meta name=\"description\" content=\"El convenio entre el Ministerio del Medio Ambiente e INIA La Platina,\u00a0 es para apoyar a la Cooperativa de Apicultores Org\u00e1nicos de Chile\" \/>\n<meta name=\"robots\" content=\"index, follow, max-snippet:-1, max-image-preview:large, max-video-preview:-1\" \/>\n<link rel=\"canonical\" href=\"https:\/\/www.mundoagropecuario.cl\/new\/inia-la-platina-genera-alianza-con-asociacion-de-apicultores-de-la-zona-central\/\" \/>\n<meta property=\"og:locale\" content=\"es_ES\" \/>\n<meta property=\"og:type\" content=\"article\" \/>\n<meta property=\"og:title\" content=\"INIA La Platina genera alianza con asociaci\u00f3n de apicultores de la zona central - Mundoagropecuario\" \/>\n<meta property=\"og:description\" content=\"El convenio entre el Ministerio del Medio Ambiente e INIA La Platina,\u00a0 es para apoyar a la Cooperativa de Apicultores Org\u00e1nicos de Chile\" \/>\n<meta property=\"og:url\" content=\"https:\/\/www.mundoagropecuario.cl\/new\/inia-la-platina-genera-alianza-con-asociacion-de-apicultores-de-la-zona-central\/\" \/>\n<meta property=\"og:site_name\" content=\"Mundoagropecuario\" \/>\n<meta property=\"article:publisher\" content=\"https:\/\/www.facebook.com\/mundo.agropecuario.3\" \/>\n<meta property=\"article:published_time\" content=\"2021-09-24T14:29:17+00:00\" \/>\n<meta property=\"article:modified_time\" content=\"2021-09-28T15:47:33+00:00\" \/>\n<meta property=\"og:image\" content=\"https:\/\/www.mundoagropecuario.cl\/new\/wp-content\/uploads\/2021\/09\/inia-la-platina-apicultores-scaled.jpeg\" \/>\n\t<meta property=\"og:image:width\" content=\"1024\" \/>\n\t<meta property=\"og:image:height\" content=\"768\" \/>\n\t<meta property=\"og:image:type\" content=\"image\/jpeg\" \/>\n<meta name=\"author\" content=\"mundo\" \/>\n<meta name=\"twitter:card\" content=\"summary_large_image\" \/>\n<meta name=\"twitter:creator\" content=\"@MundoAgropecuar\" \/>\n<meta name=\"twitter:site\" content=\"@MundoAgropecuar\" \/>\n<meta name=\"twitter:label1\" content=\"Escrito por\" \/>\n\t<meta name=\"twitter:data1\" content=\"mundo\" \/>\n\t<meta name=\"twitter:label2\" content=\"Tiempo de lectura\" \/>\n\t<meta name=\"twitter:data2\" content=\"3 minutos\" \/>\n<script type=\"application\/ld+json\" class=\"yoast-schema-graph\">{\"@context\":\"https:\/\/schema.org\",\"@graph\":[{\"@type\":\"Article\",\"@id\":\"https:\/\/www.mundoagropecuario.cl\/new\/inia-la-platina-genera-alianza-con-asociacion-de-apicultores-de-la-zona-central\/#article\",\"isPartOf\":{\"@id\":\"https:\/\/www.mundoagropecuario.cl\/new\/inia-la-platina-genera-alianza-con-asociacion-de-apicultores-de-la-zona-central\/\"},\"author\":{\"name\":\"mundo\",\"@id\":\"https:\/\/www.mundoagropecuario.cl\/new\/#\/schema\/person\/4e9f74a82a7dac260eb1c44b7eebeb18\"},\"headline\":\"INIA La Platina genera alianza con asociaci\u00f3n de apicultores de la zona central\",\"datePublished\":\"2021-09-24T14:29:17+00:00\",\"dateModified\":\"2021-09-28T15:47:33+00:00\",\"mainEntityOfPage\":{\"@id\":\"https:\/\/www.mundoagropecuario.cl\/new\/inia-la-platina-genera-alianza-con-asociacion-de-apicultores-de-la-zona-central\/\"},\"wordCount\":517,\"publisher\":{\"@id\":\"https:\/\/www.mundoagropecuario.cl\/new\/#organization\"},\"image\":{\"@id\":\"https:\/\/www.mundoagropecuario.cl\/new\/inia-la-platina-genera-alianza-con-asociacion-de-apicultores-de-la-zona-central\/#primaryimage\"},\"thumbnailUrl\":\"https:\/\/www.mundoagropecuario.cl\/new\/wp-content\/uploads\/2021\/09\/inia-la-platina-apicultores-scaled.jpeg\",\"keywords\":[\"abejas\",\"Agro\",\"ApiChileOrg\u00e1nicos\",\"Ap\u00edcola\",\"apicultores\",\"INIA La Platina\",\"Minagri\"],\"articleSection\":[\"Agricultura\"],\"inLanguage\":\"es\"},{\"@type\":\"WebPage\",\"@id\":\"https:\/\/www.mundoagropecuario.cl\/new\/inia-la-platina-genera-alianza-con-asociacion-de-apicultores-de-la-zona-central\/\",\"url\":\"https:\/\/www.mundoagropecuario.cl\/new\/inia-la-platina-genera-alianza-con-asociacion-de-apicultores-de-la-zona-central\/\",\"name\":\"INIA La Platina genera alianza con asociaci\u00f3n de apicultores de la zona central - Mundoagropecuario\",\"isPartOf\":{\"@id\":\"https:\/\/www.mundoagropecuario.cl\/new\/#website\"},\"primaryImageOfPage\":{\"@id\":\"https:\/\/www.mundoagropecuario.cl\/new\/inia-la-platina-genera-alianza-con-asociacion-de-apicultores-de-la-zona-central\/#primaryimage\"},\"image\":{\"@id\":\"https:\/\/www.mundoagropecuario.cl\/new\/inia-la-platina-genera-alianza-con-asociacion-de-apicultores-de-la-zona-central\/#primaryimage\"},\"thumbnailUrl\":\"https:\/\/www.mundoagropecuario.cl\/new\/wp-content\/uploads\/2021\/09\/inia-la-platina-apicultores-scaled.jpeg\",\"datePublished\":\"2021-09-24T14:29:17+00:00\",\"dateModified\":\"2021-09-28T15:47:33+00:00\",\"description\":\"El convenio entre el Ministerio del Medio Ambiente e INIA La Platina,\u00a0 es para apoyar a la Cooperativa de Apicultores Org\u00e1nicos de Chile\",\"breadcrumb\":{\"@id\":\"https:\/\/www.mundoagropecuario.cl\/new\/inia-la-platina-genera-alianza-con-asociacion-de-apicultores-de-la-zona-central\/#breadcrumb\"},\"inLanguage\":\"es\",\"potentialAction\":[{\"@type\":\"ReadAction\",\"target\":[\"https:\/\/www.mundoagropecuario.cl\/new\/inia-la-platina-genera-alianza-con-asociacion-de-apicultores-de-la-zona-central\/\"]}]},{\"@type\":\"ImageObject\",\"inLanguage\":\"es\",\"@id\":\"https:\/\/www.mundoagropecuario.cl\/new\/inia-la-platina-genera-alianza-con-asociacion-de-apicultores-de-la-zona-central\/#primaryimage\",\"url\":\"https:\/\/www.mundoagropecuario.cl\/new\/wp-content\/uploads\/2021\/09\/inia-la-platina-apicultores-scaled.jpeg\",\"contentUrl\":\"https:\/\/www.mundoagropecuario.cl\/new\/wp-content\/uploads\/2021\/09\/inia-la-platina-apicultores-scaled.jpeg\",\"width\":533,\"height\":400},{\"@type\":\"BreadcrumbList\",\"@id\":\"https:\/\/www.mundoagropecuario.cl\/new\/inia-la-platina-genera-alianza-con-asociacion-de-apicultores-de-la-zona-central\/#breadcrumb\",\"itemListElement\":[{\"@type\":\"ListItem\",\"position\":1,\"name\":\"Portada\",\"item\":\"https:\/\/www.mundoagropecuario.cl\/new\/\"},{\"@type\":\"ListItem\",\"position\":2,\"name\":\"INIA La Platina genera alianza con asociaci\u00f3n de apicultores de la zona central\"}]},{\"@type\":\"WebSite\",\"@id\":\"https:\/\/www.mundoagropecuario.cl\/new\/#website\",\"url\":\"https:\/\/www.mundoagropecuario.cl\/new\/\",\"name\":\"Mundoagropecuario\",\"description\":\"Mundo Agropecuario\",\"publisher\":{\"@id\":\"https:\/\/www.mundoagropecuario.cl\/new\/#organization\"},\"potentialAction\":[{\"@type\":\"SearchAction\",\"target\":{\"@type\":\"EntryPoint\",\"urlTemplate\":\"https:\/\/www.mundoagropecuario.cl\/new\/?s={search_term_string}\"},\"query-input\":{\"@type\":\"PropertyValueSpecification\",\"valueRequired\":true,\"valueName\":\"search_term_string\"}}],\"inLanguage\":\"es\"},{\"@type\":\"Organization\",\"@id\":\"https:\/\/www.mundoagropecuario.cl\/new\/#organization\",\"name\":\"Revista de Agricultura\",\"url\":\"https:\/\/www.mundoagropecuario.cl\/new\/\",\"logo\":{\"@type\":\"ImageObject\",\"inLanguage\":\"es\",\"@id\":\"https:\/\/www.mundoagropecuario.cl\/new\/#\/schema\/logo\/image\/\",\"url\":\"https:\/\/www.mundoagropecuario.cl\/new\/wp-content\/uploads\/2020\/11\/PORTAL-1-1.png\",\"contentUrl\":\"https:\/\/www.mundoagropecuario.cl\/new\/wp-content\/uploads\/2020\/11\/PORTAL-1-1.png\",\"width\":1026,\"height\":100,\"caption\":\"Revista de Agricultura\"},\"image\":{\"@id\":\"https:\/\/www.mundoagropecuario.cl\/new\/#\/schema\/logo\/image\/\"},\"sameAs\":[\"https:\/\/www.facebook.com\/mundo.agropecuario.3\",\"https:\/\/x.com\/MundoAgropecuar\",\"https:\/\/www.linkedin.com\/in\/mundo-agropecuario-934009201\/\"]},{\"@type\":\"Person\",\"@id\":\"https:\/\/www.mundoagropecuario.cl\/new\/#\/schema\/person\/4e9f74a82a7dac260eb1c44b7eebeb18\",\"name\":\"mundo\",\"url\":\"https:\/\/www.mundoagropecuario.cl\/new\/author\/mundo\/\"}]}<\/script>\n<!-- \/ Yoast SEO plugin. -->","yoast_head_json":{"title":"INIA La Platina genera alianza con asociaci\u00f3n de apicultores de la zona central - Mundoagropecuario","description":"El convenio entre el Ministerio del Medio Ambiente e INIA La Platina,\u00a0 es para apoyar a la Cooperativa de Apicultores Org\u00e1nicos de Chile","robots":{"index":"index","follow":"follow","max-snippet":"max-snippet:-1","max-image-preview":"max-image-preview:large","max-video-preview":"max-video-preview:-1"},"canonical":"https:\/\/www.mundoagropecuario.cl\/new\/inia-la-platina-genera-alianza-con-asociacion-de-apicultores-de-la-zona-central\/","og_locale":"es_ES","og_type":"article","og_title":"INIA La Platina genera alianza con asociaci\u00f3n de apicultores de la zona central - Mundoagropecuario","og_description":"El convenio entre el Ministerio del Medio Ambiente e INIA La Platina,\u00a0 es para apoyar a la Cooperativa de Apicultores Org\u00e1nicos de Chile","og_url":"https:\/\/www.mundoagropecuario.cl\/new\/inia-la-platina-genera-alianza-con-asociacion-de-apicultores-de-la-zona-central\/","og_site_name":"Mundoagropecuario","article_publisher":"https:\/\/www.facebook.com\/mundo.agropecuario.3","article_published_time":"2021-09-24T14:29:17+00:00","article_modified_time":"2021-09-28T15:47:33+00:00","og_image":[{"width":1024,"height":768,"url":"https:\/\/www.mundoagropecuario.cl\/new\/wp-content\/uploads\/2021\/09\/inia-la-platina-apicultores-scaled.jpeg","type":"image\/jpeg"}],"author":"mundo","twitter_card":"summary_large_image","twitter_creator":"@MundoAgropecuar","twitter_site":"@MundoAgropecuar","twitter_misc":{"Escrito por":"mundo","Tiempo de lectura":"3 minutos"},"schema":{"@context":"https:\/\/schema.org","@graph":[{"@type":"Article","@id":"https:\/\/www.mundoagropecuario.cl\/new\/inia-la-platina-genera-alianza-con-asociacion-de-apicultores-de-la-zona-central\/#article","isPartOf":{"@id":"https:\/\/www.mundoagropecuario.cl\/new\/inia-la-platina-genera-alianza-con-asociacion-de-apicultores-de-la-zona-central\/"},"author":{"name":"mundo","@id":"https:\/\/www.mundoagropecuario.cl\/new\/#\/schema\/person\/4e9f74a82a7dac260eb1c44b7eebeb18"},"headline":"INIA La Platina genera alianza con asociaci\u00f3n de apicultores de la zona central","datePublished":"2021-09-24T14:29:17+00:00","dateModified":"2021-09-28T15:47:33+00:00","mainEntityOfPage":{"@id":"https:\/\/www.mundoagropecuario.cl\/new\/inia-la-platina-genera-alianza-con-asociacion-de-apicultores-de-la-zona-central\/"},"wordCount":517,"publisher":{"@id":"https:\/\/www.mundoagropecuario.cl\/new\/#organization"},"image":{"@id":"https:\/\/www.mundoagropecuario.cl\/new\/inia-la-platina-genera-alianza-con-asociacion-de-apicultores-de-la-zona-central\/#primaryimage"},"thumbnailUrl":"https:\/\/www.mundoagropecuario.cl\/new\/wp-content\/uploads\/2021\/09\/inia-la-platina-apicultores-scaled.jpeg","keywords":["abejas","Agro","ApiChileOrg\u00e1nicos","Ap\u00edcola","apicultores","INIA La Platina","Minagri"],"articleSection":["Agricultura"],"inLanguage":"es"},{"@type":"WebPage","@id":"https:\/\/www.mundoagropecuario.cl\/new\/inia-la-platina-genera-alianza-con-asociacion-de-apicultores-de-la-zona-central\/","url":"https:\/\/www.mundoagropecuario.cl\/new\/inia-la-platina-genera-alianza-con-asociacion-de-apicultores-de-la-zona-central\/","name":"INIA La Platina genera alianza con asociaci\u00f3n de apicultores de la zona central - Mundoagropecuario","isPartOf":{"@id":"https:\/\/www.mundoagropecuario.cl\/new\/#website"},"primaryImageOfPage":{"@id":"https:\/\/www.mundoagropecuario.cl\/new\/inia-la-platina-genera-alianza-con-asociacion-de-apicultores-de-la-zona-central\/#primaryimage"},"image":{"@id":"https:\/\/www.mundoagropecuario.cl\/new\/inia-la-platina-genera-alianza-con-asociacion-de-apicultores-de-la-zona-central\/#primaryimage"},"thumbnailUrl":"https:\/\/www.mundoagropecuario.cl\/new\/wp-content\/uploads\/2021\/09\/inia-la-platina-apicultores-scaled.jpeg","datePublished":"2021-09-24T14:29:17+00:00","dateModified":"2021-09-28T15:47:33+00:00","description":"El convenio entre el Ministerio del Medio Ambiente e INIA La Platina,\u00a0 es para apoyar a la Cooperativa de Apicultores Org\u00e1nicos de Chile","breadcrumb":{"@id":"https:\/\/www.mundoagropecuario.cl\/new\/inia-la-platina-genera-alianza-con-asociacion-de-apicultores-de-la-zona-central\/#breadcrumb"},"inLanguage":"es","potentialAction":[{"@type":"ReadAction","target":["https:\/\/www.mundoagropecuario.cl\/new\/inia-la-platina-genera-alianza-con-asociacion-de-apicultores-de-la-zona-central\/"]}]},{"@type":"ImageObject","inLanguage":"es","@id":"https:\/\/www.mundoagropecuario.cl\/new\/inia-la-platina-genera-alianza-con-asociacion-de-apicultores-de-la-zona-central\/#primaryimage","url":"https:\/\/www.mundoagropecuario.cl\/new\/wp-content\/uploads\/2021\/09\/inia-la-platina-apicultores-scaled.jpeg","contentUrl":"https:\/\/www.mundoagropecuario.cl\/new\/wp-content\/uploads\/2021\/09\/inia-la-platina-apicultores-scaled.jpeg","width":533,"height":400},{"@type":"BreadcrumbList","@id":"https:\/\/www.mundoagropecuario.cl\/new\/inia-la-platina-genera-alianza-con-asociacion-de-apicultores-de-la-zona-central\/#breadcrumb","itemListElement":[{"@type":"ListItem","position":1,"name":"Portada","item":"https:\/\/www.mundoagropecuario.cl\/new\/"},{"@type":"ListItem","position":2,"name":"INIA La Platina genera alianza con asociaci\u00f3n de apicultores de la zona central"}]},{"@type":"WebSite","@id":"https:\/\/www.mundoagropecuario.cl\/new\/#website","url":"https:\/\/www.mundoagropecuario.cl\/new\/","name":"Mundoagropecuario","description":"Mundo Agropecuario","publisher":{"@id":"https:\/\/www.mundoagropecuario.cl\/new\/#organization"},"potentialAction":[{"@type":"SearchAction","target":{"@type":"EntryPoint","urlTemplate":"https:\/\/www.mundoagropecuario.cl\/new\/?s={search_term_string}"},"query-input":{"@type":"PropertyValueSpecification","valueRequired":true,"valueName":"search_term_string"}}],"inLanguage":"es"},{"@type":"Organization","@id":"https:\/\/www.mundoagropecuario.cl\/new\/#organization","name":"Revista de Agricultura","url":"https:\/\/www.mundoagropecuario.cl\/new\/","logo":{"@type":"ImageObject","inLanguage":"es","@id":"https:\/\/www.mundoagropecuario.cl\/new\/#\/schema\/logo\/image\/","url":"https:\/\/www.mundoagropecuario.cl\/new\/wp-content\/uploads\/2020\/11\/PORTAL-1-1.png","contentUrl":"https:\/\/www.mundoagropecuario.cl\/new\/wp-content\/uploads\/2020\/11\/PORTAL-1-1.png","width":1026,"height":100,"caption":"Revista de Agricultura"},"image":{"@id":"https:\/\/www.mundoagropecuario.cl\/new\/#\/schema\/logo\/image\/"},"sameAs":["https:\/\/www.facebook.com\/mundo.agropecuario.3","https:\/\/x.com\/MundoAgropecuar","https:\/\/www.linkedin.com\/in\/mundo-agropecuario-934009201\/"]},{"@type":"Person","@id":"https:\/\/www.mundoagropecuario.cl\/new\/#\/schema\/person\/4e9f74a82a7dac260eb1c44b7eebeb18","name":"mundo","url":"https:\/\/www.mundoagropecuario.cl\/new\/author\/mundo\/"}]}},"_links":{"self":[{"href":"https:\/\/www.mundoagropecuario.cl\/new\/wp-json\/wp\/v2\/posts\/20406","targetHints":{"allow":["GET"]}}],"collection":[{"href":"https:\/\/www.mundoagropecuario.cl\/new\/wp-json\/wp\/v2\/posts"}],"about":[{"href":"https:\/\/www.mundoagropecuario.cl\/new\/wp-json\/wp\/v2\/types\/post"}],"author":[{"embeddable":true,"href":"https:\/\/www.mundoagropecuario.cl\/new\/wp-json\/wp\/v2\/users\/2"}],"replies":[{"embeddable":true,"href":"https:\/\/www.mundoagropecuario.cl\/new\/wp-json\/wp\/v2\/comments?post=20406"}],"version-history":[{"count":1,"href":"https:\/\/www.mundoagropecuario.cl\/new\/wp-json\/wp\/v2\/posts\/20406\/revisions"}],"predecessor-version":[{"id":20408,"href":"https:\/\/www.mundoagropecuario.cl\/new\/wp-json\/wp\/v2\/posts\/20406\/revisions\/20408"}],"wp:featuredmedia":[{"embeddable":true,"href":"https:\/\/www.mundoagropecuario.cl\/new\/wp-json\/wp\/v2\/media\/20407"}],"wp:attachment":[{"href":"https:\/\/www.mundoagropecuario.cl\/new\/wp-json\/wp\/v2\/media?parent=20406"}],"wp:term":[{"taxonomy":"category","embeddable":true,"href":"https:\/\/www.mundoagropecuario.cl\/new\/wp-json\/wp\/v2\/categories?post=20406"},{"taxonomy":"post_tag","embeddable":true,"href":"https:\/\/www.mundoagropecuario.cl\/new\/wp-json\/wp\/v2\/tags?post=20406"}],"curies":[{"name":"wp","href":"https:\/\/api.w.org\/{rel}","templated":true}]}}