{"id":20365,"date":"2021-09-22T11:40:50","date_gmt":"2021-09-22T14:40:50","guid":{"rendered":"https:\/\/www.mundoagropecuario.cl\/new\/?p=20365"},"modified":"2021-09-23T12:51:26","modified_gmt":"2021-09-23T15:51:26","slug":"florecen-los-primeros-almendros-en-latitudes-extremas","status":"publish","type":"post","link":"https:\/\/www.mundoagropecuario.cl\/new\/florecen-los-primeros-almendros-en-latitudes-extremas\/","title":{"rendered":"Florecen los primeros almendros en latitudes extremas"},"content":{"rendered":"<blockquote>\n<h2><span style=\"color: #003300;\">La iniciativa ejecutada por INIA Carillanca junto al apoyo de la Fundaci\u00f3n para la Innovaci\u00f3n Agraria (FIA), se est\u00e1 desarrollando en la Regi\u00f3n de La Araucan\u00eda. Se espera que desde el tercer a\u00f1o comience la producci\u00f3n de almendras.<\/span><\/h2>\n<\/blockquote>\n<p>El cambio clim\u00e1tico presenta muchos desaf\u00edos para la agricultura, pero tambi\u00e9n es una oportunidad para innovar en cultivos en zonas extremas debido al aumento de las temperaturas. Un caso de \u00e9xito es el cultivo de almendros en La Araucan\u00eda que ya comenz\u00f3 el proceso de floraci\u00f3n, con hermosas y c\u00e1lidas flores, blancas y rosadas. La iniciativa es desarrollada gracias a la ejecuci\u00f3n de INIA Carillanca y el apoyo de la Fundaci\u00f3n para la Innovaci\u00f3n Agraria (FIA), con el objetivo de ofrecer una nueva alternativa productiva de variedades de almendros en zonas extremas.\u00a0 \u201cVer los primeros resultados de esta innovaci\u00f3n in\u00e9dita en Chile, nos permite corroborar que ante la incertidumbre del cambio clim\u00e1tico, poco a poco podemos tener certezas. Por otro lado, FIA se ha comprometido a que cada uno de los aprendizajes de nuestros proyectos sean transmitidos a la comunidad a trav\u00e9s del servicio de informaci\u00f3n, as\u00ed que las personas interesadas deben estar atentas a nuestro sitio web\u201d, dijo el director ejecutivo de FIA, \u00c1lvaro Eyzaguirre.<\/p>\n<p><a href=\"https:\/\/www.mundoagropecuario.cl\/new\/wp-content\/uploads\/2021\/09\/INIAAlmendro.jpg\"><img loading=\"lazy\" decoding=\"async\" class=\" wp-image-20367 alignright\" src=\"https:\/\/www.mundoagropecuario.cl\/new\/wp-content\/uploads\/2021\/09\/INIAAlmendro-586x390.jpg\" alt=\"\" width=\"517\" height=\"301\" \/><\/a> Por primera vez en Chile se estudia el comportamiento del almendro en condiciones agroclim\u00e1ticas extremas. Fue el 2019 cuando se inici\u00f3 el cultivo de ocho hect\u00e1reas con 7 variedades de origen espa\u00f1ol. \u201cUsamos dos patrones distintos, en alta, media y baja densidad. Un aspecto relevante, es que las variedades de almendros cultivados en La Araucan\u00eda inician la floraci\u00f3n 2 a 3 semanas antes, debido a que reciben las horas de fr\u00edo necesarias primero que en la zona central, que era uno de los objetivos planteados al inicio, usar variedades de floraci\u00f3n m\u00e1s tard\u00eda\u201d, indic\u00f3 Carlos Fuentes, investigador de INIA Carillanca a cargo del proyecto.<\/p>\n<p>Actualmente las variedades Isabelona y Soleta comenzaron la floraci\u00f3n en el huerto, lo que permite proyectar la cosecha que se iniciar\u00eda en febrero a marzo de 2022. Carlos Fuentes indica \u201cen la primera cosecha esperamos unos 500 kilos de pepita por hect\u00e1rea, por lo que estamos contentos con la producci\u00f3n que podr\u00edamos obtener el pr\u00f3ximo a\u00f1o. Luego el cuarto a quinto a\u00f1o podamos llegar a una producci\u00f3n de 3 mil kilos de pepas de almendras por hect\u00e1rea\u201d, a\u00f1adi\u00f3 el profesional.<\/p>\n<p><strong><span style=\"color: #003300;\">Casta\u00f1os<\/span><\/strong><\/p>\n<p>La investigaci\u00f3n tambi\u00e9n contempla el an\u00e1lisis del cultivo de casta\u00f1o tipo marr\u00f3n en la zona sur. Actualmente los investigadores se encuentran realizando pruebas para determinar el cultivo id\u00f3neo para establecer entre las hileras plantar entre \u00e1rbol y \u00e1rbol, ya que existe terreno sin uso por parte de los agricultores, ofreciendo una oportunidad para diversificar la oferta productiva, y adelantar los ingresos en un cultivo que es a largo plazo.<\/p>\n<p><strong><span style=\"color: #003300;\">Valor agregado<\/span><\/strong><\/p>\n<p>En Chile, tradicionalmente los almendros han sido cultivados en la zona centro norte del pa\u00eds, siendo la principal variedad Nonpareil (floraci\u00f3n temprana y autoincompatible), la cual se cultiva en densidades bajas y sobre patrones vigorosos. Sin embargo, producto de los avances en mejoramiento gen\u00e9tico logrados principalmente en Espa\u00f1a, adem\u00e1s del Cambio Clim\u00e1tico, surge la posibilidad de modernizar el cultivo bajo las condiciones del sur de nuestro pa\u00eds.<\/p>\n<p>Sobre el casta\u00f1o tipo marr\u00f3n, en la zona sur de Chile existen muchas potencialidades para su desarrollo debido a la ausencia a\u00fan de plagas y enfermedades de importancia, a los requerimientos m\u00ednimos en agua y uso de agroqu\u00edmicos para su producci\u00f3n, aspectos que deben analizarse en campo y validarlos t\u00e9cnicamente.<\/p>\n","protected":false},"excerpt":{"rendered":"<p>La iniciativa es desarrollada gracias a la ejecuci\u00f3n de INIA Carillanca y el apoyo de la Fundaci\u00f3n para la Innovaci\u00f3n Agraria (FIA).<\/p>\n","protected":false},"author":2,"featured_media":20368,"comment_status":"closed","ping_status":"closed","sticky":false,"template":"","format":"standard","meta":{"footnotes":""},"categories":[405],"tags":[4422,154,6337,2124,2052,2404,2035],"class_list":["post-20365","post","type-post","status-publish","format-standard","has-post-thumbnail","hentry","category-titular-3","tag-almendros","tag-araucania","tag-castanos","tag-fia","tag-inia","tag-inia-carillanca","tag-minagri"],"yoast_head":"<!-- This site is optimized with the Yoast SEO plugin v26.6 - https:\/\/yoast.com\/wordpress\/plugins\/seo\/ -->\n<title>Florecen los primeros almendros en latitudes extremas - Mundoagropecuario<\/title>\n<meta name=\"description\" content=\"La iniciativa es desarrollada gracias a la ejecuci\u00f3n de INIA Carillanca y el apoyo de la Fundaci\u00f3n para la Innovaci\u00f3n Agraria (FIA).\" \/>\n<meta name=\"robots\" content=\"index, follow, max-snippet:-1, max-image-preview:large, max-video-preview:-1\" \/>\n<link rel=\"canonical\" href=\"https:\/\/www.mundoagropecuario.cl\/new\/florecen-los-primeros-almendros-en-latitudes-extremas\/\" \/>\n<meta property=\"og:locale\" content=\"es_ES\" \/>\n<meta property=\"og:type\" content=\"article\" \/>\n<meta property=\"og:title\" content=\"Florecen los primeros almendros en latitudes extremas - Mundoagropecuario\" \/>\n<meta property=\"og:description\" content=\"La iniciativa es desarrollada gracias a la ejecuci\u00f3n de INIA Carillanca y el apoyo de la Fundaci\u00f3n para la Innovaci\u00f3n Agraria (FIA).\" \/>\n<meta property=\"og:url\" content=\"https:\/\/www.mundoagropecuario.cl\/new\/florecen-los-primeros-almendros-en-latitudes-extremas\/\" \/>\n<meta property=\"og:site_name\" content=\"Mundoagropecuario\" \/>\n<meta property=\"article:publisher\" content=\"https:\/\/www.facebook.com\/mundo.agropecuario.3\" \/>\n<meta property=\"article:published_time\" content=\"2021-09-22T14:40:50+00:00\" \/>\n<meta property=\"article:modified_time\" content=\"2021-09-23T15:51:26+00:00\" \/>\n<meta property=\"og:image\" content=\"https:\/\/www.mundoagropecuario.cl\/new\/wp-content\/uploads\/2021\/09\/INIAalmendrosJPG.jpg\" \/>\n\t<meta property=\"og:image:width\" content=\"902\" \/>\n\t<meta property=\"og:image:height\" content=\"600\" \/>\n\t<meta property=\"og:image:type\" content=\"image\/jpeg\" \/>\n<meta name=\"author\" content=\"mundo\" \/>\n<meta name=\"twitter:card\" content=\"summary_large_image\" \/>\n<meta name=\"twitter:creator\" content=\"@MundoAgropecuar\" \/>\n<meta name=\"twitter:site\" content=\"@MundoAgropecuar\" \/>\n<meta name=\"twitter:label1\" content=\"Escrito por\" \/>\n\t<meta name=\"twitter:data1\" content=\"mundo\" \/>\n\t<meta name=\"twitter:label2\" content=\"Tiempo de lectura\" \/>\n\t<meta name=\"twitter:data2\" content=\"3 minutos\" \/>\n<script type=\"application\/ld+json\" class=\"yoast-schema-graph\">{\"@context\":\"https:\/\/schema.org\",\"@graph\":[{\"@type\":\"Article\",\"@id\":\"https:\/\/www.mundoagropecuario.cl\/new\/florecen-los-primeros-almendros-en-latitudes-extremas\/#article\",\"isPartOf\":{\"@id\":\"https:\/\/www.mundoagropecuario.cl\/new\/florecen-los-primeros-almendros-en-latitudes-extremas\/\"},\"author\":{\"name\":\"mundo\",\"@id\":\"https:\/\/www.mundoagropecuario.cl\/new\/#\/schema\/person\/4e9f74a82a7dac260eb1c44b7eebeb18\"},\"headline\":\"Florecen los primeros almendros en latitudes extremas\",\"datePublished\":\"2021-09-22T14:40:50+00:00\",\"dateModified\":\"2021-09-23T15:51:26+00:00\",\"mainEntityOfPage\":{\"@id\":\"https:\/\/www.mundoagropecuario.cl\/new\/florecen-los-primeros-almendros-en-latitudes-extremas\/\"},\"wordCount\":638,\"publisher\":{\"@id\":\"https:\/\/www.mundoagropecuario.cl\/new\/#organization\"},\"image\":{\"@id\":\"https:\/\/www.mundoagropecuario.cl\/new\/florecen-los-primeros-almendros-en-latitudes-extremas\/#primaryimage\"},\"thumbnailUrl\":\"https:\/\/www.mundoagropecuario.cl\/new\/wp-content\/uploads\/2021\/09\/INIAalmendrosJPG.jpg\",\"keywords\":[\"almendros\",\"araucan\u00eda\",\"Casta\u00f1os\",\"FIA\",\"INIA\",\"INIA Carillanca\",\"Minagri\"],\"articleSection\":[\"Titular 3\"],\"inLanguage\":\"es\"},{\"@type\":\"WebPage\",\"@id\":\"https:\/\/www.mundoagropecuario.cl\/new\/florecen-los-primeros-almendros-en-latitudes-extremas\/\",\"url\":\"https:\/\/www.mundoagropecuario.cl\/new\/florecen-los-primeros-almendros-en-latitudes-extremas\/\",\"name\":\"Florecen los primeros almendros en latitudes extremas - Mundoagropecuario\",\"isPartOf\":{\"@id\":\"https:\/\/www.mundoagropecuario.cl\/new\/#website\"},\"primaryImageOfPage\":{\"@id\":\"https:\/\/www.mundoagropecuario.cl\/new\/florecen-los-primeros-almendros-en-latitudes-extremas\/#primaryimage\"},\"image\":{\"@id\":\"https:\/\/www.mundoagropecuario.cl\/new\/florecen-los-primeros-almendros-en-latitudes-extremas\/#primaryimage\"},\"thumbnailUrl\":\"https:\/\/www.mundoagropecuario.cl\/new\/wp-content\/uploads\/2021\/09\/INIAalmendrosJPG.jpg\",\"datePublished\":\"2021-09-22T14:40:50+00:00\",\"dateModified\":\"2021-09-23T15:51:26+00:00\",\"description\":\"La iniciativa es desarrollada gracias a la ejecuci\u00f3n de INIA Carillanca y el apoyo de la Fundaci\u00f3n para la Innovaci\u00f3n Agraria (FIA).\",\"breadcrumb\":{\"@id\":\"https:\/\/www.mundoagropecuario.cl\/new\/florecen-los-primeros-almendros-en-latitudes-extremas\/#breadcrumb\"},\"inLanguage\":\"es\",\"potentialAction\":[{\"@type\":\"ReadAction\",\"target\":[\"https:\/\/www.mundoagropecuario.cl\/new\/florecen-los-primeros-almendros-en-latitudes-extremas\/\"]}]},{\"@type\":\"ImageObject\",\"inLanguage\":\"es\",\"@id\":\"https:\/\/www.mundoagropecuario.cl\/new\/florecen-los-primeros-almendros-en-latitudes-extremas\/#primaryimage\",\"url\":\"https:\/\/www.mundoagropecuario.cl\/new\/wp-content\/uploads\/2021\/09\/INIAalmendrosJPG.jpg\",\"contentUrl\":\"https:\/\/www.mundoagropecuario.cl\/new\/wp-content\/uploads\/2021\/09\/INIAalmendrosJPG.jpg\",\"width\":601,\"height\":400},{\"@type\":\"BreadcrumbList\",\"@id\":\"https:\/\/www.mundoagropecuario.cl\/new\/florecen-los-primeros-almendros-en-latitudes-extremas\/#breadcrumb\",\"itemListElement\":[{\"@type\":\"ListItem\",\"position\":1,\"name\":\"Portada\",\"item\":\"https:\/\/www.mundoagropecuario.cl\/new\/\"},{\"@type\":\"ListItem\",\"position\":2,\"name\":\"Florecen los primeros almendros en latitudes extremas\"}]},{\"@type\":\"WebSite\",\"@id\":\"https:\/\/www.mundoagropecuario.cl\/new\/#website\",\"url\":\"https:\/\/www.mundoagropecuario.cl\/new\/\",\"name\":\"Mundoagropecuario\",\"description\":\"Mundo Agropecuario\",\"publisher\":{\"@id\":\"https:\/\/www.mundoagropecuario.cl\/new\/#organization\"},\"potentialAction\":[{\"@type\":\"SearchAction\",\"target\":{\"@type\":\"EntryPoint\",\"urlTemplate\":\"https:\/\/www.mundoagropecuario.cl\/new\/?s={search_term_string}\"},\"query-input\":{\"@type\":\"PropertyValueSpecification\",\"valueRequired\":true,\"valueName\":\"search_term_string\"}}],\"inLanguage\":\"es\"},{\"@type\":\"Organization\",\"@id\":\"https:\/\/www.mundoagropecuario.cl\/new\/#organization\",\"name\":\"Revista de Agricultura\",\"url\":\"https:\/\/www.mundoagropecuario.cl\/new\/\",\"logo\":{\"@type\":\"ImageObject\",\"inLanguage\":\"es\",\"@id\":\"https:\/\/www.mundoagropecuario.cl\/new\/#\/schema\/logo\/image\/\",\"url\":\"https:\/\/www.mundoagropecuario.cl\/new\/wp-content\/uploads\/2020\/11\/PORTAL-1-1.png\",\"contentUrl\":\"https:\/\/www.mundoagropecuario.cl\/new\/wp-content\/uploads\/2020\/11\/PORTAL-1-1.png\",\"width\":1026,\"height\":100,\"caption\":\"Revista de Agricultura\"},\"image\":{\"@id\":\"https:\/\/www.mundoagropecuario.cl\/new\/#\/schema\/logo\/image\/\"},\"sameAs\":[\"https:\/\/www.facebook.com\/mundo.agropecuario.3\",\"https:\/\/x.com\/MundoAgropecuar\",\"https:\/\/www.linkedin.com\/in\/mundo-agropecuario-934009201\/\"]},{\"@type\":\"Person\",\"@id\":\"https:\/\/www.mundoagropecuario.cl\/new\/#\/schema\/person\/4e9f74a82a7dac260eb1c44b7eebeb18\",\"name\":\"mundo\",\"url\":\"https:\/\/www.mundoagropecuario.cl\/new\/author\/mundo\/\"}]}<\/script>\n<!-- \/ Yoast SEO plugin. -->","yoast_head_json":{"title":"Florecen los primeros almendros en latitudes extremas - Mundoagropecuario","description":"La iniciativa es desarrollada gracias a la ejecuci\u00f3n de INIA Carillanca y el apoyo de la Fundaci\u00f3n para la Innovaci\u00f3n Agraria (FIA).","robots":{"index":"index","follow":"follow","max-snippet":"max-snippet:-1","max-image-preview":"max-image-preview:large","max-video-preview":"max-video-preview:-1"},"canonical":"https:\/\/www.mundoagropecuario.cl\/new\/florecen-los-primeros-almendros-en-latitudes-extremas\/","og_locale":"es_ES","og_type":"article","og_title":"Florecen los primeros almendros en latitudes extremas - Mundoagropecuario","og_description":"La iniciativa es desarrollada gracias a la ejecuci\u00f3n de INIA Carillanca y el apoyo de la Fundaci\u00f3n para la Innovaci\u00f3n Agraria (FIA).","og_url":"https:\/\/www.mundoagropecuario.cl\/new\/florecen-los-primeros-almendros-en-latitudes-extremas\/","og_site_name":"Mundoagropecuario","article_publisher":"https:\/\/www.facebook.com\/mundo.agropecuario.3","article_published_time":"2021-09-22T14:40:50+00:00","article_modified_time":"2021-09-23T15:51:26+00:00","og_image":[{"width":902,"height":600,"url":"https:\/\/www.mundoagropecuario.cl\/new\/wp-content\/uploads\/2021\/09\/INIAalmendrosJPG.jpg","type":"image\/jpeg"}],"author":"mundo","twitter_card":"summary_large_image","twitter_creator":"@MundoAgropecuar","twitter_site":"@MundoAgropecuar","twitter_misc":{"Escrito por":"mundo","Tiempo de lectura":"3 minutos"},"schema":{"@context":"https:\/\/schema.org","@graph":[{"@type":"Article","@id":"https:\/\/www.mundoagropecuario.cl\/new\/florecen-los-primeros-almendros-en-latitudes-extremas\/#article","isPartOf":{"@id":"https:\/\/www.mundoagropecuario.cl\/new\/florecen-los-primeros-almendros-en-latitudes-extremas\/"},"author":{"name":"mundo","@id":"https:\/\/www.mundoagropecuario.cl\/new\/#\/schema\/person\/4e9f74a82a7dac260eb1c44b7eebeb18"},"headline":"Florecen los primeros almendros en latitudes extremas","datePublished":"2021-09-22T14:40:50+00:00","dateModified":"2021-09-23T15:51:26+00:00","mainEntityOfPage":{"@id":"https:\/\/www.mundoagropecuario.cl\/new\/florecen-los-primeros-almendros-en-latitudes-extremas\/"},"wordCount":638,"publisher":{"@id":"https:\/\/www.mundoagropecuario.cl\/new\/#organization"},"image":{"@id":"https:\/\/www.mundoagropecuario.cl\/new\/florecen-los-primeros-almendros-en-latitudes-extremas\/#primaryimage"},"thumbnailUrl":"https:\/\/www.mundoagropecuario.cl\/new\/wp-content\/uploads\/2021\/09\/INIAalmendrosJPG.jpg","keywords":["almendros","araucan\u00eda","Casta\u00f1os","FIA","INIA","INIA Carillanca","Minagri"],"articleSection":["Titular 3"],"inLanguage":"es"},{"@type":"WebPage","@id":"https:\/\/www.mundoagropecuario.cl\/new\/florecen-los-primeros-almendros-en-latitudes-extremas\/","url":"https:\/\/www.mundoagropecuario.cl\/new\/florecen-los-primeros-almendros-en-latitudes-extremas\/","name":"Florecen los primeros almendros en latitudes extremas - Mundoagropecuario","isPartOf":{"@id":"https:\/\/www.mundoagropecuario.cl\/new\/#website"},"primaryImageOfPage":{"@id":"https:\/\/www.mundoagropecuario.cl\/new\/florecen-los-primeros-almendros-en-latitudes-extremas\/#primaryimage"},"image":{"@id":"https:\/\/www.mundoagropecuario.cl\/new\/florecen-los-primeros-almendros-en-latitudes-extremas\/#primaryimage"},"thumbnailUrl":"https:\/\/www.mundoagropecuario.cl\/new\/wp-content\/uploads\/2021\/09\/INIAalmendrosJPG.jpg","datePublished":"2021-09-22T14:40:50+00:00","dateModified":"2021-09-23T15:51:26+00:00","description":"La iniciativa es desarrollada gracias a la ejecuci\u00f3n de INIA Carillanca y el apoyo de la Fundaci\u00f3n para la Innovaci\u00f3n Agraria (FIA).","breadcrumb":{"@id":"https:\/\/www.mundoagropecuario.cl\/new\/florecen-los-primeros-almendros-en-latitudes-extremas\/#breadcrumb"},"inLanguage":"es","potentialAction":[{"@type":"ReadAction","target":["https:\/\/www.mundoagropecuario.cl\/new\/florecen-los-primeros-almendros-en-latitudes-extremas\/"]}]},{"@type":"ImageObject","inLanguage":"es","@id":"https:\/\/www.mundoagropecuario.cl\/new\/florecen-los-primeros-almendros-en-latitudes-extremas\/#primaryimage","url":"https:\/\/www.mundoagropecuario.cl\/new\/wp-content\/uploads\/2021\/09\/INIAalmendrosJPG.jpg","contentUrl":"https:\/\/www.mundoagropecuario.cl\/new\/wp-content\/uploads\/2021\/09\/INIAalmendrosJPG.jpg","width":601,"height":400},{"@type":"BreadcrumbList","@id":"https:\/\/www.mundoagropecuario.cl\/new\/florecen-los-primeros-almendros-en-latitudes-extremas\/#breadcrumb","itemListElement":[{"@type":"ListItem","position":1,"name":"Portada","item":"https:\/\/www.mundoagropecuario.cl\/new\/"},{"@type":"ListItem","position":2,"name":"Florecen los primeros almendros en latitudes extremas"}]},{"@type":"WebSite","@id":"https:\/\/www.mundoagropecuario.cl\/new\/#website","url":"https:\/\/www.mundoagropecuario.cl\/new\/","name":"Mundoagropecuario","description":"Mundo Agropecuario","publisher":{"@id":"https:\/\/www.mundoagropecuario.cl\/new\/#organization"},"potentialAction":[{"@type":"SearchAction","target":{"@type":"EntryPoint","urlTemplate":"https:\/\/www.mundoagropecuario.cl\/new\/?s={search_term_string}"},"query-input":{"@type":"PropertyValueSpecification","valueRequired":true,"valueName":"search_term_string"}}],"inLanguage":"es"},{"@type":"Organization","@id":"https:\/\/www.mundoagropecuario.cl\/new\/#organization","name":"Revista de Agricultura","url":"https:\/\/www.mundoagropecuario.cl\/new\/","logo":{"@type":"ImageObject","inLanguage":"es","@id":"https:\/\/www.mundoagropecuario.cl\/new\/#\/schema\/logo\/image\/","url":"https:\/\/www.mundoagropecuario.cl\/new\/wp-content\/uploads\/2020\/11\/PORTAL-1-1.png","contentUrl":"https:\/\/www.mundoagropecuario.cl\/new\/wp-content\/uploads\/2020\/11\/PORTAL-1-1.png","width":1026,"height":100,"caption":"Revista de Agricultura"},"image":{"@id":"https:\/\/www.mundoagropecuario.cl\/new\/#\/schema\/logo\/image\/"},"sameAs":["https:\/\/www.facebook.com\/mundo.agropecuario.3","https:\/\/x.com\/MundoAgropecuar","https:\/\/www.linkedin.com\/in\/mundo-agropecuario-934009201\/"]},{"@type":"Person","@id":"https:\/\/www.mundoagropecuario.cl\/new\/#\/schema\/person\/4e9f74a82a7dac260eb1c44b7eebeb18","name":"mundo","url":"https:\/\/www.mundoagropecuario.cl\/new\/author\/mundo\/"}]}},"_links":{"self":[{"href":"https:\/\/www.mundoagropecuario.cl\/new\/wp-json\/wp\/v2\/posts\/20365","targetHints":{"allow":["GET"]}}],"collection":[{"href":"https:\/\/www.mundoagropecuario.cl\/new\/wp-json\/wp\/v2\/posts"}],"about":[{"href":"https:\/\/www.mundoagropecuario.cl\/new\/wp-json\/wp\/v2\/types\/post"}],"author":[{"embeddable":true,"href":"https:\/\/www.mundoagropecuario.cl\/new\/wp-json\/wp\/v2\/users\/2"}],"replies":[{"embeddable":true,"href":"https:\/\/www.mundoagropecuario.cl\/new\/wp-json\/wp\/v2\/comments?post=20365"}],"version-history":[{"count":2,"href":"https:\/\/www.mundoagropecuario.cl\/new\/wp-json\/wp\/v2\/posts\/20365\/revisions"}],"predecessor-version":[{"id":20369,"href":"https:\/\/www.mundoagropecuario.cl\/new\/wp-json\/wp\/v2\/posts\/20365\/revisions\/20369"}],"wp:featuredmedia":[{"embeddable":true,"href":"https:\/\/www.mundoagropecuario.cl\/new\/wp-json\/wp\/v2\/media\/20368"}],"wp:attachment":[{"href":"https:\/\/www.mundoagropecuario.cl\/new\/wp-json\/wp\/v2\/media?parent=20365"}],"wp:term":[{"taxonomy":"category","embeddable":true,"href":"https:\/\/www.mundoagropecuario.cl\/new\/wp-json\/wp\/v2\/categories?post=20365"},{"taxonomy":"post_tag","embeddable":true,"href":"https:\/\/www.mundoagropecuario.cl\/new\/wp-json\/wp\/v2\/tags?post=20365"}],"curies":[{"name":"wp","href":"https:\/\/api.w.org\/{rel}","templated":true}]}}