{"id":20307,"date":"2021-09-14T10:51:40","date_gmt":"2021-09-14T13:51:40","guid":{"rendered":"https:\/\/www.mundoagropecuario.cl\/new\/?p=20307"},"modified":"2021-09-16T11:50:27","modified_gmt":"2021-09-16T14:50:27","slug":"sector-lacteo-avanza-en-reciclaje-de-plasticos","status":"publish","type":"post","link":"https:\/\/www.mundoagropecuario.cl\/new\/sector-lacteo-avanza-en-reciclaje-de-plasticos\/","title":{"rendered":"Sector l\u00e1cteo avanza en reciclaje de pl\u00e1sticos"},"content":{"rendered":"<blockquote>\n<h2><span style=\"color: #003300;\">Avanzar en econom\u00eda circular y dar una soluci\u00f3n a los desechos pl\u00e1sticos que se generan a nivel predial es la iniciativa que est\u00e1 desarrollando el Consorcio Lechero en alianza con Rigk Chile en el marco del programa AgroCircular.<\/span><\/h2>\n<\/blockquote>\n<p>El programa AgroCircular est\u00e1 enfocado en el reciclaje de residuos pl\u00e1sticos de los distintos rubros agr\u00edcolas en todo Chile. En el caso de la producci\u00f3n de leche, este programa se uni\u00f3 al \u00e1rea de Sustentabilidad del Consorcio Lechero que, a trav\u00e9s del proyecto \u00a0\u201cLecher\u00eda Circular\u201d, integrar\u00e1 a distintos actores de la cadena de valorizaci\u00f3n de los pl\u00e1sticos en pos de desarrollar una soluci\u00f3n concreta a las gesti\u00f3n de estos residuos en los predios partiendo por el pl\u00e1stico utilizado en bolos y ensilajes tipo parva.<\/p>\n<p>\u201cLa econom\u00eda circular es un enfoque que permite tanto reducir la entrada de materiales como hacer un aprovechamiento de los residuos y continuar con su vida productiva. A nivel de predios lecheros, hemos visto que a medida que ha aumentado la eficiencia productiva tambi\u00e9n lo ha hecho el uso de los insumos agr\u00edcolas y la generaci\u00f3n de residuos sin que estos tengan una mirada integral para su manejo y disposici\u00f3n final. \u00a0Avanzar en la gesti\u00f3n adecuada de los residuos es una tarea donde debemos seguir buscando nuevas herramientas y, a trav\u00e9s de Lecher\u00eda Circular, daremos un nuevo paso para seguir en el camino de la sostenibilidad sectorial\u201d, destaca la coordinadora del \u00e1rea Sustentabilidad del Consorcio Lechero, Natalie Jones.<\/p>\n<p><a href=\"https:\/\/www.mundoagropecuario.cl\/new\/wp-content\/uploads\/2021\/09\/reciclaje-.jpeg\"><img loading=\"lazy\" decoding=\"async\" class=\"size-full wp-image-20309 alignright\" src=\"https:\/\/www.mundoagropecuario.cl\/new\/wp-content\/uploads\/2021\/09\/reciclaje-.jpeg\" alt=\"\" width=\"450\" height=\"299\" \/><\/a>Este programa busca una soluci\u00f3n para los pl\u00e1sticos que quedan tras su uso forma parte de la acci\u00f3n de este proyecto, generando un sistema de gesti\u00f3n voluntario que requerir\u00e1 de trabajo conjunto de productores de leche, importadores, productores, distribuidores, gestores y revalorizadores de pl\u00e1sticos.<\/p>\n<p>\u201cInvitamos a los productores lecheros a que se informen sobre esta soluci\u00f3n a la disposici\u00f3n de los pl\u00e1sticos. Tambi\u00e9n queremos que las empresas de reciclaje y las industrias nos acompa\u00f1en en este proyecto, porque esta acci\u00f3n debe ser abordada con una mirada colaborativa para as\u00ed transformarla en algo permanente\u201d, destac\u00f3 el presidente del Consorcio Lechero, Sergio Niklitschek en la constituci\u00f3n de la Mesa T\u00e9cnica de este proyecto.<\/p>\n<p>Este programa comenzar\u00e1 con un levantamiento de informaci\u00f3n de la gesti\u00f3n de residuos de pl\u00e1sticos en predios lecheros, para luego dise\u00f1ar y establecer pilotos regionales que posteriormente se masificar\u00e1n al resto de territorio nacional.<\/p>\n<p>En la Mesa est\u00e1n participando representantes de los productores de leche como Aproval, SAGO, Aproleche Osorno y Agrollanquihue, junto a gestores de la zona como Greenwalk y Ecogest, empresas revalorizadoras como\u00a0Pl\u00e1sticos Puelche, Cambiaso\/Superior, Virutex\/Mamut. Se agrega la participaci\u00f3n de la Asociaci\u00f3n Gremial de Industriales del Pl\u00e1stico (ASIPLA), la Asociaci\u00f3n Gremial De Distribuidores De Insumos Agr\u00edcolas (ADIAC), la Asociaci\u00f3n Nacional de Fabricantes e Importadores de Productos Fitosanitarios Agr\u00edcolas (AFIPA) y la Asociaci\u00f3n de importadores y productores de productos fitosanitarios para la agricultura (IMPPA).<\/p>\n<p>\u201cLa constituci\u00f3n de esta mesa es el primer paso para un proyecto de largo plazo que nos permite seguir avanzando en los desaf\u00edos que tenemos como sector en sustentabilidad dando una soluci\u00f3n concreta a los productores de leche a nivel nacional\u201d, concluye Natalie Jones.<\/p>\n<p>Rigk Chile fue fundada el 2015 por RIGK GmbH, Alemania, con el prop\u00f3sito de ser un aporte en el desarrollo de la Ley REP en Chile y aportar la experiencia de m\u00e1s de 25 a\u00f1os en el desarrollo de la Econom\u00eda Circular en Europa. Esta experiencia proviene, principalmente, de la operaci\u00f3n de Sistemas de Gesti\u00f3n industriales y agr\u00edcolas. En el \u00e1mbito agr\u00edcola se destacan los sistemas ERDE, para la valorizaci\u00f3n de los films agr\u00edcolas como bolos, mulch y otros, y PAMIRA, para la recolecci\u00f3n y reciclaje de los envases fitosanitarios y sacos de semillas. El \u00e9xito de estos sistemas en Europa, reflejado en tasas cada vez mayores de reciclaje de pl\u00e1sticos agr\u00edcolas sin duda puede ser un aporte para el impulso de la econom\u00eda circular en el sector l\u00e1cteo en Chile.<\/p>\n","protected":false},"excerpt":{"rendered":"<p>El programa AgroCircular est\u00e1 enfocado en el reciclaje de residuos pl\u00e1sticos de los distintos rubros agr\u00edcolas en todo Chile. En el caso de la producci\u00f3n de leche, este programa se uni\u00f3 al \u00e1rea de Sustentabilidad del Consorcio Lechero<\/p>\n","protected":false},"author":2,"featured_media":20311,"comment_status":"closed","ping_status":"closed","sticky":false,"template":"","format":"standard","meta":{"footnotes":""},"categories":[1946],"tags":[1957,6304,6053,6303,1635,3938,5153],"class_list":["post-20307","post","type-post","status-publish","format-standard","has-post-thumbnail","hentry","category-lacteos","tag-consorcio-lechero","tag-greenwalk-y-ecogest","tag-lechero","tag-programa-agrocircular","tag-reciclaje-de-plasticos","tag-sector-lacteo","tag-sergio-niklitschek"],"yoast_head":"<!-- This site is optimized with the Yoast SEO plugin v26.6 - https:\/\/yoast.com\/wordpress\/plugins\/seo\/ -->\n<title>Sector l\u00e1cteo avanza en reciclaje de pl\u00e1sticos - Mundoagropecuario<\/title>\n<meta name=\"description\" content=\"El programa AgroCircular est\u00e1 enfocado en el reciclaje de residuos pl\u00e1sticos de los distintos rubros agr\u00edcolas en todo Chile.\" \/>\n<meta name=\"robots\" content=\"index, follow, max-snippet:-1, max-image-preview:large, max-video-preview:-1\" \/>\n<link rel=\"canonical\" href=\"https:\/\/www.mundoagropecuario.cl\/new\/sector-lacteo-avanza-en-reciclaje-de-plasticos\/\" \/>\n<meta property=\"og:locale\" content=\"es_ES\" \/>\n<meta property=\"og:type\" content=\"article\" \/>\n<meta property=\"og:title\" content=\"Sector l\u00e1cteo avanza en reciclaje de pl\u00e1sticos - Mundoagropecuario\" \/>\n<meta property=\"og:description\" content=\"El programa AgroCircular est\u00e1 enfocado en el reciclaje de residuos pl\u00e1sticos de los distintos rubros agr\u00edcolas en todo Chile.\" \/>\n<meta property=\"og:url\" content=\"https:\/\/www.mundoagropecuario.cl\/new\/sector-lacteo-avanza-en-reciclaje-de-plasticos\/\" \/>\n<meta property=\"og:site_name\" content=\"Mundoagropecuario\" \/>\n<meta property=\"article:publisher\" content=\"https:\/\/www.facebook.com\/mundo.agropecuario.3\" \/>\n<meta property=\"article:published_time\" content=\"2021-09-14T13:51:40+00:00\" \/>\n<meta property=\"article:modified_time\" content=\"2021-09-16T14:50:27+00:00\" \/>\n<meta property=\"og:image\" content=\"https:\/\/www.mundoagropecuario.cl\/new\/wp-content\/uploads\/2021\/09\/Lecheria-circular-1.jpg\" \/>\n\t<meta property=\"og:image:width\" content=\"630\" \/>\n\t<meta property=\"og:image:height\" content=\"348\" \/>\n\t<meta property=\"og:image:type\" content=\"image\/jpeg\" \/>\n<meta name=\"author\" content=\"mundo\" \/>\n<meta name=\"twitter:card\" content=\"summary_large_image\" \/>\n<meta name=\"twitter:creator\" content=\"@MundoAgropecuar\" \/>\n<meta name=\"twitter:site\" content=\"@MundoAgropecuar\" \/>\n<meta name=\"twitter:label1\" content=\"Escrito por\" \/>\n\t<meta name=\"twitter:data1\" content=\"mundo\" \/>\n\t<meta name=\"twitter:label2\" content=\"Tiempo de lectura\" \/>\n\t<meta name=\"twitter:data2\" content=\"4 minutos\" \/>\n<script type=\"application\/ld+json\" class=\"yoast-schema-graph\">{\"@context\":\"https:\/\/schema.org\",\"@graph\":[{\"@type\":\"Article\",\"@id\":\"https:\/\/www.mundoagropecuario.cl\/new\/sector-lacteo-avanza-en-reciclaje-de-plasticos\/#article\",\"isPartOf\":{\"@id\":\"https:\/\/www.mundoagropecuario.cl\/new\/sector-lacteo-avanza-en-reciclaje-de-plasticos\/\"},\"author\":{\"name\":\"mundo\",\"@id\":\"https:\/\/www.mundoagropecuario.cl\/new\/#\/schema\/person\/4e9f74a82a7dac260eb1c44b7eebeb18\"},\"headline\":\"Sector l\u00e1cteo avanza en reciclaje de pl\u00e1sticos\",\"datePublished\":\"2021-09-14T13:51:40+00:00\",\"dateModified\":\"2021-09-16T14:50:27+00:00\",\"mainEntityOfPage\":{\"@id\":\"https:\/\/www.mundoagropecuario.cl\/new\/sector-lacteo-avanza-en-reciclaje-de-plasticos\/\"},\"wordCount\":719,\"publisher\":{\"@id\":\"https:\/\/www.mundoagropecuario.cl\/new\/#organization\"},\"image\":{\"@id\":\"https:\/\/www.mundoagropecuario.cl\/new\/sector-lacteo-avanza-en-reciclaje-de-plasticos\/#primaryimage\"},\"thumbnailUrl\":\"https:\/\/www.mundoagropecuario.cl\/new\/wp-content\/uploads\/2021\/09\/Lecheria-circular-1.jpg\",\"keywords\":[\"Consorcio Lechero\",\"Greenwalk y Ecogest\",\"Lechero\",\"programa AgroCircular\",\"Reciclaje de pl\u00e1sticos\",\"sector l\u00e1cteo\",\"Sergio Niklitschek\"],\"articleSection\":[\"L\u00e1cteos\"],\"inLanguage\":\"es\"},{\"@type\":\"WebPage\",\"@id\":\"https:\/\/www.mundoagropecuario.cl\/new\/sector-lacteo-avanza-en-reciclaje-de-plasticos\/\",\"url\":\"https:\/\/www.mundoagropecuario.cl\/new\/sector-lacteo-avanza-en-reciclaje-de-plasticos\/\",\"name\":\"Sector l\u00e1cteo avanza en reciclaje de pl\u00e1sticos - Mundoagropecuario\",\"isPartOf\":{\"@id\":\"https:\/\/www.mundoagropecuario.cl\/new\/#website\"},\"primaryImageOfPage\":{\"@id\":\"https:\/\/www.mundoagropecuario.cl\/new\/sector-lacteo-avanza-en-reciclaje-de-plasticos\/#primaryimage\"},\"image\":{\"@id\":\"https:\/\/www.mundoagropecuario.cl\/new\/sector-lacteo-avanza-en-reciclaje-de-plasticos\/#primaryimage\"},\"thumbnailUrl\":\"https:\/\/www.mundoagropecuario.cl\/new\/wp-content\/uploads\/2021\/09\/Lecheria-circular-1.jpg\",\"datePublished\":\"2021-09-14T13:51:40+00:00\",\"dateModified\":\"2021-09-16T14:50:27+00:00\",\"description\":\"El programa AgroCircular est\u00e1 enfocado en el reciclaje de residuos pl\u00e1sticos de los distintos rubros agr\u00edcolas en todo Chile.\",\"breadcrumb\":{\"@id\":\"https:\/\/www.mundoagropecuario.cl\/new\/sector-lacteo-avanza-en-reciclaje-de-plasticos\/#breadcrumb\"},\"inLanguage\":\"es\",\"potentialAction\":[{\"@type\":\"ReadAction\",\"target\":[\"https:\/\/www.mundoagropecuario.cl\/new\/sector-lacteo-avanza-en-reciclaje-de-plasticos\/\"]}]},{\"@type\":\"ImageObject\",\"inLanguage\":\"es\",\"@id\":\"https:\/\/www.mundoagropecuario.cl\/new\/sector-lacteo-avanza-en-reciclaje-de-plasticos\/#primaryimage\",\"url\":\"https:\/\/www.mundoagropecuario.cl\/new\/wp-content\/uploads\/2021\/09\/Lecheria-circular-1.jpg\",\"contentUrl\":\"https:\/\/www.mundoagropecuario.cl\/new\/wp-content\/uploads\/2021\/09\/Lecheria-circular-1.jpg\",\"width\":630,\"height\":348},{\"@type\":\"BreadcrumbList\",\"@id\":\"https:\/\/www.mundoagropecuario.cl\/new\/sector-lacteo-avanza-en-reciclaje-de-plasticos\/#breadcrumb\",\"itemListElement\":[{\"@type\":\"ListItem\",\"position\":1,\"name\":\"Portada\",\"item\":\"https:\/\/www.mundoagropecuario.cl\/new\/\"},{\"@type\":\"ListItem\",\"position\":2,\"name\":\"Sector l\u00e1cteo avanza en reciclaje de pl\u00e1sticos\"}]},{\"@type\":\"WebSite\",\"@id\":\"https:\/\/www.mundoagropecuario.cl\/new\/#website\",\"url\":\"https:\/\/www.mundoagropecuario.cl\/new\/\",\"name\":\"Mundoagropecuario\",\"description\":\"Mundo Agropecuario\",\"publisher\":{\"@id\":\"https:\/\/www.mundoagropecuario.cl\/new\/#organization\"},\"potentialAction\":[{\"@type\":\"SearchAction\",\"target\":{\"@type\":\"EntryPoint\",\"urlTemplate\":\"https:\/\/www.mundoagropecuario.cl\/new\/?s={search_term_string}\"},\"query-input\":{\"@type\":\"PropertyValueSpecification\",\"valueRequired\":true,\"valueName\":\"search_term_string\"}}],\"inLanguage\":\"es\"},{\"@type\":\"Organization\",\"@id\":\"https:\/\/www.mundoagropecuario.cl\/new\/#organization\",\"name\":\"Revista de Agricultura\",\"url\":\"https:\/\/www.mundoagropecuario.cl\/new\/\",\"logo\":{\"@type\":\"ImageObject\",\"inLanguage\":\"es\",\"@id\":\"https:\/\/www.mundoagropecuario.cl\/new\/#\/schema\/logo\/image\/\",\"url\":\"https:\/\/www.mundoagropecuario.cl\/new\/wp-content\/uploads\/2020\/11\/PORTAL-1-1.png\",\"contentUrl\":\"https:\/\/www.mundoagropecuario.cl\/new\/wp-content\/uploads\/2020\/11\/PORTAL-1-1.png\",\"width\":1026,\"height\":100,\"caption\":\"Revista de Agricultura\"},\"image\":{\"@id\":\"https:\/\/www.mundoagropecuario.cl\/new\/#\/schema\/logo\/image\/\"},\"sameAs\":[\"https:\/\/www.facebook.com\/mundo.agropecuario.3\",\"https:\/\/x.com\/MundoAgropecuar\",\"https:\/\/www.linkedin.com\/in\/mundo-agropecuario-934009201\/\"]},{\"@type\":\"Person\",\"@id\":\"https:\/\/www.mundoagropecuario.cl\/new\/#\/schema\/person\/4e9f74a82a7dac260eb1c44b7eebeb18\",\"name\":\"mundo\",\"url\":\"https:\/\/www.mundoagropecuario.cl\/new\/author\/mundo\/\"}]}<\/script>\n<!-- \/ Yoast SEO plugin. -->","yoast_head_json":{"title":"Sector l\u00e1cteo avanza en reciclaje de pl\u00e1sticos - Mundoagropecuario","description":"El programa AgroCircular est\u00e1 enfocado en el reciclaje de residuos pl\u00e1sticos de los distintos rubros agr\u00edcolas en todo Chile.","robots":{"index":"index","follow":"follow","max-snippet":"max-snippet:-1","max-image-preview":"max-image-preview:large","max-video-preview":"max-video-preview:-1"},"canonical":"https:\/\/www.mundoagropecuario.cl\/new\/sector-lacteo-avanza-en-reciclaje-de-plasticos\/","og_locale":"es_ES","og_type":"article","og_title":"Sector l\u00e1cteo avanza en reciclaje de pl\u00e1sticos - Mundoagropecuario","og_description":"El programa AgroCircular est\u00e1 enfocado en el reciclaje de residuos pl\u00e1sticos de los distintos rubros agr\u00edcolas en todo Chile.","og_url":"https:\/\/www.mundoagropecuario.cl\/new\/sector-lacteo-avanza-en-reciclaje-de-plasticos\/","og_site_name":"Mundoagropecuario","article_publisher":"https:\/\/www.facebook.com\/mundo.agropecuario.3","article_published_time":"2021-09-14T13:51:40+00:00","article_modified_time":"2021-09-16T14:50:27+00:00","og_image":[{"width":630,"height":348,"url":"https:\/\/www.mundoagropecuario.cl\/new\/wp-content\/uploads\/2021\/09\/Lecheria-circular-1.jpg","type":"image\/jpeg"}],"author":"mundo","twitter_card":"summary_large_image","twitter_creator":"@MundoAgropecuar","twitter_site":"@MundoAgropecuar","twitter_misc":{"Escrito por":"mundo","Tiempo de lectura":"4 minutos"},"schema":{"@context":"https:\/\/schema.org","@graph":[{"@type":"Article","@id":"https:\/\/www.mundoagropecuario.cl\/new\/sector-lacteo-avanza-en-reciclaje-de-plasticos\/#article","isPartOf":{"@id":"https:\/\/www.mundoagropecuario.cl\/new\/sector-lacteo-avanza-en-reciclaje-de-plasticos\/"},"author":{"name":"mundo","@id":"https:\/\/www.mundoagropecuario.cl\/new\/#\/schema\/person\/4e9f74a82a7dac260eb1c44b7eebeb18"},"headline":"Sector l\u00e1cteo avanza en reciclaje de pl\u00e1sticos","datePublished":"2021-09-14T13:51:40+00:00","dateModified":"2021-09-16T14:50:27+00:00","mainEntityOfPage":{"@id":"https:\/\/www.mundoagropecuario.cl\/new\/sector-lacteo-avanza-en-reciclaje-de-plasticos\/"},"wordCount":719,"publisher":{"@id":"https:\/\/www.mundoagropecuario.cl\/new\/#organization"},"image":{"@id":"https:\/\/www.mundoagropecuario.cl\/new\/sector-lacteo-avanza-en-reciclaje-de-plasticos\/#primaryimage"},"thumbnailUrl":"https:\/\/www.mundoagropecuario.cl\/new\/wp-content\/uploads\/2021\/09\/Lecheria-circular-1.jpg","keywords":["Consorcio Lechero","Greenwalk y Ecogest","Lechero","programa AgroCircular","Reciclaje de pl\u00e1sticos","sector l\u00e1cteo","Sergio Niklitschek"],"articleSection":["L\u00e1cteos"],"inLanguage":"es"},{"@type":"WebPage","@id":"https:\/\/www.mundoagropecuario.cl\/new\/sector-lacteo-avanza-en-reciclaje-de-plasticos\/","url":"https:\/\/www.mundoagropecuario.cl\/new\/sector-lacteo-avanza-en-reciclaje-de-plasticos\/","name":"Sector l\u00e1cteo avanza en reciclaje de pl\u00e1sticos - Mundoagropecuario","isPartOf":{"@id":"https:\/\/www.mundoagropecuario.cl\/new\/#website"},"primaryImageOfPage":{"@id":"https:\/\/www.mundoagropecuario.cl\/new\/sector-lacteo-avanza-en-reciclaje-de-plasticos\/#primaryimage"},"image":{"@id":"https:\/\/www.mundoagropecuario.cl\/new\/sector-lacteo-avanza-en-reciclaje-de-plasticos\/#primaryimage"},"thumbnailUrl":"https:\/\/www.mundoagropecuario.cl\/new\/wp-content\/uploads\/2021\/09\/Lecheria-circular-1.jpg","datePublished":"2021-09-14T13:51:40+00:00","dateModified":"2021-09-16T14:50:27+00:00","description":"El programa AgroCircular est\u00e1 enfocado en el reciclaje de residuos pl\u00e1sticos de los distintos rubros agr\u00edcolas en todo Chile.","breadcrumb":{"@id":"https:\/\/www.mundoagropecuario.cl\/new\/sector-lacteo-avanza-en-reciclaje-de-plasticos\/#breadcrumb"},"inLanguage":"es","potentialAction":[{"@type":"ReadAction","target":["https:\/\/www.mundoagropecuario.cl\/new\/sector-lacteo-avanza-en-reciclaje-de-plasticos\/"]}]},{"@type":"ImageObject","inLanguage":"es","@id":"https:\/\/www.mundoagropecuario.cl\/new\/sector-lacteo-avanza-en-reciclaje-de-plasticos\/#primaryimage","url":"https:\/\/www.mundoagropecuario.cl\/new\/wp-content\/uploads\/2021\/09\/Lecheria-circular-1.jpg","contentUrl":"https:\/\/www.mundoagropecuario.cl\/new\/wp-content\/uploads\/2021\/09\/Lecheria-circular-1.jpg","width":630,"height":348},{"@type":"BreadcrumbList","@id":"https:\/\/www.mundoagropecuario.cl\/new\/sector-lacteo-avanza-en-reciclaje-de-plasticos\/#breadcrumb","itemListElement":[{"@type":"ListItem","position":1,"name":"Portada","item":"https:\/\/www.mundoagropecuario.cl\/new\/"},{"@type":"ListItem","position":2,"name":"Sector l\u00e1cteo avanza en reciclaje de pl\u00e1sticos"}]},{"@type":"WebSite","@id":"https:\/\/www.mundoagropecuario.cl\/new\/#website","url":"https:\/\/www.mundoagropecuario.cl\/new\/","name":"Mundoagropecuario","description":"Mundo Agropecuario","publisher":{"@id":"https:\/\/www.mundoagropecuario.cl\/new\/#organization"},"potentialAction":[{"@type":"SearchAction","target":{"@type":"EntryPoint","urlTemplate":"https:\/\/www.mundoagropecuario.cl\/new\/?s={search_term_string}"},"query-input":{"@type":"PropertyValueSpecification","valueRequired":true,"valueName":"search_term_string"}}],"inLanguage":"es"},{"@type":"Organization","@id":"https:\/\/www.mundoagropecuario.cl\/new\/#organization","name":"Revista de Agricultura","url":"https:\/\/www.mundoagropecuario.cl\/new\/","logo":{"@type":"ImageObject","inLanguage":"es","@id":"https:\/\/www.mundoagropecuario.cl\/new\/#\/schema\/logo\/image\/","url":"https:\/\/www.mundoagropecuario.cl\/new\/wp-content\/uploads\/2020\/11\/PORTAL-1-1.png","contentUrl":"https:\/\/www.mundoagropecuario.cl\/new\/wp-content\/uploads\/2020\/11\/PORTAL-1-1.png","width":1026,"height":100,"caption":"Revista de Agricultura"},"image":{"@id":"https:\/\/www.mundoagropecuario.cl\/new\/#\/schema\/logo\/image\/"},"sameAs":["https:\/\/www.facebook.com\/mundo.agropecuario.3","https:\/\/x.com\/MundoAgropecuar","https:\/\/www.linkedin.com\/in\/mundo-agropecuario-934009201\/"]},{"@type":"Person","@id":"https:\/\/www.mundoagropecuario.cl\/new\/#\/schema\/person\/4e9f74a82a7dac260eb1c44b7eebeb18","name":"mundo","url":"https:\/\/www.mundoagropecuario.cl\/new\/author\/mundo\/"}]}},"_links":{"self":[{"href":"https:\/\/www.mundoagropecuario.cl\/new\/wp-json\/wp\/v2\/posts\/20307","targetHints":{"allow":["GET"]}}],"collection":[{"href":"https:\/\/www.mundoagropecuario.cl\/new\/wp-json\/wp\/v2\/posts"}],"about":[{"href":"https:\/\/www.mundoagropecuario.cl\/new\/wp-json\/wp\/v2\/types\/post"}],"author":[{"embeddable":true,"href":"https:\/\/www.mundoagropecuario.cl\/new\/wp-json\/wp\/v2\/users\/2"}],"replies":[{"embeddable":true,"href":"https:\/\/www.mundoagropecuario.cl\/new\/wp-json\/wp\/v2\/comments?post=20307"}],"version-history":[{"count":1,"href":"https:\/\/www.mundoagropecuario.cl\/new\/wp-json\/wp\/v2\/posts\/20307\/revisions"}],"predecessor-version":[{"id":20310,"href":"https:\/\/www.mundoagropecuario.cl\/new\/wp-json\/wp\/v2\/posts\/20307\/revisions\/20310"}],"wp:featuredmedia":[{"embeddable":true,"href":"https:\/\/www.mundoagropecuario.cl\/new\/wp-json\/wp\/v2\/media\/20311"}],"wp:attachment":[{"href":"https:\/\/www.mundoagropecuario.cl\/new\/wp-json\/wp\/v2\/media?parent=20307"}],"wp:term":[{"taxonomy":"category","embeddable":true,"href":"https:\/\/www.mundoagropecuario.cl\/new\/wp-json\/wp\/v2\/categories?post=20307"},{"taxonomy":"post_tag","embeddable":true,"href":"https:\/\/www.mundoagropecuario.cl\/new\/wp-json\/wp\/v2\/tags?post=20307"}],"curies":[{"name":"wp","href":"https:\/\/api.w.org\/{rel}","templated":true}]}}