{"id":20303,"date":"2021-09-13T12:18:46","date_gmt":"2021-09-13T15:18:46","guid":{"rendered":"https:\/\/www.mundoagropecuario.cl\/new\/?p=20303"},"modified":"2021-09-16T11:27:03","modified_gmt":"2021-09-16T14:27:03","slug":"seminario-abordo-produccion-de-semillas-de-hortalizas-hibridas-para-el-mundo-y-el-sur-de-chile","status":"publish","type":"post","link":"https:\/\/www.mundoagropecuario.cl\/new\/seminario-abordo-produccion-de-semillas-de-hortalizas-hibridas-para-el-mundo-y-el-sur-de-chile\/","title":{"rendered":"Seminario abord\u00f3 producci\u00f3n de semillas de hortalizas h\u00edbridas para el mundo y el sur de Chile"},"content":{"rendered":"<blockquote>\n<h2><span style=\"color: #003300;\">Con gran \u00e9xito se desarroll\u00f3 el primer seminario\u00a0\u201cProducci\u00f3n de semillas de hortalizas en el mundo y sur de Chile. Bayer Crop Sciences\u201d, que\u00a0cont\u00f3 con la asistencia estudiantes de pre y postgrado y acad\u00e9micos de la\u00a0Facultad de Ciencias Agrarias y Alimentarias\u00a0(FCAA) de la Universidad Austral de Chile.<\/span><\/h2>\n<\/blockquote>\n<p>La actividad tuvo como finalidad dar conocer las caracter\u00edsticas y ventajas del convenio de colaboraci\u00f3n que existe entre esta casa de estudios y la Empresa Bayer.<\/p>\n<p>En la ocasi\u00f3n el Dr. Rodrigo Acu\u00f1a, acad\u00e9mico del Instituto de Producci\u00f3n y Sanidad Vegetal (IPSV) y responsable del convenio, present\u00f3 algunos antecedentes del origen y desarrollo de la instancia, mostrando l\u00edneas de investigaci\u00f3n que se han originado con la posibilidad de insertar a tesistas de pre y postgrado con impacto en el medio, entre otras cosas.<\/p>\n<p><a href=\"https:\/\/www.mundoagropecuario.cl\/new\/wp-content\/uploads\/2021\/09\/AS_201217_1819-1600x1200-1-scaled.jpg\"><img loading=\"lazy\" decoding=\"async\" class=\" wp-image-20304 alignright\" src=\"https:\/\/www.mundoagropecuario.cl\/new\/wp-content\/uploads\/2021\/09\/AS_201217_1819-1600x1200-1-586x391.jpg\" alt=\"\" width=\"509\" height=\"333\" \/><\/a>Asimismo, el Decano de la FCCA, Dr. Jos\u00e9 D\u00f6rner, brind\u00f3 un saludo de bienvenida a los y las asistentes. Valor\u00f3 las acciones que esta iniciativa que puede generar en la formaci\u00f3n de profesionales y en la vinculaci\u00f3n con el medio con empresas del \u00e1rea agroalimentaria, considerado un eje estrat\u00e9gico.<\/p>\n<p>Es importante destacar que la actividad cont\u00f3 con la asistencia de m\u00e1s de 60 personas, las que una vez finalizadas las exposiciones pudieron realizar preguntas sobre las tem\u00e1ticas presentadas.<\/p>\n<p><strong><span style=\"color: #003300;\">Expositores\u00a0<\/span><\/strong><\/p>\n<p>Los especialistas que participaron en el seminario valoraron el trabajo desarrollado con la UACh, resumiendo aspectos de las investigaciones realizadas por Bayer en el mundo y nuestro pa\u00eds. Hicieron \u00e9nfasis tambi\u00e9n en el desarrollo proyectos e investigaci\u00f3n, teniendo como eje la sustentabilidad en un contexto afectado por el cambio clim\u00e1tico y la integraci\u00f3n con la academia.<\/p>\n<p><strong><span style=\"color: #003300;\">Los expositores fueron las siguientes personas:<\/span><\/strong><\/p>\n<p>Sergio Vargas, Ing. Agr., Especialista Global de Semillas hort\u00edcolas, Bayer Crop Sciences, quien present\u00f3 el tema \u201cProducci\u00f3n de semillas h\u00edbridas de hortalizas en el mundo y potencialidades del sur Chile\u201d.<\/p>\n<p>David Cornejo, Ing. Agr. Gerente de producci\u00f3n Bayer-Chile, Bayer Crop Sciences, cuya ponencia se titul\u00f3 \u201cProducci\u00f3n comercial de semillas de hortalizas para Chile\u201d.<\/p>\n<p>Juan Eduardo Correa, Ing. Agr. M. Sc. Investigador Bayer Crop Sciences, quien expuso el tema\u00a0\u201cInvestigaci\u00f3n y potenciales l\u00edneas de desarrollo en semillas de hortalizas en el sur de Chile\u201d.<\/p>\n","protected":false},"excerpt":{"rendered":"<p>La actividad tuvo como finalidad dar conocer las caracter\u00edsticas y ventajas del convenio de colaboraci\u00f3n que existe entre esta casa de estudios y la Empresa Bayer.<\/p>\n","protected":false},"author":2,"featured_media":20305,"comment_status":"closed","ping_status":"closed","sticky":false,"template":"","format":"standard","meta":{"footnotes":""},"categories":[1945],"tags":[6302,6301,6300,578],"class_list":["post-20303","post","type-post","status-publish","format-standard","has-post-thumbnail","hentry","category-agricultura","tag-bayer-crop-sciences","tag-hortalizas-hibridas","tag-semillas-de-hortalizas-hibridas","tag-uach"],"yoast_head":"<!-- This site is optimized with the Yoast SEO plugin v26.6 - https:\/\/yoast.com\/wordpress\/plugins\/seo\/ -->\n<title>Seminario abord\u00f3 producci\u00f3n de semillas de hortalizas h\u00edbridas para el mundo y el sur de Chile - Mundoagropecuario<\/title>\n<meta name=\"description\" content=\"Las caracter\u00edsticas y ventajas del convenio de colaboraci\u00f3n que existe entre esta casa de estudios y la Empresa Bayer.\" \/>\n<meta name=\"robots\" content=\"index, follow, max-snippet:-1, max-image-preview:large, max-video-preview:-1\" \/>\n<link rel=\"canonical\" href=\"https:\/\/www.mundoagropecuario.cl\/new\/seminario-abordo-produccion-de-semillas-de-hortalizas-hibridas-para-el-mundo-y-el-sur-de-chile\/\" \/>\n<meta property=\"og:locale\" content=\"es_ES\" \/>\n<meta property=\"og:type\" content=\"article\" \/>\n<meta property=\"og:title\" content=\"Seminario abord\u00f3 producci\u00f3n de semillas de hortalizas h\u00edbridas para el mundo y el sur de Chile - Mundoagropecuario\" \/>\n<meta property=\"og:description\" content=\"Las caracter\u00edsticas y ventajas del convenio de colaboraci\u00f3n que existe entre esta casa de estudios y la Empresa Bayer.\" \/>\n<meta property=\"og:url\" content=\"https:\/\/www.mundoagropecuario.cl\/new\/seminario-abordo-produccion-de-semillas-de-hortalizas-hibridas-para-el-mundo-y-el-sur-de-chile\/\" \/>\n<meta property=\"og:site_name\" content=\"Mundoagropecuario\" \/>\n<meta property=\"article:publisher\" content=\"https:\/\/www.facebook.com\/mundo.agropecuario.3\" \/>\n<meta property=\"article:published_time\" content=\"2021-09-13T15:18:46+00:00\" \/>\n<meta property=\"article:modified_time\" content=\"2021-09-16T14:27:03+00:00\" \/>\n<meta property=\"og:image\" content=\"https:\/\/www.mundoagropecuario.cl\/new\/wp-content\/uploads\/2021\/09\/Produccio\u0301n-de-Semillas-scaled.jpg\" \/>\n\t<meta property=\"og:image:width\" content=\"1024\" \/>\n\t<meta property=\"og:image:height\" content=\"488\" \/>\n\t<meta property=\"og:image:type\" content=\"image\/jpeg\" \/>\n<meta name=\"author\" content=\"mundo\" \/>\n<meta name=\"twitter:card\" content=\"summary_large_image\" \/>\n<meta name=\"twitter:creator\" content=\"@MundoAgropecuar\" \/>\n<meta name=\"twitter:site\" content=\"@MundoAgropecuar\" \/>\n<meta name=\"twitter:label1\" content=\"Escrito por\" \/>\n\t<meta name=\"twitter:data1\" content=\"mundo\" \/>\n\t<meta name=\"twitter:label2\" content=\"Tiempo de lectura\" \/>\n\t<meta name=\"twitter:data2\" content=\"2 minutos\" \/>\n<script type=\"application\/ld+json\" class=\"yoast-schema-graph\">{\"@context\":\"https:\/\/schema.org\",\"@graph\":[{\"@type\":\"Article\",\"@id\":\"https:\/\/www.mundoagropecuario.cl\/new\/seminario-abordo-produccion-de-semillas-de-hortalizas-hibridas-para-el-mundo-y-el-sur-de-chile\/#article\",\"isPartOf\":{\"@id\":\"https:\/\/www.mundoagropecuario.cl\/new\/seminario-abordo-produccion-de-semillas-de-hortalizas-hibridas-para-el-mundo-y-el-sur-de-chile\/\"},\"author\":{\"name\":\"mundo\",\"@id\":\"https:\/\/www.mundoagropecuario.cl\/new\/#\/schema\/person\/4e9f74a82a7dac260eb1c44b7eebeb18\"},\"headline\":\"Seminario abord\u00f3 producci\u00f3n de semillas de hortalizas h\u00edbridas para el mundo y el sur de Chile\",\"datePublished\":\"2021-09-13T15:18:46+00:00\",\"dateModified\":\"2021-09-16T14:27:03+00:00\",\"mainEntityOfPage\":{\"@id\":\"https:\/\/www.mundoagropecuario.cl\/new\/seminario-abordo-produccion-de-semillas-de-hortalizas-hibridas-para-el-mundo-y-el-sur-de-chile\/\"},\"wordCount\":402,\"publisher\":{\"@id\":\"https:\/\/www.mundoagropecuario.cl\/new\/#organization\"},\"image\":{\"@id\":\"https:\/\/www.mundoagropecuario.cl\/new\/seminario-abordo-produccion-de-semillas-de-hortalizas-hibridas-para-el-mundo-y-el-sur-de-chile\/#primaryimage\"},\"thumbnailUrl\":\"https:\/\/www.mundoagropecuario.cl\/new\/wp-content\/uploads\/2021\/09\/Produccio\u0301n-de-Semillas-scaled.jpg\",\"keywords\":[\"Bayer Crop Sciences\",\"hortalizas h\u00edbridas\",\"semillas de hortalizas h\u00edbridas\",\"UACh\"],\"articleSection\":[\"Agricultura\"],\"inLanguage\":\"es\"},{\"@type\":\"WebPage\",\"@id\":\"https:\/\/www.mundoagropecuario.cl\/new\/seminario-abordo-produccion-de-semillas-de-hortalizas-hibridas-para-el-mundo-y-el-sur-de-chile\/\",\"url\":\"https:\/\/www.mundoagropecuario.cl\/new\/seminario-abordo-produccion-de-semillas-de-hortalizas-hibridas-para-el-mundo-y-el-sur-de-chile\/\",\"name\":\"Seminario abord\u00f3 producci\u00f3n de semillas de hortalizas h\u00edbridas para el mundo y el sur de Chile - Mundoagropecuario\",\"isPartOf\":{\"@id\":\"https:\/\/www.mundoagropecuario.cl\/new\/#website\"},\"primaryImageOfPage\":{\"@id\":\"https:\/\/www.mundoagropecuario.cl\/new\/seminario-abordo-produccion-de-semillas-de-hortalizas-hibridas-para-el-mundo-y-el-sur-de-chile\/#primaryimage\"},\"image\":{\"@id\":\"https:\/\/www.mundoagropecuario.cl\/new\/seminario-abordo-produccion-de-semillas-de-hortalizas-hibridas-para-el-mundo-y-el-sur-de-chile\/#primaryimage\"},\"thumbnailUrl\":\"https:\/\/www.mundoagropecuario.cl\/new\/wp-content\/uploads\/2021\/09\/Produccio\u0301n-de-Semillas-scaled.jpg\",\"datePublished\":\"2021-09-13T15:18:46+00:00\",\"dateModified\":\"2021-09-16T14:27:03+00:00\",\"description\":\"Las caracter\u00edsticas y ventajas del convenio de colaboraci\u00f3n que existe entre esta casa de estudios y la Empresa Bayer.\",\"breadcrumb\":{\"@id\":\"https:\/\/www.mundoagropecuario.cl\/new\/seminario-abordo-produccion-de-semillas-de-hortalizas-hibridas-para-el-mundo-y-el-sur-de-chile\/#breadcrumb\"},\"inLanguage\":\"es\",\"potentialAction\":[{\"@type\":\"ReadAction\",\"target\":[\"https:\/\/www.mundoagropecuario.cl\/new\/seminario-abordo-produccion-de-semillas-de-hortalizas-hibridas-para-el-mundo-y-el-sur-de-chile\/\"]}]},{\"@type\":\"ImageObject\",\"inLanguage\":\"es\",\"@id\":\"https:\/\/www.mundoagropecuario.cl\/new\/seminario-abordo-produccion-de-semillas-de-hortalizas-hibridas-para-el-mundo-y-el-sur-de-chile\/#primaryimage\",\"url\":\"https:\/\/www.mundoagropecuario.cl\/new\/wp-content\/uploads\/2021\/09\/Produccio\u0301n-de-Semillas-scaled.jpg\",\"contentUrl\":\"https:\/\/www.mundoagropecuario.cl\/new\/wp-content\/uploads\/2021\/09\/Produccio\u0301n-de-Semillas-scaled.jpg\",\"width\":720,\"height\":343},{\"@type\":\"BreadcrumbList\",\"@id\":\"https:\/\/www.mundoagropecuario.cl\/new\/seminario-abordo-produccion-de-semillas-de-hortalizas-hibridas-para-el-mundo-y-el-sur-de-chile\/#breadcrumb\",\"itemListElement\":[{\"@type\":\"ListItem\",\"position\":1,\"name\":\"Portada\",\"item\":\"https:\/\/www.mundoagropecuario.cl\/new\/\"},{\"@type\":\"ListItem\",\"position\":2,\"name\":\"Seminario abord\u00f3 producci\u00f3n de semillas de hortalizas h\u00edbridas para el mundo y el sur de Chile\"}]},{\"@type\":\"WebSite\",\"@id\":\"https:\/\/www.mundoagropecuario.cl\/new\/#website\",\"url\":\"https:\/\/www.mundoagropecuario.cl\/new\/\",\"name\":\"Mundoagropecuario\",\"description\":\"Mundo Agropecuario\",\"publisher\":{\"@id\":\"https:\/\/www.mundoagropecuario.cl\/new\/#organization\"},\"potentialAction\":[{\"@type\":\"SearchAction\",\"target\":{\"@type\":\"EntryPoint\",\"urlTemplate\":\"https:\/\/www.mundoagropecuario.cl\/new\/?s={search_term_string}\"},\"query-input\":{\"@type\":\"PropertyValueSpecification\",\"valueRequired\":true,\"valueName\":\"search_term_string\"}}],\"inLanguage\":\"es\"},{\"@type\":\"Organization\",\"@id\":\"https:\/\/www.mundoagropecuario.cl\/new\/#organization\",\"name\":\"Revista de Agricultura\",\"url\":\"https:\/\/www.mundoagropecuario.cl\/new\/\",\"logo\":{\"@type\":\"ImageObject\",\"inLanguage\":\"es\",\"@id\":\"https:\/\/www.mundoagropecuario.cl\/new\/#\/schema\/logo\/image\/\",\"url\":\"https:\/\/www.mundoagropecuario.cl\/new\/wp-content\/uploads\/2020\/11\/PORTAL-1-1.png\",\"contentUrl\":\"https:\/\/www.mundoagropecuario.cl\/new\/wp-content\/uploads\/2020\/11\/PORTAL-1-1.png\",\"width\":1026,\"height\":100,\"caption\":\"Revista de Agricultura\"},\"image\":{\"@id\":\"https:\/\/www.mundoagropecuario.cl\/new\/#\/schema\/logo\/image\/\"},\"sameAs\":[\"https:\/\/www.facebook.com\/mundo.agropecuario.3\",\"https:\/\/x.com\/MundoAgropecuar\",\"https:\/\/www.linkedin.com\/in\/mundo-agropecuario-934009201\/\"]},{\"@type\":\"Person\",\"@id\":\"https:\/\/www.mundoagropecuario.cl\/new\/#\/schema\/person\/4e9f74a82a7dac260eb1c44b7eebeb18\",\"name\":\"mundo\",\"url\":\"https:\/\/www.mundoagropecuario.cl\/new\/author\/mundo\/\"}]}<\/script>\n<!-- \/ Yoast SEO plugin. -->","yoast_head_json":{"title":"Seminario abord\u00f3 producci\u00f3n de semillas de hortalizas h\u00edbridas para el mundo y el sur de Chile - Mundoagropecuario","description":"Las caracter\u00edsticas y ventajas del convenio de colaboraci\u00f3n que existe entre esta casa de estudios y la Empresa Bayer.","robots":{"index":"index","follow":"follow","max-snippet":"max-snippet:-1","max-image-preview":"max-image-preview:large","max-video-preview":"max-video-preview:-1"},"canonical":"https:\/\/www.mundoagropecuario.cl\/new\/seminario-abordo-produccion-de-semillas-de-hortalizas-hibridas-para-el-mundo-y-el-sur-de-chile\/","og_locale":"es_ES","og_type":"article","og_title":"Seminario abord\u00f3 producci\u00f3n de semillas de hortalizas h\u00edbridas para el mundo y el sur de Chile - Mundoagropecuario","og_description":"Las caracter\u00edsticas y ventajas del convenio de colaboraci\u00f3n que existe entre esta casa de estudios y la Empresa Bayer.","og_url":"https:\/\/www.mundoagropecuario.cl\/new\/seminario-abordo-produccion-de-semillas-de-hortalizas-hibridas-para-el-mundo-y-el-sur-de-chile\/","og_site_name":"Mundoagropecuario","article_publisher":"https:\/\/www.facebook.com\/mundo.agropecuario.3","article_published_time":"2021-09-13T15:18:46+00:00","article_modified_time":"2021-09-16T14:27:03+00:00","og_image":[{"width":1024,"height":488,"url":"https:\/\/www.mundoagropecuario.cl\/new\/wp-content\/uploads\/2021\/09\/Produccio\u0301n-de-Semillas-scaled.jpg","type":"image\/jpeg"}],"author":"mundo","twitter_card":"summary_large_image","twitter_creator":"@MundoAgropecuar","twitter_site":"@MundoAgropecuar","twitter_misc":{"Escrito por":"mundo","Tiempo de lectura":"2 minutos"},"schema":{"@context":"https:\/\/schema.org","@graph":[{"@type":"Article","@id":"https:\/\/www.mundoagropecuario.cl\/new\/seminario-abordo-produccion-de-semillas-de-hortalizas-hibridas-para-el-mundo-y-el-sur-de-chile\/#article","isPartOf":{"@id":"https:\/\/www.mundoagropecuario.cl\/new\/seminario-abordo-produccion-de-semillas-de-hortalizas-hibridas-para-el-mundo-y-el-sur-de-chile\/"},"author":{"name":"mundo","@id":"https:\/\/www.mundoagropecuario.cl\/new\/#\/schema\/person\/4e9f74a82a7dac260eb1c44b7eebeb18"},"headline":"Seminario abord\u00f3 producci\u00f3n de semillas de hortalizas h\u00edbridas para el mundo y el sur de Chile","datePublished":"2021-09-13T15:18:46+00:00","dateModified":"2021-09-16T14:27:03+00:00","mainEntityOfPage":{"@id":"https:\/\/www.mundoagropecuario.cl\/new\/seminario-abordo-produccion-de-semillas-de-hortalizas-hibridas-para-el-mundo-y-el-sur-de-chile\/"},"wordCount":402,"publisher":{"@id":"https:\/\/www.mundoagropecuario.cl\/new\/#organization"},"image":{"@id":"https:\/\/www.mundoagropecuario.cl\/new\/seminario-abordo-produccion-de-semillas-de-hortalizas-hibridas-para-el-mundo-y-el-sur-de-chile\/#primaryimage"},"thumbnailUrl":"https:\/\/www.mundoagropecuario.cl\/new\/wp-content\/uploads\/2021\/09\/Produccio\u0301n-de-Semillas-scaled.jpg","keywords":["Bayer Crop Sciences","hortalizas h\u00edbridas","semillas de hortalizas h\u00edbridas","UACh"],"articleSection":["Agricultura"],"inLanguage":"es"},{"@type":"WebPage","@id":"https:\/\/www.mundoagropecuario.cl\/new\/seminario-abordo-produccion-de-semillas-de-hortalizas-hibridas-para-el-mundo-y-el-sur-de-chile\/","url":"https:\/\/www.mundoagropecuario.cl\/new\/seminario-abordo-produccion-de-semillas-de-hortalizas-hibridas-para-el-mundo-y-el-sur-de-chile\/","name":"Seminario abord\u00f3 producci\u00f3n de semillas de hortalizas h\u00edbridas para el mundo y el sur de Chile - Mundoagropecuario","isPartOf":{"@id":"https:\/\/www.mundoagropecuario.cl\/new\/#website"},"primaryImageOfPage":{"@id":"https:\/\/www.mundoagropecuario.cl\/new\/seminario-abordo-produccion-de-semillas-de-hortalizas-hibridas-para-el-mundo-y-el-sur-de-chile\/#primaryimage"},"image":{"@id":"https:\/\/www.mundoagropecuario.cl\/new\/seminario-abordo-produccion-de-semillas-de-hortalizas-hibridas-para-el-mundo-y-el-sur-de-chile\/#primaryimage"},"thumbnailUrl":"https:\/\/www.mundoagropecuario.cl\/new\/wp-content\/uploads\/2021\/09\/Produccio\u0301n-de-Semillas-scaled.jpg","datePublished":"2021-09-13T15:18:46+00:00","dateModified":"2021-09-16T14:27:03+00:00","description":"Las caracter\u00edsticas y ventajas del convenio de colaboraci\u00f3n que existe entre esta casa de estudios y la Empresa Bayer.","breadcrumb":{"@id":"https:\/\/www.mundoagropecuario.cl\/new\/seminario-abordo-produccion-de-semillas-de-hortalizas-hibridas-para-el-mundo-y-el-sur-de-chile\/#breadcrumb"},"inLanguage":"es","potentialAction":[{"@type":"ReadAction","target":["https:\/\/www.mundoagropecuario.cl\/new\/seminario-abordo-produccion-de-semillas-de-hortalizas-hibridas-para-el-mundo-y-el-sur-de-chile\/"]}]},{"@type":"ImageObject","inLanguage":"es","@id":"https:\/\/www.mundoagropecuario.cl\/new\/seminario-abordo-produccion-de-semillas-de-hortalizas-hibridas-para-el-mundo-y-el-sur-de-chile\/#primaryimage","url":"https:\/\/www.mundoagropecuario.cl\/new\/wp-content\/uploads\/2021\/09\/Produccio\u0301n-de-Semillas-scaled.jpg","contentUrl":"https:\/\/www.mundoagropecuario.cl\/new\/wp-content\/uploads\/2021\/09\/Produccio\u0301n-de-Semillas-scaled.jpg","width":720,"height":343},{"@type":"BreadcrumbList","@id":"https:\/\/www.mundoagropecuario.cl\/new\/seminario-abordo-produccion-de-semillas-de-hortalizas-hibridas-para-el-mundo-y-el-sur-de-chile\/#breadcrumb","itemListElement":[{"@type":"ListItem","position":1,"name":"Portada","item":"https:\/\/www.mundoagropecuario.cl\/new\/"},{"@type":"ListItem","position":2,"name":"Seminario abord\u00f3 producci\u00f3n de semillas de hortalizas h\u00edbridas para el mundo y el sur de Chile"}]},{"@type":"WebSite","@id":"https:\/\/www.mundoagropecuario.cl\/new\/#website","url":"https:\/\/www.mundoagropecuario.cl\/new\/","name":"Mundoagropecuario","description":"Mundo Agropecuario","publisher":{"@id":"https:\/\/www.mundoagropecuario.cl\/new\/#organization"},"potentialAction":[{"@type":"SearchAction","target":{"@type":"EntryPoint","urlTemplate":"https:\/\/www.mundoagropecuario.cl\/new\/?s={search_term_string}"},"query-input":{"@type":"PropertyValueSpecification","valueRequired":true,"valueName":"search_term_string"}}],"inLanguage":"es"},{"@type":"Organization","@id":"https:\/\/www.mundoagropecuario.cl\/new\/#organization","name":"Revista de Agricultura","url":"https:\/\/www.mundoagropecuario.cl\/new\/","logo":{"@type":"ImageObject","inLanguage":"es","@id":"https:\/\/www.mundoagropecuario.cl\/new\/#\/schema\/logo\/image\/","url":"https:\/\/www.mundoagropecuario.cl\/new\/wp-content\/uploads\/2020\/11\/PORTAL-1-1.png","contentUrl":"https:\/\/www.mundoagropecuario.cl\/new\/wp-content\/uploads\/2020\/11\/PORTAL-1-1.png","width":1026,"height":100,"caption":"Revista de Agricultura"},"image":{"@id":"https:\/\/www.mundoagropecuario.cl\/new\/#\/schema\/logo\/image\/"},"sameAs":["https:\/\/www.facebook.com\/mundo.agropecuario.3","https:\/\/x.com\/MundoAgropecuar","https:\/\/www.linkedin.com\/in\/mundo-agropecuario-934009201\/"]},{"@type":"Person","@id":"https:\/\/www.mundoagropecuario.cl\/new\/#\/schema\/person\/4e9f74a82a7dac260eb1c44b7eebeb18","name":"mundo","url":"https:\/\/www.mundoagropecuario.cl\/new\/author\/mundo\/"}]}},"_links":{"self":[{"href":"https:\/\/www.mundoagropecuario.cl\/new\/wp-json\/wp\/v2\/posts\/20303","targetHints":{"allow":["GET"]}}],"collection":[{"href":"https:\/\/www.mundoagropecuario.cl\/new\/wp-json\/wp\/v2\/posts"}],"about":[{"href":"https:\/\/www.mundoagropecuario.cl\/new\/wp-json\/wp\/v2\/types\/post"}],"author":[{"embeddable":true,"href":"https:\/\/www.mundoagropecuario.cl\/new\/wp-json\/wp\/v2\/users\/2"}],"replies":[{"embeddable":true,"href":"https:\/\/www.mundoagropecuario.cl\/new\/wp-json\/wp\/v2\/comments?post=20303"}],"version-history":[{"count":1,"href":"https:\/\/www.mundoagropecuario.cl\/new\/wp-json\/wp\/v2\/posts\/20303\/revisions"}],"predecessor-version":[{"id":20306,"href":"https:\/\/www.mundoagropecuario.cl\/new\/wp-json\/wp\/v2\/posts\/20303\/revisions\/20306"}],"wp:featuredmedia":[{"embeddable":true,"href":"https:\/\/www.mundoagropecuario.cl\/new\/wp-json\/wp\/v2\/media\/20305"}],"wp:attachment":[{"href":"https:\/\/www.mundoagropecuario.cl\/new\/wp-json\/wp\/v2\/media?parent=20303"}],"wp:term":[{"taxonomy":"category","embeddable":true,"href":"https:\/\/www.mundoagropecuario.cl\/new\/wp-json\/wp\/v2\/categories?post=20303"},{"taxonomy":"post_tag","embeddable":true,"href":"https:\/\/www.mundoagropecuario.cl\/new\/wp-json\/wp\/v2\/tags?post=20303"}],"curies":[{"name":"wp","href":"https:\/\/api.w.org\/{rel}","templated":true}]}}