{"id":20254,"date":"2021-09-07T11:16:14","date_gmt":"2021-09-07T14:16:14","guid":{"rendered":"https:\/\/www.mundoagropecuario.cl\/new\/?p=20254"},"modified":"2021-09-09T12:27:32","modified_gmt":"2021-09-09T15:27:32","slug":"enfermedades-que-afectan-a-las-papas-seran-abordadas-en-semana-de-sanidad-vegetal-y-medio-ambiente","status":"publish","type":"post","link":"https:\/\/www.mundoagropecuario.cl\/new\/enfermedades-que-afectan-a-las-papas-seran-abordadas-en-semana-de-sanidad-vegetal-y-medio-ambiente\/","title":{"rendered":"Enfermedades que afectan a las papas ser\u00e1n abordadas en Semana de Sanidad Vegetal y Medio Ambiente"},"content":{"rendered":"<blockquote>\n<h2><span style=\"color: #003300;\">Cient\u00edficos de 12 pa\u00edses expondr\u00e1n en encuentro internacional que INIA realizar\u00e1 entre el 27 de septiembre y el 1 de octubre, con libre acceso a trav\u00e9s de plataforma zoom.<\/span><\/h2>\n<\/blockquote>\n<p>Debido a su incidencia en la alimentaci\u00f3n humana y a la importancia que tiene en la dieta diaria, la producci\u00f3n de papas sanas es un tema que captura el inter\u00e9s de cient\u00edficos de todo el mundo. La papa es un alimento de alto consumo mundial, que alcanza los 70 kg\/per c\u00e1pita al a\u00f1o en pa\u00edses como B\u00e9lgica, Reino Unido y Pa\u00edses Bajos, muy superior a los 50 kg por persona en Chile, y lejos de los 100 kg de Rusia y de los 80 kg de Per\u00fa.<\/p>\n<p>Es en ese contexto que cobra gran relevancia el seminario \u201cAvances en el manejo de las enfermedades causadas por pat\u00f3genos de suelo en el cultivo de papa\u201d, que dictar\u00e1 la investigadora de INIA, Ivette Acu\u00f1a en la Semana de la Sanidad Vegetal y Medio Ambiente de fines de septiembre.<\/p>\n<p>La fitopat\u00f3loga explic\u00f3 que aunque las enfermedades de los cultivos no inciden directamente en la salud humana, s\u00ed afectan la disponibilidad de ellos, bajando la calidad y rendimientos, con la consiguiente disminuci\u00f3n de oferta y alza de precios.<\/p>\n<p>En cuanto a la influencia del cambio clim\u00e1tico en la producci\u00f3n, Ivette Acu\u00f1a se\u00f1al\u00f3 que este tiene directa relaci\u00f3n con varias enfermedades. Entre ellas mencion\u00f3 la Sarna com\u00fan de la papa, que se ve favorecida por la falta de agua al inicio de desarrollo de los tub\u00e9rculos, \u201clo cual est\u00e1 ocurriendo cada vez con m\u00e1s frecuencia\u201d. Por el contrario, indic\u00f3 que el exceso de humedad en el suelo en este periodo de desarrollo, favorece la presencia de la sarna polvorienta, \u201cde ah\u00ed la importancia que si los agricultores comienzan a implementar sistemas de riesgo en sus cultivos, deben hacerlo eficientemente, para no favorecer uno u otro problema\u201d, explic\u00f3 la especialista.<\/p>\n<p><a href=\"https:\/\/www.mundoagropecuario.cl\/new\/wp-content\/uploads\/2021\/09\/Sarna-plateada.jpg\"><img loading=\"lazy\" decoding=\"async\" class=\" wp-image-20256 alignright\" src=\"https:\/\/www.mundoagropecuario.cl\/new\/wp-content\/uploads\/2021\/09\/Sarna-plateada-586x440.jpg\" alt=\"\" width=\"534\" height=\"401\" srcset=\"https:\/\/www.mundoagropecuario.cl\/new\/wp-content\/uploads\/2021\/09\/Sarna-plateada-586x440.jpg 586w, https:\/\/www.mundoagropecuario.cl\/new\/wp-content\/uploads\/2021\/09\/Sarna-plateada.jpg 533w\" sizes=\"auto, (max-width: 534px) 100vw, 534px\" \/><\/a>Consultada por las enfermedades m\u00e1s importantes de este cultivo en Chile, la profesional indic\u00f3 que el Tiz\u00f3n Tard\u00edo, el virus PVY, las pudriciones blandas y las patolog\u00edas propias del suelo son las m\u00e1s relevantes, siendo las de mayor frecuencia la Rizoctoniasis, Fusariosis, Sarna com\u00fan y la Sarna polvorienta. Destac\u00f3 que esta \u00faltima ha tomado mucha relevancia en la zona sur del pa\u00eds con aumentos de m\u00e1s del 30 %, principalmente por la incorporaci\u00f3n de sistemas de riego en los cultivos, \u201clos que si no se realizan en forma eficiente pueden causar exceso de humedad en el suelo y favorecer esta enfermedad\u201d.<\/p>\n<p>Acu\u00f1a sostuvo que las patolog\u00edas de suelo est\u00e1n presentes en gran parte de las superficies destinadas a la producci\u00f3n de papa, y que se ven favorecidas \u201ccuando se realizan manejos inadecuados, como el uso de semilla de mala calidad, rotaciones cortas y manejos ineficientes del riego\u201d.<\/p>\n<p>Para controlar estas enfermedades, la investigadora de INIA sostuvo que por lo general se recurre a tratamientos en la plantaci\u00f3n, ya sea en la semilla de la papa, en el surco o en cobertera, y que muchas veces se recurre a excesos en el uso de productos qu\u00edmicos, con el consiguiente impacto ambiental. Aclar\u00f3 que el control qu\u00edmico es una de las medidas a considerar en el control integrado, pero que no es la \u00fanica. En este sentido, explic\u00f3 que la tendencia mundial es el uso de control integrado, es decir, la utilizaci\u00f3n de todas las medidas preventivas, considerando tambi\u00e9n la resistencia de las propias variedades, el uso de semillas certificadas, la rotaci\u00f3n de cultivos, fechas de plantaci\u00f3n oportunas, riego eficiente, entre otros. \u201cEn INIA hemos estado trabajando en c\u00f3mo disminuir los factores de riesgo que favorecen a estas enfermedades, para obtener las mejores soluciones en el control de estos problemas\u201d, concluy\u00f3.<\/p>\n<p><strong><span style=\"color: #003300;\">Encuentro cient\u00edfico de libre acceso<\/span><\/strong><\/p>\n<p>Con ponencias de gran relevancia actual, adem\u00e1s de 16 seminarios a cargo de especialistas de doce pa\u00edses, se realizar\u00e1 la semana de la Sanidad Vegetal y Medio Ambiente, que de manera gratuita realizar\u00e1 INIA Quilamapu desde Chill\u00e1n. El coordinador general de la actividad, el investigador Ricardo Ceballos, se\u00f1al\u00f3 que, entre otros aspectos, se abordar\u00e1n temas como la presencia de nuevas plagas y enfermedades en cultivos agr\u00edcolas, el manejo integrado de plagas, el desarrollo de bioinsumos y manejo sanitario de cultivos, todos los cuales son de gran inter\u00e9s cient\u00edfico mundial por la importancia directa que tienen en la disponibilidad de alimentos.<\/p>\n<p>Los interesados\/as en seguir cada una de las exposiciones solo tienen que inscribirse en www.inia.cl\/semanasanidadvegetalymedioambiente\/inicio\/, escribiendo a pgatica@inia.cl o directamente pinchando <a href=\"https:\/\/docs.google.com\/forms\/d\/e\/1FAIpQLSfEIIv8q3EwtMiNBxWyGP96t59-QuUoTH2NXTAXyjfxNKMRYw\/viewform\">AQU\u00cd.<\/a><\/p>\n","protected":false},"excerpt":{"rendered":"<p>La papa es un alimento de alto consumo mundial, que alcanza los 70 kg\/per c\u00e1pita al a\u00f1o en pa\u00edses como B\u00e9lgica, Reino Unido y Pa\u00edses Bajos, muy superior a los 50 kg por persona en Chile, y lejos de los 100 kg de Rusia y de los 80 kg de Per\u00fa.<\/p>\n","protected":false},"author":2,"featured_media":20255,"comment_status":"closed","ping_status":"closed","sticky":false,"template":"","format":"standard","meta":{"footnotes":""},"categories":[1945],"tags":[6278,2052,6279,5340,2573],"class_list":["post-20254","post","type-post","status-publish","format-standard","has-post-thumbnail","hentry","category-agricultura","tag-enfermedades-de-papas","tag-inia","tag-investigador-ricardo-ceballos","tag-investigadora-de-inia","tag-ivette-acuna"],"yoast_head":"<!-- This site is optimized with the Yoast SEO plugin v26.6 - https:\/\/yoast.com\/wordpress\/plugins\/seo\/ -->\n<title>Enfermedades que afectan a las papas ser\u00e1n abordadas en Semana de Sanidad Vegetal y Medio Ambiente - Mundoagropecuario<\/title>\n<meta name=\"description\" content=\"La papa es un alimento de alto consumo mundial, que alcanza los 70 kg\/per c\u00e1pita al a\u00f1o en pa\u00edses como B\u00e9lgica, Reino Unido y Pa\u00edses Bajos.\" \/>\n<meta name=\"robots\" content=\"index, follow, max-snippet:-1, max-image-preview:large, max-video-preview:-1\" \/>\n<link rel=\"canonical\" href=\"https:\/\/www.mundoagropecuario.cl\/new\/enfermedades-que-afectan-a-las-papas-seran-abordadas-en-semana-de-sanidad-vegetal-y-medio-ambiente\/\" \/>\n<meta property=\"og:locale\" content=\"es_ES\" \/>\n<meta property=\"og:type\" content=\"article\" \/>\n<meta property=\"og:title\" content=\"Enfermedades que afectan a las papas ser\u00e1n abordadas en Semana de Sanidad Vegetal y Medio Ambiente - Mundoagropecuario\" \/>\n<meta property=\"og:description\" content=\"La papa es un alimento de alto consumo mundial, que alcanza los 70 kg\/per c\u00e1pita al a\u00f1o en pa\u00edses como B\u00e9lgica, Reino Unido y Pa\u00edses Bajos.\" \/>\n<meta property=\"og:url\" content=\"https:\/\/www.mundoagropecuario.cl\/new\/enfermedades-que-afectan-a-las-papas-seran-abordadas-en-semana-de-sanidad-vegetal-y-medio-ambiente\/\" \/>\n<meta property=\"og:site_name\" content=\"Mundoagropecuario\" \/>\n<meta property=\"article:publisher\" content=\"https:\/\/www.facebook.com\/mundo.agropecuario.3\" \/>\n<meta property=\"article:published_time\" content=\"2021-09-07T14:16:14+00:00\" \/>\n<meta property=\"article:modified_time\" content=\"2021-09-09T15:27:32+00:00\" \/>\n<meta property=\"og:image\" content=\"https:\/\/www.mundoagropecuario.cl\/new\/wp-content\/uploads\/2021\/09\/fusariosis.jpg\" \/>\n\t<meta property=\"og:image:width\" content=\"614\" \/>\n\t<meta property=\"og:image:height\" content=\"461\" \/>\n\t<meta property=\"og:image:type\" content=\"image\/jpeg\" \/>\n<meta name=\"author\" content=\"mundo\" \/>\n<meta name=\"twitter:card\" content=\"summary_large_image\" \/>\n<meta name=\"twitter:creator\" content=\"@MundoAgropecuar\" \/>\n<meta name=\"twitter:site\" content=\"@MundoAgropecuar\" \/>\n<meta name=\"twitter:label1\" content=\"Escrito por\" \/>\n\t<meta name=\"twitter:data1\" content=\"mundo\" \/>\n\t<meta name=\"twitter:label2\" content=\"Tiempo de lectura\" \/>\n\t<meta name=\"twitter:data2\" content=\"4 minutos\" \/>\n<script type=\"application\/ld+json\" class=\"yoast-schema-graph\">{\"@context\":\"https:\/\/schema.org\",\"@graph\":[{\"@type\":\"Article\",\"@id\":\"https:\/\/www.mundoagropecuario.cl\/new\/enfermedades-que-afectan-a-las-papas-seran-abordadas-en-semana-de-sanidad-vegetal-y-medio-ambiente\/#article\",\"isPartOf\":{\"@id\":\"https:\/\/www.mundoagropecuario.cl\/new\/enfermedades-que-afectan-a-las-papas-seran-abordadas-en-semana-de-sanidad-vegetal-y-medio-ambiente\/\"},\"author\":{\"name\":\"mundo\",\"@id\":\"https:\/\/www.mundoagropecuario.cl\/new\/#\/schema\/person\/4e9f74a82a7dac260eb1c44b7eebeb18\"},\"headline\":\"Enfermedades que afectan a las papas ser\u00e1n abordadas en Semana de Sanidad Vegetal y Medio Ambiente\",\"datePublished\":\"2021-09-07T14:16:14+00:00\",\"dateModified\":\"2021-09-09T15:27:32+00:00\",\"mainEntityOfPage\":{\"@id\":\"https:\/\/www.mundoagropecuario.cl\/new\/enfermedades-que-afectan-a-las-papas-seran-abordadas-en-semana-de-sanidad-vegetal-y-medio-ambiente\/\"},\"wordCount\":809,\"publisher\":{\"@id\":\"https:\/\/www.mundoagropecuario.cl\/new\/#organization\"},\"image\":{\"@id\":\"https:\/\/www.mundoagropecuario.cl\/new\/enfermedades-que-afectan-a-las-papas-seran-abordadas-en-semana-de-sanidad-vegetal-y-medio-ambiente\/#primaryimage\"},\"thumbnailUrl\":\"https:\/\/www.mundoagropecuario.cl\/new\/wp-content\/uploads\/2021\/09\/fusariosis.jpg\",\"keywords\":[\"Enfermedades de papas\",\"INIA\",\"investigador Ricardo Ceballos\",\"Investigadora de INIA\",\"Ivette Acu\u00f1a.\"],\"articleSection\":[\"Agricultura\"],\"inLanguage\":\"es\"},{\"@type\":\"WebPage\",\"@id\":\"https:\/\/www.mundoagropecuario.cl\/new\/enfermedades-que-afectan-a-las-papas-seran-abordadas-en-semana-de-sanidad-vegetal-y-medio-ambiente\/\",\"url\":\"https:\/\/www.mundoagropecuario.cl\/new\/enfermedades-que-afectan-a-las-papas-seran-abordadas-en-semana-de-sanidad-vegetal-y-medio-ambiente\/\",\"name\":\"Enfermedades que afectan a las papas ser\u00e1n abordadas en Semana de Sanidad Vegetal y Medio Ambiente - Mundoagropecuario\",\"isPartOf\":{\"@id\":\"https:\/\/www.mundoagropecuario.cl\/new\/#website\"},\"primaryImageOfPage\":{\"@id\":\"https:\/\/www.mundoagropecuario.cl\/new\/enfermedades-que-afectan-a-las-papas-seran-abordadas-en-semana-de-sanidad-vegetal-y-medio-ambiente\/#primaryimage\"},\"image\":{\"@id\":\"https:\/\/www.mundoagropecuario.cl\/new\/enfermedades-que-afectan-a-las-papas-seran-abordadas-en-semana-de-sanidad-vegetal-y-medio-ambiente\/#primaryimage\"},\"thumbnailUrl\":\"https:\/\/www.mundoagropecuario.cl\/new\/wp-content\/uploads\/2021\/09\/fusariosis.jpg\",\"datePublished\":\"2021-09-07T14:16:14+00:00\",\"dateModified\":\"2021-09-09T15:27:32+00:00\",\"description\":\"La papa es un alimento de alto consumo mundial, que alcanza los 70 kg\/per c\u00e1pita al a\u00f1o en pa\u00edses como B\u00e9lgica, Reino Unido y Pa\u00edses Bajos.\",\"breadcrumb\":{\"@id\":\"https:\/\/www.mundoagropecuario.cl\/new\/enfermedades-que-afectan-a-las-papas-seran-abordadas-en-semana-de-sanidad-vegetal-y-medio-ambiente\/#breadcrumb\"},\"inLanguage\":\"es\",\"potentialAction\":[{\"@type\":\"ReadAction\",\"target\":[\"https:\/\/www.mundoagropecuario.cl\/new\/enfermedades-que-afectan-a-las-papas-seran-abordadas-en-semana-de-sanidad-vegetal-y-medio-ambiente\/\"]}]},{\"@type\":\"ImageObject\",\"inLanguage\":\"es\",\"@id\":\"https:\/\/www.mundoagropecuario.cl\/new\/enfermedades-que-afectan-a-las-papas-seran-abordadas-en-semana-de-sanidad-vegetal-y-medio-ambiente\/#primaryimage\",\"url\":\"https:\/\/www.mundoagropecuario.cl\/new\/wp-content\/uploads\/2021\/09\/fusariosis.jpg\",\"contentUrl\":\"https:\/\/www.mundoagropecuario.cl\/new\/wp-content\/uploads\/2021\/09\/fusariosis.jpg\",\"width\":533,\"height\":400},{\"@type\":\"BreadcrumbList\",\"@id\":\"https:\/\/www.mundoagropecuario.cl\/new\/enfermedades-que-afectan-a-las-papas-seran-abordadas-en-semana-de-sanidad-vegetal-y-medio-ambiente\/#breadcrumb\",\"itemListElement\":[{\"@type\":\"ListItem\",\"position\":1,\"name\":\"Portada\",\"item\":\"https:\/\/www.mundoagropecuario.cl\/new\/\"},{\"@type\":\"ListItem\",\"position\":2,\"name\":\"Enfermedades que afectan a las papas ser\u00e1n abordadas en Semana de Sanidad Vegetal y Medio Ambiente\"}]},{\"@type\":\"WebSite\",\"@id\":\"https:\/\/www.mundoagropecuario.cl\/new\/#website\",\"url\":\"https:\/\/www.mundoagropecuario.cl\/new\/\",\"name\":\"Mundoagropecuario\",\"description\":\"Mundo Agropecuario\",\"publisher\":{\"@id\":\"https:\/\/www.mundoagropecuario.cl\/new\/#organization\"},\"potentialAction\":[{\"@type\":\"SearchAction\",\"target\":{\"@type\":\"EntryPoint\",\"urlTemplate\":\"https:\/\/www.mundoagropecuario.cl\/new\/?s={search_term_string}\"},\"query-input\":{\"@type\":\"PropertyValueSpecification\",\"valueRequired\":true,\"valueName\":\"search_term_string\"}}],\"inLanguage\":\"es\"},{\"@type\":\"Organization\",\"@id\":\"https:\/\/www.mundoagropecuario.cl\/new\/#organization\",\"name\":\"Revista de Agricultura\",\"url\":\"https:\/\/www.mundoagropecuario.cl\/new\/\",\"logo\":{\"@type\":\"ImageObject\",\"inLanguage\":\"es\",\"@id\":\"https:\/\/www.mundoagropecuario.cl\/new\/#\/schema\/logo\/image\/\",\"url\":\"https:\/\/www.mundoagropecuario.cl\/new\/wp-content\/uploads\/2020\/11\/PORTAL-1-1.png\",\"contentUrl\":\"https:\/\/www.mundoagropecuario.cl\/new\/wp-content\/uploads\/2020\/11\/PORTAL-1-1.png\",\"width\":1026,\"height\":100,\"caption\":\"Revista de Agricultura\"},\"image\":{\"@id\":\"https:\/\/www.mundoagropecuario.cl\/new\/#\/schema\/logo\/image\/\"},\"sameAs\":[\"https:\/\/www.facebook.com\/mundo.agropecuario.3\",\"https:\/\/x.com\/MundoAgropecuar\",\"https:\/\/www.linkedin.com\/in\/mundo-agropecuario-934009201\/\"]},{\"@type\":\"Person\",\"@id\":\"https:\/\/www.mundoagropecuario.cl\/new\/#\/schema\/person\/4e9f74a82a7dac260eb1c44b7eebeb18\",\"name\":\"mundo\",\"url\":\"https:\/\/www.mundoagropecuario.cl\/new\/author\/mundo\/\"}]}<\/script>\n<!-- \/ Yoast SEO plugin. -->","yoast_head_json":{"title":"Enfermedades que afectan a las papas ser\u00e1n abordadas en Semana de Sanidad Vegetal y Medio Ambiente - Mundoagropecuario","description":"La papa es un alimento de alto consumo mundial, que alcanza los 70 kg\/per c\u00e1pita al a\u00f1o en pa\u00edses como B\u00e9lgica, Reino Unido y Pa\u00edses Bajos.","robots":{"index":"index","follow":"follow","max-snippet":"max-snippet:-1","max-image-preview":"max-image-preview:large","max-video-preview":"max-video-preview:-1"},"canonical":"https:\/\/www.mundoagropecuario.cl\/new\/enfermedades-que-afectan-a-las-papas-seran-abordadas-en-semana-de-sanidad-vegetal-y-medio-ambiente\/","og_locale":"es_ES","og_type":"article","og_title":"Enfermedades que afectan a las papas ser\u00e1n abordadas en Semana de Sanidad Vegetal y Medio Ambiente - Mundoagropecuario","og_description":"La papa es un alimento de alto consumo mundial, que alcanza los 70 kg\/per c\u00e1pita al a\u00f1o en pa\u00edses como B\u00e9lgica, Reino Unido y Pa\u00edses Bajos.","og_url":"https:\/\/www.mundoagropecuario.cl\/new\/enfermedades-que-afectan-a-las-papas-seran-abordadas-en-semana-de-sanidad-vegetal-y-medio-ambiente\/","og_site_name":"Mundoagropecuario","article_publisher":"https:\/\/www.facebook.com\/mundo.agropecuario.3","article_published_time":"2021-09-07T14:16:14+00:00","article_modified_time":"2021-09-09T15:27:32+00:00","og_image":[{"width":614,"height":461,"url":"https:\/\/www.mundoagropecuario.cl\/new\/wp-content\/uploads\/2021\/09\/fusariosis.jpg","type":"image\/jpeg"}],"author":"mundo","twitter_card":"summary_large_image","twitter_creator":"@MundoAgropecuar","twitter_site":"@MundoAgropecuar","twitter_misc":{"Escrito por":"mundo","Tiempo de lectura":"4 minutos"},"schema":{"@context":"https:\/\/schema.org","@graph":[{"@type":"Article","@id":"https:\/\/www.mundoagropecuario.cl\/new\/enfermedades-que-afectan-a-las-papas-seran-abordadas-en-semana-de-sanidad-vegetal-y-medio-ambiente\/#article","isPartOf":{"@id":"https:\/\/www.mundoagropecuario.cl\/new\/enfermedades-que-afectan-a-las-papas-seran-abordadas-en-semana-de-sanidad-vegetal-y-medio-ambiente\/"},"author":{"name":"mundo","@id":"https:\/\/www.mundoagropecuario.cl\/new\/#\/schema\/person\/4e9f74a82a7dac260eb1c44b7eebeb18"},"headline":"Enfermedades que afectan a las papas ser\u00e1n abordadas en Semana de Sanidad Vegetal y Medio Ambiente","datePublished":"2021-09-07T14:16:14+00:00","dateModified":"2021-09-09T15:27:32+00:00","mainEntityOfPage":{"@id":"https:\/\/www.mundoagropecuario.cl\/new\/enfermedades-que-afectan-a-las-papas-seran-abordadas-en-semana-de-sanidad-vegetal-y-medio-ambiente\/"},"wordCount":809,"publisher":{"@id":"https:\/\/www.mundoagropecuario.cl\/new\/#organization"},"image":{"@id":"https:\/\/www.mundoagropecuario.cl\/new\/enfermedades-que-afectan-a-las-papas-seran-abordadas-en-semana-de-sanidad-vegetal-y-medio-ambiente\/#primaryimage"},"thumbnailUrl":"https:\/\/www.mundoagropecuario.cl\/new\/wp-content\/uploads\/2021\/09\/fusariosis.jpg","keywords":["Enfermedades de papas","INIA","investigador Ricardo Ceballos","Investigadora de INIA","Ivette Acu\u00f1a."],"articleSection":["Agricultura"],"inLanguage":"es"},{"@type":"WebPage","@id":"https:\/\/www.mundoagropecuario.cl\/new\/enfermedades-que-afectan-a-las-papas-seran-abordadas-en-semana-de-sanidad-vegetal-y-medio-ambiente\/","url":"https:\/\/www.mundoagropecuario.cl\/new\/enfermedades-que-afectan-a-las-papas-seran-abordadas-en-semana-de-sanidad-vegetal-y-medio-ambiente\/","name":"Enfermedades que afectan a las papas ser\u00e1n abordadas en Semana de Sanidad Vegetal y Medio Ambiente - Mundoagropecuario","isPartOf":{"@id":"https:\/\/www.mundoagropecuario.cl\/new\/#website"},"primaryImageOfPage":{"@id":"https:\/\/www.mundoagropecuario.cl\/new\/enfermedades-que-afectan-a-las-papas-seran-abordadas-en-semana-de-sanidad-vegetal-y-medio-ambiente\/#primaryimage"},"image":{"@id":"https:\/\/www.mundoagropecuario.cl\/new\/enfermedades-que-afectan-a-las-papas-seran-abordadas-en-semana-de-sanidad-vegetal-y-medio-ambiente\/#primaryimage"},"thumbnailUrl":"https:\/\/www.mundoagropecuario.cl\/new\/wp-content\/uploads\/2021\/09\/fusariosis.jpg","datePublished":"2021-09-07T14:16:14+00:00","dateModified":"2021-09-09T15:27:32+00:00","description":"La papa es un alimento de alto consumo mundial, que alcanza los 70 kg\/per c\u00e1pita al a\u00f1o en pa\u00edses como B\u00e9lgica, Reino Unido y Pa\u00edses Bajos.","breadcrumb":{"@id":"https:\/\/www.mundoagropecuario.cl\/new\/enfermedades-que-afectan-a-las-papas-seran-abordadas-en-semana-de-sanidad-vegetal-y-medio-ambiente\/#breadcrumb"},"inLanguage":"es","potentialAction":[{"@type":"ReadAction","target":["https:\/\/www.mundoagropecuario.cl\/new\/enfermedades-que-afectan-a-las-papas-seran-abordadas-en-semana-de-sanidad-vegetal-y-medio-ambiente\/"]}]},{"@type":"ImageObject","inLanguage":"es","@id":"https:\/\/www.mundoagropecuario.cl\/new\/enfermedades-que-afectan-a-las-papas-seran-abordadas-en-semana-de-sanidad-vegetal-y-medio-ambiente\/#primaryimage","url":"https:\/\/www.mundoagropecuario.cl\/new\/wp-content\/uploads\/2021\/09\/fusariosis.jpg","contentUrl":"https:\/\/www.mundoagropecuario.cl\/new\/wp-content\/uploads\/2021\/09\/fusariosis.jpg","width":533,"height":400},{"@type":"BreadcrumbList","@id":"https:\/\/www.mundoagropecuario.cl\/new\/enfermedades-que-afectan-a-las-papas-seran-abordadas-en-semana-de-sanidad-vegetal-y-medio-ambiente\/#breadcrumb","itemListElement":[{"@type":"ListItem","position":1,"name":"Portada","item":"https:\/\/www.mundoagropecuario.cl\/new\/"},{"@type":"ListItem","position":2,"name":"Enfermedades que afectan a las papas ser\u00e1n abordadas en Semana de Sanidad Vegetal y Medio Ambiente"}]},{"@type":"WebSite","@id":"https:\/\/www.mundoagropecuario.cl\/new\/#website","url":"https:\/\/www.mundoagropecuario.cl\/new\/","name":"Mundoagropecuario","description":"Mundo Agropecuario","publisher":{"@id":"https:\/\/www.mundoagropecuario.cl\/new\/#organization"},"potentialAction":[{"@type":"SearchAction","target":{"@type":"EntryPoint","urlTemplate":"https:\/\/www.mundoagropecuario.cl\/new\/?s={search_term_string}"},"query-input":{"@type":"PropertyValueSpecification","valueRequired":true,"valueName":"search_term_string"}}],"inLanguage":"es"},{"@type":"Organization","@id":"https:\/\/www.mundoagropecuario.cl\/new\/#organization","name":"Revista de Agricultura","url":"https:\/\/www.mundoagropecuario.cl\/new\/","logo":{"@type":"ImageObject","inLanguage":"es","@id":"https:\/\/www.mundoagropecuario.cl\/new\/#\/schema\/logo\/image\/","url":"https:\/\/www.mundoagropecuario.cl\/new\/wp-content\/uploads\/2020\/11\/PORTAL-1-1.png","contentUrl":"https:\/\/www.mundoagropecuario.cl\/new\/wp-content\/uploads\/2020\/11\/PORTAL-1-1.png","width":1026,"height":100,"caption":"Revista de Agricultura"},"image":{"@id":"https:\/\/www.mundoagropecuario.cl\/new\/#\/schema\/logo\/image\/"},"sameAs":["https:\/\/www.facebook.com\/mundo.agropecuario.3","https:\/\/x.com\/MundoAgropecuar","https:\/\/www.linkedin.com\/in\/mundo-agropecuario-934009201\/"]},{"@type":"Person","@id":"https:\/\/www.mundoagropecuario.cl\/new\/#\/schema\/person\/4e9f74a82a7dac260eb1c44b7eebeb18","name":"mundo","url":"https:\/\/www.mundoagropecuario.cl\/new\/author\/mundo\/"}]}},"_links":{"self":[{"href":"https:\/\/www.mundoagropecuario.cl\/new\/wp-json\/wp\/v2\/posts\/20254","targetHints":{"allow":["GET"]}}],"collection":[{"href":"https:\/\/www.mundoagropecuario.cl\/new\/wp-json\/wp\/v2\/posts"}],"about":[{"href":"https:\/\/www.mundoagropecuario.cl\/new\/wp-json\/wp\/v2\/types\/post"}],"author":[{"embeddable":true,"href":"https:\/\/www.mundoagropecuario.cl\/new\/wp-json\/wp\/v2\/users\/2"}],"replies":[{"embeddable":true,"href":"https:\/\/www.mundoagropecuario.cl\/new\/wp-json\/wp\/v2\/comments?post=20254"}],"version-history":[{"count":1,"href":"https:\/\/www.mundoagropecuario.cl\/new\/wp-json\/wp\/v2\/posts\/20254\/revisions"}],"predecessor-version":[{"id":20257,"href":"https:\/\/www.mundoagropecuario.cl\/new\/wp-json\/wp\/v2\/posts\/20254\/revisions\/20257"}],"wp:featuredmedia":[{"embeddable":true,"href":"https:\/\/www.mundoagropecuario.cl\/new\/wp-json\/wp\/v2\/media\/20255"}],"wp:attachment":[{"href":"https:\/\/www.mundoagropecuario.cl\/new\/wp-json\/wp\/v2\/media?parent=20254"}],"wp:term":[{"taxonomy":"category","embeddable":true,"href":"https:\/\/www.mundoagropecuario.cl\/new\/wp-json\/wp\/v2\/categories?post=20254"},{"taxonomy":"post_tag","embeddable":true,"href":"https:\/\/www.mundoagropecuario.cl\/new\/wp-json\/wp\/v2\/tags?post=20254"}],"curies":[{"name":"wp","href":"https:\/\/api.w.org\/{rel}","templated":true}]}}