{"id":20250,"date":"2021-09-07T11:00:21","date_gmt":"2021-09-07T14:00:21","guid":{"rendered":"https:\/\/www.mundoagropecuario.cl\/new\/?p=20250"},"modified":"2021-09-09T11:58:33","modified_gmt":"2021-09-09T14:58:33","slug":"fiscalizan-condiciones-sanitarias-del-ganado-en-ferias-que-abasteceran-locales-de-venta-en-fiestas-patrias","status":"publish","type":"post","link":"https:\/\/www.mundoagropecuario.cl\/new\/fiscalizan-condiciones-sanitarias-del-ganado-en-ferias-que-abasteceran-locales-de-venta-en-fiestas-patrias\/","title":{"rendered":"Fiscalizan\u00a0 condiciones sanitarias del ganado en ferias que abastecer\u00e1n locales de venta en fiestas patrias\u00a0"},"content":{"rendered":"<blockquote>\n<h2><span style=\"color: #003300;\">Para verificar las condiciones sanitarias del ganado que se transa en ferias y el cumplimiento de otras normativas vigentes, como la trazabilidad y el bienestar animal, autoridades regionales estuvieron en las instalaciones del recinto ferial FEGOSA Osorno.<\/span><\/h2>\n<\/blockquote>\n<p style=\"font-weight: 400;\">La actividad de fiscalizaci\u00f3n estuvo encabezada por el delegado Presidencial, Carlos Geisse, junto al Seremi de Agricultura, Eduardo Winkler, el director regional subrogante del SAG Los Lagos, Luis Alfredo Paredes, y el equipo de inspectores de la oficina SAG Osorno.<\/p>\n<p style=\"font-weight: 400;\"><a href=\"https:\/\/www.mundoagropecuario.cl\/new\/wp-content\/uploads\/2021\/09\/SAG_foto2.jpg\"><img loading=\"lazy\" decoding=\"async\" class=\" wp-image-20251 alignright\" src=\"https:\/\/www.mundoagropecuario.cl\/new\/wp-content\/uploads\/2021\/09\/SAG_foto2-586x440.jpg\" alt=\"\" width=\"511\" height=\"373\" \/><\/a>Seg\u00fan dijo Geisse \u201cse inicia el per\u00edodo pre Fiestas Patrias y empezamos a hacer las fiscalizaciones correspondientes. Visitamos una feria ganadera de Osorno y revisamos cu\u00e1l es el procedimiento que usan para recibir el ganado, para hacer los controles de sanidad y tambi\u00e9n para verificar documentaci\u00f3n que acredita su origen. El control es estricto por parte del SAG, por lo tanto, en este aspecto estamos bastante tranquilos con el ganado que se recibe en las ferias, que despu\u00e9s va a matadero y que en definitiva vamos a consumir el pr\u00f3ximo 18 de septiembre\u201d.<\/p>\n<p style=\"font-weight: 400;\">El Seremi de Agricultura, Eduardo Winkler, se\u00f1al\u00f3 que el Ministerio de Agricultura a trav\u00e9s del Servicio Agr\u00edcola y Ganadero (SAG) intensifica sus fiscalizaciones. \u201cen fechas en que aumenta el consumo de carne, estamos tambi\u00e9n muy preocupados de proteger a nuestros productores por eso aumentamos tambi\u00e9n nuestras fiscalizaciones en ferias ganaderas, carreteras y predios considerando el aumento de abigeato que se produce en esta \u00e9poca y previo a Fiestas Patrias. Les pedimos a las personas que denuncien cuando vean actividad sospechosa en los campos y que compren siempre en lugares establecidos, donde se cuente con la trazabilidad completa del animal desde que nace hasta que llega al punto de venta\u201d.<\/p>\n<p style=\"font-weight: 400;\">Por su parte, el director regional subrogante del SAG Los Lagos, Luis Alfredo Paredes, enfatiz\u00f3 que todo ganado que se mueve y transporta en el pa\u00eds debe contar con un Formulario de Movimiento Animal, FMA, documento que avala su procedencia y los animales (bovinos) deben portar dispositivo de identificaci\u00f3n individual oficial (arete) que es lo que exige la normativa de Trazabilidad Animal.<\/p>\n<p style=\"font-weight: 400;\">Paredes agreg\u00f3 que, el Programa de Trazabilidad Animal, se inserta en la Ley N\u00b020.596 que mejora la fiscalizaci\u00f3n para la prevenci\u00f3n del delito de abigeato. En ese sentido el rol del SAG es verificar que los transportistas de ganado porten el Formulario de Movimiento Animal (FMA) y que este documento est\u00e9 correcto en el sentido que coincida el n\u00famero de animales transportados con el declarado. Al no acreditar origen y no portar el FMA, Carabineros puede presumir la existencia del delito de abigeato, il\u00edcito que afecta a los productores de ganado de la zona, y que incrementa en per\u00edodos de festividades.<\/p>\n<p style=\"font-weight: 400;\">Finalmente, las autoridades hicieron un llamado a la ciudadan\u00eda a celebrar fiestas patrias en casa, en familia, siguiendo las recomendaciones sanitarias vigentes producto de la pandemia COVID-19; adem\u00e1s, a abastecerse de productos c\u00e1rnicos en locales establecidos y autorizados. Al consumir carnes no inspeccionadas sanitariamente, o de origen desconocido, las personas asumen un alto riesgo de contraer no s\u00f3lo enfermedades gastrointestinales, sino tambi\u00e9n patolog\u00edas de los animales que se transmiten al ser humano (zoonosis), como tuberculosis o, hidatidosis, por mencionar algunas m\u00e1s frecuentes.<\/p>\n","protected":false},"excerpt":{"rendered":"<p>La actividad de fiscalizaci\u00f3n estuvo encabezada por el delegado Presidencial, Carlos Geisse, junto al Seremi de Agricultura, Eduardo Winkler, el director regional subrogante del SAG Los Lagos, Luis Alfredo Paredes, y el equipo de inspectores de la oficina SAG Osorno.<\/p>\n","protected":false},"author":2,"featured_media":20252,"comment_status":"closed","ping_status":"closed","sticky":false,"template":"","format":"standard","meta":{"footnotes":""},"categories":[1944],"tags":[2090,3127,4845,2301,2035,2036],"class_list":["post-20250","post","type-post","status-publish","format-standard","has-post-thumbnail","hentry","category-ganaderia","tag-agricultura","tag-agro","tag-fegosa","tag-ganado","tag-minagri","tag-sag"],"yoast_head":"<!-- This site is optimized with the Yoast SEO plugin v26.6 - https:\/\/yoast.com\/wordpress\/plugins\/seo\/ -->\n<title>Fiscalizan\u00a0 condiciones sanitarias del ganado en ferias que abastecer\u00e1n locales de venta en fiestas patrias\u00a0 - Mundoagropecuario<\/title>\n<meta name=\"description\" content=\"La actividad de fiscalizaci\u00f3n estuvo encabezada por el delegado Presidencial, Carlos Geisse, junto al Seremi de Agricultura.\" \/>\n<meta name=\"robots\" content=\"index, follow, max-snippet:-1, max-image-preview:large, max-video-preview:-1\" \/>\n<link rel=\"canonical\" href=\"https:\/\/www.mundoagropecuario.cl\/new\/fiscalizan-condiciones-sanitarias-del-ganado-en-ferias-que-abasteceran-locales-de-venta-en-fiestas-patrias\/\" \/>\n<meta property=\"og:locale\" content=\"es_ES\" \/>\n<meta property=\"og:type\" content=\"article\" \/>\n<meta property=\"og:title\" content=\"Fiscalizan\u00a0 condiciones sanitarias del ganado en ferias que abastecer\u00e1n locales de venta en fiestas patrias\u00a0 - Mundoagropecuario\" \/>\n<meta property=\"og:description\" content=\"La actividad de fiscalizaci\u00f3n estuvo encabezada por el delegado Presidencial, Carlos Geisse, junto al Seremi de Agricultura.\" \/>\n<meta property=\"og:url\" content=\"https:\/\/www.mundoagropecuario.cl\/new\/fiscalizan-condiciones-sanitarias-del-ganado-en-ferias-que-abasteceran-locales-de-venta-en-fiestas-patrias\/\" \/>\n<meta property=\"og:site_name\" content=\"Mundoagropecuario\" \/>\n<meta property=\"article:publisher\" content=\"https:\/\/www.facebook.com\/mundo.agropecuario.3\" \/>\n<meta property=\"article:published_time\" content=\"2021-09-07T14:00:21+00:00\" \/>\n<meta property=\"article:modified_time\" content=\"2021-09-09T14:58:33+00:00\" \/>\n<meta property=\"og:image\" content=\"https:\/\/www.mundoagropecuario.cl\/new\/wp-content\/uploads\/2021\/09\/SAG_foto3-1.jpg\" \/>\n\t<meta property=\"og:image:width\" content=\"1024\" \/>\n\t<meta property=\"og:image:height\" content=\"768\" \/>\n\t<meta property=\"og:image:type\" content=\"image\/jpeg\" \/>\n<meta name=\"author\" content=\"mundo\" \/>\n<meta name=\"twitter:card\" content=\"summary_large_image\" \/>\n<meta name=\"twitter:creator\" content=\"@MundoAgropecuar\" \/>\n<meta name=\"twitter:site\" content=\"@MundoAgropecuar\" \/>\n<meta name=\"twitter:label1\" content=\"Escrito por\" \/>\n\t<meta name=\"twitter:data1\" content=\"mundo\" \/>\n\t<meta name=\"twitter:label2\" content=\"Tiempo de lectura\" \/>\n\t<meta name=\"twitter:data2\" content=\"3 minutos\" \/>\n<script type=\"application\/ld+json\" class=\"yoast-schema-graph\">{\"@context\":\"https:\/\/schema.org\",\"@graph\":[{\"@type\":\"Article\",\"@id\":\"https:\/\/www.mundoagropecuario.cl\/new\/fiscalizan-condiciones-sanitarias-del-ganado-en-ferias-que-abasteceran-locales-de-venta-en-fiestas-patrias\/#article\",\"isPartOf\":{\"@id\":\"https:\/\/www.mundoagropecuario.cl\/new\/fiscalizan-condiciones-sanitarias-del-ganado-en-ferias-que-abasteceran-locales-de-venta-en-fiestas-patrias\/\"},\"author\":{\"name\":\"mundo\",\"@id\":\"https:\/\/www.mundoagropecuario.cl\/new\/#\/schema\/person\/4e9f74a82a7dac260eb1c44b7eebeb18\"},\"headline\":\"Fiscalizan\u00a0 condiciones sanitarias del ganado en ferias que abastecer\u00e1n locales de venta en fiestas patrias\u00a0\",\"datePublished\":\"2021-09-07T14:00:21+00:00\",\"dateModified\":\"2021-09-09T14:58:33+00:00\",\"mainEntityOfPage\":{\"@id\":\"https:\/\/www.mundoagropecuario.cl\/new\/fiscalizan-condiciones-sanitarias-del-ganado-en-ferias-que-abasteceran-locales-de-venta-en-fiestas-patrias\/\"},\"wordCount\":566,\"publisher\":{\"@id\":\"https:\/\/www.mundoagropecuario.cl\/new\/#organization\"},\"image\":{\"@id\":\"https:\/\/www.mundoagropecuario.cl\/new\/fiscalizan-condiciones-sanitarias-del-ganado-en-ferias-que-abasteceran-locales-de-venta-en-fiestas-patrias\/#primaryimage\"},\"thumbnailUrl\":\"https:\/\/www.mundoagropecuario.cl\/new\/wp-content\/uploads\/2021\/09\/SAG_foto3-1.jpg\",\"keywords\":[\"Agricultura\",\"Agro\",\"Fegosa\",\"Ganado\",\"Minagri\",\"SAG\"],\"articleSection\":[\"Ganader\u00eda\"],\"inLanguage\":\"es\"},{\"@type\":\"WebPage\",\"@id\":\"https:\/\/www.mundoagropecuario.cl\/new\/fiscalizan-condiciones-sanitarias-del-ganado-en-ferias-que-abasteceran-locales-de-venta-en-fiestas-patrias\/\",\"url\":\"https:\/\/www.mundoagropecuario.cl\/new\/fiscalizan-condiciones-sanitarias-del-ganado-en-ferias-que-abasteceran-locales-de-venta-en-fiestas-patrias\/\",\"name\":\"Fiscalizan\u00a0 condiciones sanitarias del ganado en ferias que abastecer\u00e1n locales de venta en fiestas patrias\u00a0 - Mundoagropecuario\",\"isPartOf\":{\"@id\":\"https:\/\/www.mundoagropecuario.cl\/new\/#website\"},\"primaryImageOfPage\":{\"@id\":\"https:\/\/www.mundoagropecuario.cl\/new\/fiscalizan-condiciones-sanitarias-del-ganado-en-ferias-que-abasteceran-locales-de-venta-en-fiestas-patrias\/#primaryimage\"},\"image\":{\"@id\":\"https:\/\/www.mundoagropecuario.cl\/new\/fiscalizan-condiciones-sanitarias-del-ganado-en-ferias-que-abasteceran-locales-de-venta-en-fiestas-patrias\/#primaryimage\"},\"thumbnailUrl\":\"https:\/\/www.mundoagropecuario.cl\/new\/wp-content\/uploads\/2021\/09\/SAG_foto3-1.jpg\",\"datePublished\":\"2021-09-07T14:00:21+00:00\",\"dateModified\":\"2021-09-09T14:58:33+00:00\",\"description\":\"La actividad de fiscalizaci\u00f3n estuvo encabezada por el delegado Presidencial, Carlos Geisse, junto al Seremi de Agricultura.\",\"breadcrumb\":{\"@id\":\"https:\/\/www.mundoagropecuario.cl\/new\/fiscalizan-condiciones-sanitarias-del-ganado-en-ferias-que-abasteceran-locales-de-venta-en-fiestas-patrias\/#breadcrumb\"},\"inLanguage\":\"es\",\"potentialAction\":[{\"@type\":\"ReadAction\",\"target\":[\"https:\/\/www.mundoagropecuario.cl\/new\/fiscalizan-condiciones-sanitarias-del-ganado-en-ferias-que-abasteceran-locales-de-venta-en-fiestas-patrias\/\"]}]},{\"@type\":\"ImageObject\",\"inLanguage\":\"es\",\"@id\":\"https:\/\/www.mundoagropecuario.cl\/new\/fiscalizan-condiciones-sanitarias-del-ganado-en-ferias-que-abasteceran-locales-de-venta-en-fiestas-patrias\/#primaryimage\",\"url\":\"https:\/\/www.mundoagropecuario.cl\/new\/wp-content\/uploads\/2021\/09\/SAG_foto3-1.jpg\",\"contentUrl\":\"https:\/\/www.mundoagropecuario.cl\/new\/wp-content\/uploads\/2021\/09\/SAG_foto3-1.jpg\",\"width\":533,\"height\":400},{\"@type\":\"BreadcrumbList\",\"@id\":\"https:\/\/www.mundoagropecuario.cl\/new\/fiscalizan-condiciones-sanitarias-del-ganado-en-ferias-que-abasteceran-locales-de-venta-en-fiestas-patrias\/#breadcrumb\",\"itemListElement\":[{\"@type\":\"ListItem\",\"position\":1,\"name\":\"Portada\",\"item\":\"https:\/\/www.mundoagropecuario.cl\/new\/\"},{\"@type\":\"ListItem\",\"position\":2,\"name\":\"Fiscalizan\u00a0 condiciones sanitarias del ganado en ferias que abastecer\u00e1n locales de venta en fiestas patrias\u00a0\"}]},{\"@type\":\"WebSite\",\"@id\":\"https:\/\/www.mundoagropecuario.cl\/new\/#website\",\"url\":\"https:\/\/www.mundoagropecuario.cl\/new\/\",\"name\":\"Mundoagropecuario\",\"description\":\"Mundo Agropecuario\",\"publisher\":{\"@id\":\"https:\/\/www.mundoagropecuario.cl\/new\/#organization\"},\"potentialAction\":[{\"@type\":\"SearchAction\",\"target\":{\"@type\":\"EntryPoint\",\"urlTemplate\":\"https:\/\/www.mundoagropecuario.cl\/new\/?s={search_term_string}\"},\"query-input\":{\"@type\":\"PropertyValueSpecification\",\"valueRequired\":true,\"valueName\":\"search_term_string\"}}],\"inLanguage\":\"es\"},{\"@type\":\"Organization\",\"@id\":\"https:\/\/www.mundoagropecuario.cl\/new\/#organization\",\"name\":\"Revista de Agricultura\",\"url\":\"https:\/\/www.mundoagropecuario.cl\/new\/\",\"logo\":{\"@type\":\"ImageObject\",\"inLanguage\":\"es\",\"@id\":\"https:\/\/www.mundoagropecuario.cl\/new\/#\/schema\/logo\/image\/\",\"url\":\"https:\/\/www.mundoagropecuario.cl\/new\/wp-content\/uploads\/2020\/11\/PORTAL-1-1.png\",\"contentUrl\":\"https:\/\/www.mundoagropecuario.cl\/new\/wp-content\/uploads\/2020\/11\/PORTAL-1-1.png\",\"width\":1026,\"height\":100,\"caption\":\"Revista de Agricultura\"},\"image\":{\"@id\":\"https:\/\/www.mundoagropecuario.cl\/new\/#\/schema\/logo\/image\/\"},\"sameAs\":[\"https:\/\/www.facebook.com\/mundo.agropecuario.3\",\"https:\/\/x.com\/MundoAgropecuar\",\"https:\/\/www.linkedin.com\/in\/mundo-agropecuario-934009201\/\"]},{\"@type\":\"Person\",\"@id\":\"https:\/\/www.mundoagropecuario.cl\/new\/#\/schema\/person\/4e9f74a82a7dac260eb1c44b7eebeb18\",\"name\":\"mundo\",\"url\":\"https:\/\/www.mundoagropecuario.cl\/new\/author\/mundo\/\"}]}<\/script>\n<!-- \/ Yoast SEO plugin. -->","yoast_head_json":{"title":"Fiscalizan\u00a0 condiciones sanitarias del ganado en ferias que abastecer\u00e1n locales de venta en fiestas patrias\u00a0 - Mundoagropecuario","description":"La actividad de fiscalizaci\u00f3n estuvo encabezada por el delegado Presidencial, Carlos Geisse, junto al Seremi de Agricultura.","robots":{"index":"index","follow":"follow","max-snippet":"max-snippet:-1","max-image-preview":"max-image-preview:large","max-video-preview":"max-video-preview:-1"},"canonical":"https:\/\/www.mundoagropecuario.cl\/new\/fiscalizan-condiciones-sanitarias-del-ganado-en-ferias-que-abasteceran-locales-de-venta-en-fiestas-patrias\/","og_locale":"es_ES","og_type":"article","og_title":"Fiscalizan\u00a0 condiciones sanitarias del ganado en ferias que abastecer\u00e1n locales de venta en fiestas patrias\u00a0 - Mundoagropecuario","og_description":"La actividad de fiscalizaci\u00f3n estuvo encabezada por el delegado Presidencial, Carlos Geisse, junto al Seremi de Agricultura.","og_url":"https:\/\/www.mundoagropecuario.cl\/new\/fiscalizan-condiciones-sanitarias-del-ganado-en-ferias-que-abasteceran-locales-de-venta-en-fiestas-patrias\/","og_site_name":"Mundoagropecuario","article_publisher":"https:\/\/www.facebook.com\/mundo.agropecuario.3","article_published_time":"2021-09-07T14:00:21+00:00","article_modified_time":"2021-09-09T14:58:33+00:00","og_image":[{"width":1024,"height":768,"url":"https:\/\/www.mundoagropecuario.cl\/new\/wp-content\/uploads\/2021\/09\/SAG_foto3-1.jpg","type":"image\/jpeg"}],"author":"mundo","twitter_card":"summary_large_image","twitter_creator":"@MundoAgropecuar","twitter_site":"@MundoAgropecuar","twitter_misc":{"Escrito por":"mundo","Tiempo de lectura":"3 minutos"},"schema":{"@context":"https:\/\/schema.org","@graph":[{"@type":"Article","@id":"https:\/\/www.mundoagropecuario.cl\/new\/fiscalizan-condiciones-sanitarias-del-ganado-en-ferias-que-abasteceran-locales-de-venta-en-fiestas-patrias\/#article","isPartOf":{"@id":"https:\/\/www.mundoagropecuario.cl\/new\/fiscalizan-condiciones-sanitarias-del-ganado-en-ferias-que-abasteceran-locales-de-venta-en-fiestas-patrias\/"},"author":{"name":"mundo","@id":"https:\/\/www.mundoagropecuario.cl\/new\/#\/schema\/person\/4e9f74a82a7dac260eb1c44b7eebeb18"},"headline":"Fiscalizan\u00a0 condiciones sanitarias del ganado en ferias que abastecer\u00e1n locales de venta en fiestas patrias\u00a0","datePublished":"2021-09-07T14:00:21+00:00","dateModified":"2021-09-09T14:58:33+00:00","mainEntityOfPage":{"@id":"https:\/\/www.mundoagropecuario.cl\/new\/fiscalizan-condiciones-sanitarias-del-ganado-en-ferias-que-abasteceran-locales-de-venta-en-fiestas-patrias\/"},"wordCount":566,"publisher":{"@id":"https:\/\/www.mundoagropecuario.cl\/new\/#organization"},"image":{"@id":"https:\/\/www.mundoagropecuario.cl\/new\/fiscalizan-condiciones-sanitarias-del-ganado-en-ferias-que-abasteceran-locales-de-venta-en-fiestas-patrias\/#primaryimage"},"thumbnailUrl":"https:\/\/www.mundoagropecuario.cl\/new\/wp-content\/uploads\/2021\/09\/SAG_foto3-1.jpg","keywords":["Agricultura","Agro","Fegosa","Ganado","Minagri","SAG"],"articleSection":["Ganader\u00eda"],"inLanguage":"es"},{"@type":"WebPage","@id":"https:\/\/www.mundoagropecuario.cl\/new\/fiscalizan-condiciones-sanitarias-del-ganado-en-ferias-que-abasteceran-locales-de-venta-en-fiestas-patrias\/","url":"https:\/\/www.mundoagropecuario.cl\/new\/fiscalizan-condiciones-sanitarias-del-ganado-en-ferias-que-abasteceran-locales-de-venta-en-fiestas-patrias\/","name":"Fiscalizan\u00a0 condiciones sanitarias del ganado en ferias que abastecer\u00e1n locales de venta en fiestas patrias\u00a0 - Mundoagropecuario","isPartOf":{"@id":"https:\/\/www.mundoagropecuario.cl\/new\/#website"},"primaryImageOfPage":{"@id":"https:\/\/www.mundoagropecuario.cl\/new\/fiscalizan-condiciones-sanitarias-del-ganado-en-ferias-que-abasteceran-locales-de-venta-en-fiestas-patrias\/#primaryimage"},"image":{"@id":"https:\/\/www.mundoagropecuario.cl\/new\/fiscalizan-condiciones-sanitarias-del-ganado-en-ferias-que-abasteceran-locales-de-venta-en-fiestas-patrias\/#primaryimage"},"thumbnailUrl":"https:\/\/www.mundoagropecuario.cl\/new\/wp-content\/uploads\/2021\/09\/SAG_foto3-1.jpg","datePublished":"2021-09-07T14:00:21+00:00","dateModified":"2021-09-09T14:58:33+00:00","description":"La actividad de fiscalizaci\u00f3n estuvo encabezada por el delegado Presidencial, Carlos Geisse, junto al Seremi de Agricultura.","breadcrumb":{"@id":"https:\/\/www.mundoagropecuario.cl\/new\/fiscalizan-condiciones-sanitarias-del-ganado-en-ferias-que-abasteceran-locales-de-venta-en-fiestas-patrias\/#breadcrumb"},"inLanguage":"es","potentialAction":[{"@type":"ReadAction","target":["https:\/\/www.mundoagropecuario.cl\/new\/fiscalizan-condiciones-sanitarias-del-ganado-en-ferias-que-abasteceran-locales-de-venta-en-fiestas-patrias\/"]}]},{"@type":"ImageObject","inLanguage":"es","@id":"https:\/\/www.mundoagropecuario.cl\/new\/fiscalizan-condiciones-sanitarias-del-ganado-en-ferias-que-abasteceran-locales-de-venta-en-fiestas-patrias\/#primaryimage","url":"https:\/\/www.mundoagropecuario.cl\/new\/wp-content\/uploads\/2021\/09\/SAG_foto3-1.jpg","contentUrl":"https:\/\/www.mundoagropecuario.cl\/new\/wp-content\/uploads\/2021\/09\/SAG_foto3-1.jpg","width":533,"height":400},{"@type":"BreadcrumbList","@id":"https:\/\/www.mundoagropecuario.cl\/new\/fiscalizan-condiciones-sanitarias-del-ganado-en-ferias-que-abasteceran-locales-de-venta-en-fiestas-patrias\/#breadcrumb","itemListElement":[{"@type":"ListItem","position":1,"name":"Portada","item":"https:\/\/www.mundoagropecuario.cl\/new\/"},{"@type":"ListItem","position":2,"name":"Fiscalizan\u00a0 condiciones sanitarias del ganado en ferias que abastecer\u00e1n locales de venta en fiestas patrias\u00a0"}]},{"@type":"WebSite","@id":"https:\/\/www.mundoagropecuario.cl\/new\/#website","url":"https:\/\/www.mundoagropecuario.cl\/new\/","name":"Mundoagropecuario","description":"Mundo Agropecuario","publisher":{"@id":"https:\/\/www.mundoagropecuario.cl\/new\/#organization"},"potentialAction":[{"@type":"SearchAction","target":{"@type":"EntryPoint","urlTemplate":"https:\/\/www.mundoagropecuario.cl\/new\/?s={search_term_string}"},"query-input":{"@type":"PropertyValueSpecification","valueRequired":true,"valueName":"search_term_string"}}],"inLanguage":"es"},{"@type":"Organization","@id":"https:\/\/www.mundoagropecuario.cl\/new\/#organization","name":"Revista de Agricultura","url":"https:\/\/www.mundoagropecuario.cl\/new\/","logo":{"@type":"ImageObject","inLanguage":"es","@id":"https:\/\/www.mundoagropecuario.cl\/new\/#\/schema\/logo\/image\/","url":"https:\/\/www.mundoagropecuario.cl\/new\/wp-content\/uploads\/2020\/11\/PORTAL-1-1.png","contentUrl":"https:\/\/www.mundoagropecuario.cl\/new\/wp-content\/uploads\/2020\/11\/PORTAL-1-1.png","width":1026,"height":100,"caption":"Revista de Agricultura"},"image":{"@id":"https:\/\/www.mundoagropecuario.cl\/new\/#\/schema\/logo\/image\/"},"sameAs":["https:\/\/www.facebook.com\/mundo.agropecuario.3","https:\/\/x.com\/MundoAgropecuar","https:\/\/www.linkedin.com\/in\/mundo-agropecuario-934009201\/"]},{"@type":"Person","@id":"https:\/\/www.mundoagropecuario.cl\/new\/#\/schema\/person\/4e9f74a82a7dac260eb1c44b7eebeb18","name":"mundo","url":"https:\/\/www.mundoagropecuario.cl\/new\/author\/mundo\/"}]}},"_links":{"self":[{"href":"https:\/\/www.mundoagropecuario.cl\/new\/wp-json\/wp\/v2\/posts\/20250","targetHints":{"allow":["GET"]}}],"collection":[{"href":"https:\/\/www.mundoagropecuario.cl\/new\/wp-json\/wp\/v2\/posts"}],"about":[{"href":"https:\/\/www.mundoagropecuario.cl\/new\/wp-json\/wp\/v2\/types\/post"}],"author":[{"embeddable":true,"href":"https:\/\/www.mundoagropecuario.cl\/new\/wp-json\/wp\/v2\/users\/2"}],"replies":[{"embeddable":true,"href":"https:\/\/www.mundoagropecuario.cl\/new\/wp-json\/wp\/v2\/comments?post=20250"}],"version-history":[{"count":1,"href":"https:\/\/www.mundoagropecuario.cl\/new\/wp-json\/wp\/v2\/posts\/20250\/revisions"}],"predecessor-version":[{"id":20253,"href":"https:\/\/www.mundoagropecuario.cl\/new\/wp-json\/wp\/v2\/posts\/20250\/revisions\/20253"}],"wp:featuredmedia":[{"embeddable":true,"href":"https:\/\/www.mundoagropecuario.cl\/new\/wp-json\/wp\/v2\/media\/20252"}],"wp:attachment":[{"href":"https:\/\/www.mundoagropecuario.cl\/new\/wp-json\/wp\/v2\/media?parent=20250"}],"wp:term":[{"taxonomy":"category","embeddable":true,"href":"https:\/\/www.mundoagropecuario.cl\/new\/wp-json\/wp\/v2\/categories?post=20250"},{"taxonomy":"post_tag","embeddable":true,"href":"https:\/\/www.mundoagropecuario.cl\/new\/wp-json\/wp\/v2\/tags?post=20250"}],"curies":[{"name":"wp","href":"https:\/\/api.w.org\/{rel}","templated":true}]}}