{"id":20143,"date":"2021-08-27T13:28:42","date_gmt":"2021-08-27T16:28:42","guid":{"rendered":"https:\/\/www.mundoagropecuario.cl\/new\/?p=20143"},"modified":"2021-08-31T12:41:44","modified_gmt":"2021-08-31T15:41:44","slug":"udec-se-une-a-los-esfuerzos-por-evitar-que-ingrese-al-pais-la-peste-porcina-africana","status":"publish","type":"post","link":"https:\/\/www.mundoagropecuario.cl\/new\/udec-se-une-a-los-esfuerzos-por-evitar-que-ingrese-al-pais-la-peste-porcina-africana\/","title":{"rendered":"UdeC se une a los esfuerzos por evitar que ingrese al pa\u00eds la Peste Porcina Africana"},"content":{"rendered":"<blockquote>\n<h2><span style=\"color: #333300;\">En alerta y desarrollando diversas acciones tendientes a evitar que ingrese la Peste Porcina Africana a Chile, se encuentran investigadores y acad\u00e9micos de la UdeC, luego que recientemente la enfermedad se detectara en Am\u00e9rica, espec\u00edficamente en Rep\u00fablica Dominicana.<\/span><\/h2>\n<\/blockquote>\n<p>La Peste Porcina Africana, PPA, es una enfermedad producida por un virus de la familia Asfaviridae, que afecta solo a cerdos y jabal\u00edes, y no representa ning\u00fan riesgo para la salud de las personas, sin embargo, es una enfermedad que tiene un gran impacto sanitario, productivo y econ\u00f3mico.<\/p>\n<p><a href=\"https:\/\/www.mundoagropecuario.cl\/new\/wp-content\/uploads\/2021\/08\/Dr.-A\u0301lvaro-Ruiz.png\"><img loading=\"lazy\" decoding=\"async\" class=\" wp-image-20144 alignleft\" src=\"https:\/\/www.mundoagropecuario.cl\/new\/wp-content\/uploads\/2021\/08\/Dr.-A\u0301lvaro-Ruiz-368x490.png\" alt=\"\" width=\"301\" height=\"369\" \/><\/a>Como la PPA en la actualidad, se encuentra pr\u00e1cticamente en todos los continentes del mundo, es que el <strong>Dr. \u00c1lvaro Ruiz Garrido, profesor asociado del Departamento de Patolog\u00eda y Medicina Preventiva de la Facultad de Ciencias Veterinarias,<\/strong> quien tambi\u00e9n forma parte del Comit\u00e9 T\u00e9cnico Asesor de la Asociaci\u00f3n de Productores de Cerdo (ASPROCER), manifest\u00f3 que est\u00e1n desde el 2019 analizando esta situaci\u00f3n en mesas de trabajo conjunta con el Servicio Agr\u00edcola y Ganadero (SAG) y los productores en una mesa de trabajo p\u00fablico-privada.<\/p>\n<p>\u201cHemos analizado los posibles riesgos de ingreso de la enfermedad al pa\u00eds, porque es un hecho concreto que podr\u00eda producirse y sin ir m\u00e1s lejos la semana pasada nos reunimos de manera remota y analizamos el tema de las fronteras que es importante atender, porque puede ser una v\u00eda de acceso. Por ejemplo, personas que lleguen a ingresar material contaminado en avi\u00f3n o a trav\u00e9s de la tripulaci\u00f3n de los barcos mercantes, o tambi\u00e9n pudiera llegar en productos de origen de cerdo no procesado, no cocinado, o mediante la contaminaci\u00f3n de materias primas. El virus tiene una alt\u00edsima resistencia en el medio ambiente, en material contaminado con materia org\u00e1nica o incluso en la carne o en restos de sangre congelados, all\u00ed el virus puede permanecer por meses o a\u00f1os\u201d, explic\u00f3 el Dr. \u00c1lvaro Ruiz.<\/p>\n<!--[if lt IE 9]><script>document.createElement('audio');<\/script><![endif]-->\n<audio class=\"wp-audio-shortcode\" id=\"audio-20143-1\" preload=\"none\" style=\"width: 100%;\" controls=\"controls\"><source type=\"audio\/mpeg\" src=\"https:\/\/www.mundoagropecuario.cl\/new\/wp-content\/uploads\/2021\/08\/cun\u0303a-1.mp3?_=1\" \/><a href=\"https:\/\/www.mundoagropecuario.cl\/new\/wp-content\/uploads\/2021\/08\/cun\u0303a-1.mp3\">https:\/\/www.mundoagropecuario.cl\/new\/wp-content\/uploads\/2021\/08\/cun\u0303a-1.mp3<\/a><\/audio>\n<h2><strong><span style=\"color: #333300;\">Impacto en Chile<\/span><\/strong><\/h2>\n<p>De acuerdo a lo explicado por el experto, de llegar la PPA a al pa\u00eds los resultados ser\u00edan catastr\u00f3ficos. \u201cChile es un pa\u00eds que tiene aproximadamente 210 mil madres en producci\u00f3n, eso es muy poco, representando alrededor de menos del 1% de la producci\u00f3n mundial. (La producci\u00f3n de cerdos se mide en el n\u00famero de vientres o madres). Entonces desde el punto de vista de vientres, somos un pa\u00eds con bajo n\u00famero de estos, sin embargo, estamos entre el quinto y sexto exportador de carnes de cerdo del mundo. Llegamos a exportar el 82% de lo que producimos, tanto as\u00ed que hoy d\u00eda Chile se convirti\u00f3 tambi\u00e9n en un importador de carne de cerdo, importamos de Estados Unidos, de Brasil, desde algunos pa\u00edses vecinos, porque nosotros exportamos nuestra carne a mercados que son muy exigentes, como Asia, Europa e incluso a Estados Unidos\u201d.<\/p>\n<audio class=\"wp-audio-shortcode\" id=\"audio-20143-2\" preload=\"none\" style=\"width: 100%;\" controls=\"controls\"><source type=\"audio\/mpeg\" src=\"https:\/\/www.mundoagropecuario.cl\/new\/wp-content\/uploads\/2021\/08\/Cun\u0303a2.mp3?_=2\" \/><a href=\"https:\/\/www.mundoagropecuario.cl\/new\/wp-content\/uploads\/2021\/08\/Cun\u0303a2.mp3\">https:\/\/www.mundoagropecuario.cl\/new\/wp-content\/uploads\/2021\/08\/Cun\u0303a2.mp3<\/a><\/audio>\n<p>De esta forma, teniendo menos del 1% de las hembras y siendo el quinto o sexto pa\u00eds con mayor exportaci\u00f3n de carne de cerdo, si llegara la PPA, podr\u00eda significar sobre el 50% mortalidad de estos animales y por ende p\u00e9rdidas econ\u00f3micas alt\u00edsimas. \u201cSi la enfermedad entrara al pa\u00eds, se liquida la industria, es as\u00ed de simple, porque lo primero que ocurrir\u00eda ser\u00eda el cierre las exportaciones y una baja en la producci\u00f3n en forma significativa\u201d.<\/p>\n<h2><strong><span style=\"color: #333300;\">Acciones<\/span><\/strong><\/h2>\n<p>Especialistas e investigadores de la Facultad de Ciencias Veterinarias, junto con asistir a reuniones de coordinaci\u00f3n tanto nacionales como extranjeras, se encuentra asesorando y capacitando a los productores y las asociaciones de productores. <a href=\"https:\/\/www.mundoagropecuario.cl\/new\/wp-content\/uploads\/2021\/08\/Peste-porcina1-scaled.jpg\"><img loading=\"lazy\" decoding=\"async\" class=\" wp-image-20146 alignright\" src=\"https:\/\/www.mundoagropecuario.cl\/new\/wp-content\/uploads\/2021\/08\/Peste-porcina1-586x391.jpg\" alt=\"\" width=\"518\" height=\"320\" \/><\/a>\u201cAsociaciones importantes tenemos adem\u00e1s de las de nuestro pa\u00eds en Argentina, Colombia, Ecuador, M\u00e9xico, Brasil y Estados Unidos, donde tambi\u00e9n se est\u00e1 analizando y redoblando esfuerzos de prevenci\u00f3n de esta enfermedad que tiene una alta mortalidad y una alta morbilidad. En Chile tendr\u00eda un alto impacto, por ser una enfermedad ex\u00f3tica y no existir una vacuna, por lo tanto los animales no tienen ninguna de defensa\u201d.<\/p>\n<p>Dentro de las medidas necesarias, tambi\u00e9n han estado buscando que se refuercen las medidas de bioseguridad en las explotaciones porcinas y a nivel de las fronteras del pa\u00eds. \u201cLa producci\u00f3n de Chile est\u00e1 focalizada b\u00e1sicamente entre la Regi\u00f3n Metropolitana hasta la Regi\u00f3n de \u00d1uble, existiendo solo un productor intensivo importante al sur de esta regi\u00f3n. Obviamente, existen productores m\u00e1s peque\u00f1os o de producci\u00f3n semi intensiva, pero en el pa\u00eds la producci\u00f3n intensiva representa alrededor del 94% de los cerdos que hay, es decir que la mayor\u00eda de los cerdos est\u00e1n en producci\u00f3n intensiva y de ah\u00ed la importancia de la bioseguridad\u201d.<\/p>\n<p>Finalmente el Dr. \u00c1lvaro Ruiz Garrido, aconseja estar atentos a la sintomatolog\u00eda que puedan presentar los cerdos, aislar a los animales en caso de sospecha y contactar a los funcionarios del SAG para activar los protocolos correspondientes.<\/p>\n","protected":false},"excerpt":{"rendered":"<p>La Peste Porcina Africana, PPA, es una enfermedad afecta solo a cerdos y jabal\u00edes, y no representa ning\u00fan riesgo para la salud de las personas, sin embargo, es una enfermedad que tiene un gran impacto sanitario.<\/p>\n","protected":false},"author":2,"featured_media":19849,"comment_status":"closed","ping_status":"closed","sticky":false,"template":"","format":"standard","meta":{"footnotes":""},"categories":[1945],"tags":[2090,6091,6230,2301,2035,2815,436],"class_list":["post-20143","post","type-post","status-publish","format-standard","has-post-thumbnail","hentry","category-agricultura","tag-agricultura","tag-dr-alvaro-ruiz","tag-facultad-de-ciencias-veterinarias-udec","tag-ganado","tag-minagri","tag-peste-porcina-africana","tag-udec"],"yoast_head":"<!-- This site is optimized with the Yoast SEO plugin v26.6 - https:\/\/yoast.com\/wordpress\/plugins\/seo\/ -->\n<title>UdeC se une a los esfuerzos por evitar que ingrese al pa\u00eds la Peste Porcina Africana - Mundoagropecuario<\/title>\n<meta name=\"description\" content=\"La Peste Porcina Africana, PPA, es una enfermedad afecta solo a cerdos y jabal\u00edes, y no representa riesgo para la salud de las personas.\" \/>\n<meta name=\"robots\" content=\"index, follow, max-snippet:-1, max-image-preview:large, max-video-preview:-1\" \/>\n<link rel=\"canonical\" href=\"https:\/\/www.mundoagropecuario.cl\/new\/udec-se-une-a-los-esfuerzos-por-evitar-que-ingrese-al-pais-la-peste-porcina-africana\/\" \/>\n<meta property=\"og:locale\" content=\"es_ES\" \/>\n<meta property=\"og:type\" content=\"article\" \/>\n<meta property=\"og:title\" content=\"UdeC se une a los esfuerzos por evitar que ingrese al pa\u00eds la Peste Porcina Africana - Mundoagropecuario\" \/>\n<meta property=\"og:description\" content=\"La Peste Porcina Africana, PPA, es una enfermedad afecta solo a cerdos y jabal\u00edes, y no representa riesgo para la salud de las personas.\" \/>\n<meta property=\"og:url\" content=\"https:\/\/www.mundoagropecuario.cl\/new\/udec-se-une-a-los-esfuerzos-por-evitar-que-ingrese-al-pais-la-peste-porcina-africana\/\" \/>\n<meta property=\"og:site_name\" content=\"Mundoagropecuario\" \/>\n<meta property=\"article:publisher\" content=\"https:\/\/www.facebook.com\/mundo.agropecuario.3\" \/>\n<meta property=\"article:published_time\" content=\"2021-08-27T16:28:42+00:00\" \/>\n<meta property=\"article:modified_time\" content=\"2021-08-31T15:41:44+00:00\" \/>\n<meta property=\"og:image\" content=\"https:\/\/www.mundoagropecuario.cl\/new\/wp-content\/uploads\/2021\/08\/Vacina-Cerdos-proyecto-3-scaled.jpeg\" \/>\n\t<meta property=\"og:image:width\" content=\"1024\" \/>\n\t<meta property=\"og:image:height\" content=\"768\" \/>\n\t<meta property=\"og:image:type\" content=\"image\/jpeg\" \/>\n<meta name=\"author\" content=\"mundo\" \/>\n<meta name=\"twitter:card\" content=\"summary_large_image\" \/>\n<meta name=\"twitter:creator\" content=\"@MundoAgropecuar\" \/>\n<meta name=\"twitter:site\" content=\"@MundoAgropecuar\" \/>\n<meta name=\"twitter:label1\" content=\"Escrito por\" \/>\n\t<meta name=\"twitter:data1\" content=\"mundo\" \/>\n\t<meta name=\"twitter:label2\" content=\"Tiempo de lectura\" \/>\n\t<meta name=\"twitter:data2\" content=\"4 minutos\" \/>\n<script type=\"application\/ld+json\" class=\"yoast-schema-graph\">{\"@context\":\"https:\/\/schema.org\",\"@graph\":[{\"@type\":\"Article\",\"@id\":\"https:\/\/www.mundoagropecuario.cl\/new\/udec-se-une-a-los-esfuerzos-por-evitar-que-ingrese-al-pais-la-peste-porcina-africana\/#article\",\"isPartOf\":{\"@id\":\"https:\/\/www.mundoagropecuario.cl\/new\/udec-se-une-a-los-esfuerzos-por-evitar-que-ingrese-al-pais-la-peste-porcina-africana\/\"},\"author\":{\"name\":\"mundo\",\"@id\":\"https:\/\/www.mundoagropecuario.cl\/new\/#\/schema\/person\/4e9f74a82a7dac260eb1c44b7eebeb18\"},\"headline\":\"UdeC se une a los esfuerzos por evitar que ingrese al pa\u00eds la Peste Porcina Africana\",\"datePublished\":\"2021-08-27T16:28:42+00:00\",\"dateModified\":\"2021-08-31T15:41:44+00:00\",\"mainEntityOfPage\":{\"@id\":\"https:\/\/www.mundoagropecuario.cl\/new\/udec-se-une-a-los-esfuerzos-por-evitar-que-ingrese-al-pais-la-peste-porcina-africana\/\"},\"wordCount\":874,\"publisher\":{\"@id\":\"https:\/\/www.mundoagropecuario.cl\/new\/#organization\"},\"image\":{\"@id\":\"https:\/\/www.mundoagropecuario.cl\/new\/udec-se-une-a-los-esfuerzos-por-evitar-que-ingrese-al-pais-la-peste-porcina-africana\/#primaryimage\"},\"thumbnailUrl\":\"https:\/\/www.mundoagropecuario.cl\/new\/wp-content\/uploads\/2021\/08\/Vacina-Cerdos-proyecto-3-scaled.jpeg\",\"keywords\":[\"Agricultura\",\"Dr. \u00c1lvaro Ruiz\",\"Facultad de Ciencias Veterinarias UdeC\",\"Ganado\",\"Minagri\",\"peste porcina africana\",\"UdeC\"],\"articleSection\":[\"Agricultura\"],\"inLanguage\":\"es\"},{\"@type\":\"WebPage\",\"@id\":\"https:\/\/www.mundoagropecuario.cl\/new\/udec-se-une-a-los-esfuerzos-por-evitar-que-ingrese-al-pais-la-peste-porcina-africana\/\",\"url\":\"https:\/\/www.mundoagropecuario.cl\/new\/udec-se-une-a-los-esfuerzos-por-evitar-que-ingrese-al-pais-la-peste-porcina-africana\/\",\"name\":\"UdeC se une a los esfuerzos por evitar que ingrese al pa\u00eds la Peste Porcina Africana - Mundoagropecuario\",\"isPartOf\":{\"@id\":\"https:\/\/www.mundoagropecuario.cl\/new\/#website\"},\"primaryImageOfPage\":{\"@id\":\"https:\/\/www.mundoagropecuario.cl\/new\/udec-se-une-a-los-esfuerzos-por-evitar-que-ingrese-al-pais-la-peste-porcina-africana\/#primaryimage\"},\"image\":{\"@id\":\"https:\/\/www.mundoagropecuario.cl\/new\/udec-se-une-a-los-esfuerzos-por-evitar-que-ingrese-al-pais-la-peste-porcina-africana\/#primaryimage\"},\"thumbnailUrl\":\"https:\/\/www.mundoagropecuario.cl\/new\/wp-content\/uploads\/2021\/08\/Vacina-Cerdos-proyecto-3-scaled.jpeg\",\"datePublished\":\"2021-08-27T16:28:42+00:00\",\"dateModified\":\"2021-08-31T15:41:44+00:00\",\"description\":\"La Peste Porcina Africana, PPA, es una enfermedad afecta solo a cerdos y jabal\u00edes, y no representa riesgo para la salud de las personas.\",\"breadcrumb\":{\"@id\":\"https:\/\/www.mundoagropecuario.cl\/new\/udec-se-une-a-los-esfuerzos-por-evitar-que-ingrese-al-pais-la-peste-porcina-africana\/#breadcrumb\"},\"inLanguage\":\"es\",\"potentialAction\":[{\"@type\":\"ReadAction\",\"target\":[\"https:\/\/www.mundoagropecuario.cl\/new\/udec-se-une-a-los-esfuerzos-por-evitar-que-ingrese-al-pais-la-peste-porcina-africana\/\"]}]},{\"@type\":\"ImageObject\",\"inLanguage\":\"es\",\"@id\":\"https:\/\/www.mundoagropecuario.cl\/new\/udec-se-une-a-los-esfuerzos-por-evitar-que-ingrese-al-pais-la-peste-porcina-africana\/#primaryimage\",\"url\":\"https:\/\/www.mundoagropecuario.cl\/new\/wp-content\/uploads\/2021\/08\/Vacina-Cerdos-proyecto-3-scaled.jpeg\",\"contentUrl\":\"https:\/\/www.mundoagropecuario.cl\/new\/wp-content\/uploads\/2021\/08\/Vacina-Cerdos-proyecto-3-scaled.jpeg\",\"width\":533,\"height\":400},{\"@type\":\"BreadcrumbList\",\"@id\":\"https:\/\/www.mundoagropecuario.cl\/new\/udec-se-une-a-los-esfuerzos-por-evitar-que-ingrese-al-pais-la-peste-porcina-africana\/#breadcrumb\",\"itemListElement\":[{\"@type\":\"ListItem\",\"position\":1,\"name\":\"Portada\",\"item\":\"https:\/\/www.mundoagropecuario.cl\/new\/\"},{\"@type\":\"ListItem\",\"position\":2,\"name\":\"UdeC se une a los esfuerzos por evitar que ingrese al pa\u00eds la Peste Porcina Africana\"}]},{\"@type\":\"WebSite\",\"@id\":\"https:\/\/www.mundoagropecuario.cl\/new\/#website\",\"url\":\"https:\/\/www.mundoagropecuario.cl\/new\/\",\"name\":\"Mundoagropecuario\",\"description\":\"Mundo Agropecuario\",\"publisher\":{\"@id\":\"https:\/\/www.mundoagropecuario.cl\/new\/#organization\"},\"potentialAction\":[{\"@type\":\"SearchAction\",\"target\":{\"@type\":\"EntryPoint\",\"urlTemplate\":\"https:\/\/www.mundoagropecuario.cl\/new\/?s={search_term_string}\"},\"query-input\":{\"@type\":\"PropertyValueSpecification\",\"valueRequired\":true,\"valueName\":\"search_term_string\"}}],\"inLanguage\":\"es\"},{\"@type\":\"Organization\",\"@id\":\"https:\/\/www.mundoagropecuario.cl\/new\/#organization\",\"name\":\"Revista de Agricultura\",\"url\":\"https:\/\/www.mundoagropecuario.cl\/new\/\",\"logo\":{\"@type\":\"ImageObject\",\"inLanguage\":\"es\",\"@id\":\"https:\/\/www.mundoagropecuario.cl\/new\/#\/schema\/logo\/image\/\",\"url\":\"https:\/\/www.mundoagropecuario.cl\/new\/wp-content\/uploads\/2020\/11\/PORTAL-1-1.png\",\"contentUrl\":\"https:\/\/www.mundoagropecuario.cl\/new\/wp-content\/uploads\/2020\/11\/PORTAL-1-1.png\",\"width\":1026,\"height\":100,\"caption\":\"Revista de Agricultura\"},\"image\":{\"@id\":\"https:\/\/www.mundoagropecuario.cl\/new\/#\/schema\/logo\/image\/\"},\"sameAs\":[\"https:\/\/www.facebook.com\/mundo.agropecuario.3\",\"https:\/\/x.com\/MundoAgropecuar\",\"https:\/\/www.linkedin.com\/in\/mundo-agropecuario-934009201\/\"]},{\"@type\":\"Person\",\"@id\":\"https:\/\/www.mundoagropecuario.cl\/new\/#\/schema\/person\/4e9f74a82a7dac260eb1c44b7eebeb18\",\"name\":\"mundo\",\"url\":\"https:\/\/www.mundoagropecuario.cl\/new\/author\/mundo\/\"}]}<\/script>\n<!-- \/ Yoast SEO plugin. -->","yoast_head_json":{"title":"UdeC se une a los esfuerzos por evitar que ingrese al pa\u00eds la Peste Porcina Africana - Mundoagropecuario","description":"La Peste Porcina Africana, PPA, es una enfermedad afecta solo a cerdos y jabal\u00edes, y no representa riesgo para la salud de las personas.","robots":{"index":"index","follow":"follow","max-snippet":"max-snippet:-1","max-image-preview":"max-image-preview:large","max-video-preview":"max-video-preview:-1"},"canonical":"https:\/\/www.mundoagropecuario.cl\/new\/udec-se-une-a-los-esfuerzos-por-evitar-que-ingrese-al-pais-la-peste-porcina-africana\/","og_locale":"es_ES","og_type":"article","og_title":"UdeC se une a los esfuerzos por evitar que ingrese al pa\u00eds la Peste Porcina Africana - Mundoagropecuario","og_description":"La Peste Porcina Africana, PPA, es una enfermedad afecta solo a cerdos y jabal\u00edes, y no representa riesgo para la salud de las personas.","og_url":"https:\/\/www.mundoagropecuario.cl\/new\/udec-se-une-a-los-esfuerzos-por-evitar-que-ingrese-al-pais-la-peste-porcina-africana\/","og_site_name":"Mundoagropecuario","article_publisher":"https:\/\/www.facebook.com\/mundo.agropecuario.3","article_published_time":"2021-08-27T16:28:42+00:00","article_modified_time":"2021-08-31T15:41:44+00:00","og_image":[{"width":1024,"height":768,"url":"https:\/\/www.mundoagropecuario.cl\/new\/wp-content\/uploads\/2021\/08\/Vacina-Cerdos-proyecto-3-scaled.jpeg","type":"image\/jpeg"}],"author":"mundo","twitter_card":"summary_large_image","twitter_creator":"@MundoAgropecuar","twitter_site":"@MundoAgropecuar","twitter_misc":{"Escrito por":"mundo","Tiempo de lectura":"4 minutos"},"schema":{"@context":"https:\/\/schema.org","@graph":[{"@type":"Article","@id":"https:\/\/www.mundoagropecuario.cl\/new\/udec-se-une-a-los-esfuerzos-por-evitar-que-ingrese-al-pais-la-peste-porcina-africana\/#article","isPartOf":{"@id":"https:\/\/www.mundoagropecuario.cl\/new\/udec-se-une-a-los-esfuerzos-por-evitar-que-ingrese-al-pais-la-peste-porcina-africana\/"},"author":{"name":"mundo","@id":"https:\/\/www.mundoagropecuario.cl\/new\/#\/schema\/person\/4e9f74a82a7dac260eb1c44b7eebeb18"},"headline":"UdeC se une a los esfuerzos por evitar que ingrese al pa\u00eds la Peste Porcina Africana","datePublished":"2021-08-27T16:28:42+00:00","dateModified":"2021-08-31T15:41:44+00:00","mainEntityOfPage":{"@id":"https:\/\/www.mundoagropecuario.cl\/new\/udec-se-une-a-los-esfuerzos-por-evitar-que-ingrese-al-pais-la-peste-porcina-africana\/"},"wordCount":874,"publisher":{"@id":"https:\/\/www.mundoagropecuario.cl\/new\/#organization"},"image":{"@id":"https:\/\/www.mundoagropecuario.cl\/new\/udec-se-une-a-los-esfuerzos-por-evitar-que-ingrese-al-pais-la-peste-porcina-africana\/#primaryimage"},"thumbnailUrl":"https:\/\/www.mundoagropecuario.cl\/new\/wp-content\/uploads\/2021\/08\/Vacina-Cerdos-proyecto-3-scaled.jpeg","keywords":["Agricultura","Dr. \u00c1lvaro Ruiz","Facultad de Ciencias Veterinarias UdeC","Ganado","Minagri","peste porcina africana","UdeC"],"articleSection":["Agricultura"],"inLanguage":"es"},{"@type":"WebPage","@id":"https:\/\/www.mundoagropecuario.cl\/new\/udec-se-une-a-los-esfuerzos-por-evitar-que-ingrese-al-pais-la-peste-porcina-africana\/","url":"https:\/\/www.mundoagropecuario.cl\/new\/udec-se-une-a-los-esfuerzos-por-evitar-que-ingrese-al-pais-la-peste-porcina-africana\/","name":"UdeC se une a los esfuerzos por evitar que ingrese al pa\u00eds la Peste Porcina Africana - Mundoagropecuario","isPartOf":{"@id":"https:\/\/www.mundoagropecuario.cl\/new\/#website"},"primaryImageOfPage":{"@id":"https:\/\/www.mundoagropecuario.cl\/new\/udec-se-une-a-los-esfuerzos-por-evitar-que-ingrese-al-pais-la-peste-porcina-africana\/#primaryimage"},"image":{"@id":"https:\/\/www.mundoagropecuario.cl\/new\/udec-se-une-a-los-esfuerzos-por-evitar-que-ingrese-al-pais-la-peste-porcina-africana\/#primaryimage"},"thumbnailUrl":"https:\/\/www.mundoagropecuario.cl\/new\/wp-content\/uploads\/2021\/08\/Vacina-Cerdos-proyecto-3-scaled.jpeg","datePublished":"2021-08-27T16:28:42+00:00","dateModified":"2021-08-31T15:41:44+00:00","description":"La Peste Porcina Africana, PPA, es una enfermedad afecta solo a cerdos y jabal\u00edes, y no representa riesgo para la salud de las personas.","breadcrumb":{"@id":"https:\/\/www.mundoagropecuario.cl\/new\/udec-se-une-a-los-esfuerzos-por-evitar-que-ingrese-al-pais-la-peste-porcina-africana\/#breadcrumb"},"inLanguage":"es","potentialAction":[{"@type":"ReadAction","target":["https:\/\/www.mundoagropecuario.cl\/new\/udec-se-une-a-los-esfuerzos-por-evitar-que-ingrese-al-pais-la-peste-porcina-africana\/"]}]},{"@type":"ImageObject","inLanguage":"es","@id":"https:\/\/www.mundoagropecuario.cl\/new\/udec-se-une-a-los-esfuerzos-por-evitar-que-ingrese-al-pais-la-peste-porcina-africana\/#primaryimage","url":"https:\/\/www.mundoagropecuario.cl\/new\/wp-content\/uploads\/2021\/08\/Vacina-Cerdos-proyecto-3-scaled.jpeg","contentUrl":"https:\/\/www.mundoagropecuario.cl\/new\/wp-content\/uploads\/2021\/08\/Vacina-Cerdos-proyecto-3-scaled.jpeg","width":533,"height":400},{"@type":"BreadcrumbList","@id":"https:\/\/www.mundoagropecuario.cl\/new\/udec-se-une-a-los-esfuerzos-por-evitar-que-ingrese-al-pais-la-peste-porcina-africana\/#breadcrumb","itemListElement":[{"@type":"ListItem","position":1,"name":"Portada","item":"https:\/\/www.mundoagropecuario.cl\/new\/"},{"@type":"ListItem","position":2,"name":"UdeC se une a los esfuerzos por evitar que ingrese al pa\u00eds la Peste Porcina Africana"}]},{"@type":"WebSite","@id":"https:\/\/www.mundoagropecuario.cl\/new\/#website","url":"https:\/\/www.mundoagropecuario.cl\/new\/","name":"Mundoagropecuario","description":"Mundo Agropecuario","publisher":{"@id":"https:\/\/www.mundoagropecuario.cl\/new\/#organization"},"potentialAction":[{"@type":"SearchAction","target":{"@type":"EntryPoint","urlTemplate":"https:\/\/www.mundoagropecuario.cl\/new\/?s={search_term_string}"},"query-input":{"@type":"PropertyValueSpecification","valueRequired":true,"valueName":"search_term_string"}}],"inLanguage":"es"},{"@type":"Organization","@id":"https:\/\/www.mundoagropecuario.cl\/new\/#organization","name":"Revista de Agricultura","url":"https:\/\/www.mundoagropecuario.cl\/new\/","logo":{"@type":"ImageObject","inLanguage":"es","@id":"https:\/\/www.mundoagropecuario.cl\/new\/#\/schema\/logo\/image\/","url":"https:\/\/www.mundoagropecuario.cl\/new\/wp-content\/uploads\/2020\/11\/PORTAL-1-1.png","contentUrl":"https:\/\/www.mundoagropecuario.cl\/new\/wp-content\/uploads\/2020\/11\/PORTAL-1-1.png","width":1026,"height":100,"caption":"Revista de Agricultura"},"image":{"@id":"https:\/\/www.mundoagropecuario.cl\/new\/#\/schema\/logo\/image\/"},"sameAs":["https:\/\/www.facebook.com\/mundo.agropecuario.3","https:\/\/x.com\/MundoAgropecuar","https:\/\/www.linkedin.com\/in\/mundo-agropecuario-934009201\/"]},{"@type":"Person","@id":"https:\/\/www.mundoagropecuario.cl\/new\/#\/schema\/person\/4e9f74a82a7dac260eb1c44b7eebeb18","name":"mundo","url":"https:\/\/www.mundoagropecuario.cl\/new\/author\/mundo\/"}]}},"_links":{"self":[{"href":"https:\/\/www.mundoagropecuario.cl\/new\/wp-json\/wp\/v2\/posts\/20143","targetHints":{"allow":["GET"]}}],"collection":[{"href":"https:\/\/www.mundoagropecuario.cl\/new\/wp-json\/wp\/v2\/posts"}],"about":[{"href":"https:\/\/www.mundoagropecuario.cl\/new\/wp-json\/wp\/v2\/types\/post"}],"author":[{"embeddable":true,"href":"https:\/\/www.mundoagropecuario.cl\/new\/wp-json\/wp\/v2\/users\/2"}],"replies":[{"embeddable":true,"href":"https:\/\/www.mundoagropecuario.cl\/new\/wp-json\/wp\/v2\/comments?post=20143"}],"version-history":[{"count":3,"href":"https:\/\/www.mundoagropecuario.cl\/new\/wp-json\/wp\/v2\/posts\/20143\/revisions"}],"predecessor-version":[{"id":20151,"href":"https:\/\/www.mundoagropecuario.cl\/new\/wp-json\/wp\/v2\/posts\/20143\/revisions\/20151"}],"wp:featuredmedia":[{"embeddable":true,"href":"https:\/\/www.mundoagropecuario.cl\/new\/wp-json\/wp\/v2\/media\/19849"}],"wp:attachment":[{"href":"https:\/\/www.mundoagropecuario.cl\/new\/wp-json\/wp\/v2\/media?parent=20143"}],"wp:term":[{"taxonomy":"category","embeddable":true,"href":"https:\/\/www.mundoagropecuario.cl\/new\/wp-json\/wp\/v2\/categories?post=20143"},{"taxonomy":"post_tag","embeddable":true,"href":"https:\/\/www.mundoagropecuario.cl\/new\/wp-json\/wp\/v2\/tags?post=20143"}],"curies":[{"name":"wp","href":"https:\/\/api.w.org\/{rel}","templated":true}]}}