{"id":20124,"date":"2021-08-27T11:26:00","date_gmt":"2021-08-27T14:26:00","guid":{"rendered":"https:\/\/www.mundoagropecuario.cl\/new\/?p=20124"},"modified":"2021-08-30T12:45:10","modified_gmt":"2021-08-30T15:45:10","slug":"director-nacional-inia-demostramos-que-el-instituto-esta-trabajando-decididamente-en-las-problematicas-que-hoy-enfrenta-el-sector-agroalimentario","status":"publish","type":"post","link":"https:\/\/www.mundoagropecuario.cl\/new\/director-nacional-inia-demostramos-que-el-instituto-esta-trabajando-decididamente-en-las-problematicas-que-hoy-enfrenta-el-sector-agroalimentario\/","title":{"rendered":"Director INIA: \u201cDemostramos que est\u00e1 trabajando decididamente en las problem\u00e1ticas que hoy enfrenta el sector agroalimentario\u201d"},"content":{"rendered":"<blockquote>\n<h2><span style=\"color: #333300;\">La segunda versi\u00f3n digital del evento m\u00e1s importante de la industria agropecuaria nacional inici\u00f3 el pasado martes 24 de agosto. Tras su t\u00e9rmino, todas las presentaciones estar\u00e1n disponibles en la plataforma por un mes.<\/span><\/h2>\n<\/blockquote>\n<p>El d\u00eda de ayer se llev\u00f3 a cabo la \u00faltima jornada de Expo Chile Agr\u00edcola 2021, d\u00eda en que las presentaciones del Instituto de Investigaciones Agropecuarias (INIA) trataron sobre ganader\u00eda regenerativa, mejoramiento gen\u00e9tico bovino y ovino, adem\u00e1s de variedades vegetales tradicionales. Pedro Bustos, Director Nacional de INIA, expres\u00f3 que \u201cdemostramos que el Instituto est\u00e1 trabajando decididamente en las problem\u00e1ticas que hoy enfrenta el sector agroalimentario\u201d.<\/p>\n<p><a href=\"https:\/\/www.mundoagropecuario.cl\/new\/wp-content\/uploads\/2021\/08\/CHARLA-2.jpeg\"><img loading=\"lazy\" decoding=\"async\" class=\" wp-image-20126 alignright\" src=\"https:\/\/www.mundoagropecuario.cl\/new\/wp-content\/uploads\/2021\/08\/CHARLA-2-586x282.jpeg\" alt=\"\" width=\"531\" height=\"238\" \/><\/a>La primera exposici\u00f3n de ayer jueves trat\u00f3 sobre el Programa Nacional de Mejoramiento Gen\u00e9tico Animal (PMG) de INIA, sus avances y perspectivas futuras junto al investigador Jaime Pi\u00f1eira, de INIA Carillanca. \u201cEl objetivo del PMG para los pr\u00f3ximos a\u00f1os se centra en \u201cidentificar animales gen\u00e9ticamente superiores para aumentar la eficiencia productiva de los sistemas ganaderos ovinos y bovinos de Chile, concentrando los esfuerzos en las dificultades t\u00e9cnicas en materia de registros, la constituci\u00f3n racial y de registro oficial de animales, en la definici\u00f3n de objetivos de mejora y criterios de selecci\u00f3n, y de un protocolo de validaci\u00f3n de la gen\u00e9tica producida, entre otros focos\u201d, detall\u00f3 el especialista.<\/p>\n<p>Por la tarde se realiz\u00f3 la charla \u201cGanader\u00eda regenerativa y su aplicaci\u00f3n en los sistemas pastoriles de la Patagonia\u201d, con la vocer\u00eda de la investigadora Camila Reyes, de INIA Tamel Aike, quien se\u00f1al\u00f3 que \u201cestas t\u00e9cnicas permitir\u00edan resolver simult\u00e1neamente el problema ambiental, econ\u00f3mico y social de la producci\u00f3n ganadera, y que para ello es necesario conocer y ajustar su aplicaci\u00f3n a condiciones locales\u201d.<\/p>\n<p>Luego fue el turno de la investigadora Erika Salazar, de INIA La Platina, con la \u00faltima charla de esta edici\u00f3n, que abord\u00f3 las variedades vegetales tradicionales, principalmente su conservaci\u00f3n y uso para la seguridad alimentaria.<\/p>\n<p>El Instituto de Investigaciones Agropecuarias realiz\u00f3 8 charlas t\u00e9cnicas y una intervenci\u00f3n en vivo en la edici\u00f3n 2021 de Expo Chile Agr\u00edcola. Tras su finalizaci\u00f3n, todo el material estar\u00e1 disponible por un mes en la plataforma www.expochileagricola.cl.<\/p>\n","protected":false},"excerpt":{"rendered":"<p>El Instituto de Investigaciones Agropecuarias realiz\u00f3 8 charlas t\u00e9cnicas y una intervenci\u00f3n en vivo en la edici\u00f3n 2021 de Expo Chile Agr\u00edcola. Tras su finalizaci\u00f3n, todo el material estar\u00e1 disponible por un mes en la plataforma www.expochileagricola.cl.<\/p>\n","protected":false},"author":2,"featured_media":20125,"comment_status":"closed","ping_status":"closed","sticky":false,"template":"","format":"standard","meta":{"footnotes":""},"categories":[1945],"tags":[2090,3127,4425,6078,2052,2525,2035,2253],"class_list":["post-20124","post","type-post","status-publish","format-standard","has-post-thumbnail","hentry","category-agricultura","tag-agricultura","tag-agro","tag-director-nacional-de-inia","tag-expo-chile-agricola-2021","tag-inia","tag-inia-la-platina","tag-minagri","tag-pedro-bustos"],"yoast_head":"<!-- This site is optimized with the Yoast SEO plugin v26.6 - https:\/\/yoast.com\/wordpress\/plugins\/seo\/ -->\n<title>Director INIA: \u201cDemostramos que est\u00e1 trabajando decididamente en las problem\u00e1ticas que hoy enfrenta el sector agroalimentario\u201d - Mundoagropecuario<\/title>\n<meta name=\"description\" content=\"El Instituto de Investigaciones Agropecuarias realiz\u00f3 8 charlas t\u00e9cnicas y una intervenci\u00f3n en vivo en Expo Chile Agr\u00edcola 2021\" \/>\n<meta name=\"robots\" content=\"index, follow, max-snippet:-1, max-image-preview:large, max-video-preview:-1\" \/>\n<link rel=\"canonical\" href=\"https:\/\/www.mundoagropecuario.cl\/new\/director-nacional-inia-demostramos-que-el-instituto-esta-trabajando-decididamente-en-las-problematicas-que-hoy-enfrenta-el-sector-agroalimentario\/\" \/>\n<meta property=\"og:locale\" content=\"es_ES\" \/>\n<meta property=\"og:type\" content=\"article\" \/>\n<meta property=\"og:title\" content=\"Director INIA: \u201cDemostramos que est\u00e1 trabajando decididamente en las problem\u00e1ticas que hoy enfrenta el sector agroalimentario\u201d - Mundoagropecuario\" \/>\n<meta property=\"og:description\" content=\"El Instituto de Investigaciones Agropecuarias realiz\u00f3 8 charlas t\u00e9cnicas y una intervenci\u00f3n en vivo en Expo Chile Agr\u00edcola 2021\" \/>\n<meta property=\"og:url\" content=\"https:\/\/www.mundoagropecuario.cl\/new\/director-nacional-inia-demostramos-que-el-instituto-esta-trabajando-decididamente-en-las-problematicas-que-hoy-enfrenta-el-sector-agroalimentario\/\" \/>\n<meta property=\"og:site_name\" content=\"Mundoagropecuario\" \/>\n<meta property=\"article:publisher\" content=\"https:\/\/www.facebook.com\/mundo.agropecuario.3\" \/>\n<meta property=\"article:published_time\" content=\"2021-08-27T14:26:00+00:00\" \/>\n<meta property=\"article:modified_time\" content=\"2021-08-30T15:45:10+00:00\" \/>\n<meta property=\"og:image\" content=\"https:\/\/www.mundoagropecuario.cl\/new\/wp-content\/uploads\/2021\/08\/CHARLA-1-1.png\" \/>\n\t<meta property=\"og:image:width\" content=\"949\" \/>\n\t<meta property=\"og:image:height\" content=\"478\" \/>\n\t<meta property=\"og:image:type\" content=\"image\/png\" \/>\n<meta name=\"author\" content=\"mundo\" \/>\n<meta name=\"twitter:card\" content=\"summary_large_image\" \/>\n<meta name=\"twitter:creator\" content=\"@MundoAgropecuar\" \/>\n<meta name=\"twitter:site\" content=\"@MundoAgropecuar\" \/>\n<meta name=\"twitter:label1\" content=\"Escrito por\" \/>\n\t<meta name=\"twitter:data1\" content=\"mundo\" \/>\n\t<meta name=\"twitter:label2\" content=\"Tiempo de lectura\" \/>\n\t<meta name=\"twitter:data2\" content=\"2 minutos\" \/>\n<script type=\"application\/ld+json\" class=\"yoast-schema-graph\">{\"@context\":\"https:\/\/schema.org\",\"@graph\":[{\"@type\":\"Article\",\"@id\":\"https:\/\/www.mundoagropecuario.cl\/new\/director-nacional-inia-demostramos-que-el-instituto-esta-trabajando-decididamente-en-las-problematicas-que-hoy-enfrenta-el-sector-agroalimentario\/#article\",\"isPartOf\":{\"@id\":\"https:\/\/www.mundoagropecuario.cl\/new\/director-nacional-inia-demostramos-que-el-instituto-esta-trabajando-decididamente-en-las-problematicas-que-hoy-enfrenta-el-sector-agroalimentario\/\"},\"author\":{\"name\":\"mundo\",\"@id\":\"https:\/\/www.mundoagropecuario.cl\/new\/#\/schema\/person\/4e9f74a82a7dac260eb1c44b7eebeb18\"},\"headline\":\"Director INIA: \u201cDemostramos que est\u00e1 trabajando decididamente en las problem\u00e1ticas que hoy enfrenta el sector agroalimentario\u201d\",\"datePublished\":\"2021-08-27T14:26:00+00:00\",\"dateModified\":\"2021-08-30T15:45:10+00:00\",\"mainEntityOfPage\":{\"@id\":\"https:\/\/www.mundoagropecuario.cl\/new\/director-nacional-inia-demostramos-que-el-instituto-esta-trabajando-decididamente-en-las-problematicas-que-hoy-enfrenta-el-sector-agroalimentario\/\"},\"wordCount\":396,\"publisher\":{\"@id\":\"https:\/\/www.mundoagropecuario.cl\/new\/#organization\"},\"image\":{\"@id\":\"https:\/\/www.mundoagropecuario.cl\/new\/director-nacional-inia-demostramos-que-el-instituto-esta-trabajando-decididamente-en-las-problematicas-que-hoy-enfrenta-el-sector-agroalimentario\/#primaryimage\"},\"thumbnailUrl\":\"https:\/\/www.mundoagropecuario.cl\/new\/wp-content\/uploads\/2021\/08\/CHARLA-1-1.png\",\"keywords\":[\"Agricultura\",\"Agro\",\"Director Nacional de INIA\",\"Expo Chile Agr\u00edcola 2021\",\"INIA\",\"INIA La Platina\",\"Minagri\",\"Pedro Bustos\"],\"articleSection\":[\"Agricultura\"],\"inLanguage\":\"es\"},{\"@type\":\"WebPage\",\"@id\":\"https:\/\/www.mundoagropecuario.cl\/new\/director-nacional-inia-demostramos-que-el-instituto-esta-trabajando-decididamente-en-las-problematicas-que-hoy-enfrenta-el-sector-agroalimentario\/\",\"url\":\"https:\/\/www.mundoagropecuario.cl\/new\/director-nacional-inia-demostramos-que-el-instituto-esta-trabajando-decididamente-en-las-problematicas-que-hoy-enfrenta-el-sector-agroalimentario\/\",\"name\":\"Director INIA: \u201cDemostramos que est\u00e1 trabajando decididamente en las problem\u00e1ticas que hoy enfrenta el sector agroalimentario\u201d - Mundoagropecuario\",\"isPartOf\":{\"@id\":\"https:\/\/www.mundoagropecuario.cl\/new\/#website\"},\"primaryImageOfPage\":{\"@id\":\"https:\/\/www.mundoagropecuario.cl\/new\/director-nacional-inia-demostramos-que-el-instituto-esta-trabajando-decididamente-en-las-problematicas-que-hoy-enfrenta-el-sector-agroalimentario\/#primaryimage\"},\"image\":{\"@id\":\"https:\/\/www.mundoagropecuario.cl\/new\/director-nacional-inia-demostramos-que-el-instituto-esta-trabajando-decididamente-en-las-problematicas-que-hoy-enfrenta-el-sector-agroalimentario\/#primaryimage\"},\"thumbnailUrl\":\"https:\/\/www.mundoagropecuario.cl\/new\/wp-content\/uploads\/2021\/08\/CHARLA-1-1.png\",\"datePublished\":\"2021-08-27T14:26:00+00:00\",\"dateModified\":\"2021-08-30T15:45:10+00:00\",\"description\":\"El Instituto de Investigaciones Agropecuarias realiz\u00f3 8 charlas t\u00e9cnicas y una intervenci\u00f3n en vivo en Expo Chile Agr\u00edcola 2021\",\"breadcrumb\":{\"@id\":\"https:\/\/www.mundoagropecuario.cl\/new\/director-nacional-inia-demostramos-que-el-instituto-esta-trabajando-decididamente-en-las-problematicas-que-hoy-enfrenta-el-sector-agroalimentario\/#breadcrumb\"},\"inLanguage\":\"es\",\"potentialAction\":[{\"@type\":\"ReadAction\",\"target\":[\"https:\/\/www.mundoagropecuario.cl\/new\/director-nacional-inia-demostramos-que-el-instituto-esta-trabajando-decididamente-en-las-problematicas-que-hoy-enfrenta-el-sector-agroalimentario\/\"]}]},{\"@type\":\"ImageObject\",\"inLanguage\":\"es\",\"@id\":\"https:\/\/www.mundoagropecuario.cl\/new\/director-nacional-inia-demostramos-que-el-instituto-esta-trabajando-decididamente-en-las-problematicas-que-hoy-enfrenta-el-sector-agroalimentario\/#primaryimage\",\"url\":\"https:\/\/www.mundoagropecuario.cl\/new\/wp-content\/uploads\/2021\/08\/CHARLA-1-1.png\",\"contentUrl\":\"https:\/\/www.mundoagropecuario.cl\/new\/wp-content\/uploads\/2021\/08\/CHARLA-1-1.png\",\"width\":720,\"height\":363},{\"@type\":\"BreadcrumbList\",\"@id\":\"https:\/\/www.mundoagropecuario.cl\/new\/director-nacional-inia-demostramos-que-el-instituto-esta-trabajando-decididamente-en-las-problematicas-que-hoy-enfrenta-el-sector-agroalimentario\/#breadcrumb\",\"itemListElement\":[{\"@type\":\"ListItem\",\"position\":1,\"name\":\"Portada\",\"item\":\"https:\/\/www.mundoagropecuario.cl\/new\/\"},{\"@type\":\"ListItem\",\"position\":2,\"name\":\"Director INIA: \u201cDemostramos que est\u00e1 trabajando decididamente en las problem\u00e1ticas que hoy enfrenta el sector agroalimentario\u201d\"}]},{\"@type\":\"WebSite\",\"@id\":\"https:\/\/www.mundoagropecuario.cl\/new\/#website\",\"url\":\"https:\/\/www.mundoagropecuario.cl\/new\/\",\"name\":\"Mundoagropecuario\",\"description\":\"Mundo Agropecuario\",\"publisher\":{\"@id\":\"https:\/\/www.mundoagropecuario.cl\/new\/#organization\"},\"potentialAction\":[{\"@type\":\"SearchAction\",\"target\":{\"@type\":\"EntryPoint\",\"urlTemplate\":\"https:\/\/www.mundoagropecuario.cl\/new\/?s={search_term_string}\"},\"query-input\":{\"@type\":\"PropertyValueSpecification\",\"valueRequired\":true,\"valueName\":\"search_term_string\"}}],\"inLanguage\":\"es\"},{\"@type\":\"Organization\",\"@id\":\"https:\/\/www.mundoagropecuario.cl\/new\/#organization\",\"name\":\"Revista de Agricultura\",\"url\":\"https:\/\/www.mundoagropecuario.cl\/new\/\",\"logo\":{\"@type\":\"ImageObject\",\"inLanguage\":\"es\",\"@id\":\"https:\/\/www.mundoagropecuario.cl\/new\/#\/schema\/logo\/image\/\",\"url\":\"https:\/\/www.mundoagropecuario.cl\/new\/wp-content\/uploads\/2020\/11\/PORTAL-1-1.png\",\"contentUrl\":\"https:\/\/www.mundoagropecuario.cl\/new\/wp-content\/uploads\/2020\/11\/PORTAL-1-1.png\",\"width\":1026,\"height\":100,\"caption\":\"Revista de Agricultura\"},\"image\":{\"@id\":\"https:\/\/www.mundoagropecuario.cl\/new\/#\/schema\/logo\/image\/\"},\"sameAs\":[\"https:\/\/www.facebook.com\/mundo.agropecuario.3\",\"https:\/\/x.com\/MundoAgropecuar\",\"https:\/\/www.linkedin.com\/in\/mundo-agropecuario-934009201\/\"]},{\"@type\":\"Person\",\"@id\":\"https:\/\/www.mundoagropecuario.cl\/new\/#\/schema\/person\/4e9f74a82a7dac260eb1c44b7eebeb18\",\"name\":\"mundo\",\"url\":\"https:\/\/www.mundoagropecuario.cl\/new\/author\/mundo\/\"}]}<\/script>\n<!-- \/ Yoast SEO plugin. -->","yoast_head_json":{"title":"Director INIA: \u201cDemostramos que est\u00e1 trabajando decididamente en las problem\u00e1ticas que hoy enfrenta el sector agroalimentario\u201d - Mundoagropecuario","description":"El Instituto de Investigaciones Agropecuarias realiz\u00f3 8 charlas t\u00e9cnicas y una intervenci\u00f3n en vivo en Expo Chile Agr\u00edcola 2021","robots":{"index":"index","follow":"follow","max-snippet":"max-snippet:-1","max-image-preview":"max-image-preview:large","max-video-preview":"max-video-preview:-1"},"canonical":"https:\/\/www.mundoagropecuario.cl\/new\/director-nacional-inia-demostramos-que-el-instituto-esta-trabajando-decididamente-en-las-problematicas-que-hoy-enfrenta-el-sector-agroalimentario\/","og_locale":"es_ES","og_type":"article","og_title":"Director INIA: \u201cDemostramos que est\u00e1 trabajando decididamente en las problem\u00e1ticas que hoy enfrenta el sector agroalimentario\u201d - Mundoagropecuario","og_description":"El Instituto de Investigaciones Agropecuarias realiz\u00f3 8 charlas t\u00e9cnicas y una intervenci\u00f3n en vivo en Expo Chile Agr\u00edcola 2021","og_url":"https:\/\/www.mundoagropecuario.cl\/new\/director-nacional-inia-demostramos-que-el-instituto-esta-trabajando-decididamente-en-las-problematicas-que-hoy-enfrenta-el-sector-agroalimentario\/","og_site_name":"Mundoagropecuario","article_publisher":"https:\/\/www.facebook.com\/mundo.agropecuario.3","article_published_time":"2021-08-27T14:26:00+00:00","article_modified_time":"2021-08-30T15:45:10+00:00","og_image":[{"width":949,"height":478,"url":"https:\/\/www.mundoagropecuario.cl\/new\/wp-content\/uploads\/2021\/08\/CHARLA-1-1.png","type":"image\/png"}],"author":"mundo","twitter_card":"summary_large_image","twitter_creator":"@MundoAgropecuar","twitter_site":"@MundoAgropecuar","twitter_misc":{"Escrito por":"mundo","Tiempo de lectura":"2 minutos"},"schema":{"@context":"https:\/\/schema.org","@graph":[{"@type":"Article","@id":"https:\/\/www.mundoagropecuario.cl\/new\/director-nacional-inia-demostramos-que-el-instituto-esta-trabajando-decididamente-en-las-problematicas-que-hoy-enfrenta-el-sector-agroalimentario\/#article","isPartOf":{"@id":"https:\/\/www.mundoagropecuario.cl\/new\/director-nacional-inia-demostramos-que-el-instituto-esta-trabajando-decididamente-en-las-problematicas-que-hoy-enfrenta-el-sector-agroalimentario\/"},"author":{"name":"mundo","@id":"https:\/\/www.mundoagropecuario.cl\/new\/#\/schema\/person\/4e9f74a82a7dac260eb1c44b7eebeb18"},"headline":"Director INIA: \u201cDemostramos que est\u00e1 trabajando decididamente en las problem\u00e1ticas que hoy enfrenta el sector agroalimentario\u201d","datePublished":"2021-08-27T14:26:00+00:00","dateModified":"2021-08-30T15:45:10+00:00","mainEntityOfPage":{"@id":"https:\/\/www.mundoagropecuario.cl\/new\/director-nacional-inia-demostramos-que-el-instituto-esta-trabajando-decididamente-en-las-problematicas-que-hoy-enfrenta-el-sector-agroalimentario\/"},"wordCount":396,"publisher":{"@id":"https:\/\/www.mundoagropecuario.cl\/new\/#organization"},"image":{"@id":"https:\/\/www.mundoagropecuario.cl\/new\/director-nacional-inia-demostramos-que-el-instituto-esta-trabajando-decididamente-en-las-problematicas-que-hoy-enfrenta-el-sector-agroalimentario\/#primaryimage"},"thumbnailUrl":"https:\/\/www.mundoagropecuario.cl\/new\/wp-content\/uploads\/2021\/08\/CHARLA-1-1.png","keywords":["Agricultura","Agro","Director Nacional de INIA","Expo Chile Agr\u00edcola 2021","INIA","INIA La Platina","Minagri","Pedro Bustos"],"articleSection":["Agricultura"],"inLanguage":"es"},{"@type":"WebPage","@id":"https:\/\/www.mundoagropecuario.cl\/new\/director-nacional-inia-demostramos-que-el-instituto-esta-trabajando-decididamente-en-las-problematicas-que-hoy-enfrenta-el-sector-agroalimentario\/","url":"https:\/\/www.mundoagropecuario.cl\/new\/director-nacional-inia-demostramos-que-el-instituto-esta-trabajando-decididamente-en-las-problematicas-que-hoy-enfrenta-el-sector-agroalimentario\/","name":"Director INIA: \u201cDemostramos que est\u00e1 trabajando decididamente en las problem\u00e1ticas que hoy enfrenta el sector agroalimentario\u201d - Mundoagropecuario","isPartOf":{"@id":"https:\/\/www.mundoagropecuario.cl\/new\/#website"},"primaryImageOfPage":{"@id":"https:\/\/www.mundoagropecuario.cl\/new\/director-nacional-inia-demostramos-que-el-instituto-esta-trabajando-decididamente-en-las-problematicas-que-hoy-enfrenta-el-sector-agroalimentario\/#primaryimage"},"image":{"@id":"https:\/\/www.mundoagropecuario.cl\/new\/director-nacional-inia-demostramos-que-el-instituto-esta-trabajando-decididamente-en-las-problematicas-que-hoy-enfrenta-el-sector-agroalimentario\/#primaryimage"},"thumbnailUrl":"https:\/\/www.mundoagropecuario.cl\/new\/wp-content\/uploads\/2021\/08\/CHARLA-1-1.png","datePublished":"2021-08-27T14:26:00+00:00","dateModified":"2021-08-30T15:45:10+00:00","description":"El Instituto de Investigaciones Agropecuarias realiz\u00f3 8 charlas t\u00e9cnicas y una intervenci\u00f3n en vivo en Expo Chile Agr\u00edcola 2021","breadcrumb":{"@id":"https:\/\/www.mundoagropecuario.cl\/new\/director-nacional-inia-demostramos-que-el-instituto-esta-trabajando-decididamente-en-las-problematicas-que-hoy-enfrenta-el-sector-agroalimentario\/#breadcrumb"},"inLanguage":"es","potentialAction":[{"@type":"ReadAction","target":["https:\/\/www.mundoagropecuario.cl\/new\/director-nacional-inia-demostramos-que-el-instituto-esta-trabajando-decididamente-en-las-problematicas-que-hoy-enfrenta-el-sector-agroalimentario\/"]}]},{"@type":"ImageObject","inLanguage":"es","@id":"https:\/\/www.mundoagropecuario.cl\/new\/director-nacional-inia-demostramos-que-el-instituto-esta-trabajando-decididamente-en-las-problematicas-que-hoy-enfrenta-el-sector-agroalimentario\/#primaryimage","url":"https:\/\/www.mundoagropecuario.cl\/new\/wp-content\/uploads\/2021\/08\/CHARLA-1-1.png","contentUrl":"https:\/\/www.mundoagropecuario.cl\/new\/wp-content\/uploads\/2021\/08\/CHARLA-1-1.png","width":720,"height":363},{"@type":"BreadcrumbList","@id":"https:\/\/www.mundoagropecuario.cl\/new\/director-nacional-inia-demostramos-que-el-instituto-esta-trabajando-decididamente-en-las-problematicas-que-hoy-enfrenta-el-sector-agroalimentario\/#breadcrumb","itemListElement":[{"@type":"ListItem","position":1,"name":"Portada","item":"https:\/\/www.mundoagropecuario.cl\/new\/"},{"@type":"ListItem","position":2,"name":"Director INIA: \u201cDemostramos que est\u00e1 trabajando decididamente en las problem\u00e1ticas que hoy enfrenta el sector agroalimentario\u201d"}]},{"@type":"WebSite","@id":"https:\/\/www.mundoagropecuario.cl\/new\/#website","url":"https:\/\/www.mundoagropecuario.cl\/new\/","name":"Mundoagropecuario","description":"Mundo Agropecuario","publisher":{"@id":"https:\/\/www.mundoagropecuario.cl\/new\/#organization"},"potentialAction":[{"@type":"SearchAction","target":{"@type":"EntryPoint","urlTemplate":"https:\/\/www.mundoagropecuario.cl\/new\/?s={search_term_string}"},"query-input":{"@type":"PropertyValueSpecification","valueRequired":true,"valueName":"search_term_string"}}],"inLanguage":"es"},{"@type":"Organization","@id":"https:\/\/www.mundoagropecuario.cl\/new\/#organization","name":"Revista de Agricultura","url":"https:\/\/www.mundoagropecuario.cl\/new\/","logo":{"@type":"ImageObject","inLanguage":"es","@id":"https:\/\/www.mundoagropecuario.cl\/new\/#\/schema\/logo\/image\/","url":"https:\/\/www.mundoagropecuario.cl\/new\/wp-content\/uploads\/2020\/11\/PORTAL-1-1.png","contentUrl":"https:\/\/www.mundoagropecuario.cl\/new\/wp-content\/uploads\/2020\/11\/PORTAL-1-1.png","width":1026,"height":100,"caption":"Revista de Agricultura"},"image":{"@id":"https:\/\/www.mundoagropecuario.cl\/new\/#\/schema\/logo\/image\/"},"sameAs":["https:\/\/www.facebook.com\/mundo.agropecuario.3","https:\/\/x.com\/MundoAgropecuar","https:\/\/www.linkedin.com\/in\/mundo-agropecuario-934009201\/"]},{"@type":"Person","@id":"https:\/\/www.mundoagropecuario.cl\/new\/#\/schema\/person\/4e9f74a82a7dac260eb1c44b7eebeb18","name":"mundo","url":"https:\/\/www.mundoagropecuario.cl\/new\/author\/mundo\/"}]}},"_links":{"self":[{"href":"https:\/\/www.mundoagropecuario.cl\/new\/wp-json\/wp\/v2\/posts\/20124","targetHints":{"allow":["GET"]}}],"collection":[{"href":"https:\/\/www.mundoagropecuario.cl\/new\/wp-json\/wp\/v2\/posts"}],"about":[{"href":"https:\/\/www.mundoagropecuario.cl\/new\/wp-json\/wp\/v2\/types\/post"}],"author":[{"embeddable":true,"href":"https:\/\/www.mundoagropecuario.cl\/new\/wp-json\/wp\/v2\/users\/2"}],"replies":[{"embeddable":true,"href":"https:\/\/www.mundoagropecuario.cl\/new\/wp-json\/wp\/v2\/comments?post=20124"}],"version-history":[{"count":2,"href":"https:\/\/www.mundoagropecuario.cl\/new\/wp-json\/wp\/v2\/posts\/20124\/revisions"}],"predecessor-version":[{"id":20128,"href":"https:\/\/www.mundoagropecuario.cl\/new\/wp-json\/wp\/v2\/posts\/20124\/revisions\/20128"}],"wp:featuredmedia":[{"embeddable":true,"href":"https:\/\/www.mundoagropecuario.cl\/new\/wp-json\/wp\/v2\/media\/20125"}],"wp:attachment":[{"href":"https:\/\/www.mundoagropecuario.cl\/new\/wp-json\/wp\/v2\/media?parent=20124"}],"wp:term":[{"taxonomy":"category","embeddable":true,"href":"https:\/\/www.mundoagropecuario.cl\/new\/wp-json\/wp\/v2\/categories?post=20124"},{"taxonomy":"post_tag","embeddable":true,"href":"https:\/\/www.mundoagropecuario.cl\/new\/wp-json\/wp\/v2\/tags?post=20124"}],"curies":[{"name":"wp","href":"https:\/\/api.w.org\/{rel}","templated":true}]}}