{"id":20079,"date":"2021-08-25T11:18:00","date_gmt":"2021-08-25T14:18:00","guid":{"rendered":"https:\/\/www.mundoagropecuario.cl\/new\/?p=20079"},"modified":"2021-08-26T11:50:54","modified_gmt":"2021-08-26T14:50:54","slug":"mitigacion-y-eficiencia-hidrica-marcaron-la-participacion-de-inia-en-expo-chile-agricola-2021","status":"publish","type":"post","link":"https:\/\/www.mundoagropecuario.cl\/new\/mitigacion-y-eficiencia-hidrica-marcaron-la-participacion-de-inia-en-expo-chile-agricola-2021\/","title":{"rendered":"Mitigaci\u00f3n y eficiencia h\u00eddrica marcaron la participaci\u00f3n de INIA en Expo Chile Agr\u00edcola 2021"},"content":{"rendered":"<blockquote>\n<h2><span style=\"color: #808000;\">Durante el d\u00eda inaugural, el Director de INIA, Pedro Bustos, firm\u00f3 el compromiso por la implementaci\u00f3n de la Estrategia de Sustentabilidad Agroalimentaria junto al resto de las autoridades del Ministerio de Agricultura.<\/span><\/h2>\n<\/blockquote>\n<p>Exposiciones sobre alternativas de cultivo hidrop\u00f3nico, cosecha con agua lluvia y apicultura, fueron parte de la participaci\u00f3n del Instituto de Investigaciones Agropecuarias (INIA) en la primera jornada de Expo Chile Agr\u00edcola 2021, instancia en que las autoridades del Ministerio de Agricultura y directores de servicio, firmaron el compromiso por la implementaci\u00f3n de la Estrategia de Sustentabilidad Agroalimentaria, la cual determina la ruta de trabajo para los pr\u00f3ximos 10 a\u00f1os en el fortalecimiento de la sustentabilidad en el sector agroalimentario.<\/p>\n<p><a href=\"https:\/\/www.mundoagropecuario.cl\/new\/wp-content\/uploads\/2021\/08\/CHARLA-1.png\"><img loading=\"lazy\" decoding=\"async\" class=\" wp-image-20081 alignleft\" src=\"https:\/\/www.mundoagropecuario.cl\/new\/wp-content\/uploads\/2021\/08\/CHARLA-1-586x307.png\" alt=\"\" width=\"442\" height=\"261\" \/><\/a>Al respecto, el Director Nacional de INIA, Pedro Bustos, expres\u00f3 que \u201ceste es un hito muy importante que convive plenamente con lo que estamos haciendo hace un par de a\u00f1os, liderando proyectos de agrociencia que fortalecen la sustentabilidad de la industria agroalimentaria nacional. Adem\u00e1s, las charlas que hemos planificado para esta edici\u00f3n est\u00e1n fuertemente vinculadas en esta direcci\u00f3n y esperamos que los asistentes conozcan m\u00e1s de los que estamos realizando d\u00eda a d\u00eda junto a productores y agricultores del pa\u00eds\u201d.<\/p>\n<p>La primera charla de INIA fue dictada por el investigador de INIA Quilamapu, Cristi\u00e1n Balbont\u00edn, quien abord\u00f3 los cultivos hidrop\u00f3nicos de frutillas en microt\u00fanel, una alternativa de eficiencia h\u00eddrica que permite alcanzar mejores precios. Luego fue el turno de la investigadora Mar\u00eda Gabriela Chahin, de INIA Carillanca, quien expuso sobre \u201cLa cosecha de aguas lluvia como alternativa para regar\u201d, un sistema que permite contar con agua en per\u00edodos de mayor escasez, disminuye costos de traslado de agua por camiones aljibes, y contar con recurso h\u00eddrico para bebida animal y para la peque\u00f1a producci\u00f3n de hortalizas a trav\u00e9s de un invernadero, entre otros beneficios.<\/p>\n<p><a href=\"https:\/\/www.mundoagropecuario.cl\/new\/wp-content\/uploads\/2021\/08\/CHARLA-2.png\"><img loading=\"lazy\" decoding=\"async\" class=\" wp-image-20082 alignright\" src=\"https:\/\/www.mundoagropecuario.cl\/new\/wp-content\/uploads\/2021\/08\/CHARLA-2-586x264.png\" alt=\"\" width=\"535\" height=\"228\" \/><\/a>M\u00e1s tarde fue el turno de la presentaci\u00f3n \u201cC\u00f3mo convertirse en apicultor y emprender en la Regi\u00f3n Metropolitana\u201d, con el investigador Felipe Gelcich, de INIA La Platina, para finalizar el primer d\u00eda con la exposici\u00f3n en vivo \u201cHacia una agricultura resiliente y baja en emisiones, el liderazgo de Nueva Zelandia y Chile\u201d, que cont\u00f3 con la participaci\u00f3n de Hayden Montgomery (Nueva Zelanda), Representante de la Global Research Alliance (GRA), y Marta Alfaro, Subdirectora Nacional de I+D+i de INIA.<\/p>\n<p>En esta cita\u00a0 se analiz\u00f3 la situaci\u00f3n del sector a nivel nacional e internacional, las alianzas y esfuerzos entre pa\u00edses por disminuir las emisiones de gases de efecto invernadero (GEI) en las actividades del sector agroalimentario.<\/p>\n<p>Durante el segundo d\u00eda del evento digital, el instituto realizar\u00e1 las siguientes exposiciones:<\/p>\n<ul>\n<li>Manejo sustentable de residuos para evitar quemas agr\u00edcolas (Sala 5, 11:00 horas), con la extensionista Fabiola Sep\u00falveda, de INIA La Platina.<\/li>\n<li>\u00bfQu\u00e9 est\u00e1 pasando con el clima y la agricultura en Chile? (Sala 6, 15:00 horas), con el investigador de INIA La Cruz, Jaime Salvo.<\/li>\n<\/ul>\n","protected":false},"excerpt":{"rendered":"<p>Exposiciones sobre alternativas de cultivo hidrop\u00f3nico, cosecha con agua lluvia y apicultura, fueron parte de la participaci\u00f3n del Instituto de Investigaciones Agropecuarias (INIA) en la primera jornada de Expo Chile Agr\u00edcola 2021<\/p>\n","protected":false},"author":2,"featured_media":20080,"comment_status":"closed","ping_status":"closed","sticky":false,"template":"","format":"standard","meta":{"footnotes":""},"categories":[1945],"tags":[4401,6194,6078,2052,2168,5367,2035],"class_list":["post-20079","post","type-post","status-publish","format-standard","has-post-thumbnail","hentry","category-agricultura","tag-agrio","tag-cristian-balbontin","tag-expo-chile-agricola-2021","tag-inia","tag-inia-quilamapu","tag-la-ministra-undurraga","tag-minagri"],"yoast_head":"<!-- This site is optimized with the Yoast SEO plugin v26.6 - https:\/\/yoast.com\/wordpress\/plugins\/seo\/ -->\n<title>Mitigaci\u00f3n y eficiencia h\u00eddrica marcaron la participaci\u00f3n de INIA en Expo Chile Agr\u00edcola 2021 - Mundoagropecuario<\/title>\n<meta name=\"description\" content=\"Exposiciones sobre alternativas de cultivo hidrop\u00f3nico, cosecha con agua lluvia y apicultura, fueron parte de la participaci\u00f3n de INIA\" \/>\n<meta name=\"robots\" content=\"index, follow, max-snippet:-1, max-image-preview:large, max-video-preview:-1\" \/>\n<link rel=\"canonical\" href=\"https:\/\/www.mundoagropecuario.cl\/new\/mitigacion-y-eficiencia-hidrica-marcaron-la-participacion-de-inia-en-expo-chile-agricola-2021\/\" \/>\n<meta property=\"og:locale\" content=\"es_ES\" \/>\n<meta property=\"og:type\" content=\"article\" \/>\n<meta property=\"og:title\" content=\"Mitigaci\u00f3n y eficiencia h\u00eddrica marcaron la participaci\u00f3n de INIA en Expo Chile Agr\u00edcola 2021 - Mundoagropecuario\" \/>\n<meta property=\"og:description\" content=\"Exposiciones sobre alternativas de cultivo hidrop\u00f3nico, cosecha con agua lluvia y apicultura, fueron parte de la participaci\u00f3n de INIA\" \/>\n<meta property=\"og:url\" content=\"https:\/\/www.mundoagropecuario.cl\/new\/mitigacion-y-eficiencia-hidrica-marcaron-la-participacion-de-inia-en-expo-chile-agricola-2021\/\" \/>\n<meta property=\"og:site_name\" content=\"Mundoagropecuario\" \/>\n<meta property=\"article:publisher\" content=\"https:\/\/www.facebook.com\/mundo.agropecuario.3\" \/>\n<meta property=\"article:published_time\" content=\"2021-08-25T14:18:00+00:00\" \/>\n<meta property=\"article:modified_time\" content=\"2021-08-26T14:50:54+00:00\" \/>\n<meta property=\"og:image\" content=\"https:\/\/www.mundoagropecuario.cl\/new\/wp-content\/uploads\/2021\/08\/FIRMA-CONVENIO-2.jpeg\" \/>\n\t<meta property=\"og:image:width\" content=\"640\" \/>\n\t<meta property=\"og:image:height\" content=\"428\" \/>\n\t<meta property=\"og:image:type\" content=\"image\/jpeg\" \/>\n<meta name=\"author\" content=\"mundo\" \/>\n<meta name=\"twitter:card\" content=\"summary_large_image\" \/>\n<meta name=\"twitter:creator\" content=\"@MundoAgropecuar\" \/>\n<meta name=\"twitter:site\" content=\"@MundoAgropecuar\" \/>\n<meta name=\"twitter:label1\" content=\"Escrito por\" \/>\n\t<meta name=\"twitter:data1\" content=\"mundo\" \/>\n\t<meta name=\"twitter:label2\" content=\"Tiempo de lectura\" \/>\n\t<meta name=\"twitter:data2\" content=\"3 minutos\" \/>\n<script type=\"application\/ld+json\" class=\"yoast-schema-graph\">{\"@context\":\"https:\/\/schema.org\",\"@graph\":[{\"@type\":\"Article\",\"@id\":\"https:\/\/www.mundoagropecuario.cl\/new\/mitigacion-y-eficiencia-hidrica-marcaron-la-participacion-de-inia-en-expo-chile-agricola-2021\/#article\",\"isPartOf\":{\"@id\":\"https:\/\/www.mundoagropecuario.cl\/new\/mitigacion-y-eficiencia-hidrica-marcaron-la-participacion-de-inia-en-expo-chile-agricola-2021\/\"},\"author\":{\"name\":\"mundo\",\"@id\":\"https:\/\/www.mundoagropecuario.cl\/new\/#\/schema\/person\/4e9f74a82a7dac260eb1c44b7eebeb18\"},\"headline\":\"Mitigaci\u00f3n y eficiencia h\u00eddrica marcaron la participaci\u00f3n de INIA en Expo Chile Agr\u00edcola 2021\",\"datePublished\":\"2021-08-25T14:18:00+00:00\",\"dateModified\":\"2021-08-26T14:50:54+00:00\",\"mainEntityOfPage\":{\"@id\":\"https:\/\/www.mundoagropecuario.cl\/new\/mitigacion-y-eficiencia-hidrica-marcaron-la-participacion-de-inia-en-expo-chile-agricola-2021\/\"},\"wordCount\":519,\"publisher\":{\"@id\":\"https:\/\/www.mundoagropecuario.cl\/new\/#organization\"},\"image\":{\"@id\":\"https:\/\/www.mundoagropecuario.cl\/new\/mitigacion-y-eficiencia-hidrica-marcaron-la-participacion-de-inia-en-expo-chile-agricola-2021\/#primaryimage\"},\"thumbnailUrl\":\"https:\/\/www.mundoagropecuario.cl\/new\/wp-content\/uploads\/2021\/08\/FIRMA-CONVENIO-2.jpeg\",\"keywords\":[\"Agrio\",\"Cristi\u00e1n Balbont\u00edn\",\"Expo Chile Agr\u00edcola 2021\",\"INIA\",\"INIA Quilamapu\",\"La ministra Undurraga\",\"Minagri\"],\"articleSection\":[\"Agricultura\"],\"inLanguage\":\"es\"},{\"@type\":\"WebPage\",\"@id\":\"https:\/\/www.mundoagropecuario.cl\/new\/mitigacion-y-eficiencia-hidrica-marcaron-la-participacion-de-inia-en-expo-chile-agricola-2021\/\",\"url\":\"https:\/\/www.mundoagropecuario.cl\/new\/mitigacion-y-eficiencia-hidrica-marcaron-la-participacion-de-inia-en-expo-chile-agricola-2021\/\",\"name\":\"Mitigaci\u00f3n y eficiencia h\u00eddrica marcaron la participaci\u00f3n de INIA en Expo Chile Agr\u00edcola 2021 - Mundoagropecuario\",\"isPartOf\":{\"@id\":\"https:\/\/www.mundoagropecuario.cl\/new\/#website\"},\"primaryImageOfPage\":{\"@id\":\"https:\/\/www.mundoagropecuario.cl\/new\/mitigacion-y-eficiencia-hidrica-marcaron-la-participacion-de-inia-en-expo-chile-agricola-2021\/#primaryimage\"},\"image\":{\"@id\":\"https:\/\/www.mundoagropecuario.cl\/new\/mitigacion-y-eficiencia-hidrica-marcaron-la-participacion-de-inia-en-expo-chile-agricola-2021\/#primaryimage\"},\"thumbnailUrl\":\"https:\/\/www.mundoagropecuario.cl\/new\/wp-content\/uploads\/2021\/08\/FIRMA-CONVENIO-2.jpeg\",\"datePublished\":\"2021-08-25T14:18:00+00:00\",\"dateModified\":\"2021-08-26T14:50:54+00:00\",\"description\":\"Exposiciones sobre alternativas de cultivo hidrop\u00f3nico, cosecha con agua lluvia y apicultura, fueron parte de la participaci\u00f3n de INIA\",\"breadcrumb\":{\"@id\":\"https:\/\/www.mundoagropecuario.cl\/new\/mitigacion-y-eficiencia-hidrica-marcaron-la-participacion-de-inia-en-expo-chile-agricola-2021\/#breadcrumb\"},\"inLanguage\":\"es\",\"potentialAction\":[{\"@type\":\"ReadAction\",\"target\":[\"https:\/\/www.mundoagropecuario.cl\/new\/mitigacion-y-eficiencia-hidrica-marcaron-la-participacion-de-inia-en-expo-chile-agricola-2021\/\"]}]},{\"@type\":\"ImageObject\",\"inLanguage\":\"es\",\"@id\":\"https:\/\/www.mundoagropecuario.cl\/new\/mitigacion-y-eficiencia-hidrica-marcaron-la-participacion-de-inia-en-expo-chile-agricola-2021\/#primaryimage\",\"url\":\"https:\/\/www.mundoagropecuario.cl\/new\/wp-content\/uploads\/2021\/08\/FIRMA-CONVENIO-2.jpeg\",\"contentUrl\":\"https:\/\/www.mundoagropecuario.cl\/new\/wp-content\/uploads\/2021\/08\/FIRMA-CONVENIO-2.jpeg\",\"width\":598,\"height\":400},{\"@type\":\"BreadcrumbList\",\"@id\":\"https:\/\/www.mundoagropecuario.cl\/new\/mitigacion-y-eficiencia-hidrica-marcaron-la-participacion-de-inia-en-expo-chile-agricola-2021\/#breadcrumb\",\"itemListElement\":[{\"@type\":\"ListItem\",\"position\":1,\"name\":\"Portada\",\"item\":\"https:\/\/www.mundoagropecuario.cl\/new\/\"},{\"@type\":\"ListItem\",\"position\":2,\"name\":\"Mitigaci\u00f3n y eficiencia h\u00eddrica marcaron la participaci\u00f3n de INIA en Expo Chile Agr\u00edcola 2021\"}]},{\"@type\":\"WebSite\",\"@id\":\"https:\/\/www.mundoagropecuario.cl\/new\/#website\",\"url\":\"https:\/\/www.mundoagropecuario.cl\/new\/\",\"name\":\"Mundoagropecuario\",\"description\":\"Mundo Agropecuario\",\"publisher\":{\"@id\":\"https:\/\/www.mundoagropecuario.cl\/new\/#organization\"},\"potentialAction\":[{\"@type\":\"SearchAction\",\"target\":{\"@type\":\"EntryPoint\",\"urlTemplate\":\"https:\/\/www.mundoagropecuario.cl\/new\/?s={search_term_string}\"},\"query-input\":{\"@type\":\"PropertyValueSpecification\",\"valueRequired\":true,\"valueName\":\"search_term_string\"}}],\"inLanguage\":\"es\"},{\"@type\":\"Organization\",\"@id\":\"https:\/\/www.mundoagropecuario.cl\/new\/#organization\",\"name\":\"Revista de Agricultura\",\"url\":\"https:\/\/www.mundoagropecuario.cl\/new\/\",\"logo\":{\"@type\":\"ImageObject\",\"inLanguage\":\"es\",\"@id\":\"https:\/\/www.mundoagropecuario.cl\/new\/#\/schema\/logo\/image\/\",\"url\":\"https:\/\/www.mundoagropecuario.cl\/new\/wp-content\/uploads\/2020\/11\/PORTAL-1-1.png\",\"contentUrl\":\"https:\/\/www.mundoagropecuario.cl\/new\/wp-content\/uploads\/2020\/11\/PORTAL-1-1.png\",\"width\":1026,\"height\":100,\"caption\":\"Revista de Agricultura\"},\"image\":{\"@id\":\"https:\/\/www.mundoagropecuario.cl\/new\/#\/schema\/logo\/image\/\"},\"sameAs\":[\"https:\/\/www.facebook.com\/mundo.agropecuario.3\",\"https:\/\/x.com\/MundoAgropecuar\",\"https:\/\/www.linkedin.com\/in\/mundo-agropecuario-934009201\/\"]},{\"@type\":\"Person\",\"@id\":\"https:\/\/www.mundoagropecuario.cl\/new\/#\/schema\/person\/4e9f74a82a7dac260eb1c44b7eebeb18\",\"name\":\"mundo\",\"url\":\"https:\/\/www.mundoagropecuario.cl\/new\/author\/mundo\/\"}]}<\/script>\n<!-- \/ Yoast SEO plugin. -->","yoast_head_json":{"title":"Mitigaci\u00f3n y eficiencia h\u00eddrica marcaron la participaci\u00f3n de INIA en Expo Chile Agr\u00edcola 2021 - Mundoagropecuario","description":"Exposiciones sobre alternativas de cultivo hidrop\u00f3nico, cosecha con agua lluvia y apicultura, fueron parte de la participaci\u00f3n de INIA","robots":{"index":"index","follow":"follow","max-snippet":"max-snippet:-1","max-image-preview":"max-image-preview:large","max-video-preview":"max-video-preview:-1"},"canonical":"https:\/\/www.mundoagropecuario.cl\/new\/mitigacion-y-eficiencia-hidrica-marcaron-la-participacion-de-inia-en-expo-chile-agricola-2021\/","og_locale":"es_ES","og_type":"article","og_title":"Mitigaci\u00f3n y eficiencia h\u00eddrica marcaron la participaci\u00f3n de INIA en Expo Chile Agr\u00edcola 2021 - Mundoagropecuario","og_description":"Exposiciones sobre alternativas de cultivo hidrop\u00f3nico, cosecha con agua lluvia y apicultura, fueron parte de la participaci\u00f3n de INIA","og_url":"https:\/\/www.mundoagropecuario.cl\/new\/mitigacion-y-eficiencia-hidrica-marcaron-la-participacion-de-inia-en-expo-chile-agricola-2021\/","og_site_name":"Mundoagropecuario","article_publisher":"https:\/\/www.facebook.com\/mundo.agropecuario.3","article_published_time":"2021-08-25T14:18:00+00:00","article_modified_time":"2021-08-26T14:50:54+00:00","og_image":[{"width":640,"height":428,"url":"https:\/\/www.mundoagropecuario.cl\/new\/wp-content\/uploads\/2021\/08\/FIRMA-CONVENIO-2.jpeg","type":"image\/jpeg"}],"author":"mundo","twitter_card":"summary_large_image","twitter_creator":"@MundoAgropecuar","twitter_site":"@MundoAgropecuar","twitter_misc":{"Escrito por":"mundo","Tiempo de lectura":"3 minutos"},"schema":{"@context":"https:\/\/schema.org","@graph":[{"@type":"Article","@id":"https:\/\/www.mundoagropecuario.cl\/new\/mitigacion-y-eficiencia-hidrica-marcaron-la-participacion-de-inia-en-expo-chile-agricola-2021\/#article","isPartOf":{"@id":"https:\/\/www.mundoagropecuario.cl\/new\/mitigacion-y-eficiencia-hidrica-marcaron-la-participacion-de-inia-en-expo-chile-agricola-2021\/"},"author":{"name":"mundo","@id":"https:\/\/www.mundoagropecuario.cl\/new\/#\/schema\/person\/4e9f74a82a7dac260eb1c44b7eebeb18"},"headline":"Mitigaci\u00f3n y eficiencia h\u00eddrica marcaron la participaci\u00f3n de INIA en Expo Chile Agr\u00edcola 2021","datePublished":"2021-08-25T14:18:00+00:00","dateModified":"2021-08-26T14:50:54+00:00","mainEntityOfPage":{"@id":"https:\/\/www.mundoagropecuario.cl\/new\/mitigacion-y-eficiencia-hidrica-marcaron-la-participacion-de-inia-en-expo-chile-agricola-2021\/"},"wordCount":519,"publisher":{"@id":"https:\/\/www.mundoagropecuario.cl\/new\/#organization"},"image":{"@id":"https:\/\/www.mundoagropecuario.cl\/new\/mitigacion-y-eficiencia-hidrica-marcaron-la-participacion-de-inia-en-expo-chile-agricola-2021\/#primaryimage"},"thumbnailUrl":"https:\/\/www.mundoagropecuario.cl\/new\/wp-content\/uploads\/2021\/08\/FIRMA-CONVENIO-2.jpeg","keywords":["Agrio","Cristi\u00e1n Balbont\u00edn","Expo Chile Agr\u00edcola 2021","INIA","INIA Quilamapu","La ministra Undurraga","Minagri"],"articleSection":["Agricultura"],"inLanguage":"es"},{"@type":"WebPage","@id":"https:\/\/www.mundoagropecuario.cl\/new\/mitigacion-y-eficiencia-hidrica-marcaron-la-participacion-de-inia-en-expo-chile-agricola-2021\/","url":"https:\/\/www.mundoagropecuario.cl\/new\/mitigacion-y-eficiencia-hidrica-marcaron-la-participacion-de-inia-en-expo-chile-agricola-2021\/","name":"Mitigaci\u00f3n y eficiencia h\u00eddrica marcaron la participaci\u00f3n de INIA en Expo Chile Agr\u00edcola 2021 - Mundoagropecuario","isPartOf":{"@id":"https:\/\/www.mundoagropecuario.cl\/new\/#website"},"primaryImageOfPage":{"@id":"https:\/\/www.mundoagropecuario.cl\/new\/mitigacion-y-eficiencia-hidrica-marcaron-la-participacion-de-inia-en-expo-chile-agricola-2021\/#primaryimage"},"image":{"@id":"https:\/\/www.mundoagropecuario.cl\/new\/mitigacion-y-eficiencia-hidrica-marcaron-la-participacion-de-inia-en-expo-chile-agricola-2021\/#primaryimage"},"thumbnailUrl":"https:\/\/www.mundoagropecuario.cl\/new\/wp-content\/uploads\/2021\/08\/FIRMA-CONVENIO-2.jpeg","datePublished":"2021-08-25T14:18:00+00:00","dateModified":"2021-08-26T14:50:54+00:00","description":"Exposiciones sobre alternativas de cultivo hidrop\u00f3nico, cosecha con agua lluvia y apicultura, fueron parte de la participaci\u00f3n de INIA","breadcrumb":{"@id":"https:\/\/www.mundoagropecuario.cl\/new\/mitigacion-y-eficiencia-hidrica-marcaron-la-participacion-de-inia-en-expo-chile-agricola-2021\/#breadcrumb"},"inLanguage":"es","potentialAction":[{"@type":"ReadAction","target":["https:\/\/www.mundoagropecuario.cl\/new\/mitigacion-y-eficiencia-hidrica-marcaron-la-participacion-de-inia-en-expo-chile-agricola-2021\/"]}]},{"@type":"ImageObject","inLanguage":"es","@id":"https:\/\/www.mundoagropecuario.cl\/new\/mitigacion-y-eficiencia-hidrica-marcaron-la-participacion-de-inia-en-expo-chile-agricola-2021\/#primaryimage","url":"https:\/\/www.mundoagropecuario.cl\/new\/wp-content\/uploads\/2021\/08\/FIRMA-CONVENIO-2.jpeg","contentUrl":"https:\/\/www.mundoagropecuario.cl\/new\/wp-content\/uploads\/2021\/08\/FIRMA-CONVENIO-2.jpeg","width":598,"height":400},{"@type":"BreadcrumbList","@id":"https:\/\/www.mundoagropecuario.cl\/new\/mitigacion-y-eficiencia-hidrica-marcaron-la-participacion-de-inia-en-expo-chile-agricola-2021\/#breadcrumb","itemListElement":[{"@type":"ListItem","position":1,"name":"Portada","item":"https:\/\/www.mundoagropecuario.cl\/new\/"},{"@type":"ListItem","position":2,"name":"Mitigaci\u00f3n y eficiencia h\u00eddrica marcaron la participaci\u00f3n de INIA en Expo Chile Agr\u00edcola 2021"}]},{"@type":"WebSite","@id":"https:\/\/www.mundoagropecuario.cl\/new\/#website","url":"https:\/\/www.mundoagropecuario.cl\/new\/","name":"Mundoagropecuario","description":"Mundo Agropecuario","publisher":{"@id":"https:\/\/www.mundoagropecuario.cl\/new\/#organization"},"potentialAction":[{"@type":"SearchAction","target":{"@type":"EntryPoint","urlTemplate":"https:\/\/www.mundoagropecuario.cl\/new\/?s={search_term_string}"},"query-input":{"@type":"PropertyValueSpecification","valueRequired":true,"valueName":"search_term_string"}}],"inLanguage":"es"},{"@type":"Organization","@id":"https:\/\/www.mundoagropecuario.cl\/new\/#organization","name":"Revista de Agricultura","url":"https:\/\/www.mundoagropecuario.cl\/new\/","logo":{"@type":"ImageObject","inLanguage":"es","@id":"https:\/\/www.mundoagropecuario.cl\/new\/#\/schema\/logo\/image\/","url":"https:\/\/www.mundoagropecuario.cl\/new\/wp-content\/uploads\/2020\/11\/PORTAL-1-1.png","contentUrl":"https:\/\/www.mundoagropecuario.cl\/new\/wp-content\/uploads\/2020\/11\/PORTAL-1-1.png","width":1026,"height":100,"caption":"Revista de Agricultura"},"image":{"@id":"https:\/\/www.mundoagropecuario.cl\/new\/#\/schema\/logo\/image\/"},"sameAs":["https:\/\/www.facebook.com\/mundo.agropecuario.3","https:\/\/x.com\/MundoAgropecuar","https:\/\/www.linkedin.com\/in\/mundo-agropecuario-934009201\/"]},{"@type":"Person","@id":"https:\/\/www.mundoagropecuario.cl\/new\/#\/schema\/person\/4e9f74a82a7dac260eb1c44b7eebeb18","name":"mundo","url":"https:\/\/www.mundoagropecuario.cl\/new\/author\/mundo\/"}]}},"_links":{"self":[{"href":"https:\/\/www.mundoagropecuario.cl\/new\/wp-json\/wp\/v2\/posts\/20079","targetHints":{"allow":["GET"]}}],"collection":[{"href":"https:\/\/www.mundoagropecuario.cl\/new\/wp-json\/wp\/v2\/posts"}],"about":[{"href":"https:\/\/www.mundoagropecuario.cl\/new\/wp-json\/wp\/v2\/types\/post"}],"author":[{"embeddable":true,"href":"https:\/\/www.mundoagropecuario.cl\/new\/wp-json\/wp\/v2\/users\/2"}],"replies":[{"embeddable":true,"href":"https:\/\/www.mundoagropecuario.cl\/new\/wp-json\/wp\/v2\/comments?post=20079"}],"version-history":[{"count":1,"href":"https:\/\/www.mundoagropecuario.cl\/new\/wp-json\/wp\/v2\/posts\/20079\/revisions"}],"predecessor-version":[{"id":20083,"href":"https:\/\/www.mundoagropecuario.cl\/new\/wp-json\/wp\/v2\/posts\/20079\/revisions\/20083"}],"wp:featuredmedia":[{"embeddable":true,"href":"https:\/\/www.mundoagropecuario.cl\/new\/wp-json\/wp\/v2\/media\/20080"}],"wp:attachment":[{"href":"https:\/\/www.mundoagropecuario.cl\/new\/wp-json\/wp\/v2\/media?parent=20079"}],"wp:term":[{"taxonomy":"category","embeddable":true,"href":"https:\/\/www.mundoagropecuario.cl\/new\/wp-json\/wp\/v2\/categories?post=20079"},{"taxonomy":"post_tag","embeddable":true,"href":"https:\/\/www.mundoagropecuario.cl\/new\/wp-json\/wp\/v2\/tags?post=20079"}],"curies":[{"name":"wp","href":"https:\/\/api.w.org\/{rel}","templated":true}]}}