{"id":20068,"date":"2021-08-24T12:22:04","date_gmt":"2021-08-24T15:22:04","guid":{"rendered":"https:\/\/www.mundoagropecuario.cl\/new\/?p=20068"},"modified":"2021-08-25T13:38:46","modified_gmt":"2021-08-25T16:38:46","slug":"alumnas-udd-crean-imagen-para-dia-del-vino-2021","status":"publish","type":"post","link":"https:\/\/www.mundoagropecuario.cl\/new\/alumnas-udd-crean-imagen-para-dia-del-vino-2021\/","title":{"rendered":"Alumnas UDD crean imagen para D\u00eda del Vino 2021"},"content":{"rendered":"<blockquote>\n<h2><span style=\"color: #800080;\">Una alianza entre la Facultad de Dise\u00f1o de la Universidad del Desarrollo y Vinos de Chile permiti\u00f3 a docentes y expertos guiar a las alumnas de Dise\u00f1o en la elaboraci\u00f3n de la imagen del D\u00eda Nacional del Vino 2021.<\/span><\/h2>\n<\/blockquote>\n<p>Este 04 de septiembre se celebra el D\u00eda Nacional del Vino, instancia que reconoce la importancia hist\u00f3rica del vino en nuestro pa\u00eds y que busca recordar su aporte cultural y econ\u00f3mico, adem\u00e1s de su importancia como embajador de Chile en el mundo. Si bien habr\u00e1 restricciones producto de la pandemia, diversas vi\u00f1as contar\u00e1n con actividades y promociones respetando las medidas sanitarias.<\/p>\n<p><a href=\"https:\/\/www.mundoagropecuario.cl\/new\/wp-content\/uploads\/2021\/08\/Di\u0301aDelVino_Walpaper.jpg\"><img loading=\"lazy\" decoding=\"async\" class=\"size-medium wp-image-20069 alignright\" src=\"https:\/\/www.mundoagropecuario.cl\/new\/wp-content\/uploads\/2021\/08\/Di\u0301aDelVino_Walpaper-386x490.jpg\" alt=\"\" width=\"386\" height=\"490\" srcset=\"https:\/\/www.mundoagropecuario.cl\/new\/wp-content\/uploads\/2021\/08\/Di\u0301aDelVino_Walpaper-386x490.jpg 386w, https:\/\/www.mundoagropecuario.cl\/new\/wp-content\/uploads\/2021\/08\/Di\u0301aDelVino_Walpaper.jpg 315w\" sizes=\"auto, (max-width: 386px) 100vw, 386px\" \/><\/a> Para esta edici\u00f3n del D\u00eda del Vino 2021, Vinos de Chile, junto a alumnas de la Universidad del Desarrollo (UDD) trabajaron conjuntamente para dise\u00f1ar la imagen oficial de la celebraci\u00f3n, que rinde homenaje y reconoce el valor patrimonial, social y cultural del vino chileno. La iniciativa se realiz\u00f3 bajo el alero del Programa RED de la Facultad de dise\u00f1o de la UDD, el que busca vincular a las alumnas y alumnos con organizaciones p\u00fablicas y privadas para fomentar el aprendizaje en contextos reales.<\/p>\n<p>\u201cLos estudiantes de la menci\u00f3n Dise\u00f1o Gr\u00e1fico desarrollaron al m\u00e1ximo sus habilidades creativas, trabajo en equipo y pensamiento cr\u00edtico, que fueron plasmadas en propuestas que contribuir\u00e1n a visibilizar todav\u00eda m\u00e1s nuestro sector vitivin\u00edcola. Es un orgullo ver los resultados, as\u00ed como haber colaborado con Vinos de Chile\u201d, se\u00f1al\u00f3 Alejandra Amen\u00e1bar, Decano de la Facultad de Dise\u00f1o Universidad del Desarrollo.<\/p>\n<p>Los trabajos se evaluaron en base a una variedad de criterios; originalidad, creatividad de la propuesta, nivel de innovaci\u00f3n y experimentaci\u00f3n, factibilidad de implementaci\u00f3n y la calidad general de la entrega. Debido a la excelente calidad de los proyectos presentados por las alumnas, el jurado seleccion\u00f3 a dos ganadoras: Agustina Borgeat y Amani Pichara.<\/p>\n<p>&#8220;Me gust\u00f3 mucho hacer este proyecto. Cuando se nos entreg\u00f3 la informaci\u00f3n, me hizo mucho sentido traspasar a los chilenos de mi edad la tradici\u00f3n del vino, ya que tenemos la suerte de vivir en un pa\u00eds productor de este, y es por eso que llev\u00e9 el mundo del vino hacia la cultura juvenil&#8221;, se\u00f1al\u00f3 Agustina Borgeat. Mientras que Amani Pichara, expres\u00f3 que \u201cparticipar en un concurso siempre es algo emocionante, y esta no fue la excepci\u00f3n. M\u00e1s a\u00fan cuando se trata de un desaf\u00edo sobre temas que uno no tiene todo el conocimiento\u201d.<\/p>\n<p><a href=\"https:\/\/www.mundoagropecuario.cl\/new\/wp-content\/uploads\/2021\/08\/AficheDi\u0301aDelVino_.jpg\"><img loading=\"lazy\" decoding=\"async\" class=\" wp-image-20070 alignleft\" src=\"https:\/\/www.mundoagropecuario.cl\/new\/wp-content\/uploads\/2021\/08\/AficheDi\u0301aDelVino_-350x490.jpg\" alt=\"\" width=\"335\" height=\"429\" \/><\/a>La directora comercial de Vinos de Chile, Ang\u00e9lica Valenzuela, relat\u00f3 que casualmente trabajaron con un grupo de 20 alumnas, todas mujeres. \u201cEsto nos entreg\u00f3 una mirada joven y propuestas incre\u00edbles, creativas, con visi\u00f3n moderna y libre de prejuicios, donde rendimos un homenaje al vino, que ha estado desde siempre en nuestra memoria colectiva\u201d, agreg\u00f3 Valenzuela.<\/p>\n<p><strong><span style=\"color: #800080;\">Actividades de Celebraci\u00f3n<\/span><\/strong><\/p>\n<p>Las vi\u00f1as que est\u00e9n en comunas en fase de apertura estar\u00e1n recibiendo p\u00fablico para tours gratuitos, degustaciones con descuentos y experiencias con todas las medidas necesarias. Adem\u00e1s, como todos los a\u00f1os para el D\u00eda del Vino, habr\u00e1 ventas especiales y promociones a trav\u00e9s de los distintos canales de venta de las vi\u00f1as, especialmente el online.<\/p>\n<p>\u201cQueremos invitar a todos los chilenos a celebrar el D\u00eda del Vino y apoyar a los restaurantes e industria gastron\u00f3mica, que han estado muy golpeados estos \u00faltimos a\u00f1os, que no han sido f\u00e1ciles\u201d, exclam\u00f3 Ang\u00e9lica Valenzuela, directora comercial de Vinos de Chile.<\/p>\n","protected":false},"excerpt":{"rendered":"<p>Este 04 de septiembre se celebra el D\u00eda Nacional del Vino, instancia que reconoce la importancia hist\u00f3rica del vino en nuestro pa\u00eds y que busca recordar su aporte cultural y econ\u00f3mico, adem\u00e1s de su importancia como embajador de Chile en el mundo.<\/p>\n","protected":false},"author":2,"featured_media":7497,"comment_status":"closed","ping_status":"closed","sticky":false,"template":"","format":"standard","meta":{"footnotes":""},"categories":[1952],"tags":[2090,6185,6189,2397,6186,6188,6187,2207],"class_list":["post-20068","post","type-post","status-publish","format-standard","has-post-thumbnail","hentry","category-educacion","tag-agricultura","tag-alumnas-udd","tag-angelica-valenzuela","tag-dia-del-vino","tag-dia-del-vino-2021","tag-directora-comercial-de-vinos-de-chile","tag-universidad-del-desarrollo","tag-vino"],"yoast_head":"<!-- This site is optimized with the Yoast SEO plugin v26.6 - https:\/\/yoast.com\/wordpress\/plugins\/seo\/ -->\n<title>Alumnas UDD crean imagen para D\u00eda del Vino 2021 - Mundoagropecuario<\/title>\n<meta name=\"description\" content=\"Este 04 de septiembre se celebra el D\u00eda Nacional del Vino, instancia que reconoce la importancia hist\u00f3rica del vino en nuestro pa\u00eds\" \/>\n<meta name=\"robots\" content=\"index, follow, max-snippet:-1, max-image-preview:large, max-video-preview:-1\" \/>\n<link rel=\"canonical\" href=\"https:\/\/www.mundoagropecuario.cl\/new\/alumnas-udd-crean-imagen-para-dia-del-vino-2021\/\" \/>\n<meta property=\"og:locale\" content=\"es_ES\" \/>\n<meta property=\"og:type\" content=\"article\" \/>\n<meta property=\"og:title\" content=\"Alumnas UDD crean imagen para D\u00eda del Vino 2021 - Mundoagropecuario\" \/>\n<meta property=\"og:description\" content=\"Este 04 de septiembre se celebra el D\u00eda Nacional del Vino, instancia que reconoce la importancia hist\u00f3rica del vino en nuestro pa\u00eds\" \/>\n<meta property=\"og:url\" content=\"https:\/\/www.mundoagropecuario.cl\/new\/alumnas-udd-crean-imagen-para-dia-del-vino-2021\/\" \/>\n<meta property=\"og:site_name\" content=\"Mundoagropecuario\" \/>\n<meta property=\"article:publisher\" content=\"https:\/\/www.facebook.com\/mundo.agropecuario.3\" \/>\n<meta property=\"article:published_time\" content=\"2021-08-24T15:22:04+00:00\" \/>\n<meta property=\"article:modified_time\" content=\"2021-08-25T16:38:46+00:00\" \/>\n<meta property=\"og:image\" content=\"https:\/\/www.mundoagropecuario.cl\/new\/wp-content\/uploads\/2018\/07\/vinos.jpg\" \/>\n\t<meta property=\"og:image:width\" content=\"900\" \/>\n\t<meta property=\"og:image:height\" content=\"600\" \/>\n\t<meta property=\"og:image:type\" content=\"image\/jpeg\" \/>\n<meta name=\"author\" content=\"mundo\" \/>\n<meta name=\"twitter:card\" content=\"summary_large_image\" \/>\n<meta name=\"twitter:creator\" content=\"@MundoAgropecuar\" \/>\n<meta name=\"twitter:site\" content=\"@MundoAgropecuar\" \/>\n<meta name=\"twitter:label1\" content=\"Escrito por\" \/>\n\t<meta name=\"twitter:data1\" content=\"mundo\" \/>\n\t<meta name=\"twitter:label2\" content=\"Tiempo de lectura\" \/>\n\t<meta name=\"twitter:data2\" content=\"3 minutos\" \/>\n<script type=\"application\/ld+json\" class=\"yoast-schema-graph\">{\"@context\":\"https:\/\/schema.org\",\"@graph\":[{\"@type\":\"Article\",\"@id\":\"https:\/\/www.mundoagropecuario.cl\/new\/alumnas-udd-crean-imagen-para-dia-del-vino-2021\/#article\",\"isPartOf\":{\"@id\":\"https:\/\/www.mundoagropecuario.cl\/new\/alumnas-udd-crean-imagen-para-dia-del-vino-2021\/\"},\"author\":{\"name\":\"mundo\",\"@id\":\"https:\/\/www.mundoagropecuario.cl\/new\/#\/schema\/person\/4e9f74a82a7dac260eb1c44b7eebeb18\"},\"headline\":\"Alumnas UDD crean imagen para D\u00eda del Vino 2021\",\"datePublished\":\"2021-08-24T15:22:04+00:00\",\"dateModified\":\"2021-08-25T16:38:46+00:00\",\"mainEntityOfPage\":{\"@id\":\"https:\/\/www.mundoagropecuario.cl\/new\/alumnas-udd-crean-imagen-para-dia-del-vino-2021\/\"},\"wordCount\":608,\"publisher\":{\"@id\":\"https:\/\/www.mundoagropecuario.cl\/new\/#organization\"},\"image\":{\"@id\":\"https:\/\/www.mundoagropecuario.cl\/new\/alumnas-udd-crean-imagen-para-dia-del-vino-2021\/#primaryimage\"},\"thumbnailUrl\":\"https:\/\/www.mundoagropecuario.cl\/new\/wp-content\/uploads\/2018\/07\/vinos.jpg\",\"keywords\":[\"Agricultura\",\"Alumnas UDD\",\"Ang\u00e9lica Valenzuela\",\"D{ia del Vino\",\"D\u00eda del Vino 2021\",\"directora comercial de Vinos de Chile\",\"Universidad del Desarrollo.\",\"Vino\"],\"articleSection\":[\"Educaci\u00f3n\"],\"inLanguage\":\"es\"},{\"@type\":\"WebPage\",\"@id\":\"https:\/\/www.mundoagropecuario.cl\/new\/alumnas-udd-crean-imagen-para-dia-del-vino-2021\/\",\"url\":\"https:\/\/www.mundoagropecuario.cl\/new\/alumnas-udd-crean-imagen-para-dia-del-vino-2021\/\",\"name\":\"Alumnas UDD crean imagen para D\u00eda del Vino 2021 - Mundoagropecuario\",\"isPartOf\":{\"@id\":\"https:\/\/www.mundoagropecuario.cl\/new\/#website\"},\"primaryImageOfPage\":{\"@id\":\"https:\/\/www.mundoagropecuario.cl\/new\/alumnas-udd-crean-imagen-para-dia-del-vino-2021\/#primaryimage\"},\"image\":{\"@id\":\"https:\/\/www.mundoagropecuario.cl\/new\/alumnas-udd-crean-imagen-para-dia-del-vino-2021\/#primaryimage\"},\"thumbnailUrl\":\"https:\/\/www.mundoagropecuario.cl\/new\/wp-content\/uploads\/2018\/07\/vinos.jpg\",\"datePublished\":\"2021-08-24T15:22:04+00:00\",\"dateModified\":\"2021-08-25T16:38:46+00:00\",\"description\":\"Este 04 de septiembre se celebra el D\u00eda Nacional del Vino, instancia que reconoce la importancia hist\u00f3rica del vino en nuestro pa\u00eds\",\"breadcrumb\":{\"@id\":\"https:\/\/www.mundoagropecuario.cl\/new\/alumnas-udd-crean-imagen-para-dia-del-vino-2021\/#breadcrumb\"},\"inLanguage\":\"es\",\"potentialAction\":[{\"@type\":\"ReadAction\",\"target\":[\"https:\/\/www.mundoagropecuario.cl\/new\/alumnas-udd-crean-imagen-para-dia-del-vino-2021\/\"]}]},{\"@type\":\"ImageObject\",\"inLanguage\":\"es\",\"@id\":\"https:\/\/www.mundoagropecuario.cl\/new\/alumnas-udd-crean-imagen-para-dia-del-vino-2021\/#primaryimage\",\"url\":\"https:\/\/www.mundoagropecuario.cl\/new\/wp-content\/uploads\/2018\/07\/vinos.jpg\",\"contentUrl\":\"https:\/\/www.mundoagropecuario.cl\/new\/wp-content\/uploads\/2018\/07\/vinos.jpg\",\"width\":600,\"height\":400},{\"@type\":\"BreadcrumbList\",\"@id\":\"https:\/\/www.mundoagropecuario.cl\/new\/alumnas-udd-crean-imagen-para-dia-del-vino-2021\/#breadcrumb\",\"itemListElement\":[{\"@type\":\"ListItem\",\"position\":1,\"name\":\"Portada\",\"item\":\"https:\/\/www.mundoagropecuario.cl\/new\/\"},{\"@type\":\"ListItem\",\"position\":2,\"name\":\"Alumnas UDD crean imagen para D\u00eda del Vino 2021\"}]},{\"@type\":\"WebSite\",\"@id\":\"https:\/\/www.mundoagropecuario.cl\/new\/#website\",\"url\":\"https:\/\/www.mundoagropecuario.cl\/new\/\",\"name\":\"Mundoagropecuario\",\"description\":\"Mundo Agropecuario\",\"publisher\":{\"@id\":\"https:\/\/www.mundoagropecuario.cl\/new\/#organization\"},\"potentialAction\":[{\"@type\":\"SearchAction\",\"target\":{\"@type\":\"EntryPoint\",\"urlTemplate\":\"https:\/\/www.mundoagropecuario.cl\/new\/?s={search_term_string}\"},\"query-input\":{\"@type\":\"PropertyValueSpecification\",\"valueRequired\":true,\"valueName\":\"search_term_string\"}}],\"inLanguage\":\"es\"},{\"@type\":\"Organization\",\"@id\":\"https:\/\/www.mundoagropecuario.cl\/new\/#organization\",\"name\":\"Revista de Agricultura\",\"url\":\"https:\/\/www.mundoagropecuario.cl\/new\/\",\"logo\":{\"@type\":\"ImageObject\",\"inLanguage\":\"es\",\"@id\":\"https:\/\/www.mundoagropecuario.cl\/new\/#\/schema\/logo\/image\/\",\"url\":\"https:\/\/www.mundoagropecuario.cl\/new\/wp-content\/uploads\/2020\/11\/PORTAL-1-1.png\",\"contentUrl\":\"https:\/\/www.mundoagropecuario.cl\/new\/wp-content\/uploads\/2020\/11\/PORTAL-1-1.png\",\"width\":1026,\"height\":100,\"caption\":\"Revista de Agricultura\"},\"image\":{\"@id\":\"https:\/\/www.mundoagropecuario.cl\/new\/#\/schema\/logo\/image\/\"},\"sameAs\":[\"https:\/\/www.facebook.com\/mundo.agropecuario.3\",\"https:\/\/x.com\/MundoAgropecuar\",\"https:\/\/www.linkedin.com\/in\/mundo-agropecuario-934009201\/\"]},{\"@type\":\"Person\",\"@id\":\"https:\/\/www.mundoagropecuario.cl\/new\/#\/schema\/person\/4e9f74a82a7dac260eb1c44b7eebeb18\",\"name\":\"mundo\",\"url\":\"https:\/\/www.mundoagropecuario.cl\/new\/author\/mundo\/\"}]}<\/script>\n<!-- \/ Yoast SEO plugin. -->","yoast_head_json":{"title":"Alumnas UDD crean imagen para D\u00eda del Vino 2021 - Mundoagropecuario","description":"Este 04 de septiembre se celebra el D\u00eda Nacional del Vino, instancia que reconoce la importancia hist\u00f3rica del vino en nuestro pa\u00eds","robots":{"index":"index","follow":"follow","max-snippet":"max-snippet:-1","max-image-preview":"max-image-preview:large","max-video-preview":"max-video-preview:-1"},"canonical":"https:\/\/www.mundoagropecuario.cl\/new\/alumnas-udd-crean-imagen-para-dia-del-vino-2021\/","og_locale":"es_ES","og_type":"article","og_title":"Alumnas UDD crean imagen para D\u00eda del Vino 2021 - Mundoagropecuario","og_description":"Este 04 de septiembre se celebra el D\u00eda Nacional del Vino, instancia que reconoce la importancia hist\u00f3rica del vino en nuestro pa\u00eds","og_url":"https:\/\/www.mundoagropecuario.cl\/new\/alumnas-udd-crean-imagen-para-dia-del-vino-2021\/","og_site_name":"Mundoagropecuario","article_publisher":"https:\/\/www.facebook.com\/mundo.agropecuario.3","article_published_time":"2021-08-24T15:22:04+00:00","article_modified_time":"2021-08-25T16:38:46+00:00","og_image":[{"width":900,"height":600,"url":"https:\/\/www.mundoagropecuario.cl\/new\/wp-content\/uploads\/2018\/07\/vinos.jpg","type":"image\/jpeg"}],"author":"mundo","twitter_card":"summary_large_image","twitter_creator":"@MundoAgropecuar","twitter_site":"@MundoAgropecuar","twitter_misc":{"Escrito por":"mundo","Tiempo de lectura":"3 minutos"},"schema":{"@context":"https:\/\/schema.org","@graph":[{"@type":"Article","@id":"https:\/\/www.mundoagropecuario.cl\/new\/alumnas-udd-crean-imagen-para-dia-del-vino-2021\/#article","isPartOf":{"@id":"https:\/\/www.mundoagropecuario.cl\/new\/alumnas-udd-crean-imagen-para-dia-del-vino-2021\/"},"author":{"name":"mundo","@id":"https:\/\/www.mundoagropecuario.cl\/new\/#\/schema\/person\/4e9f74a82a7dac260eb1c44b7eebeb18"},"headline":"Alumnas UDD crean imagen para D\u00eda del Vino 2021","datePublished":"2021-08-24T15:22:04+00:00","dateModified":"2021-08-25T16:38:46+00:00","mainEntityOfPage":{"@id":"https:\/\/www.mundoagropecuario.cl\/new\/alumnas-udd-crean-imagen-para-dia-del-vino-2021\/"},"wordCount":608,"publisher":{"@id":"https:\/\/www.mundoagropecuario.cl\/new\/#organization"},"image":{"@id":"https:\/\/www.mundoagropecuario.cl\/new\/alumnas-udd-crean-imagen-para-dia-del-vino-2021\/#primaryimage"},"thumbnailUrl":"https:\/\/www.mundoagropecuario.cl\/new\/wp-content\/uploads\/2018\/07\/vinos.jpg","keywords":["Agricultura","Alumnas UDD","Ang\u00e9lica Valenzuela","D{ia del Vino","D\u00eda del Vino 2021","directora comercial de Vinos de Chile","Universidad del Desarrollo.","Vino"],"articleSection":["Educaci\u00f3n"],"inLanguage":"es"},{"@type":"WebPage","@id":"https:\/\/www.mundoagropecuario.cl\/new\/alumnas-udd-crean-imagen-para-dia-del-vino-2021\/","url":"https:\/\/www.mundoagropecuario.cl\/new\/alumnas-udd-crean-imagen-para-dia-del-vino-2021\/","name":"Alumnas UDD crean imagen para D\u00eda del Vino 2021 - Mundoagropecuario","isPartOf":{"@id":"https:\/\/www.mundoagropecuario.cl\/new\/#website"},"primaryImageOfPage":{"@id":"https:\/\/www.mundoagropecuario.cl\/new\/alumnas-udd-crean-imagen-para-dia-del-vino-2021\/#primaryimage"},"image":{"@id":"https:\/\/www.mundoagropecuario.cl\/new\/alumnas-udd-crean-imagen-para-dia-del-vino-2021\/#primaryimage"},"thumbnailUrl":"https:\/\/www.mundoagropecuario.cl\/new\/wp-content\/uploads\/2018\/07\/vinos.jpg","datePublished":"2021-08-24T15:22:04+00:00","dateModified":"2021-08-25T16:38:46+00:00","description":"Este 04 de septiembre se celebra el D\u00eda Nacional del Vino, instancia que reconoce la importancia hist\u00f3rica del vino en nuestro pa\u00eds","breadcrumb":{"@id":"https:\/\/www.mundoagropecuario.cl\/new\/alumnas-udd-crean-imagen-para-dia-del-vino-2021\/#breadcrumb"},"inLanguage":"es","potentialAction":[{"@type":"ReadAction","target":["https:\/\/www.mundoagropecuario.cl\/new\/alumnas-udd-crean-imagen-para-dia-del-vino-2021\/"]}]},{"@type":"ImageObject","inLanguage":"es","@id":"https:\/\/www.mundoagropecuario.cl\/new\/alumnas-udd-crean-imagen-para-dia-del-vino-2021\/#primaryimage","url":"https:\/\/www.mundoagropecuario.cl\/new\/wp-content\/uploads\/2018\/07\/vinos.jpg","contentUrl":"https:\/\/www.mundoagropecuario.cl\/new\/wp-content\/uploads\/2018\/07\/vinos.jpg","width":600,"height":400},{"@type":"BreadcrumbList","@id":"https:\/\/www.mundoagropecuario.cl\/new\/alumnas-udd-crean-imagen-para-dia-del-vino-2021\/#breadcrumb","itemListElement":[{"@type":"ListItem","position":1,"name":"Portada","item":"https:\/\/www.mundoagropecuario.cl\/new\/"},{"@type":"ListItem","position":2,"name":"Alumnas UDD crean imagen para D\u00eda del Vino 2021"}]},{"@type":"WebSite","@id":"https:\/\/www.mundoagropecuario.cl\/new\/#website","url":"https:\/\/www.mundoagropecuario.cl\/new\/","name":"Mundoagropecuario","description":"Mundo Agropecuario","publisher":{"@id":"https:\/\/www.mundoagropecuario.cl\/new\/#organization"},"potentialAction":[{"@type":"SearchAction","target":{"@type":"EntryPoint","urlTemplate":"https:\/\/www.mundoagropecuario.cl\/new\/?s={search_term_string}"},"query-input":{"@type":"PropertyValueSpecification","valueRequired":true,"valueName":"search_term_string"}}],"inLanguage":"es"},{"@type":"Organization","@id":"https:\/\/www.mundoagropecuario.cl\/new\/#organization","name":"Revista de Agricultura","url":"https:\/\/www.mundoagropecuario.cl\/new\/","logo":{"@type":"ImageObject","inLanguage":"es","@id":"https:\/\/www.mundoagropecuario.cl\/new\/#\/schema\/logo\/image\/","url":"https:\/\/www.mundoagropecuario.cl\/new\/wp-content\/uploads\/2020\/11\/PORTAL-1-1.png","contentUrl":"https:\/\/www.mundoagropecuario.cl\/new\/wp-content\/uploads\/2020\/11\/PORTAL-1-1.png","width":1026,"height":100,"caption":"Revista de Agricultura"},"image":{"@id":"https:\/\/www.mundoagropecuario.cl\/new\/#\/schema\/logo\/image\/"},"sameAs":["https:\/\/www.facebook.com\/mundo.agropecuario.3","https:\/\/x.com\/MundoAgropecuar","https:\/\/www.linkedin.com\/in\/mundo-agropecuario-934009201\/"]},{"@type":"Person","@id":"https:\/\/www.mundoagropecuario.cl\/new\/#\/schema\/person\/4e9f74a82a7dac260eb1c44b7eebeb18","name":"mundo","url":"https:\/\/www.mundoagropecuario.cl\/new\/author\/mundo\/"}]}},"_links":{"self":[{"href":"https:\/\/www.mundoagropecuario.cl\/new\/wp-json\/wp\/v2\/posts\/20068","targetHints":{"allow":["GET"]}}],"collection":[{"href":"https:\/\/www.mundoagropecuario.cl\/new\/wp-json\/wp\/v2\/posts"}],"about":[{"href":"https:\/\/www.mundoagropecuario.cl\/new\/wp-json\/wp\/v2\/types\/post"}],"author":[{"embeddable":true,"href":"https:\/\/www.mundoagropecuario.cl\/new\/wp-json\/wp\/v2\/users\/2"}],"replies":[{"embeddable":true,"href":"https:\/\/www.mundoagropecuario.cl\/new\/wp-json\/wp\/v2\/comments?post=20068"}],"version-history":[{"count":1,"href":"https:\/\/www.mundoagropecuario.cl\/new\/wp-json\/wp\/v2\/posts\/20068\/revisions"}],"predecessor-version":[{"id":20071,"href":"https:\/\/www.mundoagropecuario.cl\/new\/wp-json\/wp\/v2\/posts\/20068\/revisions\/20071"}],"wp:featuredmedia":[{"embeddable":true,"href":"https:\/\/www.mundoagropecuario.cl\/new\/wp-json\/wp\/v2\/media\/7497"}],"wp:attachment":[{"href":"https:\/\/www.mundoagropecuario.cl\/new\/wp-json\/wp\/v2\/media?parent=20068"}],"wp:term":[{"taxonomy":"category","embeddable":true,"href":"https:\/\/www.mundoagropecuario.cl\/new\/wp-json\/wp\/v2\/categories?post=20068"},{"taxonomy":"post_tag","embeddable":true,"href":"https:\/\/www.mundoagropecuario.cl\/new\/wp-json\/wp\/v2\/tags?post=20068"}],"curies":[{"name":"wp","href":"https:\/\/api.w.org\/{rel}","templated":true}]}}