{"id":20065,"date":"2021-08-24T12:05:18","date_gmt":"2021-08-24T15:05:18","guid":{"rendered":"https:\/\/www.mundoagropecuario.cl\/new\/?p=20065"},"modified":"2021-08-25T13:09:05","modified_gmt":"2021-08-25T16:09:05","slug":"monitoreo-y-gestion-de-recursos-hidricos-en-un-contexto-de-cambio-climatico","status":"publish","type":"post","link":"https:\/\/www.mundoagropecuario.cl\/new\/monitoreo-y-gestion-de-recursos-hidricos-en-un-contexto-de-cambio-climatico\/","title":{"rendered":"Monitoreo y gesti\u00f3n de recursos h\u00eddricos en un contexto de cambio clim\u00e1tico"},"content":{"rendered":"<blockquote>\n<h2><span style=\"color: #000000;\"><strong>Columna de opini\u00f3n: <\/strong>Dr. Sebasti\u00e1n A. Krogh, Acad\u00e9mico Departamento de Recursos H\u00eddricos,\u00a0Facultad de Ingenier\u00eda Agr\u00edcola Universidad de Concepci\u00f3n.<\/span><\/h2>\n<\/blockquote>\n<p>El impacto a largo plazo del cambio clim\u00e1tico en sectores productivos del pa\u00eds como el agr\u00edcola es incierto, y con esto la seguridad de la producci\u00f3n de alimentos del pa\u00eds. Con una temporada de verano cada vez m\u00e1s extensa y una oferta h\u00eddrica menor, existe un importante desaf\u00edo para asegurar el abastecimiento h\u00eddrico.<\/p>\n<p><a href=\"https:\/\/www.mundoagropecuario.cl\/new\/wp-content\/uploads\/2021\/08\/sebastian-krogh.png\"><img loading=\"lazy\" decoding=\"async\" class=\" wp-image-20066 alignright\" src=\"https:\/\/www.mundoagropecuario.cl\/new\/wp-content\/uploads\/2021\/08\/sebastian-krogh-575x490.png\" alt=\"\" width=\"509\" height=\"443\" \/><\/a>La sequ\u00eda que se ha acumulado por m\u00e1s de 10 a\u00f1os en Chile central ha puesto en evidencia la vulnerabilidad h\u00eddrica de varios sectores. Si bien el consumo dom\u00e9stico est\u00e1 pr\u00e1cticamente asegurado en las grandes ciudades, la oferta h\u00eddrica para sectores agr\u00edcolas e hidroel\u00e9ctricos se hace cada vez m\u00e1s incierta. Esto, a pesar de que las \u00faltimas lluvias han servido para disminuir &#8211; levemente- el d\u00e9ficit h\u00eddrico en la zona centro sur (por ejemplo, 43% de d\u00e9ficit en Chill\u00e1n a la fecha).<\/p>\n<p>Es clave para la oferta h\u00eddrica que una fracci\u00f3n importante de las precipitaciones se almacene en la alta monta\u00f1a formando el manto nival. Este manto act\u00faa como un embalse natural que alberga agua durante el invierno y entrega sus deshielos cuando \u00e9sta es m\u00e1s requerida en el periodo estival. Esta seguidilla de procesos, que ocurren de manera natural todos los a\u00f1os, se ven amenazados por el cambio clim\u00e1tico. Se prev\u00e9 que el cambio clim\u00e1tico generar\u00e1 una disminuci\u00f3n en las precipitaciones y un aumento de las temperaturas, disminuyendo la acumulaci\u00f3n de nieve y adelantando la temporada de deshielo. La pregunta entonces es \u00bfqu\u00e9 podemos hacer para disminuir el impacto de la vulnerabilidad hidrol\u00f3gica en la seguridad h\u00eddrica? Si bien este problema no posee una \u00fanica soluci\u00f3n, existe un \u00e1rea en donde Chile tiene un gran margen para mejorar.<\/p>\n<p>A pesar de la ya mencionada importancia de la acumulaci\u00f3n de nieves, hay una gran incertidumbre sobre cu\u00e1nta nieve se acumula durante el invierno y d\u00f3nde est\u00e1 acumulada. Esta informaci\u00f3n resulta esencial para mejorar los pron\u00f3sticos de caudales de verano, los cuales, a su vez, se necesitan para realizar una buena planificaci\u00f3n y gesti\u00f3n de recursos h\u00eddricos.<\/p>\n<p>En Chile existen instituciones y centros de investigaci\u00f3n monitoreando la acumulaci\u00f3n de nieve, pero estos son en muchos casos aislados y no pueden mantener una regularidad en el tiempo, adem\u00e1s de no poseer la cobertura espacial requerida por nuestra extensa y alta cordillera. Ser\u00eda deseable entonces que alguna instituci\u00f3n p\u00fablica, como la Direcci\u00f3n General de Aguas (DGA) o la Direcci\u00f3n Meteorol\u00f3gica de Chile (DMC), de manera centralizada, haga propio este desaf\u00edo y avance hacia una red de monitoreo de alta monta\u00f1a que nos permita mejorar la cuantificaci\u00f3n de los recursos h\u00eddricos, y as\u00ed, avanzar hacia la codiciada gesti\u00f3n integrada de cuencas.<\/p>\n<p>&nbsp;<\/p>\n<p>&nbsp;<\/p>\n","protected":false},"excerpt":{"rendered":"<p>El impacto a largo plazo del cambio clim\u00e1tico en sectores productivos del pa\u00eds como el agr\u00edcola es incierto, y con esto la seguridad de la producci\u00f3n de alimentos del pa\u00eds. <\/p>\n","protected":false},"author":2,"featured_media":19965,"comment_status":"closed","ping_status":"closed","sticky":false,"template":"","format":"standard","meta":{"footnotes":""},"categories":[1945],"tags":[542,6183,6182,6184,2076],"class_list":["post-20065","post","type-post","status-publish","format-standard","has-post-thumbnail","hentry","category-agricultura","tag-cambio-climatico","tag-departamento-de-recursos-hidricos","tag-dr-sebastian-a-krogh","tag-facultad-de-ingenieria-agricola-universidad-de-concepcion","tag-recursos-hidricos"],"yoast_head":"<!-- This site is optimized with the Yoast SEO plugin v26.6 - https:\/\/yoast.com\/wordpress\/plugins\/seo\/ -->\n<title>Monitoreo y gesti\u00f3n de recursos h\u00eddricos en un contexto de cambio clim\u00e1tico - Mundoagropecuario<\/title>\n<meta name=\"description\" content=\"Con una temporada de verano cada vez m\u00e1s extensa y una oferta h\u00eddrica menor, desaf\u00edo para asegurar el abastecimiento h\u00eddrico.\" \/>\n<meta name=\"robots\" content=\"index, follow, max-snippet:-1, max-image-preview:large, max-video-preview:-1\" \/>\n<link rel=\"canonical\" href=\"https:\/\/www.mundoagropecuario.cl\/new\/monitoreo-y-gestion-de-recursos-hidricos-en-un-contexto-de-cambio-climatico\/\" \/>\n<meta property=\"og:locale\" content=\"es_ES\" \/>\n<meta property=\"og:type\" content=\"article\" \/>\n<meta property=\"og:title\" content=\"Monitoreo y gesti\u00f3n de recursos h\u00eddricos en un contexto de cambio clim\u00e1tico - Mundoagropecuario\" \/>\n<meta property=\"og:description\" content=\"Con una temporada de verano cada vez m\u00e1s extensa y una oferta h\u00eddrica menor, desaf\u00edo para asegurar el abastecimiento h\u00eddrico.\" \/>\n<meta property=\"og:url\" content=\"https:\/\/www.mundoagropecuario.cl\/new\/monitoreo-y-gestion-de-recursos-hidricos-en-un-contexto-de-cambio-climatico\/\" \/>\n<meta property=\"og:site_name\" content=\"Mundoagropecuario\" \/>\n<meta property=\"article:publisher\" content=\"https:\/\/www.facebook.com\/mundo.agropecuario.3\" \/>\n<meta property=\"article:published_time\" content=\"2021-08-24T15:05:18+00:00\" \/>\n<meta property=\"article:modified_time\" content=\"2021-08-25T16:09:05+00:00\" \/>\n<meta property=\"og:image\" content=\"https:\/\/www.mundoagropecuario.cl\/new\/wp-content\/uploads\/2021\/08\/cambio-clima\u0301tico.jpg\" \/>\n\t<meta property=\"og:image:width\" content=\"763\" \/>\n\t<meta property=\"og:image:height\" content=\"505\" \/>\n\t<meta property=\"og:image:type\" content=\"image\/jpeg\" \/>\n<meta name=\"author\" content=\"mundo\" \/>\n<meta name=\"twitter:card\" content=\"summary_large_image\" \/>\n<meta name=\"twitter:creator\" content=\"@MundoAgropecuar\" \/>\n<meta name=\"twitter:site\" content=\"@MundoAgropecuar\" \/>\n<meta name=\"twitter:label1\" content=\"Escrito por\" \/>\n\t<meta name=\"twitter:data1\" content=\"mundo\" \/>\n\t<meta name=\"twitter:label2\" content=\"Tiempo de lectura\" \/>\n\t<meta name=\"twitter:data2\" content=\"3 minutos\" \/>\n<script type=\"application\/ld+json\" class=\"yoast-schema-graph\">{\"@context\":\"https:\/\/schema.org\",\"@graph\":[{\"@type\":\"Article\",\"@id\":\"https:\/\/www.mundoagropecuario.cl\/new\/monitoreo-y-gestion-de-recursos-hidricos-en-un-contexto-de-cambio-climatico\/#article\",\"isPartOf\":{\"@id\":\"https:\/\/www.mundoagropecuario.cl\/new\/monitoreo-y-gestion-de-recursos-hidricos-en-un-contexto-de-cambio-climatico\/\"},\"author\":{\"name\":\"mundo\",\"@id\":\"https:\/\/www.mundoagropecuario.cl\/new\/#\/schema\/person\/4e9f74a82a7dac260eb1c44b7eebeb18\"},\"headline\":\"Monitoreo y gesti\u00f3n de recursos h\u00eddricos en un contexto de cambio clim\u00e1tico\",\"datePublished\":\"2021-08-24T15:05:18+00:00\",\"dateModified\":\"2021-08-25T16:09:05+00:00\",\"mainEntityOfPage\":{\"@id\":\"https:\/\/www.mundoagropecuario.cl\/new\/monitoreo-y-gestion-de-recursos-hidricos-en-un-contexto-de-cambio-climatico\/\"},\"wordCount\":529,\"publisher\":{\"@id\":\"https:\/\/www.mundoagropecuario.cl\/new\/#organization\"},\"image\":{\"@id\":\"https:\/\/www.mundoagropecuario.cl\/new\/monitoreo-y-gestion-de-recursos-hidricos-en-un-contexto-de-cambio-climatico\/#primaryimage\"},\"thumbnailUrl\":\"https:\/\/www.mundoagropecuario.cl\/new\/wp-content\/uploads\/2021\/08\/cambio-clima\u0301tico.jpg\",\"keywords\":[\"Cambio clim\u00e1tico\",\"Departamento de Recursos H\u00eddricos\",\"Dr. Sebasti\u00e1n A. Krogh\",\"Facultad de Ingenier\u00eda Agr\u00edcola Universidad de Concepci\u00f3n.\",\"Recursos h\u00eddricos\"],\"articleSection\":[\"Agricultura\"],\"inLanguage\":\"es\"},{\"@type\":\"WebPage\",\"@id\":\"https:\/\/www.mundoagropecuario.cl\/new\/monitoreo-y-gestion-de-recursos-hidricos-en-un-contexto-de-cambio-climatico\/\",\"url\":\"https:\/\/www.mundoagropecuario.cl\/new\/monitoreo-y-gestion-de-recursos-hidricos-en-un-contexto-de-cambio-climatico\/\",\"name\":\"Monitoreo y gesti\u00f3n de recursos h\u00eddricos en un contexto de cambio clim\u00e1tico - Mundoagropecuario\",\"isPartOf\":{\"@id\":\"https:\/\/www.mundoagropecuario.cl\/new\/#website\"},\"primaryImageOfPage\":{\"@id\":\"https:\/\/www.mundoagropecuario.cl\/new\/monitoreo-y-gestion-de-recursos-hidricos-en-un-contexto-de-cambio-climatico\/#primaryimage\"},\"image\":{\"@id\":\"https:\/\/www.mundoagropecuario.cl\/new\/monitoreo-y-gestion-de-recursos-hidricos-en-un-contexto-de-cambio-climatico\/#primaryimage\"},\"thumbnailUrl\":\"https:\/\/www.mundoagropecuario.cl\/new\/wp-content\/uploads\/2021\/08\/cambio-clima\u0301tico.jpg\",\"datePublished\":\"2021-08-24T15:05:18+00:00\",\"dateModified\":\"2021-08-25T16:09:05+00:00\",\"description\":\"Con una temporada de verano cada vez m\u00e1s extensa y una oferta h\u00eddrica menor, desaf\u00edo para asegurar el abastecimiento h\u00eddrico.\",\"breadcrumb\":{\"@id\":\"https:\/\/www.mundoagropecuario.cl\/new\/monitoreo-y-gestion-de-recursos-hidricos-en-un-contexto-de-cambio-climatico\/#breadcrumb\"},\"inLanguage\":\"es\",\"potentialAction\":[{\"@type\":\"ReadAction\",\"target\":[\"https:\/\/www.mundoagropecuario.cl\/new\/monitoreo-y-gestion-de-recursos-hidricos-en-un-contexto-de-cambio-climatico\/\"]}]},{\"@type\":\"ImageObject\",\"inLanguage\":\"es\",\"@id\":\"https:\/\/www.mundoagropecuario.cl\/new\/monitoreo-y-gestion-de-recursos-hidricos-en-un-contexto-de-cambio-climatico\/#primaryimage\",\"url\":\"https:\/\/www.mundoagropecuario.cl\/new\/wp-content\/uploads\/2021\/08\/cambio-clima\u0301tico.jpg\",\"contentUrl\":\"https:\/\/www.mundoagropecuario.cl\/new\/wp-content\/uploads\/2021\/08\/cambio-clima\u0301tico.jpg\",\"width\":763,\"height\":505},{\"@type\":\"BreadcrumbList\",\"@id\":\"https:\/\/www.mundoagropecuario.cl\/new\/monitoreo-y-gestion-de-recursos-hidricos-en-un-contexto-de-cambio-climatico\/#breadcrumb\",\"itemListElement\":[{\"@type\":\"ListItem\",\"position\":1,\"name\":\"Portada\",\"item\":\"https:\/\/www.mundoagropecuario.cl\/new\/\"},{\"@type\":\"ListItem\",\"position\":2,\"name\":\"Monitoreo y gesti\u00f3n de recursos h\u00eddricos en un contexto de cambio clim\u00e1tico\"}]},{\"@type\":\"WebSite\",\"@id\":\"https:\/\/www.mundoagropecuario.cl\/new\/#website\",\"url\":\"https:\/\/www.mundoagropecuario.cl\/new\/\",\"name\":\"Mundoagropecuario\",\"description\":\"Mundo Agropecuario\",\"publisher\":{\"@id\":\"https:\/\/www.mundoagropecuario.cl\/new\/#organization\"},\"potentialAction\":[{\"@type\":\"SearchAction\",\"target\":{\"@type\":\"EntryPoint\",\"urlTemplate\":\"https:\/\/www.mundoagropecuario.cl\/new\/?s={search_term_string}\"},\"query-input\":{\"@type\":\"PropertyValueSpecification\",\"valueRequired\":true,\"valueName\":\"search_term_string\"}}],\"inLanguage\":\"es\"},{\"@type\":\"Organization\",\"@id\":\"https:\/\/www.mundoagropecuario.cl\/new\/#organization\",\"name\":\"Revista de Agricultura\",\"url\":\"https:\/\/www.mundoagropecuario.cl\/new\/\",\"logo\":{\"@type\":\"ImageObject\",\"inLanguage\":\"es\",\"@id\":\"https:\/\/www.mundoagropecuario.cl\/new\/#\/schema\/logo\/image\/\",\"url\":\"https:\/\/www.mundoagropecuario.cl\/new\/wp-content\/uploads\/2020\/11\/PORTAL-1-1.png\",\"contentUrl\":\"https:\/\/www.mundoagropecuario.cl\/new\/wp-content\/uploads\/2020\/11\/PORTAL-1-1.png\",\"width\":1026,\"height\":100,\"caption\":\"Revista de Agricultura\"},\"image\":{\"@id\":\"https:\/\/www.mundoagropecuario.cl\/new\/#\/schema\/logo\/image\/\"},\"sameAs\":[\"https:\/\/www.facebook.com\/mundo.agropecuario.3\",\"https:\/\/x.com\/MundoAgropecuar\",\"https:\/\/www.linkedin.com\/in\/mundo-agropecuario-934009201\/\"]},{\"@type\":\"Person\",\"@id\":\"https:\/\/www.mundoagropecuario.cl\/new\/#\/schema\/person\/4e9f74a82a7dac260eb1c44b7eebeb18\",\"name\":\"mundo\",\"url\":\"https:\/\/www.mundoagropecuario.cl\/new\/author\/mundo\/\"}]}<\/script>\n<!-- \/ Yoast SEO plugin. -->","yoast_head_json":{"title":"Monitoreo y gesti\u00f3n de recursos h\u00eddricos en un contexto de cambio clim\u00e1tico - Mundoagropecuario","description":"Con una temporada de verano cada vez m\u00e1s extensa y una oferta h\u00eddrica menor, desaf\u00edo para asegurar el abastecimiento h\u00eddrico.","robots":{"index":"index","follow":"follow","max-snippet":"max-snippet:-1","max-image-preview":"max-image-preview:large","max-video-preview":"max-video-preview:-1"},"canonical":"https:\/\/www.mundoagropecuario.cl\/new\/monitoreo-y-gestion-de-recursos-hidricos-en-un-contexto-de-cambio-climatico\/","og_locale":"es_ES","og_type":"article","og_title":"Monitoreo y gesti\u00f3n de recursos h\u00eddricos en un contexto de cambio clim\u00e1tico - Mundoagropecuario","og_description":"Con una temporada de verano cada vez m\u00e1s extensa y una oferta h\u00eddrica menor, desaf\u00edo para asegurar el abastecimiento h\u00eddrico.","og_url":"https:\/\/www.mundoagropecuario.cl\/new\/monitoreo-y-gestion-de-recursos-hidricos-en-un-contexto-de-cambio-climatico\/","og_site_name":"Mundoagropecuario","article_publisher":"https:\/\/www.facebook.com\/mundo.agropecuario.3","article_published_time":"2021-08-24T15:05:18+00:00","article_modified_time":"2021-08-25T16:09:05+00:00","og_image":[{"width":763,"height":505,"url":"https:\/\/www.mundoagropecuario.cl\/new\/wp-content\/uploads\/2021\/08\/cambio-clima\u0301tico.jpg","type":"image\/jpeg"}],"author":"mundo","twitter_card":"summary_large_image","twitter_creator":"@MundoAgropecuar","twitter_site":"@MundoAgropecuar","twitter_misc":{"Escrito por":"mundo","Tiempo de lectura":"3 minutos"},"schema":{"@context":"https:\/\/schema.org","@graph":[{"@type":"Article","@id":"https:\/\/www.mundoagropecuario.cl\/new\/monitoreo-y-gestion-de-recursos-hidricos-en-un-contexto-de-cambio-climatico\/#article","isPartOf":{"@id":"https:\/\/www.mundoagropecuario.cl\/new\/monitoreo-y-gestion-de-recursos-hidricos-en-un-contexto-de-cambio-climatico\/"},"author":{"name":"mundo","@id":"https:\/\/www.mundoagropecuario.cl\/new\/#\/schema\/person\/4e9f74a82a7dac260eb1c44b7eebeb18"},"headline":"Monitoreo y gesti\u00f3n de recursos h\u00eddricos en un contexto de cambio clim\u00e1tico","datePublished":"2021-08-24T15:05:18+00:00","dateModified":"2021-08-25T16:09:05+00:00","mainEntityOfPage":{"@id":"https:\/\/www.mundoagropecuario.cl\/new\/monitoreo-y-gestion-de-recursos-hidricos-en-un-contexto-de-cambio-climatico\/"},"wordCount":529,"publisher":{"@id":"https:\/\/www.mundoagropecuario.cl\/new\/#organization"},"image":{"@id":"https:\/\/www.mundoagropecuario.cl\/new\/monitoreo-y-gestion-de-recursos-hidricos-en-un-contexto-de-cambio-climatico\/#primaryimage"},"thumbnailUrl":"https:\/\/www.mundoagropecuario.cl\/new\/wp-content\/uploads\/2021\/08\/cambio-clima\u0301tico.jpg","keywords":["Cambio clim\u00e1tico","Departamento de Recursos H\u00eddricos","Dr. Sebasti\u00e1n A. Krogh","Facultad de Ingenier\u00eda Agr\u00edcola Universidad de Concepci\u00f3n.","Recursos h\u00eddricos"],"articleSection":["Agricultura"],"inLanguage":"es"},{"@type":"WebPage","@id":"https:\/\/www.mundoagropecuario.cl\/new\/monitoreo-y-gestion-de-recursos-hidricos-en-un-contexto-de-cambio-climatico\/","url":"https:\/\/www.mundoagropecuario.cl\/new\/monitoreo-y-gestion-de-recursos-hidricos-en-un-contexto-de-cambio-climatico\/","name":"Monitoreo y gesti\u00f3n de recursos h\u00eddricos en un contexto de cambio clim\u00e1tico - Mundoagropecuario","isPartOf":{"@id":"https:\/\/www.mundoagropecuario.cl\/new\/#website"},"primaryImageOfPage":{"@id":"https:\/\/www.mundoagropecuario.cl\/new\/monitoreo-y-gestion-de-recursos-hidricos-en-un-contexto-de-cambio-climatico\/#primaryimage"},"image":{"@id":"https:\/\/www.mundoagropecuario.cl\/new\/monitoreo-y-gestion-de-recursos-hidricos-en-un-contexto-de-cambio-climatico\/#primaryimage"},"thumbnailUrl":"https:\/\/www.mundoagropecuario.cl\/new\/wp-content\/uploads\/2021\/08\/cambio-clima\u0301tico.jpg","datePublished":"2021-08-24T15:05:18+00:00","dateModified":"2021-08-25T16:09:05+00:00","description":"Con una temporada de verano cada vez m\u00e1s extensa y una oferta h\u00eddrica menor, desaf\u00edo para asegurar el abastecimiento h\u00eddrico.","breadcrumb":{"@id":"https:\/\/www.mundoagropecuario.cl\/new\/monitoreo-y-gestion-de-recursos-hidricos-en-un-contexto-de-cambio-climatico\/#breadcrumb"},"inLanguage":"es","potentialAction":[{"@type":"ReadAction","target":["https:\/\/www.mundoagropecuario.cl\/new\/monitoreo-y-gestion-de-recursos-hidricos-en-un-contexto-de-cambio-climatico\/"]}]},{"@type":"ImageObject","inLanguage":"es","@id":"https:\/\/www.mundoagropecuario.cl\/new\/monitoreo-y-gestion-de-recursos-hidricos-en-un-contexto-de-cambio-climatico\/#primaryimage","url":"https:\/\/www.mundoagropecuario.cl\/new\/wp-content\/uploads\/2021\/08\/cambio-clima\u0301tico.jpg","contentUrl":"https:\/\/www.mundoagropecuario.cl\/new\/wp-content\/uploads\/2021\/08\/cambio-clima\u0301tico.jpg","width":763,"height":505},{"@type":"BreadcrumbList","@id":"https:\/\/www.mundoagropecuario.cl\/new\/monitoreo-y-gestion-de-recursos-hidricos-en-un-contexto-de-cambio-climatico\/#breadcrumb","itemListElement":[{"@type":"ListItem","position":1,"name":"Portada","item":"https:\/\/www.mundoagropecuario.cl\/new\/"},{"@type":"ListItem","position":2,"name":"Monitoreo y gesti\u00f3n de recursos h\u00eddricos en un contexto de cambio clim\u00e1tico"}]},{"@type":"WebSite","@id":"https:\/\/www.mundoagropecuario.cl\/new\/#website","url":"https:\/\/www.mundoagropecuario.cl\/new\/","name":"Mundoagropecuario","description":"Mundo Agropecuario","publisher":{"@id":"https:\/\/www.mundoagropecuario.cl\/new\/#organization"},"potentialAction":[{"@type":"SearchAction","target":{"@type":"EntryPoint","urlTemplate":"https:\/\/www.mundoagropecuario.cl\/new\/?s={search_term_string}"},"query-input":{"@type":"PropertyValueSpecification","valueRequired":true,"valueName":"search_term_string"}}],"inLanguage":"es"},{"@type":"Organization","@id":"https:\/\/www.mundoagropecuario.cl\/new\/#organization","name":"Revista de Agricultura","url":"https:\/\/www.mundoagropecuario.cl\/new\/","logo":{"@type":"ImageObject","inLanguage":"es","@id":"https:\/\/www.mundoagropecuario.cl\/new\/#\/schema\/logo\/image\/","url":"https:\/\/www.mundoagropecuario.cl\/new\/wp-content\/uploads\/2020\/11\/PORTAL-1-1.png","contentUrl":"https:\/\/www.mundoagropecuario.cl\/new\/wp-content\/uploads\/2020\/11\/PORTAL-1-1.png","width":1026,"height":100,"caption":"Revista de Agricultura"},"image":{"@id":"https:\/\/www.mundoagropecuario.cl\/new\/#\/schema\/logo\/image\/"},"sameAs":["https:\/\/www.facebook.com\/mundo.agropecuario.3","https:\/\/x.com\/MundoAgropecuar","https:\/\/www.linkedin.com\/in\/mundo-agropecuario-934009201\/"]},{"@type":"Person","@id":"https:\/\/www.mundoagropecuario.cl\/new\/#\/schema\/person\/4e9f74a82a7dac260eb1c44b7eebeb18","name":"mundo","url":"https:\/\/www.mundoagropecuario.cl\/new\/author\/mundo\/"}]}},"_links":{"self":[{"href":"https:\/\/www.mundoagropecuario.cl\/new\/wp-json\/wp\/v2\/posts\/20065","targetHints":{"allow":["GET"]}}],"collection":[{"href":"https:\/\/www.mundoagropecuario.cl\/new\/wp-json\/wp\/v2\/posts"}],"about":[{"href":"https:\/\/www.mundoagropecuario.cl\/new\/wp-json\/wp\/v2\/types\/post"}],"author":[{"embeddable":true,"href":"https:\/\/www.mundoagropecuario.cl\/new\/wp-json\/wp\/v2\/users\/2"}],"replies":[{"embeddable":true,"href":"https:\/\/www.mundoagropecuario.cl\/new\/wp-json\/wp\/v2\/comments?post=20065"}],"version-history":[{"count":1,"href":"https:\/\/www.mundoagropecuario.cl\/new\/wp-json\/wp\/v2\/posts\/20065\/revisions"}],"predecessor-version":[{"id":20067,"href":"https:\/\/www.mundoagropecuario.cl\/new\/wp-json\/wp\/v2\/posts\/20065\/revisions\/20067"}],"wp:featuredmedia":[{"embeddable":true,"href":"https:\/\/www.mundoagropecuario.cl\/new\/wp-json\/wp\/v2\/media\/19965"}],"wp:attachment":[{"href":"https:\/\/www.mundoagropecuario.cl\/new\/wp-json\/wp\/v2\/media?parent=20065"}],"wp:term":[{"taxonomy":"category","embeddable":true,"href":"https:\/\/www.mundoagropecuario.cl\/new\/wp-json\/wp\/v2\/categories?post=20065"},{"taxonomy":"post_tag","embeddable":true,"href":"https:\/\/www.mundoagropecuario.cl\/new\/wp-json\/wp\/v2\/tags?post=20065"}],"curies":[{"name":"wp","href":"https:\/\/api.w.org\/{rel}","templated":true}]}}