{"id":20052,"date":"2021-08-23T11:39:29","date_gmt":"2021-08-23T14:39:29","guid":{"rendered":"https:\/\/www.mundoagropecuario.cl\/new\/?p=20052"},"modified":"2021-08-25T11:47:06","modified_gmt":"2021-08-25T14:47:06","slug":"fedefruta-por-las-lluvias-en-el-tema-hidrico-no-hemos-hecho-nada-estrategico-de-largo-plazo-como-pais","status":"publish","type":"post","link":"https:\/\/www.mundoagropecuario.cl\/new\/fedefruta-por-las-lluvias-en-el-tema-hidrico-no-hemos-hecho-nada-estrategico-de-largo-plazo-como-pais\/","title":{"rendered":"Fedefruta por las lluvias: \u201cEn el tema h\u00eddrico, no hemos hecho nada estrat\u00e9gico de largo plazo como pa\u00eds\u201d"},"content":{"rendered":"<blockquote>\n<h2><span style=\"color: #003300;\">\u201cEl sistema frontal de la semana pasada, que de hecho fue mucho menor a lo esperado en algunas zonas agr\u00edcolas, apenas baj\u00f3 el d\u00e9ficit de lluvias que nos tiene en el a\u00f1o m\u00e1s duro que hayamos vivido, por lejos\u201d, comenta el presidente de Fedefruta, Jorge Valenzuela.<\/span><\/h2>\n<\/blockquote>\n<p>El dirigente frut\u00edcola insisti\u00f3 que en Chile existe un problema estructural que profundiza los efectos de la crisis h\u00eddrica, por una falta de pol\u00edticas e inversi\u00f3n para garantizar el consumo humano del agua, y tambi\u00e9n la seguridad alimentaria.<\/p>\n<p>\u201cEn el tema h\u00eddrico, no hemos hecho nada estrat\u00e9gico de largo plazo como pa\u00eds, y tenemos todo por hacer en t\u00e9rminos de pol\u00edticas e inversi\u00f3n p\u00fablica sostenible para asegurar el agua&#8221;, remarc\u00f3 Valenzuela. &#8220;Si durante estos a\u00f1os hubi\u00e9semos construido embalses por cuenca de tama\u00f1o mediano, esta lluvia habr\u00eda sido un regalo de proporciones para el sector agr\u00edcola, si hubi\u00e9semos tenido la direcci\u00f3n adecuada en un contexto tan duro como el cambio clim\u00e1tico y la sequ\u00eda&#8221;.<\/p>\n<p><a href=\"https:\/\/www.mundoagropecuario.cl\/new\/wp-content\/uploads\/2021\/06\/sequia-1-scaled.jpeg\"><img loading=\"lazy\" decoding=\"async\" class=\" wp-image-19392 alignright\" src=\"https:\/\/www.mundoagropecuario.cl\/new\/wp-content\/uploads\/2021\/06\/sequia-1-586x390.jpeg\" alt=\"\" width=\"490\" height=\"326\" srcset=\"https:\/\/www.mundoagropecuario.cl\/new\/wp-content\/uploads\/2021\/06\/sequia-1-586x390.jpeg 586w, https:\/\/www.mundoagropecuario.cl\/new\/wp-content\/uploads\/2021\/06\/sequia-1-1024x681.jpeg 1024w, https:\/\/www.mundoagropecuario.cl\/new\/wp-content\/uploads\/2021\/06\/sequia-1-768x511.jpeg 768w, https:\/\/www.mundoagropecuario.cl\/new\/wp-content\/uploads\/2021\/06\/sequia-1-scaled.jpeg 601w\" sizes=\"auto, (max-width: 490px) 100vw, 490px\" \/><\/a>Seg\u00fan el presidente de Fedefruta, las lluvias de esta semana no habr\u00edan sido noticia hace 20 a\u00f1os, y &#8220;es un ejemplo de c\u00f3mo se est\u00e1 comportando el clima. Si no hacemos algo ya, el pr\u00f3ximo a\u00f1o seguramente pasar\u00e1n fen\u00f3menos semejantes y estaremos hablando lo mismo&#8221;.<\/p>\n<p>En ese sentido, Valenzuela record\u00f3 que Chile en el pasado dise\u00f1\u00f3 estrategias energ\u00e9ticas y viales para resolver sus desaf\u00edos, y que es hora de hacer lo mismo con la crisis h\u00eddrica. \u201cDesde ya pedimos al MOP, Ministerio de Agricultura, Ministerio de Miner\u00eda o Energ\u00eda, que le den prioridad n\u00famero uno a esto de forma coordinada, como tambi\u00e9n, que escuchen las soluciones que est\u00e1n proponiendo los expertos, acad\u00e9micos, emprendedores, innovadores y fundaciones que llevan a\u00f1os estudiando y proponiendo soluciones\u201d.<\/p>\n<p>Esta tarde, el presidente de Fedefruta se reunir\u00e1 con productores de uva de mesa del norte y centro-norte del pa\u00eds, y otras asociaciones, junto con la ministra de Agricultura Mar\u00eda Emilia Undurraga, para analizar \u00e9ste y otros temas. \u201cRequerimos obras concretas, con presupuestos, plazos y f\u00f3rmulas para implementar ahora\u201d, concluy\u00f3 el l\u00edder gremial de la fruta. \u201cComo gremio seguimos esperando la propuesta del ejecutivo de largo plazo para el problema. Por la gravedad de esta crisis, proponemos un grupo de trabajo con la participaci\u00f3n de todos los actores en la elaboraci\u00f3n de un plan de aqu\u00ed a 30 d\u00edas, para socializarse a nivel nacional\u201d.<\/p>\n","protected":false},"excerpt":{"rendered":"<p>El dirigente frut\u00edcola insisti\u00f3 que en Chile existe un problema estructural que profundiza los efectos de la crisis h\u00eddrica, por una falta de pol\u00edticas e inversi\u00f3n para garantizar el consumo humano del agua, y tambi\u00e9n la seguridad alimentaria.\u00a0<\/p>\n","protected":false},"author":2,"featured_media":13408,"comment_status":"closed","ping_status":"closed","sticky":false,"template":"","format":"standard","meta":{"footnotes":""},"categories":[1945],"tags":[],"class_list":["post-20052","post","type-post","status-publish","format-standard","has-post-thumbnail","hentry","category-agricultura"],"yoast_head":"<!-- This site is optimized with the Yoast SEO plugin v26.6 - https:\/\/yoast.com\/wordpress\/plugins\/seo\/ -->\n<title>Fedefruta por las lluvias: \u201cEn el tema h\u00eddrico, no hemos hecho nada estrat\u00e9gico de largo plazo como pa\u00eds\u201d - Mundoagropecuario<\/title>\n<meta name=\"description\" content=\"El dirigente frut\u00edcola insisti\u00f3 que en Chile existe un problema estructural que profundiza los efectos de la crisis h\u00eddrica.\" \/>\n<meta name=\"robots\" content=\"index, follow, max-snippet:-1, max-image-preview:large, max-video-preview:-1\" \/>\n<link rel=\"canonical\" href=\"https:\/\/www.mundoagropecuario.cl\/new\/fedefruta-por-las-lluvias-en-el-tema-hidrico-no-hemos-hecho-nada-estrategico-de-largo-plazo-como-pais\/\" \/>\n<meta property=\"og:locale\" content=\"es_ES\" \/>\n<meta property=\"og:type\" content=\"article\" \/>\n<meta property=\"og:title\" content=\"Fedefruta por las lluvias: \u201cEn el tema h\u00eddrico, no hemos hecho nada estrat\u00e9gico de largo plazo como pa\u00eds\u201d - Mundoagropecuario\" \/>\n<meta property=\"og:description\" content=\"El dirigente frut\u00edcola insisti\u00f3 que en Chile existe un problema estructural que profundiza los efectos de la crisis h\u00eddrica.\" \/>\n<meta property=\"og:url\" content=\"https:\/\/www.mundoagropecuario.cl\/new\/fedefruta-por-las-lluvias-en-el-tema-hidrico-no-hemos-hecho-nada-estrategico-de-largo-plazo-como-pais\/\" \/>\n<meta property=\"og:site_name\" content=\"Mundoagropecuario\" \/>\n<meta property=\"article:publisher\" content=\"https:\/\/www.facebook.com\/mundo.agropecuario.3\" \/>\n<meta property=\"article:published_time\" content=\"2021-08-23T14:39:29+00:00\" \/>\n<meta property=\"article:modified_time\" content=\"2021-08-25T14:47:06+00:00\" \/>\n<meta property=\"og:image\" content=\"https:\/\/www.mundoagropecuario.cl\/new\/wp-content\/uploads\/2019\/08\/sequia.jpg\" \/>\n\t<meta property=\"og:image:width\" content=\"1024\" \/>\n\t<meta property=\"og:image:height\" content=\"683\" \/>\n\t<meta property=\"og:image:type\" content=\"image\/jpeg\" \/>\n<meta name=\"author\" content=\"mundo\" \/>\n<meta name=\"twitter:card\" content=\"summary_large_image\" \/>\n<meta name=\"twitter:creator\" content=\"@MundoAgropecuar\" \/>\n<meta name=\"twitter:site\" content=\"@MundoAgropecuar\" \/>\n<meta name=\"twitter:label1\" content=\"Escrito por\" \/>\n\t<meta name=\"twitter:data1\" content=\"mundo\" \/>\n\t<meta name=\"twitter:label2\" content=\"Tiempo de lectura\" \/>\n\t<meta name=\"twitter:data2\" content=\"2 minutos\" \/>\n<script type=\"application\/ld+json\" class=\"yoast-schema-graph\">{\"@context\":\"https:\/\/schema.org\",\"@graph\":[{\"@type\":\"Article\",\"@id\":\"https:\/\/www.mundoagropecuario.cl\/new\/fedefruta-por-las-lluvias-en-el-tema-hidrico-no-hemos-hecho-nada-estrategico-de-largo-plazo-como-pais\/#article\",\"isPartOf\":{\"@id\":\"https:\/\/www.mundoagropecuario.cl\/new\/fedefruta-por-las-lluvias-en-el-tema-hidrico-no-hemos-hecho-nada-estrategico-de-largo-plazo-como-pais\/\"},\"author\":{\"name\":\"mundo\",\"@id\":\"https:\/\/www.mundoagropecuario.cl\/new\/#\/schema\/person\/4e9f74a82a7dac260eb1c44b7eebeb18\"},\"headline\":\"Fedefruta por las lluvias: \u201cEn el tema h\u00eddrico, no hemos hecho nada estrat\u00e9gico de largo plazo como pa\u00eds\u201d\",\"datePublished\":\"2021-08-23T14:39:29+00:00\",\"dateModified\":\"2021-08-25T14:47:06+00:00\",\"mainEntityOfPage\":{\"@id\":\"https:\/\/www.mundoagropecuario.cl\/new\/fedefruta-por-las-lluvias-en-el-tema-hidrico-no-hemos-hecho-nada-estrategico-de-largo-plazo-como-pais\/\"},\"wordCount\":455,\"publisher\":{\"@id\":\"https:\/\/www.mundoagropecuario.cl\/new\/#organization\"},\"image\":{\"@id\":\"https:\/\/www.mundoagropecuario.cl\/new\/fedefruta-por-las-lluvias-en-el-tema-hidrico-no-hemos-hecho-nada-estrategico-de-largo-plazo-como-pais\/#primaryimage\"},\"thumbnailUrl\":\"https:\/\/www.mundoagropecuario.cl\/new\/wp-content\/uploads\/2019\/08\/sequia.jpg\",\"articleSection\":[\"Agricultura\"],\"inLanguage\":\"es\"},{\"@type\":\"WebPage\",\"@id\":\"https:\/\/www.mundoagropecuario.cl\/new\/fedefruta-por-las-lluvias-en-el-tema-hidrico-no-hemos-hecho-nada-estrategico-de-largo-plazo-como-pais\/\",\"url\":\"https:\/\/www.mundoagropecuario.cl\/new\/fedefruta-por-las-lluvias-en-el-tema-hidrico-no-hemos-hecho-nada-estrategico-de-largo-plazo-como-pais\/\",\"name\":\"Fedefruta por las lluvias: \u201cEn el tema h\u00eddrico, no hemos hecho nada estrat\u00e9gico de largo plazo como pa\u00eds\u201d - Mundoagropecuario\",\"isPartOf\":{\"@id\":\"https:\/\/www.mundoagropecuario.cl\/new\/#website\"},\"primaryImageOfPage\":{\"@id\":\"https:\/\/www.mundoagropecuario.cl\/new\/fedefruta-por-las-lluvias-en-el-tema-hidrico-no-hemos-hecho-nada-estrategico-de-largo-plazo-como-pais\/#primaryimage\"},\"image\":{\"@id\":\"https:\/\/www.mundoagropecuario.cl\/new\/fedefruta-por-las-lluvias-en-el-tema-hidrico-no-hemos-hecho-nada-estrategico-de-largo-plazo-como-pais\/#primaryimage\"},\"thumbnailUrl\":\"https:\/\/www.mundoagropecuario.cl\/new\/wp-content\/uploads\/2019\/08\/sequia.jpg\",\"datePublished\":\"2021-08-23T14:39:29+00:00\",\"dateModified\":\"2021-08-25T14:47:06+00:00\",\"description\":\"El dirigente frut\u00edcola insisti\u00f3 que en Chile existe un problema estructural que profundiza los efectos de la crisis h\u00eddrica.\",\"breadcrumb\":{\"@id\":\"https:\/\/www.mundoagropecuario.cl\/new\/fedefruta-por-las-lluvias-en-el-tema-hidrico-no-hemos-hecho-nada-estrategico-de-largo-plazo-como-pais\/#breadcrumb\"},\"inLanguage\":\"es\",\"potentialAction\":[{\"@type\":\"ReadAction\",\"target\":[\"https:\/\/www.mundoagropecuario.cl\/new\/fedefruta-por-las-lluvias-en-el-tema-hidrico-no-hemos-hecho-nada-estrategico-de-largo-plazo-como-pais\/\"]}]},{\"@type\":\"ImageObject\",\"inLanguage\":\"es\",\"@id\":\"https:\/\/www.mundoagropecuario.cl\/new\/fedefruta-por-las-lluvias-en-el-tema-hidrico-no-hemos-hecho-nada-estrategico-de-largo-plazo-como-pais\/#primaryimage\",\"url\":\"https:\/\/www.mundoagropecuario.cl\/new\/wp-content\/uploads\/2019\/08\/sequia.jpg\",\"contentUrl\":\"https:\/\/www.mundoagropecuario.cl\/new\/wp-content\/uploads\/2019\/08\/sequia.jpg\",\"width\":600,\"height\":400},{\"@type\":\"BreadcrumbList\",\"@id\":\"https:\/\/www.mundoagropecuario.cl\/new\/fedefruta-por-las-lluvias-en-el-tema-hidrico-no-hemos-hecho-nada-estrategico-de-largo-plazo-como-pais\/#breadcrumb\",\"itemListElement\":[{\"@type\":\"ListItem\",\"position\":1,\"name\":\"Portada\",\"item\":\"https:\/\/www.mundoagropecuario.cl\/new\/\"},{\"@type\":\"ListItem\",\"position\":2,\"name\":\"Fedefruta por las lluvias: \u201cEn el tema h\u00eddrico, no hemos hecho nada estrat\u00e9gico de largo plazo como pa\u00eds\u201d\"}]},{\"@type\":\"WebSite\",\"@id\":\"https:\/\/www.mundoagropecuario.cl\/new\/#website\",\"url\":\"https:\/\/www.mundoagropecuario.cl\/new\/\",\"name\":\"Mundoagropecuario\",\"description\":\"Mundo Agropecuario\",\"publisher\":{\"@id\":\"https:\/\/www.mundoagropecuario.cl\/new\/#organization\"},\"potentialAction\":[{\"@type\":\"SearchAction\",\"target\":{\"@type\":\"EntryPoint\",\"urlTemplate\":\"https:\/\/www.mundoagropecuario.cl\/new\/?s={search_term_string}\"},\"query-input\":{\"@type\":\"PropertyValueSpecification\",\"valueRequired\":true,\"valueName\":\"search_term_string\"}}],\"inLanguage\":\"es\"},{\"@type\":\"Organization\",\"@id\":\"https:\/\/www.mundoagropecuario.cl\/new\/#organization\",\"name\":\"Revista de Agricultura\",\"url\":\"https:\/\/www.mundoagropecuario.cl\/new\/\",\"logo\":{\"@type\":\"ImageObject\",\"inLanguage\":\"es\",\"@id\":\"https:\/\/www.mundoagropecuario.cl\/new\/#\/schema\/logo\/image\/\",\"url\":\"https:\/\/www.mundoagropecuario.cl\/new\/wp-content\/uploads\/2020\/11\/PORTAL-1-1.png\",\"contentUrl\":\"https:\/\/www.mundoagropecuario.cl\/new\/wp-content\/uploads\/2020\/11\/PORTAL-1-1.png\",\"width\":1026,\"height\":100,\"caption\":\"Revista de Agricultura\"},\"image\":{\"@id\":\"https:\/\/www.mundoagropecuario.cl\/new\/#\/schema\/logo\/image\/\"},\"sameAs\":[\"https:\/\/www.facebook.com\/mundo.agropecuario.3\",\"https:\/\/x.com\/MundoAgropecuar\",\"https:\/\/www.linkedin.com\/in\/mundo-agropecuario-934009201\/\"]},{\"@type\":\"Person\",\"@id\":\"https:\/\/www.mundoagropecuario.cl\/new\/#\/schema\/person\/4e9f74a82a7dac260eb1c44b7eebeb18\",\"name\":\"mundo\",\"url\":\"https:\/\/www.mundoagropecuario.cl\/new\/author\/mundo\/\"}]}<\/script>\n<!-- \/ Yoast SEO plugin. -->","yoast_head_json":{"title":"Fedefruta por las lluvias: \u201cEn el tema h\u00eddrico, no hemos hecho nada estrat\u00e9gico de largo plazo como pa\u00eds\u201d - Mundoagropecuario","description":"El dirigente frut\u00edcola insisti\u00f3 que en Chile existe un problema estructural que profundiza los efectos de la crisis h\u00eddrica.","robots":{"index":"index","follow":"follow","max-snippet":"max-snippet:-1","max-image-preview":"max-image-preview:large","max-video-preview":"max-video-preview:-1"},"canonical":"https:\/\/www.mundoagropecuario.cl\/new\/fedefruta-por-las-lluvias-en-el-tema-hidrico-no-hemos-hecho-nada-estrategico-de-largo-plazo-como-pais\/","og_locale":"es_ES","og_type":"article","og_title":"Fedefruta por las lluvias: \u201cEn el tema h\u00eddrico, no hemos hecho nada estrat\u00e9gico de largo plazo como pa\u00eds\u201d - Mundoagropecuario","og_description":"El dirigente frut\u00edcola insisti\u00f3 que en Chile existe un problema estructural que profundiza los efectos de la crisis h\u00eddrica.","og_url":"https:\/\/www.mundoagropecuario.cl\/new\/fedefruta-por-las-lluvias-en-el-tema-hidrico-no-hemos-hecho-nada-estrategico-de-largo-plazo-como-pais\/","og_site_name":"Mundoagropecuario","article_publisher":"https:\/\/www.facebook.com\/mundo.agropecuario.3","article_published_time":"2021-08-23T14:39:29+00:00","article_modified_time":"2021-08-25T14:47:06+00:00","og_image":[{"width":1024,"height":683,"url":"https:\/\/www.mundoagropecuario.cl\/new\/wp-content\/uploads\/2019\/08\/sequia.jpg","type":"image\/jpeg"}],"author":"mundo","twitter_card":"summary_large_image","twitter_creator":"@MundoAgropecuar","twitter_site":"@MundoAgropecuar","twitter_misc":{"Escrito por":"mundo","Tiempo de lectura":"2 minutos"},"schema":{"@context":"https:\/\/schema.org","@graph":[{"@type":"Article","@id":"https:\/\/www.mundoagropecuario.cl\/new\/fedefruta-por-las-lluvias-en-el-tema-hidrico-no-hemos-hecho-nada-estrategico-de-largo-plazo-como-pais\/#article","isPartOf":{"@id":"https:\/\/www.mundoagropecuario.cl\/new\/fedefruta-por-las-lluvias-en-el-tema-hidrico-no-hemos-hecho-nada-estrategico-de-largo-plazo-como-pais\/"},"author":{"name":"mundo","@id":"https:\/\/www.mundoagropecuario.cl\/new\/#\/schema\/person\/4e9f74a82a7dac260eb1c44b7eebeb18"},"headline":"Fedefruta por las lluvias: \u201cEn el tema h\u00eddrico, no hemos hecho nada estrat\u00e9gico de largo plazo como pa\u00eds\u201d","datePublished":"2021-08-23T14:39:29+00:00","dateModified":"2021-08-25T14:47:06+00:00","mainEntityOfPage":{"@id":"https:\/\/www.mundoagropecuario.cl\/new\/fedefruta-por-las-lluvias-en-el-tema-hidrico-no-hemos-hecho-nada-estrategico-de-largo-plazo-como-pais\/"},"wordCount":455,"publisher":{"@id":"https:\/\/www.mundoagropecuario.cl\/new\/#organization"},"image":{"@id":"https:\/\/www.mundoagropecuario.cl\/new\/fedefruta-por-las-lluvias-en-el-tema-hidrico-no-hemos-hecho-nada-estrategico-de-largo-plazo-como-pais\/#primaryimage"},"thumbnailUrl":"https:\/\/www.mundoagropecuario.cl\/new\/wp-content\/uploads\/2019\/08\/sequia.jpg","articleSection":["Agricultura"],"inLanguage":"es"},{"@type":"WebPage","@id":"https:\/\/www.mundoagropecuario.cl\/new\/fedefruta-por-las-lluvias-en-el-tema-hidrico-no-hemos-hecho-nada-estrategico-de-largo-plazo-como-pais\/","url":"https:\/\/www.mundoagropecuario.cl\/new\/fedefruta-por-las-lluvias-en-el-tema-hidrico-no-hemos-hecho-nada-estrategico-de-largo-plazo-como-pais\/","name":"Fedefruta por las lluvias: \u201cEn el tema h\u00eddrico, no hemos hecho nada estrat\u00e9gico de largo plazo como pa\u00eds\u201d - Mundoagropecuario","isPartOf":{"@id":"https:\/\/www.mundoagropecuario.cl\/new\/#website"},"primaryImageOfPage":{"@id":"https:\/\/www.mundoagropecuario.cl\/new\/fedefruta-por-las-lluvias-en-el-tema-hidrico-no-hemos-hecho-nada-estrategico-de-largo-plazo-como-pais\/#primaryimage"},"image":{"@id":"https:\/\/www.mundoagropecuario.cl\/new\/fedefruta-por-las-lluvias-en-el-tema-hidrico-no-hemos-hecho-nada-estrategico-de-largo-plazo-como-pais\/#primaryimage"},"thumbnailUrl":"https:\/\/www.mundoagropecuario.cl\/new\/wp-content\/uploads\/2019\/08\/sequia.jpg","datePublished":"2021-08-23T14:39:29+00:00","dateModified":"2021-08-25T14:47:06+00:00","description":"El dirigente frut\u00edcola insisti\u00f3 que en Chile existe un problema estructural que profundiza los efectos de la crisis h\u00eddrica.","breadcrumb":{"@id":"https:\/\/www.mundoagropecuario.cl\/new\/fedefruta-por-las-lluvias-en-el-tema-hidrico-no-hemos-hecho-nada-estrategico-de-largo-plazo-como-pais\/#breadcrumb"},"inLanguage":"es","potentialAction":[{"@type":"ReadAction","target":["https:\/\/www.mundoagropecuario.cl\/new\/fedefruta-por-las-lluvias-en-el-tema-hidrico-no-hemos-hecho-nada-estrategico-de-largo-plazo-como-pais\/"]}]},{"@type":"ImageObject","inLanguage":"es","@id":"https:\/\/www.mundoagropecuario.cl\/new\/fedefruta-por-las-lluvias-en-el-tema-hidrico-no-hemos-hecho-nada-estrategico-de-largo-plazo-como-pais\/#primaryimage","url":"https:\/\/www.mundoagropecuario.cl\/new\/wp-content\/uploads\/2019\/08\/sequia.jpg","contentUrl":"https:\/\/www.mundoagropecuario.cl\/new\/wp-content\/uploads\/2019\/08\/sequia.jpg","width":600,"height":400},{"@type":"BreadcrumbList","@id":"https:\/\/www.mundoagropecuario.cl\/new\/fedefruta-por-las-lluvias-en-el-tema-hidrico-no-hemos-hecho-nada-estrategico-de-largo-plazo-como-pais\/#breadcrumb","itemListElement":[{"@type":"ListItem","position":1,"name":"Portada","item":"https:\/\/www.mundoagropecuario.cl\/new\/"},{"@type":"ListItem","position":2,"name":"Fedefruta por las lluvias: \u201cEn el tema h\u00eddrico, no hemos hecho nada estrat\u00e9gico de largo plazo como pa\u00eds\u201d"}]},{"@type":"WebSite","@id":"https:\/\/www.mundoagropecuario.cl\/new\/#website","url":"https:\/\/www.mundoagropecuario.cl\/new\/","name":"Mundoagropecuario","description":"Mundo Agropecuario","publisher":{"@id":"https:\/\/www.mundoagropecuario.cl\/new\/#organization"},"potentialAction":[{"@type":"SearchAction","target":{"@type":"EntryPoint","urlTemplate":"https:\/\/www.mundoagropecuario.cl\/new\/?s={search_term_string}"},"query-input":{"@type":"PropertyValueSpecification","valueRequired":true,"valueName":"search_term_string"}}],"inLanguage":"es"},{"@type":"Organization","@id":"https:\/\/www.mundoagropecuario.cl\/new\/#organization","name":"Revista de Agricultura","url":"https:\/\/www.mundoagropecuario.cl\/new\/","logo":{"@type":"ImageObject","inLanguage":"es","@id":"https:\/\/www.mundoagropecuario.cl\/new\/#\/schema\/logo\/image\/","url":"https:\/\/www.mundoagropecuario.cl\/new\/wp-content\/uploads\/2020\/11\/PORTAL-1-1.png","contentUrl":"https:\/\/www.mundoagropecuario.cl\/new\/wp-content\/uploads\/2020\/11\/PORTAL-1-1.png","width":1026,"height":100,"caption":"Revista de Agricultura"},"image":{"@id":"https:\/\/www.mundoagropecuario.cl\/new\/#\/schema\/logo\/image\/"},"sameAs":["https:\/\/www.facebook.com\/mundo.agropecuario.3","https:\/\/x.com\/MundoAgropecuar","https:\/\/www.linkedin.com\/in\/mundo-agropecuario-934009201\/"]},{"@type":"Person","@id":"https:\/\/www.mundoagropecuario.cl\/new\/#\/schema\/person\/4e9f74a82a7dac260eb1c44b7eebeb18","name":"mundo","url":"https:\/\/www.mundoagropecuario.cl\/new\/author\/mundo\/"}]}},"_links":{"self":[{"href":"https:\/\/www.mundoagropecuario.cl\/new\/wp-json\/wp\/v2\/posts\/20052","targetHints":{"allow":["GET"]}}],"collection":[{"href":"https:\/\/www.mundoagropecuario.cl\/new\/wp-json\/wp\/v2\/posts"}],"about":[{"href":"https:\/\/www.mundoagropecuario.cl\/new\/wp-json\/wp\/v2\/types\/post"}],"author":[{"embeddable":true,"href":"https:\/\/www.mundoagropecuario.cl\/new\/wp-json\/wp\/v2\/users\/2"}],"replies":[{"embeddable":true,"href":"https:\/\/www.mundoagropecuario.cl\/new\/wp-json\/wp\/v2\/comments?post=20052"}],"version-history":[{"count":1,"href":"https:\/\/www.mundoagropecuario.cl\/new\/wp-json\/wp\/v2\/posts\/20052\/revisions"}],"predecessor-version":[{"id":20053,"href":"https:\/\/www.mundoagropecuario.cl\/new\/wp-json\/wp\/v2\/posts\/20052\/revisions\/20053"}],"wp:featuredmedia":[{"embeddable":true,"href":"https:\/\/www.mundoagropecuario.cl\/new\/wp-json\/wp\/v2\/media\/13408"}],"wp:attachment":[{"href":"https:\/\/www.mundoagropecuario.cl\/new\/wp-json\/wp\/v2\/media?parent=20052"}],"wp:term":[{"taxonomy":"category","embeddable":true,"href":"https:\/\/www.mundoagropecuario.cl\/new\/wp-json\/wp\/v2\/categories?post=20052"},{"taxonomy":"post_tag","embeddable":true,"href":"https:\/\/www.mundoagropecuario.cl\/new\/wp-json\/wp\/v2\/tags?post=20052"}],"curies":[{"name":"wp","href":"https:\/\/api.w.org\/{rel}","templated":true}]}}